{"id":76856,"date":"2025-02-01T06:39:00","date_gmt":"2025-02-01T06:39:00","guid":{"rendered":"http:\/\/e-ciftlik.com\/haberler\/tarim\/malatyada-deprem-yetistiriciler-destek-bekliyor\/"},"modified":"2025-02-01T06:39:00","modified_gmt":"2025-02-01T06:39:00","slug":"malatyada-deprem-yetistiriciler-destek-bekliyor","status":"publish","type":"post","link":"https:\/\/e-ciftlik.com\/haberler\/tarim\/malatyada-deprem-yetistiriciler-destek-bekliyor\/","title":{"rendered":"Malatya&#8217;da Deprem: Yeti\u015ftiriciler Destek Bekliyor"},"content":{"rendered":"<p>Deprem Ma\u011fduru \u00c7ift\u00e7iler Destek Bekliyor<\/p>\n<p>Malatya&#8217;da 6 \u015eubat 2023 tarihinde meydana gelen deprem, binlerce ah\u0131r ve a\u011f\u0131l\u0131n y\u0131k\u0131lmas\u0131na neden oldu. Koyun ve ke\u00e7i yeti\u015ftiricisi Ramazan Mutlu, &#8220;Ah\u0131ra te\u015fvikler oldu ama ah\u0131r\u0131m\u0131z yap\u0131lmad\u0131. B\u00fcy\u00fck s\u0131k\u0131nt\u0131lar ya\u015f\u0131yoruz. Ah\u0131rlarda de\u011fil de derme-\u00e7atma yerlerde i\u015fletmemize devam ediyoruz. Yetkililerden daha b\u00fcy\u00fck destekler bekliyoruz&#8221; \u015feklinde konu\u015ftu. Malatya Dam\u0131zl\u0131k Koyun Ke\u00e7i Yeti\u015ftiricileri Birli\u011fi Ba\u015fkan\u0131 \u0130hsan Ak\u0131n ise \u00fcretimin \u00f6nemine vurgu yaparak, &#8220;G\u0131da ve su olmadan hi\u00e7bir canl\u0131 ya\u015fayamaz. K\u0131rsaldaki ah\u0131rlar\u0131n yap\u0131lmas\u0131 i\u00e7in te\u015fviklerin bir an \u00f6nce verilmesini bekliyoruz&#8221; ifadelerini kulland\u0131.<\/p>\n<p>Kahramanmara\u015f merkezli 11 ili etkileyen deprem, hayvanc\u0131l\u0131kla ge\u00e7imini sa\u011flayan \u00e7ift\u00e7ileri derinden etkiledi. Malatya&#8217;n\u0131n Ye\u015filyurt il\u00e7esine ba\u011fl\u0131 G\u00f6rg\u00fc Mahallesi&#8217;nde \u00e7ift\u00e7iler, sorunlar\u0131n\u0131 ANKA Haber Ajans\u0131&#8217;na aktard\u0131.<\/p>\n<p>Depremde 55 hayvan\u0131n telef oldu\u011funu ve ah\u0131rlar\u0131n\u0131n evlerinin y\u0131k\u0131ld\u0131\u011f\u0131n\u0131 belirten Ramazan Mutlu, &#8220;Ah\u0131r\u0131m\u0131z yap\u0131lmad\u0131. B\u00fcy\u00fck s\u0131k\u0131nt\u0131lar ya\u015f\u0131yoruz. Ah\u0131rlarda de\u011fil de derme-\u00e7atma yerlerde i\u015fletmemize devam ediyoruz. Yetkililerden daha b\u00fcy\u00fck destekler bekliyoruz&#8221; dedi.<\/p>\n<p>Malatya Dam\u0131zl\u0131k Koyun Ke\u00e7i Yeti\u015ftiricileri Birli\u011fi Ba\u015fkan\u0131 \u0130hsan Ak\u0131n, Malatya&#8217;da 10 bin hayvan\u0131n telef oldu\u011funu ve 3 bin 700 ah\u0131r\u0131n y\u0131k\u0131ld\u0131\u011f\u0131n\u0131 belirterek, \u00e7al\u0131\u015fmalar\u0131n devam etti\u011fini dile getirdi. Ak\u0131n, \u00fcretimin \u00f6nemine vurgu yaparak, &#8220;G\u0131da ve su olmadan hi\u00e7bir canl\u0131 ya\u015fayamaz. K\u0131rsaldaki ah\u0131rlar\u0131n yap\u0131lmas\u0131 i\u00e7in te\u015fviklerin bir an \u00f6nce verilmesini yetkililerden bekliyoruz&#8221; \u015feklinde konu\u015ftu.<\/p>\n","protected":false},"excerpt":{"rendered":"<p>Deprem Ma\u011fduru \u00c7ift\u00e7iler Destek Bekliyor Malatya&#8217;da 6 \u015eubat 2023 tarihinde meydana gelen deprem, binlerce ah\u0131r&hellip;<\/p>\n","protected":false},"author":1,"featured_media":0,"comment_status":"open","ping_status":"open","sticky":false,"template":"","format":"standard","meta":{"footnotes":""},"categories":[9],"tags":[],"class_list":["post-76856","post","type-post","status-publish","format-standard","hentry","category-tarim"],"yoast_head":"<!-- This site is optimized with the Yoast SEO Premium plugin v24.3 (Yoast SEO v27.4) - https:\/\/yoast.com\/product\/yoast-seo-premium-wordpress\/ -->\n<title>Malatya&#039;da Deprem: Yeti\u015ftiriciler Destek Bekliyor - E-&Ccedil;\u0130FTL\u0130K HABER<\/title>\n<meta name=\"description\" content=\"Deprem Ma\u011fduru \u00c7ift\u00e7iler Destek Bekliyor Malatya&#039;da 6 \u015eubat 2023 tarihinde meydana gelen deprem, binlerce ah\u0131r ve a\u011f\u0131l\u0131n y\u0131k\u0131lmas\u0131na neden oldu. Koyun ve\" \/>\n<meta name=\"robots\" content=\"index, follow, max-snippet:-1, max-image-preview:large, max-video-preview:-1\" \/>\n<link rel=\"canonical\" href=\"https:\/\/e-ciftlik.com\/haberler\/tarim\/malatyada-deprem-yetistiriciler-destek-bekliyor\/\" \/>\n<meta property=\"og:locale\" content=\"tr_TR\" \/>\n<meta property=\"og:type\" content=\"article\" \/>\n<meta property=\"og:title\" content=\"Malatya&#039;da Deprem: Yeti\u015ftiriciler Destek Bekliyor\" \/>\n<meta property=\"og:description\" content=\"Deprem Ma\u011fduru \u00c7ift\u00e7iler Destek Bekliyor Malatya&#039;da 6 \u015eubat 2023 tarihinde meydana gelen deprem, binlerce ah\u0131r ve a\u011f\u0131l\u0131n y\u0131k\u0131lmas\u0131na neden oldu. Koyun ve\" \/>\n<meta property=\"og:url\" content=\"https:\/\/e-ciftlik.com\/haberler\/tarim\/malatyada-deprem-yetistiriciler-destek-bekliyor\/\" \/>\n<meta property=\"og:site_name\" content=\"E-&Ccedil;\u0130FTL\u0130K HABER\" \/>\n<meta property=\"article:publisher\" content=\"https:\/\/www.facebook.com\/eciftlikturkiye\" \/>\n<meta property=\"article:published_time\" content=\"2025-02-01T06:39:00+00:00\" \/>\n<meta name=\"author\" content=\"Haber Merkezi\" \/>\n<meta name=\"twitter:card\" content=\"summary_large_image\" \/>\n<meta name=\"twitter:creator\" content=\"@eciftlikresmi\" \/>\n<meta name=\"twitter:site\" content=\"@eciftlikresmi\" \/>\n<meta name=\"twitter:label1\" content=\"Yazan:\" \/>\n\t<meta name=\"twitter:data1\" content=\"Haber Merkezi\" \/>\n\t<meta name=\"twitter:label2\" content=\"Tahmini okuma s\u00fcresi\" \/>\n\t<meta name=\"twitter:data2\" content=\"1 dakika\" \/>\n<script type=\"application\/ld+json\" class=\"yoast-schema-graph\">{\"@context\":\"https:\\\/\\\/schema.org\",\"@graph\":[{\"@type\":\"NewsArticle\",\"@id\":\"https:\\\/\\\/e-ciftlik.com\\\/haberler\\\/tarim\\\/malatyada-deprem-yetistiriciler-destek-bekliyor\\\/#article\",\"isPartOf\":{\"@id\":\"https:\\\/\\\/e-ciftlik.com\\\/haberler\\\/tarim\\\/malatyada-deprem-yetistiriciler-destek-bekliyor\\\/\"},\"author\":{\"name\":\"Haber Merkezi\",\"@id\":\"http:\\\/\\\/e-ciftlik.com\\\/haberler\\\/#\\\/schema\\\/person\\\/d2f4fee3143d7f72be82cb887d51b00a\"},\"headline\":\"Malatya&#8217;da Deprem: Yeti\u015ftiriciler Destek Bekliyor\",\"datePublished\":\"2025-02-01T06:39:00+00:00\",\"mainEntityOfPage\":{\"@id\":\"https:\\\/\\\/e-ciftlik.com\\\/haberler\\\/tarim\\\/malatyada-deprem-yetistiriciler-destek-bekliyor\\\/\"},\"wordCount\":304,\"commentCount\":0,\"publisher\":{\"@id\":\"http:\\\/\\\/e-ciftlik.com\\\/haberler\\\/#organization\"},\"articleSection\":[\"Tar\u0131m\"],\"inLanguage\":\"tr\",\"potentialAction\":[{\"@type\":\"CommentAction\",\"name\":\"Comment\",\"target\":[\"https:\\\/\\\/e-ciftlik.com\\\/haberler\\\/tarim\\\/malatyada-deprem-yetistiriciler-destek-bekliyor\\\/#respond\"]}]},{\"@type\":\"WebPage\",\"@id\":\"https:\\\/\\\/e-ciftlik.com\\\/haberler\\\/tarim\\\/malatyada-deprem-yetistiriciler-destek-bekliyor\\\/\",\"url\":\"https:\\\/\\\/e-ciftlik.com\\\/haberler\\\/tarim\\\/malatyada-deprem-yetistiriciler-destek-bekliyor\\\/\",\"name\":\"Malatya'da Deprem: Yeti\u015ftiriciler Destek Bekliyor - E-&Ccedil;\u0130FTL\u0130K HABER\",\"isPartOf\":{\"@id\":\"http:\\\/\\\/e-ciftlik.com\\\/haberler\\\/#website\"},\"datePublished\":\"2025-02-01T06:39:00+00:00\",\"description\":\"Deprem Ma\u011fduru \u00c7ift\u00e7iler Destek Bekliyor Malatya'da 6 \u015eubat 2023 tarihinde meydana gelen deprem, binlerce ah\u0131r ve a\u011f\u0131l\u0131n y\u0131k\u0131lmas\u0131na neden oldu. Koyun ve\",\"breadcrumb\":{\"@id\":\"https:\\\/\\\/e-ciftlik.com\\\/haberler\\\/tarim\\\/malatyada-deprem-yetistiriciler-destek-bekliyor\\\/#breadcrumb\"},\"inLanguage\":\"tr\",\"potentialAction\":[{\"@type\":\"ReadAction\",\"target\":[\"https:\\\/\\\/e-ciftlik.com\\\/haberler\\\/tarim\\\/malatyada-deprem-yetistiriciler-destek-bekliyor\\\/\"]}]},{\"@type\":\"BreadcrumbList\",\"@id\":\"https:\\\/\\\/e-ciftlik.com\\\/haberler\\\/tarim\\\/malatyada-deprem-yetistiriciler-destek-bekliyor\\\/#breadcrumb\",\"itemListElement\":[{\"@type\":\"ListItem\",\"position\":1,\"name\":\"Anasayfa\",\"item\":\"http:\\\/\\\/e-ciftlik.com\\\/haberler\\\/\"},{\"@type\":\"ListItem\",\"position\":2,\"name\":\"Malatya&#8217;da Deprem: Yeti\u015ftiriciler Destek Bekliyor\"}]},{\"@type\":\"WebSite\",\"@id\":\"http:\\\/\\\/e-ciftlik.com\\\/haberler\\\/#website\",\"url\":\"http:\\\/\\\/e-ciftlik.com\\\/haberler\\\/\",\"name\":\"E-\u00c7iftlik Haber | G\u00fcncel, Son Dakika Haberler, En Son Haber\",\"description\":\"\",\"publisher\":{\"@id\":\"http:\\\/\\\/e-ciftlik.com\\\/haberler\\\/#organization\"},\"potentialAction\":[{\"@type\":\"SearchAction\",\"target\":{\"@type\":\"EntryPoint\",\"urlTemplate\":\"http:\\\/\\\/e-ciftlik.com\\\/haberler\\\/?s={search_term_string}\"},\"query-input\":{\"@type\":\"PropertyValueSpecification\",\"valueRequired\":true,\"valueName\":\"search_term_string\"}}],\"inLanguage\":\"tr\"},{\"@type\":\"Organization\",\"@id\":\"http:\\\/\\\/e-ciftlik.com\\\/haberler\\\/#organization\",\"name\":\"E-\u00c7\u0130FTL\u0130K HABER\",\"url\":\"http:\\\/\\\/e-ciftlik.com\\\/haberler\\\/\",\"logo\":{\"@type\":\"ImageObject\",\"inLanguage\":\"tr\",\"@id\":\"http:\\\/\\\/e-ciftlik.com\\\/haberler\\\/#\\\/schema\\\/logo\\\/image\\\/\",\"url\":\"https:\\\/\\\/e-ciftlik.com\\\/haberler\\\/wp-content\\\/uploads\\\/2024\\\/06\\\/cropped-cropped-favicon-1-2.png\",\"contentUrl\":\"https:\\\/\\\/e-ciftlik.com\\\/haberler\\\/wp-content\\\/uploads\\\/2024\\\/06\\\/cropped-cropped-favicon-1-2.png\",\"width\":512,\"height\":512,\"caption\":\"E-\u00c7\u0130FTL\u0130K HABER\"},\"image\":{\"@id\":\"http:\\\/\\\/e-ciftlik.com\\\/haberler\\\/#\\\/schema\\\/logo\\\/image\\\/\"},\"sameAs\":[\"https:\\\/\\\/www.facebook.com\\\/eciftlikturkiye\",\"https:\\\/\\\/x.com\\\/eciftlikresmi\",\"https:\\\/\\\/www.instagram.com\\\/eciftlikresmi\\\/\"]},{\"@type\":\"Person\",\"@id\":\"http:\\\/\\\/e-ciftlik.com\\\/haberler\\\/#\\\/schema\\\/person\\\/d2f4fee3143d7f72be82cb887d51b00a\",\"name\":\"Haber Merkezi\",\"image\":{\"@type\":\"ImageObject\",\"inLanguage\":\"tr\",\"@id\":\"https:\\\/\\\/secure.gravatar.com\\\/avatar\\\/6c27d641914e66c1d0452c92716002398782818991d86db1c2cccb531e7c7c82?s=96&d=mm&r=g\",\"url\":\"https:\\\/\\\/secure.gravatar.com\\\/avatar\\\/6c27d641914e66c1d0452c92716002398782818991d86db1c2cccb531e7c7c82?s=96&d=mm&r=g\",\"contentUrl\":\"https:\\\/\\\/secure.gravatar.com\\\/avatar\\\/6c27d641914e66c1d0452c92716002398782818991d86db1c2cccb531e7c7c82?s=96&d=mm&r=g\",\"caption\":\"Haber Merkezi\"},\"sameAs\":[\"http:\\\/\\\/e-ciftlik.com\\\/haberler\"]}]}<\/script>\n<!-- \/ Yoast SEO Premium plugin. -->","yoast_head_json":{"title":"Malatya'da Deprem: Yeti\u015ftiriciler Destek Bekliyor - E-&Ccedil;\u0130FTL\u0130K HABER","description":"Deprem Ma\u011fduru \u00c7ift\u00e7iler Destek Bekliyor Malatya'da 6 \u015eubat 2023 tarihinde meydana gelen deprem, binlerce ah\u0131r ve a\u011f\u0131l\u0131n y\u0131k\u0131lmas\u0131na neden oldu. Koyun ve","robots":{"index":"index","follow":"follow","max-snippet":"max-snippet:-1","max-image-preview":"max-image-preview:large","max-video-preview":"max-video-preview:-1"},"canonical":"https:\/\/e-ciftlik.com\/haberler\/tarim\/malatyada-deprem-yetistiriciler-destek-bekliyor\/","og_locale":"tr_TR","og_type":"article","og_title":"Malatya'da Deprem: Yeti\u015ftiriciler Destek Bekliyor","og_description":"Deprem Ma\u011fduru \u00c7ift\u00e7iler Destek Bekliyor Malatya'da 6 \u015eubat 2023 tarihinde meydana gelen deprem, binlerce ah\u0131r ve a\u011f\u0131l\u0131n y\u0131k\u0131lmas\u0131na neden oldu. Koyun ve","og_url":"https:\/\/e-ciftlik.com\/haberler\/tarim\/malatyada-deprem-yetistiriciler-destek-bekliyor\/","og_site_name":"E-&Ccedil;\u0130FTL\u0130K HABER","article_publisher":"https:\/\/www.facebook.com\/eciftlikturkiye","article_published_time":"2025-02-01T06:39:00+00:00","author":"Haber Merkezi","twitter_card":"summary_large_image","twitter_creator":"@eciftlikresmi","twitter_site":"@eciftlikresmi","twitter_misc":{"Yazan:":"Haber Merkezi","Tahmini okuma s\u00fcresi":"1 dakika"},"schema":{"@context":"https:\/\/schema.org","@graph":[{"@type":"NewsArticle","@id":"https:\/\/e-ciftlik.com\/haberler\/tarim\/malatyada-deprem-yetistiriciler-destek-bekliyor\/#article","isPartOf":{"@id":"https:\/\/e-ciftlik.com\/haberler\/tarim\/malatyada-deprem-yetistiriciler-destek-bekliyor\/"},"author":{"name":"Haber Merkezi","@id":"http:\/\/e-ciftlik.com\/haberler\/#\/schema\/person\/d2f4fee3143d7f72be82cb887d51b00a"},"headline":"Malatya&#8217;da Deprem: Yeti\u015ftiriciler Destek Bekliyor","datePublished":"2025-02-01T06:39:00+00:00","mainEntityOfPage":{"@id":"https:\/\/e-ciftlik.com\/haberler\/tarim\/malatyada-deprem-yetistiriciler-destek-bekliyor\/"},"wordCount":304,"commentCount":0,"publisher":{"@id":"http:\/\/e-ciftlik.com\/haberler\/#organization"},"articleSection":["Tar\u0131m"],"inLanguage":"tr","potentialAction":[{"@type":"CommentAction","name":"Comment","target":["https:\/\/e-ciftlik.com\/haberler\/tarim\/malatyada-deprem-yetistiriciler-destek-bekliyor\/#respond"]}]},{"@type":"WebPage","@id":"https:\/\/e-ciftlik.com\/haberler\/tarim\/malatyada-deprem-yetistiriciler-destek-bekliyor\/","url":"https:\/\/e-ciftlik.com\/haberler\/tarim\/malatyada-deprem-yetistiriciler-destek-bekliyor\/","name":"Malatya'da Deprem: Yeti\u015ftiriciler Destek Bekliyor - E-&Ccedil;\u0130FTL\u0130K HABER","isPartOf":{"@id":"http:\/\/e-ciftlik.com\/haberler\/#website"},"datePublished":"2025-02-01T06:39:00+00:00","description":"Deprem Ma\u011fduru \u00c7ift\u00e7iler Destek Bekliyor Malatya'da 6 \u015eubat 2023 tarihinde meydana gelen deprem, binlerce ah\u0131r ve a\u011f\u0131l\u0131n y\u0131k\u0131lmas\u0131na neden oldu. Koyun ve","breadcrumb":{"@id":"https:\/\/e-ciftlik.com\/haberler\/tarim\/malatyada-deprem-yetistiriciler-destek-bekliyor\/#breadcrumb"},"inLanguage":"tr","potentialAction":[{"@type":"ReadAction","target":["https:\/\/e-ciftlik.com\/haberler\/tarim\/malatyada-deprem-yetistiriciler-destek-bekliyor\/"]}]},{"@type":"BreadcrumbList","@id":"https:\/\/e-ciftlik.com\/haberler\/tarim\/malatyada-deprem-yetistiriciler-destek-bekliyor\/#breadcrumb","itemListElement":[{"@type":"ListItem","position":1,"name":"Anasayfa","item":"http:\/\/e-ciftlik.com\/haberler\/"},{"@type":"ListItem","position":2,"name":"Malatya&#8217;da Deprem: Yeti\u015ftiriciler Destek Bekliyor"}]},{"@type":"WebSite","@id":"http:\/\/e-ciftlik.com\/haberler\/#website","url":"http:\/\/e-ciftlik.com\/haberler\/","name":"E-\u00c7iftlik Haber | G\u00fcncel, Son Dakika Haberler, En Son Haber","description":"","publisher":{"@id":"http:\/\/e-ciftlik.com\/haberler\/#organization"},"potentialAction":[{"@type":"SearchAction","target":{"@type":"EntryPoint","urlTemplate":"http:\/\/e-ciftlik.com\/haberler\/?s={search_term_string}"},"query-input":{"@type":"PropertyValueSpecification","valueRequired":true,"valueName":"search_term_string"}}],"inLanguage":"tr"},{"@type":"Organization","@id":"http:\/\/e-ciftlik.com\/haberler\/#organization","name":"E-\u00c7\u0130FTL\u0130K HABER","url":"http:\/\/e-ciftlik.com\/haberler\/","logo":{"@type":"ImageObject","inLanguage":"tr","@id":"http:\/\/e-ciftlik.com\/haberler\/#\/schema\/logo\/image\/","url":"https:\/\/e-ciftlik.com\/haberler\/wp-content\/uploads\/2024\/06\/cropped-cropped-favicon-1-2.png","contentUrl":"https:\/\/e-ciftlik.com\/haberler\/wp-content\/uploads\/2024\/06\/cropped-cropped-favicon-1-2.png","width":512,"height":512,"caption":"E-\u00c7\u0130FTL\u0130K HABER"},"image":{"@id":"http:\/\/e-ciftlik.com\/haberler\/#\/schema\/logo\/image\/"},"sameAs":["https:\/\/www.facebook.com\/eciftlikturkiye","https:\/\/x.com\/eciftlikresmi","https:\/\/www.instagram.com\/eciftlikresmi\/"]},{"@type":"Person","@id":"http:\/\/e-ciftlik.com\/haberler\/#\/schema\/person\/d2f4fee3143d7f72be82cb887d51b00a","name":"Haber Merkezi","image":{"@type":"ImageObject","inLanguage":"tr","@id":"https:\/\/secure.gravatar.com\/avatar\/6c27d641914e66c1d0452c92716002398782818991d86db1c2cccb531e7c7c82?s=96&d=mm&r=g","url":"https:\/\/secure.gravatar.com\/avatar\/6c27d641914e66c1d0452c92716002398782818991d86db1c2cccb531e7c7c82?s=96&d=mm&r=g","contentUrl":"https:\/\/secure.gravatar.com\/avatar\/6c27d641914e66c1d0452c92716002398782818991d86db1c2cccb531e7c7c82?s=96&d=mm&r=g","caption":"Haber Merkezi"},"sameAs":["http:\/\/e-ciftlik.com\/haberler"]}]}},"_links":{"self":[{"href":"https:\/\/e-ciftlik.com\/haberler\/wp-json\/wp\/v2\/posts\/76856","targetHints":{"allow":["GET"]}}],"collection":[{"href":"https:\/\/e-ciftlik.com\/haberler\/wp-json\/wp\/v2\/posts"}],"about":[{"href":"https:\/\/e-ciftlik.com\/haberler\/wp-json\/wp\/v2\/types\/post"}],"author":[{"embeddable":true,"href":"https:\/\/e-ciftlik.com\/haberler\/wp-json\/wp\/v2\/users\/1"}],"replies":[{"embeddable":true,"href":"https:\/\/e-ciftlik.com\/haberler\/wp-json\/wp\/v2\/comments?post=76856"}],"version-history":[{"count":0,"href":"https:\/\/e-ciftlik.com\/haberler\/wp-json\/wp\/v2\/posts\/76856\/revisions"}],"wp:attachment":[{"href":"https:\/\/e-ciftlik.com\/haberler\/wp-json\/wp\/v2\/media?parent=76856"}],"wp:term":[{"taxonomy":"category","embeddable":true,"href":"https:\/\/e-ciftlik.com\/haberler\/wp-json\/wp\/v2\/categories?post=76856"},{"taxonomy":"post_tag","embeddable":true,"href":"https:\/\/e-ciftlik.com\/haberler\/wp-json\/wp\/v2\/tags?post=76856"}],"curies":[{"name":"wp","href":"https:\/\/api.w.org\/{rel}","templated":true}]}}