{"id":76857,"date":"2025-02-01T07:00:02","date_gmt":"2025-02-01T07:00:02","guid":{"rendered":"http:\/\/e-ciftlik.com\/haberler\/spor\/fenerbahcenin-avrupa-ligindeki-rakibi-anderlecht-iste-detaylar\/"},"modified":"2025-02-01T07:00:02","modified_gmt":"2025-02-01T07:00:02","slug":"fenerbahcenin-avrupa-ligindeki-rakibi-anderlecht-iste-detaylar","status":"publish","type":"post","link":"https:\/\/e-ciftlik.com\/haberler\/spor\/fenerbahcenin-avrupa-ligindeki-rakibi-anderlecht-iste-detaylar\/","title":{"rendered":"Fenerbah\u00e7e&#8217;nin Avrupa Ligi&#8217;ndeki Rakibi Anderlecht &#8211; \u0130\u015fte Detaylar"},"content":{"rendered":"<p>Fenerbah\u00e7e, UEFA Avrupa Ligi play-off turunda Bel\u00e7ika temsilcisi Anderlecht ile kar\u015f\u0131la\u015facak. Sar\u0131-lacivertliler, 13 \u015eubat tarihinde ilk ma\u00e7lar\u0131n\u0131 \u00dclker Stadyumu Fenerbah\u00e7e \u015e\u00fckr\u00fc Saraco\u011flu Spor Kompleksi&#8217;nde oynayacaklar. \u0130kinci ma\u00e7 ise Bel\u00e7ika&#8217;da ger\u00e7ekle\u015fecek.<\/p>\n<p>Anderlecht&#8217;in mevcut formu ve kadrosu da merak konusu. Ma\u00e7lar \u00f6ncesinde her iki tak\u0131m\u0131n da haz\u0131rl\u0131klar\u0131 s\u00fcr\u00fcyor. Fenerbah\u00e7e taraftarlar\u0131, bu kritik kar\u015f\u0131la\u015fmalar \u00f6ncesinde heyecanla bekleyi\u015flerini s\u00fcrd\u00fcr\u00fcyorlar. Ma\u00e7lardan \u00f6nce her iki tak\u0131m\u0131n da taraftarlar\u0131 aras\u0131nda da gerginlikler ya\u015fanabilir.<\/p>\n<p>Fenerbah\u00e7e&#8217;nin Avrupa Ligi play-off turundaki rakibi Anderlecht, tecr\u00fcbeli ve g\u00fc\u00e7l\u00fc bir ekip olarak biliniyor. Her iki tak\u0131m aras\u0131nda oynanacak ma\u00e7lar b\u00fcy\u00fck bir heyecanla bekleniyor. Fenerbah\u00e7e, taraftarlar\u0131n\u0131n deste\u011fiyle sahaya galibiyet i\u00e7in \u00e7\u0131kacak. Ma\u00e7lar\u0131n sonucu merakla beklenirken, futbolseverler bu heyecan dolu kar\u015f\u0131la\u015fmalar\u0131 sab\u0131rs\u0131zl\u0131kla bekliyorlar.<\/p>\n","protected":false},"excerpt":{"rendered":"<p>Fenerbah\u00e7e, UEFA Avrupa Ligi play-off turunda Bel\u00e7ika temsilcisi Anderlecht ile kar\u015f\u0131la\u015facak. Sar\u0131-lacivertliler, 13 \u015eubat tarihinde&hellip;<\/p>\n","protected":false},"author":1,"featured_media":76858,"comment_status":"open","ping_status":"open","sticky":false,"template":"","format":"standard","meta":{"footnotes":""},"categories":[7],"tags":[],"class_list":["post-76857","post","type-post","status-publish","format-standard","has-post-thumbnail","hentry","category-spor"],"yoast_head":"<!-- This site is optimized with the Yoast SEO Premium plugin v24.3 (Yoast SEO v27.4) - https:\/\/yoast.com\/product\/yoast-seo-premium-wordpress\/ -->\n<title>Fenerbah\u00e7e&#039;nin Avrupa Ligi&#039;ndeki Rakibi Anderlecht - \u0130\u015fte Detaylar - E-&Ccedil;\u0130FTL\u0130K HABER<\/title>\n<meta name=\"description\" content=\"Fenerbah\u00e7e, UEFA Avrupa Ligi play-off turunda Bel\u00e7ika temsilcisi Anderlecht ile kar\u015f\u0131la\u015facak. Sar\u0131-lacivertliler, 13 \u015eubat tarihinde ilk ma\u00e7lar\u0131n\u0131 \u00dclker\" \/>\n<meta name=\"robots\" content=\"index, follow, max-snippet:-1, max-image-preview:large, max-video-preview:-1\" \/>\n<link rel=\"canonical\" href=\"https:\/\/e-ciftlik.com\/haberler\/spor\/fenerbahcenin-avrupa-ligindeki-rakibi-anderlecht-iste-detaylar\/\" \/>\n<meta property=\"og:locale\" content=\"tr_TR\" \/>\n<meta property=\"og:type\" content=\"article\" \/>\n<meta property=\"og:title\" content=\"Fenerbah\u00e7e&#039;nin Avrupa Ligi&#039;ndeki Rakibi Anderlecht - \u0130\u015fte Detaylar\" \/>\n<meta property=\"og:description\" content=\"Fenerbah\u00e7e, UEFA Avrupa Ligi play-off turunda Bel\u00e7ika temsilcisi Anderlecht ile kar\u015f\u0131la\u015facak. Sar\u0131-lacivertliler, 13 \u015eubat tarihinde ilk ma\u00e7lar\u0131n\u0131 \u00dclker\" \/>\n<meta property=\"og:url\" content=\"https:\/\/e-ciftlik.com\/haberler\/spor\/fenerbahcenin-avrupa-ligindeki-rakibi-anderlecht-iste-detaylar\/\" \/>\n<meta property=\"og:site_name\" content=\"E-&Ccedil;\u0130FTL\u0130K HABER\" \/>\n<meta property=\"article:publisher\" content=\"https:\/\/www.facebook.com\/eciftlikturkiye\" \/>\n<meta property=\"article:published_time\" content=\"2025-02-01T07:00:02+00:00\" \/>\n<meta property=\"og:image\" content=\"https:\/\/e-ciftlik.com\/haberler\/wp-content\/uploads\/2025\/02\/1738393204_1200x628.jpeg\" \/>\n\t<meta property=\"og:image:width\" content=\"1200\" \/>\n\t<meta property=\"og:image:height\" content=\"628\" \/>\n\t<meta property=\"og:image:type\" content=\"image\/jpeg\" \/>\n<meta name=\"author\" content=\"Haber Merkezi\" \/>\n<meta name=\"twitter:card\" content=\"summary_large_image\" \/>\n<meta name=\"twitter:creator\" content=\"@eciftlikresmi\" \/>\n<meta name=\"twitter:site\" content=\"@eciftlikresmi\" \/>\n<meta name=\"twitter:label1\" content=\"Yazan:\" \/>\n\t<meta name=\"twitter:data1\" content=\"Haber Merkezi\" \/>\n\t<meta name=\"twitter:label2\" content=\"Tahmini okuma s\u00fcresi\" \/>\n\t<meta name=\"twitter:data2\" content=\"1 dakika\" \/>\n<script type=\"application\/ld+json\" class=\"yoast-schema-graph\">{\"@context\":\"https:\\\/\\\/schema.org\",\"@graph\":[{\"@type\":\"NewsArticle\",\"@id\":\"https:\\\/\\\/e-ciftlik.com\\\/haberler\\\/spor\\\/fenerbahcenin-avrupa-ligindeki-rakibi-anderlecht-iste-detaylar\\\/#article\",\"isPartOf\":{\"@id\":\"https:\\\/\\\/e-ciftlik.com\\\/haberler\\\/spor\\\/fenerbahcenin-avrupa-ligindeki-rakibi-anderlecht-iste-detaylar\\\/\"},\"author\":{\"name\":\"Haber Merkezi\",\"@id\":\"https:\\\/\\\/e-ciftlik.com\\\/haberler\\\/#\\\/schema\\\/person\\\/d2f4fee3143d7f72be82cb887d51b00a\"},\"headline\":\"Fenerbah\u00e7e&#8217;nin Avrupa Ligi&#8217;ndeki Rakibi Anderlecht &#8211; \u0130\u015fte Detaylar\",\"datePublished\":\"2025-02-01T07:00:02+00:00\",\"mainEntityOfPage\":{\"@id\":\"https:\\\/\\\/e-ciftlik.com\\\/haberler\\\/spor\\\/fenerbahcenin-avrupa-ligindeki-rakibi-anderlecht-iste-detaylar\\\/\"},\"wordCount\":173,\"commentCount\":0,\"publisher\":{\"@id\":\"https:\\\/\\\/e-ciftlik.com\\\/haberler\\\/#organization\"},\"image\":{\"@id\":\"https:\\\/\\\/e-ciftlik.com\\\/haberler\\\/spor\\\/fenerbahcenin-avrupa-ligindeki-rakibi-anderlecht-iste-detaylar\\\/#primaryimage\"},\"thumbnailUrl\":\"https:\\\/\\\/e-ciftlik.com\\\/haberler\\\/wp-content\\\/uploads\\\/2025\\\/02\\\/1738393204_1200x628.jpeg\",\"articleSection\":[\"Spor\"],\"inLanguage\":\"tr\",\"potentialAction\":[{\"@type\":\"CommentAction\",\"name\":\"Comment\",\"target\":[\"https:\\\/\\\/e-ciftlik.com\\\/haberler\\\/spor\\\/fenerbahcenin-avrupa-ligindeki-rakibi-anderlecht-iste-detaylar\\\/#respond\"]}]},{\"@type\":\"WebPage\",\"@id\":\"https:\\\/\\\/e-ciftlik.com\\\/haberler\\\/spor\\\/fenerbahcenin-avrupa-ligindeki-rakibi-anderlecht-iste-detaylar\\\/\",\"url\":\"https:\\\/\\\/e-ciftlik.com\\\/haberler\\\/spor\\\/fenerbahcenin-avrupa-ligindeki-rakibi-anderlecht-iste-detaylar\\\/\",\"name\":\"Fenerbah\u00e7e'nin Avrupa Ligi'ndeki Rakibi Anderlecht - \u0130\u015fte Detaylar - E-&Ccedil;\u0130FTL\u0130K HABER\",\"isPartOf\":{\"@id\":\"https:\\\/\\\/e-ciftlik.com\\\/haberler\\\/#website\"},\"primaryImageOfPage\":{\"@id\":\"https:\\\/\\\/e-ciftlik.com\\\/haberler\\\/spor\\\/fenerbahcenin-avrupa-ligindeki-rakibi-anderlecht-iste-detaylar\\\/#primaryimage\"},\"image\":{\"@id\":\"https:\\\/\\\/e-ciftlik.com\\\/haberler\\\/spor\\\/fenerbahcenin-avrupa-ligindeki-rakibi-anderlecht-iste-detaylar\\\/#primaryimage\"},\"thumbnailUrl\":\"https:\\\/\\\/e-ciftlik.com\\\/haberler\\\/wp-content\\\/uploads\\\/2025\\\/02\\\/1738393204_1200x628.jpeg\",\"datePublished\":\"2025-02-01T07:00:02+00:00\",\"description\":\"Fenerbah\u00e7e, UEFA Avrupa Ligi play-off turunda Bel\u00e7ika temsilcisi Anderlecht ile kar\u015f\u0131la\u015facak. Sar\u0131-lacivertliler, 13 \u015eubat tarihinde ilk ma\u00e7lar\u0131n\u0131 \u00dclker\",\"breadcrumb\":{\"@id\":\"https:\\\/\\\/e-ciftlik.com\\\/haberler\\\/spor\\\/fenerbahcenin-avrupa-ligindeki-rakibi-anderlecht-iste-detaylar\\\/#breadcrumb\"},\"inLanguage\":\"tr\",\"potentialAction\":[{\"@type\":\"ReadAction\",\"target\":[\"https:\\\/\\\/e-ciftlik.com\\\/haberler\\\/spor\\\/fenerbahcenin-avrupa-ligindeki-rakibi-anderlecht-iste-detaylar\\\/\"]}]},{\"@type\":\"ImageObject\",\"inLanguage\":\"tr\",\"@id\":\"https:\\\/\\\/e-ciftlik.com\\\/haberler\\\/spor\\\/fenerbahcenin-avrupa-ligindeki-rakibi-anderlecht-iste-detaylar\\\/#primaryimage\",\"url\":\"https:\\\/\\\/e-ciftlik.com\\\/haberler\\\/wp-content\\\/uploads\\\/2025\\\/02\\\/1738393204_1200x628.jpeg\",\"contentUrl\":\"https:\\\/\\\/e-ciftlik.com\\\/haberler\\\/wp-content\\\/uploads\\\/2025\\\/02\\\/1738393204_1200x628.jpeg\",\"width\":1200,\"height\":628},{\"@type\":\"BreadcrumbList\",\"@id\":\"https:\\\/\\\/e-ciftlik.com\\\/haberler\\\/spor\\\/fenerbahcenin-avrupa-ligindeki-rakibi-anderlecht-iste-detaylar\\\/#breadcrumb\",\"itemListElement\":[{\"@type\":\"ListItem\",\"position\":1,\"name\":\"Anasayfa\",\"item\":\"https:\\\/\\\/e-ciftlik.com\\\/haberler\\\/\"},{\"@type\":\"ListItem\",\"position\":2,\"name\":\"Fenerbah\u00e7e&#8217;nin Avrupa Ligi&#8217;ndeki Rakibi Anderlecht &#8211; \u0130\u015fte Detaylar\"}]},{\"@type\":\"WebSite\",\"@id\":\"https:\\\/\\\/e-ciftlik.com\\\/haberler\\\/#website\",\"url\":\"https:\\\/\\\/e-ciftlik.com\\\/haberler\\\/\",\"name\":\"E-\u00c7iftlik Haber | G\u00fcncel, Son Dakika Haberler, En Son Haber\",\"description\":\"\",\"publisher\":{\"@id\":\"https:\\\/\\\/e-ciftlik.com\\\/haberler\\\/#organization\"},\"potentialAction\":[{\"@type\":\"SearchAction\",\"target\":{\"@type\":\"EntryPoint\",\"urlTemplate\":\"https:\\\/\\\/e-ciftlik.com\\\/haberler\\\/?s={search_term_string}\"},\"query-input\":{\"@type\":\"PropertyValueSpecification\",\"valueRequired\":true,\"valueName\":\"search_term_string\"}}],\"inLanguage\":\"tr\"},{\"@type\":\"Organization\",\"@id\":\"https:\\\/\\\/e-ciftlik.com\\\/haberler\\\/#organization\",\"name\":\"E-\u00c7\u0130FTL\u0130K HABER\",\"url\":\"https:\\\/\\\/e-ciftlik.com\\\/haberler\\\/\",\"logo\":{\"@type\":\"ImageObject\",\"inLanguage\":\"tr\",\"@id\":\"https:\\\/\\\/e-ciftlik.com\\\/haberler\\\/#\\\/schema\\\/logo\\\/image\\\/\",\"url\":\"https:\\\/\\\/e-ciftlik.com\\\/haberler\\\/wp-content\\\/uploads\\\/2024\\\/06\\\/cropped-cropped-favicon-1-2.png\",\"contentUrl\":\"https:\\\/\\\/e-ciftlik.com\\\/haberler\\\/wp-content\\\/uploads\\\/2024\\\/06\\\/cropped-cropped-favicon-1-2.png\",\"width\":512,\"height\":512,\"caption\":\"E-\u00c7\u0130FTL\u0130K HABER\"},\"image\":{\"@id\":\"https:\\\/\\\/e-ciftlik.com\\\/haberler\\\/#\\\/schema\\\/logo\\\/image\\\/\"},\"sameAs\":[\"https:\\\/\\\/www.facebook.com\\\/eciftlikturkiye\",\"https:\\\/\\\/x.com\\\/eciftlikresmi\",\"https:\\\/\\\/www.instagram.com\\\/eciftlikresmi\\\/\"]},{\"@type\":\"Person\",\"@id\":\"https:\\\/\\\/e-ciftlik.com\\\/haberler\\\/#\\\/schema\\\/person\\\/d2f4fee3143d7f72be82cb887d51b00a\",\"name\":\"Haber Merkezi\",\"image\":{\"@type\":\"ImageObject\",\"inLanguage\":\"tr\",\"@id\":\"https:\\\/\\\/secure.gravatar.com\\\/avatar\\\/6c27d641914e66c1d0452c92716002398782818991d86db1c2cccb531e7c7c82?s=96&d=mm&r=g\",\"url\":\"https:\\\/\\\/secure.gravatar.com\\\/avatar\\\/6c27d641914e66c1d0452c92716002398782818991d86db1c2cccb531e7c7c82?s=96&d=mm&r=g\",\"contentUrl\":\"https:\\\/\\\/secure.gravatar.com\\\/avatar\\\/6c27d641914e66c1d0452c92716002398782818991d86db1c2cccb531e7c7c82?s=96&d=mm&r=g\",\"caption\":\"Haber Merkezi\"},\"sameAs\":[\"http:\\\/\\\/e-ciftlik.com\\\/haberler\"]}]}<\/script>\n<!-- \/ Yoast SEO Premium plugin. -->","yoast_head_json":{"title":"Fenerbah\u00e7e'nin Avrupa Ligi'ndeki Rakibi Anderlecht - \u0130\u015fte Detaylar - E-&Ccedil;\u0130FTL\u0130K HABER","description":"Fenerbah\u00e7e, UEFA Avrupa Ligi play-off turunda Bel\u00e7ika temsilcisi Anderlecht ile kar\u015f\u0131la\u015facak. Sar\u0131-lacivertliler, 13 \u015eubat tarihinde ilk ma\u00e7lar\u0131n\u0131 \u00dclker","robots":{"index":"index","follow":"follow","max-snippet":"max-snippet:-1","max-image-preview":"max-image-preview:large","max-video-preview":"max-video-preview:-1"},"canonical":"https:\/\/e-ciftlik.com\/haberler\/spor\/fenerbahcenin-avrupa-ligindeki-rakibi-anderlecht-iste-detaylar\/","og_locale":"tr_TR","og_type":"article","og_title":"Fenerbah\u00e7e'nin Avrupa Ligi'ndeki Rakibi Anderlecht - \u0130\u015fte Detaylar","og_description":"Fenerbah\u00e7e, UEFA Avrupa Ligi play-off turunda Bel\u00e7ika temsilcisi Anderlecht ile kar\u015f\u0131la\u015facak. Sar\u0131-lacivertliler, 13 \u015eubat tarihinde ilk ma\u00e7lar\u0131n\u0131 \u00dclker","og_url":"https:\/\/e-ciftlik.com\/haberler\/spor\/fenerbahcenin-avrupa-ligindeki-rakibi-anderlecht-iste-detaylar\/","og_site_name":"E-&Ccedil;\u0130FTL\u0130K HABER","article_publisher":"https:\/\/www.facebook.com\/eciftlikturkiye","article_published_time":"2025-02-01T07:00:02+00:00","og_image":[{"width":1200,"height":628,"url":"https:\/\/e-ciftlik.com\/haberler\/wp-content\/uploads\/2025\/02\/1738393204_1200x628.jpeg","type":"image\/jpeg"}],"author":"Haber Merkezi","twitter_card":"summary_large_image","twitter_creator":"@eciftlikresmi","twitter_site":"@eciftlikresmi","twitter_misc":{"Yazan:":"Haber Merkezi","Tahmini okuma s\u00fcresi":"1 dakika"},"schema":{"@context":"https:\/\/schema.org","@graph":[{"@type":"NewsArticle","@id":"https:\/\/e-ciftlik.com\/haberler\/spor\/fenerbahcenin-avrupa-ligindeki-rakibi-anderlecht-iste-detaylar\/#article","isPartOf":{"@id":"https:\/\/e-ciftlik.com\/haberler\/spor\/fenerbahcenin-avrupa-ligindeki-rakibi-anderlecht-iste-detaylar\/"},"author":{"name":"Haber Merkezi","@id":"https:\/\/e-ciftlik.com\/haberler\/#\/schema\/person\/d2f4fee3143d7f72be82cb887d51b00a"},"headline":"Fenerbah\u00e7e&#8217;nin Avrupa Ligi&#8217;ndeki Rakibi Anderlecht &#8211; \u0130\u015fte Detaylar","datePublished":"2025-02-01T07:00:02+00:00","mainEntityOfPage":{"@id":"https:\/\/e-ciftlik.com\/haberler\/spor\/fenerbahcenin-avrupa-ligindeki-rakibi-anderlecht-iste-detaylar\/"},"wordCount":173,"commentCount":0,"publisher":{"@id":"https:\/\/e-ciftlik.com\/haberler\/#organization"},"image":{"@id":"https:\/\/e-ciftlik.com\/haberler\/spor\/fenerbahcenin-avrupa-ligindeki-rakibi-anderlecht-iste-detaylar\/#primaryimage"},"thumbnailUrl":"https:\/\/e-ciftlik.com\/haberler\/wp-content\/uploads\/2025\/02\/1738393204_1200x628.jpeg","articleSection":["Spor"],"inLanguage":"tr","potentialAction":[{"@type":"CommentAction","name":"Comment","target":["https:\/\/e-ciftlik.com\/haberler\/spor\/fenerbahcenin-avrupa-ligindeki-rakibi-anderlecht-iste-detaylar\/#respond"]}]},{"@type":"WebPage","@id":"https:\/\/e-ciftlik.com\/haberler\/spor\/fenerbahcenin-avrupa-ligindeki-rakibi-anderlecht-iste-detaylar\/","url":"https:\/\/e-ciftlik.com\/haberler\/spor\/fenerbahcenin-avrupa-ligindeki-rakibi-anderlecht-iste-detaylar\/","name":"Fenerbah\u00e7e'nin Avrupa Ligi'ndeki Rakibi Anderlecht - \u0130\u015fte Detaylar - E-&Ccedil;\u0130FTL\u0130K HABER","isPartOf":{"@id":"https:\/\/e-ciftlik.com\/haberler\/#website"},"primaryImageOfPage":{"@id":"https:\/\/e-ciftlik.com\/haberler\/spor\/fenerbahcenin-avrupa-ligindeki-rakibi-anderlecht-iste-detaylar\/#primaryimage"},"image":{"@id":"https:\/\/e-ciftlik.com\/haberler\/spor\/fenerbahcenin-avrupa-ligindeki-rakibi-anderlecht-iste-detaylar\/#primaryimage"},"thumbnailUrl":"https:\/\/e-ciftlik.com\/haberler\/wp-content\/uploads\/2025\/02\/1738393204_1200x628.jpeg","datePublished":"2025-02-01T07:00:02+00:00","description":"Fenerbah\u00e7e, UEFA Avrupa Ligi play-off turunda Bel\u00e7ika temsilcisi Anderlecht ile kar\u015f\u0131la\u015facak. Sar\u0131-lacivertliler, 13 \u015eubat tarihinde ilk ma\u00e7lar\u0131n\u0131 \u00dclker","breadcrumb":{"@id":"https:\/\/e-ciftlik.com\/haberler\/spor\/fenerbahcenin-avrupa-ligindeki-rakibi-anderlecht-iste-detaylar\/#breadcrumb"},"inLanguage":"tr","potentialAction":[{"@type":"ReadAction","target":["https:\/\/e-ciftlik.com\/haberler\/spor\/fenerbahcenin-avrupa-ligindeki-rakibi-anderlecht-iste-detaylar\/"]}]},{"@type":"ImageObject","inLanguage":"tr","@id":"https:\/\/e-ciftlik.com\/haberler\/spor\/fenerbahcenin-avrupa-ligindeki-rakibi-anderlecht-iste-detaylar\/#primaryimage","url":"https:\/\/e-ciftlik.com\/haberler\/wp-content\/uploads\/2025\/02\/1738393204_1200x628.jpeg","contentUrl":"https:\/\/e-ciftlik.com\/haberler\/wp-content\/uploads\/2025\/02\/1738393204_1200x628.jpeg","width":1200,"height":628},{"@type":"BreadcrumbList","@id":"https:\/\/e-ciftlik.com\/haberler\/spor\/fenerbahcenin-avrupa-ligindeki-rakibi-anderlecht-iste-detaylar\/#breadcrumb","itemListElement":[{"@type":"ListItem","position":1,"name":"Anasayfa","item":"https:\/\/e-ciftlik.com\/haberler\/"},{"@type":"ListItem","position":2,"name":"Fenerbah\u00e7e&#8217;nin Avrupa Ligi&#8217;ndeki Rakibi Anderlecht &#8211; \u0130\u015fte Detaylar"}]},{"@type":"WebSite","@id":"https:\/\/e-ciftlik.com\/haberler\/#website","url":"https:\/\/e-ciftlik.com\/haberler\/","name":"E-\u00c7iftlik Haber | G\u00fcncel, Son Dakika Haberler, En Son Haber","description":"","publisher":{"@id":"https:\/\/e-ciftlik.com\/haberler\/#organization"},"potentialAction":[{"@type":"SearchAction","target":{"@type":"EntryPoint","urlTemplate":"https:\/\/e-ciftlik.com\/haberler\/?s={search_term_string}"},"query-input":{"@type":"PropertyValueSpecification","valueRequired":true,"valueName":"search_term_string"}}],"inLanguage":"tr"},{"@type":"Organization","@id":"https:\/\/e-ciftlik.com\/haberler\/#organization","name":"E-\u00c7\u0130FTL\u0130K HABER","url":"https:\/\/e-ciftlik.com\/haberler\/","logo":{"@type":"ImageObject","inLanguage":"tr","@id":"https:\/\/e-ciftlik.com\/haberler\/#\/schema\/logo\/image\/","url":"https:\/\/e-ciftlik.com\/haberler\/wp-content\/uploads\/2024\/06\/cropped-cropped-favicon-1-2.png","contentUrl":"https:\/\/e-ciftlik.com\/haberler\/wp-content\/uploads\/2024\/06\/cropped-cropped-favicon-1-2.png","width":512,"height":512,"caption":"E-\u00c7\u0130FTL\u0130K HABER"},"image":{"@id":"https:\/\/e-ciftlik.com\/haberler\/#\/schema\/logo\/image\/"},"sameAs":["https:\/\/www.facebook.com\/eciftlikturkiye","https:\/\/x.com\/eciftlikresmi","https:\/\/www.instagram.com\/eciftlikresmi\/"]},{"@type":"Person","@id":"https:\/\/e-ciftlik.com\/haberler\/#\/schema\/person\/d2f4fee3143d7f72be82cb887d51b00a","name":"Haber Merkezi","image":{"@type":"ImageObject","inLanguage":"tr","@id":"https:\/\/secure.gravatar.com\/avatar\/6c27d641914e66c1d0452c92716002398782818991d86db1c2cccb531e7c7c82?s=96&d=mm&r=g","url":"https:\/\/secure.gravatar.com\/avatar\/6c27d641914e66c1d0452c92716002398782818991d86db1c2cccb531e7c7c82?s=96&d=mm&r=g","contentUrl":"https:\/\/secure.gravatar.com\/avatar\/6c27d641914e66c1d0452c92716002398782818991d86db1c2cccb531e7c7c82?s=96&d=mm&r=g","caption":"Haber Merkezi"},"sameAs":["http:\/\/e-ciftlik.com\/haberler"]}]}},"_links":{"self":[{"href":"https:\/\/e-ciftlik.com\/haberler\/wp-json\/wp\/v2\/posts\/76857","targetHints":{"allow":["GET"]}}],"collection":[{"href":"https:\/\/e-ciftlik.com\/haberler\/wp-json\/wp\/v2\/posts"}],"about":[{"href":"https:\/\/e-ciftlik.com\/haberler\/wp-json\/wp\/v2\/types\/post"}],"author":[{"embeddable":true,"href":"https:\/\/e-ciftlik.com\/haberler\/wp-json\/wp\/v2\/users\/1"}],"replies":[{"embeddable":true,"href":"https:\/\/e-ciftlik.com\/haberler\/wp-json\/wp\/v2\/comments?post=76857"}],"version-history":[{"count":0,"href":"https:\/\/e-ciftlik.com\/haberler\/wp-json\/wp\/v2\/posts\/76857\/revisions"}],"wp:featuredmedia":[{"embeddable":true,"href":"https:\/\/e-ciftlik.com\/haberler\/wp-json\/wp\/v2\/media\/76858"}],"wp:attachment":[{"href":"https:\/\/e-ciftlik.com\/haberler\/wp-json\/wp\/v2\/media?parent=76857"}],"wp:term":[{"taxonomy":"category","embeddable":true,"href":"https:\/\/e-ciftlik.com\/haberler\/wp-json\/wp\/v2\/categories?post=76857"},{"taxonomy":"post_tag","embeddable":true,"href":"https:\/\/e-ciftlik.com\/haberler\/wp-json\/wp\/v2\/tags?post=76857"}],"curies":[{"name":"wp","href":"https:\/\/api.w.org\/{rel}","templated":true}]}}