{"id":76863,"date":"2025-02-01T06:40:00","date_gmt":"2025-02-01T06:40:00","guid":{"rendered":"http:\/\/e-ciftlik.com\/haberler\/tarim\/tarimsal-yayim-ve-danismanlik-toplantisi-duzcede-gerceklesti\/"},"modified":"2025-02-01T06:40:00","modified_gmt":"2025-02-01T06:40:00","slug":"tarimsal-yayim-ve-danismanlik-toplantisi-duzcede-gerceklesti","status":"publish","type":"post","link":"https:\/\/e-ciftlik.com\/haberler\/tarim\/tarimsal-yayim-ve-danismanlik-toplantisi-duzcede-gerceklesti\/","title":{"rendered":"Tar\u0131msal Yay\u0131m ve Dan\u0131\u015fmanl\u0131k Toplant\u0131s\u0131 D\u00fczce&#8217;de Ger\u00e7ekle\u015fti"},"content":{"rendered":"<p>D\u00fczce \u0130l Tar\u0131m M\u00fcd\u00fcrl\u00fc\u011f\u00fc, &#8220;Tar\u0131msal Yay\u0131m ve Dan\u0131\u015fmanl\u0131k \u0130l Teknik Komitesi&#8221; toplant\u0131s\u0131n\u0131 d\u00fczenledi. Toplant\u0131, \u0130l M\u00fcd\u00fcrl\u00fc\u011f\u00fc toplant\u0131 salonunda ger\u00e7ekle\u015fti ve \u0130l M\u00fcd\u00fcr\u00fc Esra Uzun ba\u015fkanl\u0131\u011f\u0131nda yap\u0131ld\u0131.<\/p>\n<p>Toplant\u0131da, &#8220;Tar\u0131msal Yay\u0131m ve Dan\u0131\u015fmanl\u0131k Hizmetlerine Destekleme \u00d6demesi Yap\u0131lmas\u0131 Hakk\u0131nda Tebli\u011f&#8221; kapsam\u0131nda D\u00fczce&#8217;de y\u00fcr\u00fct\u00fclen dan\u0131\u015fmanl\u0131k hizmetleri hakk\u0131nda bilgi verildi. Ak\u00e7akoca Ziraat Odas\u0131&#8217;ndan Tar\u0131m Dan\u0131\u015fman\u0131 Esra Kara, y\u00fcr\u00fctt\u00fc\u011f\u00fc \u00e7al\u0131\u015fmalar\u0131 sunumla aktard\u0131. D\u00fczce&#8217;de faaliyet g\u00f6steren Ar\u0131 Yeti\u015ftiricileri Birli\u011fi, F\u0131nd\u0131k Sat\u0131\u015f Kooperatifi ve Ak\u00e7akoca Ziraat Odas\u0131 Ba\u015fkanl\u0131\u011f\u0131&#8217;nda g\u00f6rev yapan \u00fc\u00e7 tar\u0131m dan\u0131\u015fman\u0131n\u0131n faaliyetleri ele al\u0131nd\u0131.<\/p>\n<p>Toplant\u0131da, &#8220;Kahverengi Kokarca Eylem Plan\u0131&#8221; kapsam\u0131nda zararl\u0131ya kar\u015f\u0131 m\u00fccadelenin s\u00fcrd\u00fcr\u00fclmesi karar\u0131 al\u0131nd\u0131. Toplant\u0131, mevcut durum de\u011ferlendirmesi ve yap\u0131lacak \u00e7al\u0131\u015fmalar hakk\u0131nda komite \u00fcyelerinin g\u00f6r\u00fc\u015f ve \u00f6nerilerinin al\u0131nmas\u0131yla sona erdi. &#8211; D\u00dcZCE<\/p>\n<p>Kaynak: \u0130hlas Haber Ajans\u0131 \/ Yerel<\/p>\n","protected":false},"excerpt":{"rendered":"<p>D\u00fczce \u0130l Tar\u0131m M\u00fcd\u00fcrl\u00fc\u011f\u00fc, &#8220;Tar\u0131msal Yay\u0131m ve Dan\u0131\u015fmanl\u0131k \u0130l Teknik Komitesi&#8221; toplant\u0131s\u0131n\u0131 d\u00fczenledi. Toplant\u0131, \u0130l&hellip;<\/p>\n","protected":false},"author":1,"featured_media":76864,"comment_status":"open","ping_status":"open","sticky":false,"template":"","format":"standard","meta":{"footnotes":""},"categories":[9],"tags":[],"class_list":["post-76863","post","type-post","status-publish","format-standard","has-post-thumbnail","hentry","category-tarim"],"yoast_head":"<!-- This site is optimized with the Yoast SEO Premium plugin v24.3 (Yoast SEO v27.4) - https:\/\/yoast.com\/product\/yoast-seo-premium-wordpress\/ -->\n<title>Tar\u0131msal Yay\u0131m ve Dan\u0131\u015fmanl\u0131k Toplant\u0131s\u0131 D\u00fczce&#039;de Ger\u00e7ekle\u015fti - E-&Ccedil;\u0130FTL\u0130K HABER<\/title>\n<meta name=\"description\" content=\"D\u00fczce \u0130l Tar\u0131m M\u00fcd\u00fcrl\u00fc\u011f\u00fc, &quot;Tar\u0131msal Yay\u0131m ve Dan\u0131\u015fmanl\u0131k \u0130l Teknik Komitesi&quot; toplant\u0131s\u0131n\u0131 d\u00fczenledi. Toplant\u0131, \u0130l M\u00fcd\u00fcrl\u00fc\u011f\u00fc toplant\u0131 salonunda ger\u00e7ekle\u015fti\" \/>\n<meta name=\"robots\" content=\"index, follow, max-snippet:-1, max-image-preview:large, max-video-preview:-1\" \/>\n<link rel=\"canonical\" href=\"https:\/\/e-ciftlik.com\/haberler\/tarim\/tarimsal-yayim-ve-danismanlik-toplantisi-duzcede-gerceklesti\/\" \/>\n<meta property=\"og:locale\" content=\"tr_TR\" \/>\n<meta property=\"og:type\" content=\"article\" \/>\n<meta property=\"og:title\" content=\"Tar\u0131msal Yay\u0131m ve Dan\u0131\u015fmanl\u0131k Toplant\u0131s\u0131 D\u00fczce&#039;de Ger\u00e7ekle\u015fti\" \/>\n<meta property=\"og:description\" content=\"D\u00fczce \u0130l Tar\u0131m M\u00fcd\u00fcrl\u00fc\u011f\u00fc, &quot;Tar\u0131msal Yay\u0131m ve Dan\u0131\u015fmanl\u0131k \u0130l Teknik Komitesi&quot; toplant\u0131s\u0131n\u0131 d\u00fczenledi. Toplant\u0131, \u0130l M\u00fcd\u00fcrl\u00fc\u011f\u00fc toplant\u0131 salonunda ger\u00e7ekle\u015fti\" \/>\n<meta property=\"og:url\" content=\"https:\/\/e-ciftlik.com\/haberler\/tarim\/tarimsal-yayim-ve-danismanlik-toplantisi-duzcede-gerceklesti\/\" \/>\n<meta property=\"og:site_name\" content=\"E-&Ccedil;\u0130FTL\u0130K HABER\" \/>\n<meta property=\"article:publisher\" content=\"https:\/\/www.facebook.com\/eciftlikturkiye\" \/>\n<meta property=\"article:published_time\" content=\"2025-02-01T06:40:00+00:00\" \/>\n<meta property=\"og:image\" content=\"https:\/\/e-ciftlik.com\/haberler\/wp-content\/uploads\/2025\/02\/tarimsal-yayim-ve-danismanlik-komitesi-toplan-18323736_amp.jpg\" \/>\n\t<meta property=\"og:image:width\" content=\"1200\" \/>\n\t<meta property=\"og:image:height\" content=\"799\" \/>\n\t<meta property=\"og:image:type\" content=\"image\/jpeg\" \/>\n<meta name=\"author\" content=\"Haber Merkezi\" \/>\n<meta name=\"twitter:card\" content=\"summary_large_image\" \/>\n<meta name=\"twitter:creator\" content=\"@eciftlikresmi\" \/>\n<meta name=\"twitter:site\" content=\"@eciftlikresmi\" \/>\n<meta name=\"twitter:label1\" content=\"Yazan:\" \/>\n\t<meta name=\"twitter:data1\" content=\"Haber Merkezi\" \/>\n\t<meta name=\"twitter:label2\" content=\"Tahmini okuma s\u00fcresi\" \/>\n\t<meta name=\"twitter:data2\" content=\"1 dakika\" \/>\n<script type=\"application\/ld+json\" class=\"yoast-schema-graph\">{\"@context\":\"https:\\\/\\\/schema.org\",\"@graph\":[{\"@type\":\"NewsArticle\",\"@id\":\"https:\\\/\\\/e-ciftlik.com\\\/haberler\\\/tarim\\\/tarimsal-yayim-ve-danismanlik-toplantisi-duzcede-gerceklesti\\\/#article\",\"isPartOf\":{\"@id\":\"https:\\\/\\\/e-ciftlik.com\\\/haberler\\\/tarim\\\/tarimsal-yayim-ve-danismanlik-toplantisi-duzcede-gerceklesti\\\/\"},\"author\":{\"name\":\"Haber Merkezi\",\"@id\":\"http:\\\/\\\/e-ciftlik.com\\\/haberler\\\/#\\\/schema\\\/person\\\/d2f4fee3143d7f72be82cb887d51b00a\"},\"headline\":\"Tar\u0131msal Yay\u0131m ve Dan\u0131\u015fmanl\u0131k Toplant\u0131s\u0131 D\u00fczce&#8217;de Ger\u00e7ekle\u015fti\",\"datePublished\":\"2025-02-01T06:40:00+00:00\",\"mainEntityOfPage\":{\"@id\":\"https:\\\/\\\/e-ciftlik.com\\\/haberler\\\/tarim\\\/tarimsal-yayim-ve-danismanlik-toplantisi-duzcede-gerceklesti\\\/\"},\"wordCount\":203,\"commentCount\":0,\"publisher\":{\"@id\":\"http:\\\/\\\/e-ciftlik.com\\\/haberler\\\/#organization\"},\"image\":{\"@id\":\"https:\\\/\\\/e-ciftlik.com\\\/haberler\\\/tarim\\\/tarimsal-yayim-ve-danismanlik-toplantisi-duzcede-gerceklesti\\\/#primaryimage\"},\"thumbnailUrl\":\"https:\\\/\\\/e-ciftlik.com\\\/haberler\\\/wp-content\\\/uploads\\\/2025\\\/02\\\/tarimsal-yayim-ve-danismanlik-komitesi-toplan-18323736_amp.jpg\",\"articleSection\":[\"Tar\u0131m\"],\"inLanguage\":\"tr\",\"potentialAction\":[{\"@type\":\"CommentAction\",\"name\":\"Comment\",\"target\":[\"https:\\\/\\\/e-ciftlik.com\\\/haberler\\\/tarim\\\/tarimsal-yayim-ve-danismanlik-toplantisi-duzcede-gerceklesti\\\/#respond\"]}]},{\"@type\":\"WebPage\",\"@id\":\"https:\\\/\\\/e-ciftlik.com\\\/haberler\\\/tarim\\\/tarimsal-yayim-ve-danismanlik-toplantisi-duzcede-gerceklesti\\\/\",\"url\":\"https:\\\/\\\/e-ciftlik.com\\\/haberler\\\/tarim\\\/tarimsal-yayim-ve-danismanlik-toplantisi-duzcede-gerceklesti\\\/\",\"name\":\"Tar\u0131msal Yay\u0131m ve Dan\u0131\u015fmanl\u0131k Toplant\u0131s\u0131 D\u00fczce'de Ger\u00e7ekle\u015fti - E-&Ccedil;\u0130FTL\u0130K HABER\",\"isPartOf\":{\"@id\":\"http:\\\/\\\/e-ciftlik.com\\\/haberler\\\/#website\"},\"primaryImageOfPage\":{\"@id\":\"https:\\\/\\\/e-ciftlik.com\\\/haberler\\\/tarim\\\/tarimsal-yayim-ve-danismanlik-toplantisi-duzcede-gerceklesti\\\/#primaryimage\"},\"image\":{\"@id\":\"https:\\\/\\\/e-ciftlik.com\\\/haberler\\\/tarim\\\/tarimsal-yayim-ve-danismanlik-toplantisi-duzcede-gerceklesti\\\/#primaryimage\"},\"thumbnailUrl\":\"https:\\\/\\\/e-ciftlik.com\\\/haberler\\\/wp-content\\\/uploads\\\/2025\\\/02\\\/tarimsal-yayim-ve-danismanlik-komitesi-toplan-18323736_amp.jpg\",\"datePublished\":\"2025-02-01T06:40:00+00:00\",\"description\":\"D\u00fczce \u0130l Tar\u0131m M\u00fcd\u00fcrl\u00fc\u011f\u00fc, \\\"Tar\u0131msal Yay\u0131m ve Dan\u0131\u015fmanl\u0131k \u0130l Teknik Komitesi\\\" toplant\u0131s\u0131n\u0131 d\u00fczenledi. Toplant\u0131, \u0130l M\u00fcd\u00fcrl\u00fc\u011f\u00fc toplant\u0131 salonunda ger\u00e7ekle\u015fti\",\"breadcrumb\":{\"@id\":\"https:\\\/\\\/e-ciftlik.com\\\/haberler\\\/tarim\\\/tarimsal-yayim-ve-danismanlik-toplantisi-duzcede-gerceklesti\\\/#breadcrumb\"},\"inLanguage\":\"tr\",\"potentialAction\":[{\"@type\":\"ReadAction\",\"target\":[\"https:\\\/\\\/e-ciftlik.com\\\/haberler\\\/tarim\\\/tarimsal-yayim-ve-danismanlik-toplantisi-duzcede-gerceklesti\\\/\"]}]},{\"@type\":\"ImageObject\",\"inLanguage\":\"tr\",\"@id\":\"https:\\\/\\\/e-ciftlik.com\\\/haberler\\\/tarim\\\/tarimsal-yayim-ve-danismanlik-toplantisi-duzcede-gerceklesti\\\/#primaryimage\",\"url\":\"https:\\\/\\\/e-ciftlik.com\\\/haberler\\\/wp-content\\\/uploads\\\/2025\\\/02\\\/tarimsal-yayim-ve-danismanlik-komitesi-toplan-18323736_amp.jpg\",\"contentUrl\":\"https:\\\/\\\/e-ciftlik.com\\\/haberler\\\/wp-content\\\/uploads\\\/2025\\\/02\\\/tarimsal-yayim-ve-danismanlik-komitesi-toplan-18323736_amp.jpg\",\"width\":1200,\"height\":799},{\"@type\":\"BreadcrumbList\",\"@id\":\"https:\\\/\\\/e-ciftlik.com\\\/haberler\\\/tarim\\\/tarimsal-yayim-ve-danismanlik-toplantisi-duzcede-gerceklesti\\\/#breadcrumb\",\"itemListElement\":[{\"@type\":\"ListItem\",\"position\":1,\"name\":\"Anasayfa\",\"item\":\"http:\\\/\\\/e-ciftlik.com\\\/haberler\\\/\"},{\"@type\":\"ListItem\",\"position\":2,\"name\":\"Tar\u0131msal Yay\u0131m ve Dan\u0131\u015fmanl\u0131k Toplant\u0131s\u0131 D\u00fczce&#8217;de Ger\u00e7ekle\u015fti\"}]},{\"@type\":\"WebSite\",\"@id\":\"http:\\\/\\\/e-ciftlik.com\\\/haberler\\\/#website\",\"url\":\"http:\\\/\\\/e-ciftlik.com\\\/haberler\\\/\",\"name\":\"E-\u00c7iftlik Haber | G\u00fcncel, Son Dakika Haberler, En Son Haber\",\"description\":\"\",\"publisher\":{\"@id\":\"http:\\\/\\\/e-ciftlik.com\\\/haberler\\\/#organization\"},\"potentialAction\":[{\"@type\":\"SearchAction\",\"target\":{\"@type\":\"EntryPoint\",\"urlTemplate\":\"http:\\\/\\\/e-ciftlik.com\\\/haberler\\\/?s={search_term_string}\"},\"query-input\":{\"@type\":\"PropertyValueSpecification\",\"valueRequired\":true,\"valueName\":\"search_term_string\"}}],\"inLanguage\":\"tr\"},{\"@type\":\"Organization\",\"@id\":\"http:\\\/\\\/e-ciftlik.com\\\/haberler\\\/#organization\",\"name\":\"E-\u00c7\u0130FTL\u0130K HABER\",\"url\":\"http:\\\/\\\/e-ciftlik.com\\\/haberler\\\/\",\"logo\":{\"@type\":\"ImageObject\",\"inLanguage\":\"tr\",\"@id\":\"http:\\\/\\\/e-ciftlik.com\\\/haberler\\\/#\\\/schema\\\/logo\\\/image\\\/\",\"url\":\"https:\\\/\\\/e-ciftlik.com\\\/haberler\\\/wp-content\\\/uploads\\\/2024\\\/06\\\/cropped-cropped-favicon-1-2.png\",\"contentUrl\":\"https:\\\/\\\/e-ciftlik.com\\\/haberler\\\/wp-content\\\/uploads\\\/2024\\\/06\\\/cropped-cropped-favicon-1-2.png\",\"width\":512,\"height\":512,\"caption\":\"E-\u00c7\u0130FTL\u0130K HABER\"},\"image\":{\"@id\":\"http:\\\/\\\/e-ciftlik.com\\\/haberler\\\/#\\\/schema\\\/logo\\\/image\\\/\"},\"sameAs\":[\"https:\\\/\\\/www.facebook.com\\\/eciftlikturkiye\",\"https:\\\/\\\/x.com\\\/eciftlikresmi\",\"https:\\\/\\\/www.instagram.com\\\/eciftlikresmi\\\/\"]},{\"@type\":\"Person\",\"@id\":\"http:\\\/\\\/e-ciftlik.com\\\/haberler\\\/#\\\/schema\\\/person\\\/d2f4fee3143d7f72be82cb887d51b00a\",\"name\":\"Haber Merkezi\",\"image\":{\"@type\":\"ImageObject\",\"inLanguage\":\"tr\",\"@id\":\"https:\\\/\\\/secure.gravatar.com\\\/avatar\\\/6c27d641914e66c1d0452c92716002398782818991d86db1c2cccb531e7c7c82?s=96&d=mm&r=g\",\"url\":\"https:\\\/\\\/secure.gravatar.com\\\/avatar\\\/6c27d641914e66c1d0452c92716002398782818991d86db1c2cccb531e7c7c82?s=96&d=mm&r=g\",\"contentUrl\":\"https:\\\/\\\/secure.gravatar.com\\\/avatar\\\/6c27d641914e66c1d0452c92716002398782818991d86db1c2cccb531e7c7c82?s=96&d=mm&r=g\",\"caption\":\"Haber Merkezi\"},\"sameAs\":[\"http:\\\/\\\/e-ciftlik.com\\\/haberler\"]}]}<\/script>\n<!-- \/ Yoast SEO Premium plugin. -->","yoast_head_json":{"title":"Tar\u0131msal Yay\u0131m ve Dan\u0131\u015fmanl\u0131k Toplant\u0131s\u0131 D\u00fczce'de Ger\u00e7ekle\u015fti - E-&Ccedil;\u0130FTL\u0130K HABER","description":"D\u00fczce \u0130l Tar\u0131m M\u00fcd\u00fcrl\u00fc\u011f\u00fc, \"Tar\u0131msal Yay\u0131m ve Dan\u0131\u015fmanl\u0131k \u0130l Teknik Komitesi\" toplant\u0131s\u0131n\u0131 d\u00fczenledi. Toplant\u0131, \u0130l M\u00fcd\u00fcrl\u00fc\u011f\u00fc toplant\u0131 salonunda ger\u00e7ekle\u015fti","robots":{"index":"index","follow":"follow","max-snippet":"max-snippet:-1","max-image-preview":"max-image-preview:large","max-video-preview":"max-video-preview:-1"},"canonical":"https:\/\/e-ciftlik.com\/haberler\/tarim\/tarimsal-yayim-ve-danismanlik-toplantisi-duzcede-gerceklesti\/","og_locale":"tr_TR","og_type":"article","og_title":"Tar\u0131msal Yay\u0131m ve Dan\u0131\u015fmanl\u0131k Toplant\u0131s\u0131 D\u00fczce'de Ger\u00e7ekle\u015fti","og_description":"D\u00fczce \u0130l Tar\u0131m M\u00fcd\u00fcrl\u00fc\u011f\u00fc, \"Tar\u0131msal Yay\u0131m ve Dan\u0131\u015fmanl\u0131k \u0130l Teknik Komitesi\" toplant\u0131s\u0131n\u0131 d\u00fczenledi. Toplant\u0131, \u0130l M\u00fcd\u00fcrl\u00fc\u011f\u00fc toplant\u0131 salonunda ger\u00e7ekle\u015fti","og_url":"https:\/\/e-ciftlik.com\/haberler\/tarim\/tarimsal-yayim-ve-danismanlik-toplantisi-duzcede-gerceklesti\/","og_site_name":"E-&Ccedil;\u0130FTL\u0130K HABER","article_publisher":"https:\/\/www.facebook.com\/eciftlikturkiye","article_published_time":"2025-02-01T06:40:00+00:00","og_image":[{"width":1200,"height":799,"url":"https:\/\/e-ciftlik.com\/haberler\/wp-content\/uploads\/2025\/02\/tarimsal-yayim-ve-danismanlik-komitesi-toplan-18323736_amp.jpg","type":"image\/jpeg"}],"author":"Haber Merkezi","twitter_card":"summary_large_image","twitter_creator":"@eciftlikresmi","twitter_site":"@eciftlikresmi","twitter_misc":{"Yazan:":"Haber Merkezi","Tahmini okuma s\u00fcresi":"1 dakika"},"schema":{"@context":"https:\/\/schema.org","@graph":[{"@type":"NewsArticle","@id":"https:\/\/e-ciftlik.com\/haberler\/tarim\/tarimsal-yayim-ve-danismanlik-toplantisi-duzcede-gerceklesti\/#article","isPartOf":{"@id":"https:\/\/e-ciftlik.com\/haberler\/tarim\/tarimsal-yayim-ve-danismanlik-toplantisi-duzcede-gerceklesti\/"},"author":{"name":"Haber Merkezi","@id":"http:\/\/e-ciftlik.com\/haberler\/#\/schema\/person\/d2f4fee3143d7f72be82cb887d51b00a"},"headline":"Tar\u0131msal Yay\u0131m ve Dan\u0131\u015fmanl\u0131k Toplant\u0131s\u0131 D\u00fczce&#8217;de Ger\u00e7ekle\u015fti","datePublished":"2025-02-01T06:40:00+00:00","mainEntityOfPage":{"@id":"https:\/\/e-ciftlik.com\/haberler\/tarim\/tarimsal-yayim-ve-danismanlik-toplantisi-duzcede-gerceklesti\/"},"wordCount":203,"commentCount":0,"publisher":{"@id":"http:\/\/e-ciftlik.com\/haberler\/#organization"},"image":{"@id":"https:\/\/e-ciftlik.com\/haberler\/tarim\/tarimsal-yayim-ve-danismanlik-toplantisi-duzcede-gerceklesti\/#primaryimage"},"thumbnailUrl":"https:\/\/e-ciftlik.com\/haberler\/wp-content\/uploads\/2025\/02\/tarimsal-yayim-ve-danismanlik-komitesi-toplan-18323736_amp.jpg","articleSection":["Tar\u0131m"],"inLanguage":"tr","potentialAction":[{"@type":"CommentAction","name":"Comment","target":["https:\/\/e-ciftlik.com\/haberler\/tarim\/tarimsal-yayim-ve-danismanlik-toplantisi-duzcede-gerceklesti\/#respond"]}]},{"@type":"WebPage","@id":"https:\/\/e-ciftlik.com\/haberler\/tarim\/tarimsal-yayim-ve-danismanlik-toplantisi-duzcede-gerceklesti\/","url":"https:\/\/e-ciftlik.com\/haberler\/tarim\/tarimsal-yayim-ve-danismanlik-toplantisi-duzcede-gerceklesti\/","name":"Tar\u0131msal Yay\u0131m ve Dan\u0131\u015fmanl\u0131k Toplant\u0131s\u0131 D\u00fczce'de Ger\u00e7ekle\u015fti - E-&Ccedil;\u0130FTL\u0130K HABER","isPartOf":{"@id":"http:\/\/e-ciftlik.com\/haberler\/#website"},"primaryImageOfPage":{"@id":"https:\/\/e-ciftlik.com\/haberler\/tarim\/tarimsal-yayim-ve-danismanlik-toplantisi-duzcede-gerceklesti\/#primaryimage"},"image":{"@id":"https:\/\/e-ciftlik.com\/haberler\/tarim\/tarimsal-yayim-ve-danismanlik-toplantisi-duzcede-gerceklesti\/#primaryimage"},"thumbnailUrl":"https:\/\/e-ciftlik.com\/haberler\/wp-content\/uploads\/2025\/02\/tarimsal-yayim-ve-danismanlik-komitesi-toplan-18323736_amp.jpg","datePublished":"2025-02-01T06:40:00+00:00","description":"D\u00fczce \u0130l Tar\u0131m M\u00fcd\u00fcrl\u00fc\u011f\u00fc, \"Tar\u0131msal Yay\u0131m ve Dan\u0131\u015fmanl\u0131k \u0130l Teknik Komitesi\" toplant\u0131s\u0131n\u0131 d\u00fczenledi. Toplant\u0131, \u0130l M\u00fcd\u00fcrl\u00fc\u011f\u00fc toplant\u0131 salonunda ger\u00e7ekle\u015fti","breadcrumb":{"@id":"https:\/\/e-ciftlik.com\/haberler\/tarim\/tarimsal-yayim-ve-danismanlik-toplantisi-duzcede-gerceklesti\/#breadcrumb"},"inLanguage":"tr","potentialAction":[{"@type":"ReadAction","target":["https:\/\/e-ciftlik.com\/haberler\/tarim\/tarimsal-yayim-ve-danismanlik-toplantisi-duzcede-gerceklesti\/"]}]},{"@type":"ImageObject","inLanguage":"tr","@id":"https:\/\/e-ciftlik.com\/haberler\/tarim\/tarimsal-yayim-ve-danismanlik-toplantisi-duzcede-gerceklesti\/#primaryimage","url":"https:\/\/e-ciftlik.com\/haberler\/wp-content\/uploads\/2025\/02\/tarimsal-yayim-ve-danismanlik-komitesi-toplan-18323736_amp.jpg","contentUrl":"https:\/\/e-ciftlik.com\/haberler\/wp-content\/uploads\/2025\/02\/tarimsal-yayim-ve-danismanlik-komitesi-toplan-18323736_amp.jpg","width":1200,"height":799},{"@type":"BreadcrumbList","@id":"https:\/\/e-ciftlik.com\/haberler\/tarim\/tarimsal-yayim-ve-danismanlik-toplantisi-duzcede-gerceklesti\/#breadcrumb","itemListElement":[{"@type":"ListItem","position":1,"name":"Anasayfa","item":"http:\/\/e-ciftlik.com\/haberler\/"},{"@type":"ListItem","position":2,"name":"Tar\u0131msal Yay\u0131m ve Dan\u0131\u015fmanl\u0131k Toplant\u0131s\u0131 D\u00fczce&#8217;de Ger\u00e7ekle\u015fti"}]},{"@type":"WebSite","@id":"http:\/\/e-ciftlik.com\/haberler\/#website","url":"http:\/\/e-ciftlik.com\/haberler\/","name":"E-\u00c7iftlik Haber | G\u00fcncel, Son Dakika Haberler, En Son Haber","description":"","publisher":{"@id":"http:\/\/e-ciftlik.com\/haberler\/#organization"},"potentialAction":[{"@type":"SearchAction","target":{"@type":"EntryPoint","urlTemplate":"http:\/\/e-ciftlik.com\/haberler\/?s={search_term_string}"},"query-input":{"@type":"PropertyValueSpecification","valueRequired":true,"valueName":"search_term_string"}}],"inLanguage":"tr"},{"@type":"Organization","@id":"http:\/\/e-ciftlik.com\/haberler\/#organization","name":"E-\u00c7\u0130FTL\u0130K HABER","url":"http:\/\/e-ciftlik.com\/haberler\/","logo":{"@type":"ImageObject","inLanguage":"tr","@id":"http:\/\/e-ciftlik.com\/haberler\/#\/schema\/logo\/image\/","url":"https:\/\/e-ciftlik.com\/haberler\/wp-content\/uploads\/2024\/06\/cropped-cropped-favicon-1-2.png","contentUrl":"https:\/\/e-ciftlik.com\/haberler\/wp-content\/uploads\/2024\/06\/cropped-cropped-favicon-1-2.png","width":512,"height":512,"caption":"E-\u00c7\u0130FTL\u0130K HABER"},"image":{"@id":"http:\/\/e-ciftlik.com\/haberler\/#\/schema\/logo\/image\/"},"sameAs":["https:\/\/www.facebook.com\/eciftlikturkiye","https:\/\/x.com\/eciftlikresmi","https:\/\/www.instagram.com\/eciftlikresmi\/"]},{"@type":"Person","@id":"http:\/\/e-ciftlik.com\/haberler\/#\/schema\/person\/d2f4fee3143d7f72be82cb887d51b00a","name":"Haber Merkezi","image":{"@type":"ImageObject","inLanguage":"tr","@id":"https:\/\/secure.gravatar.com\/avatar\/6c27d641914e66c1d0452c92716002398782818991d86db1c2cccb531e7c7c82?s=96&d=mm&r=g","url":"https:\/\/secure.gravatar.com\/avatar\/6c27d641914e66c1d0452c92716002398782818991d86db1c2cccb531e7c7c82?s=96&d=mm&r=g","contentUrl":"https:\/\/secure.gravatar.com\/avatar\/6c27d641914e66c1d0452c92716002398782818991d86db1c2cccb531e7c7c82?s=96&d=mm&r=g","caption":"Haber Merkezi"},"sameAs":["http:\/\/e-ciftlik.com\/haberler"]}]}},"_links":{"self":[{"href":"https:\/\/e-ciftlik.com\/haberler\/wp-json\/wp\/v2\/posts\/76863","targetHints":{"allow":["GET"]}}],"collection":[{"href":"https:\/\/e-ciftlik.com\/haberler\/wp-json\/wp\/v2\/posts"}],"about":[{"href":"https:\/\/e-ciftlik.com\/haberler\/wp-json\/wp\/v2\/types\/post"}],"author":[{"embeddable":true,"href":"https:\/\/e-ciftlik.com\/haberler\/wp-json\/wp\/v2\/users\/1"}],"replies":[{"embeddable":true,"href":"https:\/\/e-ciftlik.com\/haberler\/wp-json\/wp\/v2\/comments?post=76863"}],"version-history":[{"count":0,"href":"https:\/\/e-ciftlik.com\/haberler\/wp-json\/wp\/v2\/posts\/76863\/revisions"}],"wp:featuredmedia":[{"embeddable":true,"href":"https:\/\/e-ciftlik.com\/haberler\/wp-json\/wp\/v2\/media\/76864"}],"wp:attachment":[{"href":"https:\/\/e-ciftlik.com\/haberler\/wp-json\/wp\/v2\/media?parent=76863"}],"wp:term":[{"taxonomy":"category","embeddable":true,"href":"https:\/\/e-ciftlik.com\/haberler\/wp-json\/wp\/v2\/categories?post=76863"},{"taxonomy":"post_tag","embeddable":true,"href":"https:\/\/e-ciftlik.com\/haberler\/wp-json\/wp\/v2\/tags?post=76863"}],"curies":[{"name":"wp","href":"https:\/\/api.w.org\/{rel}","templated":true}]}}