{"id":76865,"date":"2025-02-01T07:32:22","date_gmt":"2025-02-01T07:32:22","guid":{"rendered":"http:\/\/e-ciftlik.com\/haberler\/dizi\/matthew-lillard-scream-7-filmiyle-geri-donuyor\/"},"modified":"2025-02-01T07:32:22","modified_gmt":"2025-02-01T07:32:22","slug":"matthew-lillard-scream-7-filmiyle-geri-donuyor","status":"publish","type":"post","link":"https:\/\/e-ciftlik.com\/haberler\/dizi\/matthew-lillard-scream-7-filmiyle-geri-donuyor\/","title":{"rendered":"Matthew Lillard &#8220;Scream 7&#8221; Filmiyle Geri D\u00f6n\u00fcyor"},"content":{"rendered":"<p>Matthew Lillard, 1996 yap\u0131m\u0131 ilk &#8220;Scream&#8221; filminde Stuart &#8220;Stu&#8221; Macher karakterini canland\u0131rm\u0131\u015ft\u0131. 20 y\u0131l sonra Spyglass\/Paramount&#8217;un yap\u0131mc\u0131l\u0131\u011f\u0131ndaki &#8220;Scream 7&#8221; filmiyle seriye geri d\u00f6n\u00fcyor. Stu&#8217;nun bir ikizi mi var? Lillard\u2019\u0131n Instagram payla\u015f\u0131m\u0131na bak\u0131l\u0131rsa \u00f6yle g\u00f6r\u00fcnm\u00fcyor. En son, 29 y\u0131l \u00f6nce korku filmi merakl\u0131s\u0131 Stu\u2019yu Neve Campbell\u2019\u0131n Sidney karakterini \u00f6ld\u00fcrmeye \u00e7al\u0131\u015f\u0131rken g\u00f6rm\u00fc\u015ft\u00fck. Ancak Sidney onu alt etmeyi ba\u015farm\u0131\u015f ve kafas\u0131na bir televizyon d\u00fc\u015f\u00fcrm\u00fc\u015ft\u00fc. Ayr\u0131ca Billy ve Stu, tam Sidney onlar\u0131 alt etmeden \u00f6nce, kendilerini kurban gibi g\u00f6sterebilmek i\u00e7in birbirlerini b\u0131\u00e7aklam\u0131\u015ft\u0131. <\/p>\n<p>Lillard; eski kadro \u00fcyeleri Neve Campbell ve Courteney Cox\u2019un yan\u0131 s\u0131ra, kadroda Scott Foley, Mason Gooding ve Jasmin Savoy Brown ile birlikte yer alacak. Filmde yeni isimler Isabel May, Celeste O\u2019Connor, Asa Germann, Mckenna Grace, Sam Rechner, Anna Camp, Joel McHale ve Mark Consuelos da bulunuyor. Filmi, serinin yarat\u0131c\u0131lar\u0131ndan Kevin Williamson y\u00f6netiyor. Guy Busick ise senaryoyu yaz\u0131yor. Project X Entertainment\u2019dan James Vanderbilt, William Sherak ve Paul Neinstein yap\u0131mc\u0131l\u0131\u011f\u0131n\u0131 \u00fcstleniyor. <\/p>\n<p>Uzun soluklu korku serisinin ilk d\u00f6rt filmi olan &#8220;Scream&#8221; (1996), &#8220;Scream 2&#8221; (1997), &#8220;Scream 3&#8221; (2000) ve &#8220;Scream 4&#8221; (2011), merhum Wes Craven taraf\u0131ndan y\u00f6netilmi\u015fti. Seri, 2022\u2019de &#8220;Scream&#8221; adl\u0131 be\u015finci filmle yeniden ba\u015flam\u0131\u015ft\u0131. En son \u00e7\u0131kan &#8220;Scream VI&#8221; filmi, Mart 2023\u2019te d\u00fcnya \u00e7ap\u0131nda vizyona girdi ve 108 milyon dolar ile serinin en y\u00fcksek i\u00e7 pazar gi\u015fesini elde etti, d\u00fcnya \u00e7ap\u0131nda ise 169 milyon dolar\u0131n \u00fczerinde has\u0131lat yapt\u0131. Toplamda, t\u00fcm &#8220;Scream&#8221; filmleri d\u00fcnya \u00e7ap\u0131nda 900 milyon dolardan fazla gi\u015fe geliri elde etti. <\/p>\n<p>&#8220;Scream 7&#8221;, 27 \u015eubat 2026\u2019da Paramount arac\u0131l\u0131\u011f\u0131yla ABD sinemalar\u0131nda vizyona girecek.<\/p>\n","protected":false},"excerpt":{"rendered":"<p>Matthew Lillard, 1996 yap\u0131m\u0131 ilk &#8220;Scream&#8221; filminde Stuart &#8220;Stu&#8221; Macher karakterini canland\u0131rm\u0131\u015ft\u0131. 20 y\u0131l sonra&hellip;<\/p>\n","protected":false},"author":1,"featured_media":76866,"comment_status":"open","ping_status":"open","sticky":false,"template":"","format":"standard","meta":{"footnotes":""},"categories":[13],"tags":[],"class_list":["post-76865","post","type-post","status-publish","format-standard","has-post-thumbnail","hentry","category-dizi"],"yoast_head":"<!-- This site is optimized with the Yoast SEO Premium plugin v24.3 (Yoast SEO v27.4) - https:\/\/yoast.com\/product\/yoast-seo-premium-wordpress\/ -->\n<title>Matthew Lillard &quot;Scream 7&quot; Filmiyle Geri D\u00f6n\u00fcyor - E-&Ccedil;\u0130FTL\u0130K HABER<\/title>\n<meta name=\"description\" content=\"Matthew Lillard, 1996 yap\u0131m\u0131 ilk &quot;Scream&quot; filminde Stuart &quot;Stu&quot; Macher karakterini canland\u0131rm\u0131\u015ft\u0131. 20 y\u0131l sonra Spyglass\/Paramount&#039;un yap\u0131mc\u0131l\u0131\u011f\u0131ndaki\" \/>\n<meta name=\"robots\" content=\"index, follow, max-snippet:-1, max-image-preview:large, max-video-preview:-1\" \/>\n<link rel=\"canonical\" href=\"https:\/\/e-ciftlik.com\/haberler\/dizi\/matthew-lillard-scream-7-filmiyle-geri-donuyor\/\" \/>\n<meta property=\"og:locale\" content=\"tr_TR\" \/>\n<meta property=\"og:type\" content=\"article\" \/>\n<meta property=\"og:title\" content=\"Matthew Lillard &quot;Scream 7&quot; Filmiyle Geri D\u00f6n\u00fcyor\" \/>\n<meta property=\"og:description\" content=\"Matthew Lillard, 1996 yap\u0131m\u0131 ilk &quot;Scream&quot; filminde Stuart &quot;Stu&quot; Macher karakterini canland\u0131rm\u0131\u015ft\u0131. 20 y\u0131l sonra Spyglass\/Paramount&#039;un yap\u0131mc\u0131l\u0131\u011f\u0131ndaki\" \/>\n<meta property=\"og:url\" content=\"https:\/\/e-ciftlik.com\/haberler\/dizi\/matthew-lillard-scream-7-filmiyle-geri-donuyor\/\" \/>\n<meta property=\"og:site_name\" content=\"E-&Ccedil;\u0130FTL\u0130K HABER\" \/>\n<meta property=\"article:publisher\" content=\"https:\/\/www.facebook.com\/eciftlikturkiye\" \/>\n<meta property=\"article:published_time\" content=\"2025-02-01T07:32:22+00:00\" \/>\n<meta property=\"og:image\" content=\"https:\/\/e-ciftlik.com\/haberler\/wp-content\/uploads\/2025\/02\/df4c89a523c689cd2b60dba9126692eb.png\" \/>\n\t<meta property=\"og:image:width\" content=\"1280\" \/>\n\t<meta property=\"og:image:height\" content=\"720\" \/>\n\t<meta property=\"og:image:type\" content=\"image\/png\" \/>\n<meta name=\"author\" content=\"Haber Merkezi\" \/>\n<meta name=\"twitter:card\" content=\"summary_large_image\" \/>\n<meta name=\"twitter:creator\" content=\"@eciftlikresmi\" \/>\n<meta name=\"twitter:site\" content=\"@eciftlikresmi\" \/>\n<meta name=\"twitter:label1\" content=\"Yazan:\" \/>\n\t<meta name=\"twitter:data1\" content=\"Haber Merkezi\" \/>\n\t<meta name=\"twitter:label2\" content=\"Tahmini okuma s\u00fcresi\" \/>\n\t<meta name=\"twitter:data2\" content=\"1 dakika\" \/>\n<script type=\"application\/ld+json\" class=\"yoast-schema-graph\">{\"@context\":\"https:\\\/\\\/schema.org\",\"@graph\":[{\"@type\":\"NewsArticle\",\"@id\":\"https:\\\/\\\/e-ciftlik.com\\\/haberler\\\/dizi\\\/matthew-lillard-scream-7-filmiyle-geri-donuyor\\\/#article\",\"isPartOf\":{\"@id\":\"https:\\\/\\\/e-ciftlik.com\\\/haberler\\\/dizi\\\/matthew-lillard-scream-7-filmiyle-geri-donuyor\\\/\"},\"author\":{\"name\":\"Haber Merkezi\",\"@id\":\"https:\\\/\\\/e-ciftlik.com\\\/haberler\\\/#\\\/schema\\\/person\\\/d2f4fee3143d7f72be82cb887d51b00a\"},\"headline\":\"Matthew Lillard &#8220;Scream 7&#8221; Filmiyle Geri D\u00f6n\u00fcyor\",\"datePublished\":\"2025-02-01T07:32:22+00:00\",\"mainEntityOfPage\":{\"@id\":\"https:\\\/\\\/e-ciftlik.com\\\/haberler\\\/dizi\\\/matthew-lillard-scream-7-filmiyle-geri-donuyor\\\/\"},\"wordCount\":303,\"commentCount\":0,\"publisher\":{\"@id\":\"https:\\\/\\\/e-ciftlik.com\\\/haberler\\\/#organization\"},\"image\":{\"@id\":\"https:\\\/\\\/e-ciftlik.com\\\/haberler\\\/dizi\\\/matthew-lillard-scream-7-filmiyle-geri-donuyor\\\/#primaryimage\"},\"thumbnailUrl\":\"https:\\\/\\\/e-ciftlik.com\\\/haberler\\\/wp-content\\\/uploads\\\/2025\\\/02\\\/df4c89a523c689cd2b60dba9126692eb.png\",\"articleSection\":[\"Dizi\"],\"inLanguage\":\"tr\",\"potentialAction\":[{\"@type\":\"CommentAction\",\"name\":\"Comment\",\"target\":[\"https:\\\/\\\/e-ciftlik.com\\\/haberler\\\/dizi\\\/matthew-lillard-scream-7-filmiyle-geri-donuyor\\\/#respond\"]}]},{\"@type\":\"WebPage\",\"@id\":\"https:\\\/\\\/e-ciftlik.com\\\/haberler\\\/dizi\\\/matthew-lillard-scream-7-filmiyle-geri-donuyor\\\/\",\"url\":\"https:\\\/\\\/e-ciftlik.com\\\/haberler\\\/dizi\\\/matthew-lillard-scream-7-filmiyle-geri-donuyor\\\/\",\"name\":\"Matthew Lillard \\\"Scream 7\\\" Filmiyle Geri D\u00f6n\u00fcyor - E-&Ccedil;\u0130FTL\u0130K HABER\",\"isPartOf\":{\"@id\":\"https:\\\/\\\/e-ciftlik.com\\\/haberler\\\/#website\"},\"primaryImageOfPage\":{\"@id\":\"https:\\\/\\\/e-ciftlik.com\\\/haberler\\\/dizi\\\/matthew-lillard-scream-7-filmiyle-geri-donuyor\\\/#primaryimage\"},\"image\":{\"@id\":\"https:\\\/\\\/e-ciftlik.com\\\/haberler\\\/dizi\\\/matthew-lillard-scream-7-filmiyle-geri-donuyor\\\/#primaryimage\"},\"thumbnailUrl\":\"https:\\\/\\\/e-ciftlik.com\\\/haberler\\\/wp-content\\\/uploads\\\/2025\\\/02\\\/df4c89a523c689cd2b60dba9126692eb.png\",\"datePublished\":\"2025-02-01T07:32:22+00:00\",\"description\":\"Matthew Lillard, 1996 yap\u0131m\u0131 ilk \\\"Scream\\\" filminde Stuart \\\"Stu\\\" Macher karakterini canland\u0131rm\u0131\u015ft\u0131. 20 y\u0131l sonra Spyglass\\\/Paramount'un yap\u0131mc\u0131l\u0131\u011f\u0131ndaki\",\"breadcrumb\":{\"@id\":\"https:\\\/\\\/e-ciftlik.com\\\/haberler\\\/dizi\\\/matthew-lillard-scream-7-filmiyle-geri-donuyor\\\/#breadcrumb\"},\"inLanguage\":\"tr\",\"potentialAction\":[{\"@type\":\"ReadAction\",\"target\":[\"https:\\\/\\\/e-ciftlik.com\\\/haberler\\\/dizi\\\/matthew-lillard-scream-7-filmiyle-geri-donuyor\\\/\"]}]},{\"@type\":\"ImageObject\",\"inLanguage\":\"tr\",\"@id\":\"https:\\\/\\\/e-ciftlik.com\\\/haberler\\\/dizi\\\/matthew-lillard-scream-7-filmiyle-geri-donuyor\\\/#primaryimage\",\"url\":\"https:\\\/\\\/e-ciftlik.com\\\/haberler\\\/wp-content\\\/uploads\\\/2025\\\/02\\\/df4c89a523c689cd2b60dba9126692eb.png\",\"contentUrl\":\"https:\\\/\\\/e-ciftlik.com\\\/haberler\\\/wp-content\\\/uploads\\\/2025\\\/02\\\/df4c89a523c689cd2b60dba9126692eb.png\",\"width\":1280,\"height\":720},{\"@type\":\"BreadcrumbList\",\"@id\":\"https:\\\/\\\/e-ciftlik.com\\\/haberler\\\/dizi\\\/matthew-lillard-scream-7-filmiyle-geri-donuyor\\\/#breadcrumb\",\"itemListElement\":[{\"@type\":\"ListItem\",\"position\":1,\"name\":\"Anasayfa\",\"item\":\"https:\\\/\\\/e-ciftlik.com\\\/haberler\\\/\"},{\"@type\":\"ListItem\",\"position\":2,\"name\":\"Matthew Lillard &#8220;Scream 7&#8221; Filmiyle Geri D\u00f6n\u00fcyor\"}]},{\"@type\":\"WebSite\",\"@id\":\"https:\\\/\\\/e-ciftlik.com\\\/haberler\\\/#website\",\"url\":\"https:\\\/\\\/e-ciftlik.com\\\/haberler\\\/\",\"name\":\"E-\u00c7iftlik Haber | G\u00fcncel, Son Dakika Haberler, En Son Haber\",\"description\":\"\",\"publisher\":{\"@id\":\"https:\\\/\\\/e-ciftlik.com\\\/haberler\\\/#organization\"},\"potentialAction\":[{\"@type\":\"SearchAction\",\"target\":{\"@type\":\"EntryPoint\",\"urlTemplate\":\"https:\\\/\\\/e-ciftlik.com\\\/haberler\\\/?s={search_term_string}\"},\"query-input\":{\"@type\":\"PropertyValueSpecification\",\"valueRequired\":true,\"valueName\":\"search_term_string\"}}],\"inLanguage\":\"tr\"},{\"@type\":\"Organization\",\"@id\":\"https:\\\/\\\/e-ciftlik.com\\\/haberler\\\/#organization\",\"name\":\"E-\u00c7\u0130FTL\u0130K HABER\",\"url\":\"https:\\\/\\\/e-ciftlik.com\\\/haberler\\\/\",\"logo\":{\"@type\":\"ImageObject\",\"inLanguage\":\"tr\",\"@id\":\"https:\\\/\\\/e-ciftlik.com\\\/haberler\\\/#\\\/schema\\\/logo\\\/image\\\/\",\"url\":\"https:\\\/\\\/e-ciftlik.com\\\/haberler\\\/wp-content\\\/uploads\\\/2024\\\/06\\\/cropped-cropped-favicon-1-2.png\",\"contentUrl\":\"https:\\\/\\\/e-ciftlik.com\\\/haberler\\\/wp-content\\\/uploads\\\/2024\\\/06\\\/cropped-cropped-favicon-1-2.png\",\"width\":512,\"height\":512,\"caption\":\"E-\u00c7\u0130FTL\u0130K HABER\"},\"image\":{\"@id\":\"https:\\\/\\\/e-ciftlik.com\\\/haberler\\\/#\\\/schema\\\/logo\\\/image\\\/\"},\"sameAs\":[\"https:\\\/\\\/www.facebook.com\\\/eciftlikturkiye\",\"https:\\\/\\\/x.com\\\/eciftlikresmi\",\"https:\\\/\\\/www.instagram.com\\\/eciftlikresmi\\\/\"]},{\"@type\":\"Person\",\"@id\":\"https:\\\/\\\/e-ciftlik.com\\\/haberler\\\/#\\\/schema\\\/person\\\/d2f4fee3143d7f72be82cb887d51b00a\",\"name\":\"Haber Merkezi\",\"image\":{\"@type\":\"ImageObject\",\"inLanguage\":\"tr\",\"@id\":\"https:\\\/\\\/secure.gravatar.com\\\/avatar\\\/6c27d641914e66c1d0452c92716002398782818991d86db1c2cccb531e7c7c82?s=96&d=mm&r=g\",\"url\":\"https:\\\/\\\/secure.gravatar.com\\\/avatar\\\/6c27d641914e66c1d0452c92716002398782818991d86db1c2cccb531e7c7c82?s=96&d=mm&r=g\",\"contentUrl\":\"https:\\\/\\\/secure.gravatar.com\\\/avatar\\\/6c27d641914e66c1d0452c92716002398782818991d86db1c2cccb531e7c7c82?s=96&d=mm&r=g\",\"caption\":\"Haber Merkezi\"},\"sameAs\":[\"http:\\\/\\\/e-ciftlik.com\\\/haberler\"]}]}<\/script>\n<!-- \/ Yoast SEO Premium plugin. -->","yoast_head_json":{"title":"Matthew Lillard \"Scream 7\" Filmiyle Geri D\u00f6n\u00fcyor - E-&Ccedil;\u0130FTL\u0130K HABER","description":"Matthew Lillard, 1996 yap\u0131m\u0131 ilk \"Scream\" filminde Stuart \"Stu\" Macher karakterini canland\u0131rm\u0131\u015ft\u0131. 20 y\u0131l sonra Spyglass\/Paramount'un yap\u0131mc\u0131l\u0131\u011f\u0131ndaki","robots":{"index":"index","follow":"follow","max-snippet":"max-snippet:-1","max-image-preview":"max-image-preview:large","max-video-preview":"max-video-preview:-1"},"canonical":"https:\/\/e-ciftlik.com\/haberler\/dizi\/matthew-lillard-scream-7-filmiyle-geri-donuyor\/","og_locale":"tr_TR","og_type":"article","og_title":"Matthew Lillard \"Scream 7\" Filmiyle Geri D\u00f6n\u00fcyor","og_description":"Matthew Lillard, 1996 yap\u0131m\u0131 ilk \"Scream\" filminde Stuart \"Stu\" Macher karakterini canland\u0131rm\u0131\u015ft\u0131. 20 y\u0131l sonra Spyglass\/Paramount'un yap\u0131mc\u0131l\u0131\u011f\u0131ndaki","og_url":"https:\/\/e-ciftlik.com\/haberler\/dizi\/matthew-lillard-scream-7-filmiyle-geri-donuyor\/","og_site_name":"E-&Ccedil;\u0130FTL\u0130K HABER","article_publisher":"https:\/\/www.facebook.com\/eciftlikturkiye","article_published_time":"2025-02-01T07:32:22+00:00","og_image":[{"width":1280,"height":720,"url":"https:\/\/e-ciftlik.com\/haberler\/wp-content\/uploads\/2025\/02\/df4c89a523c689cd2b60dba9126692eb.png","type":"image\/png"}],"author":"Haber Merkezi","twitter_card":"summary_large_image","twitter_creator":"@eciftlikresmi","twitter_site":"@eciftlikresmi","twitter_misc":{"Yazan:":"Haber Merkezi","Tahmini okuma s\u00fcresi":"1 dakika"},"schema":{"@context":"https:\/\/schema.org","@graph":[{"@type":"NewsArticle","@id":"https:\/\/e-ciftlik.com\/haberler\/dizi\/matthew-lillard-scream-7-filmiyle-geri-donuyor\/#article","isPartOf":{"@id":"https:\/\/e-ciftlik.com\/haberler\/dizi\/matthew-lillard-scream-7-filmiyle-geri-donuyor\/"},"author":{"name":"Haber Merkezi","@id":"https:\/\/e-ciftlik.com\/haberler\/#\/schema\/person\/d2f4fee3143d7f72be82cb887d51b00a"},"headline":"Matthew Lillard &#8220;Scream 7&#8221; Filmiyle Geri D\u00f6n\u00fcyor","datePublished":"2025-02-01T07:32:22+00:00","mainEntityOfPage":{"@id":"https:\/\/e-ciftlik.com\/haberler\/dizi\/matthew-lillard-scream-7-filmiyle-geri-donuyor\/"},"wordCount":303,"commentCount":0,"publisher":{"@id":"https:\/\/e-ciftlik.com\/haberler\/#organization"},"image":{"@id":"https:\/\/e-ciftlik.com\/haberler\/dizi\/matthew-lillard-scream-7-filmiyle-geri-donuyor\/#primaryimage"},"thumbnailUrl":"https:\/\/e-ciftlik.com\/haberler\/wp-content\/uploads\/2025\/02\/df4c89a523c689cd2b60dba9126692eb.png","articleSection":["Dizi"],"inLanguage":"tr","potentialAction":[{"@type":"CommentAction","name":"Comment","target":["https:\/\/e-ciftlik.com\/haberler\/dizi\/matthew-lillard-scream-7-filmiyle-geri-donuyor\/#respond"]}]},{"@type":"WebPage","@id":"https:\/\/e-ciftlik.com\/haberler\/dizi\/matthew-lillard-scream-7-filmiyle-geri-donuyor\/","url":"https:\/\/e-ciftlik.com\/haberler\/dizi\/matthew-lillard-scream-7-filmiyle-geri-donuyor\/","name":"Matthew Lillard \"Scream 7\" Filmiyle Geri D\u00f6n\u00fcyor - E-&Ccedil;\u0130FTL\u0130K HABER","isPartOf":{"@id":"https:\/\/e-ciftlik.com\/haberler\/#website"},"primaryImageOfPage":{"@id":"https:\/\/e-ciftlik.com\/haberler\/dizi\/matthew-lillard-scream-7-filmiyle-geri-donuyor\/#primaryimage"},"image":{"@id":"https:\/\/e-ciftlik.com\/haberler\/dizi\/matthew-lillard-scream-7-filmiyle-geri-donuyor\/#primaryimage"},"thumbnailUrl":"https:\/\/e-ciftlik.com\/haberler\/wp-content\/uploads\/2025\/02\/df4c89a523c689cd2b60dba9126692eb.png","datePublished":"2025-02-01T07:32:22+00:00","description":"Matthew Lillard, 1996 yap\u0131m\u0131 ilk \"Scream\" filminde Stuart \"Stu\" Macher karakterini canland\u0131rm\u0131\u015ft\u0131. 20 y\u0131l sonra Spyglass\/Paramount'un yap\u0131mc\u0131l\u0131\u011f\u0131ndaki","breadcrumb":{"@id":"https:\/\/e-ciftlik.com\/haberler\/dizi\/matthew-lillard-scream-7-filmiyle-geri-donuyor\/#breadcrumb"},"inLanguage":"tr","potentialAction":[{"@type":"ReadAction","target":["https:\/\/e-ciftlik.com\/haberler\/dizi\/matthew-lillard-scream-7-filmiyle-geri-donuyor\/"]}]},{"@type":"ImageObject","inLanguage":"tr","@id":"https:\/\/e-ciftlik.com\/haberler\/dizi\/matthew-lillard-scream-7-filmiyle-geri-donuyor\/#primaryimage","url":"https:\/\/e-ciftlik.com\/haberler\/wp-content\/uploads\/2025\/02\/df4c89a523c689cd2b60dba9126692eb.png","contentUrl":"https:\/\/e-ciftlik.com\/haberler\/wp-content\/uploads\/2025\/02\/df4c89a523c689cd2b60dba9126692eb.png","width":1280,"height":720},{"@type":"BreadcrumbList","@id":"https:\/\/e-ciftlik.com\/haberler\/dizi\/matthew-lillard-scream-7-filmiyle-geri-donuyor\/#breadcrumb","itemListElement":[{"@type":"ListItem","position":1,"name":"Anasayfa","item":"https:\/\/e-ciftlik.com\/haberler\/"},{"@type":"ListItem","position":2,"name":"Matthew Lillard &#8220;Scream 7&#8221; Filmiyle Geri D\u00f6n\u00fcyor"}]},{"@type":"WebSite","@id":"https:\/\/e-ciftlik.com\/haberler\/#website","url":"https:\/\/e-ciftlik.com\/haberler\/","name":"E-\u00c7iftlik Haber | G\u00fcncel, Son Dakika Haberler, En Son Haber","description":"","publisher":{"@id":"https:\/\/e-ciftlik.com\/haberler\/#organization"},"potentialAction":[{"@type":"SearchAction","target":{"@type":"EntryPoint","urlTemplate":"https:\/\/e-ciftlik.com\/haberler\/?s={search_term_string}"},"query-input":{"@type":"PropertyValueSpecification","valueRequired":true,"valueName":"search_term_string"}}],"inLanguage":"tr"},{"@type":"Organization","@id":"https:\/\/e-ciftlik.com\/haberler\/#organization","name":"E-\u00c7\u0130FTL\u0130K HABER","url":"https:\/\/e-ciftlik.com\/haberler\/","logo":{"@type":"ImageObject","inLanguage":"tr","@id":"https:\/\/e-ciftlik.com\/haberler\/#\/schema\/logo\/image\/","url":"https:\/\/e-ciftlik.com\/haberler\/wp-content\/uploads\/2024\/06\/cropped-cropped-favicon-1-2.png","contentUrl":"https:\/\/e-ciftlik.com\/haberler\/wp-content\/uploads\/2024\/06\/cropped-cropped-favicon-1-2.png","width":512,"height":512,"caption":"E-\u00c7\u0130FTL\u0130K HABER"},"image":{"@id":"https:\/\/e-ciftlik.com\/haberler\/#\/schema\/logo\/image\/"},"sameAs":["https:\/\/www.facebook.com\/eciftlikturkiye","https:\/\/x.com\/eciftlikresmi","https:\/\/www.instagram.com\/eciftlikresmi\/"]},{"@type":"Person","@id":"https:\/\/e-ciftlik.com\/haberler\/#\/schema\/person\/d2f4fee3143d7f72be82cb887d51b00a","name":"Haber Merkezi","image":{"@type":"ImageObject","inLanguage":"tr","@id":"https:\/\/secure.gravatar.com\/avatar\/6c27d641914e66c1d0452c92716002398782818991d86db1c2cccb531e7c7c82?s=96&d=mm&r=g","url":"https:\/\/secure.gravatar.com\/avatar\/6c27d641914e66c1d0452c92716002398782818991d86db1c2cccb531e7c7c82?s=96&d=mm&r=g","contentUrl":"https:\/\/secure.gravatar.com\/avatar\/6c27d641914e66c1d0452c92716002398782818991d86db1c2cccb531e7c7c82?s=96&d=mm&r=g","caption":"Haber Merkezi"},"sameAs":["http:\/\/e-ciftlik.com\/haberler"]}]}},"_links":{"self":[{"href":"https:\/\/e-ciftlik.com\/haberler\/wp-json\/wp\/v2\/posts\/76865","targetHints":{"allow":["GET"]}}],"collection":[{"href":"https:\/\/e-ciftlik.com\/haberler\/wp-json\/wp\/v2\/posts"}],"about":[{"href":"https:\/\/e-ciftlik.com\/haberler\/wp-json\/wp\/v2\/types\/post"}],"author":[{"embeddable":true,"href":"https:\/\/e-ciftlik.com\/haberler\/wp-json\/wp\/v2\/users\/1"}],"replies":[{"embeddable":true,"href":"https:\/\/e-ciftlik.com\/haberler\/wp-json\/wp\/v2\/comments?post=76865"}],"version-history":[{"count":0,"href":"https:\/\/e-ciftlik.com\/haberler\/wp-json\/wp\/v2\/posts\/76865\/revisions"}],"wp:featuredmedia":[{"embeddable":true,"href":"https:\/\/e-ciftlik.com\/haberler\/wp-json\/wp\/v2\/media\/76866"}],"wp:attachment":[{"href":"https:\/\/e-ciftlik.com\/haberler\/wp-json\/wp\/v2\/media?parent=76865"}],"wp:term":[{"taxonomy":"category","embeddable":true,"href":"https:\/\/e-ciftlik.com\/haberler\/wp-json\/wp\/v2\/categories?post=76865"},{"taxonomy":"post_tag","embeddable":true,"href":"https:\/\/e-ciftlik.com\/haberler\/wp-json\/wp\/v2\/tags?post=76865"}],"curies":[{"name":"wp","href":"https:\/\/api.w.org\/{rel}","templated":true}]}}