{"id":76869,"date":"2025-02-01T06:43:00","date_gmt":"2025-02-01T06:43:00","guid":{"rendered":"http:\/\/e-ciftlik.com\/haberler\/tarim\/adanada-deas-uyeleri-tarim-iscisi-kiliginda\/"},"modified":"2025-02-01T06:43:00","modified_gmt":"2025-02-01T06:43:00","slug":"adanada-deas-uyeleri-tarim-iscisi-kiliginda","status":"publish","type":"post","link":"https:\/\/e-ciftlik.com\/haberler\/tarim\/adanada-deas-uyeleri-tarim-iscisi-kiliginda\/","title":{"rendered":"Adana&#8217;da DEA\u015e \u00dcyeleri Tar\u0131m \u0130\u015f\u00e7isi K\u0131l\u0131\u011f\u0131nda!"},"content":{"rendered":"<p>Adana&#8217;da Ter\u00f6r \u00d6rg\u00fct\u00fc DEA\u015e \u00dcyeleri Tar\u0131m \u0130\u015f\u00e7isi K\u0131l\u0131\u011f\u0131nda Yakaland\u0131<\/p>\n<p>Adana polisi, yurt d\u0131\u015f\u0131ndan ka\u00e7ak yollarla Adana&#8217;ya gelen ve tar\u0131m i\u015f\u00e7isi k\u0131l\u0131\u011f\u0131na giren yabanc\u0131 uyruklu 4 DEA\u015e ter\u00f6r \u00f6rg\u00fct\u00fc \u00fcyesini operasyonla yakalad\u0131.<\/p>\n<p>Adana Emniyet M\u00fcd\u00fcrl\u00fc\u011f\u00fc Ter\u00f6rle M\u00fccadele (TEM) \u015eubesi ekipleri, ter\u00f6r \u00f6rg\u00fct\u00fc DEA\u015e ad\u0131na Suriye ve Irak&#8217;ta faaliyet g\u00f6steren 4 \u015f\u00fcphelinin, ka\u00e7ak yollarla T\u00fcrkiye&#8217;ye girip Adana&#8217;da sakland\u0131\u011f\u0131 bilgisine ula\u015ft\u0131. Yabanc\u0131 uyruklu \u015f\u00fcphelilerin Z.U. (39), A.S. (31), A.E. (25) ve A.V. (50) oldu\u011fu belirlendi. \u015e\u00fcphelilerin Y\u00fcre\u011fir il\u00e7esinde tar\u0131m i\u015f\u00e7isi olarak \u00e7al\u0131\u015ft\u0131\u011f\u0131 tespit edildi ve ekipler taraf\u0131ndan g\u00f6zalt\u0131na al\u0131nd\u0131.<\/p>\n<p>A.V.&#8217;nin ter\u00f6r \u00f6rg\u00fct\u00fcn\u00fcn Suriye&#8217;deki kamplar\u0131nda e\u011fitim ald\u0131\u011f\u0131 ve \u00f6rg\u00fct\u00fcn s\u00f6zde trafik polisi olarak g\u00f6rev yapt\u0131\u011f\u0131 belirtildi. A.V., \u00f6rg\u00fct y\u00f6neticileriyle yak\u0131n ili\u015fki i\u00e7indeydi ve daha sonra \u00f6rg\u00fct\u00fcn s\u00f6zde istihbarat b\u00f6l\u00fcm\u00fcnde g\u00f6rev ald\u0131. Di\u011fer \u015f\u00fcphelilerden Z.U.&#8217;nun Irak&#8217;ta, A.S. ve A.E.&#8217;nin ise Suriye&#8217;deki \u00e7at\u0131\u015fma b\u00f6lgelerinde silahl\u0131 eylemlere kat\u0131ld\u0131\u011f\u0131 bilgisi payla\u015f\u0131ld\u0131. \u00d6rg\u00fct\u00fcn zay\u0131flamas\u0131yla Adana&#8217;ya gelerek uyuyan h\u00fccreye d\u00f6n\u00fc\u015fen \u015f\u00fcphelilerin, \u00f6rg\u00fct \u00fcyeleriyle ileti\u015fimde kald\u0131\u011f\u0131 iddia edildi. \u015e\u00fcphelilerin emniyetteki i\u015flemleri s\u00fcr\u00fcyor. &#8211; ADANA<\/p>\n<p>Kaynak: \u0130hlas Haber Ajans\u0131 \/ 3.Sayfa<\/p>\n","protected":false},"excerpt":{"rendered":"<p>Adana&#8217;da Ter\u00f6r \u00d6rg\u00fct\u00fc DEA\u015e \u00dcyeleri Tar\u0131m \u0130\u015f\u00e7isi K\u0131l\u0131\u011f\u0131nda Yakaland\u0131 Adana polisi, yurt d\u0131\u015f\u0131ndan ka\u00e7ak yollarla&hellip;<\/p>\n","protected":false},"author":1,"featured_media":76870,"comment_status":"open","ping_status":"open","sticky":false,"template":"","format":"standard","meta":{"footnotes":""},"categories":[9],"tags":[],"class_list":["post-76869","post","type-post","status-publish","format-standard","has-post-thumbnail","hentry","category-tarim"],"yoast_head":"<!-- This site is optimized with the Yoast SEO Premium plugin v24.3 (Yoast SEO v27.4) - https:\/\/yoast.com\/product\/yoast-seo-premium-wordpress\/ -->\n<title>Adana&#039;da DEA\u015e \u00dcyeleri Tar\u0131m \u0130\u015f\u00e7isi K\u0131l\u0131\u011f\u0131nda! - E-&Ccedil;\u0130FTL\u0130K HABER<\/title>\n<meta name=\"description\" content=\"Adana&#039;da Ter\u00f6r \u00d6rg\u00fct\u00fc DEA\u015e \u00dcyeleri Tar\u0131m \u0130\u015f\u00e7isi K\u0131l\u0131\u011f\u0131nda Yakaland\u0131 Adana polisi, yurt d\u0131\u015f\u0131ndan ka\u00e7ak yollarla Adana&#039;ya gelen ve tar\u0131m i\u015f\u00e7isi k\u0131l\u0131\u011f\u0131na\" \/>\n<meta name=\"robots\" content=\"index, follow, max-snippet:-1, max-image-preview:large, max-video-preview:-1\" \/>\n<link rel=\"canonical\" href=\"https:\/\/e-ciftlik.com\/haberler\/tarim\/adanada-deas-uyeleri-tarim-iscisi-kiliginda\/\" \/>\n<meta property=\"og:locale\" content=\"tr_TR\" \/>\n<meta property=\"og:type\" content=\"article\" \/>\n<meta property=\"og:title\" content=\"Adana&#039;da DEA\u015e \u00dcyeleri Tar\u0131m \u0130\u015f\u00e7isi K\u0131l\u0131\u011f\u0131nda!\" \/>\n<meta property=\"og:description\" content=\"Adana&#039;da Ter\u00f6r \u00d6rg\u00fct\u00fc DEA\u015e \u00dcyeleri Tar\u0131m \u0130\u015f\u00e7isi K\u0131l\u0131\u011f\u0131nda Yakaland\u0131 Adana polisi, yurt d\u0131\u015f\u0131ndan ka\u00e7ak yollarla Adana&#039;ya gelen ve tar\u0131m i\u015f\u00e7isi k\u0131l\u0131\u011f\u0131na\" \/>\n<meta property=\"og:url\" content=\"https:\/\/e-ciftlik.com\/haberler\/tarim\/adanada-deas-uyeleri-tarim-iscisi-kiliginda\/\" \/>\n<meta property=\"og:site_name\" content=\"E-&Ccedil;\u0130FTL\u0130K HABER\" \/>\n<meta property=\"article:publisher\" content=\"https:\/\/www.facebook.com\/eciftlikturkiye\" \/>\n<meta property=\"article:published_time\" content=\"2025-02-01T06:43:00+00:00\" \/>\n<meta property=\"og:image\" content=\"https:\/\/e-ciftlik.com\/haberler\/wp-content\/uploads\/2025\/02\/adana-da-tarim-iscisi-kiligindaki-4-deas-li-18323750_amp.jpg\" \/>\n\t<meta property=\"og:image:width\" content=\"1200\" \/>\n\t<meta property=\"og:image:height\" content=\"1079\" \/>\n\t<meta property=\"og:image:type\" content=\"image\/jpeg\" \/>\n<meta name=\"author\" content=\"Haber Merkezi\" \/>\n<meta name=\"twitter:card\" content=\"summary_large_image\" \/>\n<meta name=\"twitter:creator\" content=\"@eciftlikresmi\" \/>\n<meta name=\"twitter:site\" content=\"@eciftlikresmi\" \/>\n<meta name=\"twitter:label1\" content=\"Yazan:\" \/>\n\t<meta name=\"twitter:data1\" content=\"Haber Merkezi\" \/>\n\t<meta name=\"twitter:label2\" content=\"Tahmini okuma s\u00fcresi\" \/>\n\t<meta name=\"twitter:data2\" content=\"1 dakika\" \/>\n<script type=\"application\/ld+json\" class=\"yoast-schema-graph\">{\"@context\":\"https:\\\/\\\/schema.org\",\"@graph\":[{\"@type\":\"NewsArticle\",\"@id\":\"https:\\\/\\\/e-ciftlik.com\\\/haberler\\\/tarim\\\/adanada-deas-uyeleri-tarim-iscisi-kiliginda\\\/#article\",\"isPartOf\":{\"@id\":\"https:\\\/\\\/e-ciftlik.com\\\/haberler\\\/tarim\\\/adanada-deas-uyeleri-tarim-iscisi-kiliginda\\\/\"},\"author\":{\"name\":\"Haber Merkezi\",\"@id\":\"http:\\\/\\\/e-ciftlik.com\\\/haberler\\\/#\\\/schema\\\/person\\\/d2f4fee3143d7f72be82cb887d51b00a\"},\"headline\":\"Adana&#8217;da DEA\u015e \u00dcyeleri Tar\u0131m \u0130\u015f\u00e7isi K\u0131l\u0131\u011f\u0131nda!\",\"datePublished\":\"2025-02-01T06:43:00+00:00\",\"mainEntityOfPage\":{\"@id\":\"https:\\\/\\\/e-ciftlik.com\\\/haberler\\\/tarim\\\/adanada-deas-uyeleri-tarim-iscisi-kiliginda\\\/\"},\"wordCount\":257,\"commentCount\":0,\"publisher\":{\"@id\":\"http:\\\/\\\/e-ciftlik.com\\\/haberler\\\/#organization\"},\"image\":{\"@id\":\"https:\\\/\\\/e-ciftlik.com\\\/haberler\\\/tarim\\\/adanada-deas-uyeleri-tarim-iscisi-kiliginda\\\/#primaryimage\"},\"thumbnailUrl\":\"https:\\\/\\\/e-ciftlik.com\\\/haberler\\\/wp-content\\\/uploads\\\/2025\\\/02\\\/adana-da-tarim-iscisi-kiligindaki-4-deas-li-18323750_amp.jpg\",\"articleSection\":[\"Tar\u0131m\"],\"inLanguage\":\"tr\",\"potentialAction\":[{\"@type\":\"CommentAction\",\"name\":\"Comment\",\"target\":[\"https:\\\/\\\/e-ciftlik.com\\\/haberler\\\/tarim\\\/adanada-deas-uyeleri-tarim-iscisi-kiliginda\\\/#respond\"]}]},{\"@type\":\"WebPage\",\"@id\":\"https:\\\/\\\/e-ciftlik.com\\\/haberler\\\/tarim\\\/adanada-deas-uyeleri-tarim-iscisi-kiliginda\\\/\",\"url\":\"https:\\\/\\\/e-ciftlik.com\\\/haberler\\\/tarim\\\/adanada-deas-uyeleri-tarim-iscisi-kiliginda\\\/\",\"name\":\"Adana'da DEA\u015e \u00dcyeleri Tar\u0131m \u0130\u015f\u00e7isi K\u0131l\u0131\u011f\u0131nda! - E-&Ccedil;\u0130FTL\u0130K HABER\",\"isPartOf\":{\"@id\":\"http:\\\/\\\/e-ciftlik.com\\\/haberler\\\/#website\"},\"primaryImageOfPage\":{\"@id\":\"https:\\\/\\\/e-ciftlik.com\\\/haberler\\\/tarim\\\/adanada-deas-uyeleri-tarim-iscisi-kiliginda\\\/#primaryimage\"},\"image\":{\"@id\":\"https:\\\/\\\/e-ciftlik.com\\\/haberler\\\/tarim\\\/adanada-deas-uyeleri-tarim-iscisi-kiliginda\\\/#primaryimage\"},\"thumbnailUrl\":\"https:\\\/\\\/e-ciftlik.com\\\/haberler\\\/wp-content\\\/uploads\\\/2025\\\/02\\\/adana-da-tarim-iscisi-kiligindaki-4-deas-li-18323750_amp.jpg\",\"datePublished\":\"2025-02-01T06:43:00+00:00\",\"description\":\"Adana'da Ter\u00f6r \u00d6rg\u00fct\u00fc DEA\u015e \u00dcyeleri Tar\u0131m \u0130\u015f\u00e7isi K\u0131l\u0131\u011f\u0131nda Yakaland\u0131 Adana polisi, yurt d\u0131\u015f\u0131ndan ka\u00e7ak yollarla Adana'ya gelen ve tar\u0131m i\u015f\u00e7isi k\u0131l\u0131\u011f\u0131na\",\"breadcrumb\":{\"@id\":\"https:\\\/\\\/e-ciftlik.com\\\/haberler\\\/tarim\\\/adanada-deas-uyeleri-tarim-iscisi-kiliginda\\\/#breadcrumb\"},\"inLanguage\":\"tr\",\"potentialAction\":[{\"@type\":\"ReadAction\",\"target\":[\"https:\\\/\\\/e-ciftlik.com\\\/haberler\\\/tarim\\\/adanada-deas-uyeleri-tarim-iscisi-kiliginda\\\/\"]}]},{\"@type\":\"ImageObject\",\"inLanguage\":\"tr\",\"@id\":\"https:\\\/\\\/e-ciftlik.com\\\/haberler\\\/tarim\\\/adanada-deas-uyeleri-tarim-iscisi-kiliginda\\\/#primaryimage\",\"url\":\"https:\\\/\\\/e-ciftlik.com\\\/haberler\\\/wp-content\\\/uploads\\\/2025\\\/02\\\/adana-da-tarim-iscisi-kiligindaki-4-deas-li-18323750_amp.jpg\",\"contentUrl\":\"https:\\\/\\\/e-ciftlik.com\\\/haberler\\\/wp-content\\\/uploads\\\/2025\\\/02\\\/adana-da-tarim-iscisi-kiligindaki-4-deas-li-18323750_amp.jpg\",\"width\":1200,\"height\":1079},{\"@type\":\"BreadcrumbList\",\"@id\":\"https:\\\/\\\/e-ciftlik.com\\\/haberler\\\/tarim\\\/adanada-deas-uyeleri-tarim-iscisi-kiliginda\\\/#breadcrumb\",\"itemListElement\":[{\"@type\":\"ListItem\",\"position\":1,\"name\":\"Anasayfa\",\"item\":\"http:\\\/\\\/e-ciftlik.com\\\/haberler\\\/\"},{\"@type\":\"ListItem\",\"position\":2,\"name\":\"Adana&#8217;da DEA\u015e \u00dcyeleri Tar\u0131m \u0130\u015f\u00e7isi K\u0131l\u0131\u011f\u0131nda!\"}]},{\"@type\":\"WebSite\",\"@id\":\"http:\\\/\\\/e-ciftlik.com\\\/haberler\\\/#website\",\"url\":\"http:\\\/\\\/e-ciftlik.com\\\/haberler\\\/\",\"name\":\"E-\u00c7iftlik Haber | G\u00fcncel, Son Dakika Haberler, En Son Haber\",\"description\":\"\",\"publisher\":{\"@id\":\"http:\\\/\\\/e-ciftlik.com\\\/haberler\\\/#organization\"},\"potentialAction\":[{\"@type\":\"SearchAction\",\"target\":{\"@type\":\"EntryPoint\",\"urlTemplate\":\"http:\\\/\\\/e-ciftlik.com\\\/haberler\\\/?s={search_term_string}\"},\"query-input\":{\"@type\":\"PropertyValueSpecification\",\"valueRequired\":true,\"valueName\":\"search_term_string\"}}],\"inLanguage\":\"tr\"},{\"@type\":\"Organization\",\"@id\":\"http:\\\/\\\/e-ciftlik.com\\\/haberler\\\/#organization\",\"name\":\"E-\u00c7\u0130FTL\u0130K HABER\",\"url\":\"http:\\\/\\\/e-ciftlik.com\\\/haberler\\\/\",\"logo\":{\"@type\":\"ImageObject\",\"inLanguage\":\"tr\",\"@id\":\"http:\\\/\\\/e-ciftlik.com\\\/haberler\\\/#\\\/schema\\\/logo\\\/image\\\/\",\"url\":\"https:\\\/\\\/e-ciftlik.com\\\/haberler\\\/wp-content\\\/uploads\\\/2024\\\/06\\\/cropped-cropped-favicon-1-2.png\",\"contentUrl\":\"https:\\\/\\\/e-ciftlik.com\\\/haberler\\\/wp-content\\\/uploads\\\/2024\\\/06\\\/cropped-cropped-favicon-1-2.png\",\"width\":512,\"height\":512,\"caption\":\"E-\u00c7\u0130FTL\u0130K HABER\"},\"image\":{\"@id\":\"http:\\\/\\\/e-ciftlik.com\\\/haberler\\\/#\\\/schema\\\/logo\\\/image\\\/\"},\"sameAs\":[\"https:\\\/\\\/www.facebook.com\\\/eciftlikturkiye\",\"https:\\\/\\\/x.com\\\/eciftlikresmi\",\"https:\\\/\\\/www.instagram.com\\\/eciftlikresmi\\\/\"]},{\"@type\":\"Person\",\"@id\":\"http:\\\/\\\/e-ciftlik.com\\\/haberler\\\/#\\\/schema\\\/person\\\/d2f4fee3143d7f72be82cb887d51b00a\",\"name\":\"Haber Merkezi\",\"image\":{\"@type\":\"ImageObject\",\"inLanguage\":\"tr\",\"@id\":\"https:\\\/\\\/secure.gravatar.com\\\/avatar\\\/6c27d641914e66c1d0452c92716002398782818991d86db1c2cccb531e7c7c82?s=96&d=mm&r=g\",\"url\":\"https:\\\/\\\/secure.gravatar.com\\\/avatar\\\/6c27d641914e66c1d0452c92716002398782818991d86db1c2cccb531e7c7c82?s=96&d=mm&r=g\",\"contentUrl\":\"https:\\\/\\\/secure.gravatar.com\\\/avatar\\\/6c27d641914e66c1d0452c92716002398782818991d86db1c2cccb531e7c7c82?s=96&d=mm&r=g\",\"caption\":\"Haber Merkezi\"},\"sameAs\":[\"http:\\\/\\\/e-ciftlik.com\\\/haberler\"]}]}<\/script>\n<!-- \/ Yoast SEO Premium plugin. -->","yoast_head_json":{"title":"Adana'da DEA\u015e \u00dcyeleri Tar\u0131m \u0130\u015f\u00e7isi K\u0131l\u0131\u011f\u0131nda! - E-&Ccedil;\u0130FTL\u0130K HABER","description":"Adana'da Ter\u00f6r \u00d6rg\u00fct\u00fc DEA\u015e \u00dcyeleri Tar\u0131m \u0130\u015f\u00e7isi K\u0131l\u0131\u011f\u0131nda Yakaland\u0131 Adana polisi, yurt d\u0131\u015f\u0131ndan ka\u00e7ak yollarla Adana'ya gelen ve tar\u0131m i\u015f\u00e7isi k\u0131l\u0131\u011f\u0131na","robots":{"index":"index","follow":"follow","max-snippet":"max-snippet:-1","max-image-preview":"max-image-preview:large","max-video-preview":"max-video-preview:-1"},"canonical":"https:\/\/e-ciftlik.com\/haberler\/tarim\/adanada-deas-uyeleri-tarim-iscisi-kiliginda\/","og_locale":"tr_TR","og_type":"article","og_title":"Adana'da DEA\u015e \u00dcyeleri Tar\u0131m \u0130\u015f\u00e7isi K\u0131l\u0131\u011f\u0131nda!","og_description":"Adana'da Ter\u00f6r \u00d6rg\u00fct\u00fc DEA\u015e \u00dcyeleri Tar\u0131m \u0130\u015f\u00e7isi K\u0131l\u0131\u011f\u0131nda Yakaland\u0131 Adana polisi, yurt d\u0131\u015f\u0131ndan ka\u00e7ak yollarla Adana'ya gelen ve tar\u0131m i\u015f\u00e7isi k\u0131l\u0131\u011f\u0131na","og_url":"https:\/\/e-ciftlik.com\/haberler\/tarim\/adanada-deas-uyeleri-tarim-iscisi-kiliginda\/","og_site_name":"E-&Ccedil;\u0130FTL\u0130K HABER","article_publisher":"https:\/\/www.facebook.com\/eciftlikturkiye","article_published_time":"2025-02-01T06:43:00+00:00","og_image":[{"width":1200,"height":1079,"url":"https:\/\/e-ciftlik.com\/haberler\/wp-content\/uploads\/2025\/02\/adana-da-tarim-iscisi-kiligindaki-4-deas-li-18323750_amp.jpg","type":"image\/jpeg"}],"author":"Haber Merkezi","twitter_card":"summary_large_image","twitter_creator":"@eciftlikresmi","twitter_site":"@eciftlikresmi","twitter_misc":{"Yazan:":"Haber Merkezi","Tahmini okuma s\u00fcresi":"1 dakika"},"schema":{"@context":"https:\/\/schema.org","@graph":[{"@type":"NewsArticle","@id":"https:\/\/e-ciftlik.com\/haberler\/tarim\/adanada-deas-uyeleri-tarim-iscisi-kiliginda\/#article","isPartOf":{"@id":"https:\/\/e-ciftlik.com\/haberler\/tarim\/adanada-deas-uyeleri-tarim-iscisi-kiliginda\/"},"author":{"name":"Haber Merkezi","@id":"http:\/\/e-ciftlik.com\/haberler\/#\/schema\/person\/d2f4fee3143d7f72be82cb887d51b00a"},"headline":"Adana&#8217;da DEA\u015e \u00dcyeleri Tar\u0131m \u0130\u015f\u00e7isi K\u0131l\u0131\u011f\u0131nda!","datePublished":"2025-02-01T06:43:00+00:00","mainEntityOfPage":{"@id":"https:\/\/e-ciftlik.com\/haberler\/tarim\/adanada-deas-uyeleri-tarim-iscisi-kiliginda\/"},"wordCount":257,"commentCount":0,"publisher":{"@id":"http:\/\/e-ciftlik.com\/haberler\/#organization"},"image":{"@id":"https:\/\/e-ciftlik.com\/haberler\/tarim\/adanada-deas-uyeleri-tarim-iscisi-kiliginda\/#primaryimage"},"thumbnailUrl":"https:\/\/e-ciftlik.com\/haberler\/wp-content\/uploads\/2025\/02\/adana-da-tarim-iscisi-kiligindaki-4-deas-li-18323750_amp.jpg","articleSection":["Tar\u0131m"],"inLanguage":"tr","potentialAction":[{"@type":"CommentAction","name":"Comment","target":["https:\/\/e-ciftlik.com\/haberler\/tarim\/adanada-deas-uyeleri-tarim-iscisi-kiliginda\/#respond"]}]},{"@type":"WebPage","@id":"https:\/\/e-ciftlik.com\/haberler\/tarim\/adanada-deas-uyeleri-tarim-iscisi-kiliginda\/","url":"https:\/\/e-ciftlik.com\/haberler\/tarim\/adanada-deas-uyeleri-tarim-iscisi-kiliginda\/","name":"Adana'da DEA\u015e \u00dcyeleri Tar\u0131m \u0130\u015f\u00e7isi K\u0131l\u0131\u011f\u0131nda! - E-&Ccedil;\u0130FTL\u0130K HABER","isPartOf":{"@id":"http:\/\/e-ciftlik.com\/haberler\/#website"},"primaryImageOfPage":{"@id":"https:\/\/e-ciftlik.com\/haberler\/tarim\/adanada-deas-uyeleri-tarim-iscisi-kiliginda\/#primaryimage"},"image":{"@id":"https:\/\/e-ciftlik.com\/haberler\/tarim\/adanada-deas-uyeleri-tarim-iscisi-kiliginda\/#primaryimage"},"thumbnailUrl":"https:\/\/e-ciftlik.com\/haberler\/wp-content\/uploads\/2025\/02\/adana-da-tarim-iscisi-kiligindaki-4-deas-li-18323750_amp.jpg","datePublished":"2025-02-01T06:43:00+00:00","description":"Adana'da Ter\u00f6r \u00d6rg\u00fct\u00fc DEA\u015e \u00dcyeleri Tar\u0131m \u0130\u015f\u00e7isi K\u0131l\u0131\u011f\u0131nda Yakaland\u0131 Adana polisi, yurt d\u0131\u015f\u0131ndan ka\u00e7ak yollarla Adana'ya gelen ve tar\u0131m i\u015f\u00e7isi k\u0131l\u0131\u011f\u0131na","breadcrumb":{"@id":"https:\/\/e-ciftlik.com\/haberler\/tarim\/adanada-deas-uyeleri-tarim-iscisi-kiliginda\/#breadcrumb"},"inLanguage":"tr","potentialAction":[{"@type":"ReadAction","target":["https:\/\/e-ciftlik.com\/haberler\/tarim\/adanada-deas-uyeleri-tarim-iscisi-kiliginda\/"]}]},{"@type":"ImageObject","inLanguage":"tr","@id":"https:\/\/e-ciftlik.com\/haberler\/tarim\/adanada-deas-uyeleri-tarim-iscisi-kiliginda\/#primaryimage","url":"https:\/\/e-ciftlik.com\/haberler\/wp-content\/uploads\/2025\/02\/adana-da-tarim-iscisi-kiligindaki-4-deas-li-18323750_amp.jpg","contentUrl":"https:\/\/e-ciftlik.com\/haberler\/wp-content\/uploads\/2025\/02\/adana-da-tarim-iscisi-kiligindaki-4-deas-li-18323750_amp.jpg","width":1200,"height":1079},{"@type":"BreadcrumbList","@id":"https:\/\/e-ciftlik.com\/haberler\/tarim\/adanada-deas-uyeleri-tarim-iscisi-kiliginda\/#breadcrumb","itemListElement":[{"@type":"ListItem","position":1,"name":"Anasayfa","item":"http:\/\/e-ciftlik.com\/haberler\/"},{"@type":"ListItem","position":2,"name":"Adana&#8217;da DEA\u015e \u00dcyeleri Tar\u0131m \u0130\u015f\u00e7isi K\u0131l\u0131\u011f\u0131nda!"}]},{"@type":"WebSite","@id":"http:\/\/e-ciftlik.com\/haberler\/#website","url":"http:\/\/e-ciftlik.com\/haberler\/","name":"E-\u00c7iftlik Haber | G\u00fcncel, Son Dakika Haberler, En Son Haber","description":"","publisher":{"@id":"http:\/\/e-ciftlik.com\/haberler\/#organization"},"potentialAction":[{"@type":"SearchAction","target":{"@type":"EntryPoint","urlTemplate":"http:\/\/e-ciftlik.com\/haberler\/?s={search_term_string}"},"query-input":{"@type":"PropertyValueSpecification","valueRequired":true,"valueName":"search_term_string"}}],"inLanguage":"tr"},{"@type":"Organization","@id":"http:\/\/e-ciftlik.com\/haberler\/#organization","name":"E-\u00c7\u0130FTL\u0130K HABER","url":"http:\/\/e-ciftlik.com\/haberler\/","logo":{"@type":"ImageObject","inLanguage":"tr","@id":"http:\/\/e-ciftlik.com\/haberler\/#\/schema\/logo\/image\/","url":"https:\/\/e-ciftlik.com\/haberler\/wp-content\/uploads\/2024\/06\/cropped-cropped-favicon-1-2.png","contentUrl":"https:\/\/e-ciftlik.com\/haberler\/wp-content\/uploads\/2024\/06\/cropped-cropped-favicon-1-2.png","width":512,"height":512,"caption":"E-\u00c7\u0130FTL\u0130K HABER"},"image":{"@id":"http:\/\/e-ciftlik.com\/haberler\/#\/schema\/logo\/image\/"},"sameAs":["https:\/\/www.facebook.com\/eciftlikturkiye","https:\/\/x.com\/eciftlikresmi","https:\/\/www.instagram.com\/eciftlikresmi\/"]},{"@type":"Person","@id":"http:\/\/e-ciftlik.com\/haberler\/#\/schema\/person\/d2f4fee3143d7f72be82cb887d51b00a","name":"Haber Merkezi","image":{"@type":"ImageObject","inLanguage":"tr","@id":"https:\/\/secure.gravatar.com\/avatar\/6c27d641914e66c1d0452c92716002398782818991d86db1c2cccb531e7c7c82?s=96&d=mm&r=g","url":"https:\/\/secure.gravatar.com\/avatar\/6c27d641914e66c1d0452c92716002398782818991d86db1c2cccb531e7c7c82?s=96&d=mm&r=g","contentUrl":"https:\/\/secure.gravatar.com\/avatar\/6c27d641914e66c1d0452c92716002398782818991d86db1c2cccb531e7c7c82?s=96&d=mm&r=g","caption":"Haber Merkezi"},"sameAs":["http:\/\/e-ciftlik.com\/haberler"]}]}},"_links":{"self":[{"href":"https:\/\/e-ciftlik.com\/haberler\/wp-json\/wp\/v2\/posts\/76869","targetHints":{"allow":["GET"]}}],"collection":[{"href":"https:\/\/e-ciftlik.com\/haberler\/wp-json\/wp\/v2\/posts"}],"about":[{"href":"https:\/\/e-ciftlik.com\/haberler\/wp-json\/wp\/v2\/types\/post"}],"author":[{"embeddable":true,"href":"https:\/\/e-ciftlik.com\/haberler\/wp-json\/wp\/v2\/users\/1"}],"replies":[{"embeddable":true,"href":"https:\/\/e-ciftlik.com\/haberler\/wp-json\/wp\/v2\/comments?post=76869"}],"version-history":[{"count":0,"href":"https:\/\/e-ciftlik.com\/haberler\/wp-json\/wp\/v2\/posts\/76869\/revisions"}],"wp:featuredmedia":[{"embeddable":true,"href":"https:\/\/e-ciftlik.com\/haberler\/wp-json\/wp\/v2\/media\/76870"}],"wp:attachment":[{"href":"https:\/\/e-ciftlik.com\/haberler\/wp-json\/wp\/v2\/media?parent=76869"}],"wp:term":[{"taxonomy":"category","embeddable":true,"href":"https:\/\/e-ciftlik.com\/haberler\/wp-json\/wp\/v2\/categories?post=76869"},{"taxonomy":"post_tag","embeddable":true,"href":"https:\/\/e-ciftlik.com\/haberler\/wp-json\/wp\/v2\/tags?post=76869"}],"curies":[{"name":"wp","href":"https:\/\/api.w.org\/{rel}","templated":true}]}}