{"id":76873,"date":"2025-02-01T07:53:14","date_gmt":"2025-02-01T07:53:14","guid":{"rendered":"http:\/\/e-ciftlik.com\/haberler\/spor\/fenerbahce-beko-virtus-bolognayi-95-81-maglup-etti\/"},"modified":"2025-02-01T07:53:14","modified_gmt":"2025-02-01T07:53:14","slug":"fenerbahce-beko-virtus-bolognayi-95-81-maglup-etti","status":"publish","type":"post","link":"https:\/\/e-ciftlik.com\/haberler\/spor\/fenerbahce-beko-virtus-bolognayi-95-81-maglup-etti\/","title":{"rendered":"&#8220;Fenerbah\u00e7e Beko, Virtus Bologna&#8217;y\u0131 95-81 ma\u011flup etti!&#8221;"},"content":{"rendered":"<p> Fenerbah\u00e7e Beko, THY Avrupa Ligi&#8217;nin 24. haftas\u0131nda kendi sahas\u0131nda \u0130talyan rakibi Virtus Segafredo Bologna&#8217;y\u0131 95-81 yenerek galip geldi.<\/p>\n<p>Bu sonu\u00e7la birlikte Fenerbah\u00e7e Beko, THY Avrupa Ligi&#8217;nde 6. ma\u00e7 \u00fcst \u00fcste ve toplamda 16. galibiyetini elde etti.<\/p>\n<p>Kar\u015f\u0131la\u015fmaya \u0130talyan tak\u0131m\u0131 h\u0131zl\u0131 ba\u015flad\u0131 ve serbest at\u0131\u015flardan say\u0131lar buldu. \u0130lk \u00e7eyrek boyunca tak\u0131mlar\u0131n kar\u015f\u0131l\u0131kl\u0131 basketleriyle ge\u00e7en m\u00fccadelede Bonzie Colson etkili performans\u0131yla \u00f6ne \u00e7\u0131kt\u0131. Fenerbah\u00e7e Beko, periyodun sonuna do\u011fru oyunu domine ederek ilk \u00e7eyre\u011fi 22-13 \u00f6nde tamamlad\u0131.<\/p>\n<p>\u0130kinci periyotta Fenerbah\u00e7e Beko, \u00fc\u00e7 say\u0131 \u00e7izgisinin gerisinden buldu\u011fu basketlerle dikkat \u00e7ekti ancak Virtus Bologna, Shengelia&#8217;n\u0131n etkili oyunuyla fark\u0131 kapatt\u0131 ve devreye Fenerbah\u00e7e Beko&#8217;nun 46-37 \u00fcst\u00fcnl\u00fc\u011f\u00fcyle girildi.<\/p>\n<p>Ma\u00e7\u0131n 23. dakikas\u0131nda Fenerbah\u00e7e Beko, Hayes-Davis&#8217;in \u00fc\u00e7 say\u0131l\u0131k basketiyle fark\u0131 12 say\u0131ya \u00e7\u0131kard\u0131: 54-42. \u00dc\u00e7\u00fcnc\u00fc \u00e7eyre\u011fi Fenerbah\u00e7e Beko, Serta\u00e7 \u015eanl\u0131 ve Tar\u0131k Biberovic&#8217;in etkili performans\u0131yla 69-54 \u00f6nde tamamlad\u0131.<\/p>\n<p>Son \u00e7eyrekte Virtus Bologna&#8217;da Hackett ve Shengelia etkili oynasa da Fenerbah\u00e7e Beko, ma\u00e7\u0131 95-81 kazanarak sahadan galip ayr\u0131ld\u0131.<\/p>\n<p>Fenerbah\u00e7e Beko&#8217;da Marko Guduric 17, Errick McCollum 15, Bonzie Colson ise 12 say\u0131yla galibiyete katk\u0131 sa\u011flad\u0131. Bu ma\u00e7ta tak\u0131m kaptan\u0131 Melih Mahmuto\u011flu ise THY Avrupa Ligi&#8217;nde 1000 say\u0131 baraj\u0131n\u0131 ge\u00e7ti.<\/p>\n<p>Salon: \u00dclker Spor ve Etkinlik<br \/>\nHakemler: Miguel Angel Perez (\u0130spanya), Jakub Zamojski (Polonya), Alberto Baena (\u0130spanya)<\/p>\n<p>Fenerbah\u00e7e Beko: Zagars 6, Guduric 17, Colson 12, Hayes-Davis 8, Birch, Hall 6, Melli 8, McCollum 15, Tar\u0131k Biberovic 9, Serta\u00e7 \u015eanl\u0131 11, Melih Mahmuto\u011flu 3, Pierre<\/p>\n<p>Virtus Segafredo Bologna: Pajola, Tucker, Cordinier 12, Shengelia 35, Diouf 2, Morgan 11, Grazulis 7, Akele 2, Belinelli 3, Hackett 4, Polonara 2, Visconti 3<\/p>\n<p>1. Periyot: 22-13<br \/>\nDevre: 46-37<br \/>\n3. Periyot: 69-54<\/p>\n","protected":false},"excerpt":{"rendered":"<p>Fenerbah\u00e7e Beko, THY Avrupa Ligi&#8217;nin 24. haftas\u0131nda kendi sahas\u0131nda \u0130talyan rakibi Virtus Segafredo Bologna&#8217;y\u0131 95-81&hellip;<\/p>\n","protected":false},"author":1,"featured_media":76874,"comment_status":"open","ping_status":"open","sticky":false,"template":"","format":"standard","meta":{"footnotes":""},"categories":[7],"tags":[],"class_list":["post-76873","post","type-post","status-publish","format-standard","has-post-thumbnail","hentry","category-spor"],"yoast_head":"<!-- This site is optimized with the Yoast SEO Premium plugin v24.3 (Yoast SEO v27.4) - https:\/\/yoast.com\/product\/yoast-seo-premium-wordpress\/ -->\n<title>&quot;Fenerbah\u00e7e Beko, Virtus Bologna&#039;y\u0131 95-81 ma\u011flup etti!&quot; - E-&Ccedil;\u0130FTL\u0130K HABER<\/title>\n<meta name=\"description\" content=\"Fenerbah\u00e7e Beko, THY Avrupa Ligi&#039;nin 24. haftas\u0131nda kendi sahas\u0131nda \u0130talyan rakibi Virtus Segafredo Bologna&#039;y\u0131 95-81 yenerek galip geldi. Bu sonu\u00e7la\" \/>\n<meta name=\"robots\" content=\"index, follow, max-snippet:-1, max-image-preview:large, max-video-preview:-1\" \/>\n<link rel=\"canonical\" href=\"https:\/\/e-ciftlik.com\/haberler\/spor\/fenerbahce-beko-virtus-bolognayi-95-81-maglup-etti\/\" \/>\n<meta property=\"og:locale\" content=\"tr_TR\" \/>\n<meta property=\"og:type\" content=\"article\" \/>\n<meta property=\"og:title\" content=\"&quot;Fenerbah\u00e7e Beko, Virtus Bologna&#039;y\u0131 95-81 ma\u011flup etti!&quot;\" \/>\n<meta property=\"og:description\" content=\"Fenerbah\u00e7e Beko, THY Avrupa Ligi&#039;nin 24. haftas\u0131nda kendi sahas\u0131nda \u0130talyan rakibi Virtus Segafredo Bologna&#039;y\u0131 95-81 yenerek galip geldi. Bu sonu\u00e7la\" \/>\n<meta property=\"og:url\" content=\"https:\/\/e-ciftlik.com\/haberler\/spor\/fenerbahce-beko-virtus-bolognayi-95-81-maglup-etti\/\" \/>\n<meta property=\"og:site_name\" content=\"E-&Ccedil;\u0130FTL\u0130K HABER\" \/>\n<meta property=\"article:publisher\" content=\"https:\/\/www.facebook.com\/eciftlikturkiye\" \/>\n<meta property=\"article:published_time\" content=\"2025-02-01T07:53:14+00:00\" \/>\n<meta property=\"og:image\" content=\"https:\/\/e-ciftlik.com\/haberler\/wp-content\/uploads\/2025\/02\/1738396396_1200x628.jpeg\" \/>\n\t<meta property=\"og:image:width\" content=\"1200\" \/>\n\t<meta property=\"og:image:height\" content=\"627\" \/>\n\t<meta property=\"og:image:type\" content=\"image\/jpeg\" \/>\n<meta name=\"author\" content=\"Haber Merkezi\" \/>\n<meta name=\"twitter:card\" content=\"summary_large_image\" \/>\n<meta name=\"twitter:creator\" content=\"@eciftlikresmi\" \/>\n<meta name=\"twitter:site\" content=\"@eciftlikresmi\" \/>\n<meta name=\"twitter:label1\" content=\"Yazan:\" \/>\n\t<meta name=\"twitter:data1\" content=\"Haber Merkezi\" \/>\n\t<meta name=\"twitter:label2\" content=\"Tahmini okuma s\u00fcresi\" \/>\n\t<meta name=\"twitter:data2\" content=\"1 dakika\" \/>\n<script type=\"application\/ld+json\" class=\"yoast-schema-graph\">{\"@context\":\"https:\\\/\\\/schema.org\",\"@graph\":[{\"@type\":\"NewsArticle\",\"@id\":\"https:\\\/\\\/e-ciftlik.com\\\/haberler\\\/spor\\\/fenerbahce-beko-virtus-bolognayi-95-81-maglup-etti\\\/#article\",\"isPartOf\":{\"@id\":\"https:\\\/\\\/e-ciftlik.com\\\/haberler\\\/spor\\\/fenerbahce-beko-virtus-bolognayi-95-81-maglup-etti\\\/\"},\"author\":{\"name\":\"Haber Merkezi\",\"@id\":\"https:\\\/\\\/e-ciftlik.com\\\/haberler\\\/#\\\/schema\\\/person\\\/d2f4fee3143d7f72be82cb887d51b00a\"},\"headline\":\"&#8220;Fenerbah\u00e7e Beko, Virtus Bologna&#8217;y\u0131 95-81 ma\u011flup etti!&#8221;\",\"datePublished\":\"2025-02-01T07:53:14+00:00\",\"mainEntityOfPage\":{\"@id\":\"https:\\\/\\\/e-ciftlik.com\\\/haberler\\\/spor\\\/fenerbahce-beko-virtus-bolognayi-95-81-maglup-etti\\\/\"},\"wordCount\":290,\"commentCount\":0,\"publisher\":{\"@id\":\"https:\\\/\\\/e-ciftlik.com\\\/haberler\\\/#organization\"},\"image\":{\"@id\":\"https:\\\/\\\/e-ciftlik.com\\\/haberler\\\/spor\\\/fenerbahce-beko-virtus-bolognayi-95-81-maglup-etti\\\/#primaryimage\"},\"thumbnailUrl\":\"https:\\\/\\\/e-ciftlik.com\\\/haberler\\\/wp-content\\\/uploads\\\/2025\\\/02\\\/1738396396_1200x628.jpeg\",\"articleSection\":[\"Spor\"],\"inLanguage\":\"tr\",\"potentialAction\":[{\"@type\":\"CommentAction\",\"name\":\"Comment\",\"target\":[\"https:\\\/\\\/e-ciftlik.com\\\/haberler\\\/spor\\\/fenerbahce-beko-virtus-bolognayi-95-81-maglup-etti\\\/#respond\"]}]},{\"@type\":\"WebPage\",\"@id\":\"https:\\\/\\\/e-ciftlik.com\\\/haberler\\\/spor\\\/fenerbahce-beko-virtus-bolognayi-95-81-maglup-etti\\\/\",\"url\":\"https:\\\/\\\/e-ciftlik.com\\\/haberler\\\/spor\\\/fenerbahce-beko-virtus-bolognayi-95-81-maglup-etti\\\/\",\"name\":\"\\\"Fenerbah\u00e7e Beko, Virtus Bologna'y\u0131 95-81 ma\u011flup etti!\\\" - E-&Ccedil;\u0130FTL\u0130K HABER\",\"isPartOf\":{\"@id\":\"https:\\\/\\\/e-ciftlik.com\\\/haberler\\\/#website\"},\"primaryImageOfPage\":{\"@id\":\"https:\\\/\\\/e-ciftlik.com\\\/haberler\\\/spor\\\/fenerbahce-beko-virtus-bolognayi-95-81-maglup-etti\\\/#primaryimage\"},\"image\":{\"@id\":\"https:\\\/\\\/e-ciftlik.com\\\/haberler\\\/spor\\\/fenerbahce-beko-virtus-bolognayi-95-81-maglup-etti\\\/#primaryimage\"},\"thumbnailUrl\":\"https:\\\/\\\/e-ciftlik.com\\\/haberler\\\/wp-content\\\/uploads\\\/2025\\\/02\\\/1738396396_1200x628.jpeg\",\"datePublished\":\"2025-02-01T07:53:14+00:00\",\"description\":\"Fenerbah\u00e7e Beko, THY Avrupa Ligi'nin 24. haftas\u0131nda kendi sahas\u0131nda \u0130talyan rakibi Virtus Segafredo Bologna'y\u0131 95-81 yenerek galip geldi. Bu sonu\u00e7la\",\"breadcrumb\":{\"@id\":\"https:\\\/\\\/e-ciftlik.com\\\/haberler\\\/spor\\\/fenerbahce-beko-virtus-bolognayi-95-81-maglup-etti\\\/#breadcrumb\"},\"inLanguage\":\"tr\",\"potentialAction\":[{\"@type\":\"ReadAction\",\"target\":[\"https:\\\/\\\/e-ciftlik.com\\\/haberler\\\/spor\\\/fenerbahce-beko-virtus-bolognayi-95-81-maglup-etti\\\/\"]}]},{\"@type\":\"ImageObject\",\"inLanguage\":\"tr\",\"@id\":\"https:\\\/\\\/e-ciftlik.com\\\/haberler\\\/spor\\\/fenerbahce-beko-virtus-bolognayi-95-81-maglup-etti\\\/#primaryimage\",\"url\":\"https:\\\/\\\/e-ciftlik.com\\\/haberler\\\/wp-content\\\/uploads\\\/2025\\\/02\\\/1738396396_1200x628.jpeg\",\"contentUrl\":\"https:\\\/\\\/e-ciftlik.com\\\/haberler\\\/wp-content\\\/uploads\\\/2025\\\/02\\\/1738396396_1200x628.jpeg\",\"width\":1200,\"height\":627},{\"@type\":\"BreadcrumbList\",\"@id\":\"https:\\\/\\\/e-ciftlik.com\\\/haberler\\\/spor\\\/fenerbahce-beko-virtus-bolognayi-95-81-maglup-etti\\\/#breadcrumb\",\"itemListElement\":[{\"@type\":\"ListItem\",\"position\":1,\"name\":\"Anasayfa\",\"item\":\"https:\\\/\\\/e-ciftlik.com\\\/haberler\\\/\"},{\"@type\":\"ListItem\",\"position\":2,\"name\":\"&#8220;Fenerbah\u00e7e Beko, Virtus Bologna&#8217;y\u0131 95-81 ma\u011flup etti!&#8221;\"}]},{\"@type\":\"WebSite\",\"@id\":\"https:\\\/\\\/e-ciftlik.com\\\/haberler\\\/#website\",\"url\":\"https:\\\/\\\/e-ciftlik.com\\\/haberler\\\/\",\"name\":\"E-\u00c7iftlik Haber | G\u00fcncel, Son Dakika Haberler, En Son Haber\",\"description\":\"\",\"publisher\":{\"@id\":\"https:\\\/\\\/e-ciftlik.com\\\/haberler\\\/#organization\"},\"potentialAction\":[{\"@type\":\"SearchAction\",\"target\":{\"@type\":\"EntryPoint\",\"urlTemplate\":\"https:\\\/\\\/e-ciftlik.com\\\/haberler\\\/?s={search_term_string}\"},\"query-input\":{\"@type\":\"PropertyValueSpecification\",\"valueRequired\":true,\"valueName\":\"search_term_string\"}}],\"inLanguage\":\"tr\"},{\"@type\":\"Organization\",\"@id\":\"https:\\\/\\\/e-ciftlik.com\\\/haberler\\\/#organization\",\"name\":\"E-\u00c7\u0130FTL\u0130K HABER\",\"url\":\"https:\\\/\\\/e-ciftlik.com\\\/haberler\\\/\",\"logo\":{\"@type\":\"ImageObject\",\"inLanguage\":\"tr\",\"@id\":\"https:\\\/\\\/e-ciftlik.com\\\/haberler\\\/#\\\/schema\\\/logo\\\/image\\\/\",\"url\":\"https:\\\/\\\/e-ciftlik.com\\\/haberler\\\/wp-content\\\/uploads\\\/2024\\\/06\\\/cropped-cropped-favicon-1-2.png\",\"contentUrl\":\"https:\\\/\\\/e-ciftlik.com\\\/haberler\\\/wp-content\\\/uploads\\\/2024\\\/06\\\/cropped-cropped-favicon-1-2.png\",\"width\":512,\"height\":512,\"caption\":\"E-\u00c7\u0130FTL\u0130K HABER\"},\"image\":{\"@id\":\"https:\\\/\\\/e-ciftlik.com\\\/haberler\\\/#\\\/schema\\\/logo\\\/image\\\/\"},\"sameAs\":[\"https:\\\/\\\/www.facebook.com\\\/eciftlikturkiye\",\"https:\\\/\\\/x.com\\\/eciftlikresmi\",\"https:\\\/\\\/www.instagram.com\\\/eciftlikresmi\\\/\"]},{\"@type\":\"Person\",\"@id\":\"https:\\\/\\\/e-ciftlik.com\\\/haberler\\\/#\\\/schema\\\/person\\\/d2f4fee3143d7f72be82cb887d51b00a\",\"name\":\"Haber Merkezi\",\"image\":{\"@type\":\"ImageObject\",\"inLanguage\":\"tr\",\"@id\":\"https:\\\/\\\/secure.gravatar.com\\\/avatar\\\/6c27d641914e66c1d0452c92716002398782818991d86db1c2cccb531e7c7c82?s=96&d=mm&r=g\",\"url\":\"https:\\\/\\\/secure.gravatar.com\\\/avatar\\\/6c27d641914e66c1d0452c92716002398782818991d86db1c2cccb531e7c7c82?s=96&d=mm&r=g\",\"contentUrl\":\"https:\\\/\\\/secure.gravatar.com\\\/avatar\\\/6c27d641914e66c1d0452c92716002398782818991d86db1c2cccb531e7c7c82?s=96&d=mm&r=g\",\"caption\":\"Haber Merkezi\"},\"sameAs\":[\"http:\\\/\\\/e-ciftlik.com\\\/haberler\"]}]}<\/script>\n<!-- \/ Yoast SEO Premium plugin. -->","yoast_head_json":{"title":"\"Fenerbah\u00e7e Beko, Virtus Bologna'y\u0131 95-81 ma\u011flup etti!\" - E-&Ccedil;\u0130FTL\u0130K HABER","description":"Fenerbah\u00e7e Beko, THY Avrupa Ligi'nin 24. haftas\u0131nda kendi sahas\u0131nda \u0130talyan rakibi Virtus Segafredo Bologna'y\u0131 95-81 yenerek galip geldi. Bu sonu\u00e7la","robots":{"index":"index","follow":"follow","max-snippet":"max-snippet:-1","max-image-preview":"max-image-preview:large","max-video-preview":"max-video-preview:-1"},"canonical":"https:\/\/e-ciftlik.com\/haberler\/spor\/fenerbahce-beko-virtus-bolognayi-95-81-maglup-etti\/","og_locale":"tr_TR","og_type":"article","og_title":"\"Fenerbah\u00e7e Beko, Virtus Bologna'y\u0131 95-81 ma\u011flup etti!\"","og_description":"Fenerbah\u00e7e Beko, THY Avrupa Ligi'nin 24. haftas\u0131nda kendi sahas\u0131nda \u0130talyan rakibi Virtus Segafredo Bologna'y\u0131 95-81 yenerek galip geldi. Bu sonu\u00e7la","og_url":"https:\/\/e-ciftlik.com\/haberler\/spor\/fenerbahce-beko-virtus-bolognayi-95-81-maglup-etti\/","og_site_name":"E-&Ccedil;\u0130FTL\u0130K HABER","article_publisher":"https:\/\/www.facebook.com\/eciftlikturkiye","article_published_time":"2025-02-01T07:53:14+00:00","og_image":[{"width":1200,"height":627,"url":"https:\/\/e-ciftlik.com\/haberler\/wp-content\/uploads\/2025\/02\/1738396396_1200x628.jpeg","type":"image\/jpeg"}],"author":"Haber Merkezi","twitter_card":"summary_large_image","twitter_creator":"@eciftlikresmi","twitter_site":"@eciftlikresmi","twitter_misc":{"Yazan:":"Haber Merkezi","Tahmini okuma s\u00fcresi":"1 dakika"},"schema":{"@context":"https:\/\/schema.org","@graph":[{"@type":"NewsArticle","@id":"https:\/\/e-ciftlik.com\/haberler\/spor\/fenerbahce-beko-virtus-bolognayi-95-81-maglup-etti\/#article","isPartOf":{"@id":"https:\/\/e-ciftlik.com\/haberler\/spor\/fenerbahce-beko-virtus-bolognayi-95-81-maglup-etti\/"},"author":{"name":"Haber Merkezi","@id":"https:\/\/e-ciftlik.com\/haberler\/#\/schema\/person\/d2f4fee3143d7f72be82cb887d51b00a"},"headline":"&#8220;Fenerbah\u00e7e Beko, Virtus Bologna&#8217;y\u0131 95-81 ma\u011flup etti!&#8221;","datePublished":"2025-02-01T07:53:14+00:00","mainEntityOfPage":{"@id":"https:\/\/e-ciftlik.com\/haberler\/spor\/fenerbahce-beko-virtus-bolognayi-95-81-maglup-etti\/"},"wordCount":290,"commentCount":0,"publisher":{"@id":"https:\/\/e-ciftlik.com\/haberler\/#organization"},"image":{"@id":"https:\/\/e-ciftlik.com\/haberler\/spor\/fenerbahce-beko-virtus-bolognayi-95-81-maglup-etti\/#primaryimage"},"thumbnailUrl":"https:\/\/e-ciftlik.com\/haberler\/wp-content\/uploads\/2025\/02\/1738396396_1200x628.jpeg","articleSection":["Spor"],"inLanguage":"tr","potentialAction":[{"@type":"CommentAction","name":"Comment","target":["https:\/\/e-ciftlik.com\/haberler\/spor\/fenerbahce-beko-virtus-bolognayi-95-81-maglup-etti\/#respond"]}]},{"@type":"WebPage","@id":"https:\/\/e-ciftlik.com\/haberler\/spor\/fenerbahce-beko-virtus-bolognayi-95-81-maglup-etti\/","url":"https:\/\/e-ciftlik.com\/haberler\/spor\/fenerbahce-beko-virtus-bolognayi-95-81-maglup-etti\/","name":"\"Fenerbah\u00e7e Beko, Virtus Bologna'y\u0131 95-81 ma\u011flup etti!\" - E-&Ccedil;\u0130FTL\u0130K HABER","isPartOf":{"@id":"https:\/\/e-ciftlik.com\/haberler\/#website"},"primaryImageOfPage":{"@id":"https:\/\/e-ciftlik.com\/haberler\/spor\/fenerbahce-beko-virtus-bolognayi-95-81-maglup-etti\/#primaryimage"},"image":{"@id":"https:\/\/e-ciftlik.com\/haberler\/spor\/fenerbahce-beko-virtus-bolognayi-95-81-maglup-etti\/#primaryimage"},"thumbnailUrl":"https:\/\/e-ciftlik.com\/haberler\/wp-content\/uploads\/2025\/02\/1738396396_1200x628.jpeg","datePublished":"2025-02-01T07:53:14+00:00","description":"Fenerbah\u00e7e Beko, THY Avrupa Ligi'nin 24. haftas\u0131nda kendi sahas\u0131nda \u0130talyan rakibi Virtus Segafredo Bologna'y\u0131 95-81 yenerek galip geldi. Bu sonu\u00e7la","breadcrumb":{"@id":"https:\/\/e-ciftlik.com\/haberler\/spor\/fenerbahce-beko-virtus-bolognayi-95-81-maglup-etti\/#breadcrumb"},"inLanguage":"tr","potentialAction":[{"@type":"ReadAction","target":["https:\/\/e-ciftlik.com\/haberler\/spor\/fenerbahce-beko-virtus-bolognayi-95-81-maglup-etti\/"]}]},{"@type":"ImageObject","inLanguage":"tr","@id":"https:\/\/e-ciftlik.com\/haberler\/spor\/fenerbahce-beko-virtus-bolognayi-95-81-maglup-etti\/#primaryimage","url":"https:\/\/e-ciftlik.com\/haberler\/wp-content\/uploads\/2025\/02\/1738396396_1200x628.jpeg","contentUrl":"https:\/\/e-ciftlik.com\/haberler\/wp-content\/uploads\/2025\/02\/1738396396_1200x628.jpeg","width":1200,"height":627},{"@type":"BreadcrumbList","@id":"https:\/\/e-ciftlik.com\/haberler\/spor\/fenerbahce-beko-virtus-bolognayi-95-81-maglup-etti\/#breadcrumb","itemListElement":[{"@type":"ListItem","position":1,"name":"Anasayfa","item":"https:\/\/e-ciftlik.com\/haberler\/"},{"@type":"ListItem","position":2,"name":"&#8220;Fenerbah\u00e7e Beko, Virtus Bologna&#8217;y\u0131 95-81 ma\u011flup etti!&#8221;"}]},{"@type":"WebSite","@id":"https:\/\/e-ciftlik.com\/haberler\/#website","url":"https:\/\/e-ciftlik.com\/haberler\/","name":"E-\u00c7iftlik Haber | G\u00fcncel, Son Dakika Haberler, En Son Haber","description":"","publisher":{"@id":"https:\/\/e-ciftlik.com\/haberler\/#organization"},"potentialAction":[{"@type":"SearchAction","target":{"@type":"EntryPoint","urlTemplate":"https:\/\/e-ciftlik.com\/haberler\/?s={search_term_string}"},"query-input":{"@type":"PropertyValueSpecification","valueRequired":true,"valueName":"search_term_string"}}],"inLanguage":"tr"},{"@type":"Organization","@id":"https:\/\/e-ciftlik.com\/haberler\/#organization","name":"E-\u00c7\u0130FTL\u0130K HABER","url":"https:\/\/e-ciftlik.com\/haberler\/","logo":{"@type":"ImageObject","inLanguage":"tr","@id":"https:\/\/e-ciftlik.com\/haberler\/#\/schema\/logo\/image\/","url":"https:\/\/e-ciftlik.com\/haberler\/wp-content\/uploads\/2024\/06\/cropped-cropped-favicon-1-2.png","contentUrl":"https:\/\/e-ciftlik.com\/haberler\/wp-content\/uploads\/2024\/06\/cropped-cropped-favicon-1-2.png","width":512,"height":512,"caption":"E-\u00c7\u0130FTL\u0130K HABER"},"image":{"@id":"https:\/\/e-ciftlik.com\/haberler\/#\/schema\/logo\/image\/"},"sameAs":["https:\/\/www.facebook.com\/eciftlikturkiye","https:\/\/x.com\/eciftlikresmi","https:\/\/www.instagram.com\/eciftlikresmi\/"]},{"@type":"Person","@id":"https:\/\/e-ciftlik.com\/haberler\/#\/schema\/person\/d2f4fee3143d7f72be82cb887d51b00a","name":"Haber Merkezi","image":{"@type":"ImageObject","inLanguage":"tr","@id":"https:\/\/secure.gravatar.com\/avatar\/6c27d641914e66c1d0452c92716002398782818991d86db1c2cccb531e7c7c82?s=96&d=mm&r=g","url":"https:\/\/secure.gravatar.com\/avatar\/6c27d641914e66c1d0452c92716002398782818991d86db1c2cccb531e7c7c82?s=96&d=mm&r=g","contentUrl":"https:\/\/secure.gravatar.com\/avatar\/6c27d641914e66c1d0452c92716002398782818991d86db1c2cccb531e7c7c82?s=96&d=mm&r=g","caption":"Haber Merkezi"},"sameAs":["http:\/\/e-ciftlik.com\/haberler"]}]}},"_links":{"self":[{"href":"https:\/\/e-ciftlik.com\/haberler\/wp-json\/wp\/v2\/posts\/76873","targetHints":{"allow":["GET"]}}],"collection":[{"href":"https:\/\/e-ciftlik.com\/haberler\/wp-json\/wp\/v2\/posts"}],"about":[{"href":"https:\/\/e-ciftlik.com\/haberler\/wp-json\/wp\/v2\/types\/post"}],"author":[{"embeddable":true,"href":"https:\/\/e-ciftlik.com\/haberler\/wp-json\/wp\/v2\/users\/1"}],"replies":[{"embeddable":true,"href":"https:\/\/e-ciftlik.com\/haberler\/wp-json\/wp\/v2\/comments?post=76873"}],"version-history":[{"count":0,"href":"https:\/\/e-ciftlik.com\/haberler\/wp-json\/wp\/v2\/posts\/76873\/revisions"}],"wp:featuredmedia":[{"embeddable":true,"href":"https:\/\/e-ciftlik.com\/haberler\/wp-json\/wp\/v2\/media\/76874"}],"wp:attachment":[{"href":"https:\/\/e-ciftlik.com\/haberler\/wp-json\/wp\/v2\/media?parent=76873"}],"wp:term":[{"taxonomy":"category","embeddable":true,"href":"https:\/\/e-ciftlik.com\/haberler\/wp-json\/wp\/v2\/categories?post=76873"},{"taxonomy":"post_tag","embeddable":true,"href":"https:\/\/e-ciftlik.com\/haberler\/wp-json\/wp\/v2\/tags?post=76873"}],"curies":[{"name":"wp","href":"https:\/\/api.w.org\/{rel}","templated":true}]}}