{"id":76929,"date":"2025-02-01T07:36:00","date_gmt":"2025-02-01T07:36:00","guid":{"rendered":"http:\/\/e-ciftlik.com\/haberler\/tarim\/sivasta-aricilik-kursu-duzenlendi\/"},"modified":"2025-02-01T07:36:00","modified_gmt":"2025-02-01T07:36:00","slug":"sivasta-aricilik-kursu-duzenlendi","status":"publish","type":"post","link":"https:\/\/e-ciftlik.com\/haberler\/tarim\/sivasta-aricilik-kursu-duzenlendi\/","title":{"rendered":"Sivas&#8217;ta Ar\u0131c\u0131l\u0131k Kursu D\u00fczenlendi!"},"content":{"rendered":"<p>Sivas \u0130l Tar\u0131m ve Orman M\u00fcd\u00fcrl\u00fc\u011f\u00fc, ar\u0131c\u0131l\u0131k kursunu d\u00fczenledi. \u0130l Tar\u0131m ve Orman M\u00fcd\u00fcr\u00fc Seyit Y\u0131ld\u0131z&#8217;\u0131n yapt\u0131\u011f\u0131 a\u00e7\u0131klamaya g\u00f6re, kursiyerleri ziyaret etti. Toplamda 113 kursiyerin kat\u0131ld\u0131\u011f\u0131 kursa, ar\u0131 bireyleri, ar\u0131 \u00fcr\u00fcnleri, ilkbahar ve sonbahar bak\u0131m\u0131, k\u0131\u015flatma, ar\u0131 \u0131rklar\u0131, hastal\u0131k ve zararl\u0131lar, bal \u00fcretimi ve hasad\u0131 gibi konularda teorik bilgiler verilece\u011fi belirtildi. Y\u0131ld\u0131z, \u00dcretim Planlamas\u0131 ve Yeni Destekleme Modeli hakk\u0131nda da bilgi verdi. Ayr\u0131ca il merkezi ve 16 il\u00e7ede her hafta 3&#8217;er k\u00f6y belirlenece\u011fini ve 51 k\u00f6yde modelin anlat\u0131laca\u011f\u0131n\u0131 ifade etti.<\/p>\n","protected":false},"excerpt":{"rendered":"<p>Sivas \u0130l Tar\u0131m ve Orman M\u00fcd\u00fcrl\u00fc\u011f\u00fc, ar\u0131c\u0131l\u0131k kursunu d\u00fczenledi. \u0130l Tar\u0131m ve Orman M\u00fcd\u00fcr\u00fc Seyit&hellip;<\/p>\n","protected":false},"author":1,"featured_media":76930,"comment_status":"open","ping_status":"open","sticky":false,"template":"","format":"standard","meta":{"footnotes":""},"categories":[9],"tags":[],"class_list":["post-76929","post","type-post","status-publish","format-standard","has-post-thumbnail","hentry","category-tarim"],"yoast_head":"<!-- This site is optimized with the Yoast SEO Premium plugin v24.3 (Yoast SEO v27.4) - https:\/\/yoast.com\/product\/yoast-seo-premium-wordpress\/ -->\n<title>Sivas&#039;ta Ar\u0131c\u0131l\u0131k Kursu D\u00fczenlendi! - E-&Ccedil;\u0130FTL\u0130K HABER<\/title>\n<meta name=\"description\" content=\"Sivas \u0130l Tar\u0131m ve Orman M\u00fcd\u00fcrl\u00fc\u011f\u00fc, ar\u0131c\u0131l\u0131k kursunu d\u00fczenledi. \u0130l Tar\u0131m ve Orman M\u00fcd\u00fcr\u00fc Seyit Y\u0131ld\u0131z&#039;\u0131n yapt\u0131\u011f\u0131 a\u00e7\u0131klamaya g\u00f6re, kursiyerleri ziyaret\" \/>\n<meta name=\"robots\" content=\"index, follow, max-snippet:-1, max-image-preview:large, max-video-preview:-1\" \/>\n<link rel=\"canonical\" href=\"https:\/\/e-ciftlik.com\/haberler\/tarim\/sivasta-aricilik-kursu-duzenlendi\/\" \/>\n<meta property=\"og:locale\" content=\"tr_TR\" \/>\n<meta property=\"og:type\" content=\"article\" \/>\n<meta property=\"og:title\" content=\"Sivas&#039;ta Ar\u0131c\u0131l\u0131k Kursu D\u00fczenlendi!\" \/>\n<meta property=\"og:description\" content=\"Sivas \u0130l Tar\u0131m ve Orman M\u00fcd\u00fcrl\u00fc\u011f\u00fc, ar\u0131c\u0131l\u0131k kursunu d\u00fczenledi. \u0130l Tar\u0131m ve Orman M\u00fcd\u00fcr\u00fc Seyit Y\u0131ld\u0131z&#039;\u0131n yapt\u0131\u011f\u0131 a\u00e7\u0131klamaya g\u00f6re, kursiyerleri ziyaret\" \/>\n<meta property=\"og:url\" content=\"https:\/\/e-ciftlik.com\/haberler\/tarim\/sivasta-aricilik-kursu-duzenlendi\/\" \/>\n<meta property=\"og:site_name\" content=\"E-&Ccedil;\u0130FTL\u0130K HABER\" \/>\n<meta property=\"article:publisher\" content=\"https:\/\/www.facebook.com\/eciftlikturkiye\" \/>\n<meta property=\"article:published_time\" content=\"2025-02-01T07:36:00+00:00\" \/>\n<meta property=\"og:image\" content=\"https:\/\/e-ciftlik.com\/haberler\/wp-content\/uploads\/2025\/02\/sivas-ta-aricilik-kursu-duzenlendi-18323934_amp.jpg\" \/>\n\t<meta property=\"og:image:width\" content=\"1200\" \/>\n\t<meta property=\"og:image:height\" content=\"800\" \/>\n\t<meta property=\"og:image:type\" content=\"image\/jpeg\" \/>\n<meta name=\"author\" content=\"Haber Merkezi\" \/>\n<meta name=\"twitter:card\" content=\"summary_large_image\" \/>\n<meta name=\"twitter:creator\" content=\"@eciftlikresmi\" \/>\n<meta name=\"twitter:site\" content=\"@eciftlikresmi\" \/>\n<meta name=\"twitter:label1\" content=\"Yazan:\" \/>\n\t<meta name=\"twitter:data1\" content=\"Haber Merkezi\" \/>\n\t<meta name=\"twitter:label2\" content=\"Tahmini okuma s\u00fcresi\" \/>\n\t<meta name=\"twitter:data2\" content=\"1 dakika\" \/>\n<script type=\"application\/ld+json\" class=\"yoast-schema-graph\">{\"@context\":\"https:\\\/\\\/schema.org\",\"@graph\":[{\"@type\":\"NewsArticle\",\"@id\":\"https:\\\/\\\/e-ciftlik.com\\\/haberler\\\/tarim\\\/sivasta-aricilik-kursu-duzenlendi\\\/#article\",\"isPartOf\":{\"@id\":\"https:\\\/\\\/e-ciftlik.com\\\/haberler\\\/tarim\\\/sivasta-aricilik-kursu-duzenlendi\\\/\"},\"author\":{\"name\":\"Haber Merkezi\",\"@id\":\"https:\\\/\\\/e-ciftlik.com\\\/haberler\\\/#\\\/schema\\\/person\\\/d2f4fee3143d7f72be82cb887d51b00a\"},\"headline\":\"Sivas&#8217;ta Ar\u0131c\u0131l\u0131k Kursu D\u00fczenlendi!\",\"datePublished\":\"2025-02-01T07:36:00+00:00\",\"mainEntityOfPage\":{\"@id\":\"https:\\\/\\\/e-ciftlik.com\\\/haberler\\\/tarim\\\/sivasta-aricilik-kursu-duzenlendi\\\/\"},\"wordCount\":118,\"commentCount\":0,\"publisher\":{\"@id\":\"https:\\\/\\\/e-ciftlik.com\\\/haberler\\\/#organization\"},\"image\":{\"@id\":\"https:\\\/\\\/e-ciftlik.com\\\/haberler\\\/tarim\\\/sivasta-aricilik-kursu-duzenlendi\\\/#primaryimage\"},\"thumbnailUrl\":\"https:\\\/\\\/e-ciftlik.com\\\/haberler\\\/wp-content\\\/uploads\\\/2025\\\/02\\\/sivas-ta-aricilik-kursu-duzenlendi-18323934_amp.jpg\",\"articleSection\":[\"Tar\u0131m\"],\"inLanguage\":\"tr\",\"potentialAction\":[{\"@type\":\"CommentAction\",\"name\":\"Comment\",\"target\":[\"https:\\\/\\\/e-ciftlik.com\\\/haberler\\\/tarim\\\/sivasta-aricilik-kursu-duzenlendi\\\/#respond\"]}]},{\"@type\":\"WebPage\",\"@id\":\"https:\\\/\\\/e-ciftlik.com\\\/haberler\\\/tarim\\\/sivasta-aricilik-kursu-duzenlendi\\\/\",\"url\":\"https:\\\/\\\/e-ciftlik.com\\\/haberler\\\/tarim\\\/sivasta-aricilik-kursu-duzenlendi\\\/\",\"name\":\"Sivas'ta Ar\u0131c\u0131l\u0131k Kursu D\u00fczenlendi! - E-&Ccedil;\u0130FTL\u0130K HABER\",\"isPartOf\":{\"@id\":\"https:\\\/\\\/e-ciftlik.com\\\/haberler\\\/#website\"},\"primaryImageOfPage\":{\"@id\":\"https:\\\/\\\/e-ciftlik.com\\\/haberler\\\/tarim\\\/sivasta-aricilik-kursu-duzenlendi\\\/#primaryimage\"},\"image\":{\"@id\":\"https:\\\/\\\/e-ciftlik.com\\\/haberler\\\/tarim\\\/sivasta-aricilik-kursu-duzenlendi\\\/#primaryimage\"},\"thumbnailUrl\":\"https:\\\/\\\/e-ciftlik.com\\\/haberler\\\/wp-content\\\/uploads\\\/2025\\\/02\\\/sivas-ta-aricilik-kursu-duzenlendi-18323934_amp.jpg\",\"datePublished\":\"2025-02-01T07:36:00+00:00\",\"description\":\"Sivas \u0130l Tar\u0131m ve Orman M\u00fcd\u00fcrl\u00fc\u011f\u00fc, ar\u0131c\u0131l\u0131k kursunu d\u00fczenledi. \u0130l Tar\u0131m ve Orman M\u00fcd\u00fcr\u00fc Seyit Y\u0131ld\u0131z'\u0131n yapt\u0131\u011f\u0131 a\u00e7\u0131klamaya g\u00f6re, kursiyerleri ziyaret\",\"breadcrumb\":{\"@id\":\"https:\\\/\\\/e-ciftlik.com\\\/haberler\\\/tarim\\\/sivasta-aricilik-kursu-duzenlendi\\\/#breadcrumb\"},\"inLanguage\":\"tr\",\"potentialAction\":[{\"@type\":\"ReadAction\",\"target\":[\"https:\\\/\\\/e-ciftlik.com\\\/haberler\\\/tarim\\\/sivasta-aricilik-kursu-duzenlendi\\\/\"]}]},{\"@type\":\"ImageObject\",\"inLanguage\":\"tr\",\"@id\":\"https:\\\/\\\/e-ciftlik.com\\\/haberler\\\/tarim\\\/sivasta-aricilik-kursu-duzenlendi\\\/#primaryimage\",\"url\":\"https:\\\/\\\/e-ciftlik.com\\\/haberler\\\/wp-content\\\/uploads\\\/2025\\\/02\\\/sivas-ta-aricilik-kursu-duzenlendi-18323934_amp.jpg\",\"contentUrl\":\"https:\\\/\\\/e-ciftlik.com\\\/haberler\\\/wp-content\\\/uploads\\\/2025\\\/02\\\/sivas-ta-aricilik-kursu-duzenlendi-18323934_amp.jpg\",\"width\":1200,\"height\":800},{\"@type\":\"BreadcrumbList\",\"@id\":\"https:\\\/\\\/e-ciftlik.com\\\/haberler\\\/tarim\\\/sivasta-aricilik-kursu-duzenlendi\\\/#breadcrumb\",\"itemListElement\":[{\"@type\":\"ListItem\",\"position\":1,\"name\":\"Anasayfa\",\"item\":\"https:\\\/\\\/e-ciftlik.com\\\/haberler\\\/\"},{\"@type\":\"ListItem\",\"position\":2,\"name\":\"Sivas&#8217;ta Ar\u0131c\u0131l\u0131k Kursu D\u00fczenlendi!\"}]},{\"@type\":\"WebSite\",\"@id\":\"https:\\\/\\\/e-ciftlik.com\\\/haberler\\\/#website\",\"url\":\"https:\\\/\\\/e-ciftlik.com\\\/haberler\\\/\",\"name\":\"E-\u00c7iftlik Haber | G\u00fcncel, Son Dakika Haberler, En Son Haber\",\"description\":\"\",\"publisher\":{\"@id\":\"https:\\\/\\\/e-ciftlik.com\\\/haberler\\\/#organization\"},\"potentialAction\":[{\"@type\":\"SearchAction\",\"target\":{\"@type\":\"EntryPoint\",\"urlTemplate\":\"https:\\\/\\\/e-ciftlik.com\\\/haberler\\\/?s={search_term_string}\"},\"query-input\":{\"@type\":\"PropertyValueSpecification\",\"valueRequired\":true,\"valueName\":\"search_term_string\"}}],\"inLanguage\":\"tr\"},{\"@type\":\"Organization\",\"@id\":\"https:\\\/\\\/e-ciftlik.com\\\/haberler\\\/#organization\",\"name\":\"E-\u00c7\u0130FTL\u0130K HABER\",\"url\":\"https:\\\/\\\/e-ciftlik.com\\\/haberler\\\/\",\"logo\":{\"@type\":\"ImageObject\",\"inLanguage\":\"tr\",\"@id\":\"https:\\\/\\\/e-ciftlik.com\\\/haberler\\\/#\\\/schema\\\/logo\\\/image\\\/\",\"url\":\"https:\\\/\\\/e-ciftlik.com\\\/haberler\\\/wp-content\\\/uploads\\\/2024\\\/06\\\/cropped-cropped-favicon-1-2.png\",\"contentUrl\":\"https:\\\/\\\/e-ciftlik.com\\\/haberler\\\/wp-content\\\/uploads\\\/2024\\\/06\\\/cropped-cropped-favicon-1-2.png\",\"width\":512,\"height\":512,\"caption\":\"E-\u00c7\u0130FTL\u0130K HABER\"},\"image\":{\"@id\":\"https:\\\/\\\/e-ciftlik.com\\\/haberler\\\/#\\\/schema\\\/logo\\\/image\\\/\"},\"sameAs\":[\"https:\\\/\\\/www.facebook.com\\\/eciftlikturkiye\",\"https:\\\/\\\/x.com\\\/eciftlikresmi\",\"https:\\\/\\\/www.instagram.com\\\/eciftlikresmi\\\/\"]},{\"@type\":\"Person\",\"@id\":\"https:\\\/\\\/e-ciftlik.com\\\/haberler\\\/#\\\/schema\\\/person\\\/d2f4fee3143d7f72be82cb887d51b00a\",\"name\":\"Haber Merkezi\",\"image\":{\"@type\":\"ImageObject\",\"inLanguage\":\"tr\",\"@id\":\"https:\\\/\\\/secure.gravatar.com\\\/avatar\\\/6c27d641914e66c1d0452c92716002398782818991d86db1c2cccb531e7c7c82?s=96&d=mm&r=g\",\"url\":\"https:\\\/\\\/secure.gravatar.com\\\/avatar\\\/6c27d641914e66c1d0452c92716002398782818991d86db1c2cccb531e7c7c82?s=96&d=mm&r=g\",\"contentUrl\":\"https:\\\/\\\/secure.gravatar.com\\\/avatar\\\/6c27d641914e66c1d0452c92716002398782818991d86db1c2cccb531e7c7c82?s=96&d=mm&r=g\",\"caption\":\"Haber Merkezi\"},\"sameAs\":[\"http:\\\/\\\/e-ciftlik.com\\\/haberler\"]}]}<\/script>\n<!-- \/ Yoast SEO Premium plugin. -->","yoast_head_json":{"title":"Sivas'ta Ar\u0131c\u0131l\u0131k Kursu D\u00fczenlendi! - E-&Ccedil;\u0130FTL\u0130K HABER","description":"Sivas \u0130l Tar\u0131m ve Orman M\u00fcd\u00fcrl\u00fc\u011f\u00fc, ar\u0131c\u0131l\u0131k kursunu d\u00fczenledi. \u0130l Tar\u0131m ve Orman M\u00fcd\u00fcr\u00fc Seyit Y\u0131ld\u0131z'\u0131n yapt\u0131\u011f\u0131 a\u00e7\u0131klamaya g\u00f6re, kursiyerleri ziyaret","robots":{"index":"index","follow":"follow","max-snippet":"max-snippet:-1","max-image-preview":"max-image-preview:large","max-video-preview":"max-video-preview:-1"},"canonical":"https:\/\/e-ciftlik.com\/haberler\/tarim\/sivasta-aricilik-kursu-duzenlendi\/","og_locale":"tr_TR","og_type":"article","og_title":"Sivas'ta Ar\u0131c\u0131l\u0131k Kursu D\u00fczenlendi!","og_description":"Sivas \u0130l Tar\u0131m ve Orman M\u00fcd\u00fcrl\u00fc\u011f\u00fc, ar\u0131c\u0131l\u0131k kursunu d\u00fczenledi. \u0130l Tar\u0131m ve Orman M\u00fcd\u00fcr\u00fc Seyit Y\u0131ld\u0131z'\u0131n yapt\u0131\u011f\u0131 a\u00e7\u0131klamaya g\u00f6re, kursiyerleri ziyaret","og_url":"https:\/\/e-ciftlik.com\/haberler\/tarim\/sivasta-aricilik-kursu-duzenlendi\/","og_site_name":"E-&Ccedil;\u0130FTL\u0130K HABER","article_publisher":"https:\/\/www.facebook.com\/eciftlikturkiye","article_published_time":"2025-02-01T07:36:00+00:00","og_image":[{"width":1200,"height":800,"url":"https:\/\/e-ciftlik.com\/haberler\/wp-content\/uploads\/2025\/02\/sivas-ta-aricilik-kursu-duzenlendi-18323934_amp.jpg","type":"image\/jpeg"}],"author":"Haber Merkezi","twitter_card":"summary_large_image","twitter_creator":"@eciftlikresmi","twitter_site":"@eciftlikresmi","twitter_misc":{"Yazan:":"Haber Merkezi","Tahmini okuma s\u00fcresi":"1 dakika"},"schema":{"@context":"https:\/\/schema.org","@graph":[{"@type":"NewsArticle","@id":"https:\/\/e-ciftlik.com\/haberler\/tarim\/sivasta-aricilik-kursu-duzenlendi\/#article","isPartOf":{"@id":"https:\/\/e-ciftlik.com\/haberler\/tarim\/sivasta-aricilik-kursu-duzenlendi\/"},"author":{"name":"Haber Merkezi","@id":"https:\/\/e-ciftlik.com\/haberler\/#\/schema\/person\/d2f4fee3143d7f72be82cb887d51b00a"},"headline":"Sivas&#8217;ta Ar\u0131c\u0131l\u0131k Kursu D\u00fczenlendi!","datePublished":"2025-02-01T07:36:00+00:00","mainEntityOfPage":{"@id":"https:\/\/e-ciftlik.com\/haberler\/tarim\/sivasta-aricilik-kursu-duzenlendi\/"},"wordCount":118,"commentCount":0,"publisher":{"@id":"https:\/\/e-ciftlik.com\/haberler\/#organization"},"image":{"@id":"https:\/\/e-ciftlik.com\/haberler\/tarim\/sivasta-aricilik-kursu-duzenlendi\/#primaryimage"},"thumbnailUrl":"https:\/\/e-ciftlik.com\/haberler\/wp-content\/uploads\/2025\/02\/sivas-ta-aricilik-kursu-duzenlendi-18323934_amp.jpg","articleSection":["Tar\u0131m"],"inLanguage":"tr","potentialAction":[{"@type":"CommentAction","name":"Comment","target":["https:\/\/e-ciftlik.com\/haberler\/tarim\/sivasta-aricilik-kursu-duzenlendi\/#respond"]}]},{"@type":"WebPage","@id":"https:\/\/e-ciftlik.com\/haberler\/tarim\/sivasta-aricilik-kursu-duzenlendi\/","url":"https:\/\/e-ciftlik.com\/haberler\/tarim\/sivasta-aricilik-kursu-duzenlendi\/","name":"Sivas'ta Ar\u0131c\u0131l\u0131k Kursu D\u00fczenlendi! - E-&Ccedil;\u0130FTL\u0130K HABER","isPartOf":{"@id":"https:\/\/e-ciftlik.com\/haberler\/#website"},"primaryImageOfPage":{"@id":"https:\/\/e-ciftlik.com\/haberler\/tarim\/sivasta-aricilik-kursu-duzenlendi\/#primaryimage"},"image":{"@id":"https:\/\/e-ciftlik.com\/haberler\/tarim\/sivasta-aricilik-kursu-duzenlendi\/#primaryimage"},"thumbnailUrl":"https:\/\/e-ciftlik.com\/haberler\/wp-content\/uploads\/2025\/02\/sivas-ta-aricilik-kursu-duzenlendi-18323934_amp.jpg","datePublished":"2025-02-01T07:36:00+00:00","description":"Sivas \u0130l Tar\u0131m ve Orman M\u00fcd\u00fcrl\u00fc\u011f\u00fc, ar\u0131c\u0131l\u0131k kursunu d\u00fczenledi. \u0130l Tar\u0131m ve Orman M\u00fcd\u00fcr\u00fc Seyit Y\u0131ld\u0131z'\u0131n yapt\u0131\u011f\u0131 a\u00e7\u0131klamaya g\u00f6re, kursiyerleri ziyaret","breadcrumb":{"@id":"https:\/\/e-ciftlik.com\/haberler\/tarim\/sivasta-aricilik-kursu-duzenlendi\/#breadcrumb"},"inLanguage":"tr","potentialAction":[{"@type":"ReadAction","target":["https:\/\/e-ciftlik.com\/haberler\/tarim\/sivasta-aricilik-kursu-duzenlendi\/"]}]},{"@type":"ImageObject","inLanguage":"tr","@id":"https:\/\/e-ciftlik.com\/haberler\/tarim\/sivasta-aricilik-kursu-duzenlendi\/#primaryimage","url":"https:\/\/e-ciftlik.com\/haberler\/wp-content\/uploads\/2025\/02\/sivas-ta-aricilik-kursu-duzenlendi-18323934_amp.jpg","contentUrl":"https:\/\/e-ciftlik.com\/haberler\/wp-content\/uploads\/2025\/02\/sivas-ta-aricilik-kursu-duzenlendi-18323934_amp.jpg","width":1200,"height":800},{"@type":"BreadcrumbList","@id":"https:\/\/e-ciftlik.com\/haberler\/tarim\/sivasta-aricilik-kursu-duzenlendi\/#breadcrumb","itemListElement":[{"@type":"ListItem","position":1,"name":"Anasayfa","item":"https:\/\/e-ciftlik.com\/haberler\/"},{"@type":"ListItem","position":2,"name":"Sivas&#8217;ta Ar\u0131c\u0131l\u0131k Kursu D\u00fczenlendi!"}]},{"@type":"WebSite","@id":"https:\/\/e-ciftlik.com\/haberler\/#website","url":"https:\/\/e-ciftlik.com\/haberler\/","name":"E-\u00c7iftlik Haber | G\u00fcncel, Son Dakika Haberler, En Son Haber","description":"","publisher":{"@id":"https:\/\/e-ciftlik.com\/haberler\/#organization"},"potentialAction":[{"@type":"SearchAction","target":{"@type":"EntryPoint","urlTemplate":"https:\/\/e-ciftlik.com\/haberler\/?s={search_term_string}"},"query-input":{"@type":"PropertyValueSpecification","valueRequired":true,"valueName":"search_term_string"}}],"inLanguage":"tr"},{"@type":"Organization","@id":"https:\/\/e-ciftlik.com\/haberler\/#organization","name":"E-\u00c7\u0130FTL\u0130K HABER","url":"https:\/\/e-ciftlik.com\/haberler\/","logo":{"@type":"ImageObject","inLanguage":"tr","@id":"https:\/\/e-ciftlik.com\/haberler\/#\/schema\/logo\/image\/","url":"https:\/\/e-ciftlik.com\/haberler\/wp-content\/uploads\/2024\/06\/cropped-cropped-favicon-1-2.png","contentUrl":"https:\/\/e-ciftlik.com\/haberler\/wp-content\/uploads\/2024\/06\/cropped-cropped-favicon-1-2.png","width":512,"height":512,"caption":"E-\u00c7\u0130FTL\u0130K HABER"},"image":{"@id":"https:\/\/e-ciftlik.com\/haberler\/#\/schema\/logo\/image\/"},"sameAs":["https:\/\/www.facebook.com\/eciftlikturkiye","https:\/\/x.com\/eciftlikresmi","https:\/\/www.instagram.com\/eciftlikresmi\/"]},{"@type":"Person","@id":"https:\/\/e-ciftlik.com\/haberler\/#\/schema\/person\/d2f4fee3143d7f72be82cb887d51b00a","name":"Haber Merkezi","image":{"@type":"ImageObject","inLanguage":"tr","@id":"https:\/\/secure.gravatar.com\/avatar\/6c27d641914e66c1d0452c92716002398782818991d86db1c2cccb531e7c7c82?s=96&d=mm&r=g","url":"https:\/\/secure.gravatar.com\/avatar\/6c27d641914e66c1d0452c92716002398782818991d86db1c2cccb531e7c7c82?s=96&d=mm&r=g","contentUrl":"https:\/\/secure.gravatar.com\/avatar\/6c27d641914e66c1d0452c92716002398782818991d86db1c2cccb531e7c7c82?s=96&d=mm&r=g","caption":"Haber Merkezi"},"sameAs":["http:\/\/e-ciftlik.com\/haberler"]}]}},"_links":{"self":[{"href":"https:\/\/e-ciftlik.com\/haberler\/wp-json\/wp\/v2\/posts\/76929","targetHints":{"allow":["GET"]}}],"collection":[{"href":"https:\/\/e-ciftlik.com\/haberler\/wp-json\/wp\/v2\/posts"}],"about":[{"href":"https:\/\/e-ciftlik.com\/haberler\/wp-json\/wp\/v2\/types\/post"}],"author":[{"embeddable":true,"href":"https:\/\/e-ciftlik.com\/haberler\/wp-json\/wp\/v2\/users\/1"}],"replies":[{"embeddable":true,"href":"https:\/\/e-ciftlik.com\/haberler\/wp-json\/wp\/v2\/comments?post=76929"}],"version-history":[{"count":0,"href":"https:\/\/e-ciftlik.com\/haberler\/wp-json\/wp\/v2\/posts\/76929\/revisions"}],"wp:featuredmedia":[{"embeddable":true,"href":"https:\/\/e-ciftlik.com\/haberler\/wp-json\/wp\/v2\/media\/76930"}],"wp:attachment":[{"href":"https:\/\/e-ciftlik.com\/haberler\/wp-json\/wp\/v2\/media?parent=76929"}],"wp:term":[{"taxonomy":"category","embeddable":true,"href":"https:\/\/e-ciftlik.com\/haberler\/wp-json\/wp\/v2\/categories?post=76929"},{"taxonomy":"post_tag","embeddable":true,"href":"https:\/\/e-ciftlik.com\/haberler\/wp-json\/wp\/v2\/tags?post=76929"}],"curies":[{"name":"wp","href":"https:\/\/api.w.org\/{rel}","templated":true}]}}