{"id":76943,"date":"2025-02-01T07:39:00","date_gmt":"2025-02-01T07:39:00","guid":{"rendered":"http:\/\/e-ciftlik.com\/haberler\/tarim\/sivas-imranlidaki-kasaplar-koyu-yilin-6-ayi-karla-kapli\/"},"modified":"2025-02-01T07:39:00","modified_gmt":"2025-02-01T07:39:00","slug":"sivas-imranlidaki-kasaplar-koyu-yilin-6-ayi-karla-kapli","status":"publish","type":"post","link":"https:\/\/e-ciftlik.com\/haberler\/tarim\/sivas-imranlidaki-kasaplar-koyu-yilin-6-ayi-karla-kapli\/","title":{"rendered":"Sivas \u0130mranl\u0131&#8217;daki Kasaplar K\u00f6y\u00fc: Y\u0131l\u0131n 6 Ay\u0131 Karla Kapl\u0131"},"content":{"rendered":"<p>Sivas&#8217;\u0131n \u0130mranl\u0131 il\u00e7esinde bulunan K\u0131z\u0131lda\u011f&#8217;\u0131n zirvesine yak\u0131n konumda bulunan 2 bin 190 metre y\u00fcksekli\u011findeki Kasaplar k\u00f6y\u00fc, y\u0131l\u0131n 6 ay\u0131n\u0131 k\u0131\u015f, 6 ay\u0131n\u0131 ise yaz olarak ge\u00e7irmektedir.<\/p>\n<p>\u0130mranl\u0131 il\u00e7e merkezine 32 kilometre mesafede yer alan K\u0131z\u0131lda\u011f Ge\u00e7idi yak\u0131n\u0131ndaki Kasaplar k\u00f6y\u00fc, eski yerle\u015fim yerinde 1970&#8217;li y\u0131llarda ya\u015fanan heyelan sonucu ta\u015f\u0131narak bug\u00fcnk\u00fc konumuna kurulmu\u015ftur. Toplamda 53 hane bulunan k\u00f6y, K\u0131z\u0131lda\u011f&#8217;\u0131n zirvesine yak\u0131n tek k\u00f6y olma \u00f6zelli\u011fini ta\u015f\u0131maktad\u0131r. Kar y\u00fcksekli\u011finin zaman zaman 2 metreye kadar ula\u015ft\u0131\u011f\u0131 k\u00f6y, co\u011frafi konumu gere\u011fi uzun s\u00fcre karla kapl\u0131 kalmaktad\u0131r. Kasaplar k\u00f6y\u00fc, di\u011fer k\u00f6ylerin bahar ve yaz ya\u015fad\u0131\u011f\u0131 d\u00f6nemde, kar \u00f6rt\u00fcs\u00fcn\u00fcn ge\u00e7 kalkmas\u0131 sebebiyle sadece k\u0131\u015f ve yaz aylar\u0131n\u0131 ya\u015famaktad\u0131r. En uzun s\u00fcre kar kalmay\u0131 ba\u015faran k\u00f6y olarak bilinen Kasaplar k\u00f6y\u00fc, bu y\u0131l kurak bir d\u00f6nem ge\u00e7irmektedir. \u00d6nceki y\u0131llara g\u00f6re kar ya\u011f\u0131\u015f\u0131n\u0131n yetersiz kald\u0131\u011f\u0131 b\u00f6lgede, kar kal\u0131nl\u0131\u011f\u0131 yakla\u015f\u0131k 50 santimetre civar\u0131ndad\u0131r. \u0130klim ko\u015fullar\u0131n\u0131n elveri\u015fsiz olmas\u0131 nedeniyle tar\u0131m\u0131n yeterince yap\u0131lamad\u0131\u011f\u0131 k\u00f6yde, bal \u00fcretimi ve hayvanc\u0131l\u0131k \u00f6n plandad\u0131r.<\/p>\n<p>K\u00f6y muhtar\u0131 G\u00fcla\u011fa Turan (42), k\u0131\u015f aylar\u0131nda hane say\u0131s\u0131n\u0131n 4&#8217;e kadar d\u00fc\u015ft\u00fc\u011f\u00fcn\u00fc belirterek, &#8220;Kas\u0131m\u0131n sonuna do\u011fru k\u0131\u015f ba\u015flar, kar ya\u011far ve may\u0131s ay\u0131na kadar devam eder. Hatta may\u0131s ortalar\u0131nda da kar ya\u011f\u0131\u015f\u0131 g\u00f6r\u00fclebilir. Ancak bu y\u0131l kar miktar\u0131 azald\u0131. Bu sene en fazla 50 santimetre kar g\u00f6rd\u00fck. Normalde 2 metreye kadar kar olurdu. Bu y\u0131l mevsim kurak ge\u00e7iyor. Kar yoklu\u011fu bizim i\u00e7in iyi de\u011fil. \u015eu an k\u00f6yde az miktarda kar var, ama biz buna kar demiyoruz \u00e7\u00fcnk\u00fc \u00e7ok az. Bu kadar d\u00fc\u015f\u00fck karla ilk kez kar\u015f\u0131la\u015f\u0131yorum. Ge\u00e7en sene ya\u011f\u0131\u015f azd\u0131 ama yine de 2 metreye yak\u0131n kar vard\u0131. Daha fazla ya\u011f\u0131\u015f almak bizim i\u00e7in iyi olurdu. Yaz aylar\u0131nda k\u00f6ydeki 53 hane tamamen doluyor. Yaz\u0131n b\u00fcy\u00fck \u015fehirlerden gelen vatanda\u015flar\u0131m\u0131z oluyor. N\u00fcfus yakla\u015f\u0131k 450-500 ki\u015fiye kadar \u00e7\u0131k\u0131yor. K\u0131\u015f\u0131n zor ge\u00e7ti\u011fi zamanlarda ya\u015fam\u0131m\u0131z biraz k\u0131s\u0131tlan\u0131yor. Yol durumu ve zirveye olan mesafemiz nedeniyle baz\u0131 s\u0131k\u0131nt\u0131lar ya\u015fan\u0131yor, ama biz yine de kar istiyoruz. Kar ya\u011f\u0131\u015f\u0131 bizim i\u00e7in iyi. Yaz\u0131n su s\u0131k\u0131nt\u0131s\u0131 \u00e7ekmemek i\u00e7in \u00f6nemli. Haneler dolu oldu\u011funda, zirvede oldu\u011fumuz i\u00e7in su sorunu ya\u015f\u0131yoruz&#8221; dedi.<\/p>\n<p>Muhtar Turan, sadece yaz ve k\u0131\u015f mevsimlerini ya\u015fad\u0131klar\u0131n\u0131 belirterek, &#8220;Temmuz-a\u011fustos aylar\u0131nda di\u011fer k\u00f6ylerde araziler kururken, bizim k\u00f6yde \u00e7imler ye\u015fermeye ba\u015flar. Sonbahar\u0131 hi\u00e7 ya\u015fam\u0131yoruz. Sonbahar yerine bahar ve yaz mevsimlerini bir arada ya\u015f\u0131yoruz. Yani burada sadece k\u0131\u015f ve yaz mevsimlerini ya\u015f\u0131yoruz. Eyl\u00fcl ortalar\u0131nda her yer ye\u015fillenir. Kas\u0131m ay\u0131nda ise kar ya\u011f\u0131\u015f\u0131 yeniden ba\u015flar. K\u00f6ydeki ya\u015fant\u0131m\u0131zdan olduk\u00e7a memnunuz. K\u00f6yde kalmaktan mutluyuz. Temiz hava, sa\u011fl\u0131kl\u0131 ya\u015fam, organik beslenme&#8230; Bizim i\u00e7in k\u00f6y daha iyi&#8221; ifadelerini kulland\u0131.<\/p>\n","protected":false},"excerpt":{"rendered":"<p>Sivas&#8217;\u0131n \u0130mranl\u0131 il\u00e7esinde bulunan K\u0131z\u0131lda\u011f&#8217;\u0131n zirvesine yak\u0131n konumda bulunan 2 bin 190 metre y\u00fcksekli\u011findeki Kasaplar&hellip;<\/p>\n","protected":false},"author":1,"featured_media":76944,"comment_status":"open","ping_status":"open","sticky":false,"template":"","format":"standard","meta":{"footnotes":""},"categories":[9],"tags":[],"class_list":["post-76943","post","type-post","status-publish","format-standard","has-post-thumbnail","hentry","category-tarim"],"yoast_head":"<!-- This site is optimized with the Yoast SEO Premium plugin v24.3 (Yoast SEO v27.4) - https:\/\/yoast.com\/product\/yoast-seo-premium-wordpress\/ -->\n<title>Sivas \u0130mranl\u0131&#039;daki Kasaplar K\u00f6y\u00fc: Y\u0131l\u0131n 6 Ay\u0131 Karla Kapl\u0131 - E-&Ccedil;\u0130FTL\u0130K HABER<\/title>\n<meta name=\"description\" content=\"Sivas&#039;\u0131n \u0130mranl\u0131 il\u00e7esinde bulunan K\u0131z\u0131lda\u011f&#039;\u0131n zirvesine yak\u0131n konumda bulunan 2 bin 190 metre y\u00fcksekli\u011findeki Kasaplar k\u00f6y\u00fc, y\u0131l\u0131n 6 ay\u0131n\u0131 k\u0131\u015f, 6 ay\u0131n\u0131\" \/>\n<meta name=\"robots\" content=\"index, follow, max-snippet:-1, max-image-preview:large, max-video-preview:-1\" \/>\n<link rel=\"canonical\" href=\"https:\/\/e-ciftlik.com\/haberler\/tarim\/sivas-imranlidaki-kasaplar-koyu-yilin-6-ayi-karla-kapli\/\" \/>\n<meta property=\"og:locale\" content=\"tr_TR\" \/>\n<meta property=\"og:type\" content=\"article\" \/>\n<meta property=\"og:title\" content=\"Sivas \u0130mranl\u0131&#039;daki Kasaplar K\u00f6y\u00fc: Y\u0131l\u0131n 6 Ay\u0131 Karla Kapl\u0131\" \/>\n<meta property=\"og:description\" content=\"Sivas&#039;\u0131n \u0130mranl\u0131 il\u00e7esinde bulunan K\u0131z\u0131lda\u011f&#039;\u0131n zirvesine yak\u0131n konumda bulunan 2 bin 190 metre y\u00fcksekli\u011findeki Kasaplar k\u00f6y\u00fc, y\u0131l\u0131n 6 ay\u0131n\u0131 k\u0131\u015f, 6 ay\u0131n\u0131\" \/>\n<meta property=\"og:url\" content=\"https:\/\/e-ciftlik.com\/haberler\/tarim\/sivas-imranlidaki-kasaplar-koyu-yilin-6-ayi-karla-kapli\/\" \/>\n<meta property=\"og:site_name\" content=\"E-&Ccedil;\u0130FTL\u0130K HABER\" \/>\n<meta property=\"article:publisher\" content=\"https:\/\/www.facebook.com\/eciftlikturkiye\" \/>\n<meta property=\"article:published_time\" content=\"2025-02-01T07:39:00+00:00\" \/>\n<meta property=\"og:image\" content=\"https:\/\/e-ciftlik.com\/haberler\/wp-content\/uploads\/2025\/02\/bu-koyde-sadece-2-mevsim-yasiyor-yilin-6-ayi-kar-18324047_6947_amp.jpg\" \/>\n\t<meta property=\"og:image:width\" content=\"1200\" \/>\n\t<meta property=\"og:image:height\" content=\"800\" \/>\n\t<meta property=\"og:image:type\" content=\"image\/jpeg\" \/>\n<meta name=\"author\" content=\"Haber Merkezi\" \/>\n<meta name=\"twitter:card\" content=\"summary_large_image\" \/>\n<meta name=\"twitter:creator\" content=\"@eciftlikresmi\" \/>\n<meta name=\"twitter:site\" content=\"@eciftlikresmi\" \/>\n<meta name=\"twitter:label1\" content=\"Yazan:\" \/>\n\t<meta name=\"twitter:data1\" content=\"Haber Merkezi\" \/>\n\t<meta name=\"twitter:label2\" content=\"Tahmini okuma s\u00fcresi\" \/>\n\t<meta name=\"twitter:data2\" content=\"3 dakika\" \/>\n<script type=\"application\/ld+json\" class=\"yoast-schema-graph\">{\"@context\":\"https:\\\/\\\/schema.org\",\"@graph\":[{\"@type\":\"NewsArticle\",\"@id\":\"https:\\\/\\\/e-ciftlik.com\\\/haberler\\\/tarim\\\/sivas-imranlidaki-kasaplar-koyu-yilin-6-ayi-karla-kapli\\\/#article\",\"isPartOf\":{\"@id\":\"https:\\\/\\\/e-ciftlik.com\\\/haberler\\\/tarim\\\/sivas-imranlidaki-kasaplar-koyu-yilin-6-ayi-karla-kapli\\\/\"},\"author\":{\"name\":\"Haber Merkezi\",\"@id\":\"https:\\\/\\\/e-ciftlik.com\\\/haberler\\\/#\\\/schema\\\/person\\\/d2f4fee3143d7f72be82cb887d51b00a\"},\"headline\":\"Sivas \u0130mranl\u0131&#8217;daki Kasaplar K\u00f6y\u00fc: Y\u0131l\u0131n 6 Ay\u0131 Karla Kapl\u0131\",\"datePublished\":\"2025-02-01T07:39:00+00:00\",\"mainEntityOfPage\":{\"@id\":\"https:\\\/\\\/e-ciftlik.com\\\/haberler\\\/tarim\\\/sivas-imranlidaki-kasaplar-koyu-yilin-6-ayi-karla-kapli\\\/\"},\"wordCount\":571,\"commentCount\":0,\"publisher\":{\"@id\":\"https:\\\/\\\/e-ciftlik.com\\\/haberler\\\/#organization\"},\"image\":{\"@id\":\"https:\\\/\\\/e-ciftlik.com\\\/haberler\\\/tarim\\\/sivas-imranlidaki-kasaplar-koyu-yilin-6-ayi-karla-kapli\\\/#primaryimage\"},\"thumbnailUrl\":\"https:\\\/\\\/e-ciftlik.com\\\/haberler\\\/wp-content\\\/uploads\\\/2025\\\/02\\\/bu-koyde-sadece-2-mevsim-yasiyor-yilin-6-ayi-kar-18324047_6947_amp.jpg\",\"articleSection\":[\"Tar\u0131m\"],\"inLanguage\":\"tr\",\"potentialAction\":[{\"@type\":\"CommentAction\",\"name\":\"Comment\",\"target\":[\"https:\\\/\\\/e-ciftlik.com\\\/haberler\\\/tarim\\\/sivas-imranlidaki-kasaplar-koyu-yilin-6-ayi-karla-kapli\\\/#respond\"]}]},{\"@type\":\"WebPage\",\"@id\":\"https:\\\/\\\/e-ciftlik.com\\\/haberler\\\/tarim\\\/sivas-imranlidaki-kasaplar-koyu-yilin-6-ayi-karla-kapli\\\/\",\"url\":\"https:\\\/\\\/e-ciftlik.com\\\/haberler\\\/tarim\\\/sivas-imranlidaki-kasaplar-koyu-yilin-6-ayi-karla-kapli\\\/\",\"name\":\"Sivas \u0130mranl\u0131'daki Kasaplar K\u00f6y\u00fc: Y\u0131l\u0131n 6 Ay\u0131 Karla Kapl\u0131 - E-&Ccedil;\u0130FTL\u0130K HABER\",\"isPartOf\":{\"@id\":\"https:\\\/\\\/e-ciftlik.com\\\/haberler\\\/#website\"},\"primaryImageOfPage\":{\"@id\":\"https:\\\/\\\/e-ciftlik.com\\\/haberler\\\/tarim\\\/sivas-imranlidaki-kasaplar-koyu-yilin-6-ayi-karla-kapli\\\/#primaryimage\"},\"image\":{\"@id\":\"https:\\\/\\\/e-ciftlik.com\\\/haberler\\\/tarim\\\/sivas-imranlidaki-kasaplar-koyu-yilin-6-ayi-karla-kapli\\\/#primaryimage\"},\"thumbnailUrl\":\"https:\\\/\\\/e-ciftlik.com\\\/haberler\\\/wp-content\\\/uploads\\\/2025\\\/02\\\/bu-koyde-sadece-2-mevsim-yasiyor-yilin-6-ayi-kar-18324047_6947_amp.jpg\",\"datePublished\":\"2025-02-01T07:39:00+00:00\",\"description\":\"Sivas'\u0131n \u0130mranl\u0131 il\u00e7esinde bulunan K\u0131z\u0131lda\u011f'\u0131n zirvesine yak\u0131n konumda bulunan 2 bin 190 metre y\u00fcksekli\u011findeki Kasaplar k\u00f6y\u00fc, y\u0131l\u0131n 6 ay\u0131n\u0131 k\u0131\u015f, 6 ay\u0131n\u0131\",\"breadcrumb\":{\"@id\":\"https:\\\/\\\/e-ciftlik.com\\\/haberler\\\/tarim\\\/sivas-imranlidaki-kasaplar-koyu-yilin-6-ayi-karla-kapli\\\/#breadcrumb\"},\"inLanguage\":\"tr\",\"potentialAction\":[{\"@type\":\"ReadAction\",\"target\":[\"https:\\\/\\\/e-ciftlik.com\\\/haberler\\\/tarim\\\/sivas-imranlidaki-kasaplar-koyu-yilin-6-ayi-karla-kapli\\\/\"]}]},{\"@type\":\"ImageObject\",\"inLanguage\":\"tr\",\"@id\":\"https:\\\/\\\/e-ciftlik.com\\\/haberler\\\/tarim\\\/sivas-imranlidaki-kasaplar-koyu-yilin-6-ayi-karla-kapli\\\/#primaryimage\",\"url\":\"https:\\\/\\\/e-ciftlik.com\\\/haberler\\\/wp-content\\\/uploads\\\/2025\\\/02\\\/bu-koyde-sadece-2-mevsim-yasiyor-yilin-6-ayi-kar-18324047_6947_amp.jpg\",\"contentUrl\":\"https:\\\/\\\/e-ciftlik.com\\\/haberler\\\/wp-content\\\/uploads\\\/2025\\\/02\\\/bu-koyde-sadece-2-mevsim-yasiyor-yilin-6-ayi-kar-18324047_6947_amp.jpg\",\"width\":1200,\"height\":800},{\"@type\":\"BreadcrumbList\",\"@id\":\"https:\\\/\\\/e-ciftlik.com\\\/haberler\\\/tarim\\\/sivas-imranlidaki-kasaplar-koyu-yilin-6-ayi-karla-kapli\\\/#breadcrumb\",\"itemListElement\":[{\"@type\":\"ListItem\",\"position\":1,\"name\":\"Anasayfa\",\"item\":\"https:\\\/\\\/e-ciftlik.com\\\/haberler\\\/\"},{\"@type\":\"ListItem\",\"position\":2,\"name\":\"Sivas \u0130mranl\u0131&#8217;daki Kasaplar K\u00f6y\u00fc: Y\u0131l\u0131n 6 Ay\u0131 Karla Kapl\u0131\"}]},{\"@type\":\"WebSite\",\"@id\":\"https:\\\/\\\/e-ciftlik.com\\\/haberler\\\/#website\",\"url\":\"https:\\\/\\\/e-ciftlik.com\\\/haberler\\\/\",\"name\":\"E-\u00c7iftlik Haber | G\u00fcncel, Son Dakika Haberler, En Son Haber\",\"description\":\"\",\"publisher\":{\"@id\":\"https:\\\/\\\/e-ciftlik.com\\\/haberler\\\/#organization\"},\"potentialAction\":[{\"@type\":\"SearchAction\",\"target\":{\"@type\":\"EntryPoint\",\"urlTemplate\":\"https:\\\/\\\/e-ciftlik.com\\\/haberler\\\/?s={search_term_string}\"},\"query-input\":{\"@type\":\"PropertyValueSpecification\",\"valueRequired\":true,\"valueName\":\"search_term_string\"}}],\"inLanguage\":\"tr\"},{\"@type\":\"Organization\",\"@id\":\"https:\\\/\\\/e-ciftlik.com\\\/haberler\\\/#organization\",\"name\":\"E-\u00c7\u0130FTL\u0130K HABER\",\"url\":\"https:\\\/\\\/e-ciftlik.com\\\/haberler\\\/\",\"logo\":{\"@type\":\"ImageObject\",\"inLanguage\":\"tr\",\"@id\":\"https:\\\/\\\/e-ciftlik.com\\\/haberler\\\/#\\\/schema\\\/logo\\\/image\\\/\",\"url\":\"https:\\\/\\\/e-ciftlik.com\\\/haberler\\\/wp-content\\\/uploads\\\/2024\\\/06\\\/cropped-cropped-favicon-1-2.png\",\"contentUrl\":\"https:\\\/\\\/e-ciftlik.com\\\/haberler\\\/wp-content\\\/uploads\\\/2024\\\/06\\\/cropped-cropped-favicon-1-2.png\",\"width\":512,\"height\":512,\"caption\":\"E-\u00c7\u0130FTL\u0130K HABER\"},\"image\":{\"@id\":\"https:\\\/\\\/e-ciftlik.com\\\/haberler\\\/#\\\/schema\\\/logo\\\/image\\\/\"},\"sameAs\":[\"https:\\\/\\\/www.facebook.com\\\/eciftlikturkiye\",\"https:\\\/\\\/x.com\\\/eciftlikresmi\",\"https:\\\/\\\/www.instagram.com\\\/eciftlikresmi\\\/\"]},{\"@type\":\"Person\",\"@id\":\"https:\\\/\\\/e-ciftlik.com\\\/haberler\\\/#\\\/schema\\\/person\\\/d2f4fee3143d7f72be82cb887d51b00a\",\"name\":\"Haber Merkezi\",\"image\":{\"@type\":\"ImageObject\",\"inLanguage\":\"tr\",\"@id\":\"https:\\\/\\\/secure.gravatar.com\\\/avatar\\\/6c27d641914e66c1d0452c92716002398782818991d86db1c2cccb531e7c7c82?s=96&d=mm&r=g\",\"url\":\"https:\\\/\\\/secure.gravatar.com\\\/avatar\\\/6c27d641914e66c1d0452c92716002398782818991d86db1c2cccb531e7c7c82?s=96&d=mm&r=g\",\"contentUrl\":\"https:\\\/\\\/secure.gravatar.com\\\/avatar\\\/6c27d641914e66c1d0452c92716002398782818991d86db1c2cccb531e7c7c82?s=96&d=mm&r=g\",\"caption\":\"Haber Merkezi\"},\"sameAs\":[\"http:\\\/\\\/e-ciftlik.com\\\/haberler\"]}]}<\/script>\n<!-- \/ Yoast SEO Premium plugin. -->","yoast_head_json":{"title":"Sivas \u0130mranl\u0131'daki Kasaplar K\u00f6y\u00fc: Y\u0131l\u0131n 6 Ay\u0131 Karla Kapl\u0131 - E-&Ccedil;\u0130FTL\u0130K HABER","description":"Sivas'\u0131n \u0130mranl\u0131 il\u00e7esinde bulunan K\u0131z\u0131lda\u011f'\u0131n zirvesine yak\u0131n konumda bulunan 2 bin 190 metre y\u00fcksekli\u011findeki Kasaplar k\u00f6y\u00fc, y\u0131l\u0131n 6 ay\u0131n\u0131 k\u0131\u015f, 6 ay\u0131n\u0131","robots":{"index":"index","follow":"follow","max-snippet":"max-snippet:-1","max-image-preview":"max-image-preview:large","max-video-preview":"max-video-preview:-1"},"canonical":"https:\/\/e-ciftlik.com\/haberler\/tarim\/sivas-imranlidaki-kasaplar-koyu-yilin-6-ayi-karla-kapli\/","og_locale":"tr_TR","og_type":"article","og_title":"Sivas \u0130mranl\u0131'daki Kasaplar K\u00f6y\u00fc: Y\u0131l\u0131n 6 Ay\u0131 Karla Kapl\u0131","og_description":"Sivas'\u0131n \u0130mranl\u0131 il\u00e7esinde bulunan K\u0131z\u0131lda\u011f'\u0131n zirvesine yak\u0131n konumda bulunan 2 bin 190 metre y\u00fcksekli\u011findeki Kasaplar k\u00f6y\u00fc, y\u0131l\u0131n 6 ay\u0131n\u0131 k\u0131\u015f, 6 ay\u0131n\u0131","og_url":"https:\/\/e-ciftlik.com\/haberler\/tarim\/sivas-imranlidaki-kasaplar-koyu-yilin-6-ayi-karla-kapli\/","og_site_name":"E-&Ccedil;\u0130FTL\u0130K HABER","article_publisher":"https:\/\/www.facebook.com\/eciftlikturkiye","article_published_time":"2025-02-01T07:39:00+00:00","og_image":[{"width":1200,"height":800,"url":"https:\/\/e-ciftlik.com\/haberler\/wp-content\/uploads\/2025\/02\/bu-koyde-sadece-2-mevsim-yasiyor-yilin-6-ayi-kar-18324047_6947_amp.jpg","type":"image\/jpeg"}],"author":"Haber Merkezi","twitter_card":"summary_large_image","twitter_creator":"@eciftlikresmi","twitter_site":"@eciftlikresmi","twitter_misc":{"Yazan:":"Haber Merkezi","Tahmini okuma s\u00fcresi":"3 dakika"},"schema":{"@context":"https:\/\/schema.org","@graph":[{"@type":"NewsArticle","@id":"https:\/\/e-ciftlik.com\/haberler\/tarim\/sivas-imranlidaki-kasaplar-koyu-yilin-6-ayi-karla-kapli\/#article","isPartOf":{"@id":"https:\/\/e-ciftlik.com\/haberler\/tarim\/sivas-imranlidaki-kasaplar-koyu-yilin-6-ayi-karla-kapli\/"},"author":{"name":"Haber Merkezi","@id":"https:\/\/e-ciftlik.com\/haberler\/#\/schema\/person\/d2f4fee3143d7f72be82cb887d51b00a"},"headline":"Sivas \u0130mranl\u0131&#8217;daki Kasaplar K\u00f6y\u00fc: Y\u0131l\u0131n 6 Ay\u0131 Karla Kapl\u0131","datePublished":"2025-02-01T07:39:00+00:00","mainEntityOfPage":{"@id":"https:\/\/e-ciftlik.com\/haberler\/tarim\/sivas-imranlidaki-kasaplar-koyu-yilin-6-ayi-karla-kapli\/"},"wordCount":571,"commentCount":0,"publisher":{"@id":"https:\/\/e-ciftlik.com\/haberler\/#organization"},"image":{"@id":"https:\/\/e-ciftlik.com\/haberler\/tarim\/sivas-imranlidaki-kasaplar-koyu-yilin-6-ayi-karla-kapli\/#primaryimage"},"thumbnailUrl":"https:\/\/e-ciftlik.com\/haberler\/wp-content\/uploads\/2025\/02\/bu-koyde-sadece-2-mevsim-yasiyor-yilin-6-ayi-kar-18324047_6947_amp.jpg","articleSection":["Tar\u0131m"],"inLanguage":"tr","potentialAction":[{"@type":"CommentAction","name":"Comment","target":["https:\/\/e-ciftlik.com\/haberler\/tarim\/sivas-imranlidaki-kasaplar-koyu-yilin-6-ayi-karla-kapli\/#respond"]}]},{"@type":"WebPage","@id":"https:\/\/e-ciftlik.com\/haberler\/tarim\/sivas-imranlidaki-kasaplar-koyu-yilin-6-ayi-karla-kapli\/","url":"https:\/\/e-ciftlik.com\/haberler\/tarim\/sivas-imranlidaki-kasaplar-koyu-yilin-6-ayi-karla-kapli\/","name":"Sivas \u0130mranl\u0131'daki Kasaplar K\u00f6y\u00fc: Y\u0131l\u0131n 6 Ay\u0131 Karla Kapl\u0131 - E-&Ccedil;\u0130FTL\u0130K HABER","isPartOf":{"@id":"https:\/\/e-ciftlik.com\/haberler\/#website"},"primaryImageOfPage":{"@id":"https:\/\/e-ciftlik.com\/haberler\/tarim\/sivas-imranlidaki-kasaplar-koyu-yilin-6-ayi-karla-kapli\/#primaryimage"},"image":{"@id":"https:\/\/e-ciftlik.com\/haberler\/tarim\/sivas-imranlidaki-kasaplar-koyu-yilin-6-ayi-karla-kapli\/#primaryimage"},"thumbnailUrl":"https:\/\/e-ciftlik.com\/haberler\/wp-content\/uploads\/2025\/02\/bu-koyde-sadece-2-mevsim-yasiyor-yilin-6-ayi-kar-18324047_6947_amp.jpg","datePublished":"2025-02-01T07:39:00+00:00","description":"Sivas'\u0131n \u0130mranl\u0131 il\u00e7esinde bulunan K\u0131z\u0131lda\u011f'\u0131n zirvesine yak\u0131n konumda bulunan 2 bin 190 metre y\u00fcksekli\u011findeki Kasaplar k\u00f6y\u00fc, y\u0131l\u0131n 6 ay\u0131n\u0131 k\u0131\u015f, 6 ay\u0131n\u0131","breadcrumb":{"@id":"https:\/\/e-ciftlik.com\/haberler\/tarim\/sivas-imranlidaki-kasaplar-koyu-yilin-6-ayi-karla-kapli\/#breadcrumb"},"inLanguage":"tr","potentialAction":[{"@type":"ReadAction","target":["https:\/\/e-ciftlik.com\/haberler\/tarim\/sivas-imranlidaki-kasaplar-koyu-yilin-6-ayi-karla-kapli\/"]}]},{"@type":"ImageObject","inLanguage":"tr","@id":"https:\/\/e-ciftlik.com\/haberler\/tarim\/sivas-imranlidaki-kasaplar-koyu-yilin-6-ayi-karla-kapli\/#primaryimage","url":"https:\/\/e-ciftlik.com\/haberler\/wp-content\/uploads\/2025\/02\/bu-koyde-sadece-2-mevsim-yasiyor-yilin-6-ayi-kar-18324047_6947_amp.jpg","contentUrl":"https:\/\/e-ciftlik.com\/haberler\/wp-content\/uploads\/2025\/02\/bu-koyde-sadece-2-mevsim-yasiyor-yilin-6-ayi-kar-18324047_6947_amp.jpg","width":1200,"height":800},{"@type":"BreadcrumbList","@id":"https:\/\/e-ciftlik.com\/haberler\/tarim\/sivas-imranlidaki-kasaplar-koyu-yilin-6-ayi-karla-kapli\/#breadcrumb","itemListElement":[{"@type":"ListItem","position":1,"name":"Anasayfa","item":"https:\/\/e-ciftlik.com\/haberler\/"},{"@type":"ListItem","position":2,"name":"Sivas \u0130mranl\u0131&#8217;daki Kasaplar K\u00f6y\u00fc: Y\u0131l\u0131n 6 Ay\u0131 Karla Kapl\u0131"}]},{"@type":"WebSite","@id":"https:\/\/e-ciftlik.com\/haberler\/#website","url":"https:\/\/e-ciftlik.com\/haberler\/","name":"E-\u00c7iftlik Haber | G\u00fcncel, Son Dakika Haberler, En Son Haber","description":"","publisher":{"@id":"https:\/\/e-ciftlik.com\/haberler\/#organization"},"potentialAction":[{"@type":"SearchAction","target":{"@type":"EntryPoint","urlTemplate":"https:\/\/e-ciftlik.com\/haberler\/?s={search_term_string}"},"query-input":{"@type":"PropertyValueSpecification","valueRequired":true,"valueName":"search_term_string"}}],"inLanguage":"tr"},{"@type":"Organization","@id":"https:\/\/e-ciftlik.com\/haberler\/#organization","name":"E-\u00c7\u0130FTL\u0130K HABER","url":"https:\/\/e-ciftlik.com\/haberler\/","logo":{"@type":"ImageObject","inLanguage":"tr","@id":"https:\/\/e-ciftlik.com\/haberler\/#\/schema\/logo\/image\/","url":"https:\/\/e-ciftlik.com\/haberler\/wp-content\/uploads\/2024\/06\/cropped-cropped-favicon-1-2.png","contentUrl":"https:\/\/e-ciftlik.com\/haberler\/wp-content\/uploads\/2024\/06\/cropped-cropped-favicon-1-2.png","width":512,"height":512,"caption":"E-\u00c7\u0130FTL\u0130K HABER"},"image":{"@id":"https:\/\/e-ciftlik.com\/haberler\/#\/schema\/logo\/image\/"},"sameAs":["https:\/\/www.facebook.com\/eciftlikturkiye","https:\/\/x.com\/eciftlikresmi","https:\/\/www.instagram.com\/eciftlikresmi\/"]},{"@type":"Person","@id":"https:\/\/e-ciftlik.com\/haberler\/#\/schema\/person\/d2f4fee3143d7f72be82cb887d51b00a","name":"Haber Merkezi","image":{"@type":"ImageObject","inLanguage":"tr","@id":"https:\/\/secure.gravatar.com\/avatar\/6c27d641914e66c1d0452c92716002398782818991d86db1c2cccb531e7c7c82?s=96&d=mm&r=g","url":"https:\/\/secure.gravatar.com\/avatar\/6c27d641914e66c1d0452c92716002398782818991d86db1c2cccb531e7c7c82?s=96&d=mm&r=g","contentUrl":"https:\/\/secure.gravatar.com\/avatar\/6c27d641914e66c1d0452c92716002398782818991d86db1c2cccb531e7c7c82?s=96&d=mm&r=g","caption":"Haber Merkezi"},"sameAs":["http:\/\/e-ciftlik.com\/haberler"]}]}},"_links":{"self":[{"href":"https:\/\/e-ciftlik.com\/haberler\/wp-json\/wp\/v2\/posts\/76943","targetHints":{"allow":["GET"]}}],"collection":[{"href":"https:\/\/e-ciftlik.com\/haberler\/wp-json\/wp\/v2\/posts"}],"about":[{"href":"https:\/\/e-ciftlik.com\/haberler\/wp-json\/wp\/v2\/types\/post"}],"author":[{"embeddable":true,"href":"https:\/\/e-ciftlik.com\/haberler\/wp-json\/wp\/v2\/users\/1"}],"replies":[{"embeddable":true,"href":"https:\/\/e-ciftlik.com\/haberler\/wp-json\/wp\/v2\/comments?post=76943"}],"version-history":[{"count":0,"href":"https:\/\/e-ciftlik.com\/haberler\/wp-json\/wp\/v2\/posts\/76943\/revisions"}],"wp:featuredmedia":[{"embeddable":true,"href":"https:\/\/e-ciftlik.com\/haberler\/wp-json\/wp\/v2\/media\/76944"}],"wp:attachment":[{"href":"https:\/\/e-ciftlik.com\/haberler\/wp-json\/wp\/v2\/media?parent=76943"}],"wp:term":[{"taxonomy":"category","embeddable":true,"href":"https:\/\/e-ciftlik.com\/haberler\/wp-json\/wp\/v2\/categories?post=76943"},{"taxonomy":"post_tag","embeddable":true,"href":"https:\/\/e-ciftlik.com\/haberler\/wp-json\/wp\/v2\/tags?post=76943"}],"curies":[{"name":"wp","href":"https:\/\/api.w.org\/{rel}","templated":true}]}}