{"id":76955,"date":"2025-02-01T08:06:00","date_gmt":"2025-02-01T08:06:00","guid":{"rendered":"http:\/\/e-ciftlik.com\/haberler\/tarim\/turkiyenin-ilk-iklim-kanunu-teklifi-tbmmye-sunulacak\/"},"modified":"2025-02-01T08:06:00","modified_gmt":"2025-02-01T08:06:00","slug":"turkiyenin-ilk-iklim-kanunu-teklifi-tbmmye-sunulacak","status":"publish","type":"post","link":"https:\/\/e-ciftlik.com\/haberler\/tarim\/turkiyenin-ilk-iklim-kanunu-teklifi-tbmmye-sunulacak\/","title":{"rendered":"T\u00fcrkiye&#8217;nin \u0130lk \u0130klim Kanunu Teklifi TBMM&#8217;ye Sunulacak"},"content":{"rendered":"<p>T\u00fcrkiye&#8217;nin ilk &#8220;\u0130klim Kanunu Teklifi&#8221; yak\u0131nda TBMM Ba\u015fkanl\u0131\u011f\u0131na sunulacak. AK Parti milletvekilleri, Grup Ba\u015fkan\u0131 Abdullah G\u00fcler liderli\u011finde teklif i\u00e7in \u00e7al\u0131\u015fmalar\u0131 tamamlad\u0131. Planlara g\u00f6re, teklif gelecek haftalarda TBMM Genel Kurulunda ele al\u0131nacak.<\/p>\n<p>Kanun teklifinde, iklim de\u011fi\u015fikli\u011fiyle m\u00fccadelede kamu kurumlar\u0131 ve bireyler aras\u0131ndaki i\u015fbirli\u011fi ve sorumluluklar yer alacak. Teklife g\u00f6re, 2053 net s\u0131f\u0131r emisyon hedefine ula\u015fmak i\u00e7in bakanl\u0131klara belirli sorumluluklar verilecek. Yenilenebilir enerji ve temiz teknolojilerin kullan\u0131m\u0131 te\u015fvik edilecek.<\/p>\n<p>Ayr\u0131ca, yerel iklim de\u011fi\u015fikli\u011fi eylem planlar\u0131 haz\u0131rlanacak ve s\u0131f\u0131r at\u0131k sistemi yayg\u0131nla\u015ft\u0131r\u0131lacak. \u0130klim de\u011fi\u015fikli\u011fiyle m\u00fccadelede \u00e7e\u015fitli yapt\u0131r\u0131mlar ve denetimler uygulanacak. Emisyon Ticaret Sistemi ve karbon kredileriyle ilgili d\u00fczenlemeler yap\u0131lacak.<\/p>\n<p>&#8220;Ye\u015fil yat\u0131r\u0131mlar&#8221; te\u015fvik edilecek ve iklim finansman\u0131 ile ilgili yasal d\u00fczenlemeler yap\u0131lacak. Ayr\u0131ca, Cumhurba\u015fkanl\u0131\u011f\u0131 kararnamesi ile kurulan \u0130klim De\u011fi\u015fikli\u011fi Ba\u015fkanl\u0131\u011f\u0131n\u0131n yetkileri ve gelirleri belirlenecek.<\/p>\n","protected":false},"excerpt":{"rendered":"<p>T\u00fcrkiye&#8217;nin ilk &#8220;\u0130klim Kanunu Teklifi&#8221; yak\u0131nda TBMM Ba\u015fkanl\u0131\u011f\u0131na sunulacak. AK Parti milletvekilleri, Grup Ba\u015fkan\u0131 Abdullah&hellip;<\/p>\n","protected":false},"author":1,"featured_media":0,"comment_status":"open","ping_status":"open","sticky":false,"template":"","format":"standard","meta":{"footnotes":""},"categories":[9],"tags":[],"class_list":["post-76955","post","type-post","status-publish","format-standard","hentry","category-tarim"],"yoast_head":"<!-- This site is optimized with the Yoast SEO Premium plugin v24.3 (Yoast SEO v27.4) - https:\/\/yoast.com\/product\/yoast-seo-premium-wordpress\/ -->\n<title>T\u00fcrkiye&#039;nin \u0130lk \u0130klim Kanunu Teklifi TBMM&#039;ye Sunulacak - E-&Ccedil;\u0130FTL\u0130K HABER<\/title>\n<meta name=\"description\" content=\"T\u00fcrkiye&#039;nin ilk &quot;\u0130klim Kanunu Teklifi&quot; yak\u0131nda TBMM Ba\u015fkanl\u0131\u011f\u0131na sunulacak. AK Parti milletvekilleri, Grup Ba\u015fkan\u0131 Abdullah G\u00fcler liderli\u011finde teklif i\u00e7in\" \/>\n<meta name=\"robots\" content=\"index, follow, max-snippet:-1, max-image-preview:large, max-video-preview:-1\" \/>\n<link rel=\"canonical\" href=\"https:\/\/e-ciftlik.com\/haberler\/tarim\/turkiyenin-ilk-iklim-kanunu-teklifi-tbmmye-sunulacak\/\" \/>\n<meta property=\"og:locale\" content=\"tr_TR\" \/>\n<meta property=\"og:type\" content=\"article\" \/>\n<meta property=\"og:title\" content=\"T\u00fcrkiye&#039;nin \u0130lk \u0130klim Kanunu Teklifi TBMM&#039;ye Sunulacak\" \/>\n<meta property=\"og:description\" content=\"T\u00fcrkiye&#039;nin ilk &quot;\u0130klim Kanunu Teklifi&quot; yak\u0131nda TBMM Ba\u015fkanl\u0131\u011f\u0131na sunulacak. AK Parti milletvekilleri, Grup Ba\u015fkan\u0131 Abdullah G\u00fcler liderli\u011finde teklif i\u00e7in\" \/>\n<meta property=\"og:url\" content=\"https:\/\/e-ciftlik.com\/haberler\/tarim\/turkiyenin-ilk-iklim-kanunu-teklifi-tbmmye-sunulacak\/\" \/>\n<meta property=\"og:site_name\" content=\"E-&Ccedil;\u0130FTL\u0130K HABER\" \/>\n<meta property=\"article:publisher\" content=\"https:\/\/www.facebook.com\/eciftlikturkiye\" \/>\n<meta property=\"article:published_time\" content=\"2025-02-01T08:06:00+00:00\" \/>\n<meta name=\"author\" content=\"Haber Merkezi\" \/>\n<meta name=\"twitter:card\" content=\"summary_large_image\" \/>\n<meta name=\"twitter:creator\" content=\"@eciftlikresmi\" \/>\n<meta name=\"twitter:site\" content=\"@eciftlikresmi\" \/>\n<meta name=\"twitter:label1\" content=\"Yazan:\" \/>\n\t<meta name=\"twitter:data1\" content=\"Haber Merkezi\" \/>\n\t<meta name=\"twitter:label2\" content=\"Tahmini okuma s\u00fcresi\" \/>\n\t<meta name=\"twitter:data2\" content=\"1 dakika\" \/>\n<script type=\"application\/ld+json\" class=\"yoast-schema-graph\">{\"@context\":\"https:\\\/\\\/schema.org\",\"@graph\":[{\"@type\":\"NewsArticle\",\"@id\":\"https:\\\/\\\/e-ciftlik.com\\\/haberler\\\/tarim\\\/turkiyenin-ilk-iklim-kanunu-teklifi-tbmmye-sunulacak\\\/#article\",\"isPartOf\":{\"@id\":\"https:\\\/\\\/e-ciftlik.com\\\/haberler\\\/tarim\\\/turkiyenin-ilk-iklim-kanunu-teklifi-tbmmye-sunulacak\\\/\"},\"author\":{\"name\":\"Haber Merkezi\",\"@id\":\"https:\\\/\\\/e-ciftlik.com\\\/haberler\\\/#\\\/schema\\\/person\\\/d2f4fee3143d7f72be82cb887d51b00a\"},\"headline\":\"T\u00fcrkiye&#8217;nin \u0130lk \u0130klim Kanunu Teklifi TBMM&#8217;ye Sunulacak\",\"datePublished\":\"2025-02-01T08:06:00+00:00\",\"mainEntityOfPage\":{\"@id\":\"https:\\\/\\\/e-ciftlik.com\\\/haberler\\\/tarim\\\/turkiyenin-ilk-iklim-kanunu-teklifi-tbmmye-sunulacak\\\/\"},\"wordCount\":191,\"commentCount\":0,\"publisher\":{\"@id\":\"https:\\\/\\\/e-ciftlik.com\\\/haberler\\\/#organization\"},\"articleSection\":[\"Tar\u0131m\"],\"inLanguage\":\"tr\",\"potentialAction\":[{\"@type\":\"CommentAction\",\"name\":\"Comment\",\"target\":[\"https:\\\/\\\/e-ciftlik.com\\\/haberler\\\/tarim\\\/turkiyenin-ilk-iklim-kanunu-teklifi-tbmmye-sunulacak\\\/#respond\"]}]},{\"@type\":\"WebPage\",\"@id\":\"https:\\\/\\\/e-ciftlik.com\\\/haberler\\\/tarim\\\/turkiyenin-ilk-iklim-kanunu-teklifi-tbmmye-sunulacak\\\/\",\"url\":\"https:\\\/\\\/e-ciftlik.com\\\/haberler\\\/tarim\\\/turkiyenin-ilk-iklim-kanunu-teklifi-tbmmye-sunulacak\\\/\",\"name\":\"T\u00fcrkiye'nin \u0130lk \u0130klim Kanunu Teklifi TBMM'ye Sunulacak - E-&Ccedil;\u0130FTL\u0130K HABER\",\"isPartOf\":{\"@id\":\"https:\\\/\\\/e-ciftlik.com\\\/haberler\\\/#website\"},\"datePublished\":\"2025-02-01T08:06:00+00:00\",\"description\":\"T\u00fcrkiye'nin ilk \\\"\u0130klim Kanunu Teklifi\\\" yak\u0131nda TBMM Ba\u015fkanl\u0131\u011f\u0131na sunulacak. AK Parti milletvekilleri, Grup Ba\u015fkan\u0131 Abdullah G\u00fcler liderli\u011finde teklif i\u00e7in\",\"breadcrumb\":{\"@id\":\"https:\\\/\\\/e-ciftlik.com\\\/haberler\\\/tarim\\\/turkiyenin-ilk-iklim-kanunu-teklifi-tbmmye-sunulacak\\\/#breadcrumb\"},\"inLanguage\":\"tr\",\"potentialAction\":[{\"@type\":\"ReadAction\",\"target\":[\"https:\\\/\\\/e-ciftlik.com\\\/haberler\\\/tarim\\\/turkiyenin-ilk-iklim-kanunu-teklifi-tbmmye-sunulacak\\\/\"]}]},{\"@type\":\"BreadcrumbList\",\"@id\":\"https:\\\/\\\/e-ciftlik.com\\\/haberler\\\/tarim\\\/turkiyenin-ilk-iklim-kanunu-teklifi-tbmmye-sunulacak\\\/#breadcrumb\",\"itemListElement\":[{\"@type\":\"ListItem\",\"position\":1,\"name\":\"Anasayfa\",\"item\":\"https:\\\/\\\/e-ciftlik.com\\\/haberler\\\/\"},{\"@type\":\"ListItem\",\"position\":2,\"name\":\"T\u00fcrkiye&#8217;nin \u0130lk \u0130klim Kanunu Teklifi TBMM&#8217;ye Sunulacak\"}]},{\"@type\":\"WebSite\",\"@id\":\"https:\\\/\\\/e-ciftlik.com\\\/haberler\\\/#website\",\"url\":\"https:\\\/\\\/e-ciftlik.com\\\/haberler\\\/\",\"name\":\"E-\u00c7iftlik Haber | G\u00fcncel, Son Dakika Haberler, En Son Haber\",\"description\":\"\",\"publisher\":{\"@id\":\"https:\\\/\\\/e-ciftlik.com\\\/haberler\\\/#organization\"},\"potentialAction\":[{\"@type\":\"SearchAction\",\"target\":{\"@type\":\"EntryPoint\",\"urlTemplate\":\"https:\\\/\\\/e-ciftlik.com\\\/haberler\\\/?s={search_term_string}\"},\"query-input\":{\"@type\":\"PropertyValueSpecification\",\"valueRequired\":true,\"valueName\":\"search_term_string\"}}],\"inLanguage\":\"tr\"},{\"@type\":\"Organization\",\"@id\":\"https:\\\/\\\/e-ciftlik.com\\\/haberler\\\/#organization\",\"name\":\"E-\u00c7\u0130FTL\u0130K HABER\",\"url\":\"https:\\\/\\\/e-ciftlik.com\\\/haberler\\\/\",\"logo\":{\"@type\":\"ImageObject\",\"inLanguage\":\"tr\",\"@id\":\"https:\\\/\\\/e-ciftlik.com\\\/haberler\\\/#\\\/schema\\\/logo\\\/image\\\/\",\"url\":\"https:\\\/\\\/e-ciftlik.com\\\/haberler\\\/wp-content\\\/uploads\\\/2024\\\/06\\\/cropped-cropped-favicon-1-2.png\",\"contentUrl\":\"https:\\\/\\\/e-ciftlik.com\\\/haberler\\\/wp-content\\\/uploads\\\/2024\\\/06\\\/cropped-cropped-favicon-1-2.png\",\"width\":512,\"height\":512,\"caption\":\"E-\u00c7\u0130FTL\u0130K HABER\"},\"image\":{\"@id\":\"https:\\\/\\\/e-ciftlik.com\\\/haberler\\\/#\\\/schema\\\/logo\\\/image\\\/\"},\"sameAs\":[\"https:\\\/\\\/www.facebook.com\\\/eciftlikturkiye\",\"https:\\\/\\\/x.com\\\/eciftlikresmi\",\"https:\\\/\\\/www.instagram.com\\\/eciftlikresmi\\\/\"]},{\"@type\":\"Person\",\"@id\":\"https:\\\/\\\/e-ciftlik.com\\\/haberler\\\/#\\\/schema\\\/person\\\/d2f4fee3143d7f72be82cb887d51b00a\",\"name\":\"Haber Merkezi\",\"image\":{\"@type\":\"ImageObject\",\"inLanguage\":\"tr\",\"@id\":\"https:\\\/\\\/secure.gravatar.com\\\/avatar\\\/6c27d641914e66c1d0452c92716002398782818991d86db1c2cccb531e7c7c82?s=96&d=mm&r=g\",\"url\":\"https:\\\/\\\/secure.gravatar.com\\\/avatar\\\/6c27d641914e66c1d0452c92716002398782818991d86db1c2cccb531e7c7c82?s=96&d=mm&r=g\",\"contentUrl\":\"https:\\\/\\\/secure.gravatar.com\\\/avatar\\\/6c27d641914e66c1d0452c92716002398782818991d86db1c2cccb531e7c7c82?s=96&d=mm&r=g\",\"caption\":\"Haber Merkezi\"},\"sameAs\":[\"http:\\\/\\\/e-ciftlik.com\\\/haberler\"]}]}<\/script>\n<!-- \/ Yoast SEO Premium plugin. -->","yoast_head_json":{"title":"T\u00fcrkiye'nin \u0130lk \u0130klim Kanunu Teklifi TBMM'ye Sunulacak - E-&Ccedil;\u0130FTL\u0130K HABER","description":"T\u00fcrkiye'nin ilk \"\u0130klim Kanunu Teklifi\" yak\u0131nda TBMM Ba\u015fkanl\u0131\u011f\u0131na sunulacak. AK Parti milletvekilleri, Grup Ba\u015fkan\u0131 Abdullah G\u00fcler liderli\u011finde teklif i\u00e7in","robots":{"index":"index","follow":"follow","max-snippet":"max-snippet:-1","max-image-preview":"max-image-preview:large","max-video-preview":"max-video-preview:-1"},"canonical":"https:\/\/e-ciftlik.com\/haberler\/tarim\/turkiyenin-ilk-iklim-kanunu-teklifi-tbmmye-sunulacak\/","og_locale":"tr_TR","og_type":"article","og_title":"T\u00fcrkiye'nin \u0130lk \u0130klim Kanunu Teklifi TBMM'ye Sunulacak","og_description":"T\u00fcrkiye'nin ilk \"\u0130klim Kanunu Teklifi\" yak\u0131nda TBMM Ba\u015fkanl\u0131\u011f\u0131na sunulacak. AK Parti milletvekilleri, Grup Ba\u015fkan\u0131 Abdullah G\u00fcler liderli\u011finde teklif i\u00e7in","og_url":"https:\/\/e-ciftlik.com\/haberler\/tarim\/turkiyenin-ilk-iklim-kanunu-teklifi-tbmmye-sunulacak\/","og_site_name":"E-&Ccedil;\u0130FTL\u0130K HABER","article_publisher":"https:\/\/www.facebook.com\/eciftlikturkiye","article_published_time":"2025-02-01T08:06:00+00:00","author":"Haber Merkezi","twitter_card":"summary_large_image","twitter_creator":"@eciftlikresmi","twitter_site":"@eciftlikresmi","twitter_misc":{"Yazan:":"Haber Merkezi","Tahmini okuma s\u00fcresi":"1 dakika"},"schema":{"@context":"https:\/\/schema.org","@graph":[{"@type":"NewsArticle","@id":"https:\/\/e-ciftlik.com\/haberler\/tarim\/turkiyenin-ilk-iklim-kanunu-teklifi-tbmmye-sunulacak\/#article","isPartOf":{"@id":"https:\/\/e-ciftlik.com\/haberler\/tarim\/turkiyenin-ilk-iklim-kanunu-teklifi-tbmmye-sunulacak\/"},"author":{"name":"Haber Merkezi","@id":"https:\/\/e-ciftlik.com\/haberler\/#\/schema\/person\/d2f4fee3143d7f72be82cb887d51b00a"},"headline":"T\u00fcrkiye&#8217;nin \u0130lk \u0130klim Kanunu Teklifi TBMM&#8217;ye Sunulacak","datePublished":"2025-02-01T08:06:00+00:00","mainEntityOfPage":{"@id":"https:\/\/e-ciftlik.com\/haberler\/tarim\/turkiyenin-ilk-iklim-kanunu-teklifi-tbmmye-sunulacak\/"},"wordCount":191,"commentCount":0,"publisher":{"@id":"https:\/\/e-ciftlik.com\/haberler\/#organization"},"articleSection":["Tar\u0131m"],"inLanguage":"tr","potentialAction":[{"@type":"CommentAction","name":"Comment","target":["https:\/\/e-ciftlik.com\/haberler\/tarim\/turkiyenin-ilk-iklim-kanunu-teklifi-tbmmye-sunulacak\/#respond"]}]},{"@type":"WebPage","@id":"https:\/\/e-ciftlik.com\/haberler\/tarim\/turkiyenin-ilk-iklim-kanunu-teklifi-tbmmye-sunulacak\/","url":"https:\/\/e-ciftlik.com\/haberler\/tarim\/turkiyenin-ilk-iklim-kanunu-teklifi-tbmmye-sunulacak\/","name":"T\u00fcrkiye'nin \u0130lk \u0130klim Kanunu Teklifi TBMM'ye Sunulacak - E-&Ccedil;\u0130FTL\u0130K HABER","isPartOf":{"@id":"https:\/\/e-ciftlik.com\/haberler\/#website"},"datePublished":"2025-02-01T08:06:00+00:00","description":"T\u00fcrkiye'nin ilk \"\u0130klim Kanunu Teklifi\" yak\u0131nda TBMM Ba\u015fkanl\u0131\u011f\u0131na sunulacak. AK Parti milletvekilleri, Grup Ba\u015fkan\u0131 Abdullah G\u00fcler liderli\u011finde teklif i\u00e7in","breadcrumb":{"@id":"https:\/\/e-ciftlik.com\/haberler\/tarim\/turkiyenin-ilk-iklim-kanunu-teklifi-tbmmye-sunulacak\/#breadcrumb"},"inLanguage":"tr","potentialAction":[{"@type":"ReadAction","target":["https:\/\/e-ciftlik.com\/haberler\/tarim\/turkiyenin-ilk-iklim-kanunu-teklifi-tbmmye-sunulacak\/"]}]},{"@type":"BreadcrumbList","@id":"https:\/\/e-ciftlik.com\/haberler\/tarim\/turkiyenin-ilk-iklim-kanunu-teklifi-tbmmye-sunulacak\/#breadcrumb","itemListElement":[{"@type":"ListItem","position":1,"name":"Anasayfa","item":"https:\/\/e-ciftlik.com\/haberler\/"},{"@type":"ListItem","position":2,"name":"T\u00fcrkiye&#8217;nin \u0130lk \u0130klim Kanunu Teklifi TBMM&#8217;ye Sunulacak"}]},{"@type":"WebSite","@id":"https:\/\/e-ciftlik.com\/haberler\/#website","url":"https:\/\/e-ciftlik.com\/haberler\/","name":"E-\u00c7iftlik Haber | G\u00fcncel, Son Dakika Haberler, En Son Haber","description":"","publisher":{"@id":"https:\/\/e-ciftlik.com\/haberler\/#organization"},"potentialAction":[{"@type":"SearchAction","target":{"@type":"EntryPoint","urlTemplate":"https:\/\/e-ciftlik.com\/haberler\/?s={search_term_string}"},"query-input":{"@type":"PropertyValueSpecification","valueRequired":true,"valueName":"search_term_string"}}],"inLanguage":"tr"},{"@type":"Organization","@id":"https:\/\/e-ciftlik.com\/haberler\/#organization","name":"E-\u00c7\u0130FTL\u0130K HABER","url":"https:\/\/e-ciftlik.com\/haberler\/","logo":{"@type":"ImageObject","inLanguage":"tr","@id":"https:\/\/e-ciftlik.com\/haberler\/#\/schema\/logo\/image\/","url":"https:\/\/e-ciftlik.com\/haberler\/wp-content\/uploads\/2024\/06\/cropped-cropped-favicon-1-2.png","contentUrl":"https:\/\/e-ciftlik.com\/haberler\/wp-content\/uploads\/2024\/06\/cropped-cropped-favicon-1-2.png","width":512,"height":512,"caption":"E-\u00c7\u0130FTL\u0130K HABER"},"image":{"@id":"https:\/\/e-ciftlik.com\/haberler\/#\/schema\/logo\/image\/"},"sameAs":["https:\/\/www.facebook.com\/eciftlikturkiye","https:\/\/x.com\/eciftlikresmi","https:\/\/www.instagram.com\/eciftlikresmi\/"]},{"@type":"Person","@id":"https:\/\/e-ciftlik.com\/haberler\/#\/schema\/person\/d2f4fee3143d7f72be82cb887d51b00a","name":"Haber Merkezi","image":{"@type":"ImageObject","inLanguage":"tr","@id":"https:\/\/secure.gravatar.com\/avatar\/6c27d641914e66c1d0452c92716002398782818991d86db1c2cccb531e7c7c82?s=96&d=mm&r=g","url":"https:\/\/secure.gravatar.com\/avatar\/6c27d641914e66c1d0452c92716002398782818991d86db1c2cccb531e7c7c82?s=96&d=mm&r=g","contentUrl":"https:\/\/secure.gravatar.com\/avatar\/6c27d641914e66c1d0452c92716002398782818991d86db1c2cccb531e7c7c82?s=96&d=mm&r=g","caption":"Haber Merkezi"},"sameAs":["http:\/\/e-ciftlik.com\/haberler"]}]}},"_links":{"self":[{"href":"https:\/\/e-ciftlik.com\/haberler\/wp-json\/wp\/v2\/posts\/76955","targetHints":{"allow":["GET"]}}],"collection":[{"href":"https:\/\/e-ciftlik.com\/haberler\/wp-json\/wp\/v2\/posts"}],"about":[{"href":"https:\/\/e-ciftlik.com\/haberler\/wp-json\/wp\/v2\/types\/post"}],"author":[{"embeddable":true,"href":"https:\/\/e-ciftlik.com\/haberler\/wp-json\/wp\/v2\/users\/1"}],"replies":[{"embeddable":true,"href":"https:\/\/e-ciftlik.com\/haberler\/wp-json\/wp\/v2\/comments?post=76955"}],"version-history":[{"count":0,"href":"https:\/\/e-ciftlik.com\/haberler\/wp-json\/wp\/v2\/posts\/76955\/revisions"}],"wp:attachment":[{"href":"https:\/\/e-ciftlik.com\/haberler\/wp-json\/wp\/v2\/media?parent=76955"}],"wp:term":[{"taxonomy":"category","embeddable":true,"href":"https:\/\/e-ciftlik.com\/haberler\/wp-json\/wp\/v2\/categories?post=76955"},{"taxonomy":"post_tag","embeddable":true,"href":"https:\/\/e-ciftlik.com\/haberler\/wp-json\/wp\/v2\/tags?post=76955"}],"curies":[{"name":"wp","href":"https:\/\/api.w.org\/{rel}","templated":true}]}}