{"id":76963,"date":"2025-02-01T08:23:00","date_gmt":"2025-02-01T08:23:00","guid":{"rendered":"http:\/\/e-ciftlik.com\/haberler\/tarim\/trafikteki-araclarin-yasi-artiyor\/"},"modified":"2025-02-01T08:23:00","modified_gmt":"2025-02-01T08:23:00","slug":"trafikteki-araclarin-yasi-artiyor","status":"publish","type":"post","link":"https:\/\/e-ciftlik.com\/haberler\/tarim\/trafikteki-araclarin-yasi-artiyor\/","title":{"rendered":"Trafikteki Ara\u00e7lar\u0131n Ya\u015f\u0131 Art\u0131yor"},"content":{"rendered":"<p>Ni\u011fde Milletvekili \u00d6mer Fethi G\u00fcrer, 2025 y\u0131l\u0131nda trafikteki ara\u00e7lar\u0131n ya\u015f ortalamas\u0131n\u0131n y\u00fcksek oldu\u011funu belirterek, otob\u00fcs, minib\u00fcs, kamyon, kamyonet ve trakt\u00f6r gibi ara\u00e7lar\u0131n belirtilen ya\u015flar\u0131 a\u015ft\u0131\u011f\u0131n\u0131 ifade etti. G\u00fcrer, ara\u00e7 sahiplerinin ekonomik krizin etkisiyle ara\u00e7lar\u0131n\u0131 yenileyemedi\u011fini ve bu nedenle eski ara\u00e7lar\u0131n hala trafi\u011fe devam etti\u011fini dile getirdi.<\/p>\n<p>G\u00fcrer, T\u00fcrkiye&#8217;de 2023 y\u0131l\u0131 sonunda trafi\u011fe kay\u0131tl\u0131 28 milyon 740 bin 492 adet motorlu kara ta\u015f\u0131t\u0131 bulundu\u011funu, bu say\u0131n\u0131n 2024 y\u0131l\u0131 sonunda 31 milyon 301 bin 389&#8217;a y\u00fckseldi\u011fini a\u00e7\u0131klad\u0131. Ara\u00e7lar\u0131n ya\u015f ortalamas\u0131n\u0131n da artt\u0131\u011f\u0131n\u0131 belirten G\u00fcrer, ara\u00e7lar\u0131n ya\u015flanmas\u0131yla birlikte akaryak\u0131t, bak\u0131m ve tamir giderlerinin de artt\u0131\u011f\u0131n\u0131 vurgulad\u0131.<\/p>\n<p>\u00d6mer Fethi G\u00fcrer, otob\u00fcslerin 2023 y\u0131l\u0131nda ortalama ya\u015f\u0131n\u0131n 15,8 iken, 2024 y\u0131l\u0131nda 16,2 olarak \u00f6l\u00e7\u00fcld\u00fc\u011f\u00fcn\u00fc kaydetti. Ayn\u0131 \u015fekilde minib\u00fcslerin ya\u015f ortalamas\u0131n\u0131n da artt\u0131\u011f\u0131n\u0131 belirten G\u00fcrer, trafi\u011fe kay\u0131tl\u0131 ara\u00e7lardaki ya\u015f ortalamalar\u0131n\u0131n genel olarak y\u00fckseldi\u011fini ifade etti. G\u00fcrer, ekonomik kriz nedeniyle ara\u00e7lar\u0131n yenilenemedi\u011fini ve bu durumun ara\u00e7 sahipleri i\u00e7in ciddi sorunlar olu\u015fturdu\u011funu s\u00f6yledi.<\/p>\n<p>G\u00fcrer, ara\u00e7 sahiplerine destek sa\u011flanarak ara\u00e7lar\u0131n yenilenmesi gerekti\u011fini belirterek, yeni ara\u00e7 al\u0131m\u0131 i\u00e7in iktidar\u0131n uygun ko\u015fullar olu\u015fturmas\u0131 gerekti\u011fini dile getirdi. Ayr\u0131ca, kamyon al\u0131mlar\u0131nda gelir-gider dengesinin bozuldu\u011funu ve nakliyelerde d\u00fc\u015f\u00fc\u015f ya\u015fand\u0131\u011f\u0131n\u0131 da vurgulayan G\u00fcrer, ara\u00e7 sahiplerinin ekonomik kriz nedeniyle ara\u00e7 yenileme g\u00fcc\u00fcne sahip olmad\u0131\u011f\u0131n\u0131 s\u00f6zlerine ekledi.<\/p>\n","protected":false},"excerpt":{"rendered":"<p>Ni\u011fde Milletvekili \u00d6mer Fethi G\u00fcrer, 2025 y\u0131l\u0131nda trafikteki ara\u00e7lar\u0131n ya\u015f ortalamas\u0131n\u0131n y\u00fcksek oldu\u011funu belirterek, otob\u00fcs,&hellip;<\/p>\n","protected":false},"author":1,"featured_media":0,"comment_status":"open","ping_status":"open","sticky":false,"template":"","format":"standard","meta":{"footnotes":""},"categories":[9],"tags":[],"class_list":["post-76963","post","type-post","status-publish","format-standard","hentry","category-tarim"],"yoast_head":"<!-- This site is optimized with the Yoast SEO Premium plugin v24.3 (Yoast SEO v27.4) - https:\/\/yoast.com\/product\/yoast-seo-premium-wordpress\/ -->\n<title>Trafikteki Ara\u00e7lar\u0131n Ya\u015f\u0131 Art\u0131yor - E-&Ccedil;\u0130FTL\u0130K HABER<\/title>\n<meta name=\"description\" content=\"Ni\u011fde Milletvekili \u00d6mer Fethi G\u00fcrer, 2025 y\u0131l\u0131nda trafikteki ara\u00e7lar\u0131n ya\u015f ortalamas\u0131n\u0131n y\u00fcksek oldu\u011funu belirterek, otob\u00fcs, minib\u00fcs, kamyon, kamyonet ve\" \/>\n<meta name=\"robots\" content=\"index, follow, max-snippet:-1, max-image-preview:large, max-video-preview:-1\" \/>\n<link rel=\"canonical\" href=\"https:\/\/e-ciftlik.com\/haberler\/tarim\/trafikteki-araclarin-yasi-artiyor\/\" \/>\n<meta property=\"og:locale\" content=\"tr_TR\" \/>\n<meta property=\"og:type\" content=\"article\" \/>\n<meta property=\"og:title\" content=\"Trafikteki Ara\u00e7lar\u0131n Ya\u015f\u0131 Art\u0131yor\" \/>\n<meta property=\"og:description\" content=\"Ni\u011fde Milletvekili \u00d6mer Fethi G\u00fcrer, 2025 y\u0131l\u0131nda trafikteki ara\u00e7lar\u0131n ya\u015f ortalamas\u0131n\u0131n y\u00fcksek oldu\u011funu belirterek, otob\u00fcs, minib\u00fcs, kamyon, kamyonet ve\" \/>\n<meta property=\"og:url\" content=\"https:\/\/e-ciftlik.com\/haberler\/tarim\/trafikteki-araclarin-yasi-artiyor\/\" \/>\n<meta property=\"og:site_name\" content=\"E-&Ccedil;\u0130FTL\u0130K HABER\" \/>\n<meta property=\"article:publisher\" content=\"https:\/\/www.facebook.com\/eciftlikturkiye\" \/>\n<meta property=\"article:published_time\" content=\"2025-02-01T08:23:00+00:00\" \/>\n<meta name=\"author\" content=\"Haber Merkezi\" \/>\n<meta name=\"twitter:card\" content=\"summary_large_image\" \/>\n<meta name=\"twitter:creator\" content=\"@eciftlikresmi\" \/>\n<meta name=\"twitter:site\" content=\"@eciftlikresmi\" \/>\n<meta name=\"twitter:label1\" content=\"Yazan:\" \/>\n\t<meta name=\"twitter:data1\" content=\"Haber Merkezi\" \/>\n\t<meta name=\"twitter:label2\" content=\"Tahmini okuma s\u00fcresi\" \/>\n\t<meta name=\"twitter:data2\" content=\"1 dakika\" \/>\n<script type=\"application\/ld+json\" class=\"yoast-schema-graph\">{\"@context\":\"https:\\\/\\\/schema.org\",\"@graph\":[{\"@type\":\"NewsArticle\",\"@id\":\"https:\\\/\\\/e-ciftlik.com\\\/haberler\\\/tarim\\\/trafikteki-araclarin-yasi-artiyor\\\/#article\",\"isPartOf\":{\"@id\":\"https:\\\/\\\/e-ciftlik.com\\\/haberler\\\/tarim\\\/trafikteki-araclarin-yasi-artiyor\\\/\"},\"author\":{\"name\":\"Haber Merkezi\",\"@id\":\"https:\\\/\\\/e-ciftlik.com\\\/haberler\\\/#\\\/schema\\\/person\\\/d2f4fee3143d7f72be82cb887d51b00a\"},\"headline\":\"Trafikteki Ara\u00e7lar\u0131n Ya\u015f\u0131 Art\u0131yor\",\"datePublished\":\"2025-02-01T08:23:00+00:00\",\"mainEntityOfPage\":{\"@id\":\"https:\\\/\\\/e-ciftlik.com\\\/haberler\\\/tarim\\\/trafikteki-araclarin-yasi-artiyor\\\/\"},\"wordCount\":289,\"commentCount\":0,\"publisher\":{\"@id\":\"https:\\\/\\\/e-ciftlik.com\\\/haberler\\\/#organization\"},\"articleSection\":[\"Tar\u0131m\"],\"inLanguage\":\"tr\",\"potentialAction\":[{\"@type\":\"CommentAction\",\"name\":\"Comment\",\"target\":[\"https:\\\/\\\/e-ciftlik.com\\\/haberler\\\/tarim\\\/trafikteki-araclarin-yasi-artiyor\\\/#respond\"]}]},{\"@type\":\"WebPage\",\"@id\":\"https:\\\/\\\/e-ciftlik.com\\\/haberler\\\/tarim\\\/trafikteki-araclarin-yasi-artiyor\\\/\",\"url\":\"https:\\\/\\\/e-ciftlik.com\\\/haberler\\\/tarim\\\/trafikteki-araclarin-yasi-artiyor\\\/\",\"name\":\"Trafikteki Ara\u00e7lar\u0131n Ya\u015f\u0131 Art\u0131yor - E-&Ccedil;\u0130FTL\u0130K HABER\",\"isPartOf\":{\"@id\":\"https:\\\/\\\/e-ciftlik.com\\\/haberler\\\/#website\"},\"datePublished\":\"2025-02-01T08:23:00+00:00\",\"description\":\"Ni\u011fde Milletvekili \u00d6mer Fethi G\u00fcrer, 2025 y\u0131l\u0131nda trafikteki ara\u00e7lar\u0131n ya\u015f ortalamas\u0131n\u0131n y\u00fcksek oldu\u011funu belirterek, otob\u00fcs, minib\u00fcs, kamyon, kamyonet ve\",\"breadcrumb\":{\"@id\":\"https:\\\/\\\/e-ciftlik.com\\\/haberler\\\/tarim\\\/trafikteki-araclarin-yasi-artiyor\\\/#breadcrumb\"},\"inLanguage\":\"tr\",\"potentialAction\":[{\"@type\":\"ReadAction\",\"target\":[\"https:\\\/\\\/e-ciftlik.com\\\/haberler\\\/tarim\\\/trafikteki-araclarin-yasi-artiyor\\\/\"]}]},{\"@type\":\"BreadcrumbList\",\"@id\":\"https:\\\/\\\/e-ciftlik.com\\\/haberler\\\/tarim\\\/trafikteki-araclarin-yasi-artiyor\\\/#breadcrumb\",\"itemListElement\":[{\"@type\":\"ListItem\",\"position\":1,\"name\":\"Anasayfa\",\"item\":\"https:\\\/\\\/e-ciftlik.com\\\/haberler\\\/\"},{\"@type\":\"ListItem\",\"position\":2,\"name\":\"Trafikteki Ara\u00e7lar\u0131n Ya\u015f\u0131 Art\u0131yor\"}]},{\"@type\":\"WebSite\",\"@id\":\"https:\\\/\\\/e-ciftlik.com\\\/haberler\\\/#website\",\"url\":\"https:\\\/\\\/e-ciftlik.com\\\/haberler\\\/\",\"name\":\"E-\u00c7iftlik Haber | G\u00fcncel, Son Dakika Haberler, En Son Haber\",\"description\":\"\",\"publisher\":{\"@id\":\"https:\\\/\\\/e-ciftlik.com\\\/haberler\\\/#organization\"},\"potentialAction\":[{\"@type\":\"SearchAction\",\"target\":{\"@type\":\"EntryPoint\",\"urlTemplate\":\"https:\\\/\\\/e-ciftlik.com\\\/haberler\\\/?s={search_term_string}\"},\"query-input\":{\"@type\":\"PropertyValueSpecification\",\"valueRequired\":true,\"valueName\":\"search_term_string\"}}],\"inLanguage\":\"tr\"},{\"@type\":\"Organization\",\"@id\":\"https:\\\/\\\/e-ciftlik.com\\\/haberler\\\/#organization\",\"name\":\"E-\u00c7\u0130FTL\u0130K HABER\",\"url\":\"https:\\\/\\\/e-ciftlik.com\\\/haberler\\\/\",\"logo\":{\"@type\":\"ImageObject\",\"inLanguage\":\"tr\",\"@id\":\"https:\\\/\\\/e-ciftlik.com\\\/haberler\\\/#\\\/schema\\\/logo\\\/image\\\/\",\"url\":\"https:\\\/\\\/e-ciftlik.com\\\/haberler\\\/wp-content\\\/uploads\\\/2024\\\/06\\\/cropped-cropped-favicon-1-2.png\",\"contentUrl\":\"https:\\\/\\\/e-ciftlik.com\\\/haberler\\\/wp-content\\\/uploads\\\/2024\\\/06\\\/cropped-cropped-favicon-1-2.png\",\"width\":512,\"height\":512,\"caption\":\"E-\u00c7\u0130FTL\u0130K HABER\"},\"image\":{\"@id\":\"https:\\\/\\\/e-ciftlik.com\\\/haberler\\\/#\\\/schema\\\/logo\\\/image\\\/\"},\"sameAs\":[\"https:\\\/\\\/www.facebook.com\\\/eciftlikturkiye\",\"https:\\\/\\\/x.com\\\/eciftlikresmi\",\"https:\\\/\\\/www.instagram.com\\\/eciftlikresmi\\\/\"]},{\"@type\":\"Person\",\"@id\":\"https:\\\/\\\/e-ciftlik.com\\\/haberler\\\/#\\\/schema\\\/person\\\/d2f4fee3143d7f72be82cb887d51b00a\",\"name\":\"Haber Merkezi\",\"image\":{\"@type\":\"ImageObject\",\"inLanguage\":\"tr\",\"@id\":\"https:\\\/\\\/secure.gravatar.com\\\/avatar\\\/6c27d641914e66c1d0452c92716002398782818991d86db1c2cccb531e7c7c82?s=96&d=mm&r=g\",\"url\":\"https:\\\/\\\/secure.gravatar.com\\\/avatar\\\/6c27d641914e66c1d0452c92716002398782818991d86db1c2cccb531e7c7c82?s=96&d=mm&r=g\",\"contentUrl\":\"https:\\\/\\\/secure.gravatar.com\\\/avatar\\\/6c27d641914e66c1d0452c92716002398782818991d86db1c2cccb531e7c7c82?s=96&d=mm&r=g\",\"caption\":\"Haber Merkezi\"},\"sameAs\":[\"http:\\\/\\\/e-ciftlik.com\\\/haberler\"]}]}<\/script>\n<!-- \/ Yoast SEO Premium plugin. -->","yoast_head_json":{"title":"Trafikteki Ara\u00e7lar\u0131n Ya\u015f\u0131 Art\u0131yor - E-&Ccedil;\u0130FTL\u0130K HABER","description":"Ni\u011fde Milletvekili \u00d6mer Fethi G\u00fcrer, 2025 y\u0131l\u0131nda trafikteki ara\u00e7lar\u0131n ya\u015f ortalamas\u0131n\u0131n y\u00fcksek oldu\u011funu belirterek, otob\u00fcs, minib\u00fcs, kamyon, kamyonet ve","robots":{"index":"index","follow":"follow","max-snippet":"max-snippet:-1","max-image-preview":"max-image-preview:large","max-video-preview":"max-video-preview:-1"},"canonical":"https:\/\/e-ciftlik.com\/haberler\/tarim\/trafikteki-araclarin-yasi-artiyor\/","og_locale":"tr_TR","og_type":"article","og_title":"Trafikteki Ara\u00e7lar\u0131n Ya\u015f\u0131 Art\u0131yor","og_description":"Ni\u011fde Milletvekili \u00d6mer Fethi G\u00fcrer, 2025 y\u0131l\u0131nda trafikteki ara\u00e7lar\u0131n ya\u015f ortalamas\u0131n\u0131n y\u00fcksek oldu\u011funu belirterek, otob\u00fcs, minib\u00fcs, kamyon, kamyonet ve","og_url":"https:\/\/e-ciftlik.com\/haberler\/tarim\/trafikteki-araclarin-yasi-artiyor\/","og_site_name":"E-&Ccedil;\u0130FTL\u0130K HABER","article_publisher":"https:\/\/www.facebook.com\/eciftlikturkiye","article_published_time":"2025-02-01T08:23:00+00:00","author":"Haber Merkezi","twitter_card":"summary_large_image","twitter_creator":"@eciftlikresmi","twitter_site":"@eciftlikresmi","twitter_misc":{"Yazan:":"Haber Merkezi","Tahmini okuma s\u00fcresi":"1 dakika"},"schema":{"@context":"https:\/\/schema.org","@graph":[{"@type":"NewsArticle","@id":"https:\/\/e-ciftlik.com\/haberler\/tarim\/trafikteki-araclarin-yasi-artiyor\/#article","isPartOf":{"@id":"https:\/\/e-ciftlik.com\/haberler\/tarim\/trafikteki-araclarin-yasi-artiyor\/"},"author":{"name":"Haber Merkezi","@id":"https:\/\/e-ciftlik.com\/haberler\/#\/schema\/person\/d2f4fee3143d7f72be82cb887d51b00a"},"headline":"Trafikteki Ara\u00e7lar\u0131n Ya\u015f\u0131 Art\u0131yor","datePublished":"2025-02-01T08:23:00+00:00","mainEntityOfPage":{"@id":"https:\/\/e-ciftlik.com\/haberler\/tarim\/trafikteki-araclarin-yasi-artiyor\/"},"wordCount":289,"commentCount":0,"publisher":{"@id":"https:\/\/e-ciftlik.com\/haberler\/#organization"},"articleSection":["Tar\u0131m"],"inLanguage":"tr","potentialAction":[{"@type":"CommentAction","name":"Comment","target":["https:\/\/e-ciftlik.com\/haberler\/tarim\/trafikteki-araclarin-yasi-artiyor\/#respond"]}]},{"@type":"WebPage","@id":"https:\/\/e-ciftlik.com\/haberler\/tarim\/trafikteki-araclarin-yasi-artiyor\/","url":"https:\/\/e-ciftlik.com\/haberler\/tarim\/trafikteki-araclarin-yasi-artiyor\/","name":"Trafikteki Ara\u00e7lar\u0131n Ya\u015f\u0131 Art\u0131yor - E-&Ccedil;\u0130FTL\u0130K HABER","isPartOf":{"@id":"https:\/\/e-ciftlik.com\/haberler\/#website"},"datePublished":"2025-02-01T08:23:00+00:00","description":"Ni\u011fde Milletvekili \u00d6mer Fethi G\u00fcrer, 2025 y\u0131l\u0131nda trafikteki ara\u00e7lar\u0131n ya\u015f ortalamas\u0131n\u0131n y\u00fcksek oldu\u011funu belirterek, otob\u00fcs, minib\u00fcs, kamyon, kamyonet ve","breadcrumb":{"@id":"https:\/\/e-ciftlik.com\/haberler\/tarim\/trafikteki-araclarin-yasi-artiyor\/#breadcrumb"},"inLanguage":"tr","potentialAction":[{"@type":"ReadAction","target":["https:\/\/e-ciftlik.com\/haberler\/tarim\/trafikteki-araclarin-yasi-artiyor\/"]}]},{"@type":"BreadcrumbList","@id":"https:\/\/e-ciftlik.com\/haberler\/tarim\/trafikteki-araclarin-yasi-artiyor\/#breadcrumb","itemListElement":[{"@type":"ListItem","position":1,"name":"Anasayfa","item":"https:\/\/e-ciftlik.com\/haberler\/"},{"@type":"ListItem","position":2,"name":"Trafikteki Ara\u00e7lar\u0131n Ya\u015f\u0131 Art\u0131yor"}]},{"@type":"WebSite","@id":"https:\/\/e-ciftlik.com\/haberler\/#website","url":"https:\/\/e-ciftlik.com\/haberler\/","name":"E-\u00c7iftlik Haber | G\u00fcncel, Son Dakika Haberler, En Son Haber","description":"","publisher":{"@id":"https:\/\/e-ciftlik.com\/haberler\/#organization"},"potentialAction":[{"@type":"SearchAction","target":{"@type":"EntryPoint","urlTemplate":"https:\/\/e-ciftlik.com\/haberler\/?s={search_term_string}"},"query-input":{"@type":"PropertyValueSpecification","valueRequired":true,"valueName":"search_term_string"}}],"inLanguage":"tr"},{"@type":"Organization","@id":"https:\/\/e-ciftlik.com\/haberler\/#organization","name":"E-\u00c7\u0130FTL\u0130K HABER","url":"https:\/\/e-ciftlik.com\/haberler\/","logo":{"@type":"ImageObject","inLanguage":"tr","@id":"https:\/\/e-ciftlik.com\/haberler\/#\/schema\/logo\/image\/","url":"https:\/\/e-ciftlik.com\/haberler\/wp-content\/uploads\/2024\/06\/cropped-cropped-favicon-1-2.png","contentUrl":"https:\/\/e-ciftlik.com\/haberler\/wp-content\/uploads\/2024\/06\/cropped-cropped-favicon-1-2.png","width":512,"height":512,"caption":"E-\u00c7\u0130FTL\u0130K HABER"},"image":{"@id":"https:\/\/e-ciftlik.com\/haberler\/#\/schema\/logo\/image\/"},"sameAs":["https:\/\/www.facebook.com\/eciftlikturkiye","https:\/\/x.com\/eciftlikresmi","https:\/\/www.instagram.com\/eciftlikresmi\/"]},{"@type":"Person","@id":"https:\/\/e-ciftlik.com\/haberler\/#\/schema\/person\/d2f4fee3143d7f72be82cb887d51b00a","name":"Haber Merkezi","image":{"@type":"ImageObject","inLanguage":"tr","@id":"https:\/\/secure.gravatar.com\/avatar\/6c27d641914e66c1d0452c92716002398782818991d86db1c2cccb531e7c7c82?s=96&d=mm&r=g","url":"https:\/\/secure.gravatar.com\/avatar\/6c27d641914e66c1d0452c92716002398782818991d86db1c2cccb531e7c7c82?s=96&d=mm&r=g","contentUrl":"https:\/\/secure.gravatar.com\/avatar\/6c27d641914e66c1d0452c92716002398782818991d86db1c2cccb531e7c7c82?s=96&d=mm&r=g","caption":"Haber Merkezi"},"sameAs":["http:\/\/e-ciftlik.com\/haberler"]}]}},"_links":{"self":[{"href":"https:\/\/e-ciftlik.com\/haberler\/wp-json\/wp\/v2\/posts\/76963","targetHints":{"allow":["GET"]}}],"collection":[{"href":"https:\/\/e-ciftlik.com\/haberler\/wp-json\/wp\/v2\/posts"}],"about":[{"href":"https:\/\/e-ciftlik.com\/haberler\/wp-json\/wp\/v2\/types\/post"}],"author":[{"embeddable":true,"href":"https:\/\/e-ciftlik.com\/haberler\/wp-json\/wp\/v2\/users\/1"}],"replies":[{"embeddable":true,"href":"https:\/\/e-ciftlik.com\/haberler\/wp-json\/wp\/v2\/comments?post=76963"}],"version-history":[{"count":0,"href":"https:\/\/e-ciftlik.com\/haberler\/wp-json\/wp\/v2\/posts\/76963\/revisions"}],"wp:attachment":[{"href":"https:\/\/e-ciftlik.com\/haberler\/wp-json\/wp\/v2\/media?parent=76963"}],"wp:term":[{"taxonomy":"category","embeddable":true,"href":"https:\/\/e-ciftlik.com\/haberler\/wp-json\/wp\/v2\/categories?post=76963"},{"taxonomy":"post_tag","embeddable":true,"href":"https:\/\/e-ciftlik.com\/haberler\/wp-json\/wp\/v2\/tags?post=76963"}],"curies":[{"name":"wp","href":"https:\/\/api.w.org\/{rel}","templated":true}]}}