{"id":76972,"date":"2025-02-01T13:30:36","date_gmt":"2025-02-01T13:30:36","guid":{"rendered":"http:\/\/e-ciftlik.com\/haberler\/gundem\/102-yasindaki-gulsum-ninenin-hayali-gercek-oldu\/"},"modified":"2025-02-01T13:30:36","modified_gmt":"2025-02-01T13:30:36","slug":"102-yasindaki-gulsum-ninenin-hayali-gercek-oldu","status":"publish","type":"post","link":"https:\/\/e-ciftlik.com\/haberler\/gundem\/102-yasindaki-gulsum-ninenin-hayali-gercek-oldu\/","title":{"rendered":"102 ya\u015f\u0131ndaki G\u00fcls\u00fcm Nine&#8217;nin hayali ger\u00e7ek oldu!"},"content":{"rendered":"<p>\u0130zmirli G\u00fcls\u00fcm Sakall\u0131&#8217;nin Hayali Ger\u00e7ek Oldu<\/p>\n<p>Cumhurba\u015fkan\u0131 Recep Tayyip Erdo\u011fan, 102 ya\u015f\u0131ndaki G\u00fcls\u00fcm Sakall\u0131 nine ile g\u00f6r\u00fc\u015ft\u00fc. Sakall\u0131 nine, \u00f6lmeden \u00f6nce Cumhurba\u015fkan\u0131 Erdo\u011fan&#8217;\u0131 g\u00f6rmek istedi\u011fini belirtmi\u015fti. Sakall\u0131, Cumhurba\u015fkan\u0131&#8217;n\u0131n rahmetli annesine olan sevgisini ve sayg\u0131s\u0131n\u0131 haberlerden takip etti\u011fini ve kendisinin de bir evlad\u0131 olmas\u0131n\u0131 isterdi\u011fini ifade etti.<\/p>\n<p>45 y\u0131ld\u0131r e\u015fini kaybettikten sonra yaln\u0131z ya\u015fayan G\u00fcls\u00fcm Sakall\u0131, kendi yeme\u011fini pi\u015firip ihtiya\u00e7lar\u0131n\u0131 kar\u015f\u0131layabildi\u011fini dile getirdi. Ayn\u0131 ya\u015fta olan Cumhuriyet ile G\u00fcls\u00fcm Nine&#8217;ye &#8220;manevi torunum&#8221; dedi\u011fi G\u00fclce Sakall\u0131 da yard\u0131mc\u0131 oluyor.<\/p>\n<p>G\u00fcls\u00fcm Nine, Atat\u00fcrk&#8217;ten Menderes&#8217;e, \u0130n\u00f6n\u00fc&#8217;den sonra ise Erdo\u011fan ile oturup sohbet etmek, birlikte \u00e7ay i\u00e7mek istedi\u011fini belirtti. Cumhurba\u015fkan\u0131 Erdo\u011fan&#8217;\u0131n 1 \u015eubat Cumartesi g\u00fcn\u00fc \u0130zmir&#8217;e gelece\u011fini \u00f6\u011frenen G\u00fcls\u00fcm Nine, b\u00fcy\u00fck bir heyecanla Cumhurba\u015fkan\u0131 ile bulu\u015fmay\u0131 bekliyor.<\/p>\n","protected":false},"excerpt":{"rendered":"<p>\u0130zmirli G\u00fcls\u00fcm Sakall\u0131&#8217;nin Hayali Ger\u00e7ek Oldu Cumhurba\u015fkan\u0131 Recep Tayyip Erdo\u011fan, 102 ya\u015f\u0131ndaki G\u00fcls\u00fcm Sakall\u0131 nine&hellip;<\/p>\n","protected":false},"author":1,"featured_media":76973,"comment_status":"open","ping_status":"open","sticky":false,"template":"","format":"standard","meta":{"footnotes":""},"categories":[10],"tags":[],"class_list":["post-76972","post","type-post","status-publish","format-standard","has-post-thumbnail","hentry","category-gundem"],"yoast_head":"<!-- This site is optimized with the Yoast SEO Premium plugin v24.3 (Yoast SEO v27.4) - https:\/\/yoast.com\/product\/yoast-seo-premium-wordpress\/ -->\n<title>102 ya\u015f\u0131ndaki G\u00fcls\u00fcm Nine&#039;nin hayali ger\u00e7ek oldu! - E-&Ccedil;\u0130FTL\u0130K HABER<\/title>\n<meta name=\"description\" content=\"\u0130zmirli G\u00fcls\u00fcm Sakall\u0131&#039;nin Hayali Ger\u00e7ek Oldu Cumhurba\u015fkan\u0131 Recep Tayyip Erdo\u011fan, 102 ya\u015f\u0131ndaki G\u00fcls\u00fcm Sakall\u0131 nine ile g\u00f6r\u00fc\u015ft\u00fc. Sakall\u0131 nine, \u00f6lmeden\" \/>\n<meta name=\"robots\" content=\"index, follow, max-snippet:-1, max-image-preview:large, max-video-preview:-1\" \/>\n<link rel=\"canonical\" href=\"https:\/\/e-ciftlik.com\/haberler\/gundem\/102-yasindaki-gulsum-ninenin-hayali-gercek-oldu\/\" \/>\n<meta property=\"og:locale\" content=\"tr_TR\" \/>\n<meta property=\"og:type\" content=\"article\" \/>\n<meta property=\"og:title\" content=\"102 ya\u015f\u0131ndaki G\u00fcls\u00fcm Nine&#039;nin hayali ger\u00e7ek oldu!\" \/>\n<meta property=\"og:description\" content=\"\u0130zmirli G\u00fcls\u00fcm Sakall\u0131&#039;nin Hayali Ger\u00e7ek Oldu Cumhurba\u015fkan\u0131 Recep Tayyip Erdo\u011fan, 102 ya\u015f\u0131ndaki G\u00fcls\u00fcm Sakall\u0131 nine ile g\u00f6r\u00fc\u015ft\u00fc. Sakall\u0131 nine, \u00f6lmeden\" \/>\n<meta property=\"og:url\" content=\"https:\/\/e-ciftlik.com\/haberler\/gundem\/102-yasindaki-gulsum-ninenin-hayali-gercek-oldu\/\" \/>\n<meta property=\"og:site_name\" content=\"E-&Ccedil;\u0130FTL\u0130K HABER\" \/>\n<meta property=\"article:publisher\" content=\"https:\/\/www.facebook.com\/eciftlikturkiye\" \/>\n<meta property=\"article:published_time\" content=\"2025-02-01T13:30:36+00:00\" \/>\n<meta property=\"og:image\" content=\"https:\/\/e-ciftlik.com\/haberler\/wp-content\/uploads\/2025\/02\/baskan-erdogan-gulsum-sakalli-nine-ile-gorustu-1738413603149.jpeg\" \/>\n\t<meta property=\"og:image:width\" content=\"1200\" \/>\n\t<meta property=\"og:image:height\" content=\"675\" \/>\n\t<meta property=\"og:image:type\" content=\"image\/jpeg\" \/>\n<meta name=\"author\" content=\"Haber Merkezi\" \/>\n<meta name=\"twitter:card\" content=\"summary_large_image\" \/>\n<meta name=\"twitter:creator\" content=\"@eciftlikresmi\" \/>\n<meta name=\"twitter:site\" content=\"@eciftlikresmi\" \/>\n<meta name=\"twitter:label1\" content=\"Yazan:\" \/>\n\t<meta name=\"twitter:data1\" content=\"Haber Merkezi\" \/>\n\t<meta name=\"twitter:label2\" content=\"Tahmini okuma s\u00fcresi\" \/>\n\t<meta name=\"twitter:data2\" content=\"1 dakika\" \/>\n<script type=\"application\/ld+json\" class=\"yoast-schema-graph\">{\"@context\":\"https:\\\/\\\/schema.org\",\"@graph\":[{\"@type\":\"NewsArticle\",\"@id\":\"https:\\\/\\\/e-ciftlik.com\\\/haberler\\\/gundem\\\/102-yasindaki-gulsum-ninenin-hayali-gercek-oldu\\\/#article\",\"isPartOf\":{\"@id\":\"https:\\\/\\\/e-ciftlik.com\\\/haberler\\\/gundem\\\/102-yasindaki-gulsum-ninenin-hayali-gercek-oldu\\\/\"},\"author\":{\"name\":\"Haber Merkezi\",\"@id\":\"https:\\\/\\\/e-ciftlik.com\\\/haberler\\\/#\\\/schema\\\/person\\\/d2f4fee3143d7f72be82cb887d51b00a\"},\"headline\":\"102 ya\u015f\u0131ndaki G\u00fcls\u00fcm Nine&#8217;nin hayali ger\u00e7ek oldu!\",\"datePublished\":\"2025-02-01T13:30:36+00:00\",\"mainEntityOfPage\":{\"@id\":\"https:\\\/\\\/e-ciftlik.com\\\/haberler\\\/gundem\\\/102-yasindaki-gulsum-ninenin-hayali-gercek-oldu\\\/\"},\"wordCount\":186,\"commentCount\":0,\"publisher\":{\"@id\":\"https:\\\/\\\/e-ciftlik.com\\\/haberler\\\/#organization\"},\"image\":{\"@id\":\"https:\\\/\\\/e-ciftlik.com\\\/haberler\\\/gundem\\\/102-yasindaki-gulsum-ninenin-hayali-gercek-oldu\\\/#primaryimage\"},\"thumbnailUrl\":\"https:\\\/\\\/e-ciftlik.com\\\/haberler\\\/wp-content\\\/uploads\\\/2025\\\/02\\\/baskan-erdogan-gulsum-sakalli-nine-ile-gorustu-1738413603149.jpeg\",\"articleSection\":[\"G\u00fcndem\"],\"inLanguage\":\"tr\",\"potentialAction\":[{\"@type\":\"CommentAction\",\"name\":\"Comment\",\"target\":[\"https:\\\/\\\/e-ciftlik.com\\\/haberler\\\/gundem\\\/102-yasindaki-gulsum-ninenin-hayali-gercek-oldu\\\/#respond\"]}]},{\"@type\":\"WebPage\",\"@id\":\"https:\\\/\\\/e-ciftlik.com\\\/haberler\\\/gundem\\\/102-yasindaki-gulsum-ninenin-hayali-gercek-oldu\\\/\",\"url\":\"https:\\\/\\\/e-ciftlik.com\\\/haberler\\\/gundem\\\/102-yasindaki-gulsum-ninenin-hayali-gercek-oldu\\\/\",\"name\":\"102 ya\u015f\u0131ndaki G\u00fcls\u00fcm Nine'nin hayali ger\u00e7ek oldu! - E-&Ccedil;\u0130FTL\u0130K HABER\",\"isPartOf\":{\"@id\":\"https:\\\/\\\/e-ciftlik.com\\\/haberler\\\/#website\"},\"primaryImageOfPage\":{\"@id\":\"https:\\\/\\\/e-ciftlik.com\\\/haberler\\\/gundem\\\/102-yasindaki-gulsum-ninenin-hayali-gercek-oldu\\\/#primaryimage\"},\"image\":{\"@id\":\"https:\\\/\\\/e-ciftlik.com\\\/haberler\\\/gundem\\\/102-yasindaki-gulsum-ninenin-hayali-gercek-oldu\\\/#primaryimage\"},\"thumbnailUrl\":\"https:\\\/\\\/e-ciftlik.com\\\/haberler\\\/wp-content\\\/uploads\\\/2025\\\/02\\\/baskan-erdogan-gulsum-sakalli-nine-ile-gorustu-1738413603149.jpeg\",\"datePublished\":\"2025-02-01T13:30:36+00:00\",\"description\":\"\u0130zmirli G\u00fcls\u00fcm Sakall\u0131'nin Hayali Ger\u00e7ek Oldu Cumhurba\u015fkan\u0131 Recep Tayyip Erdo\u011fan, 102 ya\u015f\u0131ndaki G\u00fcls\u00fcm Sakall\u0131 nine ile g\u00f6r\u00fc\u015ft\u00fc. Sakall\u0131 nine, \u00f6lmeden\",\"breadcrumb\":{\"@id\":\"https:\\\/\\\/e-ciftlik.com\\\/haberler\\\/gundem\\\/102-yasindaki-gulsum-ninenin-hayali-gercek-oldu\\\/#breadcrumb\"},\"inLanguage\":\"tr\",\"potentialAction\":[{\"@type\":\"ReadAction\",\"target\":[\"https:\\\/\\\/e-ciftlik.com\\\/haberler\\\/gundem\\\/102-yasindaki-gulsum-ninenin-hayali-gercek-oldu\\\/\"]}]},{\"@type\":\"ImageObject\",\"inLanguage\":\"tr\",\"@id\":\"https:\\\/\\\/e-ciftlik.com\\\/haberler\\\/gundem\\\/102-yasindaki-gulsum-ninenin-hayali-gercek-oldu\\\/#primaryimage\",\"url\":\"https:\\\/\\\/e-ciftlik.com\\\/haberler\\\/wp-content\\\/uploads\\\/2025\\\/02\\\/baskan-erdogan-gulsum-sakalli-nine-ile-gorustu-1738413603149.jpeg\",\"contentUrl\":\"https:\\\/\\\/e-ciftlik.com\\\/haberler\\\/wp-content\\\/uploads\\\/2025\\\/02\\\/baskan-erdogan-gulsum-sakalli-nine-ile-gorustu-1738413603149.jpeg\",\"width\":1200,\"height\":675},{\"@type\":\"BreadcrumbList\",\"@id\":\"https:\\\/\\\/e-ciftlik.com\\\/haberler\\\/gundem\\\/102-yasindaki-gulsum-ninenin-hayali-gercek-oldu\\\/#breadcrumb\",\"itemListElement\":[{\"@type\":\"ListItem\",\"position\":1,\"name\":\"Anasayfa\",\"item\":\"https:\\\/\\\/e-ciftlik.com\\\/haberler\\\/\"},{\"@type\":\"ListItem\",\"position\":2,\"name\":\"102 ya\u015f\u0131ndaki G\u00fcls\u00fcm Nine&#8217;nin hayali ger\u00e7ek oldu!\"}]},{\"@type\":\"WebSite\",\"@id\":\"https:\\\/\\\/e-ciftlik.com\\\/haberler\\\/#website\",\"url\":\"https:\\\/\\\/e-ciftlik.com\\\/haberler\\\/\",\"name\":\"E-\u00c7iftlik Haber | G\u00fcncel, Son Dakika Haberler, En Son Haber\",\"description\":\"\",\"publisher\":{\"@id\":\"https:\\\/\\\/e-ciftlik.com\\\/haberler\\\/#organization\"},\"potentialAction\":[{\"@type\":\"SearchAction\",\"target\":{\"@type\":\"EntryPoint\",\"urlTemplate\":\"https:\\\/\\\/e-ciftlik.com\\\/haberler\\\/?s={search_term_string}\"},\"query-input\":{\"@type\":\"PropertyValueSpecification\",\"valueRequired\":true,\"valueName\":\"search_term_string\"}}],\"inLanguage\":\"tr\"},{\"@type\":\"Organization\",\"@id\":\"https:\\\/\\\/e-ciftlik.com\\\/haberler\\\/#organization\",\"name\":\"E-\u00c7\u0130FTL\u0130K HABER\",\"url\":\"https:\\\/\\\/e-ciftlik.com\\\/haberler\\\/\",\"logo\":{\"@type\":\"ImageObject\",\"inLanguage\":\"tr\",\"@id\":\"https:\\\/\\\/e-ciftlik.com\\\/haberler\\\/#\\\/schema\\\/logo\\\/image\\\/\",\"url\":\"https:\\\/\\\/e-ciftlik.com\\\/haberler\\\/wp-content\\\/uploads\\\/2024\\\/06\\\/cropped-cropped-favicon-1-2.png\",\"contentUrl\":\"https:\\\/\\\/e-ciftlik.com\\\/haberler\\\/wp-content\\\/uploads\\\/2024\\\/06\\\/cropped-cropped-favicon-1-2.png\",\"width\":512,\"height\":512,\"caption\":\"E-\u00c7\u0130FTL\u0130K HABER\"},\"image\":{\"@id\":\"https:\\\/\\\/e-ciftlik.com\\\/haberler\\\/#\\\/schema\\\/logo\\\/image\\\/\"},\"sameAs\":[\"https:\\\/\\\/www.facebook.com\\\/eciftlikturkiye\",\"https:\\\/\\\/x.com\\\/eciftlikresmi\",\"https:\\\/\\\/www.instagram.com\\\/eciftlikresmi\\\/\"]},{\"@type\":\"Person\",\"@id\":\"https:\\\/\\\/e-ciftlik.com\\\/haberler\\\/#\\\/schema\\\/person\\\/d2f4fee3143d7f72be82cb887d51b00a\",\"name\":\"Haber Merkezi\",\"image\":{\"@type\":\"ImageObject\",\"inLanguage\":\"tr\",\"@id\":\"https:\\\/\\\/secure.gravatar.com\\\/avatar\\\/6c27d641914e66c1d0452c92716002398782818991d86db1c2cccb531e7c7c82?s=96&d=mm&r=g\",\"url\":\"https:\\\/\\\/secure.gravatar.com\\\/avatar\\\/6c27d641914e66c1d0452c92716002398782818991d86db1c2cccb531e7c7c82?s=96&d=mm&r=g\",\"contentUrl\":\"https:\\\/\\\/secure.gravatar.com\\\/avatar\\\/6c27d641914e66c1d0452c92716002398782818991d86db1c2cccb531e7c7c82?s=96&d=mm&r=g\",\"caption\":\"Haber Merkezi\"},\"sameAs\":[\"http:\\\/\\\/e-ciftlik.com\\\/haberler\"]}]}<\/script>\n<!-- \/ Yoast SEO Premium plugin. -->","yoast_head_json":{"title":"102 ya\u015f\u0131ndaki G\u00fcls\u00fcm Nine'nin hayali ger\u00e7ek oldu! - E-&Ccedil;\u0130FTL\u0130K HABER","description":"\u0130zmirli G\u00fcls\u00fcm Sakall\u0131'nin Hayali Ger\u00e7ek Oldu Cumhurba\u015fkan\u0131 Recep Tayyip Erdo\u011fan, 102 ya\u015f\u0131ndaki G\u00fcls\u00fcm Sakall\u0131 nine ile g\u00f6r\u00fc\u015ft\u00fc. Sakall\u0131 nine, \u00f6lmeden","robots":{"index":"index","follow":"follow","max-snippet":"max-snippet:-1","max-image-preview":"max-image-preview:large","max-video-preview":"max-video-preview:-1"},"canonical":"https:\/\/e-ciftlik.com\/haberler\/gundem\/102-yasindaki-gulsum-ninenin-hayali-gercek-oldu\/","og_locale":"tr_TR","og_type":"article","og_title":"102 ya\u015f\u0131ndaki G\u00fcls\u00fcm Nine'nin hayali ger\u00e7ek oldu!","og_description":"\u0130zmirli G\u00fcls\u00fcm Sakall\u0131'nin Hayali Ger\u00e7ek Oldu Cumhurba\u015fkan\u0131 Recep Tayyip Erdo\u011fan, 102 ya\u015f\u0131ndaki G\u00fcls\u00fcm Sakall\u0131 nine ile g\u00f6r\u00fc\u015ft\u00fc. Sakall\u0131 nine, \u00f6lmeden","og_url":"https:\/\/e-ciftlik.com\/haberler\/gundem\/102-yasindaki-gulsum-ninenin-hayali-gercek-oldu\/","og_site_name":"E-&Ccedil;\u0130FTL\u0130K HABER","article_publisher":"https:\/\/www.facebook.com\/eciftlikturkiye","article_published_time":"2025-02-01T13:30:36+00:00","og_image":[{"width":1200,"height":675,"url":"https:\/\/e-ciftlik.com\/haberler\/wp-content\/uploads\/2025\/02\/baskan-erdogan-gulsum-sakalli-nine-ile-gorustu-1738413603149.jpeg","type":"image\/jpeg"}],"author":"Haber Merkezi","twitter_card":"summary_large_image","twitter_creator":"@eciftlikresmi","twitter_site":"@eciftlikresmi","twitter_misc":{"Yazan:":"Haber Merkezi","Tahmini okuma s\u00fcresi":"1 dakika"},"schema":{"@context":"https:\/\/schema.org","@graph":[{"@type":"NewsArticle","@id":"https:\/\/e-ciftlik.com\/haberler\/gundem\/102-yasindaki-gulsum-ninenin-hayali-gercek-oldu\/#article","isPartOf":{"@id":"https:\/\/e-ciftlik.com\/haberler\/gundem\/102-yasindaki-gulsum-ninenin-hayali-gercek-oldu\/"},"author":{"name":"Haber Merkezi","@id":"https:\/\/e-ciftlik.com\/haberler\/#\/schema\/person\/d2f4fee3143d7f72be82cb887d51b00a"},"headline":"102 ya\u015f\u0131ndaki G\u00fcls\u00fcm Nine&#8217;nin hayali ger\u00e7ek oldu!","datePublished":"2025-02-01T13:30:36+00:00","mainEntityOfPage":{"@id":"https:\/\/e-ciftlik.com\/haberler\/gundem\/102-yasindaki-gulsum-ninenin-hayali-gercek-oldu\/"},"wordCount":186,"commentCount":0,"publisher":{"@id":"https:\/\/e-ciftlik.com\/haberler\/#organization"},"image":{"@id":"https:\/\/e-ciftlik.com\/haberler\/gundem\/102-yasindaki-gulsum-ninenin-hayali-gercek-oldu\/#primaryimage"},"thumbnailUrl":"https:\/\/e-ciftlik.com\/haberler\/wp-content\/uploads\/2025\/02\/baskan-erdogan-gulsum-sakalli-nine-ile-gorustu-1738413603149.jpeg","articleSection":["G\u00fcndem"],"inLanguage":"tr","potentialAction":[{"@type":"CommentAction","name":"Comment","target":["https:\/\/e-ciftlik.com\/haberler\/gundem\/102-yasindaki-gulsum-ninenin-hayali-gercek-oldu\/#respond"]}]},{"@type":"WebPage","@id":"https:\/\/e-ciftlik.com\/haberler\/gundem\/102-yasindaki-gulsum-ninenin-hayali-gercek-oldu\/","url":"https:\/\/e-ciftlik.com\/haberler\/gundem\/102-yasindaki-gulsum-ninenin-hayali-gercek-oldu\/","name":"102 ya\u015f\u0131ndaki G\u00fcls\u00fcm Nine'nin hayali ger\u00e7ek oldu! - E-&Ccedil;\u0130FTL\u0130K HABER","isPartOf":{"@id":"https:\/\/e-ciftlik.com\/haberler\/#website"},"primaryImageOfPage":{"@id":"https:\/\/e-ciftlik.com\/haberler\/gundem\/102-yasindaki-gulsum-ninenin-hayali-gercek-oldu\/#primaryimage"},"image":{"@id":"https:\/\/e-ciftlik.com\/haberler\/gundem\/102-yasindaki-gulsum-ninenin-hayali-gercek-oldu\/#primaryimage"},"thumbnailUrl":"https:\/\/e-ciftlik.com\/haberler\/wp-content\/uploads\/2025\/02\/baskan-erdogan-gulsum-sakalli-nine-ile-gorustu-1738413603149.jpeg","datePublished":"2025-02-01T13:30:36+00:00","description":"\u0130zmirli G\u00fcls\u00fcm Sakall\u0131'nin Hayali Ger\u00e7ek Oldu Cumhurba\u015fkan\u0131 Recep Tayyip Erdo\u011fan, 102 ya\u015f\u0131ndaki G\u00fcls\u00fcm Sakall\u0131 nine ile g\u00f6r\u00fc\u015ft\u00fc. Sakall\u0131 nine, \u00f6lmeden","breadcrumb":{"@id":"https:\/\/e-ciftlik.com\/haberler\/gundem\/102-yasindaki-gulsum-ninenin-hayali-gercek-oldu\/#breadcrumb"},"inLanguage":"tr","potentialAction":[{"@type":"ReadAction","target":["https:\/\/e-ciftlik.com\/haberler\/gundem\/102-yasindaki-gulsum-ninenin-hayali-gercek-oldu\/"]}]},{"@type":"ImageObject","inLanguage":"tr","@id":"https:\/\/e-ciftlik.com\/haberler\/gundem\/102-yasindaki-gulsum-ninenin-hayali-gercek-oldu\/#primaryimage","url":"https:\/\/e-ciftlik.com\/haberler\/wp-content\/uploads\/2025\/02\/baskan-erdogan-gulsum-sakalli-nine-ile-gorustu-1738413603149.jpeg","contentUrl":"https:\/\/e-ciftlik.com\/haberler\/wp-content\/uploads\/2025\/02\/baskan-erdogan-gulsum-sakalli-nine-ile-gorustu-1738413603149.jpeg","width":1200,"height":675},{"@type":"BreadcrumbList","@id":"https:\/\/e-ciftlik.com\/haberler\/gundem\/102-yasindaki-gulsum-ninenin-hayali-gercek-oldu\/#breadcrumb","itemListElement":[{"@type":"ListItem","position":1,"name":"Anasayfa","item":"https:\/\/e-ciftlik.com\/haberler\/"},{"@type":"ListItem","position":2,"name":"102 ya\u015f\u0131ndaki G\u00fcls\u00fcm Nine&#8217;nin hayali ger\u00e7ek oldu!"}]},{"@type":"WebSite","@id":"https:\/\/e-ciftlik.com\/haberler\/#website","url":"https:\/\/e-ciftlik.com\/haberler\/","name":"E-\u00c7iftlik Haber | G\u00fcncel, Son Dakika Haberler, En Son Haber","description":"","publisher":{"@id":"https:\/\/e-ciftlik.com\/haberler\/#organization"},"potentialAction":[{"@type":"SearchAction","target":{"@type":"EntryPoint","urlTemplate":"https:\/\/e-ciftlik.com\/haberler\/?s={search_term_string}"},"query-input":{"@type":"PropertyValueSpecification","valueRequired":true,"valueName":"search_term_string"}}],"inLanguage":"tr"},{"@type":"Organization","@id":"https:\/\/e-ciftlik.com\/haberler\/#organization","name":"E-\u00c7\u0130FTL\u0130K HABER","url":"https:\/\/e-ciftlik.com\/haberler\/","logo":{"@type":"ImageObject","inLanguage":"tr","@id":"https:\/\/e-ciftlik.com\/haberler\/#\/schema\/logo\/image\/","url":"https:\/\/e-ciftlik.com\/haberler\/wp-content\/uploads\/2024\/06\/cropped-cropped-favicon-1-2.png","contentUrl":"https:\/\/e-ciftlik.com\/haberler\/wp-content\/uploads\/2024\/06\/cropped-cropped-favicon-1-2.png","width":512,"height":512,"caption":"E-\u00c7\u0130FTL\u0130K HABER"},"image":{"@id":"https:\/\/e-ciftlik.com\/haberler\/#\/schema\/logo\/image\/"},"sameAs":["https:\/\/www.facebook.com\/eciftlikturkiye","https:\/\/x.com\/eciftlikresmi","https:\/\/www.instagram.com\/eciftlikresmi\/"]},{"@type":"Person","@id":"https:\/\/e-ciftlik.com\/haberler\/#\/schema\/person\/d2f4fee3143d7f72be82cb887d51b00a","name":"Haber Merkezi","image":{"@type":"ImageObject","inLanguage":"tr","@id":"https:\/\/secure.gravatar.com\/avatar\/6c27d641914e66c1d0452c92716002398782818991d86db1c2cccb531e7c7c82?s=96&d=mm&r=g","url":"https:\/\/secure.gravatar.com\/avatar\/6c27d641914e66c1d0452c92716002398782818991d86db1c2cccb531e7c7c82?s=96&d=mm&r=g","contentUrl":"https:\/\/secure.gravatar.com\/avatar\/6c27d641914e66c1d0452c92716002398782818991d86db1c2cccb531e7c7c82?s=96&d=mm&r=g","caption":"Haber Merkezi"},"sameAs":["http:\/\/e-ciftlik.com\/haberler"]}]}},"_links":{"self":[{"href":"https:\/\/e-ciftlik.com\/haberler\/wp-json\/wp\/v2\/posts\/76972","targetHints":{"allow":["GET"]}}],"collection":[{"href":"https:\/\/e-ciftlik.com\/haberler\/wp-json\/wp\/v2\/posts"}],"about":[{"href":"https:\/\/e-ciftlik.com\/haberler\/wp-json\/wp\/v2\/types\/post"}],"author":[{"embeddable":true,"href":"https:\/\/e-ciftlik.com\/haberler\/wp-json\/wp\/v2\/users\/1"}],"replies":[{"embeddable":true,"href":"https:\/\/e-ciftlik.com\/haberler\/wp-json\/wp\/v2\/comments?post=76972"}],"version-history":[{"count":0,"href":"https:\/\/e-ciftlik.com\/haberler\/wp-json\/wp\/v2\/posts\/76972\/revisions"}],"wp:featuredmedia":[{"embeddable":true,"href":"https:\/\/e-ciftlik.com\/haberler\/wp-json\/wp\/v2\/media\/76973"}],"wp:attachment":[{"href":"https:\/\/e-ciftlik.com\/haberler\/wp-json\/wp\/v2\/media?parent=76972"}],"wp:term":[{"taxonomy":"category","embeddable":true,"href":"https:\/\/e-ciftlik.com\/haberler\/wp-json\/wp\/v2\/categories?post=76972"},{"taxonomy":"post_tag","embeddable":true,"href":"https:\/\/e-ciftlik.com\/haberler\/wp-json\/wp\/v2\/tags?post=76972"}],"curies":[{"name":"wp","href":"https:\/\/api.w.org\/{rel}","templated":true}]}}