{"id":76990,"date":"2025-02-01T09:07:00","date_gmt":"2025-02-01T09:07:00","guid":{"rendered":"http:\/\/e-ciftlik.com\/haberler\/tarim\/eit-genel-sekreteri-turkiye-bolgenin-buyume-gucu\/"},"modified":"2025-02-01T09:07:00","modified_gmt":"2025-02-01T09:07:00","slug":"eit-genel-sekreteri-turkiye-bolgenin-buyume-gucu","status":"publish","type":"post","link":"https:\/\/e-ciftlik.com\/haberler\/tarim\/eit-genel-sekreteri-turkiye-bolgenin-buyume-gucu\/","title":{"rendered":"E\u0130T Genel Sekreteri: T\u00fcrkiye, B\u00f6lgenin B\u00fcy\u00fcme G\u00fcc\u00fc!"},"content":{"rendered":"<p>Ekonomik \u0130\u015fbirli\u011fi Te\u015fkilat\u0131 (E\u0130T) Genel Sekreteri B\u00fcy\u00fckel\u00e7i Asad Majeed Khan, T\u00fcrkiye&#8217;nin b\u00f6lgedeki \u00f6nemine vurgu yapt\u0131. Khan, &#8220;T\u00fcrkiye, G\u00fcney Asya, Orta Asya, Bat\u0131 Asya ve Kafkasya&#8217;y\u0131 bir araya getiren bir k\u00f6pr\u00fc konumunda&#8221; dedi.<\/p>\n<p>A\u011fustos 2023&#8217;te E\u0130T Genel Sekreterli\u011fi g\u00f6revine ba\u015flayan Khan, Ankara ziyareti s\u0131ras\u0131nda AA muhabirine a\u00e7\u0131klamalarda bulundu. Khan, T\u00fcrkiye&#8217;nin te\u015fkilat i\u00e7inde kilit bir \u00fcye oldu\u011funu ifade etti.<\/p>\n<p>Te\u015fkilat\u0131n 1964&#8217;te kurulan Kalk\u0131nma \u0130\u00e7in B\u00f6lgesel \u0130\u015fbirli\u011fi&#8217;nin (RDC) halefi oldu\u011funu belirten Khan, Ankara ziyareti kapsam\u0131nda \u00f6nemli g\u00f6r\u00fc\u015fmeler yapt\u0131\u011f\u0131n\u0131 dile getirdi. Khan, E\u0130T E\u011fitim Enstit\u00fcs\u00fc ve Ekonomik \u0130\u015fbirli\u011fi \u00dclkeleri Tohumcular Birli\u011fi&#8217;nde (ECOSA) temaslarda bulundu\u011funu ve bilgilendirildi\u011fini s\u00f6yledi.<\/p>\n<p>Khan, ECO&#8217;nun 10 y\u0131ll\u0131k vizyonunun 2025 y\u0131l\u0131nda tamamlanaca\u011f\u0131n\u0131 belirtti. Khan, E\u0130T&#8217;in b\u00f6lgesel kalk\u0131nma i\u015fbirli\u011finde \u00f6nc\u00fc oldu\u011funu vurgulayarak, ticareti te\u015fvik etmek amac\u0131yla \u00e7al\u0131\u015ft\u0131klar\u0131n\u0131 s\u00f6yledi.<\/p>\n<p>\u0130klim de\u011fi\u015fikli\u011fi, g\u0131da g\u00fcvenli\u011fi ve k\u00fclt\u00fcrel i\u015fbirli\u011fi gibi konular\u0131n da Te\u015fkilat\u0131n g\u00fcndeminde oldu\u011funu kaydeden Khan, Ankara ziyaretinde T\u00fcrkiye&#8217;nin d\u00fc\u015f\u00fcncelerini anlad\u0131\u011f\u0131n\u0131 ve s\u00fcrd\u00fcr\u00fclebilir kalk\u0131nma konular\u0131n\u0131n \u00f6ncelikleri aras\u0131nda oldu\u011funu belirtti.<\/p>\n<p>T\u00fcrkiye&#8217;nin ECO&#8217;daki rol\u00fcn\u00fc ve katk\u0131lar\u0131n\u0131 de\u011ferlendiren Khan, T\u00fcrkiye&#8217;nin b\u00f6lgenin b\u00fcy\u00fcme g\u00fcc\u00fc oldu\u011funu ifade etti. Khan, T\u00fcrkiye&#8217;nin E\u0130T&#8217;e yeni bir vizyon belirlemede \u00f6nemli rol oynayaca\u011f\u0131n\u0131 d\u00fc\u015f\u00fcnd\u00fc\u011f\u00fcn\u00fc s\u00f6yledi.<\/p>\n<p>Ticaretin art\u0131r\u0131lmas\u0131 i\u00e7in planlanan ad\u0131mlara de\u011finen Khan, bu y\u0131l T\u00fcrkiye&#8217;nin \u0130stanbul&#8217;da d\u00fczenlenecek be\u015finci ticaret bakanlar\u0131 toplant\u0131s\u0131na ev sahipli\u011fi yapaca\u011f\u0131n\u0131 belirtti. Khan, E\u0130T&#8217;in \u00fcr\u00fcnlerin, insanlar\u0131n ve sermayenin hareketi \u00fczerine odakland\u0131\u011f\u0131n\u0131 ve bunlar\u0131n ticareti art\u0131raca\u011f\u0131n\u0131 vurgulad\u0131.<\/p>\n","protected":false},"excerpt":{"rendered":"<p>Ekonomik \u0130\u015fbirli\u011fi Te\u015fkilat\u0131 (E\u0130T) Genel Sekreteri B\u00fcy\u00fckel\u00e7i Asad Majeed Khan, T\u00fcrkiye&#8217;nin b\u00f6lgedeki \u00f6nemine vurgu yapt\u0131.&hellip;<\/p>\n","protected":false},"author":1,"featured_media":76991,"comment_status":"open","ping_status":"open","sticky":false,"template":"","format":"standard","meta":{"footnotes":""},"categories":[9],"tags":[],"class_list":["post-76990","post","type-post","status-publish","format-standard","has-post-thumbnail","hentry","category-tarim"],"yoast_head":"<!-- This site is optimized with the Yoast SEO Premium plugin v24.3 (Yoast SEO v27.4) - https:\/\/yoast.com\/product\/yoast-seo-premium-wordpress\/ -->\n<title>E\u0130T Genel Sekreteri: T\u00fcrkiye, B\u00f6lgenin B\u00fcy\u00fcme G\u00fcc\u00fc! - E-&Ccedil;\u0130FTL\u0130K HABER<\/title>\n<meta name=\"description\" content=\"Ekonomik \u0130\u015fbirli\u011fi Te\u015fkilat\u0131 (E\u0130T) Genel Sekreteri B\u00fcy\u00fckel\u00e7i Asad Majeed Khan, T\u00fcrkiye&#039;nin b\u00f6lgedeki \u00f6nemine vurgu yapt\u0131. Khan, &quot;T\u00fcrkiye, G\u00fcney Asya, Orta\" \/>\n<meta name=\"robots\" content=\"index, follow, max-snippet:-1, max-image-preview:large, max-video-preview:-1\" \/>\n<link rel=\"canonical\" href=\"https:\/\/e-ciftlik.com\/haberler\/tarim\/eit-genel-sekreteri-turkiye-bolgenin-buyume-gucu\/\" \/>\n<meta property=\"og:locale\" content=\"tr_TR\" \/>\n<meta property=\"og:type\" content=\"article\" \/>\n<meta property=\"og:title\" content=\"E\u0130T Genel Sekreteri: T\u00fcrkiye, B\u00f6lgenin B\u00fcy\u00fcme G\u00fcc\u00fc!\" \/>\n<meta property=\"og:description\" content=\"Ekonomik \u0130\u015fbirli\u011fi Te\u015fkilat\u0131 (E\u0130T) Genel Sekreteri B\u00fcy\u00fckel\u00e7i Asad Majeed Khan, T\u00fcrkiye&#039;nin b\u00f6lgedeki \u00f6nemine vurgu yapt\u0131. Khan, &quot;T\u00fcrkiye, G\u00fcney Asya, Orta\" \/>\n<meta property=\"og:url\" content=\"https:\/\/e-ciftlik.com\/haberler\/tarim\/eit-genel-sekreteri-turkiye-bolgenin-buyume-gucu\/\" \/>\n<meta property=\"og:site_name\" content=\"E-&Ccedil;\u0130FTL\u0130K HABER\" \/>\n<meta property=\"article:publisher\" content=\"https:\/\/www.facebook.com\/eciftlikturkiye\" \/>\n<meta property=\"article:published_time\" content=\"2025-02-01T09:07:00+00:00\" \/>\n<meta property=\"og:image\" content=\"https:\/\/e-ciftlik.com\/haberler\/wp-content\/uploads\/2025\/02\/ekonomik-isbirligi-teskilati-genel-sekreteri-18324295_amp.jpg\" \/>\n\t<meta property=\"og:image:width\" content=\"1200\" \/>\n\t<meta property=\"og:image:height\" content=\"766\" \/>\n\t<meta property=\"og:image:type\" content=\"image\/jpeg\" \/>\n<meta name=\"author\" content=\"Haber Merkezi\" \/>\n<meta name=\"twitter:card\" content=\"summary_large_image\" \/>\n<meta name=\"twitter:creator\" content=\"@eciftlikresmi\" \/>\n<meta name=\"twitter:site\" content=\"@eciftlikresmi\" \/>\n<meta name=\"twitter:label1\" content=\"Yazan:\" \/>\n\t<meta name=\"twitter:data1\" content=\"Haber Merkezi\" \/>\n\t<meta name=\"twitter:label2\" content=\"Tahmini okuma s\u00fcresi\" \/>\n\t<meta name=\"twitter:data2\" content=\"2 dakika\" \/>\n<script type=\"application\/ld+json\" class=\"yoast-schema-graph\">{\"@context\":\"https:\\\/\\\/schema.org\",\"@graph\":[{\"@type\":\"NewsArticle\",\"@id\":\"https:\\\/\\\/e-ciftlik.com\\\/haberler\\\/tarim\\\/eit-genel-sekreteri-turkiye-bolgenin-buyume-gucu\\\/#article\",\"isPartOf\":{\"@id\":\"https:\\\/\\\/e-ciftlik.com\\\/haberler\\\/tarim\\\/eit-genel-sekreteri-turkiye-bolgenin-buyume-gucu\\\/\"},\"author\":{\"name\":\"Haber Merkezi\",\"@id\":\"https:\\\/\\\/e-ciftlik.com\\\/haberler\\\/#\\\/schema\\\/person\\\/d2f4fee3143d7f72be82cb887d51b00a\"},\"headline\":\"E\u0130T Genel Sekreteri: T\u00fcrkiye, B\u00f6lgenin B\u00fcy\u00fcme G\u00fcc\u00fc!\",\"datePublished\":\"2025-02-01T09:07:00+00:00\",\"mainEntityOfPage\":{\"@id\":\"https:\\\/\\\/e-ciftlik.com\\\/haberler\\\/tarim\\\/eit-genel-sekreteri-turkiye-bolgenin-buyume-gucu\\\/\"},\"wordCount\":352,\"commentCount\":0,\"publisher\":{\"@id\":\"https:\\\/\\\/e-ciftlik.com\\\/haberler\\\/#organization\"},\"image\":{\"@id\":\"https:\\\/\\\/e-ciftlik.com\\\/haberler\\\/tarim\\\/eit-genel-sekreteri-turkiye-bolgenin-buyume-gucu\\\/#primaryimage\"},\"thumbnailUrl\":\"https:\\\/\\\/e-ciftlik.com\\\/haberler\\\/wp-content\\\/uploads\\\/2025\\\/02\\\/ekonomik-isbirligi-teskilati-genel-sekreteri-18324295_amp.jpg\",\"articleSection\":[\"Tar\u0131m\"],\"inLanguage\":\"tr\",\"potentialAction\":[{\"@type\":\"CommentAction\",\"name\":\"Comment\",\"target\":[\"https:\\\/\\\/e-ciftlik.com\\\/haberler\\\/tarim\\\/eit-genel-sekreteri-turkiye-bolgenin-buyume-gucu\\\/#respond\"]}]},{\"@type\":\"WebPage\",\"@id\":\"https:\\\/\\\/e-ciftlik.com\\\/haberler\\\/tarim\\\/eit-genel-sekreteri-turkiye-bolgenin-buyume-gucu\\\/\",\"url\":\"https:\\\/\\\/e-ciftlik.com\\\/haberler\\\/tarim\\\/eit-genel-sekreteri-turkiye-bolgenin-buyume-gucu\\\/\",\"name\":\"E\u0130T Genel Sekreteri: T\u00fcrkiye, B\u00f6lgenin B\u00fcy\u00fcme G\u00fcc\u00fc! - E-&Ccedil;\u0130FTL\u0130K HABER\",\"isPartOf\":{\"@id\":\"https:\\\/\\\/e-ciftlik.com\\\/haberler\\\/#website\"},\"primaryImageOfPage\":{\"@id\":\"https:\\\/\\\/e-ciftlik.com\\\/haberler\\\/tarim\\\/eit-genel-sekreteri-turkiye-bolgenin-buyume-gucu\\\/#primaryimage\"},\"image\":{\"@id\":\"https:\\\/\\\/e-ciftlik.com\\\/haberler\\\/tarim\\\/eit-genel-sekreteri-turkiye-bolgenin-buyume-gucu\\\/#primaryimage\"},\"thumbnailUrl\":\"https:\\\/\\\/e-ciftlik.com\\\/haberler\\\/wp-content\\\/uploads\\\/2025\\\/02\\\/ekonomik-isbirligi-teskilati-genel-sekreteri-18324295_amp.jpg\",\"datePublished\":\"2025-02-01T09:07:00+00:00\",\"description\":\"Ekonomik \u0130\u015fbirli\u011fi Te\u015fkilat\u0131 (E\u0130T) Genel Sekreteri B\u00fcy\u00fckel\u00e7i Asad Majeed Khan, T\u00fcrkiye'nin b\u00f6lgedeki \u00f6nemine vurgu yapt\u0131. Khan, \\\"T\u00fcrkiye, G\u00fcney Asya, Orta\",\"breadcrumb\":{\"@id\":\"https:\\\/\\\/e-ciftlik.com\\\/haberler\\\/tarim\\\/eit-genel-sekreteri-turkiye-bolgenin-buyume-gucu\\\/#breadcrumb\"},\"inLanguage\":\"tr\",\"potentialAction\":[{\"@type\":\"ReadAction\",\"target\":[\"https:\\\/\\\/e-ciftlik.com\\\/haberler\\\/tarim\\\/eit-genel-sekreteri-turkiye-bolgenin-buyume-gucu\\\/\"]}]},{\"@type\":\"ImageObject\",\"inLanguage\":\"tr\",\"@id\":\"https:\\\/\\\/e-ciftlik.com\\\/haberler\\\/tarim\\\/eit-genel-sekreteri-turkiye-bolgenin-buyume-gucu\\\/#primaryimage\",\"url\":\"https:\\\/\\\/e-ciftlik.com\\\/haberler\\\/wp-content\\\/uploads\\\/2025\\\/02\\\/ekonomik-isbirligi-teskilati-genel-sekreteri-18324295_amp.jpg\",\"contentUrl\":\"https:\\\/\\\/e-ciftlik.com\\\/haberler\\\/wp-content\\\/uploads\\\/2025\\\/02\\\/ekonomik-isbirligi-teskilati-genel-sekreteri-18324295_amp.jpg\",\"width\":1200,\"height\":766},{\"@type\":\"BreadcrumbList\",\"@id\":\"https:\\\/\\\/e-ciftlik.com\\\/haberler\\\/tarim\\\/eit-genel-sekreteri-turkiye-bolgenin-buyume-gucu\\\/#breadcrumb\",\"itemListElement\":[{\"@type\":\"ListItem\",\"position\":1,\"name\":\"Anasayfa\",\"item\":\"https:\\\/\\\/e-ciftlik.com\\\/haberler\\\/\"},{\"@type\":\"ListItem\",\"position\":2,\"name\":\"E\u0130T Genel Sekreteri: T\u00fcrkiye, B\u00f6lgenin B\u00fcy\u00fcme G\u00fcc\u00fc!\"}]},{\"@type\":\"WebSite\",\"@id\":\"https:\\\/\\\/e-ciftlik.com\\\/haberler\\\/#website\",\"url\":\"https:\\\/\\\/e-ciftlik.com\\\/haberler\\\/\",\"name\":\"E-\u00c7iftlik Haber | G\u00fcncel, Son Dakika Haberler, En Son Haber\",\"description\":\"\",\"publisher\":{\"@id\":\"https:\\\/\\\/e-ciftlik.com\\\/haberler\\\/#organization\"},\"potentialAction\":[{\"@type\":\"SearchAction\",\"target\":{\"@type\":\"EntryPoint\",\"urlTemplate\":\"https:\\\/\\\/e-ciftlik.com\\\/haberler\\\/?s={search_term_string}\"},\"query-input\":{\"@type\":\"PropertyValueSpecification\",\"valueRequired\":true,\"valueName\":\"search_term_string\"}}],\"inLanguage\":\"tr\"},{\"@type\":\"Organization\",\"@id\":\"https:\\\/\\\/e-ciftlik.com\\\/haberler\\\/#organization\",\"name\":\"E-\u00c7\u0130FTL\u0130K HABER\",\"url\":\"https:\\\/\\\/e-ciftlik.com\\\/haberler\\\/\",\"logo\":{\"@type\":\"ImageObject\",\"inLanguage\":\"tr\",\"@id\":\"https:\\\/\\\/e-ciftlik.com\\\/haberler\\\/#\\\/schema\\\/logo\\\/image\\\/\",\"url\":\"https:\\\/\\\/e-ciftlik.com\\\/haberler\\\/wp-content\\\/uploads\\\/2024\\\/06\\\/cropped-cropped-favicon-1-2.png\",\"contentUrl\":\"https:\\\/\\\/e-ciftlik.com\\\/haberler\\\/wp-content\\\/uploads\\\/2024\\\/06\\\/cropped-cropped-favicon-1-2.png\",\"width\":512,\"height\":512,\"caption\":\"E-\u00c7\u0130FTL\u0130K HABER\"},\"image\":{\"@id\":\"https:\\\/\\\/e-ciftlik.com\\\/haberler\\\/#\\\/schema\\\/logo\\\/image\\\/\"},\"sameAs\":[\"https:\\\/\\\/www.facebook.com\\\/eciftlikturkiye\",\"https:\\\/\\\/x.com\\\/eciftlikresmi\",\"https:\\\/\\\/www.instagram.com\\\/eciftlikresmi\\\/\"]},{\"@type\":\"Person\",\"@id\":\"https:\\\/\\\/e-ciftlik.com\\\/haberler\\\/#\\\/schema\\\/person\\\/d2f4fee3143d7f72be82cb887d51b00a\",\"name\":\"Haber Merkezi\",\"image\":{\"@type\":\"ImageObject\",\"inLanguage\":\"tr\",\"@id\":\"https:\\\/\\\/secure.gravatar.com\\\/avatar\\\/6c27d641914e66c1d0452c92716002398782818991d86db1c2cccb531e7c7c82?s=96&d=mm&r=g\",\"url\":\"https:\\\/\\\/secure.gravatar.com\\\/avatar\\\/6c27d641914e66c1d0452c92716002398782818991d86db1c2cccb531e7c7c82?s=96&d=mm&r=g\",\"contentUrl\":\"https:\\\/\\\/secure.gravatar.com\\\/avatar\\\/6c27d641914e66c1d0452c92716002398782818991d86db1c2cccb531e7c7c82?s=96&d=mm&r=g\",\"caption\":\"Haber Merkezi\"},\"sameAs\":[\"http:\\\/\\\/e-ciftlik.com\\\/haberler\"]}]}<\/script>\n<!-- \/ Yoast SEO Premium plugin. -->","yoast_head_json":{"title":"E\u0130T Genel Sekreteri: T\u00fcrkiye, B\u00f6lgenin B\u00fcy\u00fcme G\u00fcc\u00fc! - E-&Ccedil;\u0130FTL\u0130K HABER","description":"Ekonomik \u0130\u015fbirli\u011fi Te\u015fkilat\u0131 (E\u0130T) Genel Sekreteri B\u00fcy\u00fckel\u00e7i Asad Majeed Khan, T\u00fcrkiye'nin b\u00f6lgedeki \u00f6nemine vurgu yapt\u0131. Khan, \"T\u00fcrkiye, G\u00fcney Asya, Orta","robots":{"index":"index","follow":"follow","max-snippet":"max-snippet:-1","max-image-preview":"max-image-preview:large","max-video-preview":"max-video-preview:-1"},"canonical":"https:\/\/e-ciftlik.com\/haberler\/tarim\/eit-genel-sekreteri-turkiye-bolgenin-buyume-gucu\/","og_locale":"tr_TR","og_type":"article","og_title":"E\u0130T Genel Sekreteri: T\u00fcrkiye, B\u00f6lgenin B\u00fcy\u00fcme G\u00fcc\u00fc!","og_description":"Ekonomik \u0130\u015fbirli\u011fi Te\u015fkilat\u0131 (E\u0130T) Genel Sekreteri B\u00fcy\u00fckel\u00e7i Asad Majeed Khan, T\u00fcrkiye'nin b\u00f6lgedeki \u00f6nemine vurgu yapt\u0131. Khan, \"T\u00fcrkiye, G\u00fcney Asya, Orta","og_url":"https:\/\/e-ciftlik.com\/haberler\/tarim\/eit-genel-sekreteri-turkiye-bolgenin-buyume-gucu\/","og_site_name":"E-&Ccedil;\u0130FTL\u0130K HABER","article_publisher":"https:\/\/www.facebook.com\/eciftlikturkiye","article_published_time":"2025-02-01T09:07:00+00:00","og_image":[{"width":1200,"height":766,"url":"https:\/\/e-ciftlik.com\/haberler\/wp-content\/uploads\/2025\/02\/ekonomik-isbirligi-teskilati-genel-sekreteri-18324295_amp.jpg","type":"image\/jpeg"}],"author":"Haber Merkezi","twitter_card":"summary_large_image","twitter_creator":"@eciftlikresmi","twitter_site":"@eciftlikresmi","twitter_misc":{"Yazan:":"Haber Merkezi","Tahmini okuma s\u00fcresi":"2 dakika"},"schema":{"@context":"https:\/\/schema.org","@graph":[{"@type":"NewsArticle","@id":"https:\/\/e-ciftlik.com\/haberler\/tarim\/eit-genel-sekreteri-turkiye-bolgenin-buyume-gucu\/#article","isPartOf":{"@id":"https:\/\/e-ciftlik.com\/haberler\/tarim\/eit-genel-sekreteri-turkiye-bolgenin-buyume-gucu\/"},"author":{"name":"Haber Merkezi","@id":"https:\/\/e-ciftlik.com\/haberler\/#\/schema\/person\/d2f4fee3143d7f72be82cb887d51b00a"},"headline":"E\u0130T Genel Sekreteri: T\u00fcrkiye, B\u00f6lgenin B\u00fcy\u00fcme G\u00fcc\u00fc!","datePublished":"2025-02-01T09:07:00+00:00","mainEntityOfPage":{"@id":"https:\/\/e-ciftlik.com\/haberler\/tarim\/eit-genel-sekreteri-turkiye-bolgenin-buyume-gucu\/"},"wordCount":352,"commentCount":0,"publisher":{"@id":"https:\/\/e-ciftlik.com\/haberler\/#organization"},"image":{"@id":"https:\/\/e-ciftlik.com\/haberler\/tarim\/eit-genel-sekreteri-turkiye-bolgenin-buyume-gucu\/#primaryimage"},"thumbnailUrl":"https:\/\/e-ciftlik.com\/haberler\/wp-content\/uploads\/2025\/02\/ekonomik-isbirligi-teskilati-genel-sekreteri-18324295_amp.jpg","articleSection":["Tar\u0131m"],"inLanguage":"tr","potentialAction":[{"@type":"CommentAction","name":"Comment","target":["https:\/\/e-ciftlik.com\/haberler\/tarim\/eit-genel-sekreteri-turkiye-bolgenin-buyume-gucu\/#respond"]}]},{"@type":"WebPage","@id":"https:\/\/e-ciftlik.com\/haberler\/tarim\/eit-genel-sekreteri-turkiye-bolgenin-buyume-gucu\/","url":"https:\/\/e-ciftlik.com\/haberler\/tarim\/eit-genel-sekreteri-turkiye-bolgenin-buyume-gucu\/","name":"E\u0130T Genel Sekreteri: T\u00fcrkiye, B\u00f6lgenin B\u00fcy\u00fcme G\u00fcc\u00fc! - E-&Ccedil;\u0130FTL\u0130K HABER","isPartOf":{"@id":"https:\/\/e-ciftlik.com\/haberler\/#website"},"primaryImageOfPage":{"@id":"https:\/\/e-ciftlik.com\/haberler\/tarim\/eit-genel-sekreteri-turkiye-bolgenin-buyume-gucu\/#primaryimage"},"image":{"@id":"https:\/\/e-ciftlik.com\/haberler\/tarim\/eit-genel-sekreteri-turkiye-bolgenin-buyume-gucu\/#primaryimage"},"thumbnailUrl":"https:\/\/e-ciftlik.com\/haberler\/wp-content\/uploads\/2025\/02\/ekonomik-isbirligi-teskilati-genel-sekreteri-18324295_amp.jpg","datePublished":"2025-02-01T09:07:00+00:00","description":"Ekonomik \u0130\u015fbirli\u011fi Te\u015fkilat\u0131 (E\u0130T) Genel Sekreteri B\u00fcy\u00fckel\u00e7i Asad Majeed Khan, T\u00fcrkiye'nin b\u00f6lgedeki \u00f6nemine vurgu yapt\u0131. Khan, \"T\u00fcrkiye, G\u00fcney Asya, Orta","breadcrumb":{"@id":"https:\/\/e-ciftlik.com\/haberler\/tarim\/eit-genel-sekreteri-turkiye-bolgenin-buyume-gucu\/#breadcrumb"},"inLanguage":"tr","potentialAction":[{"@type":"ReadAction","target":["https:\/\/e-ciftlik.com\/haberler\/tarim\/eit-genel-sekreteri-turkiye-bolgenin-buyume-gucu\/"]}]},{"@type":"ImageObject","inLanguage":"tr","@id":"https:\/\/e-ciftlik.com\/haberler\/tarim\/eit-genel-sekreteri-turkiye-bolgenin-buyume-gucu\/#primaryimage","url":"https:\/\/e-ciftlik.com\/haberler\/wp-content\/uploads\/2025\/02\/ekonomik-isbirligi-teskilati-genel-sekreteri-18324295_amp.jpg","contentUrl":"https:\/\/e-ciftlik.com\/haberler\/wp-content\/uploads\/2025\/02\/ekonomik-isbirligi-teskilati-genel-sekreteri-18324295_amp.jpg","width":1200,"height":766},{"@type":"BreadcrumbList","@id":"https:\/\/e-ciftlik.com\/haberler\/tarim\/eit-genel-sekreteri-turkiye-bolgenin-buyume-gucu\/#breadcrumb","itemListElement":[{"@type":"ListItem","position":1,"name":"Anasayfa","item":"https:\/\/e-ciftlik.com\/haberler\/"},{"@type":"ListItem","position":2,"name":"E\u0130T Genel Sekreteri: T\u00fcrkiye, B\u00f6lgenin B\u00fcy\u00fcme G\u00fcc\u00fc!"}]},{"@type":"WebSite","@id":"https:\/\/e-ciftlik.com\/haberler\/#website","url":"https:\/\/e-ciftlik.com\/haberler\/","name":"E-\u00c7iftlik Haber | G\u00fcncel, Son Dakika Haberler, En Son Haber","description":"","publisher":{"@id":"https:\/\/e-ciftlik.com\/haberler\/#organization"},"potentialAction":[{"@type":"SearchAction","target":{"@type":"EntryPoint","urlTemplate":"https:\/\/e-ciftlik.com\/haberler\/?s={search_term_string}"},"query-input":{"@type":"PropertyValueSpecification","valueRequired":true,"valueName":"search_term_string"}}],"inLanguage":"tr"},{"@type":"Organization","@id":"https:\/\/e-ciftlik.com\/haberler\/#organization","name":"E-\u00c7\u0130FTL\u0130K HABER","url":"https:\/\/e-ciftlik.com\/haberler\/","logo":{"@type":"ImageObject","inLanguage":"tr","@id":"https:\/\/e-ciftlik.com\/haberler\/#\/schema\/logo\/image\/","url":"https:\/\/e-ciftlik.com\/haberler\/wp-content\/uploads\/2024\/06\/cropped-cropped-favicon-1-2.png","contentUrl":"https:\/\/e-ciftlik.com\/haberler\/wp-content\/uploads\/2024\/06\/cropped-cropped-favicon-1-2.png","width":512,"height":512,"caption":"E-\u00c7\u0130FTL\u0130K HABER"},"image":{"@id":"https:\/\/e-ciftlik.com\/haberler\/#\/schema\/logo\/image\/"},"sameAs":["https:\/\/www.facebook.com\/eciftlikturkiye","https:\/\/x.com\/eciftlikresmi","https:\/\/www.instagram.com\/eciftlikresmi\/"]},{"@type":"Person","@id":"https:\/\/e-ciftlik.com\/haberler\/#\/schema\/person\/d2f4fee3143d7f72be82cb887d51b00a","name":"Haber Merkezi","image":{"@type":"ImageObject","inLanguage":"tr","@id":"https:\/\/secure.gravatar.com\/avatar\/6c27d641914e66c1d0452c92716002398782818991d86db1c2cccb531e7c7c82?s=96&d=mm&r=g","url":"https:\/\/secure.gravatar.com\/avatar\/6c27d641914e66c1d0452c92716002398782818991d86db1c2cccb531e7c7c82?s=96&d=mm&r=g","contentUrl":"https:\/\/secure.gravatar.com\/avatar\/6c27d641914e66c1d0452c92716002398782818991d86db1c2cccb531e7c7c82?s=96&d=mm&r=g","caption":"Haber Merkezi"},"sameAs":["http:\/\/e-ciftlik.com\/haberler"]}]}},"_links":{"self":[{"href":"https:\/\/e-ciftlik.com\/haberler\/wp-json\/wp\/v2\/posts\/76990","targetHints":{"allow":["GET"]}}],"collection":[{"href":"https:\/\/e-ciftlik.com\/haberler\/wp-json\/wp\/v2\/posts"}],"about":[{"href":"https:\/\/e-ciftlik.com\/haberler\/wp-json\/wp\/v2\/types\/post"}],"author":[{"embeddable":true,"href":"https:\/\/e-ciftlik.com\/haberler\/wp-json\/wp\/v2\/users\/1"}],"replies":[{"embeddable":true,"href":"https:\/\/e-ciftlik.com\/haberler\/wp-json\/wp\/v2\/comments?post=76990"}],"version-history":[{"count":0,"href":"https:\/\/e-ciftlik.com\/haberler\/wp-json\/wp\/v2\/posts\/76990\/revisions"}],"wp:featuredmedia":[{"embeddable":true,"href":"https:\/\/e-ciftlik.com\/haberler\/wp-json\/wp\/v2\/media\/76991"}],"wp:attachment":[{"href":"https:\/\/e-ciftlik.com\/haberler\/wp-json\/wp\/v2\/media?parent=76990"}],"wp:term":[{"taxonomy":"category","embeddable":true,"href":"https:\/\/e-ciftlik.com\/haberler\/wp-json\/wp\/v2\/categories?post=76990"},{"taxonomy":"post_tag","embeddable":true,"href":"https:\/\/e-ciftlik.com\/haberler\/wp-json\/wp\/v2\/tags?post=76990"}],"curies":[{"name":"wp","href":"https:\/\/api.w.org\/{rel}","templated":true}]}}