{"id":76995,"date":"2025-02-01T14:44:07","date_gmt":"2025-02-01T14:44:07","guid":{"rendered":"https:\/\/e-ciftlik.com\/haberler\/memur\/memur-ve-emeklinin-zam-oranlari-belli-oldu-detaylar-burada\/"},"modified":"2025-02-01T14:44:07","modified_gmt":"2025-02-01T14:44:07","slug":"memur-ve-emeklinin-zam-oranlari-belli-oldu-detaylar-burada","status":"publish","type":"post","link":"https:\/\/e-ciftlik.com\/haberler\/memur\/memur-ve-emeklinin-zam-oranlari-belli-oldu-detaylar-burada\/","title":{"rendered":"Memur ve Emeklinin Zam Oranlar\u0131 Belli Oldu! Detaylar Burada"},"content":{"rendered":"<p>Milyonlarca memur ve emekli, maa\u015f zamlar\u0131na ili\u015fkin geli\u015fmeleri merakla bekliyor. Kas\u0131m ay\u0131 enflasyonu, be\u015f ayl\u0131k enflasyonun y\u00fczde 14,57 olarak hesapland\u0131\u011f\u0131n\u0131 g\u00f6sterdi. Nihai zam oran\u0131 i\u00e7in ise sadece aral\u0131k ay\u0131 verileri bekleniyor. \u0130\u015fte memur ve emeklinin 2025 y\u0131l\u0131nda alabilece\u011fi muhtemel maa\u015flar&#8230;<\/p>\n<p>Milyonlarca i\u015f\u00e7i, memur ve emekli maa\u015f zamlar\u0131n\u0131 beklerken, ocak ay\u0131na odaklanm\u0131\u015f durumda. Memur, memur emeklileri ve i\u015f\u00e7i emeklilerinin zam oranlar\u0131 i\u00e7in belirleyici olan 6 ayl\u0131k zam oran\u0131 dikkatleri \u00fczerine \u00e7ekiyor. Toplam enflasyonun y\u00fczde 14,57 olarak hesapland\u0131\u011f\u0131 temmuz, a\u011fustos, eyl\u00fcl, ekim ve kas\u0131m aylar\u0131, zamlar\u0131n \u015fekillenmesinde \u00f6nemli bir rol oynuyor.<\/p>\n<p>\u0130\u015f\u00e7i ve Ba\u011f-Kur emeklileri, kas\u0131m ay\u0131 itibar\u0131yla y\u00fczde 14,57 zam almaya hak kazanm\u0131\u015f durumda. Haziranda y\u00fczde 24,73 zam alan emekliler, enflasyon kar\u015f\u0131s\u0131nda nas\u0131l bir durumla kar\u015f\u0131la\u015facaklar\u0131 konusunda merak i\u00e7indeler.<\/p>\n<p>Memur ve memur emeklileri, temmuz ay\u0131nda y\u00fczde 10&#8217;luk s\u00f6zle\u015fme zamm\u0131 alm\u0131\u015flard\u0131. 6 ayl\u0131k enflasyon fark\u0131 ve toplu s\u00f6zle\u015fmeden kaynaklanan y\u00fczde 6&#8217;l\u0131k zam, maa\u015flar\u0131na yans\u0131yacak. Merkez Bankas\u0131 anketine g\u00f6re, piyasa kat\u0131l\u0131mc\u0131lar\u0131 enflasyonun aral\u0131kta y\u00fczde 1,68 olaca\u011f\u0131n\u0131 \u00f6ng\u00f6r\u00fcyor.<\/p>\n<p>Enflasyon beklentilerine g\u00f6re, i\u015f\u00e7i ve Ba\u011f-Kur emeklilerinin y\u0131l sonu zam oran\u0131 y\u00fczde 16-18 civar\u0131nda \u015fekilleniyor. Memurlar\u0131n maa\u015flar\u0131 ise enflasyon senaryolar\u0131na g\u00f6re y\u00fczde 12-13 aras\u0131nda bir art\u0131\u015f g\u00f6sterecek.<\/p>\n<p>En d\u00fc\u015f\u00fck memur maa\u015f\u0131 temmuzda 39 bin 177 liraya y\u00fckselmi\u015fti. Y\u00fczde 12 zam durumunda 2025 y\u0131l\u0131nda en d\u00fc\u015f\u00fck memur ayl\u0131\u011f\u0131 43 bin 878 liraya \u00e7\u0131kacak. Y\u00fczde 13 zam olmas\u0131 halinde ise en d\u00fc\u015f\u00fck memur maa\u015f\u0131 44 bin 270 liraya y\u00fckselecek.<\/p>\n<p>En d\u00fc\u015f\u00fck memur emekli ayl\u0131\u011f\u0131 temmuzda 17 bin 587 liraya \u00e7\u0131km\u0131\u015ft\u0131. Y\u00fczde 12 zam durumunda 19 bin 697 lira, y\u00fczde 13 zam olas\u0131l\u0131\u011f\u0131nda ise 19 bin 873 lira olacak.<\/p>\n<p>En d\u00fc\u015f\u00fck emekli maa\u015f\u0131, 6 ayl\u0131k enflasyon oran\u0131na g\u00f6re belirleniyor. Temmuzda en d\u00fc\u015f\u00fck emekli maa\u015f\u0131 12 bin 500 lira olarak belirlenmi\u015fti ve Meclis d\u00fczenlemesi gerekiyor. G\u00fcncel verilere g\u00f6re, 3 milyon 703 bin 180 ki\u015fi en d\u00fc\u015f\u00fck emekli maa\u015f\u0131 al\u0131yor ve enflasyondan do\u011fan zam oran\u0131 bu ayl\u0131\u011f\u0131 etkilemiyor.<\/p>\n","protected":false},"excerpt":{"rendered":"<p>Milyonlarca memur ve emekli, maa\u015f zamlar\u0131na ili\u015fkin geli\u015fmeleri merakla bekliyor. Kas\u0131m ay\u0131 enflasyonu, be\u015f ayl\u0131k&hellip;<\/p>\n","protected":false},"author":1,"featured_media":54610,"comment_status":"open","ping_status":"open","sticky":false,"template":"","format":"standard","meta":{"footnotes":""},"categories":[11],"tags":[],"class_list":["post-76995","post","type-post","status-publish","format-standard","has-post-thumbnail","hentry","category-memur"],"yoast_head":"<!-- This site is optimized with the Yoast SEO Premium plugin v24.3 (Yoast SEO v27.4) - https:\/\/yoast.com\/product\/yoast-seo-premium-wordpress\/ -->\n<title>Memur ve Emeklinin Zam Oranlar\u0131 Belli Oldu! Detaylar Burada - E-&Ccedil;\u0130FTL\u0130K HABER<\/title>\n<meta name=\"description\" content=\"Milyonlarca memur ve emekli, maa\u015f zamlar\u0131na ili\u015fkin geli\u015fmeleri merakla bekliyor. Kas\u0131m ay\u0131 enflasyonu, be\u015f ayl\u0131k enflasyonun y\u00fczde 14,57 olarak\" \/>\n<meta name=\"robots\" content=\"index, follow, max-snippet:-1, max-image-preview:large, max-video-preview:-1\" \/>\n<link rel=\"canonical\" href=\"https:\/\/e-ciftlik.com\/haberler\/memur\/memur-ve-emeklinin-zam-oranlari-belli-oldu-detaylar-burada\/\" \/>\n<meta property=\"og:locale\" content=\"tr_TR\" \/>\n<meta property=\"og:type\" content=\"article\" \/>\n<meta property=\"og:title\" content=\"Memur ve Emeklinin Zam Oranlar\u0131 Belli Oldu! Detaylar Burada\" \/>\n<meta property=\"og:description\" content=\"Milyonlarca memur ve emekli, maa\u015f zamlar\u0131na ili\u015fkin geli\u015fmeleri merakla bekliyor. Kas\u0131m ay\u0131 enflasyonu, be\u015f ayl\u0131k enflasyonun y\u00fczde 14,57 olarak\" \/>\n<meta property=\"og:url\" content=\"https:\/\/e-ciftlik.com\/haberler\/memur\/memur-ve-emeklinin-zam-oranlari-belli-oldu-detaylar-burada\/\" \/>\n<meta property=\"og:site_name\" content=\"E-&Ccedil;\u0130FTL\u0130K HABER\" \/>\n<meta property=\"article:publisher\" content=\"https:\/\/www.facebook.com\/eciftlikturkiye\" \/>\n<meta property=\"article:published_time\" content=\"2025-02-01T14:44:07+00:00\" \/>\n<meta property=\"og:image\" content=\"https:\/\/e-ciftlik.com\/haberler\/wp-content\/uploads\/2024\/12\/nqtc3GMiA0msScxZyouPQg.jpg\" \/>\n\t<meta property=\"og:image:width\" content=\"1080\" \/>\n\t<meta property=\"og:image:height\" content=\"614\" \/>\n\t<meta property=\"og:image:type\" content=\"image\/jpeg\" \/>\n<meta name=\"author\" content=\"Haber Merkezi\" \/>\n<meta name=\"twitter:card\" content=\"summary_large_image\" \/>\n<meta name=\"twitter:creator\" content=\"@eciftlikresmi\" \/>\n<meta name=\"twitter:site\" content=\"@eciftlikresmi\" \/>\n<meta name=\"twitter:label1\" content=\"Yazan:\" \/>\n\t<meta name=\"twitter:data1\" content=\"Haber Merkezi\" \/>\n\t<meta name=\"twitter:label2\" content=\"Tahmini okuma s\u00fcresi\" \/>\n\t<meta name=\"twitter:data2\" content=\"2 dakika\" \/>\n<script type=\"application\/ld+json\" class=\"yoast-schema-graph\">{\"@context\":\"https:\\\/\\\/schema.org\",\"@graph\":[{\"@type\":\"NewsArticle\",\"@id\":\"https:\\\/\\\/e-ciftlik.com\\\/haberler\\\/memur\\\/memur-ve-emeklinin-zam-oranlari-belli-oldu-detaylar-burada\\\/#article\",\"isPartOf\":{\"@id\":\"https:\\\/\\\/e-ciftlik.com\\\/haberler\\\/memur\\\/memur-ve-emeklinin-zam-oranlari-belli-oldu-detaylar-burada\\\/\"},\"author\":{\"name\":\"Haber Merkezi\",\"@id\":\"https:\\\/\\\/e-ciftlik.com\\\/haberler\\\/#\\\/schema\\\/person\\\/d2f4fee3143d7f72be82cb887d51b00a\"},\"headline\":\"Memur ve Emeklinin Zam Oranlar\u0131 Belli Oldu! Detaylar Burada\",\"datePublished\":\"2025-02-01T14:44:07+00:00\",\"mainEntityOfPage\":{\"@id\":\"https:\\\/\\\/e-ciftlik.com\\\/haberler\\\/memur\\\/memur-ve-emeklinin-zam-oranlari-belli-oldu-detaylar-burada\\\/\"},\"wordCount\":375,\"commentCount\":0,\"publisher\":{\"@id\":\"https:\\\/\\\/e-ciftlik.com\\\/haberler\\\/#organization\"},\"image\":{\"@id\":\"https:\\\/\\\/e-ciftlik.com\\\/haberler\\\/memur\\\/memur-ve-emeklinin-zam-oranlari-belli-oldu-detaylar-burada\\\/#primaryimage\"},\"thumbnailUrl\":\"https:\\\/\\\/e-ciftlik.com\\\/haberler\\\/wp-content\\\/uploads\\\/2024\\\/12\\\/nqtc3GMiA0msScxZyouPQg.jpg\",\"articleSection\":[\"Memur\"],\"inLanguage\":\"tr\",\"potentialAction\":[{\"@type\":\"CommentAction\",\"name\":\"Comment\",\"target\":[\"https:\\\/\\\/e-ciftlik.com\\\/haberler\\\/memur\\\/memur-ve-emeklinin-zam-oranlari-belli-oldu-detaylar-burada\\\/#respond\"]}]},{\"@type\":\"WebPage\",\"@id\":\"https:\\\/\\\/e-ciftlik.com\\\/haberler\\\/memur\\\/memur-ve-emeklinin-zam-oranlari-belli-oldu-detaylar-burada\\\/\",\"url\":\"https:\\\/\\\/e-ciftlik.com\\\/haberler\\\/memur\\\/memur-ve-emeklinin-zam-oranlari-belli-oldu-detaylar-burada\\\/\",\"name\":\"Memur ve Emeklinin Zam Oranlar\u0131 Belli Oldu! Detaylar Burada - E-&Ccedil;\u0130FTL\u0130K HABER\",\"isPartOf\":{\"@id\":\"https:\\\/\\\/e-ciftlik.com\\\/haberler\\\/#website\"},\"primaryImageOfPage\":{\"@id\":\"https:\\\/\\\/e-ciftlik.com\\\/haberler\\\/memur\\\/memur-ve-emeklinin-zam-oranlari-belli-oldu-detaylar-burada\\\/#primaryimage\"},\"image\":{\"@id\":\"https:\\\/\\\/e-ciftlik.com\\\/haberler\\\/memur\\\/memur-ve-emeklinin-zam-oranlari-belli-oldu-detaylar-burada\\\/#primaryimage\"},\"thumbnailUrl\":\"https:\\\/\\\/e-ciftlik.com\\\/haberler\\\/wp-content\\\/uploads\\\/2024\\\/12\\\/nqtc3GMiA0msScxZyouPQg.jpg\",\"datePublished\":\"2025-02-01T14:44:07+00:00\",\"description\":\"Milyonlarca memur ve emekli, maa\u015f zamlar\u0131na ili\u015fkin geli\u015fmeleri merakla bekliyor. Kas\u0131m ay\u0131 enflasyonu, be\u015f ayl\u0131k enflasyonun y\u00fczde 14,57 olarak\",\"breadcrumb\":{\"@id\":\"https:\\\/\\\/e-ciftlik.com\\\/haberler\\\/memur\\\/memur-ve-emeklinin-zam-oranlari-belli-oldu-detaylar-burada\\\/#breadcrumb\"},\"inLanguage\":\"tr\",\"potentialAction\":[{\"@type\":\"ReadAction\",\"target\":[\"https:\\\/\\\/e-ciftlik.com\\\/haberler\\\/memur\\\/memur-ve-emeklinin-zam-oranlari-belli-oldu-detaylar-burada\\\/\"]}]},{\"@type\":\"ImageObject\",\"inLanguage\":\"tr\",\"@id\":\"https:\\\/\\\/e-ciftlik.com\\\/haberler\\\/memur\\\/memur-ve-emeklinin-zam-oranlari-belli-oldu-detaylar-burada\\\/#primaryimage\",\"url\":\"https:\\\/\\\/e-ciftlik.com\\\/haberler\\\/wp-content\\\/uploads\\\/2024\\\/12\\\/nqtc3GMiA0msScxZyouPQg.jpg\",\"contentUrl\":\"https:\\\/\\\/e-ciftlik.com\\\/haberler\\\/wp-content\\\/uploads\\\/2024\\\/12\\\/nqtc3GMiA0msScxZyouPQg.jpg\",\"width\":1080,\"height\":614},{\"@type\":\"BreadcrumbList\",\"@id\":\"https:\\\/\\\/e-ciftlik.com\\\/haberler\\\/memur\\\/memur-ve-emeklinin-zam-oranlari-belli-oldu-detaylar-burada\\\/#breadcrumb\",\"itemListElement\":[{\"@type\":\"ListItem\",\"position\":1,\"name\":\"Anasayfa\",\"item\":\"https:\\\/\\\/e-ciftlik.com\\\/haberler\\\/\"},{\"@type\":\"ListItem\",\"position\":2,\"name\":\"Memur ve Emeklinin Zam Oranlar\u0131 Belli Oldu! Detaylar Burada\"}]},{\"@type\":\"WebSite\",\"@id\":\"https:\\\/\\\/e-ciftlik.com\\\/haberler\\\/#website\",\"url\":\"https:\\\/\\\/e-ciftlik.com\\\/haberler\\\/\",\"name\":\"E-\u00c7iftlik Haber | G\u00fcncel, Son Dakika Haberler, En Son Haber\",\"description\":\"\",\"publisher\":{\"@id\":\"https:\\\/\\\/e-ciftlik.com\\\/haberler\\\/#organization\"},\"potentialAction\":[{\"@type\":\"SearchAction\",\"target\":{\"@type\":\"EntryPoint\",\"urlTemplate\":\"https:\\\/\\\/e-ciftlik.com\\\/haberler\\\/?s={search_term_string}\"},\"query-input\":{\"@type\":\"PropertyValueSpecification\",\"valueRequired\":true,\"valueName\":\"search_term_string\"}}],\"inLanguage\":\"tr\"},{\"@type\":\"Organization\",\"@id\":\"https:\\\/\\\/e-ciftlik.com\\\/haberler\\\/#organization\",\"name\":\"E-\u00c7\u0130FTL\u0130K HABER\",\"url\":\"https:\\\/\\\/e-ciftlik.com\\\/haberler\\\/\",\"logo\":{\"@type\":\"ImageObject\",\"inLanguage\":\"tr\",\"@id\":\"https:\\\/\\\/e-ciftlik.com\\\/haberler\\\/#\\\/schema\\\/logo\\\/image\\\/\",\"url\":\"https:\\\/\\\/e-ciftlik.com\\\/haberler\\\/wp-content\\\/uploads\\\/2024\\\/06\\\/cropped-cropped-favicon-1-2.png\",\"contentUrl\":\"https:\\\/\\\/e-ciftlik.com\\\/haberler\\\/wp-content\\\/uploads\\\/2024\\\/06\\\/cropped-cropped-favicon-1-2.png\",\"width\":512,\"height\":512,\"caption\":\"E-\u00c7\u0130FTL\u0130K HABER\"},\"image\":{\"@id\":\"https:\\\/\\\/e-ciftlik.com\\\/haberler\\\/#\\\/schema\\\/logo\\\/image\\\/\"},\"sameAs\":[\"https:\\\/\\\/www.facebook.com\\\/eciftlikturkiye\",\"https:\\\/\\\/x.com\\\/eciftlikresmi\",\"https:\\\/\\\/www.instagram.com\\\/eciftlikresmi\\\/\"]},{\"@type\":\"Person\",\"@id\":\"https:\\\/\\\/e-ciftlik.com\\\/haberler\\\/#\\\/schema\\\/person\\\/d2f4fee3143d7f72be82cb887d51b00a\",\"name\":\"Haber Merkezi\",\"image\":{\"@type\":\"ImageObject\",\"inLanguage\":\"tr\",\"@id\":\"https:\\\/\\\/secure.gravatar.com\\\/avatar\\\/6c27d641914e66c1d0452c92716002398782818991d86db1c2cccb531e7c7c82?s=96&d=mm&r=g\",\"url\":\"https:\\\/\\\/secure.gravatar.com\\\/avatar\\\/6c27d641914e66c1d0452c92716002398782818991d86db1c2cccb531e7c7c82?s=96&d=mm&r=g\",\"contentUrl\":\"https:\\\/\\\/secure.gravatar.com\\\/avatar\\\/6c27d641914e66c1d0452c92716002398782818991d86db1c2cccb531e7c7c82?s=96&d=mm&r=g\",\"caption\":\"Haber Merkezi\"},\"sameAs\":[\"http:\\\/\\\/e-ciftlik.com\\\/haberler\"]}]}<\/script>\n<!-- \/ Yoast SEO Premium plugin. -->","yoast_head_json":{"title":"Memur ve Emeklinin Zam Oranlar\u0131 Belli Oldu! Detaylar Burada - E-&Ccedil;\u0130FTL\u0130K HABER","description":"Milyonlarca memur ve emekli, maa\u015f zamlar\u0131na ili\u015fkin geli\u015fmeleri merakla bekliyor. Kas\u0131m ay\u0131 enflasyonu, be\u015f ayl\u0131k enflasyonun y\u00fczde 14,57 olarak","robots":{"index":"index","follow":"follow","max-snippet":"max-snippet:-1","max-image-preview":"max-image-preview:large","max-video-preview":"max-video-preview:-1"},"canonical":"https:\/\/e-ciftlik.com\/haberler\/memur\/memur-ve-emeklinin-zam-oranlari-belli-oldu-detaylar-burada\/","og_locale":"tr_TR","og_type":"article","og_title":"Memur ve Emeklinin Zam Oranlar\u0131 Belli Oldu! Detaylar Burada","og_description":"Milyonlarca memur ve emekli, maa\u015f zamlar\u0131na ili\u015fkin geli\u015fmeleri merakla bekliyor. Kas\u0131m ay\u0131 enflasyonu, be\u015f ayl\u0131k enflasyonun y\u00fczde 14,57 olarak","og_url":"https:\/\/e-ciftlik.com\/haberler\/memur\/memur-ve-emeklinin-zam-oranlari-belli-oldu-detaylar-burada\/","og_site_name":"E-&Ccedil;\u0130FTL\u0130K HABER","article_publisher":"https:\/\/www.facebook.com\/eciftlikturkiye","article_published_time":"2025-02-01T14:44:07+00:00","og_image":[{"width":1080,"height":614,"url":"https:\/\/e-ciftlik.com\/haberler\/wp-content\/uploads\/2024\/12\/nqtc3GMiA0msScxZyouPQg.jpg","type":"image\/jpeg"}],"author":"Haber Merkezi","twitter_card":"summary_large_image","twitter_creator":"@eciftlikresmi","twitter_site":"@eciftlikresmi","twitter_misc":{"Yazan:":"Haber Merkezi","Tahmini okuma s\u00fcresi":"2 dakika"},"schema":{"@context":"https:\/\/schema.org","@graph":[{"@type":"NewsArticle","@id":"https:\/\/e-ciftlik.com\/haberler\/memur\/memur-ve-emeklinin-zam-oranlari-belli-oldu-detaylar-burada\/#article","isPartOf":{"@id":"https:\/\/e-ciftlik.com\/haberler\/memur\/memur-ve-emeklinin-zam-oranlari-belli-oldu-detaylar-burada\/"},"author":{"name":"Haber Merkezi","@id":"https:\/\/e-ciftlik.com\/haberler\/#\/schema\/person\/d2f4fee3143d7f72be82cb887d51b00a"},"headline":"Memur ve Emeklinin Zam Oranlar\u0131 Belli Oldu! Detaylar Burada","datePublished":"2025-02-01T14:44:07+00:00","mainEntityOfPage":{"@id":"https:\/\/e-ciftlik.com\/haberler\/memur\/memur-ve-emeklinin-zam-oranlari-belli-oldu-detaylar-burada\/"},"wordCount":375,"commentCount":0,"publisher":{"@id":"https:\/\/e-ciftlik.com\/haberler\/#organization"},"image":{"@id":"https:\/\/e-ciftlik.com\/haberler\/memur\/memur-ve-emeklinin-zam-oranlari-belli-oldu-detaylar-burada\/#primaryimage"},"thumbnailUrl":"https:\/\/e-ciftlik.com\/haberler\/wp-content\/uploads\/2024\/12\/nqtc3GMiA0msScxZyouPQg.jpg","articleSection":["Memur"],"inLanguage":"tr","potentialAction":[{"@type":"CommentAction","name":"Comment","target":["https:\/\/e-ciftlik.com\/haberler\/memur\/memur-ve-emeklinin-zam-oranlari-belli-oldu-detaylar-burada\/#respond"]}]},{"@type":"WebPage","@id":"https:\/\/e-ciftlik.com\/haberler\/memur\/memur-ve-emeklinin-zam-oranlari-belli-oldu-detaylar-burada\/","url":"https:\/\/e-ciftlik.com\/haberler\/memur\/memur-ve-emeklinin-zam-oranlari-belli-oldu-detaylar-burada\/","name":"Memur ve Emeklinin Zam Oranlar\u0131 Belli Oldu! Detaylar Burada - E-&Ccedil;\u0130FTL\u0130K HABER","isPartOf":{"@id":"https:\/\/e-ciftlik.com\/haberler\/#website"},"primaryImageOfPage":{"@id":"https:\/\/e-ciftlik.com\/haberler\/memur\/memur-ve-emeklinin-zam-oranlari-belli-oldu-detaylar-burada\/#primaryimage"},"image":{"@id":"https:\/\/e-ciftlik.com\/haberler\/memur\/memur-ve-emeklinin-zam-oranlari-belli-oldu-detaylar-burada\/#primaryimage"},"thumbnailUrl":"https:\/\/e-ciftlik.com\/haberler\/wp-content\/uploads\/2024\/12\/nqtc3GMiA0msScxZyouPQg.jpg","datePublished":"2025-02-01T14:44:07+00:00","description":"Milyonlarca memur ve emekli, maa\u015f zamlar\u0131na ili\u015fkin geli\u015fmeleri merakla bekliyor. Kas\u0131m ay\u0131 enflasyonu, be\u015f ayl\u0131k enflasyonun y\u00fczde 14,57 olarak","breadcrumb":{"@id":"https:\/\/e-ciftlik.com\/haberler\/memur\/memur-ve-emeklinin-zam-oranlari-belli-oldu-detaylar-burada\/#breadcrumb"},"inLanguage":"tr","potentialAction":[{"@type":"ReadAction","target":["https:\/\/e-ciftlik.com\/haberler\/memur\/memur-ve-emeklinin-zam-oranlari-belli-oldu-detaylar-burada\/"]}]},{"@type":"ImageObject","inLanguage":"tr","@id":"https:\/\/e-ciftlik.com\/haberler\/memur\/memur-ve-emeklinin-zam-oranlari-belli-oldu-detaylar-burada\/#primaryimage","url":"https:\/\/e-ciftlik.com\/haberler\/wp-content\/uploads\/2024\/12\/nqtc3GMiA0msScxZyouPQg.jpg","contentUrl":"https:\/\/e-ciftlik.com\/haberler\/wp-content\/uploads\/2024\/12\/nqtc3GMiA0msScxZyouPQg.jpg","width":1080,"height":614},{"@type":"BreadcrumbList","@id":"https:\/\/e-ciftlik.com\/haberler\/memur\/memur-ve-emeklinin-zam-oranlari-belli-oldu-detaylar-burada\/#breadcrumb","itemListElement":[{"@type":"ListItem","position":1,"name":"Anasayfa","item":"https:\/\/e-ciftlik.com\/haberler\/"},{"@type":"ListItem","position":2,"name":"Memur ve Emeklinin Zam Oranlar\u0131 Belli Oldu! Detaylar Burada"}]},{"@type":"WebSite","@id":"https:\/\/e-ciftlik.com\/haberler\/#website","url":"https:\/\/e-ciftlik.com\/haberler\/","name":"E-\u00c7iftlik Haber | G\u00fcncel, Son Dakika Haberler, En Son Haber","description":"","publisher":{"@id":"https:\/\/e-ciftlik.com\/haberler\/#organization"},"potentialAction":[{"@type":"SearchAction","target":{"@type":"EntryPoint","urlTemplate":"https:\/\/e-ciftlik.com\/haberler\/?s={search_term_string}"},"query-input":{"@type":"PropertyValueSpecification","valueRequired":true,"valueName":"search_term_string"}}],"inLanguage":"tr"},{"@type":"Organization","@id":"https:\/\/e-ciftlik.com\/haberler\/#organization","name":"E-\u00c7\u0130FTL\u0130K HABER","url":"https:\/\/e-ciftlik.com\/haberler\/","logo":{"@type":"ImageObject","inLanguage":"tr","@id":"https:\/\/e-ciftlik.com\/haberler\/#\/schema\/logo\/image\/","url":"https:\/\/e-ciftlik.com\/haberler\/wp-content\/uploads\/2024\/06\/cropped-cropped-favicon-1-2.png","contentUrl":"https:\/\/e-ciftlik.com\/haberler\/wp-content\/uploads\/2024\/06\/cropped-cropped-favicon-1-2.png","width":512,"height":512,"caption":"E-\u00c7\u0130FTL\u0130K HABER"},"image":{"@id":"https:\/\/e-ciftlik.com\/haberler\/#\/schema\/logo\/image\/"},"sameAs":["https:\/\/www.facebook.com\/eciftlikturkiye","https:\/\/x.com\/eciftlikresmi","https:\/\/www.instagram.com\/eciftlikresmi\/"]},{"@type":"Person","@id":"https:\/\/e-ciftlik.com\/haberler\/#\/schema\/person\/d2f4fee3143d7f72be82cb887d51b00a","name":"Haber Merkezi","image":{"@type":"ImageObject","inLanguage":"tr","@id":"https:\/\/secure.gravatar.com\/avatar\/6c27d641914e66c1d0452c92716002398782818991d86db1c2cccb531e7c7c82?s=96&d=mm&r=g","url":"https:\/\/secure.gravatar.com\/avatar\/6c27d641914e66c1d0452c92716002398782818991d86db1c2cccb531e7c7c82?s=96&d=mm&r=g","contentUrl":"https:\/\/secure.gravatar.com\/avatar\/6c27d641914e66c1d0452c92716002398782818991d86db1c2cccb531e7c7c82?s=96&d=mm&r=g","caption":"Haber Merkezi"},"sameAs":["http:\/\/e-ciftlik.com\/haberler"]}]}},"_links":{"self":[{"href":"https:\/\/e-ciftlik.com\/haberler\/wp-json\/wp\/v2\/posts\/76995","targetHints":{"allow":["GET"]}}],"collection":[{"href":"https:\/\/e-ciftlik.com\/haberler\/wp-json\/wp\/v2\/posts"}],"about":[{"href":"https:\/\/e-ciftlik.com\/haberler\/wp-json\/wp\/v2\/types\/post"}],"author":[{"embeddable":true,"href":"https:\/\/e-ciftlik.com\/haberler\/wp-json\/wp\/v2\/users\/1"}],"replies":[{"embeddable":true,"href":"https:\/\/e-ciftlik.com\/haberler\/wp-json\/wp\/v2\/comments?post=76995"}],"version-history":[{"count":0,"href":"https:\/\/e-ciftlik.com\/haberler\/wp-json\/wp\/v2\/posts\/76995\/revisions"}],"wp:featuredmedia":[{"embeddable":true,"href":"https:\/\/e-ciftlik.com\/haberler\/wp-json\/wp\/v2\/media\/54610"}],"wp:attachment":[{"href":"https:\/\/e-ciftlik.com\/haberler\/wp-json\/wp\/v2\/media?parent=76995"}],"wp:term":[{"taxonomy":"category","embeddable":true,"href":"https:\/\/e-ciftlik.com\/haberler\/wp-json\/wp\/v2\/categories?post=76995"},{"taxonomy":"post_tag","embeddable":true,"href":"https:\/\/e-ciftlik.com\/haberler\/wp-json\/wp\/v2\/tags?post=76995"}],"curies":[{"name":"wp","href":"https:\/\/api.w.org\/{rel}","templated":true}]}}