{"id":77025,"date":"2025-02-01T16:03:41","date_gmt":"2025-02-01T16:03:41","guid":{"rendered":"http:\/\/e-ciftlik.com\/haberler\/gundem\/bahceli-tegmenlerin-ihrac-karari-dogru-ve-isabetli\/"},"modified":"2025-02-01T16:03:41","modified_gmt":"2025-02-01T16:03:41","slug":"bahceli-tegmenlerin-ihrac-karari-dogru-ve-isabetli","status":"publish","type":"post","link":"https:\/\/e-ciftlik.com\/haberler\/gundem\/bahceli-tegmenlerin-ihrac-karari-dogru-ve-isabetli\/","title":{"rendered":"Bah\u00e7eli: &#8220;Te\u011fmenlerin \u0130hra\u00e7 Karar\u0131 Do\u011fru ve \u0130sabetli&#8221;"},"content":{"rendered":"<p>MHP lideri Devlet Bah\u00e7eli, te\u011fmenlerin ihra\u00e7 karar\u0131na ili\u015fkin yapt\u0131\u011f\u0131 a\u00e7\u0131klamada, &#8220;Ayr\u0131ma karar\u0131 do\u011fru ve isabetli bir karard\u0131r. Korsan yeminlerle ba\u011f\u0131r\u0131p \u00e7a\u011f\u0131ranlara gere\u011fi yap\u0131lm\u0131\u015ft\u0131r.&#8221; dedi.<\/p>\n<p>Devlet Bah\u00e7eli&#8217;nin a\u00e7\u0131klamas\u0131n\u0131n tamam\u0131 \u015fu \u015fekilde: &#8220;30 A\u011fustos 2024 Cuma g\u00fcn\u00fc Milli Savunma \u00dcniversitesi Kara Harp Okulu Diploma Alma ve Sancak Devir Teslim T\u00f6reni&#8217;nin resmi safhas\u0131 tamamland\u0131ktan sonra bir grup te\u011fmenin ge\u00e7erlili\u011fi olmayan bir yemini m\u00fc\u015ftereken seslendirmek suretiyle askeri ve siyasi g\u00fcndeme yerle\u015ftikleri bilinen bir husustur.<\/p>\n<p>O g\u00fcnden bug\u00fcne maksatl\u0131 tart\u0131\u015fmalar\u0131n ve marazi tahriklerin dozaj\u0131 ideolojik d\u00fcrt\u00fclerin tazyikiyle sistematik olarak art\u0131r\u0131lm\u0131\u015ft\u0131r.<br \/>\nT\u00fcrk milletinin medar\u0131 iftihar\u0131 ve g\u00f6zbebe\u011fi mertebesindeki T\u00fcrk Silahl\u0131 Kuvvetleri&#8217;mizin g\u00fcnl\u00fck siyasi polemiklere kasten alet edilme \u00e7abas\u0131 gayri ahlaki bir planlama kapsam\u0131nda s\u00fcrekli ilerletilmi\u015ftir.<\/p>\n<p>Korsan bir metnin k\u0131l\u0131\u00e7lar e\u015fli\u011finde okunmas\u0131n\u0131n yanl\u0131\u015fl\u0131\u011f\u0131 kadar yarataca\u011f\u0131 tahribat\u0131 g\u00f6rmeyen, g\u00f6remeyen, hatta g\u00f6rmekten ve g\u00f6stermekten ku\u015fkulu \u015fekilde uzak duran bir g\u00fcruhun f\u0131rsat\u00e7\u0131l\u0131\u011fa heveslenmesi ve sonu\u00e7lar\u0131 a\u011f\u0131r olacak siyasi hesapla\u015fma sayfas\u0131 a\u00e7mak istemesi elbette demokrasi d\u0131\u015f\u0131 emel ve eylem hedefinin takibinden ba\u015fka bir \u015fey de\u011fildir.<\/p>\n<p>&#8220;Hepimiz Mustafa Kemal&#8217;in Askeriyiz&#8221; demenin su\u00e7 olarak takdim ve te\u015fhir edilmesi diye bir \u015fey olmad\u0131\u011f\u0131 halde, bunun hilaf\u0131na hareket edip Aziz Atat\u00fcrk&#8217;\u00fc istismara yeltenenlerin d\u00fcr\u00fcstl\u00fck ve samimiyet testinden ge\u00e7emedikleri her anlamda belgeli, hukuken ve tarihen de belli ve bilinmektedir.<\/p>\n<p>Milli Savunma Bakanl\u0131\u011f\u0131&#8217;n\u0131n yapm\u0131\u015f oldu\u011fu a\u00e7\u0131klama mucibince, 5 te\u011fmene ve 3 disiplin amirine TSK Disiplin Kanunu gere\u011fince &#8220;silahl\u0131 kuvvetlerden ay\u0131rma&#8221; cezas\u0131 verilmi\u015ftir.<\/p>\n<p>T\u00fcrk Silahl\u0131 Kuvvetleri&#8217;nin hiyerar\u015fik zincirini k\u0131ran, team\u00fcllerini bozan, i\u00e7 disiplin ve denge yap\u0131s\u0131n\u0131 sakatlayarak buhrana s\u00fcr\u00fckleyen hi\u00e7bir fiil, fesat, fitne, olay, olu\u015fum, durum, beyan ve grupla\u015fmaya bihakk\u0131n m\u00fcsaade edilmemelidir ve bug\u00fcne kadar da edilmemi\u015ftir.<\/p>\n<p>&#8220;MASKEL\u0130 DARBE SEVERLER AKLINI BA\u015eINA ALMALI&#8221;<\/p>\n<p>TSK Disiplin Kanunu&#8217;nun amir h\u00fck\u00fcmlerinin tatbikiyle ay\u0131rma cezas\u0131n\u0131n muhataplar\u0131na uygulanmas\u0131 do\u011fru ve isabetli bir karard\u0131r. Herkes bu karara sayg\u0131 duymal\u0131; kar\u0131\u015f\u0131k, karanl\u0131k ve kaotik T\u00fcrkiye \u015fartlar\u0131n\u0131 ikmal ve in\u015fa etmek i\u00e7in pusuda bekleyen demokrat maskeli darbe severler akl\u0131n\u0131 ba\u015f\u0131na almal\u0131d\u0131r.<\/p>\n<p>Te\u011fmenler \u00fczerinden organize sald\u0131r\u0131 ve provokasyon ortam\u0131 haz\u0131rlaman\u0131n pe\u015fine tak\u0131lan sahte ve riyakar Atat\u00fcrk\u00e7\u00fclerin oyununa gelecek, fig\u00fcran\u0131 olacak, i\u011fren\u00e7 senaryolar\u0131na bel ba\u011flayacak bir vatan ve millet sevdal\u0131s\u0131 kahraman\u0131m\u0131z yoktur, asla da olmayacakt\u0131r.<\/p>\n<p>&#8220;Hepimiz Mustafa Kemal&#8217;in Askeriyiz&#8221; slogan\u0131 atan \u00fc\u00e7 be\u015f ki\u015fiyi bahane ederek \u00fclkemizin huzur ve istikrar\u0131n\u0131 sekteye u\u011fratmak i\u00e7in el ovu\u015fturan koku\u015fmu\u015flar, \u00f6ncelikle ter\u00f6rle m\u00fccadelede 40 y\u0131ld\u0131r ola\u011fan\u00fcst\u00fc bir dirayet ve cesaret sergileyen Mehmet\u00e7iklerin kimin askeri oldu\u011funu itiraf etmekle mesul ve m\u00fckelleftir.<\/p>\n<p>Gazi Mustafa Kemal Atat\u00fcrk, T\u00fcrkiye Cumhuriyeti&#8217;nin banisi, Milli M\u00fccadele&#8217;nin yol ba\u015f\u00e7\u0131s\u0131, T\u00fcrk milletinin y\u00fcksek de\u011feridir. Aziz Atat\u00fcrk t\u00fcm parlak ve hak edilmi\u015f vas\u0131flar\u0131n\u0131n yan\u0131nda T\u00fcrk milletinin askeridir. T\u00fcrk Silahl\u0131 Kuvvetleri kanun ordusudur ve T\u00fcrk milletinin ruhundan do\u011fmu\u015ftur.<\/p>\n<p>3 Eyl\u00fcl 2024 tarihinde yap\u0131lan bas\u0131n a\u00e7\u0131klamam\u0131zda ifade etti\u011fim \u00fczere, ter\u00f6rle m\u00fccadelede destanlar yazan, i\u00e7 ve d\u0131\u015f savunmam\u0131z\u0131 fedakarca yapan, \u015fehit ve gazileriyle M.\u00d6.209&#8217;dan bu yana ge\u00e7en 2234 y\u0131ld\u0131r d\u00fc\u015fmanlar\u0131 titretip milletimizi gururland\u0131ran T\u00fcrk Silahl\u0131 Kuvvetleri ilelebet \u00f6v\u00fcn\u00e7 madalyam\u0131zd\u0131r.<\/p>\n<p>TSK&#8217;NIN DOKUSUNA DI\u015e BA\u011eLANTILI OPERASYON<\/p>\n<p>T\u00fcrk askerinin arkas\u0131na saklan\u0131p \u00fc\u00e7 be\u015f kendini bilmezin korsan metnini silah gibi kullanan CHP&#8217;sinden sat\u0131lm\u0131\u015f kimi medya organlar\u0131na, kiral\u0131k kalemlerden i\u00e7 i\u015fgal cephesine tahkimat yapan al\u00e7aklara kadar &#8220;Mustafa Kemal&#8217;in askeriyiz s\u00f6z\u00fcn\u00fcn cezaland\u0131r\u0131ld\u0131\u011f\u0131n\u0131 iddia etmeleri hem \u015feref mahrumu bir iftira hem de T\u00fcrk Silahl\u0131 Kuvvetleri&#8217;nin manevi ve tarihi dokusuna d\u0131\u015f ba\u011flant\u0131l\u0131 operasyondur.<\/p>\n<p>T\u00fcrk Silahl\u0131 Kuvvetleri&#8217;nde kutupla\u015fma ve cuntala\u015fma ikliminin olu\u015fmas\u0131na sinsi sinsi hizmet edenler esasen Gazi Mustafa Kemal Atat\u00fcrk&#8217;\u00fcn kar\u015f\u0131t\u0131, d\u00fcnyada hayranl\u0131k uyand\u0131ran askeri kudretimizin zaafa u\u011framas\u0131n\u0131 arzulayan ajan provokat\u00f6rlerdir.<\/p>\n<p>Milliyet\u00e7i Hareket Partisi ve Cumhur \u0130ttifak\u0131 zalimlerin s\u0131rt\u0131n\u0131 s\u0131vazlad\u0131\u011f\u0131 zillet ve rezil provokat\u00f6rlere kar\u015f\u0131 azami \u00f6l\u00e7\u00fcde dikkat ve uyan\u0131kl\u0131k i\u00e7indedir.<\/p>\n<p>Korsan ve paralel yeminlerle akl\u0131na esti\u011fi gibi ba\u011f\u0131r\u0131p \u00e7a\u011f\u0131ranlara gere\u011fi yap\u0131lm\u0131\u015f, ma\u015feri vicdan bu karardan memnuniyet duymu\u015ftur. Siyasi ve ideolojik taassubun pen\u00e7esinde ilke ve irade kayb\u0131 ya\u015fayan ve Atat\u00fcrk\u00e7\u00fcl\u00fc\u011f\u00fc ge\u00e7im kap\u0131s\u0131na \u00e7eviren soytar\u0131lara aldanacak ve kanacak hi\u00e7 kimse de kalmam\u0131\u015ft\u0131r.&#8221;<\/p>\n<p>TE\u011eMENLER\u0130N \u0130HRA\u00c7 KARARI<\/p>\n<p>Milli Savunma Bakanl\u0131\u011f\u0131 s\u0131ral\u0131 3 disiplin amirine ve 5 te\u011fmene, T\u00fcrk Silahl\u0131 Kuvvetleri Disiplin Kanunu ve T\u00fcrk Silahl\u0131 Kuvvetleri Y\u00fcksek Disiplin Kurullar\u0131 Y\u00f6netmeli\u011fi amir h\u00fck\u00fcmleri ile di\u011fer mezkur mevzuat gere\u011fince &#8216;Silahl\u0131 Kuvvetlerden Ay\u0131rma Cezas\u0131&#8217; verildi\u011fini a\u00e7\u0131klam\u0131\u015ft\u0131.<\/p>\n<p>MSB&#8217;den yap\u0131lan a\u00e7\u0131klamada, Kara Harp Okulu Sancak Devir Teslim ve Mezuniyet T\u00f6reni sonras\u0131 kamuoyuna yans\u0131yan g\u00f6r\u00fcnt\u00fclerin ard\u0131ndan ba\u015flat\u0131lan idari ve disiplin soru\u015fturmalar\u0131na ili\u015fkin, &#8220;Milli Savunma Bakanl\u0131\u011f\u0131 Y\u00fcksek Disiplin Kurulu taraf\u0131ndan s\u0131ral\u0131 3 disiplin amirine, Kara Kuvvetleri Y\u00fcksek Disiplin Kurulu taraf\u0131ndan 5 te\u011fmene T\u00fcrk Silahl\u0131 Kuvvetleri Disiplin Kanunu ve T\u00fcrk Silahl\u0131 Kuvvetleri Y\u00fcksek Disiplin Kurullar\u0131 Y\u00f6netmeli\u011fi amir h\u00fck\u00fcmleri ile di\u011fer mezk\u00fbr mevzuat gere\u011fince &#8216;Silahl\u0131 Kuvvetlerden Ay\u0131rma Cezas\u0131&#8217; verilmi\u015ftir&#8221; ifadeleri kullan\u0131ld\u0131.<\/p>\n","protected":false},"excerpt":{"rendered":"<p>MHP lideri Devlet Bah\u00e7eli, te\u011fmenlerin ihra\u00e7 karar\u0131na ili\u015fkin yapt\u0131\u011f\u0131 a\u00e7\u0131klamada, &#8220;Ayr\u0131ma karar\u0131 do\u011fru ve isabetli&hellip;<\/p>\n","protected":false},"author":1,"featured_media":77026,"comment_status":"open","ping_status":"open","sticky":false,"template":"","format":"standard","meta":{"footnotes":""},"categories":[10],"tags":[],"class_list":["post-77025","post","type-post","status-publish","format-standard","has-post-thumbnail","hentry","category-gundem"],"yoast_head":"<!-- This site is optimized with the Yoast SEO Premium plugin v24.3 (Yoast SEO v27.4) - https:\/\/yoast.com\/product\/yoast-seo-premium-wordpress\/ -->\n<title>Bah\u00e7eli: &quot;Te\u011fmenlerin \u0130hra\u00e7 Karar\u0131 Do\u011fru ve \u0130sabetli&quot; - E-&Ccedil;\u0130FTL\u0130K HABER<\/title>\n<meta name=\"description\" content=\"MHP lideri Devlet Bah\u00e7eli, te\u011fmenlerin ihra\u00e7 karar\u0131na ili\u015fkin yapt\u0131\u011f\u0131 a\u00e7\u0131klamada, &quot;Ayr\u0131ma karar\u0131 do\u011fru ve isabetli bir karard\u0131r. Korsan yeminlerle ba\u011f\u0131r\u0131p\" \/>\n<meta name=\"robots\" content=\"index, follow, max-snippet:-1, max-image-preview:large, max-video-preview:-1\" \/>\n<link rel=\"canonical\" href=\"https:\/\/e-ciftlik.com\/haberler\/gundem\/bahceli-tegmenlerin-ihrac-karari-dogru-ve-isabetli\/\" \/>\n<meta property=\"og:locale\" content=\"tr_TR\" \/>\n<meta property=\"og:type\" content=\"article\" \/>\n<meta property=\"og:title\" content=\"Bah\u00e7eli: &quot;Te\u011fmenlerin \u0130hra\u00e7 Karar\u0131 Do\u011fru ve \u0130sabetli&quot;\" \/>\n<meta property=\"og:description\" content=\"MHP lideri Devlet Bah\u00e7eli, te\u011fmenlerin ihra\u00e7 karar\u0131na ili\u015fkin yapt\u0131\u011f\u0131 a\u00e7\u0131klamada, &quot;Ayr\u0131ma karar\u0131 do\u011fru ve isabetli bir karard\u0131r. Korsan yeminlerle ba\u011f\u0131r\u0131p\" \/>\n<meta property=\"og:url\" content=\"https:\/\/e-ciftlik.com\/haberler\/gundem\/bahceli-tegmenlerin-ihrac-karari-dogru-ve-isabetli\/\" \/>\n<meta property=\"og:site_name\" content=\"E-&Ccedil;\u0130FTL\u0130K HABER\" \/>\n<meta property=\"article:publisher\" content=\"https:\/\/www.facebook.com\/eciftlikturkiye\" \/>\n<meta property=\"article:published_time\" content=\"2025-02-01T16:03:41+00:00\" \/>\n<meta property=\"og:image\" content=\"https:\/\/e-ciftlik.com\/haberler\/wp-content\/uploads\/2025\/02\/1738423756736.jpg\" \/>\n\t<meta property=\"og:image:width\" content=\"1200\" \/>\n\t<meta property=\"og:image:height\" content=\"675\" \/>\n\t<meta property=\"og:image:type\" content=\"image\/jpeg\" \/>\n<meta name=\"author\" content=\"Haber Merkezi\" \/>\n<meta name=\"twitter:card\" content=\"summary_large_image\" \/>\n<meta name=\"twitter:creator\" content=\"@eciftlikresmi\" \/>\n<meta name=\"twitter:site\" content=\"@eciftlikresmi\" \/>\n<meta name=\"twitter:label1\" content=\"Yazan:\" \/>\n\t<meta name=\"twitter:data1\" content=\"Haber Merkezi\" \/>\n\t<meta name=\"twitter:label2\" content=\"Tahmini okuma s\u00fcresi\" \/>\n\t<meta name=\"twitter:data2\" content=\"5 dakika\" \/>\n<script type=\"application\/ld+json\" class=\"yoast-schema-graph\">{\"@context\":\"https:\\\/\\\/schema.org\",\"@graph\":[{\"@type\":\"NewsArticle\",\"@id\":\"https:\\\/\\\/e-ciftlik.com\\\/haberler\\\/gundem\\\/bahceli-tegmenlerin-ihrac-karari-dogru-ve-isabetli\\\/#article\",\"isPartOf\":{\"@id\":\"https:\\\/\\\/e-ciftlik.com\\\/haberler\\\/gundem\\\/bahceli-tegmenlerin-ihrac-karari-dogru-ve-isabetli\\\/\"},\"author\":{\"name\":\"Haber Merkezi\",\"@id\":\"https:\\\/\\\/e-ciftlik.com\\\/haberler\\\/#\\\/schema\\\/person\\\/d2f4fee3143d7f72be82cb887d51b00a\"},\"headline\":\"Bah\u00e7eli: &#8220;Te\u011fmenlerin \u0130hra\u00e7 Karar\u0131 Do\u011fru ve \u0130sabetli&#8221;\",\"datePublished\":\"2025-02-01T16:03:41+00:00\",\"mainEntityOfPage\":{\"@id\":\"https:\\\/\\\/e-ciftlik.com\\\/haberler\\\/gundem\\\/bahceli-tegmenlerin-ihrac-karari-dogru-ve-isabetli\\\/\"},\"wordCount\":1004,\"commentCount\":0,\"publisher\":{\"@id\":\"https:\\\/\\\/e-ciftlik.com\\\/haberler\\\/#organization\"},\"image\":{\"@id\":\"https:\\\/\\\/e-ciftlik.com\\\/haberler\\\/gundem\\\/bahceli-tegmenlerin-ihrac-karari-dogru-ve-isabetli\\\/#primaryimage\"},\"thumbnailUrl\":\"https:\\\/\\\/e-ciftlik.com\\\/haberler\\\/wp-content\\\/uploads\\\/2025\\\/02\\\/1738423756736.jpg\",\"articleSection\":[\"G\u00fcndem\"],\"inLanguage\":\"tr\",\"potentialAction\":[{\"@type\":\"CommentAction\",\"name\":\"Comment\",\"target\":[\"https:\\\/\\\/e-ciftlik.com\\\/haberler\\\/gundem\\\/bahceli-tegmenlerin-ihrac-karari-dogru-ve-isabetli\\\/#respond\"]}]},{\"@type\":\"WebPage\",\"@id\":\"https:\\\/\\\/e-ciftlik.com\\\/haberler\\\/gundem\\\/bahceli-tegmenlerin-ihrac-karari-dogru-ve-isabetli\\\/\",\"url\":\"https:\\\/\\\/e-ciftlik.com\\\/haberler\\\/gundem\\\/bahceli-tegmenlerin-ihrac-karari-dogru-ve-isabetli\\\/\",\"name\":\"Bah\u00e7eli: \\\"Te\u011fmenlerin \u0130hra\u00e7 Karar\u0131 Do\u011fru ve \u0130sabetli\\\" - E-&Ccedil;\u0130FTL\u0130K HABER\",\"isPartOf\":{\"@id\":\"https:\\\/\\\/e-ciftlik.com\\\/haberler\\\/#website\"},\"primaryImageOfPage\":{\"@id\":\"https:\\\/\\\/e-ciftlik.com\\\/haberler\\\/gundem\\\/bahceli-tegmenlerin-ihrac-karari-dogru-ve-isabetli\\\/#primaryimage\"},\"image\":{\"@id\":\"https:\\\/\\\/e-ciftlik.com\\\/haberler\\\/gundem\\\/bahceli-tegmenlerin-ihrac-karari-dogru-ve-isabetli\\\/#primaryimage\"},\"thumbnailUrl\":\"https:\\\/\\\/e-ciftlik.com\\\/haberler\\\/wp-content\\\/uploads\\\/2025\\\/02\\\/1738423756736.jpg\",\"datePublished\":\"2025-02-01T16:03:41+00:00\",\"description\":\"MHP lideri Devlet Bah\u00e7eli, te\u011fmenlerin ihra\u00e7 karar\u0131na ili\u015fkin yapt\u0131\u011f\u0131 a\u00e7\u0131klamada, \\\"Ayr\u0131ma karar\u0131 do\u011fru ve isabetli bir karard\u0131r. Korsan yeminlerle ba\u011f\u0131r\u0131p\",\"breadcrumb\":{\"@id\":\"https:\\\/\\\/e-ciftlik.com\\\/haberler\\\/gundem\\\/bahceli-tegmenlerin-ihrac-karari-dogru-ve-isabetli\\\/#breadcrumb\"},\"inLanguage\":\"tr\",\"potentialAction\":[{\"@type\":\"ReadAction\",\"target\":[\"https:\\\/\\\/e-ciftlik.com\\\/haberler\\\/gundem\\\/bahceli-tegmenlerin-ihrac-karari-dogru-ve-isabetli\\\/\"]}]},{\"@type\":\"ImageObject\",\"inLanguage\":\"tr\",\"@id\":\"https:\\\/\\\/e-ciftlik.com\\\/haberler\\\/gundem\\\/bahceli-tegmenlerin-ihrac-karari-dogru-ve-isabetli\\\/#primaryimage\",\"url\":\"https:\\\/\\\/e-ciftlik.com\\\/haberler\\\/wp-content\\\/uploads\\\/2025\\\/02\\\/1738423756736.jpg\",\"contentUrl\":\"https:\\\/\\\/e-ciftlik.com\\\/haberler\\\/wp-content\\\/uploads\\\/2025\\\/02\\\/1738423756736.jpg\",\"width\":1200,\"height\":675},{\"@type\":\"BreadcrumbList\",\"@id\":\"https:\\\/\\\/e-ciftlik.com\\\/haberler\\\/gundem\\\/bahceli-tegmenlerin-ihrac-karari-dogru-ve-isabetli\\\/#breadcrumb\",\"itemListElement\":[{\"@type\":\"ListItem\",\"position\":1,\"name\":\"Anasayfa\",\"item\":\"https:\\\/\\\/e-ciftlik.com\\\/haberler\\\/\"},{\"@type\":\"ListItem\",\"position\":2,\"name\":\"Bah\u00e7eli: &#8220;Te\u011fmenlerin \u0130hra\u00e7 Karar\u0131 Do\u011fru ve \u0130sabetli&#8221;\"}]},{\"@type\":\"WebSite\",\"@id\":\"https:\\\/\\\/e-ciftlik.com\\\/haberler\\\/#website\",\"url\":\"https:\\\/\\\/e-ciftlik.com\\\/haberler\\\/\",\"name\":\"E-\u00c7iftlik Haber | G\u00fcncel, Son Dakika Haberler, En Son Haber\",\"description\":\"\",\"publisher\":{\"@id\":\"https:\\\/\\\/e-ciftlik.com\\\/haberler\\\/#organization\"},\"potentialAction\":[{\"@type\":\"SearchAction\",\"target\":{\"@type\":\"EntryPoint\",\"urlTemplate\":\"https:\\\/\\\/e-ciftlik.com\\\/haberler\\\/?s={search_term_string}\"},\"query-input\":{\"@type\":\"PropertyValueSpecification\",\"valueRequired\":true,\"valueName\":\"search_term_string\"}}],\"inLanguage\":\"tr\"},{\"@type\":\"Organization\",\"@id\":\"https:\\\/\\\/e-ciftlik.com\\\/haberler\\\/#organization\",\"name\":\"E-\u00c7\u0130FTL\u0130K HABER\",\"url\":\"https:\\\/\\\/e-ciftlik.com\\\/haberler\\\/\",\"logo\":{\"@type\":\"ImageObject\",\"inLanguage\":\"tr\",\"@id\":\"https:\\\/\\\/e-ciftlik.com\\\/haberler\\\/#\\\/schema\\\/logo\\\/image\\\/\",\"url\":\"https:\\\/\\\/e-ciftlik.com\\\/haberler\\\/wp-content\\\/uploads\\\/2024\\\/06\\\/cropped-cropped-favicon-1-2.png\",\"contentUrl\":\"https:\\\/\\\/e-ciftlik.com\\\/haberler\\\/wp-content\\\/uploads\\\/2024\\\/06\\\/cropped-cropped-favicon-1-2.png\",\"width\":512,\"height\":512,\"caption\":\"E-\u00c7\u0130FTL\u0130K HABER\"},\"image\":{\"@id\":\"https:\\\/\\\/e-ciftlik.com\\\/haberler\\\/#\\\/schema\\\/logo\\\/image\\\/\"},\"sameAs\":[\"https:\\\/\\\/www.facebook.com\\\/eciftlikturkiye\",\"https:\\\/\\\/x.com\\\/eciftlikresmi\",\"https:\\\/\\\/www.instagram.com\\\/eciftlikresmi\\\/\"]},{\"@type\":\"Person\",\"@id\":\"https:\\\/\\\/e-ciftlik.com\\\/haberler\\\/#\\\/schema\\\/person\\\/d2f4fee3143d7f72be82cb887d51b00a\",\"name\":\"Haber Merkezi\",\"image\":{\"@type\":\"ImageObject\",\"inLanguage\":\"tr\",\"@id\":\"https:\\\/\\\/secure.gravatar.com\\\/avatar\\\/6c27d641914e66c1d0452c92716002398782818991d86db1c2cccb531e7c7c82?s=96&d=mm&r=g\",\"url\":\"https:\\\/\\\/secure.gravatar.com\\\/avatar\\\/6c27d641914e66c1d0452c92716002398782818991d86db1c2cccb531e7c7c82?s=96&d=mm&r=g\",\"contentUrl\":\"https:\\\/\\\/secure.gravatar.com\\\/avatar\\\/6c27d641914e66c1d0452c92716002398782818991d86db1c2cccb531e7c7c82?s=96&d=mm&r=g\",\"caption\":\"Haber Merkezi\"},\"sameAs\":[\"http:\\\/\\\/e-ciftlik.com\\\/haberler\"]}]}<\/script>\n<!-- \/ Yoast SEO Premium plugin. -->","yoast_head_json":{"title":"Bah\u00e7eli: \"Te\u011fmenlerin \u0130hra\u00e7 Karar\u0131 Do\u011fru ve \u0130sabetli\" - E-&Ccedil;\u0130FTL\u0130K HABER","description":"MHP lideri Devlet Bah\u00e7eli, te\u011fmenlerin ihra\u00e7 karar\u0131na ili\u015fkin yapt\u0131\u011f\u0131 a\u00e7\u0131klamada, \"Ayr\u0131ma karar\u0131 do\u011fru ve isabetli bir karard\u0131r. Korsan yeminlerle ba\u011f\u0131r\u0131p","robots":{"index":"index","follow":"follow","max-snippet":"max-snippet:-1","max-image-preview":"max-image-preview:large","max-video-preview":"max-video-preview:-1"},"canonical":"https:\/\/e-ciftlik.com\/haberler\/gundem\/bahceli-tegmenlerin-ihrac-karari-dogru-ve-isabetli\/","og_locale":"tr_TR","og_type":"article","og_title":"Bah\u00e7eli: \"Te\u011fmenlerin \u0130hra\u00e7 Karar\u0131 Do\u011fru ve \u0130sabetli\"","og_description":"MHP lideri Devlet Bah\u00e7eli, te\u011fmenlerin ihra\u00e7 karar\u0131na ili\u015fkin yapt\u0131\u011f\u0131 a\u00e7\u0131klamada, \"Ayr\u0131ma karar\u0131 do\u011fru ve isabetli bir karard\u0131r. Korsan yeminlerle ba\u011f\u0131r\u0131p","og_url":"https:\/\/e-ciftlik.com\/haberler\/gundem\/bahceli-tegmenlerin-ihrac-karari-dogru-ve-isabetli\/","og_site_name":"E-&Ccedil;\u0130FTL\u0130K HABER","article_publisher":"https:\/\/www.facebook.com\/eciftlikturkiye","article_published_time":"2025-02-01T16:03:41+00:00","og_image":[{"width":1200,"height":675,"url":"https:\/\/e-ciftlik.com\/haberler\/wp-content\/uploads\/2025\/02\/1738423756736.jpg","type":"image\/jpeg"}],"author":"Haber Merkezi","twitter_card":"summary_large_image","twitter_creator":"@eciftlikresmi","twitter_site":"@eciftlikresmi","twitter_misc":{"Yazan:":"Haber Merkezi","Tahmini okuma s\u00fcresi":"5 dakika"},"schema":{"@context":"https:\/\/schema.org","@graph":[{"@type":"NewsArticle","@id":"https:\/\/e-ciftlik.com\/haberler\/gundem\/bahceli-tegmenlerin-ihrac-karari-dogru-ve-isabetli\/#article","isPartOf":{"@id":"https:\/\/e-ciftlik.com\/haberler\/gundem\/bahceli-tegmenlerin-ihrac-karari-dogru-ve-isabetli\/"},"author":{"name":"Haber Merkezi","@id":"https:\/\/e-ciftlik.com\/haberler\/#\/schema\/person\/d2f4fee3143d7f72be82cb887d51b00a"},"headline":"Bah\u00e7eli: &#8220;Te\u011fmenlerin \u0130hra\u00e7 Karar\u0131 Do\u011fru ve \u0130sabetli&#8221;","datePublished":"2025-02-01T16:03:41+00:00","mainEntityOfPage":{"@id":"https:\/\/e-ciftlik.com\/haberler\/gundem\/bahceli-tegmenlerin-ihrac-karari-dogru-ve-isabetli\/"},"wordCount":1004,"commentCount":0,"publisher":{"@id":"https:\/\/e-ciftlik.com\/haberler\/#organization"},"image":{"@id":"https:\/\/e-ciftlik.com\/haberler\/gundem\/bahceli-tegmenlerin-ihrac-karari-dogru-ve-isabetli\/#primaryimage"},"thumbnailUrl":"https:\/\/e-ciftlik.com\/haberler\/wp-content\/uploads\/2025\/02\/1738423756736.jpg","articleSection":["G\u00fcndem"],"inLanguage":"tr","potentialAction":[{"@type":"CommentAction","name":"Comment","target":["https:\/\/e-ciftlik.com\/haberler\/gundem\/bahceli-tegmenlerin-ihrac-karari-dogru-ve-isabetli\/#respond"]}]},{"@type":"WebPage","@id":"https:\/\/e-ciftlik.com\/haberler\/gundem\/bahceli-tegmenlerin-ihrac-karari-dogru-ve-isabetli\/","url":"https:\/\/e-ciftlik.com\/haberler\/gundem\/bahceli-tegmenlerin-ihrac-karari-dogru-ve-isabetli\/","name":"Bah\u00e7eli: \"Te\u011fmenlerin \u0130hra\u00e7 Karar\u0131 Do\u011fru ve \u0130sabetli\" - E-&Ccedil;\u0130FTL\u0130K HABER","isPartOf":{"@id":"https:\/\/e-ciftlik.com\/haberler\/#website"},"primaryImageOfPage":{"@id":"https:\/\/e-ciftlik.com\/haberler\/gundem\/bahceli-tegmenlerin-ihrac-karari-dogru-ve-isabetli\/#primaryimage"},"image":{"@id":"https:\/\/e-ciftlik.com\/haberler\/gundem\/bahceli-tegmenlerin-ihrac-karari-dogru-ve-isabetli\/#primaryimage"},"thumbnailUrl":"https:\/\/e-ciftlik.com\/haberler\/wp-content\/uploads\/2025\/02\/1738423756736.jpg","datePublished":"2025-02-01T16:03:41+00:00","description":"MHP lideri Devlet Bah\u00e7eli, te\u011fmenlerin ihra\u00e7 karar\u0131na ili\u015fkin yapt\u0131\u011f\u0131 a\u00e7\u0131klamada, \"Ayr\u0131ma karar\u0131 do\u011fru ve isabetli bir karard\u0131r. Korsan yeminlerle ba\u011f\u0131r\u0131p","breadcrumb":{"@id":"https:\/\/e-ciftlik.com\/haberler\/gundem\/bahceli-tegmenlerin-ihrac-karari-dogru-ve-isabetli\/#breadcrumb"},"inLanguage":"tr","potentialAction":[{"@type":"ReadAction","target":["https:\/\/e-ciftlik.com\/haberler\/gundem\/bahceli-tegmenlerin-ihrac-karari-dogru-ve-isabetli\/"]}]},{"@type":"ImageObject","inLanguage":"tr","@id":"https:\/\/e-ciftlik.com\/haberler\/gundem\/bahceli-tegmenlerin-ihrac-karari-dogru-ve-isabetli\/#primaryimage","url":"https:\/\/e-ciftlik.com\/haberler\/wp-content\/uploads\/2025\/02\/1738423756736.jpg","contentUrl":"https:\/\/e-ciftlik.com\/haberler\/wp-content\/uploads\/2025\/02\/1738423756736.jpg","width":1200,"height":675},{"@type":"BreadcrumbList","@id":"https:\/\/e-ciftlik.com\/haberler\/gundem\/bahceli-tegmenlerin-ihrac-karari-dogru-ve-isabetli\/#breadcrumb","itemListElement":[{"@type":"ListItem","position":1,"name":"Anasayfa","item":"https:\/\/e-ciftlik.com\/haberler\/"},{"@type":"ListItem","position":2,"name":"Bah\u00e7eli: &#8220;Te\u011fmenlerin \u0130hra\u00e7 Karar\u0131 Do\u011fru ve \u0130sabetli&#8221;"}]},{"@type":"WebSite","@id":"https:\/\/e-ciftlik.com\/haberler\/#website","url":"https:\/\/e-ciftlik.com\/haberler\/","name":"E-\u00c7iftlik Haber | G\u00fcncel, Son Dakika Haberler, En Son Haber","description":"","publisher":{"@id":"https:\/\/e-ciftlik.com\/haberler\/#organization"},"potentialAction":[{"@type":"SearchAction","target":{"@type":"EntryPoint","urlTemplate":"https:\/\/e-ciftlik.com\/haberler\/?s={search_term_string}"},"query-input":{"@type":"PropertyValueSpecification","valueRequired":true,"valueName":"search_term_string"}}],"inLanguage":"tr"},{"@type":"Organization","@id":"https:\/\/e-ciftlik.com\/haberler\/#organization","name":"E-\u00c7\u0130FTL\u0130K HABER","url":"https:\/\/e-ciftlik.com\/haberler\/","logo":{"@type":"ImageObject","inLanguage":"tr","@id":"https:\/\/e-ciftlik.com\/haberler\/#\/schema\/logo\/image\/","url":"https:\/\/e-ciftlik.com\/haberler\/wp-content\/uploads\/2024\/06\/cropped-cropped-favicon-1-2.png","contentUrl":"https:\/\/e-ciftlik.com\/haberler\/wp-content\/uploads\/2024\/06\/cropped-cropped-favicon-1-2.png","width":512,"height":512,"caption":"E-\u00c7\u0130FTL\u0130K HABER"},"image":{"@id":"https:\/\/e-ciftlik.com\/haberler\/#\/schema\/logo\/image\/"},"sameAs":["https:\/\/www.facebook.com\/eciftlikturkiye","https:\/\/x.com\/eciftlikresmi","https:\/\/www.instagram.com\/eciftlikresmi\/"]},{"@type":"Person","@id":"https:\/\/e-ciftlik.com\/haberler\/#\/schema\/person\/d2f4fee3143d7f72be82cb887d51b00a","name":"Haber Merkezi","image":{"@type":"ImageObject","inLanguage":"tr","@id":"https:\/\/secure.gravatar.com\/avatar\/6c27d641914e66c1d0452c92716002398782818991d86db1c2cccb531e7c7c82?s=96&d=mm&r=g","url":"https:\/\/secure.gravatar.com\/avatar\/6c27d641914e66c1d0452c92716002398782818991d86db1c2cccb531e7c7c82?s=96&d=mm&r=g","contentUrl":"https:\/\/secure.gravatar.com\/avatar\/6c27d641914e66c1d0452c92716002398782818991d86db1c2cccb531e7c7c82?s=96&d=mm&r=g","caption":"Haber Merkezi"},"sameAs":["http:\/\/e-ciftlik.com\/haberler"]}]}},"_links":{"self":[{"href":"https:\/\/e-ciftlik.com\/haberler\/wp-json\/wp\/v2\/posts\/77025","targetHints":{"allow":["GET"]}}],"collection":[{"href":"https:\/\/e-ciftlik.com\/haberler\/wp-json\/wp\/v2\/posts"}],"about":[{"href":"https:\/\/e-ciftlik.com\/haberler\/wp-json\/wp\/v2\/types\/post"}],"author":[{"embeddable":true,"href":"https:\/\/e-ciftlik.com\/haberler\/wp-json\/wp\/v2\/users\/1"}],"replies":[{"embeddable":true,"href":"https:\/\/e-ciftlik.com\/haberler\/wp-json\/wp\/v2\/comments?post=77025"}],"version-history":[{"count":0,"href":"https:\/\/e-ciftlik.com\/haberler\/wp-json\/wp\/v2\/posts\/77025\/revisions"}],"wp:featuredmedia":[{"embeddable":true,"href":"https:\/\/e-ciftlik.com\/haberler\/wp-json\/wp\/v2\/media\/77026"}],"wp:attachment":[{"href":"https:\/\/e-ciftlik.com\/haberler\/wp-json\/wp\/v2\/media?parent=77025"}],"wp:term":[{"taxonomy":"category","embeddable":true,"href":"https:\/\/e-ciftlik.com\/haberler\/wp-json\/wp\/v2\/categories?post=77025"},{"taxonomy":"post_tag","embeddable":true,"href":"https:\/\/e-ciftlik.com\/haberler\/wp-json\/wp\/v2\/tags?post=77025"}],"curies":[{"name":"wp","href":"https:\/\/api.w.org\/{rel}","templated":true}]}}