{"id":77174,"date":"2025-02-01T14:08:00","date_gmt":"2025-02-01T14:08:00","guid":{"rendered":"https:\/\/e-ciftlik.com\/haberler\/tarim\/cigdemler-erken-acti-baharin-mujdecisi\/"},"modified":"2025-02-01T14:08:00","modified_gmt":"2025-02-01T14:08:00","slug":"cigdemler-erken-acti-baharin-mujdecisi","status":"publish","type":"post","link":"https:\/\/e-ciftlik.com\/haberler\/tarim\/cigdemler-erken-acti-baharin-mujdecisi\/","title":{"rendered":"\u00c7i\u011fdemler Erken A\u00e7t\u0131, Bahar\u0131n M\u00fcjdecisi!"},"content":{"rendered":"<p>\u00c7orum&#8217;un O\u011fuzlar il\u00e7esinde, bahar\u0131n habercisi olarak bilinen \u00e7i\u011fdemler erken a\u00e7t\u0131. Son g\u00fcnlerde kentte mevsim normallerinin \u00fczerinde seyreden hava s\u0131cakl\u0131klar\u0131, \u00e7i\u011fdemlerin erken a\u00e7mas\u0131na yol a\u00e7t\u0131. Genellikle mart ay\u0131nda a\u00e7an \u00e7i\u011fdemler, kurak bir k\u0131\u015f mevsiminin ard\u0131ndan etkili olan g\u00fcne\u015f \u0131\u015f\u0131klar\u0131 sayesinde erken g\u00f6r\u00fclmeye ba\u015flad\u0131. Halk aras\u0131nda &#8220;bahar\u0131n m\u00fcjdecisi&#8221; olarak bilinen sar\u0131 ve beyaz \u00e7i\u011fdemler, do\u011fada g\u00f6z al\u0131c\u0131 bir g\u00f6r\u00fcnt\u00fc olu\u015fturdu.<\/p>\n","protected":false},"excerpt":{"rendered":"<p>\u00c7orum&#8217;un O\u011fuzlar il\u00e7esinde, bahar\u0131n habercisi olarak bilinen \u00e7i\u011fdemler erken a\u00e7t\u0131. Son g\u00fcnlerde kentte mevsim normallerinin&hellip;<\/p>\n","protected":false},"author":1,"featured_media":77175,"comment_status":"open","ping_status":"open","sticky":false,"template":"","format":"standard","meta":{"footnotes":""},"categories":[9],"tags":[],"class_list":["post-77174","post","type-post","status-publish","format-standard","has-post-thumbnail","hentry","category-tarim"],"yoast_head":"<!-- This site is optimized with the Yoast SEO Premium plugin v24.3 (Yoast SEO v27.4) - https:\/\/yoast.com\/product\/yoast-seo-premium-wordpress\/ -->\n<title>\u00c7i\u011fdemler Erken A\u00e7t\u0131, Bahar\u0131n M\u00fcjdecisi! - E-&Ccedil;\u0130FTL\u0130K HABER<\/title>\n<meta name=\"description\" content=\"\u00c7orum&#039;un O\u011fuzlar il\u00e7esinde, bahar\u0131n habercisi olarak bilinen \u00e7i\u011fdemler erken a\u00e7t\u0131. Son g\u00fcnlerde kentte mevsim normallerinin \u00fczerinde seyreden hava\" \/>\n<meta name=\"robots\" content=\"index, follow, max-snippet:-1, max-image-preview:large, max-video-preview:-1\" \/>\n<link rel=\"canonical\" href=\"https:\/\/e-ciftlik.com\/haberler\/tarim\/cigdemler-erken-acti-baharin-mujdecisi\/\" \/>\n<meta property=\"og:locale\" content=\"tr_TR\" \/>\n<meta property=\"og:type\" content=\"article\" \/>\n<meta property=\"og:title\" content=\"\u00c7i\u011fdemler Erken A\u00e7t\u0131, Bahar\u0131n M\u00fcjdecisi!\" \/>\n<meta property=\"og:description\" content=\"\u00c7orum&#039;un O\u011fuzlar il\u00e7esinde, bahar\u0131n habercisi olarak bilinen \u00e7i\u011fdemler erken a\u00e7t\u0131. Son g\u00fcnlerde kentte mevsim normallerinin \u00fczerinde seyreden hava\" \/>\n<meta property=\"og:url\" content=\"https:\/\/e-ciftlik.com\/haberler\/tarim\/cigdemler-erken-acti-baharin-mujdecisi\/\" \/>\n<meta property=\"og:site_name\" content=\"E-&Ccedil;\u0130FTL\u0130K HABER\" \/>\n<meta property=\"article:publisher\" content=\"https:\/\/www.facebook.com\/eciftlikturkiye\" \/>\n<meta property=\"article:published_time\" content=\"2025-02-01T14:08:00+00:00\" \/>\n<meta property=\"og:image\" content=\"https:\/\/e-ciftlik.com\/haberler\/wp-content\/uploads\/2025\/02\/corum-da-baharin-mujdecisi-cigdemler-erken-ac-18325385_amp.jpg\" \/>\n\t<meta property=\"og:image:width\" content=\"1200\" \/>\n\t<meta property=\"og:image:height\" content=\"800\" \/>\n\t<meta property=\"og:image:type\" content=\"image\/jpeg\" \/>\n<meta name=\"author\" content=\"Haber Merkezi\" \/>\n<meta name=\"twitter:card\" content=\"summary_large_image\" \/>\n<meta name=\"twitter:creator\" content=\"@eciftlikresmi\" \/>\n<meta name=\"twitter:site\" content=\"@eciftlikresmi\" \/>\n<meta name=\"twitter:label1\" content=\"Yazan:\" \/>\n\t<meta name=\"twitter:data1\" content=\"Haber Merkezi\" \/>\n<script type=\"application\/ld+json\" class=\"yoast-schema-graph\">{\"@context\":\"https:\\\/\\\/schema.org\",\"@graph\":[{\"@type\":\"NewsArticle\",\"@id\":\"https:\\\/\\\/e-ciftlik.com\\\/haberler\\\/tarim\\\/cigdemler-erken-acti-baharin-mujdecisi\\\/#article\",\"isPartOf\":{\"@id\":\"https:\\\/\\\/e-ciftlik.com\\\/haberler\\\/tarim\\\/cigdemler-erken-acti-baharin-mujdecisi\\\/\"},\"author\":{\"name\":\"Haber Merkezi\",\"@id\":\"https:\\\/\\\/e-ciftlik.com\\\/haberler\\\/#\\\/schema\\\/person\\\/d2f4fee3143d7f72be82cb887d51b00a\"},\"headline\":\"\u00c7i\u011fdemler Erken A\u00e7t\u0131, Bahar\u0131n M\u00fcjdecisi!\",\"datePublished\":\"2025-02-01T14:08:00+00:00\",\"mainEntityOfPage\":{\"@id\":\"https:\\\/\\\/e-ciftlik.com\\\/haberler\\\/tarim\\\/cigdemler-erken-acti-baharin-mujdecisi\\\/\"},\"wordCount\":98,\"commentCount\":0,\"publisher\":{\"@id\":\"https:\\\/\\\/e-ciftlik.com\\\/haberler\\\/#organization\"},\"image\":{\"@id\":\"https:\\\/\\\/e-ciftlik.com\\\/haberler\\\/tarim\\\/cigdemler-erken-acti-baharin-mujdecisi\\\/#primaryimage\"},\"thumbnailUrl\":\"https:\\\/\\\/e-ciftlik.com\\\/haberler\\\/wp-content\\\/uploads\\\/2025\\\/02\\\/corum-da-baharin-mujdecisi-cigdemler-erken-ac-18325385_amp.jpg\",\"articleSection\":[\"Tar\u0131m\"],\"inLanguage\":\"tr\",\"potentialAction\":[{\"@type\":\"CommentAction\",\"name\":\"Comment\",\"target\":[\"https:\\\/\\\/e-ciftlik.com\\\/haberler\\\/tarim\\\/cigdemler-erken-acti-baharin-mujdecisi\\\/#respond\"]}]},{\"@type\":\"WebPage\",\"@id\":\"https:\\\/\\\/e-ciftlik.com\\\/haberler\\\/tarim\\\/cigdemler-erken-acti-baharin-mujdecisi\\\/\",\"url\":\"https:\\\/\\\/e-ciftlik.com\\\/haberler\\\/tarim\\\/cigdemler-erken-acti-baharin-mujdecisi\\\/\",\"name\":\"\u00c7i\u011fdemler Erken A\u00e7t\u0131, Bahar\u0131n M\u00fcjdecisi! - E-&Ccedil;\u0130FTL\u0130K HABER\",\"isPartOf\":{\"@id\":\"https:\\\/\\\/e-ciftlik.com\\\/haberler\\\/#website\"},\"primaryImageOfPage\":{\"@id\":\"https:\\\/\\\/e-ciftlik.com\\\/haberler\\\/tarim\\\/cigdemler-erken-acti-baharin-mujdecisi\\\/#primaryimage\"},\"image\":{\"@id\":\"https:\\\/\\\/e-ciftlik.com\\\/haberler\\\/tarim\\\/cigdemler-erken-acti-baharin-mujdecisi\\\/#primaryimage\"},\"thumbnailUrl\":\"https:\\\/\\\/e-ciftlik.com\\\/haberler\\\/wp-content\\\/uploads\\\/2025\\\/02\\\/corum-da-baharin-mujdecisi-cigdemler-erken-ac-18325385_amp.jpg\",\"datePublished\":\"2025-02-01T14:08:00+00:00\",\"description\":\"\u00c7orum'un O\u011fuzlar il\u00e7esinde, bahar\u0131n habercisi olarak bilinen \u00e7i\u011fdemler erken a\u00e7t\u0131. Son g\u00fcnlerde kentte mevsim normallerinin \u00fczerinde seyreden hava\",\"breadcrumb\":{\"@id\":\"https:\\\/\\\/e-ciftlik.com\\\/haberler\\\/tarim\\\/cigdemler-erken-acti-baharin-mujdecisi\\\/#breadcrumb\"},\"inLanguage\":\"tr\",\"potentialAction\":[{\"@type\":\"ReadAction\",\"target\":[\"https:\\\/\\\/e-ciftlik.com\\\/haberler\\\/tarim\\\/cigdemler-erken-acti-baharin-mujdecisi\\\/\"]}]},{\"@type\":\"ImageObject\",\"inLanguage\":\"tr\",\"@id\":\"https:\\\/\\\/e-ciftlik.com\\\/haberler\\\/tarim\\\/cigdemler-erken-acti-baharin-mujdecisi\\\/#primaryimage\",\"url\":\"https:\\\/\\\/e-ciftlik.com\\\/haberler\\\/wp-content\\\/uploads\\\/2025\\\/02\\\/corum-da-baharin-mujdecisi-cigdemler-erken-ac-18325385_amp.jpg\",\"contentUrl\":\"https:\\\/\\\/e-ciftlik.com\\\/haberler\\\/wp-content\\\/uploads\\\/2025\\\/02\\\/corum-da-baharin-mujdecisi-cigdemler-erken-ac-18325385_amp.jpg\",\"width\":1200,\"height\":800},{\"@type\":\"BreadcrumbList\",\"@id\":\"https:\\\/\\\/e-ciftlik.com\\\/haberler\\\/tarim\\\/cigdemler-erken-acti-baharin-mujdecisi\\\/#breadcrumb\",\"itemListElement\":[{\"@type\":\"ListItem\",\"position\":1,\"name\":\"Anasayfa\",\"item\":\"https:\\\/\\\/e-ciftlik.com\\\/haberler\\\/\"},{\"@type\":\"ListItem\",\"position\":2,\"name\":\"\u00c7i\u011fdemler Erken A\u00e7t\u0131, Bahar\u0131n M\u00fcjdecisi!\"}]},{\"@type\":\"WebSite\",\"@id\":\"https:\\\/\\\/e-ciftlik.com\\\/haberler\\\/#website\",\"url\":\"https:\\\/\\\/e-ciftlik.com\\\/haberler\\\/\",\"name\":\"E-\u00c7iftlik Haber | G\u00fcncel, Son Dakika Haberler, En Son Haber\",\"description\":\"\",\"publisher\":{\"@id\":\"https:\\\/\\\/e-ciftlik.com\\\/haberler\\\/#organization\"},\"potentialAction\":[{\"@type\":\"SearchAction\",\"target\":{\"@type\":\"EntryPoint\",\"urlTemplate\":\"https:\\\/\\\/e-ciftlik.com\\\/haberler\\\/?s={search_term_string}\"},\"query-input\":{\"@type\":\"PropertyValueSpecification\",\"valueRequired\":true,\"valueName\":\"search_term_string\"}}],\"inLanguage\":\"tr\"},{\"@type\":\"Organization\",\"@id\":\"https:\\\/\\\/e-ciftlik.com\\\/haberler\\\/#organization\",\"name\":\"E-\u00c7\u0130FTL\u0130K HABER\",\"url\":\"https:\\\/\\\/e-ciftlik.com\\\/haberler\\\/\",\"logo\":{\"@type\":\"ImageObject\",\"inLanguage\":\"tr\",\"@id\":\"https:\\\/\\\/e-ciftlik.com\\\/haberler\\\/#\\\/schema\\\/logo\\\/image\\\/\",\"url\":\"https:\\\/\\\/e-ciftlik.com\\\/haberler\\\/wp-content\\\/uploads\\\/2024\\\/06\\\/cropped-cropped-favicon-1-2.png\",\"contentUrl\":\"https:\\\/\\\/e-ciftlik.com\\\/haberler\\\/wp-content\\\/uploads\\\/2024\\\/06\\\/cropped-cropped-favicon-1-2.png\",\"width\":512,\"height\":512,\"caption\":\"E-\u00c7\u0130FTL\u0130K HABER\"},\"image\":{\"@id\":\"https:\\\/\\\/e-ciftlik.com\\\/haberler\\\/#\\\/schema\\\/logo\\\/image\\\/\"},\"sameAs\":[\"https:\\\/\\\/www.facebook.com\\\/eciftlikturkiye\",\"https:\\\/\\\/x.com\\\/eciftlikresmi\",\"https:\\\/\\\/www.instagram.com\\\/eciftlikresmi\\\/\"]},{\"@type\":\"Person\",\"@id\":\"https:\\\/\\\/e-ciftlik.com\\\/haberler\\\/#\\\/schema\\\/person\\\/d2f4fee3143d7f72be82cb887d51b00a\",\"name\":\"Haber Merkezi\",\"image\":{\"@type\":\"ImageObject\",\"inLanguage\":\"tr\",\"@id\":\"https:\\\/\\\/secure.gravatar.com\\\/avatar\\\/6c27d641914e66c1d0452c92716002398782818991d86db1c2cccb531e7c7c82?s=96&d=mm&r=g\",\"url\":\"https:\\\/\\\/secure.gravatar.com\\\/avatar\\\/6c27d641914e66c1d0452c92716002398782818991d86db1c2cccb531e7c7c82?s=96&d=mm&r=g\",\"contentUrl\":\"https:\\\/\\\/secure.gravatar.com\\\/avatar\\\/6c27d641914e66c1d0452c92716002398782818991d86db1c2cccb531e7c7c82?s=96&d=mm&r=g\",\"caption\":\"Haber Merkezi\"},\"sameAs\":[\"http:\\\/\\\/e-ciftlik.com\\\/haberler\"]}]}<\/script>\n<!-- \/ Yoast SEO Premium plugin. -->","yoast_head_json":{"title":"\u00c7i\u011fdemler Erken A\u00e7t\u0131, Bahar\u0131n M\u00fcjdecisi! - E-&Ccedil;\u0130FTL\u0130K HABER","description":"\u00c7orum'un O\u011fuzlar il\u00e7esinde, bahar\u0131n habercisi olarak bilinen \u00e7i\u011fdemler erken a\u00e7t\u0131. Son g\u00fcnlerde kentte mevsim normallerinin \u00fczerinde seyreden hava","robots":{"index":"index","follow":"follow","max-snippet":"max-snippet:-1","max-image-preview":"max-image-preview:large","max-video-preview":"max-video-preview:-1"},"canonical":"https:\/\/e-ciftlik.com\/haberler\/tarim\/cigdemler-erken-acti-baharin-mujdecisi\/","og_locale":"tr_TR","og_type":"article","og_title":"\u00c7i\u011fdemler Erken A\u00e7t\u0131, Bahar\u0131n M\u00fcjdecisi!","og_description":"\u00c7orum'un O\u011fuzlar il\u00e7esinde, bahar\u0131n habercisi olarak bilinen \u00e7i\u011fdemler erken a\u00e7t\u0131. Son g\u00fcnlerde kentte mevsim normallerinin \u00fczerinde seyreden hava","og_url":"https:\/\/e-ciftlik.com\/haberler\/tarim\/cigdemler-erken-acti-baharin-mujdecisi\/","og_site_name":"E-&Ccedil;\u0130FTL\u0130K HABER","article_publisher":"https:\/\/www.facebook.com\/eciftlikturkiye","article_published_time":"2025-02-01T14:08:00+00:00","og_image":[{"width":1200,"height":800,"url":"https:\/\/e-ciftlik.com\/haberler\/wp-content\/uploads\/2025\/02\/corum-da-baharin-mujdecisi-cigdemler-erken-ac-18325385_amp.jpg","type":"image\/jpeg"}],"author":"Haber Merkezi","twitter_card":"summary_large_image","twitter_creator":"@eciftlikresmi","twitter_site":"@eciftlikresmi","twitter_misc":{"Yazan:":"Haber Merkezi"},"schema":{"@context":"https:\/\/schema.org","@graph":[{"@type":"NewsArticle","@id":"https:\/\/e-ciftlik.com\/haberler\/tarim\/cigdemler-erken-acti-baharin-mujdecisi\/#article","isPartOf":{"@id":"https:\/\/e-ciftlik.com\/haberler\/tarim\/cigdemler-erken-acti-baharin-mujdecisi\/"},"author":{"name":"Haber Merkezi","@id":"https:\/\/e-ciftlik.com\/haberler\/#\/schema\/person\/d2f4fee3143d7f72be82cb887d51b00a"},"headline":"\u00c7i\u011fdemler Erken A\u00e7t\u0131, Bahar\u0131n M\u00fcjdecisi!","datePublished":"2025-02-01T14:08:00+00:00","mainEntityOfPage":{"@id":"https:\/\/e-ciftlik.com\/haberler\/tarim\/cigdemler-erken-acti-baharin-mujdecisi\/"},"wordCount":98,"commentCount":0,"publisher":{"@id":"https:\/\/e-ciftlik.com\/haberler\/#organization"},"image":{"@id":"https:\/\/e-ciftlik.com\/haberler\/tarim\/cigdemler-erken-acti-baharin-mujdecisi\/#primaryimage"},"thumbnailUrl":"https:\/\/e-ciftlik.com\/haberler\/wp-content\/uploads\/2025\/02\/corum-da-baharin-mujdecisi-cigdemler-erken-ac-18325385_amp.jpg","articleSection":["Tar\u0131m"],"inLanguage":"tr","potentialAction":[{"@type":"CommentAction","name":"Comment","target":["https:\/\/e-ciftlik.com\/haberler\/tarim\/cigdemler-erken-acti-baharin-mujdecisi\/#respond"]}]},{"@type":"WebPage","@id":"https:\/\/e-ciftlik.com\/haberler\/tarim\/cigdemler-erken-acti-baharin-mujdecisi\/","url":"https:\/\/e-ciftlik.com\/haberler\/tarim\/cigdemler-erken-acti-baharin-mujdecisi\/","name":"\u00c7i\u011fdemler Erken A\u00e7t\u0131, Bahar\u0131n M\u00fcjdecisi! - E-&Ccedil;\u0130FTL\u0130K HABER","isPartOf":{"@id":"https:\/\/e-ciftlik.com\/haberler\/#website"},"primaryImageOfPage":{"@id":"https:\/\/e-ciftlik.com\/haberler\/tarim\/cigdemler-erken-acti-baharin-mujdecisi\/#primaryimage"},"image":{"@id":"https:\/\/e-ciftlik.com\/haberler\/tarim\/cigdemler-erken-acti-baharin-mujdecisi\/#primaryimage"},"thumbnailUrl":"https:\/\/e-ciftlik.com\/haberler\/wp-content\/uploads\/2025\/02\/corum-da-baharin-mujdecisi-cigdemler-erken-ac-18325385_amp.jpg","datePublished":"2025-02-01T14:08:00+00:00","description":"\u00c7orum'un O\u011fuzlar il\u00e7esinde, bahar\u0131n habercisi olarak bilinen \u00e7i\u011fdemler erken a\u00e7t\u0131. Son g\u00fcnlerde kentte mevsim normallerinin \u00fczerinde seyreden hava","breadcrumb":{"@id":"https:\/\/e-ciftlik.com\/haberler\/tarim\/cigdemler-erken-acti-baharin-mujdecisi\/#breadcrumb"},"inLanguage":"tr","potentialAction":[{"@type":"ReadAction","target":["https:\/\/e-ciftlik.com\/haberler\/tarim\/cigdemler-erken-acti-baharin-mujdecisi\/"]}]},{"@type":"ImageObject","inLanguage":"tr","@id":"https:\/\/e-ciftlik.com\/haberler\/tarim\/cigdemler-erken-acti-baharin-mujdecisi\/#primaryimage","url":"https:\/\/e-ciftlik.com\/haberler\/wp-content\/uploads\/2025\/02\/corum-da-baharin-mujdecisi-cigdemler-erken-ac-18325385_amp.jpg","contentUrl":"https:\/\/e-ciftlik.com\/haberler\/wp-content\/uploads\/2025\/02\/corum-da-baharin-mujdecisi-cigdemler-erken-ac-18325385_amp.jpg","width":1200,"height":800},{"@type":"BreadcrumbList","@id":"https:\/\/e-ciftlik.com\/haberler\/tarim\/cigdemler-erken-acti-baharin-mujdecisi\/#breadcrumb","itemListElement":[{"@type":"ListItem","position":1,"name":"Anasayfa","item":"https:\/\/e-ciftlik.com\/haberler\/"},{"@type":"ListItem","position":2,"name":"\u00c7i\u011fdemler Erken A\u00e7t\u0131, Bahar\u0131n M\u00fcjdecisi!"}]},{"@type":"WebSite","@id":"https:\/\/e-ciftlik.com\/haberler\/#website","url":"https:\/\/e-ciftlik.com\/haberler\/","name":"E-\u00c7iftlik Haber | G\u00fcncel, Son Dakika Haberler, En Son Haber","description":"","publisher":{"@id":"https:\/\/e-ciftlik.com\/haberler\/#organization"},"potentialAction":[{"@type":"SearchAction","target":{"@type":"EntryPoint","urlTemplate":"https:\/\/e-ciftlik.com\/haberler\/?s={search_term_string}"},"query-input":{"@type":"PropertyValueSpecification","valueRequired":true,"valueName":"search_term_string"}}],"inLanguage":"tr"},{"@type":"Organization","@id":"https:\/\/e-ciftlik.com\/haberler\/#organization","name":"E-\u00c7\u0130FTL\u0130K HABER","url":"https:\/\/e-ciftlik.com\/haberler\/","logo":{"@type":"ImageObject","inLanguage":"tr","@id":"https:\/\/e-ciftlik.com\/haberler\/#\/schema\/logo\/image\/","url":"https:\/\/e-ciftlik.com\/haberler\/wp-content\/uploads\/2024\/06\/cropped-cropped-favicon-1-2.png","contentUrl":"https:\/\/e-ciftlik.com\/haberler\/wp-content\/uploads\/2024\/06\/cropped-cropped-favicon-1-2.png","width":512,"height":512,"caption":"E-\u00c7\u0130FTL\u0130K HABER"},"image":{"@id":"https:\/\/e-ciftlik.com\/haberler\/#\/schema\/logo\/image\/"},"sameAs":["https:\/\/www.facebook.com\/eciftlikturkiye","https:\/\/x.com\/eciftlikresmi","https:\/\/www.instagram.com\/eciftlikresmi\/"]},{"@type":"Person","@id":"https:\/\/e-ciftlik.com\/haberler\/#\/schema\/person\/d2f4fee3143d7f72be82cb887d51b00a","name":"Haber Merkezi","image":{"@type":"ImageObject","inLanguage":"tr","@id":"https:\/\/secure.gravatar.com\/avatar\/6c27d641914e66c1d0452c92716002398782818991d86db1c2cccb531e7c7c82?s=96&d=mm&r=g","url":"https:\/\/secure.gravatar.com\/avatar\/6c27d641914e66c1d0452c92716002398782818991d86db1c2cccb531e7c7c82?s=96&d=mm&r=g","contentUrl":"https:\/\/secure.gravatar.com\/avatar\/6c27d641914e66c1d0452c92716002398782818991d86db1c2cccb531e7c7c82?s=96&d=mm&r=g","caption":"Haber Merkezi"},"sameAs":["http:\/\/e-ciftlik.com\/haberler"]}]}},"_links":{"self":[{"href":"https:\/\/e-ciftlik.com\/haberler\/wp-json\/wp\/v2\/posts\/77174","targetHints":{"allow":["GET"]}}],"collection":[{"href":"https:\/\/e-ciftlik.com\/haberler\/wp-json\/wp\/v2\/posts"}],"about":[{"href":"https:\/\/e-ciftlik.com\/haberler\/wp-json\/wp\/v2\/types\/post"}],"author":[{"embeddable":true,"href":"https:\/\/e-ciftlik.com\/haberler\/wp-json\/wp\/v2\/users\/1"}],"replies":[{"embeddable":true,"href":"https:\/\/e-ciftlik.com\/haberler\/wp-json\/wp\/v2\/comments?post=77174"}],"version-history":[{"count":0,"href":"https:\/\/e-ciftlik.com\/haberler\/wp-json\/wp\/v2\/posts\/77174\/revisions"}],"wp:featuredmedia":[{"embeddable":true,"href":"https:\/\/e-ciftlik.com\/haberler\/wp-json\/wp\/v2\/media\/77175"}],"wp:attachment":[{"href":"https:\/\/e-ciftlik.com\/haberler\/wp-json\/wp\/v2\/media?parent=77174"}],"wp:term":[{"taxonomy":"category","embeddable":true,"href":"https:\/\/e-ciftlik.com\/haberler\/wp-json\/wp\/v2\/categories?post=77174"},{"taxonomy":"post_tag","embeddable":true,"href":"https:\/\/e-ciftlik.com\/haberler\/wp-json\/wp\/v2\/tags?post=77174"}],"curies":[{"name":"wp","href":"https:\/\/api.w.org\/{rel}","templated":true}]}}