{"id":77296,"date":"2025-02-02T08:55:18","date_gmt":"2025-02-02T08:55:18","guid":{"rendered":"http:\/\/e-ciftlik.com\/haberler\/gundem\/kamu-arazi-planlari-dar-gelirlilere-yonelik-konut-projeleri-icin-hazirlaniyor\/"},"modified":"2025-02-02T08:55:18","modified_gmt":"2025-02-02T08:55:18","slug":"kamu-arazi-planlari-dar-gelirlilere-yonelik-konut-projeleri-icin-hazirlaniyor","status":"publish","type":"post","link":"https:\/\/e-ciftlik.com\/haberler\/gundem\/kamu-arazi-planlari-dar-gelirlilere-yonelik-konut-projeleri-icin-hazirlaniyor\/","title":{"rendered":"Kamu Arazi Planlar\u0131 Dar Gelirlilere Y\u00f6nelik Konut Projeleri i\u00e7in Haz\u0131rlan\u0131yor"},"content":{"rendered":"<p>Kamu arazileri, dar gelirli vatanda\u015flara y\u00f6nelik konut projeleri i\u00e7in planlan\u0131yor. Bu projeler kapsam\u0131nda altyap\u0131 ve ula\u015f\u0131m olanaklar\u0131na yak\u0131n alanlar belirlenecek. Altyap\u0131 ve ula\u015f\u0131m olanaklar\u0131na yak\u0131n, arazi topo\u011frafyas\u0131 bak\u0131m\u0131ndan konut yap\u0131m\u0131na uygun olan alanlar\u0131n tercih edilmesi gerekti\u011finin alt\u0131 \u00e7izilerek, tar\u0131m, orman, sulama b\u00f6lgesi, sit b\u00f6lgesi gibi alanlar\u0131 i\u00e7ermeyen arazilerle ilgili bilgilerin toplan\u0131p Bakanl\u0131\u011fa iletilmesi istendi.<\/p>\n<p>Ayr\u0131ca, valiliklerden m\u00fclkiyet s\u0131n\u0131rlar\u0131n\u0131n say\u0131sal verileri, var ise 1\/5.000 ve 1\/1.000 \u00f6l\u00e7ekli onayl\u0131 imar planlar\u0131, plan\u0131 bulunmuyor ise 1\/5.000 ve 1\/1.000 \u00f6l\u00e7ekli halihaz\u0131r haritalar, imar plan\u0131na esas jeolojik-jeoteknik et\u00fct raporlar\u0131, taranm\u0131\u015f pafta \u00f6rnekleri talep edildi. Bu ad\u0131mlar\u0131n, dar gelirli vatanda\u015flara uygun konut projelerinin hayata ge\u00e7irilmesi i\u00e7in at\u0131ld\u0131\u011f\u0131 belirtiliyor.<\/p>\n","protected":false},"excerpt":{"rendered":"<p>Kamu arazileri, dar gelirli vatanda\u015flara y\u00f6nelik konut projeleri i\u00e7in planlan\u0131yor. Bu projeler kapsam\u0131nda altyap\u0131 ve&hellip;<\/p>\n","protected":false},"author":1,"featured_media":77297,"comment_status":"open","ping_status":"open","sticky":false,"template":"","format":"standard","meta":{"footnotes":""},"categories":[10],"tags":[],"class_list":["post-77296","post","type-post","status-publish","format-standard","has-post-thumbnail","hentry","category-gundem"],"yoast_head":"<!-- This site is optimized with the Yoast SEO Premium plugin v24.3 (Yoast SEO v27.4) - https:\/\/yoast.com\/product\/yoast-seo-premium-wordpress\/ -->\n<title>Kamu Arazi Planlar\u0131 Dar Gelirlilere Y\u00f6nelik Konut Projeleri i\u00e7in Haz\u0131rlan\u0131yor - E-&Ccedil;\u0130FTL\u0130K HABER<\/title>\n<meta name=\"description\" content=\"Kamu arazileri, dar gelirli vatanda\u015flara y\u00f6nelik konut projeleri i\u00e7in planlan\u0131yor. Bu projeler kapsam\u0131nda altyap\u0131 ve ula\u015f\u0131m olanaklar\u0131na yak\u0131n alanlar\" \/>\n<meta name=\"robots\" content=\"index, follow, max-snippet:-1, max-image-preview:large, max-video-preview:-1\" \/>\n<link rel=\"canonical\" href=\"https:\/\/e-ciftlik.com\/haberler\/gundem\/kamu-arazi-planlari-dar-gelirlilere-yonelik-konut-projeleri-icin-hazirlaniyor\/\" \/>\n<meta property=\"og:locale\" content=\"tr_TR\" \/>\n<meta property=\"og:type\" content=\"article\" \/>\n<meta property=\"og:title\" content=\"Kamu Arazi Planlar\u0131 Dar Gelirlilere Y\u00f6nelik Konut Projeleri i\u00e7in Haz\u0131rlan\u0131yor\" \/>\n<meta property=\"og:description\" content=\"Kamu arazileri, dar gelirli vatanda\u015flara y\u00f6nelik konut projeleri i\u00e7in planlan\u0131yor. Bu projeler kapsam\u0131nda altyap\u0131 ve ula\u015f\u0131m olanaklar\u0131na yak\u0131n alanlar\" \/>\n<meta property=\"og:url\" content=\"https:\/\/e-ciftlik.com\/haberler\/gundem\/kamu-arazi-planlari-dar-gelirlilere-yonelik-konut-projeleri-icin-hazirlaniyor\/\" \/>\n<meta property=\"og:site_name\" content=\"E-&Ccedil;\u0130FTL\u0130K HABER\" \/>\n<meta property=\"article:publisher\" content=\"https:\/\/www.facebook.com\/eciftlikturkiye\" \/>\n<meta property=\"article:published_time\" content=\"2025-02-02T08:55:18+00:00\" \/>\n<meta property=\"og:image\" content=\"https:\/\/e-ciftlik.com\/haberler\/wp-content\/uploads\/2025\/02\/81-ile-genelge-gonderildi-tum-sehirlerde-sosyal-konut-seferberligi-1738485584191.jpg\" \/>\n\t<meta property=\"og:image:width\" content=\"1200\" \/>\n\t<meta property=\"og:image:height\" content=\"675\" \/>\n\t<meta property=\"og:image:type\" content=\"image\/jpeg\" \/>\n<meta name=\"author\" content=\"Haber Merkezi\" \/>\n<meta name=\"twitter:card\" content=\"summary_large_image\" \/>\n<meta name=\"twitter:creator\" content=\"@eciftlikresmi\" \/>\n<meta name=\"twitter:site\" content=\"@eciftlikresmi\" \/>\n<meta name=\"twitter:label1\" content=\"Yazan:\" \/>\n\t<meta name=\"twitter:data1\" content=\"Haber Merkezi\" \/>\n\t<meta name=\"twitter:label2\" content=\"Tahmini okuma s\u00fcresi\" \/>\n\t<meta name=\"twitter:data2\" content=\"1 dakika\" \/>\n<script type=\"application\/ld+json\" class=\"yoast-schema-graph\">{\"@context\":\"https:\\\/\\\/schema.org\",\"@graph\":[{\"@type\":\"NewsArticle\",\"@id\":\"https:\\\/\\\/e-ciftlik.com\\\/haberler\\\/gundem\\\/kamu-arazi-planlari-dar-gelirlilere-yonelik-konut-projeleri-icin-hazirlaniyor\\\/#article\",\"isPartOf\":{\"@id\":\"https:\\\/\\\/e-ciftlik.com\\\/haberler\\\/gundem\\\/kamu-arazi-planlari-dar-gelirlilere-yonelik-konut-projeleri-icin-hazirlaniyor\\\/\"},\"author\":{\"name\":\"Haber Merkezi\",\"@id\":\"https:\\\/\\\/e-ciftlik.com\\\/haberler\\\/#\\\/schema\\\/person\\\/d2f4fee3143d7f72be82cb887d51b00a\"},\"headline\":\"Kamu Arazi Planlar\u0131 Dar Gelirlilere Y\u00f6nelik Konut Projeleri i\u00e7in Haz\u0131rlan\u0131yor\",\"datePublished\":\"2025-02-02T08:55:18+00:00\",\"mainEntityOfPage\":{\"@id\":\"https:\\\/\\\/e-ciftlik.com\\\/haberler\\\/gundem\\\/kamu-arazi-planlari-dar-gelirlilere-yonelik-konut-projeleri-icin-hazirlaniyor\\\/\"},\"wordCount\":154,\"commentCount\":0,\"publisher\":{\"@id\":\"https:\\\/\\\/e-ciftlik.com\\\/haberler\\\/#organization\"},\"image\":{\"@id\":\"https:\\\/\\\/e-ciftlik.com\\\/haberler\\\/gundem\\\/kamu-arazi-planlari-dar-gelirlilere-yonelik-konut-projeleri-icin-hazirlaniyor\\\/#primaryimage\"},\"thumbnailUrl\":\"https:\\\/\\\/e-ciftlik.com\\\/haberler\\\/wp-content\\\/uploads\\\/2025\\\/02\\\/81-ile-genelge-gonderildi-tum-sehirlerde-sosyal-konut-seferberligi-1738485584191.jpg\",\"articleSection\":[\"G\u00fcndem\"],\"inLanguage\":\"tr\",\"potentialAction\":[{\"@type\":\"CommentAction\",\"name\":\"Comment\",\"target\":[\"https:\\\/\\\/e-ciftlik.com\\\/haberler\\\/gundem\\\/kamu-arazi-planlari-dar-gelirlilere-yonelik-konut-projeleri-icin-hazirlaniyor\\\/#respond\"]}]},{\"@type\":\"WebPage\",\"@id\":\"https:\\\/\\\/e-ciftlik.com\\\/haberler\\\/gundem\\\/kamu-arazi-planlari-dar-gelirlilere-yonelik-konut-projeleri-icin-hazirlaniyor\\\/\",\"url\":\"https:\\\/\\\/e-ciftlik.com\\\/haberler\\\/gundem\\\/kamu-arazi-planlari-dar-gelirlilere-yonelik-konut-projeleri-icin-hazirlaniyor\\\/\",\"name\":\"Kamu Arazi Planlar\u0131 Dar Gelirlilere Y\u00f6nelik Konut Projeleri i\u00e7in Haz\u0131rlan\u0131yor - E-&Ccedil;\u0130FTL\u0130K HABER\",\"isPartOf\":{\"@id\":\"https:\\\/\\\/e-ciftlik.com\\\/haberler\\\/#website\"},\"primaryImageOfPage\":{\"@id\":\"https:\\\/\\\/e-ciftlik.com\\\/haberler\\\/gundem\\\/kamu-arazi-planlari-dar-gelirlilere-yonelik-konut-projeleri-icin-hazirlaniyor\\\/#primaryimage\"},\"image\":{\"@id\":\"https:\\\/\\\/e-ciftlik.com\\\/haberler\\\/gundem\\\/kamu-arazi-planlari-dar-gelirlilere-yonelik-konut-projeleri-icin-hazirlaniyor\\\/#primaryimage\"},\"thumbnailUrl\":\"https:\\\/\\\/e-ciftlik.com\\\/haberler\\\/wp-content\\\/uploads\\\/2025\\\/02\\\/81-ile-genelge-gonderildi-tum-sehirlerde-sosyal-konut-seferberligi-1738485584191.jpg\",\"datePublished\":\"2025-02-02T08:55:18+00:00\",\"description\":\"Kamu arazileri, dar gelirli vatanda\u015flara y\u00f6nelik konut projeleri i\u00e7in planlan\u0131yor. Bu projeler kapsam\u0131nda altyap\u0131 ve ula\u015f\u0131m olanaklar\u0131na yak\u0131n alanlar\",\"breadcrumb\":{\"@id\":\"https:\\\/\\\/e-ciftlik.com\\\/haberler\\\/gundem\\\/kamu-arazi-planlari-dar-gelirlilere-yonelik-konut-projeleri-icin-hazirlaniyor\\\/#breadcrumb\"},\"inLanguage\":\"tr\",\"potentialAction\":[{\"@type\":\"ReadAction\",\"target\":[\"https:\\\/\\\/e-ciftlik.com\\\/haberler\\\/gundem\\\/kamu-arazi-planlari-dar-gelirlilere-yonelik-konut-projeleri-icin-hazirlaniyor\\\/\"]}]},{\"@type\":\"ImageObject\",\"inLanguage\":\"tr\",\"@id\":\"https:\\\/\\\/e-ciftlik.com\\\/haberler\\\/gundem\\\/kamu-arazi-planlari-dar-gelirlilere-yonelik-konut-projeleri-icin-hazirlaniyor\\\/#primaryimage\",\"url\":\"https:\\\/\\\/e-ciftlik.com\\\/haberler\\\/wp-content\\\/uploads\\\/2025\\\/02\\\/81-ile-genelge-gonderildi-tum-sehirlerde-sosyal-konut-seferberligi-1738485584191.jpg\",\"contentUrl\":\"https:\\\/\\\/e-ciftlik.com\\\/haberler\\\/wp-content\\\/uploads\\\/2025\\\/02\\\/81-ile-genelge-gonderildi-tum-sehirlerde-sosyal-konut-seferberligi-1738485584191.jpg\",\"width\":1200,\"height\":675},{\"@type\":\"BreadcrumbList\",\"@id\":\"https:\\\/\\\/e-ciftlik.com\\\/haberler\\\/gundem\\\/kamu-arazi-planlari-dar-gelirlilere-yonelik-konut-projeleri-icin-hazirlaniyor\\\/#breadcrumb\",\"itemListElement\":[{\"@type\":\"ListItem\",\"position\":1,\"name\":\"Anasayfa\",\"item\":\"https:\\\/\\\/e-ciftlik.com\\\/haberler\\\/\"},{\"@type\":\"ListItem\",\"position\":2,\"name\":\"Kamu Arazi Planlar\u0131 Dar Gelirlilere Y\u00f6nelik Konut Projeleri i\u00e7in Haz\u0131rlan\u0131yor\"}]},{\"@type\":\"WebSite\",\"@id\":\"https:\\\/\\\/e-ciftlik.com\\\/haberler\\\/#website\",\"url\":\"https:\\\/\\\/e-ciftlik.com\\\/haberler\\\/\",\"name\":\"E-\u00c7iftlik Haber | G\u00fcncel, Son Dakika Haberler, En Son Haber\",\"description\":\"\",\"publisher\":{\"@id\":\"https:\\\/\\\/e-ciftlik.com\\\/haberler\\\/#organization\"},\"potentialAction\":[{\"@type\":\"SearchAction\",\"target\":{\"@type\":\"EntryPoint\",\"urlTemplate\":\"https:\\\/\\\/e-ciftlik.com\\\/haberler\\\/?s={search_term_string}\"},\"query-input\":{\"@type\":\"PropertyValueSpecification\",\"valueRequired\":true,\"valueName\":\"search_term_string\"}}],\"inLanguage\":\"tr\"},{\"@type\":\"Organization\",\"@id\":\"https:\\\/\\\/e-ciftlik.com\\\/haberler\\\/#organization\",\"name\":\"E-\u00c7\u0130FTL\u0130K HABER\",\"url\":\"https:\\\/\\\/e-ciftlik.com\\\/haberler\\\/\",\"logo\":{\"@type\":\"ImageObject\",\"inLanguage\":\"tr\",\"@id\":\"https:\\\/\\\/e-ciftlik.com\\\/haberler\\\/#\\\/schema\\\/logo\\\/image\\\/\",\"url\":\"https:\\\/\\\/e-ciftlik.com\\\/haberler\\\/wp-content\\\/uploads\\\/2024\\\/06\\\/cropped-cropped-favicon-1-2.png\",\"contentUrl\":\"https:\\\/\\\/e-ciftlik.com\\\/haberler\\\/wp-content\\\/uploads\\\/2024\\\/06\\\/cropped-cropped-favicon-1-2.png\",\"width\":512,\"height\":512,\"caption\":\"E-\u00c7\u0130FTL\u0130K HABER\"},\"image\":{\"@id\":\"https:\\\/\\\/e-ciftlik.com\\\/haberler\\\/#\\\/schema\\\/logo\\\/image\\\/\"},\"sameAs\":[\"https:\\\/\\\/www.facebook.com\\\/eciftlikturkiye\",\"https:\\\/\\\/x.com\\\/eciftlikresmi\",\"https:\\\/\\\/www.instagram.com\\\/eciftlikresmi\\\/\"]},{\"@type\":\"Person\",\"@id\":\"https:\\\/\\\/e-ciftlik.com\\\/haberler\\\/#\\\/schema\\\/person\\\/d2f4fee3143d7f72be82cb887d51b00a\",\"name\":\"Haber Merkezi\",\"image\":{\"@type\":\"ImageObject\",\"inLanguage\":\"tr\",\"@id\":\"https:\\\/\\\/secure.gravatar.com\\\/avatar\\\/6c27d641914e66c1d0452c92716002398782818991d86db1c2cccb531e7c7c82?s=96&d=mm&r=g\",\"url\":\"https:\\\/\\\/secure.gravatar.com\\\/avatar\\\/6c27d641914e66c1d0452c92716002398782818991d86db1c2cccb531e7c7c82?s=96&d=mm&r=g\",\"contentUrl\":\"https:\\\/\\\/secure.gravatar.com\\\/avatar\\\/6c27d641914e66c1d0452c92716002398782818991d86db1c2cccb531e7c7c82?s=96&d=mm&r=g\",\"caption\":\"Haber Merkezi\"},\"sameAs\":[\"http:\\\/\\\/e-ciftlik.com\\\/haberler\"]}]}<\/script>\n<!-- \/ Yoast SEO Premium plugin. -->","yoast_head_json":{"title":"Kamu Arazi Planlar\u0131 Dar Gelirlilere Y\u00f6nelik Konut Projeleri i\u00e7in Haz\u0131rlan\u0131yor - E-&Ccedil;\u0130FTL\u0130K HABER","description":"Kamu arazileri, dar gelirli vatanda\u015flara y\u00f6nelik konut projeleri i\u00e7in planlan\u0131yor. Bu projeler kapsam\u0131nda altyap\u0131 ve ula\u015f\u0131m olanaklar\u0131na yak\u0131n alanlar","robots":{"index":"index","follow":"follow","max-snippet":"max-snippet:-1","max-image-preview":"max-image-preview:large","max-video-preview":"max-video-preview:-1"},"canonical":"https:\/\/e-ciftlik.com\/haberler\/gundem\/kamu-arazi-planlari-dar-gelirlilere-yonelik-konut-projeleri-icin-hazirlaniyor\/","og_locale":"tr_TR","og_type":"article","og_title":"Kamu Arazi Planlar\u0131 Dar Gelirlilere Y\u00f6nelik Konut Projeleri i\u00e7in Haz\u0131rlan\u0131yor","og_description":"Kamu arazileri, dar gelirli vatanda\u015flara y\u00f6nelik konut projeleri i\u00e7in planlan\u0131yor. Bu projeler kapsam\u0131nda altyap\u0131 ve ula\u015f\u0131m olanaklar\u0131na yak\u0131n alanlar","og_url":"https:\/\/e-ciftlik.com\/haberler\/gundem\/kamu-arazi-planlari-dar-gelirlilere-yonelik-konut-projeleri-icin-hazirlaniyor\/","og_site_name":"E-&Ccedil;\u0130FTL\u0130K HABER","article_publisher":"https:\/\/www.facebook.com\/eciftlikturkiye","article_published_time":"2025-02-02T08:55:18+00:00","og_image":[{"width":1200,"height":675,"url":"https:\/\/e-ciftlik.com\/haberler\/wp-content\/uploads\/2025\/02\/81-ile-genelge-gonderildi-tum-sehirlerde-sosyal-konut-seferberligi-1738485584191.jpg","type":"image\/jpeg"}],"author":"Haber Merkezi","twitter_card":"summary_large_image","twitter_creator":"@eciftlikresmi","twitter_site":"@eciftlikresmi","twitter_misc":{"Yazan:":"Haber Merkezi","Tahmini okuma s\u00fcresi":"1 dakika"},"schema":{"@context":"https:\/\/schema.org","@graph":[{"@type":"NewsArticle","@id":"https:\/\/e-ciftlik.com\/haberler\/gundem\/kamu-arazi-planlari-dar-gelirlilere-yonelik-konut-projeleri-icin-hazirlaniyor\/#article","isPartOf":{"@id":"https:\/\/e-ciftlik.com\/haberler\/gundem\/kamu-arazi-planlari-dar-gelirlilere-yonelik-konut-projeleri-icin-hazirlaniyor\/"},"author":{"name":"Haber Merkezi","@id":"https:\/\/e-ciftlik.com\/haberler\/#\/schema\/person\/d2f4fee3143d7f72be82cb887d51b00a"},"headline":"Kamu Arazi Planlar\u0131 Dar Gelirlilere Y\u00f6nelik Konut Projeleri i\u00e7in Haz\u0131rlan\u0131yor","datePublished":"2025-02-02T08:55:18+00:00","mainEntityOfPage":{"@id":"https:\/\/e-ciftlik.com\/haberler\/gundem\/kamu-arazi-planlari-dar-gelirlilere-yonelik-konut-projeleri-icin-hazirlaniyor\/"},"wordCount":154,"commentCount":0,"publisher":{"@id":"https:\/\/e-ciftlik.com\/haberler\/#organization"},"image":{"@id":"https:\/\/e-ciftlik.com\/haberler\/gundem\/kamu-arazi-planlari-dar-gelirlilere-yonelik-konut-projeleri-icin-hazirlaniyor\/#primaryimage"},"thumbnailUrl":"https:\/\/e-ciftlik.com\/haberler\/wp-content\/uploads\/2025\/02\/81-ile-genelge-gonderildi-tum-sehirlerde-sosyal-konut-seferberligi-1738485584191.jpg","articleSection":["G\u00fcndem"],"inLanguage":"tr","potentialAction":[{"@type":"CommentAction","name":"Comment","target":["https:\/\/e-ciftlik.com\/haberler\/gundem\/kamu-arazi-planlari-dar-gelirlilere-yonelik-konut-projeleri-icin-hazirlaniyor\/#respond"]}]},{"@type":"WebPage","@id":"https:\/\/e-ciftlik.com\/haberler\/gundem\/kamu-arazi-planlari-dar-gelirlilere-yonelik-konut-projeleri-icin-hazirlaniyor\/","url":"https:\/\/e-ciftlik.com\/haberler\/gundem\/kamu-arazi-planlari-dar-gelirlilere-yonelik-konut-projeleri-icin-hazirlaniyor\/","name":"Kamu Arazi Planlar\u0131 Dar Gelirlilere Y\u00f6nelik Konut Projeleri i\u00e7in Haz\u0131rlan\u0131yor - E-&Ccedil;\u0130FTL\u0130K HABER","isPartOf":{"@id":"https:\/\/e-ciftlik.com\/haberler\/#website"},"primaryImageOfPage":{"@id":"https:\/\/e-ciftlik.com\/haberler\/gundem\/kamu-arazi-planlari-dar-gelirlilere-yonelik-konut-projeleri-icin-hazirlaniyor\/#primaryimage"},"image":{"@id":"https:\/\/e-ciftlik.com\/haberler\/gundem\/kamu-arazi-planlari-dar-gelirlilere-yonelik-konut-projeleri-icin-hazirlaniyor\/#primaryimage"},"thumbnailUrl":"https:\/\/e-ciftlik.com\/haberler\/wp-content\/uploads\/2025\/02\/81-ile-genelge-gonderildi-tum-sehirlerde-sosyal-konut-seferberligi-1738485584191.jpg","datePublished":"2025-02-02T08:55:18+00:00","description":"Kamu arazileri, dar gelirli vatanda\u015flara y\u00f6nelik konut projeleri i\u00e7in planlan\u0131yor. Bu projeler kapsam\u0131nda altyap\u0131 ve ula\u015f\u0131m olanaklar\u0131na yak\u0131n alanlar","breadcrumb":{"@id":"https:\/\/e-ciftlik.com\/haberler\/gundem\/kamu-arazi-planlari-dar-gelirlilere-yonelik-konut-projeleri-icin-hazirlaniyor\/#breadcrumb"},"inLanguage":"tr","potentialAction":[{"@type":"ReadAction","target":["https:\/\/e-ciftlik.com\/haberler\/gundem\/kamu-arazi-planlari-dar-gelirlilere-yonelik-konut-projeleri-icin-hazirlaniyor\/"]}]},{"@type":"ImageObject","inLanguage":"tr","@id":"https:\/\/e-ciftlik.com\/haberler\/gundem\/kamu-arazi-planlari-dar-gelirlilere-yonelik-konut-projeleri-icin-hazirlaniyor\/#primaryimage","url":"https:\/\/e-ciftlik.com\/haberler\/wp-content\/uploads\/2025\/02\/81-ile-genelge-gonderildi-tum-sehirlerde-sosyal-konut-seferberligi-1738485584191.jpg","contentUrl":"https:\/\/e-ciftlik.com\/haberler\/wp-content\/uploads\/2025\/02\/81-ile-genelge-gonderildi-tum-sehirlerde-sosyal-konut-seferberligi-1738485584191.jpg","width":1200,"height":675},{"@type":"BreadcrumbList","@id":"https:\/\/e-ciftlik.com\/haberler\/gundem\/kamu-arazi-planlari-dar-gelirlilere-yonelik-konut-projeleri-icin-hazirlaniyor\/#breadcrumb","itemListElement":[{"@type":"ListItem","position":1,"name":"Anasayfa","item":"https:\/\/e-ciftlik.com\/haberler\/"},{"@type":"ListItem","position":2,"name":"Kamu Arazi Planlar\u0131 Dar Gelirlilere Y\u00f6nelik Konut Projeleri i\u00e7in Haz\u0131rlan\u0131yor"}]},{"@type":"WebSite","@id":"https:\/\/e-ciftlik.com\/haberler\/#website","url":"https:\/\/e-ciftlik.com\/haberler\/","name":"E-\u00c7iftlik Haber | G\u00fcncel, Son Dakika Haberler, En Son Haber","description":"","publisher":{"@id":"https:\/\/e-ciftlik.com\/haberler\/#organization"},"potentialAction":[{"@type":"SearchAction","target":{"@type":"EntryPoint","urlTemplate":"https:\/\/e-ciftlik.com\/haberler\/?s={search_term_string}"},"query-input":{"@type":"PropertyValueSpecification","valueRequired":true,"valueName":"search_term_string"}}],"inLanguage":"tr"},{"@type":"Organization","@id":"https:\/\/e-ciftlik.com\/haberler\/#organization","name":"E-\u00c7\u0130FTL\u0130K HABER","url":"https:\/\/e-ciftlik.com\/haberler\/","logo":{"@type":"ImageObject","inLanguage":"tr","@id":"https:\/\/e-ciftlik.com\/haberler\/#\/schema\/logo\/image\/","url":"https:\/\/e-ciftlik.com\/haberler\/wp-content\/uploads\/2024\/06\/cropped-cropped-favicon-1-2.png","contentUrl":"https:\/\/e-ciftlik.com\/haberler\/wp-content\/uploads\/2024\/06\/cropped-cropped-favicon-1-2.png","width":512,"height":512,"caption":"E-\u00c7\u0130FTL\u0130K HABER"},"image":{"@id":"https:\/\/e-ciftlik.com\/haberler\/#\/schema\/logo\/image\/"},"sameAs":["https:\/\/www.facebook.com\/eciftlikturkiye","https:\/\/x.com\/eciftlikresmi","https:\/\/www.instagram.com\/eciftlikresmi\/"]},{"@type":"Person","@id":"https:\/\/e-ciftlik.com\/haberler\/#\/schema\/person\/d2f4fee3143d7f72be82cb887d51b00a","name":"Haber Merkezi","image":{"@type":"ImageObject","inLanguage":"tr","@id":"https:\/\/secure.gravatar.com\/avatar\/6c27d641914e66c1d0452c92716002398782818991d86db1c2cccb531e7c7c82?s=96&d=mm&r=g","url":"https:\/\/secure.gravatar.com\/avatar\/6c27d641914e66c1d0452c92716002398782818991d86db1c2cccb531e7c7c82?s=96&d=mm&r=g","contentUrl":"https:\/\/secure.gravatar.com\/avatar\/6c27d641914e66c1d0452c92716002398782818991d86db1c2cccb531e7c7c82?s=96&d=mm&r=g","caption":"Haber Merkezi"},"sameAs":["http:\/\/e-ciftlik.com\/haberler"]}]}},"_links":{"self":[{"href":"https:\/\/e-ciftlik.com\/haberler\/wp-json\/wp\/v2\/posts\/77296","targetHints":{"allow":["GET"]}}],"collection":[{"href":"https:\/\/e-ciftlik.com\/haberler\/wp-json\/wp\/v2\/posts"}],"about":[{"href":"https:\/\/e-ciftlik.com\/haberler\/wp-json\/wp\/v2\/types\/post"}],"author":[{"embeddable":true,"href":"https:\/\/e-ciftlik.com\/haberler\/wp-json\/wp\/v2\/users\/1"}],"replies":[{"embeddable":true,"href":"https:\/\/e-ciftlik.com\/haberler\/wp-json\/wp\/v2\/comments?post=77296"}],"version-history":[{"count":0,"href":"https:\/\/e-ciftlik.com\/haberler\/wp-json\/wp\/v2\/posts\/77296\/revisions"}],"wp:featuredmedia":[{"embeddable":true,"href":"https:\/\/e-ciftlik.com\/haberler\/wp-json\/wp\/v2\/media\/77297"}],"wp:attachment":[{"href":"https:\/\/e-ciftlik.com\/haberler\/wp-json\/wp\/v2\/media?parent=77296"}],"wp:term":[{"taxonomy":"category","embeddable":true,"href":"https:\/\/e-ciftlik.com\/haberler\/wp-json\/wp\/v2\/categories?post=77296"},{"taxonomy":"post_tag","embeddable":true,"href":"https:\/\/e-ciftlik.com\/haberler\/wp-json\/wp\/v2\/tags?post=77296"}],"curies":[{"name":"wp","href":"https:\/\/api.w.org\/{rel}","templated":true}]}}