{"id":77537,"date":"2025-02-03T03:58:35","date_gmt":"2025-02-03T03:58:35","guid":{"rendered":"http:\/\/e-ciftlik.com\/haberler\/gundem\/kar-yagisi-ulkeyi-terk-ediyor\/"},"modified":"2025-02-03T03:58:35","modified_gmt":"2025-02-03T03:58:35","slug":"kar-yagisi-ulkeyi-terk-ediyor","status":"publish","type":"post","link":"https:\/\/e-ciftlik.com\/haberler\/gundem\/kar-yagisi-ulkeyi-terk-ediyor\/","title":{"rendered":"Kar Ya\u011f\u0131\u015f\u0131 \u00dclkeyi Terk Ediyor"},"content":{"rendered":"<p>Hava durumu raporlar\u0131na g\u00f6re, Kar ya\u011f\u0131\u015f\u0131n\u0131n 7 \u015eubat Cuma g\u00fcn\u00fc itibar\u0131yla yurdu terk etmeye ba\u015flayaca\u011f\u0131 tahmin ediliyor. \u0130\u00e7 Anadolu b\u00f6lgesinde par\u00e7al\u0131 ve az bulutlu bir hava beklenirken, sabah ve gece saatlerinde buzlanma ve don olay\u0131 ile birlikte pus ve yer yer sis olu\u015fabilece\u011fi belirtiliyor.<\/p>\n<p>Ankara&#8217;da hava s\u0131cakl\u0131klar\u0131n\u0131n 12\u00b0C olmas\u0131 beklenirken, \u00c7ank\u0131r\u0131 ve Konya&#8217;da da benzer \u015fekilde par\u00e7al\u0131 ve az bulutlu hava hakim olacak.<\/p>\n<p>Bat\u0131 Karadeniz b\u00f6lgesinde ise par\u00e7al\u0131 ve \u00e7ok bulutlu bir hava beklenirken, ak\u015fam saatlerinden sonra ya\u011fmurun etkili olmas\u0131 tahmin ediliyor. Bart\u0131n, Bolu, Kastamonu ve Zonguldak&#8217;ta da ayn\u0131 hava ko\u015fullar\u0131n\u0131n devam etmesi bekleniyor.<\/p>\n<p>Do\u011fu Anadolu b\u00f6lgesinde ise Erzurum&#8217;da s\u0131cakl\u0131klar\u0131n -10 dereceye kadar d\u00fc\u015fece\u011fi tahmin ediliyor. B\u00f6lgede par\u00e7al\u0131 ve az bulutlu bir hava hakim olurken, dik ve e\u011fimli yama\u00e7larda \u00e7\u0131\u011f tehlikesine dikkat \u00e7ekiliyor. Kars, Malatya ve Van&#8217;da da benzer hava ko\u015fullar\u0131n\u0131n devam edece\u011fi tahmin ediliyor.<\/p>\n","protected":false},"excerpt":{"rendered":"<p>Hava durumu raporlar\u0131na g\u00f6re, Kar ya\u011f\u0131\u015f\u0131n\u0131n 7 \u015eubat Cuma g\u00fcn\u00fc itibar\u0131yla yurdu terk etmeye ba\u015flayaca\u011f\u0131&hellip;<\/p>\n","protected":false},"author":1,"featured_media":77538,"comment_status":"open","ping_status":"open","sticky":false,"template":"","format":"standard","meta":{"footnotes":""},"categories":[10],"tags":[],"class_list":["post-77537","post","type-post","status-publish","format-standard","has-post-thumbnail","hentry","category-gundem"],"yoast_head":"<!-- This site is optimized with the Yoast SEO Premium plugin v24.3 (Yoast SEO v27.4) - https:\/\/yoast.com\/product\/yoast-seo-premium-wordpress\/ -->\n<title>Kar Ya\u011f\u0131\u015f\u0131 \u00dclkeyi Terk Ediyor - E-&Ccedil;\u0130FTL\u0130K HABER<\/title>\n<meta name=\"description\" content=\"Hava durumu raporlar\u0131na g\u00f6re, Kar ya\u011f\u0131\u015f\u0131n\u0131n 7 \u015eubat Cuma g\u00fcn\u00fc itibar\u0131yla yurdu terk etmeye ba\u015flayaca\u011f\u0131 tahmin ediliyor. \u0130\u00e7 Anadolu b\u00f6lgesinde par\u00e7al\u0131 ve\" \/>\n<meta name=\"robots\" content=\"index, follow, max-snippet:-1, max-image-preview:large, max-video-preview:-1\" \/>\n<link rel=\"canonical\" href=\"https:\/\/e-ciftlik.com\/haberler\/gundem\/kar-yagisi-ulkeyi-terk-ediyor\/\" \/>\n<meta property=\"og:locale\" content=\"tr_TR\" \/>\n<meta property=\"og:type\" content=\"article\" \/>\n<meta property=\"og:title\" content=\"Kar Ya\u011f\u0131\u015f\u0131 \u00dclkeyi Terk Ediyor\" \/>\n<meta property=\"og:description\" content=\"Hava durumu raporlar\u0131na g\u00f6re, Kar ya\u011f\u0131\u015f\u0131n\u0131n 7 \u015eubat Cuma g\u00fcn\u00fc itibar\u0131yla yurdu terk etmeye ba\u015flayaca\u011f\u0131 tahmin ediliyor. \u0130\u00e7 Anadolu b\u00f6lgesinde par\u00e7al\u0131 ve\" \/>\n<meta property=\"og:url\" content=\"https:\/\/e-ciftlik.com\/haberler\/gundem\/kar-yagisi-ulkeyi-terk-ediyor\/\" \/>\n<meta property=\"og:site_name\" content=\"E-&Ccedil;\u0130FTL\u0130K HABER\" \/>\n<meta property=\"article:publisher\" content=\"https:\/\/www.facebook.com\/eciftlikturkiye\" \/>\n<meta property=\"article:published_time\" content=\"2025-02-03T03:58:35+00:00\" \/>\n<meta property=\"og:image\" content=\"https:\/\/e-ciftlik.com\/haberler\/wp-content\/uploads\/2025\/02\/1738552711805.jpg\" \/>\n\t<meta property=\"og:image:width\" content=\"1200\" \/>\n\t<meta property=\"og:image:height\" content=\"675\" \/>\n\t<meta property=\"og:image:type\" content=\"image\/jpeg\" \/>\n<meta name=\"author\" content=\"Haber Merkezi\" \/>\n<meta name=\"twitter:card\" content=\"summary_large_image\" \/>\n<meta name=\"twitter:creator\" content=\"@eciftlikresmi\" \/>\n<meta name=\"twitter:site\" content=\"@eciftlikresmi\" \/>\n<meta name=\"twitter:label1\" content=\"Yazan:\" \/>\n\t<meta name=\"twitter:data1\" content=\"Haber Merkezi\" \/>\n\t<meta name=\"twitter:label2\" content=\"Tahmini okuma s\u00fcresi\" \/>\n\t<meta name=\"twitter:data2\" content=\"1 dakika\" \/>\n<script type=\"application\/ld+json\" class=\"yoast-schema-graph\">{\"@context\":\"https:\\\/\\\/schema.org\",\"@graph\":[{\"@type\":\"NewsArticle\",\"@id\":\"https:\\\/\\\/e-ciftlik.com\\\/haberler\\\/gundem\\\/kar-yagisi-ulkeyi-terk-ediyor\\\/#article\",\"isPartOf\":{\"@id\":\"https:\\\/\\\/e-ciftlik.com\\\/haberler\\\/gundem\\\/kar-yagisi-ulkeyi-terk-ediyor\\\/\"},\"author\":{\"name\":\"Haber Merkezi\",\"@id\":\"https:\\\/\\\/e-ciftlik.com\\\/haberler\\\/#\\\/schema\\\/person\\\/d2f4fee3143d7f72be82cb887d51b00a\"},\"headline\":\"Kar Ya\u011f\u0131\u015f\u0131 \u00dclkeyi Terk Ediyor\",\"datePublished\":\"2025-02-03T03:58:35+00:00\",\"mainEntityOfPage\":{\"@id\":\"https:\\\/\\\/e-ciftlik.com\\\/haberler\\\/gundem\\\/kar-yagisi-ulkeyi-terk-ediyor\\\/\"},\"wordCount\":182,\"commentCount\":0,\"publisher\":{\"@id\":\"https:\\\/\\\/e-ciftlik.com\\\/haberler\\\/#organization\"},\"image\":{\"@id\":\"https:\\\/\\\/e-ciftlik.com\\\/haberler\\\/gundem\\\/kar-yagisi-ulkeyi-terk-ediyor\\\/#primaryimage\"},\"thumbnailUrl\":\"https:\\\/\\\/e-ciftlik.com\\\/haberler\\\/wp-content\\\/uploads\\\/2025\\\/02\\\/1738552711805.jpg\",\"articleSection\":[\"G\u00fcndem\"],\"inLanguage\":\"tr\",\"potentialAction\":[{\"@type\":\"CommentAction\",\"name\":\"Comment\",\"target\":[\"https:\\\/\\\/e-ciftlik.com\\\/haberler\\\/gundem\\\/kar-yagisi-ulkeyi-terk-ediyor\\\/#respond\"]}]},{\"@type\":\"WebPage\",\"@id\":\"https:\\\/\\\/e-ciftlik.com\\\/haberler\\\/gundem\\\/kar-yagisi-ulkeyi-terk-ediyor\\\/\",\"url\":\"https:\\\/\\\/e-ciftlik.com\\\/haberler\\\/gundem\\\/kar-yagisi-ulkeyi-terk-ediyor\\\/\",\"name\":\"Kar Ya\u011f\u0131\u015f\u0131 \u00dclkeyi Terk Ediyor - E-&Ccedil;\u0130FTL\u0130K HABER\",\"isPartOf\":{\"@id\":\"https:\\\/\\\/e-ciftlik.com\\\/haberler\\\/#website\"},\"primaryImageOfPage\":{\"@id\":\"https:\\\/\\\/e-ciftlik.com\\\/haberler\\\/gundem\\\/kar-yagisi-ulkeyi-terk-ediyor\\\/#primaryimage\"},\"image\":{\"@id\":\"https:\\\/\\\/e-ciftlik.com\\\/haberler\\\/gundem\\\/kar-yagisi-ulkeyi-terk-ediyor\\\/#primaryimage\"},\"thumbnailUrl\":\"https:\\\/\\\/e-ciftlik.com\\\/haberler\\\/wp-content\\\/uploads\\\/2025\\\/02\\\/1738552711805.jpg\",\"datePublished\":\"2025-02-03T03:58:35+00:00\",\"description\":\"Hava durumu raporlar\u0131na g\u00f6re, Kar ya\u011f\u0131\u015f\u0131n\u0131n 7 \u015eubat Cuma g\u00fcn\u00fc itibar\u0131yla yurdu terk etmeye ba\u015flayaca\u011f\u0131 tahmin ediliyor. \u0130\u00e7 Anadolu b\u00f6lgesinde par\u00e7al\u0131 ve\",\"breadcrumb\":{\"@id\":\"https:\\\/\\\/e-ciftlik.com\\\/haberler\\\/gundem\\\/kar-yagisi-ulkeyi-terk-ediyor\\\/#breadcrumb\"},\"inLanguage\":\"tr\",\"potentialAction\":[{\"@type\":\"ReadAction\",\"target\":[\"https:\\\/\\\/e-ciftlik.com\\\/haberler\\\/gundem\\\/kar-yagisi-ulkeyi-terk-ediyor\\\/\"]}]},{\"@type\":\"ImageObject\",\"inLanguage\":\"tr\",\"@id\":\"https:\\\/\\\/e-ciftlik.com\\\/haberler\\\/gundem\\\/kar-yagisi-ulkeyi-terk-ediyor\\\/#primaryimage\",\"url\":\"https:\\\/\\\/e-ciftlik.com\\\/haberler\\\/wp-content\\\/uploads\\\/2025\\\/02\\\/1738552711805.jpg\",\"contentUrl\":\"https:\\\/\\\/e-ciftlik.com\\\/haberler\\\/wp-content\\\/uploads\\\/2025\\\/02\\\/1738552711805.jpg\",\"width\":1200,\"height\":675},{\"@type\":\"BreadcrumbList\",\"@id\":\"https:\\\/\\\/e-ciftlik.com\\\/haberler\\\/gundem\\\/kar-yagisi-ulkeyi-terk-ediyor\\\/#breadcrumb\",\"itemListElement\":[{\"@type\":\"ListItem\",\"position\":1,\"name\":\"Anasayfa\",\"item\":\"https:\\\/\\\/e-ciftlik.com\\\/haberler\\\/\"},{\"@type\":\"ListItem\",\"position\":2,\"name\":\"Kar Ya\u011f\u0131\u015f\u0131 \u00dclkeyi Terk Ediyor\"}]},{\"@type\":\"WebSite\",\"@id\":\"https:\\\/\\\/e-ciftlik.com\\\/haberler\\\/#website\",\"url\":\"https:\\\/\\\/e-ciftlik.com\\\/haberler\\\/\",\"name\":\"E-\u00c7iftlik Haber | G\u00fcncel, Son Dakika Haberler, En Son Haber\",\"description\":\"\",\"publisher\":{\"@id\":\"https:\\\/\\\/e-ciftlik.com\\\/haberler\\\/#organization\"},\"potentialAction\":[{\"@type\":\"SearchAction\",\"target\":{\"@type\":\"EntryPoint\",\"urlTemplate\":\"https:\\\/\\\/e-ciftlik.com\\\/haberler\\\/?s={search_term_string}\"},\"query-input\":{\"@type\":\"PropertyValueSpecification\",\"valueRequired\":true,\"valueName\":\"search_term_string\"}}],\"inLanguage\":\"tr\"},{\"@type\":\"Organization\",\"@id\":\"https:\\\/\\\/e-ciftlik.com\\\/haberler\\\/#organization\",\"name\":\"E-\u00c7\u0130FTL\u0130K HABER\",\"url\":\"https:\\\/\\\/e-ciftlik.com\\\/haberler\\\/\",\"logo\":{\"@type\":\"ImageObject\",\"inLanguage\":\"tr\",\"@id\":\"https:\\\/\\\/e-ciftlik.com\\\/haberler\\\/#\\\/schema\\\/logo\\\/image\\\/\",\"url\":\"https:\\\/\\\/e-ciftlik.com\\\/haberler\\\/wp-content\\\/uploads\\\/2024\\\/06\\\/cropped-cropped-favicon-1-2.png\",\"contentUrl\":\"https:\\\/\\\/e-ciftlik.com\\\/haberler\\\/wp-content\\\/uploads\\\/2024\\\/06\\\/cropped-cropped-favicon-1-2.png\",\"width\":512,\"height\":512,\"caption\":\"E-\u00c7\u0130FTL\u0130K HABER\"},\"image\":{\"@id\":\"https:\\\/\\\/e-ciftlik.com\\\/haberler\\\/#\\\/schema\\\/logo\\\/image\\\/\"},\"sameAs\":[\"https:\\\/\\\/www.facebook.com\\\/eciftlikturkiye\",\"https:\\\/\\\/x.com\\\/eciftlikresmi\",\"https:\\\/\\\/www.instagram.com\\\/eciftlikresmi\\\/\"]},{\"@type\":\"Person\",\"@id\":\"https:\\\/\\\/e-ciftlik.com\\\/haberler\\\/#\\\/schema\\\/person\\\/d2f4fee3143d7f72be82cb887d51b00a\",\"name\":\"Haber Merkezi\",\"image\":{\"@type\":\"ImageObject\",\"inLanguage\":\"tr\",\"@id\":\"https:\\\/\\\/secure.gravatar.com\\\/avatar\\\/6c27d641914e66c1d0452c92716002398782818991d86db1c2cccb531e7c7c82?s=96&d=mm&r=g\",\"url\":\"https:\\\/\\\/secure.gravatar.com\\\/avatar\\\/6c27d641914e66c1d0452c92716002398782818991d86db1c2cccb531e7c7c82?s=96&d=mm&r=g\",\"contentUrl\":\"https:\\\/\\\/secure.gravatar.com\\\/avatar\\\/6c27d641914e66c1d0452c92716002398782818991d86db1c2cccb531e7c7c82?s=96&d=mm&r=g\",\"caption\":\"Haber Merkezi\"},\"sameAs\":[\"http:\\\/\\\/e-ciftlik.com\\\/haberler\"]}]}<\/script>\n<!-- \/ Yoast SEO Premium plugin. -->","yoast_head_json":{"title":"Kar Ya\u011f\u0131\u015f\u0131 \u00dclkeyi Terk Ediyor - E-&Ccedil;\u0130FTL\u0130K HABER","description":"Hava durumu raporlar\u0131na g\u00f6re, Kar ya\u011f\u0131\u015f\u0131n\u0131n 7 \u015eubat Cuma g\u00fcn\u00fc itibar\u0131yla yurdu terk etmeye ba\u015flayaca\u011f\u0131 tahmin ediliyor. \u0130\u00e7 Anadolu b\u00f6lgesinde par\u00e7al\u0131 ve","robots":{"index":"index","follow":"follow","max-snippet":"max-snippet:-1","max-image-preview":"max-image-preview:large","max-video-preview":"max-video-preview:-1"},"canonical":"https:\/\/e-ciftlik.com\/haberler\/gundem\/kar-yagisi-ulkeyi-terk-ediyor\/","og_locale":"tr_TR","og_type":"article","og_title":"Kar Ya\u011f\u0131\u015f\u0131 \u00dclkeyi Terk Ediyor","og_description":"Hava durumu raporlar\u0131na g\u00f6re, Kar ya\u011f\u0131\u015f\u0131n\u0131n 7 \u015eubat Cuma g\u00fcn\u00fc itibar\u0131yla yurdu terk etmeye ba\u015flayaca\u011f\u0131 tahmin ediliyor. \u0130\u00e7 Anadolu b\u00f6lgesinde par\u00e7al\u0131 ve","og_url":"https:\/\/e-ciftlik.com\/haberler\/gundem\/kar-yagisi-ulkeyi-terk-ediyor\/","og_site_name":"E-&Ccedil;\u0130FTL\u0130K HABER","article_publisher":"https:\/\/www.facebook.com\/eciftlikturkiye","article_published_time":"2025-02-03T03:58:35+00:00","og_image":[{"width":1200,"height":675,"url":"https:\/\/e-ciftlik.com\/haberler\/wp-content\/uploads\/2025\/02\/1738552711805.jpg","type":"image\/jpeg"}],"author":"Haber Merkezi","twitter_card":"summary_large_image","twitter_creator":"@eciftlikresmi","twitter_site":"@eciftlikresmi","twitter_misc":{"Yazan:":"Haber Merkezi","Tahmini okuma s\u00fcresi":"1 dakika"},"schema":{"@context":"https:\/\/schema.org","@graph":[{"@type":"NewsArticle","@id":"https:\/\/e-ciftlik.com\/haberler\/gundem\/kar-yagisi-ulkeyi-terk-ediyor\/#article","isPartOf":{"@id":"https:\/\/e-ciftlik.com\/haberler\/gundem\/kar-yagisi-ulkeyi-terk-ediyor\/"},"author":{"name":"Haber Merkezi","@id":"https:\/\/e-ciftlik.com\/haberler\/#\/schema\/person\/d2f4fee3143d7f72be82cb887d51b00a"},"headline":"Kar Ya\u011f\u0131\u015f\u0131 \u00dclkeyi Terk Ediyor","datePublished":"2025-02-03T03:58:35+00:00","mainEntityOfPage":{"@id":"https:\/\/e-ciftlik.com\/haberler\/gundem\/kar-yagisi-ulkeyi-terk-ediyor\/"},"wordCount":182,"commentCount":0,"publisher":{"@id":"https:\/\/e-ciftlik.com\/haberler\/#organization"},"image":{"@id":"https:\/\/e-ciftlik.com\/haberler\/gundem\/kar-yagisi-ulkeyi-terk-ediyor\/#primaryimage"},"thumbnailUrl":"https:\/\/e-ciftlik.com\/haberler\/wp-content\/uploads\/2025\/02\/1738552711805.jpg","articleSection":["G\u00fcndem"],"inLanguage":"tr","potentialAction":[{"@type":"CommentAction","name":"Comment","target":["https:\/\/e-ciftlik.com\/haberler\/gundem\/kar-yagisi-ulkeyi-terk-ediyor\/#respond"]}]},{"@type":"WebPage","@id":"https:\/\/e-ciftlik.com\/haberler\/gundem\/kar-yagisi-ulkeyi-terk-ediyor\/","url":"https:\/\/e-ciftlik.com\/haberler\/gundem\/kar-yagisi-ulkeyi-terk-ediyor\/","name":"Kar Ya\u011f\u0131\u015f\u0131 \u00dclkeyi Terk Ediyor - E-&Ccedil;\u0130FTL\u0130K HABER","isPartOf":{"@id":"https:\/\/e-ciftlik.com\/haberler\/#website"},"primaryImageOfPage":{"@id":"https:\/\/e-ciftlik.com\/haberler\/gundem\/kar-yagisi-ulkeyi-terk-ediyor\/#primaryimage"},"image":{"@id":"https:\/\/e-ciftlik.com\/haberler\/gundem\/kar-yagisi-ulkeyi-terk-ediyor\/#primaryimage"},"thumbnailUrl":"https:\/\/e-ciftlik.com\/haberler\/wp-content\/uploads\/2025\/02\/1738552711805.jpg","datePublished":"2025-02-03T03:58:35+00:00","description":"Hava durumu raporlar\u0131na g\u00f6re, Kar ya\u011f\u0131\u015f\u0131n\u0131n 7 \u015eubat Cuma g\u00fcn\u00fc itibar\u0131yla yurdu terk etmeye ba\u015flayaca\u011f\u0131 tahmin ediliyor. \u0130\u00e7 Anadolu b\u00f6lgesinde par\u00e7al\u0131 ve","breadcrumb":{"@id":"https:\/\/e-ciftlik.com\/haberler\/gundem\/kar-yagisi-ulkeyi-terk-ediyor\/#breadcrumb"},"inLanguage":"tr","potentialAction":[{"@type":"ReadAction","target":["https:\/\/e-ciftlik.com\/haberler\/gundem\/kar-yagisi-ulkeyi-terk-ediyor\/"]}]},{"@type":"ImageObject","inLanguage":"tr","@id":"https:\/\/e-ciftlik.com\/haberler\/gundem\/kar-yagisi-ulkeyi-terk-ediyor\/#primaryimage","url":"https:\/\/e-ciftlik.com\/haberler\/wp-content\/uploads\/2025\/02\/1738552711805.jpg","contentUrl":"https:\/\/e-ciftlik.com\/haberler\/wp-content\/uploads\/2025\/02\/1738552711805.jpg","width":1200,"height":675},{"@type":"BreadcrumbList","@id":"https:\/\/e-ciftlik.com\/haberler\/gundem\/kar-yagisi-ulkeyi-terk-ediyor\/#breadcrumb","itemListElement":[{"@type":"ListItem","position":1,"name":"Anasayfa","item":"https:\/\/e-ciftlik.com\/haberler\/"},{"@type":"ListItem","position":2,"name":"Kar Ya\u011f\u0131\u015f\u0131 \u00dclkeyi Terk Ediyor"}]},{"@type":"WebSite","@id":"https:\/\/e-ciftlik.com\/haberler\/#website","url":"https:\/\/e-ciftlik.com\/haberler\/","name":"E-\u00c7iftlik Haber | G\u00fcncel, Son Dakika Haberler, En Son Haber","description":"","publisher":{"@id":"https:\/\/e-ciftlik.com\/haberler\/#organization"},"potentialAction":[{"@type":"SearchAction","target":{"@type":"EntryPoint","urlTemplate":"https:\/\/e-ciftlik.com\/haberler\/?s={search_term_string}"},"query-input":{"@type":"PropertyValueSpecification","valueRequired":true,"valueName":"search_term_string"}}],"inLanguage":"tr"},{"@type":"Organization","@id":"https:\/\/e-ciftlik.com\/haberler\/#organization","name":"E-\u00c7\u0130FTL\u0130K HABER","url":"https:\/\/e-ciftlik.com\/haberler\/","logo":{"@type":"ImageObject","inLanguage":"tr","@id":"https:\/\/e-ciftlik.com\/haberler\/#\/schema\/logo\/image\/","url":"https:\/\/e-ciftlik.com\/haberler\/wp-content\/uploads\/2024\/06\/cropped-cropped-favicon-1-2.png","contentUrl":"https:\/\/e-ciftlik.com\/haberler\/wp-content\/uploads\/2024\/06\/cropped-cropped-favicon-1-2.png","width":512,"height":512,"caption":"E-\u00c7\u0130FTL\u0130K HABER"},"image":{"@id":"https:\/\/e-ciftlik.com\/haberler\/#\/schema\/logo\/image\/"},"sameAs":["https:\/\/www.facebook.com\/eciftlikturkiye","https:\/\/x.com\/eciftlikresmi","https:\/\/www.instagram.com\/eciftlikresmi\/"]},{"@type":"Person","@id":"https:\/\/e-ciftlik.com\/haberler\/#\/schema\/person\/d2f4fee3143d7f72be82cb887d51b00a","name":"Haber Merkezi","image":{"@type":"ImageObject","inLanguage":"tr","@id":"https:\/\/secure.gravatar.com\/avatar\/6c27d641914e66c1d0452c92716002398782818991d86db1c2cccb531e7c7c82?s=96&d=mm&r=g","url":"https:\/\/secure.gravatar.com\/avatar\/6c27d641914e66c1d0452c92716002398782818991d86db1c2cccb531e7c7c82?s=96&d=mm&r=g","contentUrl":"https:\/\/secure.gravatar.com\/avatar\/6c27d641914e66c1d0452c92716002398782818991d86db1c2cccb531e7c7c82?s=96&d=mm&r=g","caption":"Haber Merkezi"},"sameAs":["http:\/\/e-ciftlik.com\/haberler"]}]}},"_links":{"self":[{"href":"https:\/\/e-ciftlik.com\/haberler\/wp-json\/wp\/v2\/posts\/77537","targetHints":{"allow":["GET"]}}],"collection":[{"href":"https:\/\/e-ciftlik.com\/haberler\/wp-json\/wp\/v2\/posts"}],"about":[{"href":"https:\/\/e-ciftlik.com\/haberler\/wp-json\/wp\/v2\/types\/post"}],"author":[{"embeddable":true,"href":"https:\/\/e-ciftlik.com\/haberler\/wp-json\/wp\/v2\/users\/1"}],"replies":[{"embeddable":true,"href":"https:\/\/e-ciftlik.com\/haberler\/wp-json\/wp\/v2\/comments?post=77537"}],"version-history":[{"count":0,"href":"https:\/\/e-ciftlik.com\/haberler\/wp-json\/wp\/v2\/posts\/77537\/revisions"}],"wp:featuredmedia":[{"embeddable":true,"href":"https:\/\/e-ciftlik.com\/haberler\/wp-json\/wp\/v2\/media\/77538"}],"wp:attachment":[{"href":"https:\/\/e-ciftlik.com\/haberler\/wp-json\/wp\/v2\/media?parent=77537"}],"wp:term":[{"taxonomy":"category","embeddable":true,"href":"https:\/\/e-ciftlik.com\/haberler\/wp-json\/wp\/v2\/categories?post=77537"},{"taxonomy":"post_tag","embeddable":true,"href":"https:\/\/e-ciftlik.com\/haberler\/wp-json\/wp\/v2\/tags?post=77537"}],"curies":[{"name":"wp","href":"https:\/\/api.w.org\/{rel}","templated":true}]}}