{"id":77752,"date":"2025-02-03T17:16:56","date_gmt":"2025-02-03T17:16:56","guid":{"rendered":"http:\/\/e-ciftlik.com\/haberler\/gundem\/baskan-erdogandan-boludaki-yangin-faciasiyla-ilgili-net-mesaj\/"},"modified":"2025-02-03T17:16:56","modified_gmt":"2025-02-03T17:16:56","slug":"baskan-erdogandan-boludaki-yangin-faciasiyla-ilgili-net-mesaj","status":"publish","type":"post","link":"https:\/\/e-ciftlik.com\/haberler\/gundem\/baskan-erdogandan-boludaki-yangin-faciasiyla-ilgili-net-mesaj\/","title":{"rendered":"Ba\u015fkan Erdo\u011fan&#8217;dan Bolu&#8217;daki Yang\u0131n Facias\u0131yla \u0130lgili Net Mesaj!"},"content":{"rendered":"<p>Ba\u015fkan Recep Tayyip Erdo\u011fan, Cumhurba\u015fkanl\u0131\u011f\u0131 K\u00fclliyesi&#8217;ndeki Kabine toplant\u0131s\u0131n\u0131n ard\u0131ndan a\u00e7\u0131klamalarda bulundu. Ba\u015fkan Erdo\u011fan&#8217;\u0131n a\u00e7\u0131klamalar\u0131ndan sat\u0131r ba\u015flar\u0131:<\/p>\n<p>Bin y\u0131ll\u0131k miras\u0131n, 100 y\u0131ll\u0131k ufkun rehberli\u011finde b\u00fct\u00fcn s\u00fcre\u00e7leri titizlikle y\u00f6netiyoruz. Sab\u0131rla hareket ediyoruz. Hedeflerimize do\u011fru emin ad\u0131mlarla y\u00fcr\u00fcyoruz. Daha yapacak \u00e7ok i\u015fimiz, gidecek daha \u00e7ok yolumuz var. Biz kararl\u0131y\u0131z azimliyiz. \u00d6n\u00fcm\u00fcze \u00e7\u0131kan engeller ne kadar \u00e7etrefil olursa olsun, her birini a\u015facak irade gayret kudret ve kuvvete Allah&#8217;\u0131n izniyle ziyadesiyle sahibiz. Artan tehditler kar\u015f\u0131s\u0131nda \u00fclkemizin hak, hukuk ve menfaatlerini muhafaza ve m\u00fcdafaa edece\u011fiz. Kimin ne dedi\u011fine de\u011fil 22 y\u0131ld\u0131r bize istikamet \u00e7izen aziz milletimizin ne dedi\u011fine bak\u0131yoruz. Muhalefetin bizi \u00e7ekmeye \u00e7al\u0131\u015ft\u0131\u011f\u0131 faydas\u0131z g\u00fcndemlerin hi\u00e7birine tak\u0131lm\u0131yor hi\u00e7birini umursam\u0131yoruz.<\/p>\n<p>Bolu&#8217;daki yang\u0131n facias\u0131: Ge\u00e7en haftaki kabine toplant\u0131m\u0131z\u0131 Bolu Kartalkaya&#8217;daki yang\u0131n\u0131n derin \u00fcz\u00fcnt\u00fcs\u00fcn\u00fc ya\u015fad\u0131\u011f\u0131m\u0131z bir atmosferde ger\u00e7ekle\u015ftirdik. Vefat eden 78 karde\u015fimizin her birine bug\u00fcn bir kez daha Cenab-\u0131 Allah&#8217;tan rahmet niyaz ediyorum. Yang\u0131ndan yaral\u0131 olarak kurtulan 51 karde\u015fimizden tedavileri devam eden iki vatanda\u015f\u0131m\u0131za acil \u015fifalar temenni ediyorum. Sorumlular\u0131n hepsinin yarg\u0131ya hesap vermesi ve adaletin tesellisi i\u00e7in gereken neyse yap\u0131yoruz ve yapaca\u011f\u0131z. Meclisimizde kurulmas\u0131 kararla\u015ft\u0131r\u0131lan ara\u015ft\u0131rma komisyonu da bu s\u00fcrece katk\u0131 verecek. Yang\u0131ndan sonra g\u00f6revlendirmesi yap\u0131lan ba\u015fm\u00fcfetti\u015flerimiz raporlar\u0131n\u0131 tamaml\u0131yor. \u015eunu tekrar a\u00e7\u0131k a\u00e7\u0131k belirtmek durumunday\u0131m. Bir gecelik has\u0131lat\u0131n\u0131 masraf olur diyerek, yang\u0131n tedbirlerini harcamayan a\u00e7g\u00f6zl\u00fcler ba\u015fta olmak \u00fczere hatas\u0131 kusuru ihmali veya yanl\u0131\u015f\u0131 olan kim varsa hepsinden tek tek hesap sorulacakt\u0131r. Kaybetti\u011fimiz canlarla can\u0131m\u0131z yand\u0131 y\u00fcre\u011fimiz yand\u0131, ihmali olanlar\u0131n da adalet \u00f6n\u00fcnde can\u0131n\u0131n yanaca\u011f\u0131ndan kimsenin \u015f\u00fcphesi olmas\u0131n.<\/p>\n<p>Turizm sekt\u00f6r\u00fcm\u00fcz\u00fcn de m\u00fccadele konusunda art\u0131k elini de\u011fil, t\u00fcm v\u00fccudunu ta\u015f\u0131n alt\u0131na koymas\u0131 gerekiyor. Her y\u0131l daha \u00e7ok turist a\u011f\u0131rlay\u0131p daha fazla para kazan\u0131rken g\u00fcvenli\u011fe, konfora ve hizmete daha az yat\u0131r\u0131m yapamazs\u0131n\u0131z. \u0130nsan hayat\u0131na ve onuruna gerekli de\u011feri vermeyen bir anlay\u0131\u015f\u0131n turizm sekt\u00f6r\u00fcnde asla ba\u015far\u0131 \u015fans\u0131 yoktur. Sekt\u00f6r\u00fcn sa\u011fl\u0131kl\u0131 b\u00fcy\u00fcyebilmesi i\u00e7in \u00e7\u00fcr\u00fckleri ay\u0131klamas\u0131 tercihten \u00f6te zaruret haline alm\u0131\u015ft\u0131r. Bolu Kartalkaya facias\u0131ndan turizmcilerimizin de gereken dersi \u00e7\u0131karacaklar\u0131n\u0131 inan\u0131yorum.<\/p>\n","protected":false},"excerpt":{"rendered":"<p>Ba\u015fkan Recep Tayyip Erdo\u011fan, Cumhurba\u015fkanl\u0131\u011f\u0131 K\u00fclliyesi&#8217;ndeki Kabine toplant\u0131s\u0131n\u0131n ard\u0131ndan a\u00e7\u0131klamalarda bulundu. Ba\u015fkan Erdo\u011fan&#8217;\u0131n a\u00e7\u0131klamalar\u0131ndan sat\u0131r&hellip;<\/p>\n","protected":false},"author":1,"featured_media":77753,"comment_status":"open","ping_status":"open","sticky":false,"template":"","format":"standard","meta":{"footnotes":""},"categories":[10],"tags":[],"class_list":["post-77752","post","type-post","status-publish","format-standard","has-post-thumbnail","hentry","category-gundem"],"yoast_head":"<!-- This site is optimized with the Yoast SEO Premium plugin v24.3 (Yoast SEO v27.4) - https:\/\/yoast.com\/product\/yoast-seo-premium-wordpress\/ -->\n<title>Ba\u015fkan Erdo\u011fan&#039;dan Bolu&#039;daki Yang\u0131n Facias\u0131yla \u0130lgili Net Mesaj! - E-&Ccedil;\u0130FTL\u0130K HABER<\/title>\n<meta name=\"description\" content=\"Ba\u015fkan Recep Tayyip Erdo\u011fan, Cumhurba\u015fkanl\u0131\u011f\u0131 K\u00fclliyesi&#039;ndeki Kabine toplant\u0131s\u0131n\u0131n ard\u0131ndan a\u00e7\u0131klamalarda bulundu. Ba\u015fkan Erdo\u011fan&#039;\u0131n a\u00e7\u0131klamalar\u0131ndan\" \/>\n<meta name=\"robots\" content=\"index, follow, max-snippet:-1, max-image-preview:large, max-video-preview:-1\" \/>\n<link rel=\"canonical\" href=\"https:\/\/e-ciftlik.com\/haberler\/gundem\/baskan-erdogandan-boludaki-yangin-faciasiyla-ilgili-net-mesaj\/\" \/>\n<meta property=\"og:locale\" content=\"tr_TR\" \/>\n<meta property=\"og:type\" content=\"article\" \/>\n<meta property=\"og:title\" content=\"Ba\u015fkan Erdo\u011fan&#039;dan Bolu&#039;daki Yang\u0131n Facias\u0131yla \u0130lgili Net Mesaj!\" \/>\n<meta property=\"og:description\" content=\"Ba\u015fkan Recep Tayyip Erdo\u011fan, Cumhurba\u015fkanl\u0131\u011f\u0131 K\u00fclliyesi&#039;ndeki Kabine toplant\u0131s\u0131n\u0131n ard\u0131ndan a\u00e7\u0131klamalarda bulundu. Ba\u015fkan Erdo\u011fan&#039;\u0131n a\u00e7\u0131klamalar\u0131ndan\" \/>\n<meta property=\"og:url\" content=\"https:\/\/e-ciftlik.com\/haberler\/gundem\/baskan-erdogandan-boludaki-yangin-faciasiyla-ilgili-net-mesaj\/\" \/>\n<meta property=\"og:site_name\" content=\"E-&Ccedil;\u0130FTL\u0130K HABER\" \/>\n<meta property=\"article:publisher\" content=\"https:\/\/www.facebook.com\/eciftlikturkiye\" \/>\n<meta property=\"article:published_time\" content=\"2025-02-03T17:16:56+00:00\" \/>\n<meta property=\"og:image\" content=\"https:\/\/e-ciftlik.com\/haberler\/wp-content\/uploads\/2025\/02\/baskan-erdogandan-boludaki-yangin-faciasina-iliskin-net-mesaj-tek-tek-hesap-sorulacak-1738601001309.webp\" \/>\n\t<meta property=\"og:image:width\" content=\"1200\" \/>\n\t<meta property=\"og:image:height\" content=\"675\" \/>\n\t<meta property=\"og:image:type\" content=\"image\/webp\" \/>\n<meta name=\"author\" content=\"Haber Merkezi\" \/>\n<meta name=\"twitter:card\" content=\"summary_large_image\" \/>\n<meta name=\"twitter:creator\" content=\"@eciftlikresmi\" \/>\n<meta name=\"twitter:site\" content=\"@eciftlikresmi\" \/>\n<meta name=\"twitter:label1\" content=\"Yazan:\" \/>\n\t<meta name=\"twitter:data1\" content=\"Haber Merkezi\" \/>\n\t<meta name=\"twitter:label2\" content=\"Tahmini okuma s\u00fcresi\" \/>\n\t<meta name=\"twitter:data2\" content=\"2 dakika\" \/>\n<script type=\"application\/ld+json\" class=\"yoast-schema-graph\">{\"@context\":\"https:\\\/\\\/schema.org\",\"@graph\":[{\"@type\":\"NewsArticle\",\"@id\":\"https:\\\/\\\/e-ciftlik.com\\\/haberler\\\/gundem\\\/baskan-erdogandan-boludaki-yangin-faciasiyla-ilgili-net-mesaj\\\/#article\",\"isPartOf\":{\"@id\":\"https:\\\/\\\/e-ciftlik.com\\\/haberler\\\/gundem\\\/baskan-erdogandan-boludaki-yangin-faciasiyla-ilgili-net-mesaj\\\/\"},\"author\":{\"name\":\"Haber Merkezi\",\"@id\":\"https:\\\/\\\/e-ciftlik.com\\\/haberler\\\/#\\\/schema\\\/person\\\/d2f4fee3143d7f72be82cb887d51b00a\"},\"headline\":\"Ba\u015fkan Erdo\u011fan&#8217;dan Bolu&#8217;daki Yang\u0131n Facias\u0131yla \u0130lgili Net Mesaj!\",\"datePublished\":\"2025-02-03T17:16:56+00:00\",\"mainEntityOfPage\":{\"@id\":\"https:\\\/\\\/e-ciftlik.com\\\/haberler\\\/gundem\\\/baskan-erdogandan-boludaki-yangin-faciasiyla-ilgili-net-mesaj\\\/\"},\"wordCount\":468,\"commentCount\":0,\"publisher\":{\"@id\":\"https:\\\/\\\/e-ciftlik.com\\\/haberler\\\/#organization\"},\"image\":{\"@id\":\"https:\\\/\\\/e-ciftlik.com\\\/haberler\\\/gundem\\\/baskan-erdogandan-boludaki-yangin-faciasiyla-ilgili-net-mesaj\\\/#primaryimage\"},\"thumbnailUrl\":\"https:\\\/\\\/e-ciftlik.com\\\/haberler\\\/wp-content\\\/uploads\\\/2025\\\/02\\\/baskan-erdogandan-boludaki-yangin-faciasina-iliskin-net-mesaj-tek-tek-hesap-sorulacak-1738601001309.webp\",\"articleSection\":[\"G\u00fcndem\"],\"inLanguage\":\"tr\",\"potentialAction\":[{\"@type\":\"CommentAction\",\"name\":\"Comment\",\"target\":[\"https:\\\/\\\/e-ciftlik.com\\\/haberler\\\/gundem\\\/baskan-erdogandan-boludaki-yangin-faciasiyla-ilgili-net-mesaj\\\/#respond\"]}]},{\"@type\":\"WebPage\",\"@id\":\"https:\\\/\\\/e-ciftlik.com\\\/haberler\\\/gundem\\\/baskan-erdogandan-boludaki-yangin-faciasiyla-ilgili-net-mesaj\\\/\",\"url\":\"https:\\\/\\\/e-ciftlik.com\\\/haberler\\\/gundem\\\/baskan-erdogandan-boludaki-yangin-faciasiyla-ilgili-net-mesaj\\\/\",\"name\":\"Ba\u015fkan Erdo\u011fan'dan Bolu'daki Yang\u0131n Facias\u0131yla \u0130lgili Net Mesaj! - E-&Ccedil;\u0130FTL\u0130K HABER\",\"isPartOf\":{\"@id\":\"https:\\\/\\\/e-ciftlik.com\\\/haberler\\\/#website\"},\"primaryImageOfPage\":{\"@id\":\"https:\\\/\\\/e-ciftlik.com\\\/haberler\\\/gundem\\\/baskan-erdogandan-boludaki-yangin-faciasiyla-ilgili-net-mesaj\\\/#primaryimage\"},\"image\":{\"@id\":\"https:\\\/\\\/e-ciftlik.com\\\/haberler\\\/gundem\\\/baskan-erdogandan-boludaki-yangin-faciasiyla-ilgili-net-mesaj\\\/#primaryimage\"},\"thumbnailUrl\":\"https:\\\/\\\/e-ciftlik.com\\\/haberler\\\/wp-content\\\/uploads\\\/2025\\\/02\\\/baskan-erdogandan-boludaki-yangin-faciasina-iliskin-net-mesaj-tek-tek-hesap-sorulacak-1738601001309.webp\",\"datePublished\":\"2025-02-03T17:16:56+00:00\",\"description\":\"Ba\u015fkan Recep Tayyip Erdo\u011fan, Cumhurba\u015fkanl\u0131\u011f\u0131 K\u00fclliyesi'ndeki Kabine toplant\u0131s\u0131n\u0131n ard\u0131ndan a\u00e7\u0131klamalarda bulundu. Ba\u015fkan Erdo\u011fan'\u0131n a\u00e7\u0131klamalar\u0131ndan\",\"breadcrumb\":{\"@id\":\"https:\\\/\\\/e-ciftlik.com\\\/haberler\\\/gundem\\\/baskan-erdogandan-boludaki-yangin-faciasiyla-ilgili-net-mesaj\\\/#breadcrumb\"},\"inLanguage\":\"tr\",\"potentialAction\":[{\"@type\":\"ReadAction\",\"target\":[\"https:\\\/\\\/e-ciftlik.com\\\/haberler\\\/gundem\\\/baskan-erdogandan-boludaki-yangin-faciasiyla-ilgili-net-mesaj\\\/\"]}]},{\"@type\":\"ImageObject\",\"inLanguage\":\"tr\",\"@id\":\"https:\\\/\\\/e-ciftlik.com\\\/haberler\\\/gundem\\\/baskan-erdogandan-boludaki-yangin-faciasiyla-ilgili-net-mesaj\\\/#primaryimage\",\"url\":\"https:\\\/\\\/e-ciftlik.com\\\/haberler\\\/wp-content\\\/uploads\\\/2025\\\/02\\\/baskan-erdogandan-boludaki-yangin-faciasina-iliskin-net-mesaj-tek-tek-hesap-sorulacak-1738601001309.webp\",\"contentUrl\":\"https:\\\/\\\/e-ciftlik.com\\\/haberler\\\/wp-content\\\/uploads\\\/2025\\\/02\\\/baskan-erdogandan-boludaki-yangin-faciasina-iliskin-net-mesaj-tek-tek-hesap-sorulacak-1738601001309.webp\",\"width\":1200,\"height\":675},{\"@type\":\"BreadcrumbList\",\"@id\":\"https:\\\/\\\/e-ciftlik.com\\\/haberler\\\/gundem\\\/baskan-erdogandan-boludaki-yangin-faciasiyla-ilgili-net-mesaj\\\/#breadcrumb\",\"itemListElement\":[{\"@type\":\"ListItem\",\"position\":1,\"name\":\"Anasayfa\",\"item\":\"https:\\\/\\\/e-ciftlik.com\\\/haberler\\\/\"},{\"@type\":\"ListItem\",\"position\":2,\"name\":\"Ba\u015fkan Erdo\u011fan&#8217;dan Bolu&#8217;daki Yang\u0131n Facias\u0131yla \u0130lgili Net Mesaj!\"}]},{\"@type\":\"WebSite\",\"@id\":\"https:\\\/\\\/e-ciftlik.com\\\/haberler\\\/#website\",\"url\":\"https:\\\/\\\/e-ciftlik.com\\\/haberler\\\/\",\"name\":\"E-\u00c7iftlik Haber | G\u00fcncel, Son Dakika Haberler, En Son Haber\",\"description\":\"\",\"publisher\":{\"@id\":\"https:\\\/\\\/e-ciftlik.com\\\/haberler\\\/#organization\"},\"potentialAction\":[{\"@type\":\"SearchAction\",\"target\":{\"@type\":\"EntryPoint\",\"urlTemplate\":\"https:\\\/\\\/e-ciftlik.com\\\/haberler\\\/?s={search_term_string}\"},\"query-input\":{\"@type\":\"PropertyValueSpecification\",\"valueRequired\":true,\"valueName\":\"search_term_string\"}}],\"inLanguage\":\"tr\"},{\"@type\":\"Organization\",\"@id\":\"https:\\\/\\\/e-ciftlik.com\\\/haberler\\\/#organization\",\"name\":\"E-\u00c7\u0130FTL\u0130K HABER\",\"url\":\"https:\\\/\\\/e-ciftlik.com\\\/haberler\\\/\",\"logo\":{\"@type\":\"ImageObject\",\"inLanguage\":\"tr\",\"@id\":\"https:\\\/\\\/e-ciftlik.com\\\/haberler\\\/#\\\/schema\\\/logo\\\/image\\\/\",\"url\":\"https:\\\/\\\/e-ciftlik.com\\\/haberler\\\/wp-content\\\/uploads\\\/2024\\\/06\\\/cropped-cropped-favicon-1-2.png\",\"contentUrl\":\"https:\\\/\\\/e-ciftlik.com\\\/haberler\\\/wp-content\\\/uploads\\\/2024\\\/06\\\/cropped-cropped-favicon-1-2.png\",\"width\":512,\"height\":512,\"caption\":\"E-\u00c7\u0130FTL\u0130K HABER\"},\"image\":{\"@id\":\"https:\\\/\\\/e-ciftlik.com\\\/haberler\\\/#\\\/schema\\\/logo\\\/image\\\/\"},\"sameAs\":[\"https:\\\/\\\/www.facebook.com\\\/eciftlikturkiye\",\"https:\\\/\\\/x.com\\\/eciftlikresmi\",\"https:\\\/\\\/www.instagram.com\\\/eciftlikresmi\\\/\"]},{\"@type\":\"Person\",\"@id\":\"https:\\\/\\\/e-ciftlik.com\\\/haberler\\\/#\\\/schema\\\/person\\\/d2f4fee3143d7f72be82cb887d51b00a\",\"name\":\"Haber Merkezi\",\"image\":{\"@type\":\"ImageObject\",\"inLanguage\":\"tr\",\"@id\":\"https:\\\/\\\/secure.gravatar.com\\\/avatar\\\/6c27d641914e66c1d0452c92716002398782818991d86db1c2cccb531e7c7c82?s=96&d=mm&r=g\",\"url\":\"https:\\\/\\\/secure.gravatar.com\\\/avatar\\\/6c27d641914e66c1d0452c92716002398782818991d86db1c2cccb531e7c7c82?s=96&d=mm&r=g\",\"contentUrl\":\"https:\\\/\\\/secure.gravatar.com\\\/avatar\\\/6c27d641914e66c1d0452c92716002398782818991d86db1c2cccb531e7c7c82?s=96&d=mm&r=g\",\"caption\":\"Haber Merkezi\"},\"sameAs\":[\"http:\\\/\\\/e-ciftlik.com\\\/haberler\"]}]}<\/script>\n<!-- \/ Yoast SEO Premium plugin. -->","yoast_head_json":{"title":"Ba\u015fkan Erdo\u011fan'dan Bolu'daki Yang\u0131n Facias\u0131yla \u0130lgili Net Mesaj! - E-&Ccedil;\u0130FTL\u0130K HABER","description":"Ba\u015fkan Recep Tayyip Erdo\u011fan, Cumhurba\u015fkanl\u0131\u011f\u0131 K\u00fclliyesi'ndeki Kabine toplant\u0131s\u0131n\u0131n ard\u0131ndan a\u00e7\u0131klamalarda bulundu. Ba\u015fkan Erdo\u011fan'\u0131n a\u00e7\u0131klamalar\u0131ndan","robots":{"index":"index","follow":"follow","max-snippet":"max-snippet:-1","max-image-preview":"max-image-preview:large","max-video-preview":"max-video-preview:-1"},"canonical":"https:\/\/e-ciftlik.com\/haberler\/gundem\/baskan-erdogandan-boludaki-yangin-faciasiyla-ilgili-net-mesaj\/","og_locale":"tr_TR","og_type":"article","og_title":"Ba\u015fkan Erdo\u011fan'dan Bolu'daki Yang\u0131n Facias\u0131yla \u0130lgili Net Mesaj!","og_description":"Ba\u015fkan Recep Tayyip Erdo\u011fan, Cumhurba\u015fkanl\u0131\u011f\u0131 K\u00fclliyesi'ndeki Kabine toplant\u0131s\u0131n\u0131n ard\u0131ndan a\u00e7\u0131klamalarda bulundu. Ba\u015fkan Erdo\u011fan'\u0131n a\u00e7\u0131klamalar\u0131ndan","og_url":"https:\/\/e-ciftlik.com\/haberler\/gundem\/baskan-erdogandan-boludaki-yangin-faciasiyla-ilgili-net-mesaj\/","og_site_name":"E-&Ccedil;\u0130FTL\u0130K HABER","article_publisher":"https:\/\/www.facebook.com\/eciftlikturkiye","article_published_time":"2025-02-03T17:16:56+00:00","og_image":[{"width":1200,"height":675,"url":"https:\/\/e-ciftlik.com\/haberler\/wp-content\/uploads\/2025\/02\/baskan-erdogandan-boludaki-yangin-faciasina-iliskin-net-mesaj-tek-tek-hesap-sorulacak-1738601001309.webp","type":"image\/webp"}],"author":"Haber Merkezi","twitter_card":"summary_large_image","twitter_creator":"@eciftlikresmi","twitter_site":"@eciftlikresmi","twitter_misc":{"Yazan:":"Haber Merkezi","Tahmini okuma s\u00fcresi":"2 dakika"},"schema":{"@context":"https:\/\/schema.org","@graph":[{"@type":"NewsArticle","@id":"https:\/\/e-ciftlik.com\/haberler\/gundem\/baskan-erdogandan-boludaki-yangin-faciasiyla-ilgili-net-mesaj\/#article","isPartOf":{"@id":"https:\/\/e-ciftlik.com\/haberler\/gundem\/baskan-erdogandan-boludaki-yangin-faciasiyla-ilgili-net-mesaj\/"},"author":{"name":"Haber Merkezi","@id":"https:\/\/e-ciftlik.com\/haberler\/#\/schema\/person\/d2f4fee3143d7f72be82cb887d51b00a"},"headline":"Ba\u015fkan Erdo\u011fan&#8217;dan Bolu&#8217;daki Yang\u0131n Facias\u0131yla \u0130lgili Net Mesaj!","datePublished":"2025-02-03T17:16:56+00:00","mainEntityOfPage":{"@id":"https:\/\/e-ciftlik.com\/haberler\/gundem\/baskan-erdogandan-boludaki-yangin-faciasiyla-ilgili-net-mesaj\/"},"wordCount":468,"commentCount":0,"publisher":{"@id":"https:\/\/e-ciftlik.com\/haberler\/#organization"},"image":{"@id":"https:\/\/e-ciftlik.com\/haberler\/gundem\/baskan-erdogandan-boludaki-yangin-faciasiyla-ilgili-net-mesaj\/#primaryimage"},"thumbnailUrl":"https:\/\/e-ciftlik.com\/haberler\/wp-content\/uploads\/2025\/02\/baskan-erdogandan-boludaki-yangin-faciasina-iliskin-net-mesaj-tek-tek-hesap-sorulacak-1738601001309.webp","articleSection":["G\u00fcndem"],"inLanguage":"tr","potentialAction":[{"@type":"CommentAction","name":"Comment","target":["https:\/\/e-ciftlik.com\/haberler\/gundem\/baskan-erdogandan-boludaki-yangin-faciasiyla-ilgili-net-mesaj\/#respond"]}]},{"@type":"WebPage","@id":"https:\/\/e-ciftlik.com\/haberler\/gundem\/baskan-erdogandan-boludaki-yangin-faciasiyla-ilgili-net-mesaj\/","url":"https:\/\/e-ciftlik.com\/haberler\/gundem\/baskan-erdogandan-boludaki-yangin-faciasiyla-ilgili-net-mesaj\/","name":"Ba\u015fkan Erdo\u011fan'dan Bolu'daki Yang\u0131n Facias\u0131yla \u0130lgili Net Mesaj! - E-&Ccedil;\u0130FTL\u0130K HABER","isPartOf":{"@id":"https:\/\/e-ciftlik.com\/haberler\/#website"},"primaryImageOfPage":{"@id":"https:\/\/e-ciftlik.com\/haberler\/gundem\/baskan-erdogandan-boludaki-yangin-faciasiyla-ilgili-net-mesaj\/#primaryimage"},"image":{"@id":"https:\/\/e-ciftlik.com\/haberler\/gundem\/baskan-erdogandan-boludaki-yangin-faciasiyla-ilgili-net-mesaj\/#primaryimage"},"thumbnailUrl":"https:\/\/e-ciftlik.com\/haberler\/wp-content\/uploads\/2025\/02\/baskan-erdogandan-boludaki-yangin-faciasina-iliskin-net-mesaj-tek-tek-hesap-sorulacak-1738601001309.webp","datePublished":"2025-02-03T17:16:56+00:00","description":"Ba\u015fkan Recep Tayyip Erdo\u011fan, Cumhurba\u015fkanl\u0131\u011f\u0131 K\u00fclliyesi'ndeki Kabine toplant\u0131s\u0131n\u0131n ard\u0131ndan a\u00e7\u0131klamalarda bulundu. Ba\u015fkan Erdo\u011fan'\u0131n a\u00e7\u0131klamalar\u0131ndan","breadcrumb":{"@id":"https:\/\/e-ciftlik.com\/haberler\/gundem\/baskan-erdogandan-boludaki-yangin-faciasiyla-ilgili-net-mesaj\/#breadcrumb"},"inLanguage":"tr","potentialAction":[{"@type":"ReadAction","target":["https:\/\/e-ciftlik.com\/haberler\/gundem\/baskan-erdogandan-boludaki-yangin-faciasiyla-ilgili-net-mesaj\/"]}]},{"@type":"ImageObject","inLanguage":"tr","@id":"https:\/\/e-ciftlik.com\/haberler\/gundem\/baskan-erdogandan-boludaki-yangin-faciasiyla-ilgili-net-mesaj\/#primaryimage","url":"https:\/\/e-ciftlik.com\/haberler\/wp-content\/uploads\/2025\/02\/baskan-erdogandan-boludaki-yangin-faciasina-iliskin-net-mesaj-tek-tek-hesap-sorulacak-1738601001309.webp","contentUrl":"https:\/\/e-ciftlik.com\/haberler\/wp-content\/uploads\/2025\/02\/baskan-erdogandan-boludaki-yangin-faciasina-iliskin-net-mesaj-tek-tek-hesap-sorulacak-1738601001309.webp","width":1200,"height":675},{"@type":"BreadcrumbList","@id":"https:\/\/e-ciftlik.com\/haberler\/gundem\/baskan-erdogandan-boludaki-yangin-faciasiyla-ilgili-net-mesaj\/#breadcrumb","itemListElement":[{"@type":"ListItem","position":1,"name":"Anasayfa","item":"https:\/\/e-ciftlik.com\/haberler\/"},{"@type":"ListItem","position":2,"name":"Ba\u015fkan Erdo\u011fan&#8217;dan Bolu&#8217;daki Yang\u0131n Facias\u0131yla \u0130lgili Net Mesaj!"}]},{"@type":"WebSite","@id":"https:\/\/e-ciftlik.com\/haberler\/#website","url":"https:\/\/e-ciftlik.com\/haberler\/","name":"E-\u00c7iftlik Haber | G\u00fcncel, Son Dakika Haberler, En Son Haber","description":"","publisher":{"@id":"https:\/\/e-ciftlik.com\/haberler\/#organization"},"potentialAction":[{"@type":"SearchAction","target":{"@type":"EntryPoint","urlTemplate":"https:\/\/e-ciftlik.com\/haberler\/?s={search_term_string}"},"query-input":{"@type":"PropertyValueSpecification","valueRequired":true,"valueName":"search_term_string"}}],"inLanguage":"tr"},{"@type":"Organization","@id":"https:\/\/e-ciftlik.com\/haberler\/#organization","name":"E-\u00c7\u0130FTL\u0130K HABER","url":"https:\/\/e-ciftlik.com\/haberler\/","logo":{"@type":"ImageObject","inLanguage":"tr","@id":"https:\/\/e-ciftlik.com\/haberler\/#\/schema\/logo\/image\/","url":"https:\/\/e-ciftlik.com\/haberler\/wp-content\/uploads\/2024\/06\/cropped-cropped-favicon-1-2.png","contentUrl":"https:\/\/e-ciftlik.com\/haberler\/wp-content\/uploads\/2024\/06\/cropped-cropped-favicon-1-2.png","width":512,"height":512,"caption":"E-\u00c7\u0130FTL\u0130K HABER"},"image":{"@id":"https:\/\/e-ciftlik.com\/haberler\/#\/schema\/logo\/image\/"},"sameAs":["https:\/\/www.facebook.com\/eciftlikturkiye","https:\/\/x.com\/eciftlikresmi","https:\/\/www.instagram.com\/eciftlikresmi\/"]},{"@type":"Person","@id":"https:\/\/e-ciftlik.com\/haberler\/#\/schema\/person\/d2f4fee3143d7f72be82cb887d51b00a","name":"Haber Merkezi","image":{"@type":"ImageObject","inLanguage":"tr","@id":"https:\/\/secure.gravatar.com\/avatar\/6c27d641914e66c1d0452c92716002398782818991d86db1c2cccb531e7c7c82?s=96&d=mm&r=g","url":"https:\/\/secure.gravatar.com\/avatar\/6c27d641914e66c1d0452c92716002398782818991d86db1c2cccb531e7c7c82?s=96&d=mm&r=g","contentUrl":"https:\/\/secure.gravatar.com\/avatar\/6c27d641914e66c1d0452c92716002398782818991d86db1c2cccb531e7c7c82?s=96&d=mm&r=g","caption":"Haber Merkezi"},"sameAs":["http:\/\/e-ciftlik.com\/haberler"]}]}},"_links":{"self":[{"href":"https:\/\/e-ciftlik.com\/haberler\/wp-json\/wp\/v2\/posts\/77752","targetHints":{"allow":["GET"]}}],"collection":[{"href":"https:\/\/e-ciftlik.com\/haberler\/wp-json\/wp\/v2\/posts"}],"about":[{"href":"https:\/\/e-ciftlik.com\/haberler\/wp-json\/wp\/v2\/types\/post"}],"author":[{"embeddable":true,"href":"https:\/\/e-ciftlik.com\/haberler\/wp-json\/wp\/v2\/users\/1"}],"replies":[{"embeddable":true,"href":"https:\/\/e-ciftlik.com\/haberler\/wp-json\/wp\/v2\/comments?post=77752"}],"version-history":[{"count":0,"href":"https:\/\/e-ciftlik.com\/haberler\/wp-json\/wp\/v2\/posts\/77752\/revisions"}],"wp:featuredmedia":[{"embeddable":true,"href":"https:\/\/e-ciftlik.com\/haberler\/wp-json\/wp\/v2\/media\/77753"}],"wp:attachment":[{"href":"https:\/\/e-ciftlik.com\/haberler\/wp-json\/wp\/v2\/media?parent=77752"}],"wp:term":[{"taxonomy":"category","embeddable":true,"href":"https:\/\/e-ciftlik.com\/haberler\/wp-json\/wp\/v2\/categories?post=77752"},{"taxonomy":"post_tag","embeddable":true,"href":"https:\/\/e-ciftlik.com\/haberler\/wp-json\/wp\/v2\/tags?post=77752"}],"curies":[{"name":"wp","href":"https:\/\/api.w.org\/{rel}","templated":true}]}}