{"id":77916,"date":"2025-02-03T18:35:00","date_gmt":"2025-02-03T18:35:00","guid":{"rendered":"http:\/\/e-ciftlik.com\/haberler\/tarim\/eber-golu-ve-akarcay-havzasi-koruma-projesi-baslatildi\/"},"modified":"2025-02-03T18:35:00","modified_gmt":"2025-02-03T18:35:00","slug":"eber-golu-ve-akarcay-havzasi-koruma-projesi-baslatildi","status":"publish","type":"post","link":"https:\/\/e-ciftlik.com\/haberler\/tarim\/eber-golu-ve-akarcay-havzasi-koruma-projesi-baslatildi\/","title":{"rendered":"Eber G\u00f6l\u00fc ve Akar\u00e7ay Havzas\u0131 Koruma Projesi Ba\u015flat\u0131ld\u0131"},"content":{"rendered":"<p>Afyonkarahisar&#8217;da Eber G\u00f6l\u00fc ve Akar\u00e7ay Havzas\u0131&#8217;n\u0131n korunmas\u0131na y\u00f6nelik projeye ili\u015fkin \u00e7al\u0131\u015fmalar\u0131n s\u00fcrd\u00fc\u011f\u00fc belirtildi.<\/p>\n<p>Valilik taraf\u0131ndan yap\u0131lan yaz\u0131l\u0131 a\u00e7\u0131klamada, son y\u0131llarda iklim de\u011fi\u015fikli\u011fi, a\u015f\u0131r\u0131 tar\u0131msal sulama, sanayi ve evsel at\u0131klar\u0131n neden oldu\u011fu kirlilik gibi etkenlerin, T\u00fcrkiye&#8217;nin en \u00f6nemli sulak alanlar\u0131ndan biri olarak kabul edilen Eber G\u00f6l\u00fc ve Akar\u00e7ay Havzas\u0131&#8217;n\u0131n ekolojik dengesini tehdit etti\u011fi vurguland\u0131.<\/p>\n<p>G\u00f6l\u00fcn su seviyesinde \u00f6nemli bir d\u00fc\u015f\u00fc\u015f ya\u015fan\u0131rken, biyolojik \u00e7e\u015fitlili\u011fin de tehlike alt\u0131nda oldu\u011fu ifade edilen a\u00e7\u0131klamada, Afyonkarahisar Valili\u011fi koordinasyonunda, Avrupa Birli\u011fi taraf\u0131ndan finanse edilen Interreg NEXT MED Program\u0131 kapsam\u0131nda Eber G\u00f6l\u00fc ve Akar\u00e7ay Havzas\u0131 i\u00e7in \u00e7evresel restorasyon ve s\u00fcrd\u00fcr\u00fclebilir kalk\u0131nma odakl\u0131 bir proje \u00e7al\u0131\u015fmas\u0131 ba\u015flat\u0131ld\u0131\u011f\u0131 belirtildi.<\/p>\n<p>Proje kapsam\u0131nda g\u00f6revlendirilen akademisyen ve uzmanlar\u0131n, Eber G\u00f6l\u00fc&#8217;n\u00fc inceleyerek proje kapsam\u0131nda uygulanabilecek muhtemel m\u00fcdahale alanlar\u0131n\u0131 belirledi\u011fi kaydedildi. Su kaynaklar\u0131n\u0131n korunmas\u0131, tar\u0131msal s\u00fcrd\u00fcr\u00fclebilirli\u011fin art\u0131r\u0131lmas\u0131 ve ekoturizmin te\u015fvik edilmesi gibi \u00f6nceliklerin ama\u00e7land\u0131\u011f\u0131 ifade edilen a\u00e7\u0131klamada, \u00e7e\u015fitli \u00f6nlemlerin g\u00fcndemde oldu\u011fu belirtildi.<\/p>\n<p>Ayr\u0131ca, d\u00fcnya genelinde uygulanm\u0131\u015f benzer proje deneyimleri de incelenerek ilgili \u00fclkelerle i\u015fbirli\u011fi yap\u0131laca\u011f\u0131 bilgisi payla\u015f\u0131ld\u0131. \u0130talya, Fransa ve Tunus&#8217;tan \u00fc\u00e7 farkl\u0131 kurulu\u015fla ortakl\u0131k ger\u00e7ekle\u015ftirilmesi i\u00e7in temaslar\u0131n devam etti\u011fi belirtildi.<\/p>\n<p>Interreg NEXT MED Program\u0131&#8217;n\u0131n, Akdeniz b\u00f6lgesinde daha rekabet\u00e7i, daha ye\u015fil ve daha kapsay\u0131c\u0131 bir kalk\u0131nma modelini desteklemeyi hedefledi\u011fi vurguland\u0131. Eber G\u00f6l\u00fc&#8217;n\u00fcn korunmas\u0131n\u0131n b\u00f6lgesel ve uluslararas\u0131 \u00f6neme sahip oldu\u011fu belirtilerek, proje ile b\u00f6lgenin ekolojik dengesinin korunaca\u011f\u0131 ve s\u00fcrd\u00fcr\u00fclebilir kalk\u0131nma a\u00e7\u0131s\u0131ndan \u00f6rnek te\u015fkil edece\u011fi ifade edildi.<\/p>\n","protected":false},"excerpt":{"rendered":"<p>Afyonkarahisar&#8217;da Eber G\u00f6l\u00fc ve Akar\u00e7ay Havzas\u0131&#8217;n\u0131n korunmas\u0131na y\u00f6nelik projeye ili\u015fkin \u00e7al\u0131\u015fmalar\u0131n s\u00fcrd\u00fc\u011f\u00fc belirtildi. Valilik taraf\u0131ndan&hellip;<\/p>\n","protected":false},"author":1,"featured_media":77917,"comment_status":"open","ping_status":"open","sticky":false,"template":"","format":"standard","meta":{"footnotes":""},"categories":[9],"tags":[],"class_list":["post-77916","post","type-post","status-publish","format-standard","has-post-thumbnail","hentry","category-tarim"],"yoast_head":"<!-- This site is optimized with the Yoast SEO Premium plugin v24.3 (Yoast SEO v27.4) - https:\/\/yoast.com\/product\/yoast-seo-premium-wordpress\/ -->\n<title>Eber G\u00f6l\u00fc ve Akar\u00e7ay Havzas\u0131 Koruma Projesi Ba\u015flat\u0131ld\u0131 - E-&Ccedil;\u0130FTL\u0130K HABER<\/title>\n<meta name=\"description\" content=\"Afyonkarahisar&#039;da Eber G\u00f6l\u00fc ve Akar\u00e7ay Havzas\u0131&#039;n\u0131n korunmas\u0131na y\u00f6nelik projeye ili\u015fkin \u00e7al\u0131\u015fmalar\u0131n s\u00fcrd\u00fc\u011f\u00fc belirtildi. Valilik taraf\u0131ndan yap\u0131lan yaz\u0131l\u0131\" \/>\n<meta name=\"robots\" content=\"index, follow, max-snippet:-1, max-image-preview:large, max-video-preview:-1\" \/>\n<link rel=\"canonical\" href=\"https:\/\/e-ciftlik.com\/haberler\/tarim\/eber-golu-ve-akarcay-havzasi-koruma-projesi-baslatildi\/\" \/>\n<meta property=\"og:locale\" content=\"tr_TR\" \/>\n<meta property=\"og:type\" content=\"article\" \/>\n<meta property=\"og:title\" content=\"Eber G\u00f6l\u00fc ve Akar\u00e7ay Havzas\u0131 Koruma Projesi Ba\u015flat\u0131ld\u0131\" \/>\n<meta property=\"og:description\" content=\"Afyonkarahisar&#039;da Eber G\u00f6l\u00fc ve Akar\u00e7ay Havzas\u0131&#039;n\u0131n korunmas\u0131na y\u00f6nelik projeye ili\u015fkin \u00e7al\u0131\u015fmalar\u0131n s\u00fcrd\u00fc\u011f\u00fc belirtildi. Valilik taraf\u0131ndan yap\u0131lan yaz\u0131l\u0131\" \/>\n<meta property=\"og:url\" content=\"https:\/\/e-ciftlik.com\/haberler\/tarim\/eber-golu-ve-akarcay-havzasi-koruma-projesi-baslatildi\/\" \/>\n<meta property=\"og:site_name\" content=\"E-&Ccedil;\u0130FTL\u0130K HABER\" \/>\n<meta property=\"article:publisher\" content=\"https:\/\/www.facebook.com\/eciftlikturkiye\" \/>\n<meta property=\"article:published_time\" content=\"2025-02-03T18:35:00+00:00\" \/>\n<meta property=\"og:image\" content=\"https:\/\/e-ciftlik.com\/haberler\/wp-content\/uploads\/2025\/02\/eber-golu-ve-akarcay-havzasi-nin-korunmasina-18332440_amp.jpg\" \/>\n\t<meta property=\"og:image:width\" content=\"1200\" \/>\n\t<meta property=\"og:image:height\" content=\"900\" \/>\n\t<meta property=\"og:image:type\" content=\"image\/jpeg\" \/>\n<meta name=\"author\" content=\"Haber Merkezi\" \/>\n<meta name=\"twitter:card\" content=\"summary_large_image\" \/>\n<meta name=\"twitter:creator\" content=\"@eciftlikresmi\" \/>\n<meta name=\"twitter:site\" content=\"@eciftlikresmi\" \/>\n<meta name=\"twitter:label1\" content=\"Yazan:\" \/>\n\t<meta name=\"twitter:data1\" content=\"Haber Merkezi\" \/>\n\t<meta name=\"twitter:label2\" content=\"Tahmini okuma s\u00fcresi\" \/>\n\t<meta name=\"twitter:data2\" content=\"2 dakika\" \/>\n<script type=\"application\/ld+json\" class=\"yoast-schema-graph\">{\"@context\":\"https:\\\/\\\/schema.org\",\"@graph\":[{\"@type\":\"NewsArticle\",\"@id\":\"https:\\\/\\\/e-ciftlik.com\\\/haberler\\\/tarim\\\/eber-golu-ve-akarcay-havzasi-koruma-projesi-baslatildi\\\/#article\",\"isPartOf\":{\"@id\":\"https:\\\/\\\/e-ciftlik.com\\\/haberler\\\/tarim\\\/eber-golu-ve-akarcay-havzasi-koruma-projesi-baslatildi\\\/\"},\"author\":{\"name\":\"Haber Merkezi\",\"@id\":\"https:\\\/\\\/e-ciftlik.com\\\/haberler\\\/#\\\/schema\\\/person\\\/d2f4fee3143d7f72be82cb887d51b00a\"},\"headline\":\"Eber G\u00f6l\u00fc ve Akar\u00e7ay Havzas\u0131 Koruma Projesi Ba\u015flat\u0131ld\u0131\",\"datePublished\":\"2025-02-03T18:35:00+00:00\",\"mainEntityOfPage\":{\"@id\":\"https:\\\/\\\/e-ciftlik.com\\\/haberler\\\/tarim\\\/eber-golu-ve-akarcay-havzasi-koruma-projesi-baslatildi\\\/\"},\"wordCount\":338,\"commentCount\":0,\"publisher\":{\"@id\":\"https:\\\/\\\/e-ciftlik.com\\\/haberler\\\/#organization\"},\"image\":{\"@id\":\"https:\\\/\\\/e-ciftlik.com\\\/haberler\\\/tarim\\\/eber-golu-ve-akarcay-havzasi-koruma-projesi-baslatildi\\\/#primaryimage\"},\"thumbnailUrl\":\"https:\\\/\\\/e-ciftlik.com\\\/haberler\\\/wp-content\\\/uploads\\\/2025\\\/02\\\/eber-golu-ve-akarcay-havzasi-nin-korunmasina-18332440_amp.jpg\",\"articleSection\":[\"Tar\u0131m\"],\"inLanguage\":\"tr\",\"potentialAction\":[{\"@type\":\"CommentAction\",\"name\":\"Comment\",\"target\":[\"https:\\\/\\\/e-ciftlik.com\\\/haberler\\\/tarim\\\/eber-golu-ve-akarcay-havzasi-koruma-projesi-baslatildi\\\/#respond\"]}]},{\"@type\":\"WebPage\",\"@id\":\"https:\\\/\\\/e-ciftlik.com\\\/haberler\\\/tarim\\\/eber-golu-ve-akarcay-havzasi-koruma-projesi-baslatildi\\\/\",\"url\":\"https:\\\/\\\/e-ciftlik.com\\\/haberler\\\/tarim\\\/eber-golu-ve-akarcay-havzasi-koruma-projesi-baslatildi\\\/\",\"name\":\"Eber G\u00f6l\u00fc ve Akar\u00e7ay Havzas\u0131 Koruma Projesi Ba\u015flat\u0131ld\u0131 - E-&Ccedil;\u0130FTL\u0130K HABER\",\"isPartOf\":{\"@id\":\"https:\\\/\\\/e-ciftlik.com\\\/haberler\\\/#website\"},\"primaryImageOfPage\":{\"@id\":\"https:\\\/\\\/e-ciftlik.com\\\/haberler\\\/tarim\\\/eber-golu-ve-akarcay-havzasi-koruma-projesi-baslatildi\\\/#primaryimage\"},\"image\":{\"@id\":\"https:\\\/\\\/e-ciftlik.com\\\/haberler\\\/tarim\\\/eber-golu-ve-akarcay-havzasi-koruma-projesi-baslatildi\\\/#primaryimage\"},\"thumbnailUrl\":\"https:\\\/\\\/e-ciftlik.com\\\/haberler\\\/wp-content\\\/uploads\\\/2025\\\/02\\\/eber-golu-ve-akarcay-havzasi-nin-korunmasina-18332440_amp.jpg\",\"datePublished\":\"2025-02-03T18:35:00+00:00\",\"description\":\"Afyonkarahisar'da Eber G\u00f6l\u00fc ve Akar\u00e7ay Havzas\u0131'n\u0131n korunmas\u0131na y\u00f6nelik projeye ili\u015fkin \u00e7al\u0131\u015fmalar\u0131n s\u00fcrd\u00fc\u011f\u00fc belirtildi. Valilik taraf\u0131ndan yap\u0131lan yaz\u0131l\u0131\",\"breadcrumb\":{\"@id\":\"https:\\\/\\\/e-ciftlik.com\\\/haberler\\\/tarim\\\/eber-golu-ve-akarcay-havzasi-koruma-projesi-baslatildi\\\/#breadcrumb\"},\"inLanguage\":\"tr\",\"potentialAction\":[{\"@type\":\"ReadAction\",\"target\":[\"https:\\\/\\\/e-ciftlik.com\\\/haberler\\\/tarim\\\/eber-golu-ve-akarcay-havzasi-koruma-projesi-baslatildi\\\/\"]}]},{\"@type\":\"ImageObject\",\"inLanguage\":\"tr\",\"@id\":\"https:\\\/\\\/e-ciftlik.com\\\/haberler\\\/tarim\\\/eber-golu-ve-akarcay-havzasi-koruma-projesi-baslatildi\\\/#primaryimage\",\"url\":\"https:\\\/\\\/e-ciftlik.com\\\/haberler\\\/wp-content\\\/uploads\\\/2025\\\/02\\\/eber-golu-ve-akarcay-havzasi-nin-korunmasina-18332440_amp.jpg\",\"contentUrl\":\"https:\\\/\\\/e-ciftlik.com\\\/haberler\\\/wp-content\\\/uploads\\\/2025\\\/02\\\/eber-golu-ve-akarcay-havzasi-nin-korunmasina-18332440_amp.jpg\",\"width\":1200,\"height\":900},{\"@type\":\"BreadcrumbList\",\"@id\":\"https:\\\/\\\/e-ciftlik.com\\\/haberler\\\/tarim\\\/eber-golu-ve-akarcay-havzasi-koruma-projesi-baslatildi\\\/#breadcrumb\",\"itemListElement\":[{\"@type\":\"ListItem\",\"position\":1,\"name\":\"Anasayfa\",\"item\":\"https:\\\/\\\/e-ciftlik.com\\\/haberler\\\/\"},{\"@type\":\"ListItem\",\"position\":2,\"name\":\"Eber G\u00f6l\u00fc ve Akar\u00e7ay Havzas\u0131 Koruma Projesi Ba\u015flat\u0131ld\u0131\"}]},{\"@type\":\"WebSite\",\"@id\":\"https:\\\/\\\/e-ciftlik.com\\\/haberler\\\/#website\",\"url\":\"https:\\\/\\\/e-ciftlik.com\\\/haberler\\\/\",\"name\":\"E-\u00c7iftlik Haber | G\u00fcncel, Son Dakika Haberler, En Son Haber\",\"description\":\"\",\"publisher\":{\"@id\":\"https:\\\/\\\/e-ciftlik.com\\\/haberler\\\/#organization\"},\"potentialAction\":[{\"@type\":\"SearchAction\",\"target\":{\"@type\":\"EntryPoint\",\"urlTemplate\":\"https:\\\/\\\/e-ciftlik.com\\\/haberler\\\/?s={search_term_string}\"},\"query-input\":{\"@type\":\"PropertyValueSpecification\",\"valueRequired\":true,\"valueName\":\"search_term_string\"}}],\"inLanguage\":\"tr\"},{\"@type\":\"Organization\",\"@id\":\"https:\\\/\\\/e-ciftlik.com\\\/haberler\\\/#organization\",\"name\":\"E-\u00c7\u0130FTL\u0130K HABER\",\"url\":\"https:\\\/\\\/e-ciftlik.com\\\/haberler\\\/\",\"logo\":{\"@type\":\"ImageObject\",\"inLanguage\":\"tr\",\"@id\":\"https:\\\/\\\/e-ciftlik.com\\\/haberler\\\/#\\\/schema\\\/logo\\\/image\\\/\",\"url\":\"https:\\\/\\\/e-ciftlik.com\\\/haberler\\\/wp-content\\\/uploads\\\/2024\\\/06\\\/cropped-cropped-favicon-1-2.png\",\"contentUrl\":\"https:\\\/\\\/e-ciftlik.com\\\/haberler\\\/wp-content\\\/uploads\\\/2024\\\/06\\\/cropped-cropped-favicon-1-2.png\",\"width\":512,\"height\":512,\"caption\":\"E-\u00c7\u0130FTL\u0130K HABER\"},\"image\":{\"@id\":\"https:\\\/\\\/e-ciftlik.com\\\/haberler\\\/#\\\/schema\\\/logo\\\/image\\\/\"},\"sameAs\":[\"https:\\\/\\\/www.facebook.com\\\/eciftlikturkiye\",\"https:\\\/\\\/x.com\\\/eciftlikresmi\",\"https:\\\/\\\/www.instagram.com\\\/eciftlikresmi\\\/\"]},{\"@type\":\"Person\",\"@id\":\"https:\\\/\\\/e-ciftlik.com\\\/haberler\\\/#\\\/schema\\\/person\\\/d2f4fee3143d7f72be82cb887d51b00a\",\"name\":\"Haber Merkezi\",\"image\":{\"@type\":\"ImageObject\",\"inLanguage\":\"tr\",\"@id\":\"https:\\\/\\\/secure.gravatar.com\\\/avatar\\\/6c27d641914e66c1d0452c92716002398782818991d86db1c2cccb531e7c7c82?s=96&d=mm&r=g\",\"url\":\"https:\\\/\\\/secure.gravatar.com\\\/avatar\\\/6c27d641914e66c1d0452c92716002398782818991d86db1c2cccb531e7c7c82?s=96&d=mm&r=g\",\"contentUrl\":\"https:\\\/\\\/secure.gravatar.com\\\/avatar\\\/6c27d641914e66c1d0452c92716002398782818991d86db1c2cccb531e7c7c82?s=96&d=mm&r=g\",\"caption\":\"Haber Merkezi\"},\"sameAs\":[\"http:\\\/\\\/e-ciftlik.com\\\/haberler\"]}]}<\/script>\n<!-- \/ Yoast SEO Premium plugin. -->","yoast_head_json":{"title":"Eber G\u00f6l\u00fc ve Akar\u00e7ay Havzas\u0131 Koruma Projesi Ba\u015flat\u0131ld\u0131 - E-&Ccedil;\u0130FTL\u0130K HABER","description":"Afyonkarahisar'da Eber G\u00f6l\u00fc ve Akar\u00e7ay Havzas\u0131'n\u0131n korunmas\u0131na y\u00f6nelik projeye ili\u015fkin \u00e7al\u0131\u015fmalar\u0131n s\u00fcrd\u00fc\u011f\u00fc belirtildi. Valilik taraf\u0131ndan yap\u0131lan yaz\u0131l\u0131","robots":{"index":"index","follow":"follow","max-snippet":"max-snippet:-1","max-image-preview":"max-image-preview:large","max-video-preview":"max-video-preview:-1"},"canonical":"https:\/\/e-ciftlik.com\/haberler\/tarim\/eber-golu-ve-akarcay-havzasi-koruma-projesi-baslatildi\/","og_locale":"tr_TR","og_type":"article","og_title":"Eber G\u00f6l\u00fc ve Akar\u00e7ay Havzas\u0131 Koruma Projesi Ba\u015flat\u0131ld\u0131","og_description":"Afyonkarahisar'da Eber G\u00f6l\u00fc ve Akar\u00e7ay Havzas\u0131'n\u0131n korunmas\u0131na y\u00f6nelik projeye ili\u015fkin \u00e7al\u0131\u015fmalar\u0131n s\u00fcrd\u00fc\u011f\u00fc belirtildi. Valilik taraf\u0131ndan yap\u0131lan yaz\u0131l\u0131","og_url":"https:\/\/e-ciftlik.com\/haberler\/tarim\/eber-golu-ve-akarcay-havzasi-koruma-projesi-baslatildi\/","og_site_name":"E-&Ccedil;\u0130FTL\u0130K HABER","article_publisher":"https:\/\/www.facebook.com\/eciftlikturkiye","article_published_time":"2025-02-03T18:35:00+00:00","og_image":[{"width":1200,"height":900,"url":"https:\/\/e-ciftlik.com\/haberler\/wp-content\/uploads\/2025\/02\/eber-golu-ve-akarcay-havzasi-nin-korunmasina-18332440_amp.jpg","type":"image\/jpeg"}],"author":"Haber Merkezi","twitter_card":"summary_large_image","twitter_creator":"@eciftlikresmi","twitter_site":"@eciftlikresmi","twitter_misc":{"Yazan:":"Haber Merkezi","Tahmini okuma s\u00fcresi":"2 dakika"},"schema":{"@context":"https:\/\/schema.org","@graph":[{"@type":"NewsArticle","@id":"https:\/\/e-ciftlik.com\/haberler\/tarim\/eber-golu-ve-akarcay-havzasi-koruma-projesi-baslatildi\/#article","isPartOf":{"@id":"https:\/\/e-ciftlik.com\/haberler\/tarim\/eber-golu-ve-akarcay-havzasi-koruma-projesi-baslatildi\/"},"author":{"name":"Haber Merkezi","@id":"https:\/\/e-ciftlik.com\/haberler\/#\/schema\/person\/d2f4fee3143d7f72be82cb887d51b00a"},"headline":"Eber G\u00f6l\u00fc ve Akar\u00e7ay Havzas\u0131 Koruma Projesi Ba\u015flat\u0131ld\u0131","datePublished":"2025-02-03T18:35:00+00:00","mainEntityOfPage":{"@id":"https:\/\/e-ciftlik.com\/haberler\/tarim\/eber-golu-ve-akarcay-havzasi-koruma-projesi-baslatildi\/"},"wordCount":338,"commentCount":0,"publisher":{"@id":"https:\/\/e-ciftlik.com\/haberler\/#organization"},"image":{"@id":"https:\/\/e-ciftlik.com\/haberler\/tarim\/eber-golu-ve-akarcay-havzasi-koruma-projesi-baslatildi\/#primaryimage"},"thumbnailUrl":"https:\/\/e-ciftlik.com\/haberler\/wp-content\/uploads\/2025\/02\/eber-golu-ve-akarcay-havzasi-nin-korunmasina-18332440_amp.jpg","articleSection":["Tar\u0131m"],"inLanguage":"tr","potentialAction":[{"@type":"CommentAction","name":"Comment","target":["https:\/\/e-ciftlik.com\/haberler\/tarim\/eber-golu-ve-akarcay-havzasi-koruma-projesi-baslatildi\/#respond"]}]},{"@type":"WebPage","@id":"https:\/\/e-ciftlik.com\/haberler\/tarim\/eber-golu-ve-akarcay-havzasi-koruma-projesi-baslatildi\/","url":"https:\/\/e-ciftlik.com\/haberler\/tarim\/eber-golu-ve-akarcay-havzasi-koruma-projesi-baslatildi\/","name":"Eber G\u00f6l\u00fc ve Akar\u00e7ay Havzas\u0131 Koruma Projesi Ba\u015flat\u0131ld\u0131 - E-&Ccedil;\u0130FTL\u0130K HABER","isPartOf":{"@id":"https:\/\/e-ciftlik.com\/haberler\/#website"},"primaryImageOfPage":{"@id":"https:\/\/e-ciftlik.com\/haberler\/tarim\/eber-golu-ve-akarcay-havzasi-koruma-projesi-baslatildi\/#primaryimage"},"image":{"@id":"https:\/\/e-ciftlik.com\/haberler\/tarim\/eber-golu-ve-akarcay-havzasi-koruma-projesi-baslatildi\/#primaryimage"},"thumbnailUrl":"https:\/\/e-ciftlik.com\/haberler\/wp-content\/uploads\/2025\/02\/eber-golu-ve-akarcay-havzasi-nin-korunmasina-18332440_amp.jpg","datePublished":"2025-02-03T18:35:00+00:00","description":"Afyonkarahisar'da Eber G\u00f6l\u00fc ve Akar\u00e7ay Havzas\u0131'n\u0131n korunmas\u0131na y\u00f6nelik projeye ili\u015fkin \u00e7al\u0131\u015fmalar\u0131n s\u00fcrd\u00fc\u011f\u00fc belirtildi. Valilik taraf\u0131ndan yap\u0131lan yaz\u0131l\u0131","breadcrumb":{"@id":"https:\/\/e-ciftlik.com\/haberler\/tarim\/eber-golu-ve-akarcay-havzasi-koruma-projesi-baslatildi\/#breadcrumb"},"inLanguage":"tr","potentialAction":[{"@type":"ReadAction","target":["https:\/\/e-ciftlik.com\/haberler\/tarim\/eber-golu-ve-akarcay-havzasi-koruma-projesi-baslatildi\/"]}]},{"@type":"ImageObject","inLanguage":"tr","@id":"https:\/\/e-ciftlik.com\/haberler\/tarim\/eber-golu-ve-akarcay-havzasi-koruma-projesi-baslatildi\/#primaryimage","url":"https:\/\/e-ciftlik.com\/haberler\/wp-content\/uploads\/2025\/02\/eber-golu-ve-akarcay-havzasi-nin-korunmasina-18332440_amp.jpg","contentUrl":"https:\/\/e-ciftlik.com\/haberler\/wp-content\/uploads\/2025\/02\/eber-golu-ve-akarcay-havzasi-nin-korunmasina-18332440_amp.jpg","width":1200,"height":900},{"@type":"BreadcrumbList","@id":"https:\/\/e-ciftlik.com\/haberler\/tarim\/eber-golu-ve-akarcay-havzasi-koruma-projesi-baslatildi\/#breadcrumb","itemListElement":[{"@type":"ListItem","position":1,"name":"Anasayfa","item":"https:\/\/e-ciftlik.com\/haberler\/"},{"@type":"ListItem","position":2,"name":"Eber G\u00f6l\u00fc ve Akar\u00e7ay Havzas\u0131 Koruma Projesi Ba\u015flat\u0131ld\u0131"}]},{"@type":"WebSite","@id":"https:\/\/e-ciftlik.com\/haberler\/#website","url":"https:\/\/e-ciftlik.com\/haberler\/","name":"E-\u00c7iftlik Haber | G\u00fcncel, Son Dakika Haberler, En Son Haber","description":"","publisher":{"@id":"https:\/\/e-ciftlik.com\/haberler\/#organization"},"potentialAction":[{"@type":"SearchAction","target":{"@type":"EntryPoint","urlTemplate":"https:\/\/e-ciftlik.com\/haberler\/?s={search_term_string}"},"query-input":{"@type":"PropertyValueSpecification","valueRequired":true,"valueName":"search_term_string"}}],"inLanguage":"tr"},{"@type":"Organization","@id":"https:\/\/e-ciftlik.com\/haberler\/#organization","name":"E-\u00c7\u0130FTL\u0130K HABER","url":"https:\/\/e-ciftlik.com\/haberler\/","logo":{"@type":"ImageObject","inLanguage":"tr","@id":"https:\/\/e-ciftlik.com\/haberler\/#\/schema\/logo\/image\/","url":"https:\/\/e-ciftlik.com\/haberler\/wp-content\/uploads\/2024\/06\/cropped-cropped-favicon-1-2.png","contentUrl":"https:\/\/e-ciftlik.com\/haberler\/wp-content\/uploads\/2024\/06\/cropped-cropped-favicon-1-2.png","width":512,"height":512,"caption":"E-\u00c7\u0130FTL\u0130K HABER"},"image":{"@id":"https:\/\/e-ciftlik.com\/haberler\/#\/schema\/logo\/image\/"},"sameAs":["https:\/\/www.facebook.com\/eciftlikturkiye","https:\/\/x.com\/eciftlikresmi","https:\/\/www.instagram.com\/eciftlikresmi\/"]},{"@type":"Person","@id":"https:\/\/e-ciftlik.com\/haberler\/#\/schema\/person\/d2f4fee3143d7f72be82cb887d51b00a","name":"Haber Merkezi","image":{"@type":"ImageObject","inLanguage":"tr","@id":"https:\/\/secure.gravatar.com\/avatar\/6c27d641914e66c1d0452c92716002398782818991d86db1c2cccb531e7c7c82?s=96&d=mm&r=g","url":"https:\/\/secure.gravatar.com\/avatar\/6c27d641914e66c1d0452c92716002398782818991d86db1c2cccb531e7c7c82?s=96&d=mm&r=g","contentUrl":"https:\/\/secure.gravatar.com\/avatar\/6c27d641914e66c1d0452c92716002398782818991d86db1c2cccb531e7c7c82?s=96&d=mm&r=g","caption":"Haber Merkezi"},"sameAs":["http:\/\/e-ciftlik.com\/haberler"]}]}},"_links":{"self":[{"href":"https:\/\/e-ciftlik.com\/haberler\/wp-json\/wp\/v2\/posts\/77916","targetHints":{"allow":["GET"]}}],"collection":[{"href":"https:\/\/e-ciftlik.com\/haberler\/wp-json\/wp\/v2\/posts"}],"about":[{"href":"https:\/\/e-ciftlik.com\/haberler\/wp-json\/wp\/v2\/types\/post"}],"author":[{"embeddable":true,"href":"https:\/\/e-ciftlik.com\/haberler\/wp-json\/wp\/v2\/users\/1"}],"replies":[{"embeddable":true,"href":"https:\/\/e-ciftlik.com\/haberler\/wp-json\/wp\/v2\/comments?post=77916"}],"version-history":[{"count":0,"href":"https:\/\/e-ciftlik.com\/haberler\/wp-json\/wp\/v2\/posts\/77916\/revisions"}],"wp:featuredmedia":[{"embeddable":true,"href":"https:\/\/e-ciftlik.com\/haberler\/wp-json\/wp\/v2\/media\/77917"}],"wp:attachment":[{"href":"https:\/\/e-ciftlik.com\/haberler\/wp-json\/wp\/v2\/media?parent=77916"}],"wp:term":[{"taxonomy":"category","embeddable":true,"href":"https:\/\/e-ciftlik.com\/haberler\/wp-json\/wp\/v2\/categories?post=77916"},{"taxonomy":"post_tag","embeddable":true,"href":"https:\/\/e-ciftlik.com\/haberler\/wp-json\/wp\/v2\/tags?post=77916"}],"curies":[{"name":"wp","href":"https:\/\/api.w.org\/{rel}","templated":true}]}}