{"id":78350,"date":"2025-02-05T09:42:44","date_gmt":"2025-02-05T09:42:44","guid":{"rendered":"http:\/\/e-ciftlik.com\/haberler\/seyahat\/italyada-ucuslar-iptal\/"},"modified":"2025-02-05T09:42:44","modified_gmt":"2025-02-05T09:42:44","slug":"italyada-ucuslar-iptal","status":"publish","type":"post","link":"https:\/\/e-ciftlik.com\/haberler\/seyahat\/italyada-ucuslar-iptal\/","title":{"rendered":"\u0130talya&#8217;da U\u00e7u\u015flar \u0130ptal!"},"content":{"rendered":"<p>\u0130talya&#8217;n\u0131n b\u00fcy\u00fck havalimanlar\u0131nda ya\u015fanan u\u00e7u\u015f iptalleri, \u00fclke \u00e7ap\u0131ndaki grevler ve \u00c7ar\u015famba sabah\u0131 meydana gelen yang\u0131n nedeniyle ger\u00e7ekle\u015fti. \u00d6ncelikle, \u00fclke genelinde yap\u0131lacak grevler nedeniyle \u0130talya&#8217;n\u0131n b\u00fcy\u00fck havaalanlar\u0131 u\u00e7u\u015flar\u0131 iptal etmeye ba\u015flad\u0131. Ard\u0131ndan, Ciampino Havaliman\u0131&#8217;nda \u00e7\u0131kan k\u00fc\u00e7\u00fck bir yang\u0131n sebebiyle t\u00fcm hava trafi\u011fi ask\u0131ya al\u0131nd\u0131.<\/p>\n<p>Bu yang\u0131n, havaalan\u0131 personelinin sendika grevi d\u00fczenlemesinin ard\u0131ndan ya\u015fanan bir aksakl\u0131k olarak kaydedildi. Milano ve Lombardiya b\u00f6lgesindeki baz\u0131 trenler ve toplu ta\u015f\u0131ma ara\u00e7lar\u0131 da grev nedeniyle etkilendi. \u0130talya&#8217;n\u0131n ba\u015fkenti Roma&#8217;daki Ciampino Havaliman\u0131, NAV taraf\u0131ndan yap\u0131lan a\u00e7\u0131klamaya g\u00f6re kontrol kulesinde \u00e7\u0131kan yang\u0131n sebebiyle t\u00fcm u\u00e7u\u015flar\u0131 durdurmak zorunda kald\u0131.<\/p>\n<p>Yang\u0131n kontrol alt\u0131na al\u0131nd\u0131 ancak nedeni hen\u00fcz belirsizli\u011fini koruyor. Havaliman\u0131, Ryanair gibi ekonomik havayolu \u015firketlerinin de kulland\u0131\u011f\u0131 \u00f6nemli bir nokta olarak biliniyor. Di\u011fer yandan, \u0130talya&#8217;n\u0131n ana havalimanlar\u0131n\u0131n \u00e7o\u011fu, d\u00f6rt ITA Airways uluslararas\u0131 u\u00e7u\u015fu ve Lombardiya&#8217;daki b\u00f6lgesel tren grevi nedeniyle u\u00e7u\u015flar\u0131 iptal etmek zorunda kald\u0131.<\/p>\n<p>Grevin sebebi, Assohandlers&#8217;a ba\u011fl\u0131 \u015firketlerin handling personelinin \u00fccret ve \u00e7al\u0131\u015fma ko\u015fullar\u0131 konusundaki anla\u015fmazl\u0131klar. Sendikalar, daha iyi \u00e7al\u0131\u015fma saatleri, y\u00fcksek \u00fccretler ve sosyal haklar talep ediyor. Ayr\u0131ca, Lombardiya b\u00f6lgesindeki trenlerin ve toplu ta\u015f\u0131ma ara\u00e7lar\u0131n\u0131n da Orsa Ferrovie sendikas\u0131 taraf\u0131ndan d\u00fczenlenen grevlerden etkilenmesi bekleniyor.<\/p>\n<p>Yolcular, u\u00e7u\u015f iptalleri veya r\u00f6tarlar\u0131nda tazminat alma hakk\u0131na sahip olabilirler. AB yasalar\u0131na g\u00f6re, havayolu \u015firketleri veya seyahat acenteleri ile ileti\u015fime ge\u00e7erek geri \u00f6deme talebinde bulunabilirler. Benzer \u015fekilde, demiryolu yolcular\u0131 da tazminat alma hakk\u0131na sahip olup, r\u00f6tar durumunda bilet \u00fccretlerinin geri \u00f6demesini talep edebilirler.<\/p>\n","protected":false},"excerpt":{"rendered":"<p>\u0130talya&#8217;n\u0131n b\u00fcy\u00fck havalimanlar\u0131nda ya\u015fanan u\u00e7u\u015f iptalleri, \u00fclke \u00e7ap\u0131ndaki grevler ve \u00c7ar\u015famba sabah\u0131 meydana gelen yang\u0131n&hellip;<\/p>\n","protected":false},"author":1,"featured_media":78351,"comment_status":"open","ping_status":"open","sticky":false,"template":"","format":"standard","meta":{"footnotes":""},"categories":[14],"tags":[],"class_list":["post-78350","post","type-post","status-publish","format-standard","has-post-thumbnail","hentry","category-seyahat"],"yoast_head":"<!-- This site is optimized with the Yoast SEO Premium plugin v24.3 (Yoast SEO v27.4) - https:\/\/yoast.com\/product\/yoast-seo-premium-wordpress\/ -->\n<title>\u0130talya&#039;da U\u00e7u\u015flar \u0130ptal! - E-&Ccedil;\u0130FTL\u0130K HABER<\/title>\n<meta name=\"description\" content=\"\u0130talya&#039;n\u0131n b\u00fcy\u00fck havalimanlar\u0131nda ya\u015fanan u\u00e7u\u015f iptalleri, \u00fclke \u00e7ap\u0131ndaki grevler ve \u00c7ar\u015famba sabah\u0131 meydana gelen yang\u0131n nedeniyle ger\u00e7ekle\u015fti. \u00d6ncelikle,\" \/>\n<meta name=\"robots\" content=\"index, follow, max-snippet:-1, max-image-preview:large, max-video-preview:-1\" \/>\n<link rel=\"canonical\" href=\"https:\/\/e-ciftlik.com\/haberler\/seyahat\/italyada-ucuslar-iptal\/\" \/>\n<meta property=\"og:locale\" content=\"tr_TR\" \/>\n<meta property=\"og:type\" content=\"article\" \/>\n<meta property=\"og:title\" content=\"\u0130talya&#039;da U\u00e7u\u015flar \u0130ptal!\" \/>\n<meta property=\"og:description\" content=\"\u0130talya&#039;n\u0131n b\u00fcy\u00fck havalimanlar\u0131nda ya\u015fanan u\u00e7u\u015f iptalleri, \u00fclke \u00e7ap\u0131ndaki grevler ve \u00c7ar\u015famba sabah\u0131 meydana gelen yang\u0131n nedeniyle ger\u00e7ekle\u015fti. \u00d6ncelikle,\" \/>\n<meta property=\"og:url\" content=\"https:\/\/e-ciftlik.com\/haberler\/seyahat\/italyada-ucuslar-iptal\/\" \/>\n<meta property=\"og:site_name\" content=\"E-&Ccedil;\u0130FTL\u0130K HABER\" \/>\n<meta property=\"article:publisher\" content=\"https:\/\/www.facebook.com\/eciftlikturkiye\" \/>\n<meta property=\"article:published_time\" content=\"2025-02-05T09:42:44+00:00\" \/>\n<meta property=\"og:image\" content=\"https:\/\/e-ciftlik.com\/haberler\/wp-content\/uploads\/2025\/02\/1200x675_cmsv2_bf43221f-17eb-5cdc-ba2d-ad1bda90a355-9031654.jpg\" \/>\n\t<meta property=\"og:image:width\" content=\"1200\" \/>\n\t<meta property=\"og:image:height\" content=\"675\" \/>\n\t<meta property=\"og:image:type\" content=\"image\/jpeg\" \/>\n<meta name=\"author\" content=\"Haber Merkezi\" \/>\n<meta name=\"twitter:card\" content=\"summary_large_image\" \/>\n<meta name=\"twitter:creator\" content=\"@eciftlikresmi\" \/>\n<meta name=\"twitter:site\" content=\"@eciftlikresmi\" \/>\n<meta name=\"twitter:label1\" content=\"Yazan:\" \/>\n\t<meta name=\"twitter:data1\" content=\"Haber Merkezi\" \/>\n\t<meta name=\"twitter:label2\" content=\"Tahmini okuma s\u00fcresi\" \/>\n\t<meta name=\"twitter:data2\" content=\"2 dakika\" \/>\n<script type=\"application\/ld+json\" class=\"yoast-schema-graph\">{\"@context\":\"https:\\\/\\\/schema.org\",\"@graph\":[{\"@type\":\"NewsArticle\",\"@id\":\"https:\\\/\\\/e-ciftlik.com\\\/haberler\\\/seyahat\\\/italyada-ucuslar-iptal\\\/#article\",\"isPartOf\":{\"@id\":\"https:\\\/\\\/e-ciftlik.com\\\/haberler\\\/seyahat\\\/italyada-ucuslar-iptal\\\/\"},\"author\":{\"name\":\"Haber Merkezi\",\"@id\":\"https:\\\/\\\/e-ciftlik.com\\\/haberler\\\/#\\\/schema\\\/person\\\/d2f4fee3143d7f72be82cb887d51b00a\"},\"headline\":\"\u0130talya&#8217;da U\u00e7u\u015flar \u0130ptal!\",\"datePublished\":\"2025-02-05T09:42:44+00:00\",\"mainEntityOfPage\":{\"@id\":\"https:\\\/\\\/e-ciftlik.com\\\/haberler\\\/seyahat\\\/italyada-ucuslar-iptal\\\/\"},\"wordCount\":317,\"commentCount\":0,\"publisher\":{\"@id\":\"https:\\\/\\\/e-ciftlik.com\\\/haberler\\\/#organization\"},\"image\":{\"@id\":\"https:\\\/\\\/e-ciftlik.com\\\/haberler\\\/seyahat\\\/italyada-ucuslar-iptal\\\/#primaryimage\"},\"thumbnailUrl\":\"https:\\\/\\\/e-ciftlik.com\\\/haberler\\\/wp-content\\\/uploads\\\/2025\\\/02\\\/1200x675_cmsv2_bf43221f-17eb-5cdc-ba2d-ad1bda90a355-9031654.jpg\",\"articleSection\":[\"Seyahat\"],\"inLanguage\":\"tr\",\"potentialAction\":[{\"@type\":\"CommentAction\",\"name\":\"Comment\",\"target\":[\"https:\\\/\\\/e-ciftlik.com\\\/haberler\\\/seyahat\\\/italyada-ucuslar-iptal\\\/#respond\"]}]},{\"@type\":\"WebPage\",\"@id\":\"https:\\\/\\\/e-ciftlik.com\\\/haberler\\\/seyahat\\\/italyada-ucuslar-iptal\\\/\",\"url\":\"https:\\\/\\\/e-ciftlik.com\\\/haberler\\\/seyahat\\\/italyada-ucuslar-iptal\\\/\",\"name\":\"\u0130talya'da U\u00e7u\u015flar \u0130ptal! - E-&Ccedil;\u0130FTL\u0130K HABER\",\"isPartOf\":{\"@id\":\"https:\\\/\\\/e-ciftlik.com\\\/haberler\\\/#website\"},\"primaryImageOfPage\":{\"@id\":\"https:\\\/\\\/e-ciftlik.com\\\/haberler\\\/seyahat\\\/italyada-ucuslar-iptal\\\/#primaryimage\"},\"image\":{\"@id\":\"https:\\\/\\\/e-ciftlik.com\\\/haberler\\\/seyahat\\\/italyada-ucuslar-iptal\\\/#primaryimage\"},\"thumbnailUrl\":\"https:\\\/\\\/e-ciftlik.com\\\/haberler\\\/wp-content\\\/uploads\\\/2025\\\/02\\\/1200x675_cmsv2_bf43221f-17eb-5cdc-ba2d-ad1bda90a355-9031654.jpg\",\"datePublished\":\"2025-02-05T09:42:44+00:00\",\"description\":\"\u0130talya'n\u0131n b\u00fcy\u00fck havalimanlar\u0131nda ya\u015fanan u\u00e7u\u015f iptalleri, \u00fclke \u00e7ap\u0131ndaki grevler ve \u00c7ar\u015famba sabah\u0131 meydana gelen yang\u0131n nedeniyle ger\u00e7ekle\u015fti. \u00d6ncelikle,\",\"breadcrumb\":{\"@id\":\"https:\\\/\\\/e-ciftlik.com\\\/haberler\\\/seyahat\\\/italyada-ucuslar-iptal\\\/#breadcrumb\"},\"inLanguage\":\"tr\",\"potentialAction\":[{\"@type\":\"ReadAction\",\"target\":[\"https:\\\/\\\/e-ciftlik.com\\\/haberler\\\/seyahat\\\/italyada-ucuslar-iptal\\\/\"]}]},{\"@type\":\"ImageObject\",\"inLanguage\":\"tr\",\"@id\":\"https:\\\/\\\/e-ciftlik.com\\\/haberler\\\/seyahat\\\/italyada-ucuslar-iptal\\\/#primaryimage\",\"url\":\"https:\\\/\\\/e-ciftlik.com\\\/haberler\\\/wp-content\\\/uploads\\\/2025\\\/02\\\/1200x675_cmsv2_bf43221f-17eb-5cdc-ba2d-ad1bda90a355-9031654.jpg\",\"contentUrl\":\"https:\\\/\\\/e-ciftlik.com\\\/haberler\\\/wp-content\\\/uploads\\\/2025\\\/02\\\/1200x675_cmsv2_bf43221f-17eb-5cdc-ba2d-ad1bda90a355-9031654.jpg\",\"width\":1200,\"height\":675},{\"@type\":\"BreadcrumbList\",\"@id\":\"https:\\\/\\\/e-ciftlik.com\\\/haberler\\\/seyahat\\\/italyada-ucuslar-iptal\\\/#breadcrumb\",\"itemListElement\":[{\"@type\":\"ListItem\",\"position\":1,\"name\":\"Anasayfa\",\"item\":\"https:\\\/\\\/e-ciftlik.com\\\/haberler\\\/\"},{\"@type\":\"ListItem\",\"position\":2,\"name\":\"\u0130talya&#8217;da U\u00e7u\u015flar \u0130ptal!\"}]},{\"@type\":\"WebSite\",\"@id\":\"https:\\\/\\\/e-ciftlik.com\\\/haberler\\\/#website\",\"url\":\"https:\\\/\\\/e-ciftlik.com\\\/haberler\\\/\",\"name\":\"E-\u00c7iftlik Haber | G\u00fcncel, Son Dakika Haberler, En Son Haber\",\"description\":\"\",\"publisher\":{\"@id\":\"https:\\\/\\\/e-ciftlik.com\\\/haberler\\\/#organization\"},\"potentialAction\":[{\"@type\":\"SearchAction\",\"target\":{\"@type\":\"EntryPoint\",\"urlTemplate\":\"https:\\\/\\\/e-ciftlik.com\\\/haberler\\\/?s={search_term_string}\"},\"query-input\":{\"@type\":\"PropertyValueSpecification\",\"valueRequired\":true,\"valueName\":\"search_term_string\"}}],\"inLanguage\":\"tr\"},{\"@type\":\"Organization\",\"@id\":\"https:\\\/\\\/e-ciftlik.com\\\/haberler\\\/#organization\",\"name\":\"E-\u00c7\u0130FTL\u0130K HABER\",\"url\":\"https:\\\/\\\/e-ciftlik.com\\\/haberler\\\/\",\"logo\":{\"@type\":\"ImageObject\",\"inLanguage\":\"tr\",\"@id\":\"https:\\\/\\\/e-ciftlik.com\\\/haberler\\\/#\\\/schema\\\/logo\\\/image\\\/\",\"url\":\"https:\\\/\\\/e-ciftlik.com\\\/haberler\\\/wp-content\\\/uploads\\\/2024\\\/06\\\/cropped-cropped-favicon-1-2.png\",\"contentUrl\":\"https:\\\/\\\/e-ciftlik.com\\\/haberler\\\/wp-content\\\/uploads\\\/2024\\\/06\\\/cropped-cropped-favicon-1-2.png\",\"width\":512,\"height\":512,\"caption\":\"E-\u00c7\u0130FTL\u0130K HABER\"},\"image\":{\"@id\":\"https:\\\/\\\/e-ciftlik.com\\\/haberler\\\/#\\\/schema\\\/logo\\\/image\\\/\"},\"sameAs\":[\"https:\\\/\\\/www.facebook.com\\\/eciftlikturkiye\",\"https:\\\/\\\/x.com\\\/eciftlikresmi\",\"https:\\\/\\\/www.instagram.com\\\/eciftlikresmi\\\/\"]},{\"@type\":\"Person\",\"@id\":\"https:\\\/\\\/e-ciftlik.com\\\/haberler\\\/#\\\/schema\\\/person\\\/d2f4fee3143d7f72be82cb887d51b00a\",\"name\":\"Haber Merkezi\",\"image\":{\"@type\":\"ImageObject\",\"inLanguage\":\"tr\",\"@id\":\"https:\\\/\\\/secure.gravatar.com\\\/avatar\\\/6c27d641914e66c1d0452c92716002398782818991d86db1c2cccb531e7c7c82?s=96&d=mm&r=g\",\"url\":\"https:\\\/\\\/secure.gravatar.com\\\/avatar\\\/6c27d641914e66c1d0452c92716002398782818991d86db1c2cccb531e7c7c82?s=96&d=mm&r=g\",\"contentUrl\":\"https:\\\/\\\/secure.gravatar.com\\\/avatar\\\/6c27d641914e66c1d0452c92716002398782818991d86db1c2cccb531e7c7c82?s=96&d=mm&r=g\",\"caption\":\"Haber Merkezi\"},\"sameAs\":[\"http:\\\/\\\/e-ciftlik.com\\\/haberler\"]}]}<\/script>\n<!-- \/ Yoast SEO Premium plugin. -->","yoast_head_json":{"title":"\u0130talya'da U\u00e7u\u015flar \u0130ptal! - E-&Ccedil;\u0130FTL\u0130K HABER","description":"\u0130talya'n\u0131n b\u00fcy\u00fck havalimanlar\u0131nda ya\u015fanan u\u00e7u\u015f iptalleri, \u00fclke \u00e7ap\u0131ndaki grevler ve \u00c7ar\u015famba sabah\u0131 meydana gelen yang\u0131n nedeniyle ger\u00e7ekle\u015fti. \u00d6ncelikle,","robots":{"index":"index","follow":"follow","max-snippet":"max-snippet:-1","max-image-preview":"max-image-preview:large","max-video-preview":"max-video-preview:-1"},"canonical":"https:\/\/e-ciftlik.com\/haberler\/seyahat\/italyada-ucuslar-iptal\/","og_locale":"tr_TR","og_type":"article","og_title":"\u0130talya'da U\u00e7u\u015flar \u0130ptal!","og_description":"\u0130talya'n\u0131n b\u00fcy\u00fck havalimanlar\u0131nda ya\u015fanan u\u00e7u\u015f iptalleri, \u00fclke \u00e7ap\u0131ndaki grevler ve \u00c7ar\u015famba sabah\u0131 meydana gelen yang\u0131n nedeniyle ger\u00e7ekle\u015fti. \u00d6ncelikle,","og_url":"https:\/\/e-ciftlik.com\/haberler\/seyahat\/italyada-ucuslar-iptal\/","og_site_name":"E-&Ccedil;\u0130FTL\u0130K HABER","article_publisher":"https:\/\/www.facebook.com\/eciftlikturkiye","article_published_time":"2025-02-05T09:42:44+00:00","og_image":[{"width":1200,"height":675,"url":"https:\/\/e-ciftlik.com\/haberler\/wp-content\/uploads\/2025\/02\/1200x675_cmsv2_bf43221f-17eb-5cdc-ba2d-ad1bda90a355-9031654.jpg","type":"image\/jpeg"}],"author":"Haber Merkezi","twitter_card":"summary_large_image","twitter_creator":"@eciftlikresmi","twitter_site":"@eciftlikresmi","twitter_misc":{"Yazan:":"Haber Merkezi","Tahmini okuma s\u00fcresi":"2 dakika"},"schema":{"@context":"https:\/\/schema.org","@graph":[{"@type":"NewsArticle","@id":"https:\/\/e-ciftlik.com\/haberler\/seyahat\/italyada-ucuslar-iptal\/#article","isPartOf":{"@id":"https:\/\/e-ciftlik.com\/haberler\/seyahat\/italyada-ucuslar-iptal\/"},"author":{"name":"Haber Merkezi","@id":"https:\/\/e-ciftlik.com\/haberler\/#\/schema\/person\/d2f4fee3143d7f72be82cb887d51b00a"},"headline":"\u0130talya&#8217;da U\u00e7u\u015flar \u0130ptal!","datePublished":"2025-02-05T09:42:44+00:00","mainEntityOfPage":{"@id":"https:\/\/e-ciftlik.com\/haberler\/seyahat\/italyada-ucuslar-iptal\/"},"wordCount":317,"commentCount":0,"publisher":{"@id":"https:\/\/e-ciftlik.com\/haberler\/#organization"},"image":{"@id":"https:\/\/e-ciftlik.com\/haberler\/seyahat\/italyada-ucuslar-iptal\/#primaryimage"},"thumbnailUrl":"https:\/\/e-ciftlik.com\/haberler\/wp-content\/uploads\/2025\/02\/1200x675_cmsv2_bf43221f-17eb-5cdc-ba2d-ad1bda90a355-9031654.jpg","articleSection":["Seyahat"],"inLanguage":"tr","potentialAction":[{"@type":"CommentAction","name":"Comment","target":["https:\/\/e-ciftlik.com\/haberler\/seyahat\/italyada-ucuslar-iptal\/#respond"]}]},{"@type":"WebPage","@id":"https:\/\/e-ciftlik.com\/haberler\/seyahat\/italyada-ucuslar-iptal\/","url":"https:\/\/e-ciftlik.com\/haberler\/seyahat\/italyada-ucuslar-iptal\/","name":"\u0130talya'da U\u00e7u\u015flar \u0130ptal! - E-&Ccedil;\u0130FTL\u0130K HABER","isPartOf":{"@id":"https:\/\/e-ciftlik.com\/haberler\/#website"},"primaryImageOfPage":{"@id":"https:\/\/e-ciftlik.com\/haberler\/seyahat\/italyada-ucuslar-iptal\/#primaryimage"},"image":{"@id":"https:\/\/e-ciftlik.com\/haberler\/seyahat\/italyada-ucuslar-iptal\/#primaryimage"},"thumbnailUrl":"https:\/\/e-ciftlik.com\/haberler\/wp-content\/uploads\/2025\/02\/1200x675_cmsv2_bf43221f-17eb-5cdc-ba2d-ad1bda90a355-9031654.jpg","datePublished":"2025-02-05T09:42:44+00:00","description":"\u0130talya'n\u0131n b\u00fcy\u00fck havalimanlar\u0131nda ya\u015fanan u\u00e7u\u015f iptalleri, \u00fclke \u00e7ap\u0131ndaki grevler ve \u00c7ar\u015famba sabah\u0131 meydana gelen yang\u0131n nedeniyle ger\u00e7ekle\u015fti. \u00d6ncelikle,","breadcrumb":{"@id":"https:\/\/e-ciftlik.com\/haberler\/seyahat\/italyada-ucuslar-iptal\/#breadcrumb"},"inLanguage":"tr","potentialAction":[{"@type":"ReadAction","target":["https:\/\/e-ciftlik.com\/haberler\/seyahat\/italyada-ucuslar-iptal\/"]}]},{"@type":"ImageObject","inLanguage":"tr","@id":"https:\/\/e-ciftlik.com\/haberler\/seyahat\/italyada-ucuslar-iptal\/#primaryimage","url":"https:\/\/e-ciftlik.com\/haberler\/wp-content\/uploads\/2025\/02\/1200x675_cmsv2_bf43221f-17eb-5cdc-ba2d-ad1bda90a355-9031654.jpg","contentUrl":"https:\/\/e-ciftlik.com\/haberler\/wp-content\/uploads\/2025\/02\/1200x675_cmsv2_bf43221f-17eb-5cdc-ba2d-ad1bda90a355-9031654.jpg","width":1200,"height":675},{"@type":"BreadcrumbList","@id":"https:\/\/e-ciftlik.com\/haberler\/seyahat\/italyada-ucuslar-iptal\/#breadcrumb","itemListElement":[{"@type":"ListItem","position":1,"name":"Anasayfa","item":"https:\/\/e-ciftlik.com\/haberler\/"},{"@type":"ListItem","position":2,"name":"\u0130talya&#8217;da U\u00e7u\u015flar \u0130ptal!"}]},{"@type":"WebSite","@id":"https:\/\/e-ciftlik.com\/haberler\/#website","url":"https:\/\/e-ciftlik.com\/haberler\/","name":"E-\u00c7iftlik Haber | G\u00fcncel, Son Dakika Haberler, En Son Haber","description":"","publisher":{"@id":"https:\/\/e-ciftlik.com\/haberler\/#organization"},"potentialAction":[{"@type":"SearchAction","target":{"@type":"EntryPoint","urlTemplate":"https:\/\/e-ciftlik.com\/haberler\/?s={search_term_string}"},"query-input":{"@type":"PropertyValueSpecification","valueRequired":true,"valueName":"search_term_string"}}],"inLanguage":"tr"},{"@type":"Organization","@id":"https:\/\/e-ciftlik.com\/haberler\/#organization","name":"E-\u00c7\u0130FTL\u0130K HABER","url":"https:\/\/e-ciftlik.com\/haberler\/","logo":{"@type":"ImageObject","inLanguage":"tr","@id":"https:\/\/e-ciftlik.com\/haberler\/#\/schema\/logo\/image\/","url":"https:\/\/e-ciftlik.com\/haberler\/wp-content\/uploads\/2024\/06\/cropped-cropped-favicon-1-2.png","contentUrl":"https:\/\/e-ciftlik.com\/haberler\/wp-content\/uploads\/2024\/06\/cropped-cropped-favicon-1-2.png","width":512,"height":512,"caption":"E-\u00c7\u0130FTL\u0130K HABER"},"image":{"@id":"https:\/\/e-ciftlik.com\/haberler\/#\/schema\/logo\/image\/"},"sameAs":["https:\/\/www.facebook.com\/eciftlikturkiye","https:\/\/x.com\/eciftlikresmi","https:\/\/www.instagram.com\/eciftlikresmi\/"]},{"@type":"Person","@id":"https:\/\/e-ciftlik.com\/haberler\/#\/schema\/person\/d2f4fee3143d7f72be82cb887d51b00a","name":"Haber Merkezi","image":{"@type":"ImageObject","inLanguage":"tr","@id":"https:\/\/secure.gravatar.com\/avatar\/6c27d641914e66c1d0452c92716002398782818991d86db1c2cccb531e7c7c82?s=96&d=mm&r=g","url":"https:\/\/secure.gravatar.com\/avatar\/6c27d641914e66c1d0452c92716002398782818991d86db1c2cccb531e7c7c82?s=96&d=mm&r=g","contentUrl":"https:\/\/secure.gravatar.com\/avatar\/6c27d641914e66c1d0452c92716002398782818991d86db1c2cccb531e7c7c82?s=96&d=mm&r=g","caption":"Haber Merkezi"},"sameAs":["http:\/\/e-ciftlik.com\/haberler"]}]}},"_links":{"self":[{"href":"https:\/\/e-ciftlik.com\/haberler\/wp-json\/wp\/v2\/posts\/78350","targetHints":{"allow":["GET"]}}],"collection":[{"href":"https:\/\/e-ciftlik.com\/haberler\/wp-json\/wp\/v2\/posts"}],"about":[{"href":"https:\/\/e-ciftlik.com\/haberler\/wp-json\/wp\/v2\/types\/post"}],"author":[{"embeddable":true,"href":"https:\/\/e-ciftlik.com\/haberler\/wp-json\/wp\/v2\/users\/1"}],"replies":[{"embeddable":true,"href":"https:\/\/e-ciftlik.com\/haberler\/wp-json\/wp\/v2\/comments?post=78350"}],"version-history":[{"count":0,"href":"https:\/\/e-ciftlik.com\/haberler\/wp-json\/wp\/v2\/posts\/78350\/revisions"}],"wp:featuredmedia":[{"embeddable":true,"href":"https:\/\/e-ciftlik.com\/haberler\/wp-json\/wp\/v2\/media\/78351"}],"wp:attachment":[{"href":"https:\/\/e-ciftlik.com\/haberler\/wp-json\/wp\/v2\/media?parent=78350"}],"wp:term":[{"taxonomy":"category","embeddable":true,"href":"https:\/\/e-ciftlik.com\/haberler\/wp-json\/wp\/v2\/categories?post=78350"},{"taxonomy":"post_tag","embeddable":true,"href":"https:\/\/e-ciftlik.com\/haberler\/wp-json\/wp\/v2\/tags?post=78350"}],"curies":[{"name":"wp","href":"https:\/\/api.w.org\/{rel}","templated":true}]}}