{"id":78354,"date":"2025-02-05T09:51:16","date_gmt":"2025-02-05T09:51:16","guid":{"rendered":"https:\/\/e-ciftlik.com\/haberler\/spor\/erciyeste-duzenlenecek-snx-turkiye-tanitildi\/"},"modified":"2025-02-05T09:51:16","modified_gmt":"2025-02-05T09:51:16","slug":"erciyeste-duzenlenecek-snx-turkiye-tanitildi","status":"publish","type":"post","link":"https:\/\/e-ciftlik.com\/haberler\/spor\/erciyeste-duzenlenecek-snx-turkiye-tanitildi\/","title":{"rendered":"&#8220;Erciyes&#8217;te D\u00fczenlenecek SNX T\u00fcrkiye Tan\u0131t\u0131ld\u0131!&#8221;"},"content":{"rendered":"<p> Kayseri&#8217;de 15-16 Mart tarihlerinde Erciyes&#8217;te d\u00fczenlenecek olan Uluslararas\u0131 Motosiklet Federasyonu (FIM) D\u00fcnya Kar Motosikleti \u015eampiyonas\u0131&#8217;n\u0131n (SNX T\u00fcrkiye) tan\u0131t\u0131m toplant\u0131s\u0131, Vadi \u0130stanbul&#8217;daki Radisson Collection Hotel&#8217;de ger\u00e7ekle\u015ftirildi. Toplant\u0131ya Kayseri Valisi G\u00f6kmen \u00c7i\u00e7ek, AK Parti Kayseri Milletvekili Murat Cahid C\u0131ng\u0131, Kayseri B\u00fcy\u00fck\u015fehir Belediye Ba\u015fkan\u0131 Memduh B\u00fcy\u00fckk\u0131l\u0131\u00e7, T\u00fcrkiye Motosiklet Federasyonu Ba\u015fkan\u0131 Mehmet Sad\u0131k Vefa, Kayseri Erciyes A\u015e Y\u00f6netim Kurulu Ba\u015fkan\u0131 Hamdi Elcuman ve davetliler kat\u0131ld\u0131.<\/p>\n<p>Murat Cahid C\u0131ng\u0131, toplant\u0131da yapt\u0131\u011f\u0131 konu\u015fmada, T\u00fcrkiye&#8217;de bir\u00e7ok spor dal\u0131nda ilkleri ger\u00e7ekle\u015ftirdiklerini belirterek, Erciyes&#8217;te t\u00fcm da\u011f sporlar\u0131n\u0131 desteklediklerini ve da\u011flar\u0131n \u00fclkenin \u00f6nemli kaynaklar\u0131ndan biri oldu\u011funu vurgulad\u0131. C\u0131ng\u0131, \u00fclkedeki t\u00fcm da\u011flar\u0131 turizm merkezine d\u00f6n\u00fc\u015ft\u00fcrme hedeflerinin oldu\u011funu dile getirdi.<\/p>\n<p>Kayseri B\u00fcy\u00fck\u015fehir Belediye Ba\u015fkan\u0131 Memduh B\u00fcy\u00fckk\u0131l\u0131\u00e7 ise organizasyona ev sahipli\u011fi yapacaklar\u0131n\u0131 belirterek, Erciyes Kayak Merkezi&#8217;nin uluslararas\u0131 standartlarda oldu\u011funu ve Kayseri&#8217;nin farkl\u0131 etkinliklere ev sahipli\u011fi yapmak istedi\u011fini s\u00f6yledi. Kayseri Erciyes A\u015e Y\u00f6netim Kurulu Ba\u015fkan\u0131 Hamdi Elcuman ise T\u00fcrkiye&#8217;nin ilk profesyonel da\u011f y\u00f6netim \u015firketi olduklar\u0131n\u0131 ve Erciyes&#8217;i d\u00fcnya \u00e7ap\u0131nda bir marka haline getirmeyi hedeflediklerini ifade etti.<\/p>\n<p>T\u00fcrkiye Motosiklet Federasyonu Ba\u015fkan\u0131 Mehmet Sad\u0131k Vefa, spor turizmi kapsam\u0131nda T\u00fcrkiye&#8217;nin de\u011ferlerini d\u00fcnyaya ta\u015f\u0131d\u0131klar\u0131n\u0131 belirterek, ge\u00e7en seneki organizasyonlar\u0131n ard\u0131ndan bu sene de farkl\u0131 dallar i\u00e7in \u00e7al\u0131\u015fmalar\u0131n\u0131n devam etti\u011fini ve Erciyes&#8217;te yap\u0131lacak organizasyonda kendi sporcular\u0131yla m\u00fccadele edeceklerini s\u00f6yledi. Vefa, organizasyona destek veren herkese te\u015fekk\u00fcrlerini iletti.<\/p>\n<p>Toplant\u0131, \u00e7ekilen hat\u0131ra foto\u011fraf\u0131yla sona erdi.<\/p>\n","protected":false},"excerpt":{"rendered":"<p>Kayseri&#8217;de 15-16 Mart tarihlerinde Erciyes&#8217;te d\u00fczenlenecek olan Uluslararas\u0131 Motosiklet Federasyonu (FIM) D\u00fcnya Kar Motosikleti \u015eampiyonas\u0131&#8217;n\u0131n&hellip;<\/p>\n","protected":false},"author":1,"featured_media":78355,"comment_status":"open","ping_status":"open","sticky":false,"template":"","format":"standard","meta":{"footnotes":""},"categories":[7],"tags":[],"class_list":["post-78354","post","type-post","status-publish","format-standard","has-post-thumbnail","hentry","category-spor"],"yoast_head":"<!-- This site is optimized with the Yoast SEO Premium plugin v24.3 (Yoast SEO v27.4) - https:\/\/yoast.com\/product\/yoast-seo-premium-wordpress\/ -->\n<title>&quot;Erciyes&#039;te D\u00fczenlenecek SNX T\u00fcrkiye Tan\u0131t\u0131ld\u0131!&quot; - E-&Ccedil;\u0130FTL\u0130K HABER<\/title>\n<meta name=\"description\" content=\"Kayseri&#039;de 15-16 Mart tarihlerinde Erciyes&#039;te d\u00fczenlenecek olan Uluslararas\u0131 Motosiklet Federasyonu (FIM) D\u00fcnya Kar Motosikleti \u015eampiyonas\u0131&#039;n\u0131n (SNX\" \/>\n<meta name=\"robots\" content=\"index, follow, max-snippet:-1, max-image-preview:large, max-video-preview:-1\" \/>\n<link rel=\"canonical\" href=\"https:\/\/e-ciftlik.com\/haberler\/spor\/erciyeste-duzenlenecek-snx-turkiye-tanitildi\/\" \/>\n<meta property=\"og:locale\" content=\"tr_TR\" \/>\n<meta property=\"og:type\" content=\"article\" \/>\n<meta property=\"og:title\" content=\"&quot;Erciyes&#039;te D\u00fczenlenecek SNX T\u00fcrkiye Tan\u0131t\u0131ld\u0131!&quot;\" \/>\n<meta property=\"og:description\" content=\"Kayseri&#039;de 15-16 Mart tarihlerinde Erciyes&#039;te d\u00fczenlenecek olan Uluslararas\u0131 Motosiklet Federasyonu (FIM) D\u00fcnya Kar Motosikleti \u015eampiyonas\u0131&#039;n\u0131n (SNX\" \/>\n<meta property=\"og:url\" content=\"https:\/\/e-ciftlik.com\/haberler\/spor\/erciyeste-duzenlenecek-snx-turkiye-tanitildi\/\" \/>\n<meta property=\"og:site_name\" content=\"E-&Ccedil;\u0130FTL\u0130K HABER\" \/>\n<meta property=\"article:publisher\" content=\"https:\/\/www.facebook.com\/eciftlikturkiye\" \/>\n<meta property=\"article:published_time\" content=\"2025-02-05T09:51:16+00:00\" \/>\n<meta property=\"og:image\" content=\"https:\/\/e-ciftlik.com\/haberler\/wp-content\/uploads\/2025\/02\/1738749078_1200x628.jpeg\" \/>\n\t<meta property=\"og:image:width\" content=\"1200\" \/>\n\t<meta property=\"og:image:height\" content=\"628\" \/>\n\t<meta property=\"og:image:type\" content=\"image\/jpeg\" \/>\n<meta name=\"author\" content=\"Haber Merkezi\" \/>\n<meta name=\"twitter:card\" content=\"summary_large_image\" \/>\n<meta name=\"twitter:creator\" content=\"@eciftlikresmi\" \/>\n<meta name=\"twitter:site\" content=\"@eciftlikresmi\" \/>\n<meta name=\"twitter:label1\" content=\"Yazan:\" \/>\n\t<meta name=\"twitter:data1\" content=\"Haber Merkezi\" \/>\n\t<meta name=\"twitter:label2\" content=\"Tahmini okuma s\u00fcresi\" \/>\n\t<meta name=\"twitter:data2\" content=\"1 dakika\" \/>\n<script type=\"application\/ld+json\" class=\"yoast-schema-graph\">{\"@context\":\"https:\\\/\\\/schema.org\",\"@graph\":[{\"@type\":\"NewsArticle\",\"@id\":\"https:\\\/\\\/e-ciftlik.com\\\/haberler\\\/spor\\\/erciyeste-duzenlenecek-snx-turkiye-tanitildi\\\/#article\",\"isPartOf\":{\"@id\":\"https:\\\/\\\/e-ciftlik.com\\\/haberler\\\/spor\\\/erciyeste-duzenlenecek-snx-turkiye-tanitildi\\\/\"},\"author\":{\"name\":\"Haber Merkezi\",\"@id\":\"https:\\\/\\\/e-ciftlik.com\\\/haberler\\\/#\\\/schema\\\/person\\\/d2f4fee3143d7f72be82cb887d51b00a\"},\"headline\":\"&#8220;Erciyes&#8217;te D\u00fczenlenecek SNX T\u00fcrkiye Tan\u0131t\u0131ld\u0131!&#8221;\",\"datePublished\":\"2025-02-05T09:51:16+00:00\",\"mainEntityOfPage\":{\"@id\":\"https:\\\/\\\/e-ciftlik.com\\\/haberler\\\/spor\\\/erciyeste-duzenlenecek-snx-turkiye-tanitildi\\\/\"},\"wordCount\":319,\"commentCount\":0,\"publisher\":{\"@id\":\"https:\\\/\\\/e-ciftlik.com\\\/haberler\\\/#organization\"},\"image\":{\"@id\":\"https:\\\/\\\/e-ciftlik.com\\\/haberler\\\/spor\\\/erciyeste-duzenlenecek-snx-turkiye-tanitildi\\\/#primaryimage\"},\"thumbnailUrl\":\"https:\\\/\\\/e-ciftlik.com\\\/haberler\\\/wp-content\\\/uploads\\\/2025\\\/02\\\/1738749078_1200x628.jpeg\",\"articleSection\":[\"Spor\"],\"inLanguage\":\"tr\",\"potentialAction\":[{\"@type\":\"CommentAction\",\"name\":\"Comment\",\"target\":[\"https:\\\/\\\/e-ciftlik.com\\\/haberler\\\/spor\\\/erciyeste-duzenlenecek-snx-turkiye-tanitildi\\\/#respond\"]}]},{\"@type\":\"WebPage\",\"@id\":\"https:\\\/\\\/e-ciftlik.com\\\/haberler\\\/spor\\\/erciyeste-duzenlenecek-snx-turkiye-tanitildi\\\/\",\"url\":\"https:\\\/\\\/e-ciftlik.com\\\/haberler\\\/spor\\\/erciyeste-duzenlenecek-snx-turkiye-tanitildi\\\/\",\"name\":\"\\\"Erciyes'te D\u00fczenlenecek SNX T\u00fcrkiye Tan\u0131t\u0131ld\u0131!\\\" - E-&Ccedil;\u0130FTL\u0130K HABER\",\"isPartOf\":{\"@id\":\"https:\\\/\\\/e-ciftlik.com\\\/haberler\\\/#website\"},\"primaryImageOfPage\":{\"@id\":\"https:\\\/\\\/e-ciftlik.com\\\/haberler\\\/spor\\\/erciyeste-duzenlenecek-snx-turkiye-tanitildi\\\/#primaryimage\"},\"image\":{\"@id\":\"https:\\\/\\\/e-ciftlik.com\\\/haberler\\\/spor\\\/erciyeste-duzenlenecek-snx-turkiye-tanitildi\\\/#primaryimage\"},\"thumbnailUrl\":\"https:\\\/\\\/e-ciftlik.com\\\/haberler\\\/wp-content\\\/uploads\\\/2025\\\/02\\\/1738749078_1200x628.jpeg\",\"datePublished\":\"2025-02-05T09:51:16+00:00\",\"description\":\"Kayseri'de 15-16 Mart tarihlerinde Erciyes'te d\u00fczenlenecek olan Uluslararas\u0131 Motosiklet Federasyonu (FIM) D\u00fcnya Kar Motosikleti \u015eampiyonas\u0131'n\u0131n (SNX\",\"breadcrumb\":{\"@id\":\"https:\\\/\\\/e-ciftlik.com\\\/haberler\\\/spor\\\/erciyeste-duzenlenecek-snx-turkiye-tanitildi\\\/#breadcrumb\"},\"inLanguage\":\"tr\",\"potentialAction\":[{\"@type\":\"ReadAction\",\"target\":[\"https:\\\/\\\/e-ciftlik.com\\\/haberler\\\/spor\\\/erciyeste-duzenlenecek-snx-turkiye-tanitildi\\\/\"]}]},{\"@type\":\"ImageObject\",\"inLanguage\":\"tr\",\"@id\":\"https:\\\/\\\/e-ciftlik.com\\\/haberler\\\/spor\\\/erciyeste-duzenlenecek-snx-turkiye-tanitildi\\\/#primaryimage\",\"url\":\"https:\\\/\\\/e-ciftlik.com\\\/haberler\\\/wp-content\\\/uploads\\\/2025\\\/02\\\/1738749078_1200x628.jpeg\",\"contentUrl\":\"https:\\\/\\\/e-ciftlik.com\\\/haberler\\\/wp-content\\\/uploads\\\/2025\\\/02\\\/1738749078_1200x628.jpeg\",\"width\":1200,\"height\":628},{\"@type\":\"BreadcrumbList\",\"@id\":\"https:\\\/\\\/e-ciftlik.com\\\/haberler\\\/spor\\\/erciyeste-duzenlenecek-snx-turkiye-tanitildi\\\/#breadcrumb\",\"itemListElement\":[{\"@type\":\"ListItem\",\"position\":1,\"name\":\"Anasayfa\",\"item\":\"https:\\\/\\\/e-ciftlik.com\\\/haberler\\\/\"},{\"@type\":\"ListItem\",\"position\":2,\"name\":\"&#8220;Erciyes&#8217;te D\u00fczenlenecek SNX T\u00fcrkiye Tan\u0131t\u0131ld\u0131!&#8221;\"}]},{\"@type\":\"WebSite\",\"@id\":\"https:\\\/\\\/e-ciftlik.com\\\/haberler\\\/#website\",\"url\":\"https:\\\/\\\/e-ciftlik.com\\\/haberler\\\/\",\"name\":\"E-\u00c7iftlik Haber | G\u00fcncel, Son Dakika Haberler, En Son Haber\",\"description\":\"\",\"publisher\":{\"@id\":\"https:\\\/\\\/e-ciftlik.com\\\/haberler\\\/#organization\"},\"potentialAction\":[{\"@type\":\"SearchAction\",\"target\":{\"@type\":\"EntryPoint\",\"urlTemplate\":\"https:\\\/\\\/e-ciftlik.com\\\/haberler\\\/?s={search_term_string}\"},\"query-input\":{\"@type\":\"PropertyValueSpecification\",\"valueRequired\":true,\"valueName\":\"search_term_string\"}}],\"inLanguage\":\"tr\"},{\"@type\":\"Organization\",\"@id\":\"https:\\\/\\\/e-ciftlik.com\\\/haberler\\\/#organization\",\"name\":\"E-\u00c7\u0130FTL\u0130K HABER\",\"url\":\"https:\\\/\\\/e-ciftlik.com\\\/haberler\\\/\",\"logo\":{\"@type\":\"ImageObject\",\"inLanguage\":\"tr\",\"@id\":\"https:\\\/\\\/e-ciftlik.com\\\/haberler\\\/#\\\/schema\\\/logo\\\/image\\\/\",\"url\":\"https:\\\/\\\/e-ciftlik.com\\\/haberler\\\/wp-content\\\/uploads\\\/2024\\\/06\\\/cropped-cropped-favicon-1-2.png\",\"contentUrl\":\"https:\\\/\\\/e-ciftlik.com\\\/haberler\\\/wp-content\\\/uploads\\\/2024\\\/06\\\/cropped-cropped-favicon-1-2.png\",\"width\":512,\"height\":512,\"caption\":\"E-\u00c7\u0130FTL\u0130K HABER\"},\"image\":{\"@id\":\"https:\\\/\\\/e-ciftlik.com\\\/haberler\\\/#\\\/schema\\\/logo\\\/image\\\/\"},\"sameAs\":[\"https:\\\/\\\/www.facebook.com\\\/eciftlikturkiye\",\"https:\\\/\\\/x.com\\\/eciftlikresmi\",\"https:\\\/\\\/www.instagram.com\\\/eciftlikresmi\\\/\"]},{\"@type\":\"Person\",\"@id\":\"https:\\\/\\\/e-ciftlik.com\\\/haberler\\\/#\\\/schema\\\/person\\\/d2f4fee3143d7f72be82cb887d51b00a\",\"name\":\"Haber Merkezi\",\"image\":{\"@type\":\"ImageObject\",\"inLanguage\":\"tr\",\"@id\":\"https:\\\/\\\/secure.gravatar.com\\\/avatar\\\/6c27d641914e66c1d0452c92716002398782818991d86db1c2cccb531e7c7c82?s=96&d=mm&r=g\",\"url\":\"https:\\\/\\\/secure.gravatar.com\\\/avatar\\\/6c27d641914e66c1d0452c92716002398782818991d86db1c2cccb531e7c7c82?s=96&d=mm&r=g\",\"contentUrl\":\"https:\\\/\\\/secure.gravatar.com\\\/avatar\\\/6c27d641914e66c1d0452c92716002398782818991d86db1c2cccb531e7c7c82?s=96&d=mm&r=g\",\"caption\":\"Haber Merkezi\"},\"sameAs\":[\"http:\\\/\\\/e-ciftlik.com\\\/haberler\"]}]}<\/script>\n<!-- \/ Yoast SEO Premium plugin. -->","yoast_head_json":{"title":"\"Erciyes'te D\u00fczenlenecek SNX T\u00fcrkiye Tan\u0131t\u0131ld\u0131!\" - E-&Ccedil;\u0130FTL\u0130K HABER","description":"Kayseri'de 15-16 Mart tarihlerinde Erciyes'te d\u00fczenlenecek olan Uluslararas\u0131 Motosiklet Federasyonu (FIM) D\u00fcnya Kar Motosikleti \u015eampiyonas\u0131'n\u0131n (SNX","robots":{"index":"index","follow":"follow","max-snippet":"max-snippet:-1","max-image-preview":"max-image-preview:large","max-video-preview":"max-video-preview:-1"},"canonical":"https:\/\/e-ciftlik.com\/haberler\/spor\/erciyeste-duzenlenecek-snx-turkiye-tanitildi\/","og_locale":"tr_TR","og_type":"article","og_title":"\"Erciyes'te D\u00fczenlenecek SNX T\u00fcrkiye Tan\u0131t\u0131ld\u0131!\"","og_description":"Kayseri'de 15-16 Mart tarihlerinde Erciyes'te d\u00fczenlenecek olan Uluslararas\u0131 Motosiklet Federasyonu (FIM) D\u00fcnya Kar Motosikleti \u015eampiyonas\u0131'n\u0131n (SNX","og_url":"https:\/\/e-ciftlik.com\/haberler\/spor\/erciyeste-duzenlenecek-snx-turkiye-tanitildi\/","og_site_name":"E-&Ccedil;\u0130FTL\u0130K HABER","article_publisher":"https:\/\/www.facebook.com\/eciftlikturkiye","article_published_time":"2025-02-05T09:51:16+00:00","og_image":[{"width":1200,"height":628,"url":"https:\/\/e-ciftlik.com\/haberler\/wp-content\/uploads\/2025\/02\/1738749078_1200x628.jpeg","type":"image\/jpeg"}],"author":"Haber Merkezi","twitter_card":"summary_large_image","twitter_creator":"@eciftlikresmi","twitter_site":"@eciftlikresmi","twitter_misc":{"Yazan:":"Haber Merkezi","Tahmini okuma s\u00fcresi":"1 dakika"},"schema":{"@context":"https:\/\/schema.org","@graph":[{"@type":"NewsArticle","@id":"https:\/\/e-ciftlik.com\/haberler\/spor\/erciyeste-duzenlenecek-snx-turkiye-tanitildi\/#article","isPartOf":{"@id":"https:\/\/e-ciftlik.com\/haberler\/spor\/erciyeste-duzenlenecek-snx-turkiye-tanitildi\/"},"author":{"name":"Haber Merkezi","@id":"https:\/\/e-ciftlik.com\/haberler\/#\/schema\/person\/d2f4fee3143d7f72be82cb887d51b00a"},"headline":"&#8220;Erciyes&#8217;te D\u00fczenlenecek SNX T\u00fcrkiye Tan\u0131t\u0131ld\u0131!&#8221;","datePublished":"2025-02-05T09:51:16+00:00","mainEntityOfPage":{"@id":"https:\/\/e-ciftlik.com\/haberler\/spor\/erciyeste-duzenlenecek-snx-turkiye-tanitildi\/"},"wordCount":319,"commentCount":0,"publisher":{"@id":"https:\/\/e-ciftlik.com\/haberler\/#organization"},"image":{"@id":"https:\/\/e-ciftlik.com\/haberler\/spor\/erciyeste-duzenlenecek-snx-turkiye-tanitildi\/#primaryimage"},"thumbnailUrl":"https:\/\/e-ciftlik.com\/haberler\/wp-content\/uploads\/2025\/02\/1738749078_1200x628.jpeg","articleSection":["Spor"],"inLanguage":"tr","potentialAction":[{"@type":"CommentAction","name":"Comment","target":["https:\/\/e-ciftlik.com\/haberler\/spor\/erciyeste-duzenlenecek-snx-turkiye-tanitildi\/#respond"]}]},{"@type":"WebPage","@id":"https:\/\/e-ciftlik.com\/haberler\/spor\/erciyeste-duzenlenecek-snx-turkiye-tanitildi\/","url":"https:\/\/e-ciftlik.com\/haberler\/spor\/erciyeste-duzenlenecek-snx-turkiye-tanitildi\/","name":"\"Erciyes'te D\u00fczenlenecek SNX T\u00fcrkiye Tan\u0131t\u0131ld\u0131!\" - E-&Ccedil;\u0130FTL\u0130K HABER","isPartOf":{"@id":"https:\/\/e-ciftlik.com\/haberler\/#website"},"primaryImageOfPage":{"@id":"https:\/\/e-ciftlik.com\/haberler\/spor\/erciyeste-duzenlenecek-snx-turkiye-tanitildi\/#primaryimage"},"image":{"@id":"https:\/\/e-ciftlik.com\/haberler\/spor\/erciyeste-duzenlenecek-snx-turkiye-tanitildi\/#primaryimage"},"thumbnailUrl":"https:\/\/e-ciftlik.com\/haberler\/wp-content\/uploads\/2025\/02\/1738749078_1200x628.jpeg","datePublished":"2025-02-05T09:51:16+00:00","description":"Kayseri'de 15-16 Mart tarihlerinde Erciyes'te d\u00fczenlenecek olan Uluslararas\u0131 Motosiklet Federasyonu (FIM) D\u00fcnya Kar Motosikleti \u015eampiyonas\u0131'n\u0131n (SNX","breadcrumb":{"@id":"https:\/\/e-ciftlik.com\/haberler\/spor\/erciyeste-duzenlenecek-snx-turkiye-tanitildi\/#breadcrumb"},"inLanguage":"tr","potentialAction":[{"@type":"ReadAction","target":["https:\/\/e-ciftlik.com\/haberler\/spor\/erciyeste-duzenlenecek-snx-turkiye-tanitildi\/"]}]},{"@type":"ImageObject","inLanguage":"tr","@id":"https:\/\/e-ciftlik.com\/haberler\/spor\/erciyeste-duzenlenecek-snx-turkiye-tanitildi\/#primaryimage","url":"https:\/\/e-ciftlik.com\/haberler\/wp-content\/uploads\/2025\/02\/1738749078_1200x628.jpeg","contentUrl":"https:\/\/e-ciftlik.com\/haberler\/wp-content\/uploads\/2025\/02\/1738749078_1200x628.jpeg","width":1200,"height":628},{"@type":"BreadcrumbList","@id":"https:\/\/e-ciftlik.com\/haberler\/spor\/erciyeste-duzenlenecek-snx-turkiye-tanitildi\/#breadcrumb","itemListElement":[{"@type":"ListItem","position":1,"name":"Anasayfa","item":"https:\/\/e-ciftlik.com\/haberler\/"},{"@type":"ListItem","position":2,"name":"&#8220;Erciyes&#8217;te D\u00fczenlenecek SNX T\u00fcrkiye Tan\u0131t\u0131ld\u0131!&#8221;"}]},{"@type":"WebSite","@id":"https:\/\/e-ciftlik.com\/haberler\/#website","url":"https:\/\/e-ciftlik.com\/haberler\/","name":"E-\u00c7iftlik Haber | G\u00fcncel, Son Dakika Haberler, En Son Haber","description":"","publisher":{"@id":"https:\/\/e-ciftlik.com\/haberler\/#organization"},"potentialAction":[{"@type":"SearchAction","target":{"@type":"EntryPoint","urlTemplate":"https:\/\/e-ciftlik.com\/haberler\/?s={search_term_string}"},"query-input":{"@type":"PropertyValueSpecification","valueRequired":true,"valueName":"search_term_string"}}],"inLanguage":"tr"},{"@type":"Organization","@id":"https:\/\/e-ciftlik.com\/haberler\/#organization","name":"E-\u00c7\u0130FTL\u0130K HABER","url":"https:\/\/e-ciftlik.com\/haberler\/","logo":{"@type":"ImageObject","inLanguage":"tr","@id":"https:\/\/e-ciftlik.com\/haberler\/#\/schema\/logo\/image\/","url":"https:\/\/e-ciftlik.com\/haberler\/wp-content\/uploads\/2024\/06\/cropped-cropped-favicon-1-2.png","contentUrl":"https:\/\/e-ciftlik.com\/haberler\/wp-content\/uploads\/2024\/06\/cropped-cropped-favicon-1-2.png","width":512,"height":512,"caption":"E-\u00c7\u0130FTL\u0130K HABER"},"image":{"@id":"https:\/\/e-ciftlik.com\/haberler\/#\/schema\/logo\/image\/"},"sameAs":["https:\/\/www.facebook.com\/eciftlikturkiye","https:\/\/x.com\/eciftlikresmi","https:\/\/www.instagram.com\/eciftlikresmi\/"]},{"@type":"Person","@id":"https:\/\/e-ciftlik.com\/haberler\/#\/schema\/person\/d2f4fee3143d7f72be82cb887d51b00a","name":"Haber Merkezi","image":{"@type":"ImageObject","inLanguage":"tr","@id":"https:\/\/secure.gravatar.com\/avatar\/6c27d641914e66c1d0452c92716002398782818991d86db1c2cccb531e7c7c82?s=96&d=mm&r=g","url":"https:\/\/secure.gravatar.com\/avatar\/6c27d641914e66c1d0452c92716002398782818991d86db1c2cccb531e7c7c82?s=96&d=mm&r=g","contentUrl":"https:\/\/secure.gravatar.com\/avatar\/6c27d641914e66c1d0452c92716002398782818991d86db1c2cccb531e7c7c82?s=96&d=mm&r=g","caption":"Haber Merkezi"},"sameAs":["http:\/\/e-ciftlik.com\/haberler"]}]}},"_links":{"self":[{"href":"https:\/\/e-ciftlik.com\/haberler\/wp-json\/wp\/v2\/posts\/78354","targetHints":{"allow":["GET"]}}],"collection":[{"href":"https:\/\/e-ciftlik.com\/haberler\/wp-json\/wp\/v2\/posts"}],"about":[{"href":"https:\/\/e-ciftlik.com\/haberler\/wp-json\/wp\/v2\/types\/post"}],"author":[{"embeddable":true,"href":"https:\/\/e-ciftlik.com\/haberler\/wp-json\/wp\/v2\/users\/1"}],"replies":[{"embeddable":true,"href":"https:\/\/e-ciftlik.com\/haberler\/wp-json\/wp\/v2\/comments?post=78354"}],"version-history":[{"count":0,"href":"https:\/\/e-ciftlik.com\/haberler\/wp-json\/wp\/v2\/posts\/78354\/revisions"}],"wp:featuredmedia":[{"embeddable":true,"href":"https:\/\/e-ciftlik.com\/haberler\/wp-json\/wp\/v2\/media\/78355"}],"wp:attachment":[{"href":"https:\/\/e-ciftlik.com\/haberler\/wp-json\/wp\/v2\/media?parent=78354"}],"wp:term":[{"taxonomy":"category","embeddable":true,"href":"https:\/\/e-ciftlik.com\/haberler\/wp-json\/wp\/v2\/categories?post=78354"},{"taxonomy":"post_tag","embeddable":true,"href":"https:\/\/e-ciftlik.com\/haberler\/wp-json\/wp\/v2\/tags?post=78354"}],"curies":[{"name":"wp","href":"https:\/\/api.w.org\/{rel}","templated":true}]}}