{"id":78540,"date":"2025-02-05T18:17:28","date_gmt":"2025-02-05T18:17:28","guid":{"rendered":"http:\/\/e-ciftlik.com\/haberler\/spor\/fenerbahcenin-teknik-direktoru-mourinhodan-erzurumspor-yorumu\/"},"modified":"2025-02-05T18:17:28","modified_gmt":"2025-02-05T18:17:28","slug":"fenerbahcenin-teknik-direktoru-mourinhodan-erzurumspor-yorumu","status":"publish","type":"post","link":"https:\/\/e-ciftlik.com\/haberler\/spor\/fenerbahcenin-teknik-direktoru-mourinhodan-erzurumspor-yorumu\/","title":{"rendered":"&#8220;Fenerbah\u00e7e&#8217;nin Teknik Direkt\u00f6r\u00fc Mourinho&#8217;dan Erzurumspor Yorumu&#8221;"},"content":{"rendered":"<p> Fenerbah\u00e7e, Ziraat T\u00fcrkiye Kupas\u0131 2. hafta ma\u00e7\u0131nda Erzurumspor FK&#8217;y\u0131 konuk edecek. Teknik direkt\u00f6r Jose Mourinho, ma\u00e7 \u00f6ncesinde \u00f6nemli a\u00e7\u0131klamalarda bulundu.<\/p>\n<p>Portekizli teknik adam, &#8220;Bu ma\u00e7tan al\u0131nacak olan 3 puan\u0131n \u00e7ok zor olaca\u011f\u0131n\u0131 d\u00fc\u015f\u00fcn\u00fcyorum. \u0130yi bir tak\u0131ma kar\u015f\u0131 oynayaca\u011f\u0131z. S\u00fcper Lig&#8217;deki bir\u00e7ok tak\u0131mdan farks\u0131zlar. Bir \u00fcst lig i\u00e7in sava\u015f\u0131yorlar. Fiziksel olarak g\u00fc\u00e7l\u00fcler, kalabal\u0131k \u015fekilde savunuyorlar ve kontratak oynuyorlar. Zorlu bir m\u00fccadele olacak. Son ma\u00e7a g\u00f6re bir\u00e7ok de\u011fi\u015fiklik yapt\u0131k. \u00d6n\u00fcm\u00fczde zorlu bir fikst\u00fcr var. \u0130kinci yar\u0131da de\u011fi\u015fiklik yapmam gerekebilir diye zengin bir kul\u00fcbem var&#8221; dedi.<\/p>\n<p>Mourinho, Avrupa Ligi listesi i\u00e7in karar\u0131n\u0131 verdi\u011fini belirterek, &#8220;Bug\u00fcnk\u00fc ma\u00e7, Avrupa Ligi listesi i\u00e7in karar\u0131m\u0131 etkilemeyecek. Yeniler i\u00e7in bu ma\u00e7 bir f\u0131rsat olacak. Talisca i\u00e7in de \u00f6nemli bir f\u0131rsat. \u015eu anki fiziksel durumu k\u0131r\u0131lgan, teknik a\u00e7\u0131dan ise m\u00fckemmel. Talisca&#8217;n\u0131n biraz daha ma\u00e7 s\u00fcresi almaya ihtiyac\u0131 var. Tahminime g\u00f6re 60 dakika kadar oynayabilir. Skriniar da ma\u00e7a ba\u015flayacak. PSG&#8217;de az \u015fans bulmu\u015ftu, ma\u00e7 dakikalar\u0131na ihtiyac\u0131 var. Diego Carlos&#8217;u ise koruyorum, \u00e7\u00fcnk\u00fc Djiku ve \u00c7a\u011flar bir \u00f6nceki ma\u00e7ta forma giymemi\u015fti&#8221; ifadelerini kulland\u0131.<\/p>\n<p>Talisca i\u00e7in bu ma\u00e7\u0131n bir f\u0131rsat oldu\u011funu vurgulayan Mourinho, &#8220;Talisca i\u00e7in bu ma\u00e7 bir f\u0131rsat. \u015eu anki fiziksel durumu k\u0131r\u0131lgan, teknik olarak m\u00fckemmel. Talisca&#8217;n\u0131n biraz ma\u00e7 s\u00fcresi almaya ihtiyac\u0131 var. 60 dakika kadar oynayabilir tahminimce&#8221; \u015feklinde konu\u015ftu.<\/p>\n","protected":false},"excerpt":{"rendered":"<p>Fenerbah\u00e7e, Ziraat T\u00fcrkiye Kupas\u0131 2. hafta ma\u00e7\u0131nda Erzurumspor FK&#8217;y\u0131 konuk edecek. Teknik direkt\u00f6r Jose Mourinho,&hellip;<\/p>\n","protected":false},"author":1,"featured_media":78541,"comment_status":"open","ping_status":"open","sticky":false,"template":"","format":"standard","meta":{"footnotes":""},"categories":[7],"tags":[],"class_list":["post-78540","post","type-post","status-publish","format-standard","has-post-thumbnail","hentry","category-spor"],"yoast_head":"<!-- This site is optimized with the Yoast SEO Premium plugin v24.3 (Yoast SEO v27.4) - https:\/\/yoast.com\/product\/yoast-seo-premium-wordpress\/ -->\n<title>&quot;Fenerbah\u00e7e&#039;nin Teknik Direkt\u00f6r\u00fc Mourinho&#039;dan Erzurumspor Yorumu&quot; - E-&Ccedil;\u0130FTL\u0130K HABER<\/title>\n<meta name=\"description\" content=\"Fenerbah\u00e7e, Ziraat T\u00fcrkiye Kupas\u0131 2. hafta ma\u00e7\u0131nda Erzurumspor FK&#039;y\u0131 konuk edecek. Teknik direkt\u00f6r Jose Mourinho, ma\u00e7 \u00f6ncesinde \u00f6nemli a\u00e7\u0131klamalarda\" \/>\n<meta name=\"robots\" content=\"index, follow, max-snippet:-1, max-image-preview:large, max-video-preview:-1\" \/>\n<link rel=\"canonical\" href=\"https:\/\/e-ciftlik.com\/haberler\/spor\/fenerbahcenin-teknik-direktoru-mourinhodan-erzurumspor-yorumu\/\" \/>\n<meta property=\"og:locale\" content=\"tr_TR\" \/>\n<meta property=\"og:type\" content=\"article\" \/>\n<meta property=\"og:title\" content=\"&quot;Fenerbah\u00e7e&#039;nin Teknik Direkt\u00f6r\u00fc Mourinho&#039;dan Erzurumspor Yorumu&quot;\" \/>\n<meta property=\"og:description\" content=\"Fenerbah\u00e7e, Ziraat T\u00fcrkiye Kupas\u0131 2. hafta ma\u00e7\u0131nda Erzurumspor FK&#039;y\u0131 konuk edecek. Teknik direkt\u00f6r Jose Mourinho, ma\u00e7 \u00f6ncesinde \u00f6nemli a\u00e7\u0131klamalarda\" \/>\n<meta property=\"og:url\" content=\"https:\/\/e-ciftlik.com\/haberler\/spor\/fenerbahcenin-teknik-direktoru-mourinhodan-erzurumspor-yorumu\/\" \/>\n<meta property=\"og:site_name\" content=\"E-&Ccedil;\u0130FTL\u0130K HABER\" \/>\n<meta property=\"article:publisher\" content=\"https:\/\/www.facebook.com\/eciftlikturkiye\" \/>\n<meta property=\"article:published_time\" content=\"2025-02-05T18:17:28+00:00\" \/>\n<meta property=\"og:image\" content=\"https:\/\/e-ciftlik.com\/haberler\/wp-content\/uploads\/2025\/02\/1738779449_1200x628.jpeg\" \/>\n\t<meta property=\"og:image:width\" content=\"1200\" \/>\n\t<meta property=\"og:image:height\" content=\"628\" \/>\n\t<meta property=\"og:image:type\" content=\"image\/jpeg\" \/>\n<meta name=\"author\" content=\"Haber Merkezi\" \/>\n<meta name=\"twitter:card\" content=\"summary_large_image\" \/>\n<meta name=\"twitter:creator\" content=\"@eciftlikresmi\" \/>\n<meta name=\"twitter:site\" content=\"@eciftlikresmi\" \/>\n<meta name=\"twitter:label1\" content=\"Yazan:\" \/>\n\t<meta name=\"twitter:data1\" content=\"Haber Merkezi\" \/>\n\t<meta name=\"twitter:label2\" content=\"Tahmini okuma s\u00fcresi\" \/>\n\t<meta name=\"twitter:data2\" content=\"1 dakika\" \/>\n<script type=\"application\/ld+json\" class=\"yoast-schema-graph\">{\"@context\":\"https:\\\/\\\/schema.org\",\"@graph\":[{\"@type\":\"NewsArticle\",\"@id\":\"https:\\\/\\\/e-ciftlik.com\\\/haberler\\\/spor\\\/fenerbahcenin-teknik-direktoru-mourinhodan-erzurumspor-yorumu\\\/#article\",\"isPartOf\":{\"@id\":\"https:\\\/\\\/e-ciftlik.com\\\/haberler\\\/spor\\\/fenerbahcenin-teknik-direktoru-mourinhodan-erzurumspor-yorumu\\\/\"},\"author\":{\"name\":\"Haber Merkezi\",\"@id\":\"https:\\\/\\\/e-ciftlik.com\\\/haberler\\\/#\\\/schema\\\/person\\\/d2f4fee3143d7f72be82cb887d51b00a\"},\"headline\":\"&#8220;Fenerbah\u00e7e&#8217;nin Teknik Direkt\u00f6r\u00fc Mourinho&#8217;dan Erzurumspor Yorumu&#8221;\",\"datePublished\":\"2025-02-05T18:17:28+00:00\",\"mainEntityOfPage\":{\"@id\":\"https:\\\/\\\/e-ciftlik.com\\\/haberler\\\/spor\\\/fenerbahcenin-teknik-direktoru-mourinhodan-erzurumspor-yorumu\\\/\"},\"wordCount\":283,\"commentCount\":0,\"publisher\":{\"@id\":\"https:\\\/\\\/e-ciftlik.com\\\/haberler\\\/#organization\"},\"image\":{\"@id\":\"https:\\\/\\\/e-ciftlik.com\\\/haberler\\\/spor\\\/fenerbahcenin-teknik-direktoru-mourinhodan-erzurumspor-yorumu\\\/#primaryimage\"},\"thumbnailUrl\":\"https:\\\/\\\/e-ciftlik.com\\\/haberler\\\/wp-content\\\/uploads\\\/2025\\\/02\\\/1738779449_1200x628.jpeg\",\"articleSection\":[\"Spor\"],\"inLanguage\":\"tr\",\"potentialAction\":[{\"@type\":\"CommentAction\",\"name\":\"Comment\",\"target\":[\"https:\\\/\\\/e-ciftlik.com\\\/haberler\\\/spor\\\/fenerbahcenin-teknik-direktoru-mourinhodan-erzurumspor-yorumu\\\/#respond\"]}]},{\"@type\":\"WebPage\",\"@id\":\"https:\\\/\\\/e-ciftlik.com\\\/haberler\\\/spor\\\/fenerbahcenin-teknik-direktoru-mourinhodan-erzurumspor-yorumu\\\/\",\"url\":\"https:\\\/\\\/e-ciftlik.com\\\/haberler\\\/spor\\\/fenerbahcenin-teknik-direktoru-mourinhodan-erzurumspor-yorumu\\\/\",\"name\":\"\\\"Fenerbah\u00e7e'nin Teknik Direkt\u00f6r\u00fc Mourinho'dan Erzurumspor Yorumu\\\" - E-&Ccedil;\u0130FTL\u0130K HABER\",\"isPartOf\":{\"@id\":\"https:\\\/\\\/e-ciftlik.com\\\/haberler\\\/#website\"},\"primaryImageOfPage\":{\"@id\":\"https:\\\/\\\/e-ciftlik.com\\\/haberler\\\/spor\\\/fenerbahcenin-teknik-direktoru-mourinhodan-erzurumspor-yorumu\\\/#primaryimage\"},\"image\":{\"@id\":\"https:\\\/\\\/e-ciftlik.com\\\/haberler\\\/spor\\\/fenerbahcenin-teknik-direktoru-mourinhodan-erzurumspor-yorumu\\\/#primaryimage\"},\"thumbnailUrl\":\"https:\\\/\\\/e-ciftlik.com\\\/haberler\\\/wp-content\\\/uploads\\\/2025\\\/02\\\/1738779449_1200x628.jpeg\",\"datePublished\":\"2025-02-05T18:17:28+00:00\",\"description\":\"Fenerbah\u00e7e, Ziraat T\u00fcrkiye Kupas\u0131 2. hafta ma\u00e7\u0131nda Erzurumspor FK'y\u0131 konuk edecek. Teknik direkt\u00f6r Jose Mourinho, ma\u00e7 \u00f6ncesinde \u00f6nemli a\u00e7\u0131klamalarda\",\"breadcrumb\":{\"@id\":\"https:\\\/\\\/e-ciftlik.com\\\/haberler\\\/spor\\\/fenerbahcenin-teknik-direktoru-mourinhodan-erzurumspor-yorumu\\\/#breadcrumb\"},\"inLanguage\":\"tr\",\"potentialAction\":[{\"@type\":\"ReadAction\",\"target\":[\"https:\\\/\\\/e-ciftlik.com\\\/haberler\\\/spor\\\/fenerbahcenin-teknik-direktoru-mourinhodan-erzurumspor-yorumu\\\/\"]}]},{\"@type\":\"ImageObject\",\"inLanguage\":\"tr\",\"@id\":\"https:\\\/\\\/e-ciftlik.com\\\/haberler\\\/spor\\\/fenerbahcenin-teknik-direktoru-mourinhodan-erzurumspor-yorumu\\\/#primaryimage\",\"url\":\"https:\\\/\\\/e-ciftlik.com\\\/haberler\\\/wp-content\\\/uploads\\\/2025\\\/02\\\/1738779449_1200x628.jpeg\",\"contentUrl\":\"https:\\\/\\\/e-ciftlik.com\\\/haberler\\\/wp-content\\\/uploads\\\/2025\\\/02\\\/1738779449_1200x628.jpeg\",\"width\":1200,\"height\":628},{\"@type\":\"BreadcrumbList\",\"@id\":\"https:\\\/\\\/e-ciftlik.com\\\/haberler\\\/spor\\\/fenerbahcenin-teknik-direktoru-mourinhodan-erzurumspor-yorumu\\\/#breadcrumb\",\"itemListElement\":[{\"@type\":\"ListItem\",\"position\":1,\"name\":\"Anasayfa\",\"item\":\"https:\\\/\\\/e-ciftlik.com\\\/haberler\\\/\"},{\"@type\":\"ListItem\",\"position\":2,\"name\":\"&#8220;Fenerbah\u00e7e&#8217;nin Teknik Direkt\u00f6r\u00fc Mourinho&#8217;dan Erzurumspor Yorumu&#8221;\"}]},{\"@type\":\"WebSite\",\"@id\":\"https:\\\/\\\/e-ciftlik.com\\\/haberler\\\/#website\",\"url\":\"https:\\\/\\\/e-ciftlik.com\\\/haberler\\\/\",\"name\":\"E-\u00c7iftlik Haber | G\u00fcncel, Son Dakika Haberler, En Son Haber\",\"description\":\"\",\"publisher\":{\"@id\":\"https:\\\/\\\/e-ciftlik.com\\\/haberler\\\/#organization\"},\"potentialAction\":[{\"@type\":\"SearchAction\",\"target\":{\"@type\":\"EntryPoint\",\"urlTemplate\":\"https:\\\/\\\/e-ciftlik.com\\\/haberler\\\/?s={search_term_string}\"},\"query-input\":{\"@type\":\"PropertyValueSpecification\",\"valueRequired\":true,\"valueName\":\"search_term_string\"}}],\"inLanguage\":\"tr\"},{\"@type\":\"Organization\",\"@id\":\"https:\\\/\\\/e-ciftlik.com\\\/haberler\\\/#organization\",\"name\":\"E-\u00c7\u0130FTL\u0130K HABER\",\"url\":\"https:\\\/\\\/e-ciftlik.com\\\/haberler\\\/\",\"logo\":{\"@type\":\"ImageObject\",\"inLanguage\":\"tr\",\"@id\":\"https:\\\/\\\/e-ciftlik.com\\\/haberler\\\/#\\\/schema\\\/logo\\\/image\\\/\",\"url\":\"https:\\\/\\\/e-ciftlik.com\\\/haberler\\\/wp-content\\\/uploads\\\/2024\\\/06\\\/cropped-cropped-favicon-1-2.png\",\"contentUrl\":\"https:\\\/\\\/e-ciftlik.com\\\/haberler\\\/wp-content\\\/uploads\\\/2024\\\/06\\\/cropped-cropped-favicon-1-2.png\",\"width\":512,\"height\":512,\"caption\":\"E-\u00c7\u0130FTL\u0130K HABER\"},\"image\":{\"@id\":\"https:\\\/\\\/e-ciftlik.com\\\/haberler\\\/#\\\/schema\\\/logo\\\/image\\\/\"},\"sameAs\":[\"https:\\\/\\\/www.facebook.com\\\/eciftlikturkiye\",\"https:\\\/\\\/x.com\\\/eciftlikresmi\",\"https:\\\/\\\/www.instagram.com\\\/eciftlikresmi\\\/\"]},{\"@type\":\"Person\",\"@id\":\"https:\\\/\\\/e-ciftlik.com\\\/haberler\\\/#\\\/schema\\\/person\\\/d2f4fee3143d7f72be82cb887d51b00a\",\"name\":\"Haber Merkezi\",\"image\":{\"@type\":\"ImageObject\",\"inLanguage\":\"tr\",\"@id\":\"https:\\\/\\\/secure.gravatar.com\\\/avatar\\\/6c27d641914e66c1d0452c92716002398782818991d86db1c2cccb531e7c7c82?s=96&d=mm&r=g\",\"url\":\"https:\\\/\\\/secure.gravatar.com\\\/avatar\\\/6c27d641914e66c1d0452c92716002398782818991d86db1c2cccb531e7c7c82?s=96&d=mm&r=g\",\"contentUrl\":\"https:\\\/\\\/secure.gravatar.com\\\/avatar\\\/6c27d641914e66c1d0452c92716002398782818991d86db1c2cccb531e7c7c82?s=96&d=mm&r=g\",\"caption\":\"Haber Merkezi\"},\"sameAs\":[\"http:\\\/\\\/e-ciftlik.com\\\/haberler\"]}]}<\/script>\n<!-- \/ Yoast SEO Premium plugin. -->","yoast_head_json":{"title":"\"Fenerbah\u00e7e'nin Teknik Direkt\u00f6r\u00fc Mourinho'dan Erzurumspor Yorumu\" - E-&Ccedil;\u0130FTL\u0130K HABER","description":"Fenerbah\u00e7e, Ziraat T\u00fcrkiye Kupas\u0131 2. hafta ma\u00e7\u0131nda Erzurumspor FK'y\u0131 konuk edecek. Teknik direkt\u00f6r Jose Mourinho, ma\u00e7 \u00f6ncesinde \u00f6nemli a\u00e7\u0131klamalarda","robots":{"index":"index","follow":"follow","max-snippet":"max-snippet:-1","max-image-preview":"max-image-preview:large","max-video-preview":"max-video-preview:-1"},"canonical":"https:\/\/e-ciftlik.com\/haberler\/spor\/fenerbahcenin-teknik-direktoru-mourinhodan-erzurumspor-yorumu\/","og_locale":"tr_TR","og_type":"article","og_title":"\"Fenerbah\u00e7e'nin Teknik Direkt\u00f6r\u00fc Mourinho'dan Erzurumspor Yorumu\"","og_description":"Fenerbah\u00e7e, Ziraat T\u00fcrkiye Kupas\u0131 2. hafta ma\u00e7\u0131nda Erzurumspor FK'y\u0131 konuk edecek. Teknik direkt\u00f6r Jose Mourinho, ma\u00e7 \u00f6ncesinde \u00f6nemli a\u00e7\u0131klamalarda","og_url":"https:\/\/e-ciftlik.com\/haberler\/spor\/fenerbahcenin-teknik-direktoru-mourinhodan-erzurumspor-yorumu\/","og_site_name":"E-&Ccedil;\u0130FTL\u0130K HABER","article_publisher":"https:\/\/www.facebook.com\/eciftlikturkiye","article_published_time":"2025-02-05T18:17:28+00:00","og_image":[{"width":1200,"height":628,"url":"https:\/\/e-ciftlik.com\/haberler\/wp-content\/uploads\/2025\/02\/1738779449_1200x628.jpeg","type":"image\/jpeg"}],"author":"Haber Merkezi","twitter_card":"summary_large_image","twitter_creator":"@eciftlikresmi","twitter_site":"@eciftlikresmi","twitter_misc":{"Yazan:":"Haber Merkezi","Tahmini okuma s\u00fcresi":"1 dakika"},"schema":{"@context":"https:\/\/schema.org","@graph":[{"@type":"NewsArticle","@id":"https:\/\/e-ciftlik.com\/haberler\/spor\/fenerbahcenin-teknik-direktoru-mourinhodan-erzurumspor-yorumu\/#article","isPartOf":{"@id":"https:\/\/e-ciftlik.com\/haberler\/spor\/fenerbahcenin-teknik-direktoru-mourinhodan-erzurumspor-yorumu\/"},"author":{"name":"Haber Merkezi","@id":"https:\/\/e-ciftlik.com\/haberler\/#\/schema\/person\/d2f4fee3143d7f72be82cb887d51b00a"},"headline":"&#8220;Fenerbah\u00e7e&#8217;nin Teknik Direkt\u00f6r\u00fc Mourinho&#8217;dan Erzurumspor Yorumu&#8221;","datePublished":"2025-02-05T18:17:28+00:00","mainEntityOfPage":{"@id":"https:\/\/e-ciftlik.com\/haberler\/spor\/fenerbahcenin-teknik-direktoru-mourinhodan-erzurumspor-yorumu\/"},"wordCount":283,"commentCount":0,"publisher":{"@id":"https:\/\/e-ciftlik.com\/haberler\/#organization"},"image":{"@id":"https:\/\/e-ciftlik.com\/haberler\/spor\/fenerbahcenin-teknik-direktoru-mourinhodan-erzurumspor-yorumu\/#primaryimage"},"thumbnailUrl":"https:\/\/e-ciftlik.com\/haberler\/wp-content\/uploads\/2025\/02\/1738779449_1200x628.jpeg","articleSection":["Spor"],"inLanguage":"tr","potentialAction":[{"@type":"CommentAction","name":"Comment","target":["https:\/\/e-ciftlik.com\/haberler\/spor\/fenerbahcenin-teknik-direktoru-mourinhodan-erzurumspor-yorumu\/#respond"]}]},{"@type":"WebPage","@id":"https:\/\/e-ciftlik.com\/haberler\/spor\/fenerbahcenin-teknik-direktoru-mourinhodan-erzurumspor-yorumu\/","url":"https:\/\/e-ciftlik.com\/haberler\/spor\/fenerbahcenin-teknik-direktoru-mourinhodan-erzurumspor-yorumu\/","name":"\"Fenerbah\u00e7e'nin Teknik Direkt\u00f6r\u00fc Mourinho'dan Erzurumspor Yorumu\" - E-&Ccedil;\u0130FTL\u0130K HABER","isPartOf":{"@id":"https:\/\/e-ciftlik.com\/haberler\/#website"},"primaryImageOfPage":{"@id":"https:\/\/e-ciftlik.com\/haberler\/spor\/fenerbahcenin-teknik-direktoru-mourinhodan-erzurumspor-yorumu\/#primaryimage"},"image":{"@id":"https:\/\/e-ciftlik.com\/haberler\/spor\/fenerbahcenin-teknik-direktoru-mourinhodan-erzurumspor-yorumu\/#primaryimage"},"thumbnailUrl":"https:\/\/e-ciftlik.com\/haberler\/wp-content\/uploads\/2025\/02\/1738779449_1200x628.jpeg","datePublished":"2025-02-05T18:17:28+00:00","description":"Fenerbah\u00e7e, Ziraat T\u00fcrkiye Kupas\u0131 2. hafta ma\u00e7\u0131nda Erzurumspor FK'y\u0131 konuk edecek. Teknik direkt\u00f6r Jose Mourinho, ma\u00e7 \u00f6ncesinde \u00f6nemli a\u00e7\u0131klamalarda","breadcrumb":{"@id":"https:\/\/e-ciftlik.com\/haberler\/spor\/fenerbahcenin-teknik-direktoru-mourinhodan-erzurumspor-yorumu\/#breadcrumb"},"inLanguage":"tr","potentialAction":[{"@type":"ReadAction","target":["https:\/\/e-ciftlik.com\/haberler\/spor\/fenerbahcenin-teknik-direktoru-mourinhodan-erzurumspor-yorumu\/"]}]},{"@type":"ImageObject","inLanguage":"tr","@id":"https:\/\/e-ciftlik.com\/haberler\/spor\/fenerbahcenin-teknik-direktoru-mourinhodan-erzurumspor-yorumu\/#primaryimage","url":"https:\/\/e-ciftlik.com\/haberler\/wp-content\/uploads\/2025\/02\/1738779449_1200x628.jpeg","contentUrl":"https:\/\/e-ciftlik.com\/haberler\/wp-content\/uploads\/2025\/02\/1738779449_1200x628.jpeg","width":1200,"height":628},{"@type":"BreadcrumbList","@id":"https:\/\/e-ciftlik.com\/haberler\/spor\/fenerbahcenin-teknik-direktoru-mourinhodan-erzurumspor-yorumu\/#breadcrumb","itemListElement":[{"@type":"ListItem","position":1,"name":"Anasayfa","item":"https:\/\/e-ciftlik.com\/haberler\/"},{"@type":"ListItem","position":2,"name":"&#8220;Fenerbah\u00e7e&#8217;nin Teknik Direkt\u00f6r\u00fc Mourinho&#8217;dan Erzurumspor Yorumu&#8221;"}]},{"@type":"WebSite","@id":"https:\/\/e-ciftlik.com\/haberler\/#website","url":"https:\/\/e-ciftlik.com\/haberler\/","name":"E-\u00c7iftlik Haber | G\u00fcncel, Son Dakika Haberler, En Son Haber","description":"","publisher":{"@id":"https:\/\/e-ciftlik.com\/haberler\/#organization"},"potentialAction":[{"@type":"SearchAction","target":{"@type":"EntryPoint","urlTemplate":"https:\/\/e-ciftlik.com\/haberler\/?s={search_term_string}"},"query-input":{"@type":"PropertyValueSpecification","valueRequired":true,"valueName":"search_term_string"}}],"inLanguage":"tr"},{"@type":"Organization","@id":"https:\/\/e-ciftlik.com\/haberler\/#organization","name":"E-\u00c7\u0130FTL\u0130K HABER","url":"https:\/\/e-ciftlik.com\/haberler\/","logo":{"@type":"ImageObject","inLanguage":"tr","@id":"https:\/\/e-ciftlik.com\/haberler\/#\/schema\/logo\/image\/","url":"https:\/\/e-ciftlik.com\/haberler\/wp-content\/uploads\/2024\/06\/cropped-cropped-favicon-1-2.png","contentUrl":"https:\/\/e-ciftlik.com\/haberler\/wp-content\/uploads\/2024\/06\/cropped-cropped-favicon-1-2.png","width":512,"height":512,"caption":"E-\u00c7\u0130FTL\u0130K HABER"},"image":{"@id":"https:\/\/e-ciftlik.com\/haberler\/#\/schema\/logo\/image\/"},"sameAs":["https:\/\/www.facebook.com\/eciftlikturkiye","https:\/\/x.com\/eciftlikresmi","https:\/\/www.instagram.com\/eciftlikresmi\/"]},{"@type":"Person","@id":"https:\/\/e-ciftlik.com\/haberler\/#\/schema\/person\/d2f4fee3143d7f72be82cb887d51b00a","name":"Haber Merkezi","image":{"@type":"ImageObject","inLanguage":"tr","@id":"https:\/\/secure.gravatar.com\/avatar\/6c27d641914e66c1d0452c92716002398782818991d86db1c2cccb531e7c7c82?s=96&d=mm&r=g","url":"https:\/\/secure.gravatar.com\/avatar\/6c27d641914e66c1d0452c92716002398782818991d86db1c2cccb531e7c7c82?s=96&d=mm&r=g","contentUrl":"https:\/\/secure.gravatar.com\/avatar\/6c27d641914e66c1d0452c92716002398782818991d86db1c2cccb531e7c7c82?s=96&d=mm&r=g","caption":"Haber Merkezi"},"sameAs":["http:\/\/e-ciftlik.com\/haberler"]}]}},"_links":{"self":[{"href":"https:\/\/e-ciftlik.com\/haberler\/wp-json\/wp\/v2\/posts\/78540","targetHints":{"allow":["GET"]}}],"collection":[{"href":"https:\/\/e-ciftlik.com\/haberler\/wp-json\/wp\/v2\/posts"}],"about":[{"href":"https:\/\/e-ciftlik.com\/haberler\/wp-json\/wp\/v2\/types\/post"}],"author":[{"embeddable":true,"href":"https:\/\/e-ciftlik.com\/haberler\/wp-json\/wp\/v2\/users\/1"}],"replies":[{"embeddable":true,"href":"https:\/\/e-ciftlik.com\/haberler\/wp-json\/wp\/v2\/comments?post=78540"}],"version-history":[{"count":0,"href":"https:\/\/e-ciftlik.com\/haberler\/wp-json\/wp\/v2\/posts\/78540\/revisions"}],"wp:featuredmedia":[{"embeddable":true,"href":"https:\/\/e-ciftlik.com\/haberler\/wp-json\/wp\/v2\/media\/78541"}],"wp:attachment":[{"href":"https:\/\/e-ciftlik.com\/haberler\/wp-json\/wp\/v2\/media?parent=78540"}],"wp:term":[{"taxonomy":"category","embeddable":true,"href":"https:\/\/e-ciftlik.com\/haberler\/wp-json\/wp\/v2\/categories?post=78540"},{"taxonomy":"post_tag","embeddable":true,"href":"https:\/\/e-ciftlik.com\/haberler\/wp-json\/wp\/v2\/tags?post=78540"}],"curies":[{"name":"wp","href":"https:\/\/api.w.org\/{rel}","templated":true}]}}