{"id":78547,"date":"2025-02-05T18:34:50","date_gmt":"2025-02-05T18:34:50","guid":{"rendered":"http:\/\/e-ciftlik.com\/haberler\/spor\/genclerbirligi-portekizli-oyuncu-jocayi-transfer-etti\/"},"modified":"2025-02-05T18:34:50","modified_gmt":"2025-02-05T18:34:50","slug":"genclerbirligi-portekizli-oyuncu-jocayi-transfer-etti","status":"publish","type":"post","link":"https:\/\/e-ciftlik.com\/haberler\/spor\/genclerbirligi-portekizli-oyuncu-jocayi-transfer-etti\/","title":{"rendered":"Gen\u00e7lerbirli\u011fi, Portekizli oyuncu Joca&#8217;y\u0131 transfer etti"},"content":{"rendered":"<p>Gen\u00e7lerbirli\u011fi, Trendyol 1. Lig&#8217;de 4. s\u0131rada bulunan bir tak\u0131m olarak ara transfer \u00e7al\u0131\u015fmalar\u0131na h\u0131z veriyor. Ba\u015fkent temsilcisi, Portekizli orta saha oyuncusu Jorge Samuel Figueiredo Fernandes&#8217;i (Joca) kadrosuna katt\u0131. Kul\u00fcpten yap\u0131lan a\u00e7\u0131klamaya g\u00f6re, 29 ya\u015f\u0131ndaki oyuncu son olarak \u00c7in S\u00fcper Lig tak\u0131mlar\u0131ndan Wuhan Three Towns formas\u0131 giyiyordu ve Gen\u00e7lerbirli\u011fi ile 1,5 y\u0131ll\u0131k s\u00f6zle\u015fme imzalad\u0131. Portekizli futbolcu kariyerinin b\u00fcy\u00fck bir k\u0131sm\u0131n\u0131 \u00fclkesinde ge\u00e7irdi ve Braga, Tondela, Rio Ave ve Leixoes gibi tak\u0131mlarda oynad\u0131.<\/p>\n","protected":false},"excerpt":{"rendered":"<p>Gen\u00e7lerbirli\u011fi, Trendyol 1. Lig&#8217;de 4. s\u0131rada bulunan bir tak\u0131m olarak ara transfer \u00e7al\u0131\u015fmalar\u0131na h\u0131z veriyor.&hellip;<\/p>\n","protected":false},"author":1,"featured_media":78548,"comment_status":"open","ping_status":"open","sticky":false,"template":"","format":"standard","meta":{"footnotes":""},"categories":[7],"tags":[],"class_list":["post-78547","post","type-post","status-publish","format-standard","has-post-thumbnail","hentry","category-spor"],"yoast_head":"<!-- This site is optimized with the Yoast SEO Premium plugin v24.3 (Yoast SEO v27.4) - https:\/\/yoast.com\/product\/yoast-seo-premium-wordpress\/ -->\n<title>Gen\u00e7lerbirli\u011fi, Portekizli oyuncu Joca&#039;y\u0131 transfer etti - E-&Ccedil;\u0130FTL\u0130K HABER<\/title>\n<meta name=\"description\" content=\"Gen\u00e7lerbirli\u011fi, Trendyol 1. Lig&#039;de 4. s\u0131rada bulunan bir tak\u0131m olarak ara transfer \u00e7al\u0131\u015fmalar\u0131na h\u0131z veriyor. Ba\u015fkent temsilcisi, Portekizli orta saha\" \/>\n<meta name=\"robots\" content=\"index, follow, max-snippet:-1, max-image-preview:large, max-video-preview:-1\" \/>\n<link rel=\"canonical\" href=\"https:\/\/e-ciftlik.com\/haberler\/spor\/genclerbirligi-portekizli-oyuncu-jocayi-transfer-etti\/\" \/>\n<meta property=\"og:locale\" content=\"tr_TR\" \/>\n<meta property=\"og:type\" content=\"article\" \/>\n<meta property=\"og:title\" content=\"Gen\u00e7lerbirli\u011fi, Portekizli oyuncu Joca&#039;y\u0131 transfer etti\" \/>\n<meta property=\"og:description\" content=\"Gen\u00e7lerbirli\u011fi, Trendyol 1. Lig&#039;de 4. s\u0131rada bulunan bir tak\u0131m olarak ara transfer \u00e7al\u0131\u015fmalar\u0131na h\u0131z veriyor. Ba\u015fkent temsilcisi, Portekizli orta saha\" \/>\n<meta property=\"og:url\" content=\"https:\/\/e-ciftlik.com\/haberler\/spor\/genclerbirligi-portekizli-oyuncu-jocayi-transfer-etti\/\" \/>\n<meta property=\"og:site_name\" content=\"E-&Ccedil;\u0130FTL\u0130K HABER\" \/>\n<meta property=\"article:publisher\" content=\"https:\/\/www.facebook.com\/eciftlikturkiye\" \/>\n<meta property=\"article:published_time\" content=\"2025-02-05T18:34:50+00:00\" \/>\n<meta property=\"og:image\" content=\"https:\/\/e-ciftlik.com\/haberler\/wp-content\/uploads\/2025\/02\/1738780491_1200x628.jpeg\" \/>\n\t<meta property=\"og:image:width\" content=\"1200\" \/>\n\t<meta property=\"og:image:height\" content=\"628\" \/>\n\t<meta property=\"og:image:type\" content=\"image\/jpeg\" \/>\n<meta name=\"author\" content=\"Haber Merkezi\" \/>\n<meta name=\"twitter:card\" content=\"summary_large_image\" \/>\n<meta name=\"twitter:creator\" content=\"@eciftlikresmi\" \/>\n<meta name=\"twitter:site\" content=\"@eciftlikresmi\" \/>\n<meta name=\"twitter:label1\" content=\"Yazan:\" \/>\n\t<meta name=\"twitter:data1\" content=\"Haber Merkezi\" \/>\n<script type=\"application\/ld+json\" class=\"yoast-schema-graph\">{\"@context\":\"https:\\\/\\\/schema.org\",\"@graph\":[{\"@type\":\"NewsArticle\",\"@id\":\"https:\\\/\\\/e-ciftlik.com\\\/haberler\\\/spor\\\/genclerbirligi-portekizli-oyuncu-jocayi-transfer-etti\\\/#article\",\"isPartOf\":{\"@id\":\"https:\\\/\\\/e-ciftlik.com\\\/haberler\\\/spor\\\/genclerbirligi-portekizli-oyuncu-jocayi-transfer-etti\\\/\"},\"author\":{\"name\":\"Haber Merkezi\",\"@id\":\"https:\\\/\\\/e-ciftlik.com\\\/haberler\\\/#\\\/schema\\\/person\\\/d2f4fee3143d7f72be82cb887d51b00a\"},\"headline\":\"Gen\u00e7lerbirli\u011fi, Portekizli oyuncu Joca&#8217;y\u0131 transfer etti\",\"datePublished\":\"2025-02-05T18:34:50+00:00\",\"mainEntityOfPage\":{\"@id\":\"https:\\\/\\\/e-ciftlik.com\\\/haberler\\\/spor\\\/genclerbirligi-portekizli-oyuncu-jocayi-transfer-etti\\\/\"},\"wordCount\":106,\"commentCount\":0,\"publisher\":{\"@id\":\"https:\\\/\\\/e-ciftlik.com\\\/haberler\\\/#organization\"},\"image\":{\"@id\":\"https:\\\/\\\/e-ciftlik.com\\\/haberler\\\/spor\\\/genclerbirligi-portekizli-oyuncu-jocayi-transfer-etti\\\/#primaryimage\"},\"thumbnailUrl\":\"https:\\\/\\\/e-ciftlik.com\\\/haberler\\\/wp-content\\\/uploads\\\/2025\\\/02\\\/1738780491_1200x628.jpeg\",\"articleSection\":[\"Spor\"],\"inLanguage\":\"tr\",\"potentialAction\":[{\"@type\":\"CommentAction\",\"name\":\"Comment\",\"target\":[\"https:\\\/\\\/e-ciftlik.com\\\/haberler\\\/spor\\\/genclerbirligi-portekizli-oyuncu-jocayi-transfer-etti\\\/#respond\"]}]},{\"@type\":\"WebPage\",\"@id\":\"https:\\\/\\\/e-ciftlik.com\\\/haberler\\\/spor\\\/genclerbirligi-portekizli-oyuncu-jocayi-transfer-etti\\\/\",\"url\":\"https:\\\/\\\/e-ciftlik.com\\\/haberler\\\/spor\\\/genclerbirligi-portekizli-oyuncu-jocayi-transfer-etti\\\/\",\"name\":\"Gen\u00e7lerbirli\u011fi, Portekizli oyuncu Joca'y\u0131 transfer etti - E-&Ccedil;\u0130FTL\u0130K HABER\",\"isPartOf\":{\"@id\":\"https:\\\/\\\/e-ciftlik.com\\\/haberler\\\/#website\"},\"primaryImageOfPage\":{\"@id\":\"https:\\\/\\\/e-ciftlik.com\\\/haberler\\\/spor\\\/genclerbirligi-portekizli-oyuncu-jocayi-transfer-etti\\\/#primaryimage\"},\"image\":{\"@id\":\"https:\\\/\\\/e-ciftlik.com\\\/haberler\\\/spor\\\/genclerbirligi-portekizli-oyuncu-jocayi-transfer-etti\\\/#primaryimage\"},\"thumbnailUrl\":\"https:\\\/\\\/e-ciftlik.com\\\/haberler\\\/wp-content\\\/uploads\\\/2025\\\/02\\\/1738780491_1200x628.jpeg\",\"datePublished\":\"2025-02-05T18:34:50+00:00\",\"description\":\"Gen\u00e7lerbirli\u011fi, Trendyol 1. Lig'de 4. s\u0131rada bulunan bir tak\u0131m olarak ara transfer \u00e7al\u0131\u015fmalar\u0131na h\u0131z veriyor. Ba\u015fkent temsilcisi, Portekizli orta saha\",\"breadcrumb\":{\"@id\":\"https:\\\/\\\/e-ciftlik.com\\\/haberler\\\/spor\\\/genclerbirligi-portekizli-oyuncu-jocayi-transfer-etti\\\/#breadcrumb\"},\"inLanguage\":\"tr\",\"potentialAction\":[{\"@type\":\"ReadAction\",\"target\":[\"https:\\\/\\\/e-ciftlik.com\\\/haberler\\\/spor\\\/genclerbirligi-portekizli-oyuncu-jocayi-transfer-etti\\\/\"]}]},{\"@type\":\"ImageObject\",\"inLanguage\":\"tr\",\"@id\":\"https:\\\/\\\/e-ciftlik.com\\\/haberler\\\/spor\\\/genclerbirligi-portekizli-oyuncu-jocayi-transfer-etti\\\/#primaryimage\",\"url\":\"https:\\\/\\\/e-ciftlik.com\\\/haberler\\\/wp-content\\\/uploads\\\/2025\\\/02\\\/1738780491_1200x628.jpeg\",\"contentUrl\":\"https:\\\/\\\/e-ciftlik.com\\\/haberler\\\/wp-content\\\/uploads\\\/2025\\\/02\\\/1738780491_1200x628.jpeg\",\"width\":1200,\"height\":628},{\"@type\":\"BreadcrumbList\",\"@id\":\"https:\\\/\\\/e-ciftlik.com\\\/haberler\\\/spor\\\/genclerbirligi-portekizli-oyuncu-jocayi-transfer-etti\\\/#breadcrumb\",\"itemListElement\":[{\"@type\":\"ListItem\",\"position\":1,\"name\":\"Anasayfa\",\"item\":\"https:\\\/\\\/e-ciftlik.com\\\/haberler\\\/\"},{\"@type\":\"ListItem\",\"position\":2,\"name\":\"Gen\u00e7lerbirli\u011fi, Portekizli oyuncu Joca&#8217;y\u0131 transfer etti\"}]},{\"@type\":\"WebSite\",\"@id\":\"https:\\\/\\\/e-ciftlik.com\\\/haberler\\\/#website\",\"url\":\"https:\\\/\\\/e-ciftlik.com\\\/haberler\\\/\",\"name\":\"E-\u00c7iftlik Haber | G\u00fcncel, Son Dakika Haberler, En Son Haber\",\"description\":\"\",\"publisher\":{\"@id\":\"https:\\\/\\\/e-ciftlik.com\\\/haberler\\\/#organization\"},\"potentialAction\":[{\"@type\":\"SearchAction\",\"target\":{\"@type\":\"EntryPoint\",\"urlTemplate\":\"https:\\\/\\\/e-ciftlik.com\\\/haberler\\\/?s={search_term_string}\"},\"query-input\":{\"@type\":\"PropertyValueSpecification\",\"valueRequired\":true,\"valueName\":\"search_term_string\"}}],\"inLanguage\":\"tr\"},{\"@type\":\"Organization\",\"@id\":\"https:\\\/\\\/e-ciftlik.com\\\/haberler\\\/#organization\",\"name\":\"E-\u00c7\u0130FTL\u0130K HABER\",\"url\":\"https:\\\/\\\/e-ciftlik.com\\\/haberler\\\/\",\"logo\":{\"@type\":\"ImageObject\",\"inLanguage\":\"tr\",\"@id\":\"https:\\\/\\\/e-ciftlik.com\\\/haberler\\\/#\\\/schema\\\/logo\\\/image\\\/\",\"url\":\"https:\\\/\\\/e-ciftlik.com\\\/haberler\\\/wp-content\\\/uploads\\\/2024\\\/06\\\/cropped-cropped-favicon-1-2.png\",\"contentUrl\":\"https:\\\/\\\/e-ciftlik.com\\\/haberler\\\/wp-content\\\/uploads\\\/2024\\\/06\\\/cropped-cropped-favicon-1-2.png\",\"width\":512,\"height\":512,\"caption\":\"E-\u00c7\u0130FTL\u0130K HABER\"},\"image\":{\"@id\":\"https:\\\/\\\/e-ciftlik.com\\\/haberler\\\/#\\\/schema\\\/logo\\\/image\\\/\"},\"sameAs\":[\"https:\\\/\\\/www.facebook.com\\\/eciftlikturkiye\",\"https:\\\/\\\/x.com\\\/eciftlikresmi\",\"https:\\\/\\\/www.instagram.com\\\/eciftlikresmi\\\/\"]},{\"@type\":\"Person\",\"@id\":\"https:\\\/\\\/e-ciftlik.com\\\/haberler\\\/#\\\/schema\\\/person\\\/d2f4fee3143d7f72be82cb887d51b00a\",\"name\":\"Haber Merkezi\",\"image\":{\"@type\":\"ImageObject\",\"inLanguage\":\"tr\",\"@id\":\"https:\\\/\\\/secure.gravatar.com\\\/avatar\\\/6c27d641914e66c1d0452c92716002398782818991d86db1c2cccb531e7c7c82?s=96&d=mm&r=g\",\"url\":\"https:\\\/\\\/secure.gravatar.com\\\/avatar\\\/6c27d641914e66c1d0452c92716002398782818991d86db1c2cccb531e7c7c82?s=96&d=mm&r=g\",\"contentUrl\":\"https:\\\/\\\/secure.gravatar.com\\\/avatar\\\/6c27d641914e66c1d0452c92716002398782818991d86db1c2cccb531e7c7c82?s=96&d=mm&r=g\",\"caption\":\"Haber Merkezi\"},\"sameAs\":[\"http:\\\/\\\/e-ciftlik.com\\\/haberler\"]}]}<\/script>\n<!-- \/ Yoast SEO Premium plugin. -->","yoast_head_json":{"title":"Gen\u00e7lerbirli\u011fi, Portekizli oyuncu Joca'y\u0131 transfer etti - E-&Ccedil;\u0130FTL\u0130K HABER","description":"Gen\u00e7lerbirli\u011fi, Trendyol 1. Lig'de 4. s\u0131rada bulunan bir tak\u0131m olarak ara transfer \u00e7al\u0131\u015fmalar\u0131na h\u0131z veriyor. Ba\u015fkent temsilcisi, Portekizli orta saha","robots":{"index":"index","follow":"follow","max-snippet":"max-snippet:-1","max-image-preview":"max-image-preview:large","max-video-preview":"max-video-preview:-1"},"canonical":"https:\/\/e-ciftlik.com\/haberler\/spor\/genclerbirligi-portekizli-oyuncu-jocayi-transfer-etti\/","og_locale":"tr_TR","og_type":"article","og_title":"Gen\u00e7lerbirli\u011fi, Portekizli oyuncu Joca'y\u0131 transfer etti","og_description":"Gen\u00e7lerbirli\u011fi, Trendyol 1. Lig'de 4. s\u0131rada bulunan bir tak\u0131m olarak ara transfer \u00e7al\u0131\u015fmalar\u0131na h\u0131z veriyor. Ba\u015fkent temsilcisi, Portekizli orta saha","og_url":"https:\/\/e-ciftlik.com\/haberler\/spor\/genclerbirligi-portekizli-oyuncu-jocayi-transfer-etti\/","og_site_name":"E-&Ccedil;\u0130FTL\u0130K HABER","article_publisher":"https:\/\/www.facebook.com\/eciftlikturkiye","article_published_time":"2025-02-05T18:34:50+00:00","og_image":[{"width":1200,"height":628,"url":"https:\/\/e-ciftlik.com\/haberler\/wp-content\/uploads\/2025\/02\/1738780491_1200x628.jpeg","type":"image\/jpeg"}],"author":"Haber Merkezi","twitter_card":"summary_large_image","twitter_creator":"@eciftlikresmi","twitter_site":"@eciftlikresmi","twitter_misc":{"Yazan:":"Haber Merkezi"},"schema":{"@context":"https:\/\/schema.org","@graph":[{"@type":"NewsArticle","@id":"https:\/\/e-ciftlik.com\/haberler\/spor\/genclerbirligi-portekizli-oyuncu-jocayi-transfer-etti\/#article","isPartOf":{"@id":"https:\/\/e-ciftlik.com\/haberler\/spor\/genclerbirligi-portekizli-oyuncu-jocayi-transfer-etti\/"},"author":{"name":"Haber Merkezi","@id":"https:\/\/e-ciftlik.com\/haberler\/#\/schema\/person\/d2f4fee3143d7f72be82cb887d51b00a"},"headline":"Gen\u00e7lerbirli\u011fi, Portekizli oyuncu Joca&#8217;y\u0131 transfer etti","datePublished":"2025-02-05T18:34:50+00:00","mainEntityOfPage":{"@id":"https:\/\/e-ciftlik.com\/haberler\/spor\/genclerbirligi-portekizli-oyuncu-jocayi-transfer-etti\/"},"wordCount":106,"commentCount":0,"publisher":{"@id":"https:\/\/e-ciftlik.com\/haberler\/#organization"},"image":{"@id":"https:\/\/e-ciftlik.com\/haberler\/spor\/genclerbirligi-portekizli-oyuncu-jocayi-transfer-etti\/#primaryimage"},"thumbnailUrl":"https:\/\/e-ciftlik.com\/haberler\/wp-content\/uploads\/2025\/02\/1738780491_1200x628.jpeg","articleSection":["Spor"],"inLanguage":"tr","potentialAction":[{"@type":"CommentAction","name":"Comment","target":["https:\/\/e-ciftlik.com\/haberler\/spor\/genclerbirligi-portekizli-oyuncu-jocayi-transfer-etti\/#respond"]}]},{"@type":"WebPage","@id":"https:\/\/e-ciftlik.com\/haberler\/spor\/genclerbirligi-portekizli-oyuncu-jocayi-transfer-etti\/","url":"https:\/\/e-ciftlik.com\/haberler\/spor\/genclerbirligi-portekizli-oyuncu-jocayi-transfer-etti\/","name":"Gen\u00e7lerbirli\u011fi, Portekizli oyuncu Joca'y\u0131 transfer etti - E-&Ccedil;\u0130FTL\u0130K HABER","isPartOf":{"@id":"https:\/\/e-ciftlik.com\/haberler\/#website"},"primaryImageOfPage":{"@id":"https:\/\/e-ciftlik.com\/haberler\/spor\/genclerbirligi-portekizli-oyuncu-jocayi-transfer-etti\/#primaryimage"},"image":{"@id":"https:\/\/e-ciftlik.com\/haberler\/spor\/genclerbirligi-portekizli-oyuncu-jocayi-transfer-etti\/#primaryimage"},"thumbnailUrl":"https:\/\/e-ciftlik.com\/haberler\/wp-content\/uploads\/2025\/02\/1738780491_1200x628.jpeg","datePublished":"2025-02-05T18:34:50+00:00","description":"Gen\u00e7lerbirli\u011fi, Trendyol 1. Lig'de 4. s\u0131rada bulunan bir tak\u0131m olarak ara transfer \u00e7al\u0131\u015fmalar\u0131na h\u0131z veriyor. Ba\u015fkent temsilcisi, Portekizli orta saha","breadcrumb":{"@id":"https:\/\/e-ciftlik.com\/haberler\/spor\/genclerbirligi-portekizli-oyuncu-jocayi-transfer-etti\/#breadcrumb"},"inLanguage":"tr","potentialAction":[{"@type":"ReadAction","target":["https:\/\/e-ciftlik.com\/haberler\/spor\/genclerbirligi-portekizli-oyuncu-jocayi-transfer-etti\/"]}]},{"@type":"ImageObject","inLanguage":"tr","@id":"https:\/\/e-ciftlik.com\/haberler\/spor\/genclerbirligi-portekizli-oyuncu-jocayi-transfer-etti\/#primaryimage","url":"https:\/\/e-ciftlik.com\/haberler\/wp-content\/uploads\/2025\/02\/1738780491_1200x628.jpeg","contentUrl":"https:\/\/e-ciftlik.com\/haberler\/wp-content\/uploads\/2025\/02\/1738780491_1200x628.jpeg","width":1200,"height":628},{"@type":"BreadcrumbList","@id":"https:\/\/e-ciftlik.com\/haberler\/spor\/genclerbirligi-portekizli-oyuncu-jocayi-transfer-etti\/#breadcrumb","itemListElement":[{"@type":"ListItem","position":1,"name":"Anasayfa","item":"https:\/\/e-ciftlik.com\/haberler\/"},{"@type":"ListItem","position":2,"name":"Gen\u00e7lerbirli\u011fi, Portekizli oyuncu Joca&#8217;y\u0131 transfer etti"}]},{"@type":"WebSite","@id":"https:\/\/e-ciftlik.com\/haberler\/#website","url":"https:\/\/e-ciftlik.com\/haberler\/","name":"E-\u00c7iftlik Haber | G\u00fcncel, Son Dakika Haberler, En Son Haber","description":"","publisher":{"@id":"https:\/\/e-ciftlik.com\/haberler\/#organization"},"potentialAction":[{"@type":"SearchAction","target":{"@type":"EntryPoint","urlTemplate":"https:\/\/e-ciftlik.com\/haberler\/?s={search_term_string}"},"query-input":{"@type":"PropertyValueSpecification","valueRequired":true,"valueName":"search_term_string"}}],"inLanguage":"tr"},{"@type":"Organization","@id":"https:\/\/e-ciftlik.com\/haberler\/#organization","name":"E-\u00c7\u0130FTL\u0130K HABER","url":"https:\/\/e-ciftlik.com\/haberler\/","logo":{"@type":"ImageObject","inLanguage":"tr","@id":"https:\/\/e-ciftlik.com\/haberler\/#\/schema\/logo\/image\/","url":"https:\/\/e-ciftlik.com\/haberler\/wp-content\/uploads\/2024\/06\/cropped-cropped-favicon-1-2.png","contentUrl":"https:\/\/e-ciftlik.com\/haberler\/wp-content\/uploads\/2024\/06\/cropped-cropped-favicon-1-2.png","width":512,"height":512,"caption":"E-\u00c7\u0130FTL\u0130K HABER"},"image":{"@id":"https:\/\/e-ciftlik.com\/haberler\/#\/schema\/logo\/image\/"},"sameAs":["https:\/\/www.facebook.com\/eciftlikturkiye","https:\/\/x.com\/eciftlikresmi","https:\/\/www.instagram.com\/eciftlikresmi\/"]},{"@type":"Person","@id":"https:\/\/e-ciftlik.com\/haberler\/#\/schema\/person\/d2f4fee3143d7f72be82cb887d51b00a","name":"Haber Merkezi","image":{"@type":"ImageObject","inLanguage":"tr","@id":"https:\/\/secure.gravatar.com\/avatar\/6c27d641914e66c1d0452c92716002398782818991d86db1c2cccb531e7c7c82?s=96&d=mm&r=g","url":"https:\/\/secure.gravatar.com\/avatar\/6c27d641914e66c1d0452c92716002398782818991d86db1c2cccb531e7c7c82?s=96&d=mm&r=g","contentUrl":"https:\/\/secure.gravatar.com\/avatar\/6c27d641914e66c1d0452c92716002398782818991d86db1c2cccb531e7c7c82?s=96&d=mm&r=g","caption":"Haber Merkezi"},"sameAs":["http:\/\/e-ciftlik.com\/haberler"]}]}},"_links":{"self":[{"href":"https:\/\/e-ciftlik.com\/haberler\/wp-json\/wp\/v2\/posts\/78547","targetHints":{"allow":["GET"]}}],"collection":[{"href":"https:\/\/e-ciftlik.com\/haberler\/wp-json\/wp\/v2\/posts"}],"about":[{"href":"https:\/\/e-ciftlik.com\/haberler\/wp-json\/wp\/v2\/types\/post"}],"author":[{"embeddable":true,"href":"https:\/\/e-ciftlik.com\/haberler\/wp-json\/wp\/v2\/users\/1"}],"replies":[{"embeddable":true,"href":"https:\/\/e-ciftlik.com\/haberler\/wp-json\/wp\/v2\/comments?post=78547"}],"version-history":[{"count":0,"href":"https:\/\/e-ciftlik.com\/haberler\/wp-json\/wp\/v2\/posts\/78547\/revisions"}],"wp:featuredmedia":[{"embeddable":true,"href":"https:\/\/e-ciftlik.com\/haberler\/wp-json\/wp\/v2\/media\/78548"}],"wp:attachment":[{"href":"https:\/\/e-ciftlik.com\/haberler\/wp-json\/wp\/v2\/media?parent=78547"}],"wp:term":[{"taxonomy":"category","embeddable":true,"href":"https:\/\/e-ciftlik.com\/haberler\/wp-json\/wp\/v2\/categories?post=78547"},{"taxonomy":"post_tag","embeddable":true,"href":"https:\/\/e-ciftlik.com\/haberler\/wp-json\/wp\/v2\/tags?post=78547"}],"curies":[{"name":"wp","href":"https:\/\/api.w.org\/{rel}","templated":true}]}}