{"id":78715,"date":"2025-02-05T18:47:00","date_gmt":"2025-02-05T18:47:00","guid":{"rendered":"https:\/\/e-ciftlik.com\/haberler\/tarim\/sivas-kayseri-karayolunda-tir-devrildi\/"},"modified":"2025-02-05T18:47:00","modified_gmt":"2025-02-05T18:47:00","slug":"sivas-kayseri-karayolunda-tir-devrildi","status":"publish","type":"post","link":"https:\/\/e-ciftlik.com\/haberler\/tarim\/sivas-kayseri-karayolunda-tir-devrildi\/","title":{"rendered":"Sivas-Kayseri Karayolunda T\u0131r Devrildi!"},"content":{"rendered":"<p>Sivas&#8217;ta ya\u015fanan bir olayda bu\u011fday y\u00fckl\u00fc bir t\u0131r\u0131n devrilmesi sonucu yol trafi\u011fe kapan\u0131rken, yolda uzun ara\u00e7 kuyruklar\u0131 olu\u015ftu.<\/p>\n<p>Olay, Sivas ile Kayseri aras\u0131ndaki karayolunda meydana geldi. \u015eark\u0131\u015fla istikametine seyir halinde olan \u00d6.G. (31) isimli s\u00fcr\u00fcc\u00fcn\u00fcn kulland\u0131\u011f\u0131 46 PE 999 plakal\u0131 t\u0131r, buzlanma nedeniyle direksiyon kontrol\u00fcn\u00fc kaybederek bariyerlere \u00e7arparak yan yatt\u0131. Kazada can kayb\u0131 ve yaralanma olmazken, t\u0131r\u0131n ta\u015f\u0131d\u0131\u011f\u0131 bu\u011fdaylar yola sa\u00e7\u0131ld\u0131\u011f\u0131 i\u00e7in \u015eark\u0131\u015fla istikameti trafi\u011fe kapat\u0131ld\u0131. Kazan\u0131n ard\u0131ndan b\u00f6lgede uzun ara\u00e7 kuyruklar\u0131 olu\u015furken, karayolu ekipleri yolun tekrar trafi\u011fe a\u00e7\u0131lmas\u0131 i\u00e7in \u00e7al\u0131\u015fmalara ba\u015flad\u0131.<\/p>\n<p>Haber Kayna\u011f\u0131: \u0130hlas Haber Ajans\u0131 \/ 3.Sayfa<\/p>\n","protected":false},"excerpt":{"rendered":"<p>Sivas&#8217;ta ya\u015fanan bir olayda bu\u011fday y\u00fckl\u00fc bir t\u0131r\u0131n devrilmesi sonucu yol trafi\u011fe kapan\u0131rken, yolda uzun&hellip;<\/p>\n","protected":false},"author":1,"featured_media":78716,"comment_status":"open","ping_status":"open","sticky":false,"template":"","format":"standard","meta":{"footnotes":""},"categories":[9],"tags":[],"class_list":["post-78715","post","type-post","status-publish","format-standard","has-post-thumbnail","hentry","category-tarim"],"yoast_head":"<!-- This site is optimized with the Yoast SEO Premium plugin v24.3 (Yoast SEO v27.4) - https:\/\/yoast.com\/product\/yoast-seo-premium-wordpress\/ -->\n<title>Sivas-Kayseri Karayolunda T\u0131r Devrildi! - E-&Ccedil;\u0130FTL\u0130K HABER<\/title>\n<meta name=\"description\" content=\"Sivas&#039;ta ya\u015fanan bir olayda bu\u011fday y\u00fckl\u00fc bir t\u0131r\u0131n devrilmesi sonucu yol trafi\u011fe kapan\u0131rken, yolda uzun ara\u00e7 kuyruklar\u0131 olu\u015ftu. Olay, Sivas ile Kayseri\" \/>\n<meta name=\"robots\" content=\"index, follow, max-snippet:-1, max-image-preview:large, max-video-preview:-1\" \/>\n<link rel=\"canonical\" href=\"https:\/\/e-ciftlik.com\/haberler\/tarim\/sivas-kayseri-karayolunda-tir-devrildi\/\" \/>\n<meta property=\"og:locale\" content=\"tr_TR\" \/>\n<meta property=\"og:type\" content=\"article\" \/>\n<meta property=\"og:title\" content=\"Sivas-Kayseri Karayolunda T\u0131r Devrildi!\" \/>\n<meta property=\"og:description\" content=\"Sivas&#039;ta ya\u015fanan bir olayda bu\u011fday y\u00fckl\u00fc bir t\u0131r\u0131n devrilmesi sonucu yol trafi\u011fe kapan\u0131rken, yolda uzun ara\u00e7 kuyruklar\u0131 olu\u015ftu. Olay, Sivas ile Kayseri\" \/>\n<meta property=\"og:url\" content=\"https:\/\/e-ciftlik.com\/haberler\/tarim\/sivas-kayseri-karayolunda-tir-devrildi\/\" \/>\n<meta property=\"og:site_name\" content=\"E-&Ccedil;\u0130FTL\u0130K HABER\" \/>\n<meta property=\"article:publisher\" content=\"https:\/\/www.facebook.com\/eciftlikturkiye\" \/>\n<meta property=\"article:published_time\" content=\"2025-02-05T18:47:00+00:00\" \/>\n<meta property=\"og:image\" content=\"https:\/\/e-ciftlik.com\/haberler\/wp-content\/uploads\/2025\/02\/bugday-yuklu-tir-devrildi-sivas-kayseri-karay-18341066_amp.jpg\" \/>\n\t<meta property=\"og:image:width\" content=\"1200\" \/>\n\t<meta property=\"og:image:height\" content=\"900\" \/>\n\t<meta property=\"og:image:type\" content=\"image\/jpeg\" \/>\n<meta name=\"author\" content=\"Haber Merkezi\" \/>\n<meta name=\"twitter:card\" content=\"summary_large_image\" \/>\n<meta name=\"twitter:creator\" content=\"@eciftlikresmi\" \/>\n<meta name=\"twitter:site\" content=\"@eciftlikresmi\" \/>\n<meta name=\"twitter:label1\" content=\"Yazan:\" \/>\n\t<meta name=\"twitter:data1\" content=\"Haber Merkezi\" \/>\n\t<meta name=\"twitter:label2\" content=\"Tahmini okuma s\u00fcresi\" \/>\n\t<meta name=\"twitter:data2\" content=\"1 dakika\" \/>\n<script type=\"application\/ld+json\" class=\"yoast-schema-graph\">{\"@context\":\"https:\\\/\\\/schema.org\",\"@graph\":[{\"@type\":\"NewsArticle\",\"@id\":\"https:\\\/\\\/e-ciftlik.com\\\/haberler\\\/tarim\\\/sivas-kayseri-karayolunda-tir-devrildi\\\/#article\",\"isPartOf\":{\"@id\":\"https:\\\/\\\/e-ciftlik.com\\\/haberler\\\/tarim\\\/sivas-kayseri-karayolunda-tir-devrildi\\\/\"},\"author\":{\"name\":\"Haber Merkezi\",\"@id\":\"https:\\\/\\\/e-ciftlik.com\\\/haberler\\\/#\\\/schema\\\/person\\\/d2f4fee3143d7f72be82cb887d51b00a\"},\"headline\":\"Sivas-Kayseri Karayolunda T\u0131r Devrildi!\",\"datePublished\":\"2025-02-05T18:47:00+00:00\",\"mainEntityOfPage\":{\"@id\":\"https:\\\/\\\/e-ciftlik.com\\\/haberler\\\/tarim\\\/sivas-kayseri-karayolunda-tir-devrildi\\\/\"},\"wordCount\":125,\"commentCount\":0,\"publisher\":{\"@id\":\"https:\\\/\\\/e-ciftlik.com\\\/haberler\\\/#organization\"},\"image\":{\"@id\":\"https:\\\/\\\/e-ciftlik.com\\\/haberler\\\/tarim\\\/sivas-kayseri-karayolunda-tir-devrildi\\\/#primaryimage\"},\"thumbnailUrl\":\"https:\\\/\\\/e-ciftlik.com\\\/haberler\\\/wp-content\\\/uploads\\\/2025\\\/02\\\/bugday-yuklu-tir-devrildi-sivas-kayseri-karay-18341066_amp.jpg\",\"articleSection\":[\"Tar\u0131m\"],\"inLanguage\":\"tr\",\"potentialAction\":[{\"@type\":\"CommentAction\",\"name\":\"Comment\",\"target\":[\"https:\\\/\\\/e-ciftlik.com\\\/haberler\\\/tarim\\\/sivas-kayseri-karayolunda-tir-devrildi\\\/#respond\"]}]},{\"@type\":\"WebPage\",\"@id\":\"https:\\\/\\\/e-ciftlik.com\\\/haberler\\\/tarim\\\/sivas-kayseri-karayolunda-tir-devrildi\\\/\",\"url\":\"https:\\\/\\\/e-ciftlik.com\\\/haberler\\\/tarim\\\/sivas-kayseri-karayolunda-tir-devrildi\\\/\",\"name\":\"Sivas-Kayseri Karayolunda T\u0131r Devrildi! - E-&Ccedil;\u0130FTL\u0130K HABER\",\"isPartOf\":{\"@id\":\"https:\\\/\\\/e-ciftlik.com\\\/haberler\\\/#website\"},\"primaryImageOfPage\":{\"@id\":\"https:\\\/\\\/e-ciftlik.com\\\/haberler\\\/tarim\\\/sivas-kayseri-karayolunda-tir-devrildi\\\/#primaryimage\"},\"image\":{\"@id\":\"https:\\\/\\\/e-ciftlik.com\\\/haberler\\\/tarim\\\/sivas-kayseri-karayolunda-tir-devrildi\\\/#primaryimage\"},\"thumbnailUrl\":\"https:\\\/\\\/e-ciftlik.com\\\/haberler\\\/wp-content\\\/uploads\\\/2025\\\/02\\\/bugday-yuklu-tir-devrildi-sivas-kayseri-karay-18341066_amp.jpg\",\"datePublished\":\"2025-02-05T18:47:00+00:00\",\"description\":\"Sivas'ta ya\u015fanan bir olayda bu\u011fday y\u00fckl\u00fc bir t\u0131r\u0131n devrilmesi sonucu yol trafi\u011fe kapan\u0131rken, yolda uzun ara\u00e7 kuyruklar\u0131 olu\u015ftu. Olay, Sivas ile Kayseri\",\"breadcrumb\":{\"@id\":\"https:\\\/\\\/e-ciftlik.com\\\/haberler\\\/tarim\\\/sivas-kayseri-karayolunda-tir-devrildi\\\/#breadcrumb\"},\"inLanguage\":\"tr\",\"potentialAction\":[{\"@type\":\"ReadAction\",\"target\":[\"https:\\\/\\\/e-ciftlik.com\\\/haberler\\\/tarim\\\/sivas-kayseri-karayolunda-tir-devrildi\\\/\"]}]},{\"@type\":\"ImageObject\",\"inLanguage\":\"tr\",\"@id\":\"https:\\\/\\\/e-ciftlik.com\\\/haberler\\\/tarim\\\/sivas-kayseri-karayolunda-tir-devrildi\\\/#primaryimage\",\"url\":\"https:\\\/\\\/e-ciftlik.com\\\/haberler\\\/wp-content\\\/uploads\\\/2025\\\/02\\\/bugday-yuklu-tir-devrildi-sivas-kayseri-karay-18341066_amp.jpg\",\"contentUrl\":\"https:\\\/\\\/e-ciftlik.com\\\/haberler\\\/wp-content\\\/uploads\\\/2025\\\/02\\\/bugday-yuklu-tir-devrildi-sivas-kayseri-karay-18341066_amp.jpg\",\"width\":1200,\"height\":900},{\"@type\":\"BreadcrumbList\",\"@id\":\"https:\\\/\\\/e-ciftlik.com\\\/haberler\\\/tarim\\\/sivas-kayseri-karayolunda-tir-devrildi\\\/#breadcrumb\",\"itemListElement\":[{\"@type\":\"ListItem\",\"position\":1,\"name\":\"Anasayfa\",\"item\":\"https:\\\/\\\/e-ciftlik.com\\\/haberler\\\/\"},{\"@type\":\"ListItem\",\"position\":2,\"name\":\"Sivas-Kayseri Karayolunda T\u0131r Devrildi!\"}]},{\"@type\":\"WebSite\",\"@id\":\"https:\\\/\\\/e-ciftlik.com\\\/haberler\\\/#website\",\"url\":\"https:\\\/\\\/e-ciftlik.com\\\/haberler\\\/\",\"name\":\"E-\u00c7iftlik Haber | G\u00fcncel, Son Dakika Haberler, En Son Haber\",\"description\":\"\",\"publisher\":{\"@id\":\"https:\\\/\\\/e-ciftlik.com\\\/haberler\\\/#organization\"},\"potentialAction\":[{\"@type\":\"SearchAction\",\"target\":{\"@type\":\"EntryPoint\",\"urlTemplate\":\"https:\\\/\\\/e-ciftlik.com\\\/haberler\\\/?s={search_term_string}\"},\"query-input\":{\"@type\":\"PropertyValueSpecification\",\"valueRequired\":true,\"valueName\":\"search_term_string\"}}],\"inLanguage\":\"tr\"},{\"@type\":\"Organization\",\"@id\":\"https:\\\/\\\/e-ciftlik.com\\\/haberler\\\/#organization\",\"name\":\"E-\u00c7\u0130FTL\u0130K HABER\",\"url\":\"https:\\\/\\\/e-ciftlik.com\\\/haberler\\\/\",\"logo\":{\"@type\":\"ImageObject\",\"inLanguage\":\"tr\",\"@id\":\"https:\\\/\\\/e-ciftlik.com\\\/haberler\\\/#\\\/schema\\\/logo\\\/image\\\/\",\"url\":\"https:\\\/\\\/e-ciftlik.com\\\/haberler\\\/wp-content\\\/uploads\\\/2024\\\/06\\\/cropped-cropped-favicon-1-2.png\",\"contentUrl\":\"https:\\\/\\\/e-ciftlik.com\\\/haberler\\\/wp-content\\\/uploads\\\/2024\\\/06\\\/cropped-cropped-favicon-1-2.png\",\"width\":512,\"height\":512,\"caption\":\"E-\u00c7\u0130FTL\u0130K HABER\"},\"image\":{\"@id\":\"https:\\\/\\\/e-ciftlik.com\\\/haberler\\\/#\\\/schema\\\/logo\\\/image\\\/\"},\"sameAs\":[\"https:\\\/\\\/www.facebook.com\\\/eciftlikturkiye\",\"https:\\\/\\\/x.com\\\/eciftlikresmi\",\"https:\\\/\\\/www.instagram.com\\\/eciftlikresmi\\\/\"]},{\"@type\":\"Person\",\"@id\":\"https:\\\/\\\/e-ciftlik.com\\\/haberler\\\/#\\\/schema\\\/person\\\/d2f4fee3143d7f72be82cb887d51b00a\",\"name\":\"Haber Merkezi\",\"image\":{\"@type\":\"ImageObject\",\"inLanguage\":\"tr\",\"@id\":\"https:\\\/\\\/secure.gravatar.com\\\/avatar\\\/6c27d641914e66c1d0452c92716002398782818991d86db1c2cccb531e7c7c82?s=96&d=mm&r=g\",\"url\":\"https:\\\/\\\/secure.gravatar.com\\\/avatar\\\/6c27d641914e66c1d0452c92716002398782818991d86db1c2cccb531e7c7c82?s=96&d=mm&r=g\",\"contentUrl\":\"https:\\\/\\\/secure.gravatar.com\\\/avatar\\\/6c27d641914e66c1d0452c92716002398782818991d86db1c2cccb531e7c7c82?s=96&d=mm&r=g\",\"caption\":\"Haber Merkezi\"},\"sameAs\":[\"http:\\\/\\\/e-ciftlik.com\\\/haberler\"]}]}<\/script>\n<!-- \/ Yoast SEO Premium plugin. -->","yoast_head_json":{"title":"Sivas-Kayseri Karayolunda T\u0131r Devrildi! - E-&Ccedil;\u0130FTL\u0130K HABER","description":"Sivas'ta ya\u015fanan bir olayda bu\u011fday y\u00fckl\u00fc bir t\u0131r\u0131n devrilmesi sonucu yol trafi\u011fe kapan\u0131rken, yolda uzun ara\u00e7 kuyruklar\u0131 olu\u015ftu. Olay, Sivas ile Kayseri","robots":{"index":"index","follow":"follow","max-snippet":"max-snippet:-1","max-image-preview":"max-image-preview:large","max-video-preview":"max-video-preview:-1"},"canonical":"https:\/\/e-ciftlik.com\/haberler\/tarim\/sivas-kayseri-karayolunda-tir-devrildi\/","og_locale":"tr_TR","og_type":"article","og_title":"Sivas-Kayseri Karayolunda T\u0131r Devrildi!","og_description":"Sivas'ta ya\u015fanan bir olayda bu\u011fday y\u00fckl\u00fc bir t\u0131r\u0131n devrilmesi sonucu yol trafi\u011fe kapan\u0131rken, yolda uzun ara\u00e7 kuyruklar\u0131 olu\u015ftu. Olay, Sivas ile Kayseri","og_url":"https:\/\/e-ciftlik.com\/haberler\/tarim\/sivas-kayseri-karayolunda-tir-devrildi\/","og_site_name":"E-&Ccedil;\u0130FTL\u0130K HABER","article_publisher":"https:\/\/www.facebook.com\/eciftlikturkiye","article_published_time":"2025-02-05T18:47:00+00:00","og_image":[{"width":1200,"height":900,"url":"https:\/\/e-ciftlik.com\/haberler\/wp-content\/uploads\/2025\/02\/bugday-yuklu-tir-devrildi-sivas-kayseri-karay-18341066_amp.jpg","type":"image\/jpeg"}],"author":"Haber Merkezi","twitter_card":"summary_large_image","twitter_creator":"@eciftlikresmi","twitter_site":"@eciftlikresmi","twitter_misc":{"Yazan:":"Haber Merkezi","Tahmini okuma s\u00fcresi":"1 dakika"},"schema":{"@context":"https:\/\/schema.org","@graph":[{"@type":"NewsArticle","@id":"https:\/\/e-ciftlik.com\/haberler\/tarim\/sivas-kayseri-karayolunda-tir-devrildi\/#article","isPartOf":{"@id":"https:\/\/e-ciftlik.com\/haberler\/tarim\/sivas-kayseri-karayolunda-tir-devrildi\/"},"author":{"name":"Haber Merkezi","@id":"https:\/\/e-ciftlik.com\/haberler\/#\/schema\/person\/d2f4fee3143d7f72be82cb887d51b00a"},"headline":"Sivas-Kayseri Karayolunda T\u0131r Devrildi!","datePublished":"2025-02-05T18:47:00+00:00","mainEntityOfPage":{"@id":"https:\/\/e-ciftlik.com\/haberler\/tarim\/sivas-kayseri-karayolunda-tir-devrildi\/"},"wordCount":125,"commentCount":0,"publisher":{"@id":"https:\/\/e-ciftlik.com\/haberler\/#organization"},"image":{"@id":"https:\/\/e-ciftlik.com\/haberler\/tarim\/sivas-kayseri-karayolunda-tir-devrildi\/#primaryimage"},"thumbnailUrl":"https:\/\/e-ciftlik.com\/haberler\/wp-content\/uploads\/2025\/02\/bugday-yuklu-tir-devrildi-sivas-kayseri-karay-18341066_amp.jpg","articleSection":["Tar\u0131m"],"inLanguage":"tr","potentialAction":[{"@type":"CommentAction","name":"Comment","target":["https:\/\/e-ciftlik.com\/haberler\/tarim\/sivas-kayseri-karayolunda-tir-devrildi\/#respond"]}]},{"@type":"WebPage","@id":"https:\/\/e-ciftlik.com\/haberler\/tarim\/sivas-kayseri-karayolunda-tir-devrildi\/","url":"https:\/\/e-ciftlik.com\/haberler\/tarim\/sivas-kayseri-karayolunda-tir-devrildi\/","name":"Sivas-Kayseri Karayolunda T\u0131r Devrildi! - E-&Ccedil;\u0130FTL\u0130K HABER","isPartOf":{"@id":"https:\/\/e-ciftlik.com\/haberler\/#website"},"primaryImageOfPage":{"@id":"https:\/\/e-ciftlik.com\/haberler\/tarim\/sivas-kayseri-karayolunda-tir-devrildi\/#primaryimage"},"image":{"@id":"https:\/\/e-ciftlik.com\/haberler\/tarim\/sivas-kayseri-karayolunda-tir-devrildi\/#primaryimage"},"thumbnailUrl":"https:\/\/e-ciftlik.com\/haberler\/wp-content\/uploads\/2025\/02\/bugday-yuklu-tir-devrildi-sivas-kayseri-karay-18341066_amp.jpg","datePublished":"2025-02-05T18:47:00+00:00","description":"Sivas'ta ya\u015fanan bir olayda bu\u011fday y\u00fckl\u00fc bir t\u0131r\u0131n devrilmesi sonucu yol trafi\u011fe kapan\u0131rken, yolda uzun ara\u00e7 kuyruklar\u0131 olu\u015ftu. Olay, Sivas ile Kayseri","breadcrumb":{"@id":"https:\/\/e-ciftlik.com\/haberler\/tarim\/sivas-kayseri-karayolunda-tir-devrildi\/#breadcrumb"},"inLanguage":"tr","potentialAction":[{"@type":"ReadAction","target":["https:\/\/e-ciftlik.com\/haberler\/tarim\/sivas-kayseri-karayolunda-tir-devrildi\/"]}]},{"@type":"ImageObject","inLanguage":"tr","@id":"https:\/\/e-ciftlik.com\/haberler\/tarim\/sivas-kayseri-karayolunda-tir-devrildi\/#primaryimage","url":"https:\/\/e-ciftlik.com\/haberler\/wp-content\/uploads\/2025\/02\/bugday-yuklu-tir-devrildi-sivas-kayseri-karay-18341066_amp.jpg","contentUrl":"https:\/\/e-ciftlik.com\/haberler\/wp-content\/uploads\/2025\/02\/bugday-yuklu-tir-devrildi-sivas-kayseri-karay-18341066_amp.jpg","width":1200,"height":900},{"@type":"BreadcrumbList","@id":"https:\/\/e-ciftlik.com\/haberler\/tarim\/sivas-kayseri-karayolunda-tir-devrildi\/#breadcrumb","itemListElement":[{"@type":"ListItem","position":1,"name":"Anasayfa","item":"https:\/\/e-ciftlik.com\/haberler\/"},{"@type":"ListItem","position":2,"name":"Sivas-Kayseri Karayolunda T\u0131r Devrildi!"}]},{"@type":"WebSite","@id":"https:\/\/e-ciftlik.com\/haberler\/#website","url":"https:\/\/e-ciftlik.com\/haberler\/","name":"E-\u00c7iftlik Haber | G\u00fcncel, Son Dakika Haberler, En Son Haber","description":"","publisher":{"@id":"https:\/\/e-ciftlik.com\/haberler\/#organization"},"potentialAction":[{"@type":"SearchAction","target":{"@type":"EntryPoint","urlTemplate":"https:\/\/e-ciftlik.com\/haberler\/?s={search_term_string}"},"query-input":{"@type":"PropertyValueSpecification","valueRequired":true,"valueName":"search_term_string"}}],"inLanguage":"tr"},{"@type":"Organization","@id":"https:\/\/e-ciftlik.com\/haberler\/#organization","name":"E-\u00c7\u0130FTL\u0130K HABER","url":"https:\/\/e-ciftlik.com\/haberler\/","logo":{"@type":"ImageObject","inLanguage":"tr","@id":"https:\/\/e-ciftlik.com\/haberler\/#\/schema\/logo\/image\/","url":"https:\/\/e-ciftlik.com\/haberler\/wp-content\/uploads\/2024\/06\/cropped-cropped-favicon-1-2.png","contentUrl":"https:\/\/e-ciftlik.com\/haberler\/wp-content\/uploads\/2024\/06\/cropped-cropped-favicon-1-2.png","width":512,"height":512,"caption":"E-\u00c7\u0130FTL\u0130K HABER"},"image":{"@id":"https:\/\/e-ciftlik.com\/haberler\/#\/schema\/logo\/image\/"},"sameAs":["https:\/\/www.facebook.com\/eciftlikturkiye","https:\/\/x.com\/eciftlikresmi","https:\/\/www.instagram.com\/eciftlikresmi\/"]},{"@type":"Person","@id":"https:\/\/e-ciftlik.com\/haberler\/#\/schema\/person\/d2f4fee3143d7f72be82cb887d51b00a","name":"Haber Merkezi","image":{"@type":"ImageObject","inLanguage":"tr","@id":"https:\/\/secure.gravatar.com\/avatar\/6c27d641914e66c1d0452c92716002398782818991d86db1c2cccb531e7c7c82?s=96&d=mm&r=g","url":"https:\/\/secure.gravatar.com\/avatar\/6c27d641914e66c1d0452c92716002398782818991d86db1c2cccb531e7c7c82?s=96&d=mm&r=g","contentUrl":"https:\/\/secure.gravatar.com\/avatar\/6c27d641914e66c1d0452c92716002398782818991d86db1c2cccb531e7c7c82?s=96&d=mm&r=g","caption":"Haber Merkezi"},"sameAs":["http:\/\/e-ciftlik.com\/haberler"]}]}},"_links":{"self":[{"href":"https:\/\/e-ciftlik.com\/haberler\/wp-json\/wp\/v2\/posts\/78715","targetHints":{"allow":["GET"]}}],"collection":[{"href":"https:\/\/e-ciftlik.com\/haberler\/wp-json\/wp\/v2\/posts"}],"about":[{"href":"https:\/\/e-ciftlik.com\/haberler\/wp-json\/wp\/v2\/types\/post"}],"author":[{"embeddable":true,"href":"https:\/\/e-ciftlik.com\/haberler\/wp-json\/wp\/v2\/users\/1"}],"replies":[{"embeddable":true,"href":"https:\/\/e-ciftlik.com\/haberler\/wp-json\/wp\/v2\/comments?post=78715"}],"version-history":[{"count":0,"href":"https:\/\/e-ciftlik.com\/haberler\/wp-json\/wp\/v2\/posts\/78715\/revisions"}],"wp:featuredmedia":[{"embeddable":true,"href":"https:\/\/e-ciftlik.com\/haberler\/wp-json\/wp\/v2\/media\/78716"}],"wp:attachment":[{"href":"https:\/\/e-ciftlik.com\/haberler\/wp-json\/wp\/v2\/media?parent=78715"}],"wp:term":[{"taxonomy":"category","embeddable":true,"href":"https:\/\/e-ciftlik.com\/haberler\/wp-json\/wp\/v2\/categories?post=78715"},{"taxonomy":"post_tag","embeddable":true,"href":"https:\/\/e-ciftlik.com\/haberler\/wp-json\/wp\/v2\/tags?post=78715"}],"curies":[{"name":"wp","href":"https:\/\/api.w.org\/{rel}","templated":true}]}}