{"id":79796,"date":"2025-02-12T19:42:52","date_gmt":"2025-02-12T19:42:52","guid":{"rendered":"http:\/\/e-ciftlik.com\/haberler\/gundem\/yas-sinirlamasi-sosyal-medyada-kisitlamalar-geliyor-mu\/"},"modified":"2025-02-12T19:42:52","modified_gmt":"2025-02-12T19:42:52","slug":"yas-sinirlamasi-sosyal-medyada-kisitlamalar-geliyor-mu","status":"publish","type":"post","link":"https:\/\/e-ciftlik.com\/haberler\/gundem\/yas-sinirlamasi-sosyal-medyada-kisitlamalar-geliyor-mu\/","title":{"rendered":"Ya\u015f S\u0131n\u0131rlamas\u0131: Sosyal Medyada K\u0131s\u0131tlamalar Geliyor mu?"},"content":{"rendered":"<p>Aile ve Sosyal Hizmetler Bakan\u0131 Uralo\u011flu, A Haber&#8217;de yapt\u0131\u011f\u0131 a\u00e7\u0131klamada, 16 ya\u015f alt\u0131ndaki gen\u00e7ler i\u00e7in sosyal medya platformlar\u0131na getirilecek k\u0131s\u0131tlamalar\u0131 de\u011ferlendirdiklerini belirtti.<\/p>\n<p>Bakan Uralo\u011flu, gen\u00e7lerin daha iyi yeti\u015febilmesi ve odaklanabilmesi i\u00e7in d\u00fcnya genelinde bir\u00e7ok \u00fclkede sosyal medya platformlar\u0131nda k\u0131s\u0131tlamalar\u0131n getirildi\u011fini ifade etti. Bu kapsamda, Aile ve Sosyal Hizmetler Bakanl\u0131\u011f\u0131 olarak 16 ya\u015f alt\u0131ndaki gen\u00e7lerin sosyal medya eri\u015fimine engel getirilmesi konusunda \u00e7al\u0131\u015fma y\u00fcr\u00fctt\u00fcklerini vurgulad\u0131.<\/p>\n<p>D\u00fcnya genelinde baz\u0131 \u00fclkelerde, Bel\u00e7ika, ABD, \u0130spanya, Hollanda, \u0130talya, Fransa, \u0130rlanda, Yunanistan, \u00c7in, Avustralya ve M\u0131s\u0131r gibi \u00fclkelerde sosyal medya platformlar\u0131na baz\u0131 d\u00fczenlemeler getirildi\u011fini belirten Bakan Uralo\u011flu, bu d\u00fczenlemelerin gen\u00e7lerin e\u011fitimine ve geli\u015fimine daha fazla zaman ay\u0131rabilmesi amac\u0131yla yap\u0131ld\u0131\u011f\u0131n\u0131 s\u00f6yledi.<\/p>\n<p>Bakan Uralo\u011flu, T\u00fcrkiye&#8217;de ise okullardaki telefon kullan\u0131m\u0131 konusunda Milli E\u011fitim Bakanl\u0131\u011f\u0131&#8217;n\u0131n baz\u0131 uygulamalar\u0131n\u0131n oldu\u011funu ancak telefonlar\u0131n yasaklanmas\u0131 gibi bir durumun g\u00fcndemlerinde olmad\u0131\u011f\u0131n\u0131 ifade etti. Odaklar\u0131n\u0131n tamamen 16 ya\u015f alt\u0131ndaki gen\u00e7lerin sosyal medya platformlar\u0131na eri\u015fimini k\u0131s\u0131tlamak oldu\u011funu belirten Bakan Uralo\u011flu, bu konuda \u00e7al\u0131\u015fmalar\u0131n devam etti\u011fini dile getirdi.<\/p>\n","protected":false},"excerpt":{"rendered":"<p>Aile ve Sosyal Hizmetler Bakan\u0131 Uralo\u011flu, A Haber&#8217;de yapt\u0131\u011f\u0131 a\u00e7\u0131klamada, 16 ya\u015f alt\u0131ndaki gen\u00e7ler i\u00e7in&hellip;<\/p>\n","protected":false},"author":1,"featured_media":79797,"comment_status":"open","ping_status":"open","sticky":false,"template":"","format":"standard","meta":{"footnotes":""},"categories":[10],"tags":[],"class_list":["post-79796","post","type-post","status-publish","format-standard","has-post-thumbnail","hentry","category-gundem"],"yoast_head":"<!-- This site is optimized with the Yoast SEO Premium plugin v24.3 (Yoast SEO v27.4) - https:\/\/yoast.com\/product\/yoast-seo-premium-wordpress\/ -->\n<title>Ya\u015f S\u0131n\u0131rlamas\u0131: Sosyal Medyada K\u0131s\u0131tlamalar Geliyor mu? - E-&Ccedil;\u0130FTL\u0130K HABER<\/title>\n<meta name=\"description\" content=\"Aile ve Sosyal Hizmetler Bakan\u0131 Uralo\u011flu, A Haber&#039;de yapt\u0131\u011f\u0131 a\u00e7\u0131klamada, 16 ya\u015f alt\u0131ndaki gen\u00e7ler i\u00e7in sosyal medya platformlar\u0131na getirilecek\" \/>\n<meta name=\"robots\" content=\"index, follow, max-snippet:-1, max-image-preview:large, max-video-preview:-1\" \/>\n<link rel=\"canonical\" href=\"https:\/\/e-ciftlik.com\/haberler\/gundem\/yas-sinirlamasi-sosyal-medyada-kisitlamalar-geliyor-mu\/\" \/>\n<meta property=\"og:locale\" content=\"tr_TR\" \/>\n<meta property=\"og:type\" content=\"article\" \/>\n<meta property=\"og:title\" content=\"Ya\u015f S\u0131n\u0131rlamas\u0131: Sosyal Medyada K\u0131s\u0131tlamalar Geliyor mu?\" \/>\n<meta property=\"og:description\" content=\"Aile ve Sosyal Hizmetler Bakan\u0131 Uralo\u011flu, A Haber&#039;de yapt\u0131\u011f\u0131 a\u00e7\u0131klamada, 16 ya\u015f alt\u0131ndaki gen\u00e7ler i\u00e7in sosyal medya platformlar\u0131na getirilecek\" \/>\n<meta property=\"og:url\" content=\"https:\/\/e-ciftlik.com\/haberler\/gundem\/yas-sinirlamasi-sosyal-medyada-kisitlamalar-geliyor-mu\/\" \/>\n<meta property=\"og:site_name\" content=\"E-&Ccedil;\u0130FTL\u0130K HABER\" \/>\n<meta property=\"article:publisher\" content=\"https:\/\/www.facebook.com\/eciftlikturkiye\" \/>\n<meta property=\"article:published_time\" content=\"2025-02-12T19:42:52+00:00\" \/>\n<meta property=\"og:image\" content=\"https:\/\/e-ciftlik.com\/haberler\/wp-content\/uploads\/2025\/02\/ulastirma-ve-altyapi-bakani-abdulkadir-uraloglu-a-haberde-1739383485178.jpg\" \/>\n\t<meta property=\"og:image:width\" content=\"1200\" \/>\n\t<meta property=\"og:image:height\" content=\"675\" \/>\n\t<meta property=\"og:image:type\" content=\"image\/jpeg\" \/>\n<meta name=\"author\" content=\"Haber Merkezi\" \/>\n<meta name=\"twitter:card\" content=\"summary_large_image\" \/>\n<meta name=\"twitter:creator\" content=\"@eciftlikresmi\" \/>\n<meta name=\"twitter:site\" content=\"@eciftlikresmi\" \/>\n<meta name=\"twitter:label1\" content=\"Yazan:\" \/>\n\t<meta name=\"twitter:data1\" content=\"Haber Merkezi\" \/>\n\t<meta name=\"twitter:label2\" content=\"Tahmini okuma s\u00fcresi\" \/>\n\t<meta name=\"twitter:data2\" content=\"1 dakika\" \/>\n<script type=\"application\/ld+json\" class=\"yoast-schema-graph\">{\"@context\":\"https:\\\/\\\/schema.org\",\"@graph\":[{\"@type\":\"NewsArticle\",\"@id\":\"https:\\\/\\\/e-ciftlik.com\\\/haberler\\\/gundem\\\/yas-sinirlamasi-sosyal-medyada-kisitlamalar-geliyor-mu\\\/#article\",\"isPartOf\":{\"@id\":\"https:\\\/\\\/e-ciftlik.com\\\/haberler\\\/gundem\\\/yas-sinirlamasi-sosyal-medyada-kisitlamalar-geliyor-mu\\\/\"},\"author\":{\"name\":\"Haber Merkezi\",\"@id\":\"http:\\\/\\\/e-ciftlik.com\\\/haberler\\\/#\\\/schema\\\/person\\\/d2f4fee3143d7f72be82cb887d51b00a\"},\"headline\":\"Ya\u015f S\u0131n\u0131rlamas\u0131: Sosyal Medyada K\u0131s\u0131tlamalar Geliyor mu?\",\"datePublished\":\"2025-02-12T19:42:52+00:00\",\"mainEntityOfPage\":{\"@id\":\"https:\\\/\\\/e-ciftlik.com\\\/haberler\\\/gundem\\\/yas-sinirlamasi-sosyal-medyada-kisitlamalar-geliyor-mu\\\/\"},\"wordCount\":228,\"commentCount\":0,\"publisher\":{\"@id\":\"http:\\\/\\\/e-ciftlik.com\\\/haberler\\\/#organization\"},\"image\":{\"@id\":\"https:\\\/\\\/e-ciftlik.com\\\/haberler\\\/gundem\\\/yas-sinirlamasi-sosyal-medyada-kisitlamalar-geliyor-mu\\\/#primaryimage\"},\"thumbnailUrl\":\"https:\\\/\\\/e-ciftlik.com\\\/haberler\\\/wp-content\\\/uploads\\\/2025\\\/02\\\/ulastirma-ve-altyapi-bakani-abdulkadir-uraloglu-a-haberde-1739383485178.jpg\",\"articleSection\":[\"G\u00fcndem\"],\"inLanguage\":\"tr\",\"potentialAction\":[{\"@type\":\"CommentAction\",\"name\":\"Comment\",\"target\":[\"https:\\\/\\\/e-ciftlik.com\\\/haberler\\\/gundem\\\/yas-sinirlamasi-sosyal-medyada-kisitlamalar-geliyor-mu\\\/#respond\"]}]},{\"@type\":\"WebPage\",\"@id\":\"https:\\\/\\\/e-ciftlik.com\\\/haberler\\\/gundem\\\/yas-sinirlamasi-sosyal-medyada-kisitlamalar-geliyor-mu\\\/\",\"url\":\"https:\\\/\\\/e-ciftlik.com\\\/haberler\\\/gundem\\\/yas-sinirlamasi-sosyal-medyada-kisitlamalar-geliyor-mu\\\/\",\"name\":\"Ya\u015f S\u0131n\u0131rlamas\u0131: Sosyal Medyada K\u0131s\u0131tlamalar Geliyor mu? - E-&Ccedil;\u0130FTL\u0130K HABER\",\"isPartOf\":{\"@id\":\"http:\\\/\\\/e-ciftlik.com\\\/haberler\\\/#website\"},\"primaryImageOfPage\":{\"@id\":\"https:\\\/\\\/e-ciftlik.com\\\/haberler\\\/gundem\\\/yas-sinirlamasi-sosyal-medyada-kisitlamalar-geliyor-mu\\\/#primaryimage\"},\"image\":{\"@id\":\"https:\\\/\\\/e-ciftlik.com\\\/haberler\\\/gundem\\\/yas-sinirlamasi-sosyal-medyada-kisitlamalar-geliyor-mu\\\/#primaryimage\"},\"thumbnailUrl\":\"https:\\\/\\\/e-ciftlik.com\\\/haberler\\\/wp-content\\\/uploads\\\/2025\\\/02\\\/ulastirma-ve-altyapi-bakani-abdulkadir-uraloglu-a-haberde-1739383485178.jpg\",\"datePublished\":\"2025-02-12T19:42:52+00:00\",\"description\":\"Aile ve Sosyal Hizmetler Bakan\u0131 Uralo\u011flu, A Haber'de yapt\u0131\u011f\u0131 a\u00e7\u0131klamada, 16 ya\u015f alt\u0131ndaki gen\u00e7ler i\u00e7in sosyal medya platformlar\u0131na getirilecek\",\"breadcrumb\":{\"@id\":\"https:\\\/\\\/e-ciftlik.com\\\/haberler\\\/gundem\\\/yas-sinirlamasi-sosyal-medyada-kisitlamalar-geliyor-mu\\\/#breadcrumb\"},\"inLanguage\":\"tr\",\"potentialAction\":[{\"@type\":\"ReadAction\",\"target\":[\"https:\\\/\\\/e-ciftlik.com\\\/haberler\\\/gundem\\\/yas-sinirlamasi-sosyal-medyada-kisitlamalar-geliyor-mu\\\/\"]}]},{\"@type\":\"ImageObject\",\"inLanguage\":\"tr\",\"@id\":\"https:\\\/\\\/e-ciftlik.com\\\/haberler\\\/gundem\\\/yas-sinirlamasi-sosyal-medyada-kisitlamalar-geliyor-mu\\\/#primaryimage\",\"url\":\"https:\\\/\\\/e-ciftlik.com\\\/haberler\\\/wp-content\\\/uploads\\\/2025\\\/02\\\/ulastirma-ve-altyapi-bakani-abdulkadir-uraloglu-a-haberde-1739383485178.jpg\",\"contentUrl\":\"https:\\\/\\\/e-ciftlik.com\\\/haberler\\\/wp-content\\\/uploads\\\/2025\\\/02\\\/ulastirma-ve-altyapi-bakani-abdulkadir-uraloglu-a-haberde-1739383485178.jpg\",\"width\":1200,\"height\":675},{\"@type\":\"BreadcrumbList\",\"@id\":\"https:\\\/\\\/e-ciftlik.com\\\/haberler\\\/gundem\\\/yas-sinirlamasi-sosyal-medyada-kisitlamalar-geliyor-mu\\\/#breadcrumb\",\"itemListElement\":[{\"@type\":\"ListItem\",\"position\":1,\"name\":\"Anasayfa\",\"item\":\"http:\\\/\\\/e-ciftlik.com\\\/haberler\\\/\"},{\"@type\":\"ListItem\",\"position\":2,\"name\":\"Ya\u015f S\u0131n\u0131rlamas\u0131: Sosyal Medyada K\u0131s\u0131tlamalar Geliyor mu?\"}]},{\"@type\":\"WebSite\",\"@id\":\"http:\\\/\\\/e-ciftlik.com\\\/haberler\\\/#website\",\"url\":\"http:\\\/\\\/e-ciftlik.com\\\/haberler\\\/\",\"name\":\"E-\u00c7iftlik Haber | G\u00fcncel, Son Dakika Haberler, En Son Haber\",\"description\":\"\",\"publisher\":{\"@id\":\"http:\\\/\\\/e-ciftlik.com\\\/haberler\\\/#organization\"},\"potentialAction\":[{\"@type\":\"SearchAction\",\"target\":{\"@type\":\"EntryPoint\",\"urlTemplate\":\"http:\\\/\\\/e-ciftlik.com\\\/haberler\\\/?s={search_term_string}\"},\"query-input\":{\"@type\":\"PropertyValueSpecification\",\"valueRequired\":true,\"valueName\":\"search_term_string\"}}],\"inLanguage\":\"tr\"},{\"@type\":\"Organization\",\"@id\":\"http:\\\/\\\/e-ciftlik.com\\\/haberler\\\/#organization\",\"name\":\"E-\u00c7\u0130FTL\u0130K HABER\",\"url\":\"http:\\\/\\\/e-ciftlik.com\\\/haberler\\\/\",\"logo\":{\"@type\":\"ImageObject\",\"inLanguage\":\"tr\",\"@id\":\"http:\\\/\\\/e-ciftlik.com\\\/haberler\\\/#\\\/schema\\\/logo\\\/image\\\/\",\"url\":\"https:\\\/\\\/e-ciftlik.com\\\/haberler\\\/wp-content\\\/uploads\\\/2024\\\/06\\\/cropped-cropped-favicon-1-2.png\",\"contentUrl\":\"https:\\\/\\\/e-ciftlik.com\\\/haberler\\\/wp-content\\\/uploads\\\/2024\\\/06\\\/cropped-cropped-favicon-1-2.png\",\"width\":512,\"height\":512,\"caption\":\"E-\u00c7\u0130FTL\u0130K HABER\"},\"image\":{\"@id\":\"http:\\\/\\\/e-ciftlik.com\\\/haberler\\\/#\\\/schema\\\/logo\\\/image\\\/\"},\"sameAs\":[\"https:\\\/\\\/www.facebook.com\\\/eciftlikturkiye\",\"https:\\\/\\\/x.com\\\/eciftlikresmi\",\"https:\\\/\\\/www.instagram.com\\\/eciftlikresmi\\\/\"]},{\"@type\":\"Person\",\"@id\":\"http:\\\/\\\/e-ciftlik.com\\\/haberler\\\/#\\\/schema\\\/person\\\/d2f4fee3143d7f72be82cb887d51b00a\",\"name\":\"Haber Merkezi\",\"image\":{\"@type\":\"ImageObject\",\"inLanguage\":\"tr\",\"@id\":\"https:\\\/\\\/secure.gravatar.com\\\/avatar\\\/6c27d641914e66c1d0452c92716002398782818991d86db1c2cccb531e7c7c82?s=96&d=mm&r=g\",\"url\":\"https:\\\/\\\/secure.gravatar.com\\\/avatar\\\/6c27d641914e66c1d0452c92716002398782818991d86db1c2cccb531e7c7c82?s=96&d=mm&r=g\",\"contentUrl\":\"https:\\\/\\\/secure.gravatar.com\\\/avatar\\\/6c27d641914e66c1d0452c92716002398782818991d86db1c2cccb531e7c7c82?s=96&d=mm&r=g\",\"caption\":\"Haber Merkezi\"},\"sameAs\":[\"http:\\\/\\\/e-ciftlik.com\\\/haberler\"]}]}<\/script>\n<!-- \/ Yoast SEO Premium plugin. -->","yoast_head_json":{"title":"Ya\u015f S\u0131n\u0131rlamas\u0131: Sosyal Medyada K\u0131s\u0131tlamalar Geliyor mu? - E-&Ccedil;\u0130FTL\u0130K HABER","description":"Aile ve Sosyal Hizmetler Bakan\u0131 Uralo\u011flu, A Haber'de yapt\u0131\u011f\u0131 a\u00e7\u0131klamada, 16 ya\u015f alt\u0131ndaki gen\u00e7ler i\u00e7in sosyal medya platformlar\u0131na getirilecek","robots":{"index":"index","follow":"follow","max-snippet":"max-snippet:-1","max-image-preview":"max-image-preview:large","max-video-preview":"max-video-preview:-1"},"canonical":"https:\/\/e-ciftlik.com\/haberler\/gundem\/yas-sinirlamasi-sosyal-medyada-kisitlamalar-geliyor-mu\/","og_locale":"tr_TR","og_type":"article","og_title":"Ya\u015f S\u0131n\u0131rlamas\u0131: Sosyal Medyada K\u0131s\u0131tlamalar Geliyor mu?","og_description":"Aile ve Sosyal Hizmetler Bakan\u0131 Uralo\u011flu, A Haber'de yapt\u0131\u011f\u0131 a\u00e7\u0131klamada, 16 ya\u015f alt\u0131ndaki gen\u00e7ler i\u00e7in sosyal medya platformlar\u0131na getirilecek","og_url":"https:\/\/e-ciftlik.com\/haberler\/gundem\/yas-sinirlamasi-sosyal-medyada-kisitlamalar-geliyor-mu\/","og_site_name":"E-&Ccedil;\u0130FTL\u0130K HABER","article_publisher":"https:\/\/www.facebook.com\/eciftlikturkiye","article_published_time":"2025-02-12T19:42:52+00:00","og_image":[{"width":1200,"height":675,"url":"https:\/\/e-ciftlik.com\/haberler\/wp-content\/uploads\/2025\/02\/ulastirma-ve-altyapi-bakani-abdulkadir-uraloglu-a-haberde-1739383485178.jpg","type":"image\/jpeg"}],"author":"Haber Merkezi","twitter_card":"summary_large_image","twitter_creator":"@eciftlikresmi","twitter_site":"@eciftlikresmi","twitter_misc":{"Yazan:":"Haber Merkezi","Tahmini okuma s\u00fcresi":"1 dakika"},"schema":{"@context":"https:\/\/schema.org","@graph":[{"@type":"NewsArticle","@id":"https:\/\/e-ciftlik.com\/haberler\/gundem\/yas-sinirlamasi-sosyal-medyada-kisitlamalar-geliyor-mu\/#article","isPartOf":{"@id":"https:\/\/e-ciftlik.com\/haberler\/gundem\/yas-sinirlamasi-sosyal-medyada-kisitlamalar-geliyor-mu\/"},"author":{"name":"Haber Merkezi","@id":"http:\/\/e-ciftlik.com\/haberler\/#\/schema\/person\/d2f4fee3143d7f72be82cb887d51b00a"},"headline":"Ya\u015f S\u0131n\u0131rlamas\u0131: Sosyal Medyada K\u0131s\u0131tlamalar Geliyor mu?","datePublished":"2025-02-12T19:42:52+00:00","mainEntityOfPage":{"@id":"https:\/\/e-ciftlik.com\/haberler\/gundem\/yas-sinirlamasi-sosyal-medyada-kisitlamalar-geliyor-mu\/"},"wordCount":228,"commentCount":0,"publisher":{"@id":"http:\/\/e-ciftlik.com\/haberler\/#organization"},"image":{"@id":"https:\/\/e-ciftlik.com\/haberler\/gundem\/yas-sinirlamasi-sosyal-medyada-kisitlamalar-geliyor-mu\/#primaryimage"},"thumbnailUrl":"https:\/\/e-ciftlik.com\/haberler\/wp-content\/uploads\/2025\/02\/ulastirma-ve-altyapi-bakani-abdulkadir-uraloglu-a-haberde-1739383485178.jpg","articleSection":["G\u00fcndem"],"inLanguage":"tr","potentialAction":[{"@type":"CommentAction","name":"Comment","target":["https:\/\/e-ciftlik.com\/haberler\/gundem\/yas-sinirlamasi-sosyal-medyada-kisitlamalar-geliyor-mu\/#respond"]}]},{"@type":"WebPage","@id":"https:\/\/e-ciftlik.com\/haberler\/gundem\/yas-sinirlamasi-sosyal-medyada-kisitlamalar-geliyor-mu\/","url":"https:\/\/e-ciftlik.com\/haberler\/gundem\/yas-sinirlamasi-sosyal-medyada-kisitlamalar-geliyor-mu\/","name":"Ya\u015f S\u0131n\u0131rlamas\u0131: Sosyal Medyada K\u0131s\u0131tlamalar Geliyor mu? - E-&Ccedil;\u0130FTL\u0130K HABER","isPartOf":{"@id":"http:\/\/e-ciftlik.com\/haberler\/#website"},"primaryImageOfPage":{"@id":"https:\/\/e-ciftlik.com\/haberler\/gundem\/yas-sinirlamasi-sosyal-medyada-kisitlamalar-geliyor-mu\/#primaryimage"},"image":{"@id":"https:\/\/e-ciftlik.com\/haberler\/gundem\/yas-sinirlamasi-sosyal-medyada-kisitlamalar-geliyor-mu\/#primaryimage"},"thumbnailUrl":"https:\/\/e-ciftlik.com\/haberler\/wp-content\/uploads\/2025\/02\/ulastirma-ve-altyapi-bakani-abdulkadir-uraloglu-a-haberde-1739383485178.jpg","datePublished":"2025-02-12T19:42:52+00:00","description":"Aile ve Sosyal Hizmetler Bakan\u0131 Uralo\u011flu, A Haber'de yapt\u0131\u011f\u0131 a\u00e7\u0131klamada, 16 ya\u015f alt\u0131ndaki gen\u00e7ler i\u00e7in sosyal medya platformlar\u0131na getirilecek","breadcrumb":{"@id":"https:\/\/e-ciftlik.com\/haberler\/gundem\/yas-sinirlamasi-sosyal-medyada-kisitlamalar-geliyor-mu\/#breadcrumb"},"inLanguage":"tr","potentialAction":[{"@type":"ReadAction","target":["https:\/\/e-ciftlik.com\/haberler\/gundem\/yas-sinirlamasi-sosyal-medyada-kisitlamalar-geliyor-mu\/"]}]},{"@type":"ImageObject","inLanguage":"tr","@id":"https:\/\/e-ciftlik.com\/haberler\/gundem\/yas-sinirlamasi-sosyal-medyada-kisitlamalar-geliyor-mu\/#primaryimage","url":"https:\/\/e-ciftlik.com\/haberler\/wp-content\/uploads\/2025\/02\/ulastirma-ve-altyapi-bakani-abdulkadir-uraloglu-a-haberde-1739383485178.jpg","contentUrl":"https:\/\/e-ciftlik.com\/haberler\/wp-content\/uploads\/2025\/02\/ulastirma-ve-altyapi-bakani-abdulkadir-uraloglu-a-haberde-1739383485178.jpg","width":1200,"height":675},{"@type":"BreadcrumbList","@id":"https:\/\/e-ciftlik.com\/haberler\/gundem\/yas-sinirlamasi-sosyal-medyada-kisitlamalar-geliyor-mu\/#breadcrumb","itemListElement":[{"@type":"ListItem","position":1,"name":"Anasayfa","item":"http:\/\/e-ciftlik.com\/haberler\/"},{"@type":"ListItem","position":2,"name":"Ya\u015f S\u0131n\u0131rlamas\u0131: Sosyal Medyada K\u0131s\u0131tlamalar Geliyor mu?"}]},{"@type":"WebSite","@id":"http:\/\/e-ciftlik.com\/haberler\/#website","url":"http:\/\/e-ciftlik.com\/haberler\/","name":"E-\u00c7iftlik Haber | G\u00fcncel, Son Dakika Haberler, En Son Haber","description":"","publisher":{"@id":"http:\/\/e-ciftlik.com\/haberler\/#organization"},"potentialAction":[{"@type":"SearchAction","target":{"@type":"EntryPoint","urlTemplate":"http:\/\/e-ciftlik.com\/haberler\/?s={search_term_string}"},"query-input":{"@type":"PropertyValueSpecification","valueRequired":true,"valueName":"search_term_string"}}],"inLanguage":"tr"},{"@type":"Organization","@id":"http:\/\/e-ciftlik.com\/haberler\/#organization","name":"E-\u00c7\u0130FTL\u0130K HABER","url":"http:\/\/e-ciftlik.com\/haberler\/","logo":{"@type":"ImageObject","inLanguage":"tr","@id":"http:\/\/e-ciftlik.com\/haberler\/#\/schema\/logo\/image\/","url":"https:\/\/e-ciftlik.com\/haberler\/wp-content\/uploads\/2024\/06\/cropped-cropped-favicon-1-2.png","contentUrl":"https:\/\/e-ciftlik.com\/haberler\/wp-content\/uploads\/2024\/06\/cropped-cropped-favicon-1-2.png","width":512,"height":512,"caption":"E-\u00c7\u0130FTL\u0130K HABER"},"image":{"@id":"http:\/\/e-ciftlik.com\/haberler\/#\/schema\/logo\/image\/"},"sameAs":["https:\/\/www.facebook.com\/eciftlikturkiye","https:\/\/x.com\/eciftlikresmi","https:\/\/www.instagram.com\/eciftlikresmi\/"]},{"@type":"Person","@id":"http:\/\/e-ciftlik.com\/haberler\/#\/schema\/person\/d2f4fee3143d7f72be82cb887d51b00a","name":"Haber Merkezi","image":{"@type":"ImageObject","inLanguage":"tr","@id":"https:\/\/secure.gravatar.com\/avatar\/6c27d641914e66c1d0452c92716002398782818991d86db1c2cccb531e7c7c82?s=96&d=mm&r=g","url":"https:\/\/secure.gravatar.com\/avatar\/6c27d641914e66c1d0452c92716002398782818991d86db1c2cccb531e7c7c82?s=96&d=mm&r=g","contentUrl":"https:\/\/secure.gravatar.com\/avatar\/6c27d641914e66c1d0452c92716002398782818991d86db1c2cccb531e7c7c82?s=96&d=mm&r=g","caption":"Haber Merkezi"},"sameAs":["http:\/\/e-ciftlik.com\/haberler"]}]}},"_links":{"self":[{"href":"https:\/\/e-ciftlik.com\/haberler\/wp-json\/wp\/v2\/posts\/79796","targetHints":{"allow":["GET"]}}],"collection":[{"href":"https:\/\/e-ciftlik.com\/haberler\/wp-json\/wp\/v2\/posts"}],"about":[{"href":"https:\/\/e-ciftlik.com\/haberler\/wp-json\/wp\/v2\/types\/post"}],"author":[{"embeddable":true,"href":"https:\/\/e-ciftlik.com\/haberler\/wp-json\/wp\/v2\/users\/1"}],"replies":[{"embeddable":true,"href":"https:\/\/e-ciftlik.com\/haberler\/wp-json\/wp\/v2\/comments?post=79796"}],"version-history":[{"count":0,"href":"https:\/\/e-ciftlik.com\/haberler\/wp-json\/wp\/v2\/posts\/79796\/revisions"}],"wp:featuredmedia":[{"embeddable":true,"href":"https:\/\/e-ciftlik.com\/haberler\/wp-json\/wp\/v2\/media\/79797"}],"wp:attachment":[{"href":"https:\/\/e-ciftlik.com\/haberler\/wp-json\/wp\/v2\/media?parent=79796"}],"wp:term":[{"taxonomy":"category","embeddable":true,"href":"https:\/\/e-ciftlik.com\/haberler\/wp-json\/wp\/v2\/categories?post=79796"},{"taxonomy":"post_tag","embeddable":true,"href":"https:\/\/e-ciftlik.com\/haberler\/wp-json\/wp\/v2\/tags?post=79796"}],"curies":[{"name":"wp","href":"https:\/\/api.w.org\/{rel}","templated":true}]}}