{"id":79991,"date":"2025-02-12T18:41:00","date_gmt":"2025-02-12T18:41:00","guid":{"rendered":"http:\/\/e-ciftlik.com\/haberler\/tarim\/buldanda-asmalardan-gubre-uretimi-basladi\/"},"modified":"2025-02-12T18:41:00","modified_gmt":"2025-02-12T18:41:00","slug":"buldanda-asmalardan-gubre-uretimi-basladi","status":"publish","type":"post","link":"https:\/\/e-ciftlik.com\/haberler\/tarim\/buldanda-asmalardan-gubre-uretimi-basladi\/","title":{"rendered":"Buldan&#8217;da Asmalardan G\u00fcbre \u00dcretimi Ba\u015flad\u0131"},"content":{"rendered":"<p>Denizli&#8217;nin Buldan il\u00e7esinde, Sultaniye \u00e7ekirdeksiz \u00fcz\u00fcm ba\u011flar\u0131nda budama \u00e7al\u0131\u015fmalar\u0131 ba\u015flad\u0131. \u00dcz\u00fcm yeti\u015ftiricisi \u00d6zkan G\u00fcm\u00fc\u015f, ba\u011flarda kesilen \u00e7ubuklar\u0131n k\u0131r\u0131larak g\u00fcbreye d\u00f6n\u00fc\u015ft\u00fcr\u00fcld\u00fc\u011f\u00fcn\u00fc belirtti. Bu \u00e7al\u0131\u015fmalar, Yenicekent Mahallesi&#8217;nde ger\u00e7ekle\u015ftiriliyor.<\/p>\n<p>Budama i\u015flemleri, \u00fcz\u00fcm ba\u011flar\u0131n\u0131n verimli ve sa\u011fl\u0131kl\u0131 bir \u015fekilde geli\u015febilmesi i\u00e7in titizlikle yap\u0131l\u0131yor. \u00d6zkan G\u00fcm\u00fc\u015f, Kas\u0131m ay\u0131nda ba\u015flayan budama \u00e7al\u0131\u015fmalar\u0131n\u0131n Ocak, \u015eubat ve Mart aylar\u0131na kadar devam edece\u011fini ifade etti. Bu s\u00fcre\u00e7te, ba\u011flar\u0131n gen\u00e7le\u015fmesi ve daha kaliteli \u00fcr\u00fcn alabilmek i\u00e7in \u00e7ubuklar\u0131n do\u011fru \u015fekilde kesilmesi gerekti\u011fini vurgulad\u0131.<\/p>\n<p>\u00dcz\u00fcm yeti\u015ftiricisi G\u00fcm\u00fc\u015f, k\u0131\u015f aylar\u0131nda zorlu hava ko\u015fullar\u0131na ra\u011fmen \u00e7al\u0131\u015farak istedikleri kaliteyi ve verimi elde etmeye gayret ettiklerini s\u00f6yledi. Budamay\u0131 erkeklerin yapt\u0131\u011f\u0131n\u0131, ard\u0131ndan kad\u0131n i\u015f\u00e7ilerin \u00e7ubuk i\u015fleriyle u\u011fra\u015ft\u0131\u011f\u0131n\u0131 belirtti. Bu \u00e7al\u0131\u015fmalar\u0131n, aile ekonomisine katk\u0131 sa\u011flamak amac\u0131yla yap\u0131ld\u0131\u011f\u0131n\u0131 dile getirdi.<\/p>\n<p>Manisa Sar\u0131g\u00f6l&#8217;den Buldan&#8217;a gelen i\u015f\u00e7i Caner M\u00fcza\u00e7 da sabah erken saatlerde ba\u015flad\u0131\u011f\u0131 budama i\u015flerini \u00f6\u011fleden sonra \u00fc\u00e7e kadar s\u00fcrd\u00fcrd\u00fc\u011f\u00fcn\u00fc s\u00f6yledi. So\u011fuk havalara ra\u011fmen \u00e7al\u0131\u015farak har\u00e7l\u0131\u011f\u0131n\u0131 \u00e7\u0131karmaya \u00e7al\u0131\u015ft\u0131\u011f\u0131n\u0131 ve aile ekonomisine destek olmaya gayret etti\u011fini ifade etti.<\/p>\n","protected":false},"excerpt":{"rendered":"<p>Denizli&#8217;nin Buldan il\u00e7esinde, Sultaniye \u00e7ekirdeksiz \u00fcz\u00fcm ba\u011flar\u0131nda budama \u00e7al\u0131\u015fmalar\u0131 ba\u015flad\u0131. \u00dcz\u00fcm yeti\u015ftiricisi \u00d6zkan G\u00fcm\u00fc\u015f, ba\u011flarda&hellip;<\/p>\n","protected":false},"author":1,"featured_media":0,"comment_status":"open","ping_status":"open","sticky":false,"template":"","format":"standard","meta":{"footnotes":""},"categories":[9],"tags":[],"class_list":["post-79991","post","type-post","status-publish","format-standard","hentry","category-tarim"],"yoast_head":"<!-- This site is optimized with the Yoast SEO Premium plugin v24.3 (Yoast SEO v27.4) - https:\/\/yoast.com\/product\/yoast-seo-premium-wordpress\/ -->\n<title>Buldan&#039;da Asmalardan G\u00fcbre \u00dcretimi Ba\u015flad\u0131 - E-&Ccedil;\u0130FTL\u0130K HABER<\/title>\n<meta name=\"description\" content=\"Denizli&#039;nin Buldan il\u00e7esinde, Sultaniye \u00e7ekirdeksiz \u00fcz\u00fcm ba\u011flar\u0131nda budama \u00e7al\u0131\u015fmalar\u0131 ba\u015flad\u0131. \u00dcz\u00fcm yeti\u015ftiricisi \u00d6zkan G\u00fcm\u00fc\u015f, ba\u011flarda kesilen\" \/>\n<meta name=\"robots\" content=\"index, follow, max-snippet:-1, max-image-preview:large, max-video-preview:-1\" \/>\n<link rel=\"canonical\" href=\"https:\/\/e-ciftlik.com\/haberler\/tarim\/buldanda-asmalardan-gubre-uretimi-basladi\/\" \/>\n<meta property=\"og:locale\" content=\"tr_TR\" \/>\n<meta property=\"og:type\" content=\"article\" \/>\n<meta property=\"og:title\" content=\"Buldan&#039;da Asmalardan G\u00fcbre \u00dcretimi Ba\u015flad\u0131\" \/>\n<meta property=\"og:description\" content=\"Denizli&#039;nin Buldan il\u00e7esinde, Sultaniye \u00e7ekirdeksiz \u00fcz\u00fcm ba\u011flar\u0131nda budama \u00e7al\u0131\u015fmalar\u0131 ba\u015flad\u0131. \u00dcz\u00fcm yeti\u015ftiricisi \u00d6zkan G\u00fcm\u00fc\u015f, ba\u011flarda kesilen\" \/>\n<meta property=\"og:url\" content=\"https:\/\/e-ciftlik.com\/haberler\/tarim\/buldanda-asmalardan-gubre-uretimi-basladi\/\" \/>\n<meta property=\"og:site_name\" content=\"E-&Ccedil;\u0130FTL\u0130K HABER\" \/>\n<meta property=\"article:publisher\" content=\"https:\/\/www.facebook.com\/eciftlikturkiye\" \/>\n<meta property=\"article:published_time\" content=\"2025-02-12T18:41:00+00:00\" \/>\n<meta name=\"author\" content=\"Haber Merkezi\" \/>\n<meta name=\"twitter:card\" content=\"summary_large_image\" \/>\n<meta name=\"twitter:creator\" content=\"@eciftlikresmi\" \/>\n<meta name=\"twitter:site\" content=\"@eciftlikresmi\" \/>\n<meta name=\"twitter:label1\" content=\"Yazan:\" \/>\n\t<meta name=\"twitter:data1\" content=\"Haber Merkezi\" \/>\n\t<meta name=\"twitter:label2\" content=\"Tahmini okuma s\u00fcresi\" \/>\n\t<meta name=\"twitter:data2\" content=\"1 dakika\" \/>\n<script type=\"application\/ld+json\" class=\"yoast-schema-graph\">{\"@context\":\"https:\\\/\\\/schema.org\",\"@graph\":[{\"@type\":\"NewsArticle\",\"@id\":\"https:\\\/\\\/e-ciftlik.com\\\/haberler\\\/tarim\\\/buldanda-asmalardan-gubre-uretimi-basladi\\\/#article\",\"isPartOf\":{\"@id\":\"https:\\\/\\\/e-ciftlik.com\\\/haberler\\\/tarim\\\/buldanda-asmalardan-gubre-uretimi-basladi\\\/\"},\"author\":{\"name\":\"Haber Merkezi\",\"@id\":\"https:\\\/\\\/e-ciftlik.com\\\/haberler\\\/#\\\/schema\\\/person\\\/d2f4fee3143d7f72be82cb887d51b00a\"},\"headline\":\"Buldan&#8217;da Asmalardan G\u00fcbre \u00dcretimi Ba\u015flad\u0131\",\"datePublished\":\"2025-02-12T18:41:00+00:00\",\"mainEntityOfPage\":{\"@id\":\"https:\\\/\\\/e-ciftlik.com\\\/haberler\\\/tarim\\\/buldanda-asmalardan-gubre-uretimi-basladi\\\/\"},\"wordCount\":253,\"commentCount\":0,\"publisher\":{\"@id\":\"https:\\\/\\\/e-ciftlik.com\\\/haberler\\\/#organization\"},\"articleSection\":[\"Tar\u0131m\"],\"inLanguage\":\"tr\",\"potentialAction\":[{\"@type\":\"CommentAction\",\"name\":\"Comment\",\"target\":[\"https:\\\/\\\/e-ciftlik.com\\\/haberler\\\/tarim\\\/buldanda-asmalardan-gubre-uretimi-basladi\\\/#respond\"]}]},{\"@type\":\"WebPage\",\"@id\":\"https:\\\/\\\/e-ciftlik.com\\\/haberler\\\/tarim\\\/buldanda-asmalardan-gubre-uretimi-basladi\\\/\",\"url\":\"https:\\\/\\\/e-ciftlik.com\\\/haberler\\\/tarim\\\/buldanda-asmalardan-gubre-uretimi-basladi\\\/\",\"name\":\"Buldan'da Asmalardan G\u00fcbre \u00dcretimi Ba\u015flad\u0131 - E-&Ccedil;\u0130FTL\u0130K HABER\",\"isPartOf\":{\"@id\":\"https:\\\/\\\/e-ciftlik.com\\\/haberler\\\/#website\"},\"datePublished\":\"2025-02-12T18:41:00+00:00\",\"description\":\"Denizli'nin Buldan il\u00e7esinde, Sultaniye \u00e7ekirdeksiz \u00fcz\u00fcm ba\u011flar\u0131nda budama \u00e7al\u0131\u015fmalar\u0131 ba\u015flad\u0131. \u00dcz\u00fcm yeti\u015ftiricisi \u00d6zkan G\u00fcm\u00fc\u015f, ba\u011flarda kesilen\",\"breadcrumb\":{\"@id\":\"https:\\\/\\\/e-ciftlik.com\\\/haberler\\\/tarim\\\/buldanda-asmalardan-gubre-uretimi-basladi\\\/#breadcrumb\"},\"inLanguage\":\"tr\",\"potentialAction\":[{\"@type\":\"ReadAction\",\"target\":[\"https:\\\/\\\/e-ciftlik.com\\\/haberler\\\/tarim\\\/buldanda-asmalardan-gubre-uretimi-basladi\\\/\"]}]},{\"@type\":\"BreadcrumbList\",\"@id\":\"https:\\\/\\\/e-ciftlik.com\\\/haberler\\\/tarim\\\/buldanda-asmalardan-gubre-uretimi-basladi\\\/#breadcrumb\",\"itemListElement\":[{\"@type\":\"ListItem\",\"position\":1,\"name\":\"Anasayfa\",\"item\":\"https:\\\/\\\/e-ciftlik.com\\\/haberler\\\/\"},{\"@type\":\"ListItem\",\"position\":2,\"name\":\"Buldan&#8217;da Asmalardan G\u00fcbre \u00dcretimi Ba\u015flad\u0131\"}]},{\"@type\":\"WebSite\",\"@id\":\"https:\\\/\\\/e-ciftlik.com\\\/haberler\\\/#website\",\"url\":\"https:\\\/\\\/e-ciftlik.com\\\/haberler\\\/\",\"name\":\"E-\u00c7iftlik Haber | G\u00fcncel, Son Dakika Haberler, En Son Haber\",\"description\":\"\",\"publisher\":{\"@id\":\"https:\\\/\\\/e-ciftlik.com\\\/haberler\\\/#organization\"},\"potentialAction\":[{\"@type\":\"SearchAction\",\"target\":{\"@type\":\"EntryPoint\",\"urlTemplate\":\"https:\\\/\\\/e-ciftlik.com\\\/haberler\\\/?s={search_term_string}\"},\"query-input\":{\"@type\":\"PropertyValueSpecification\",\"valueRequired\":true,\"valueName\":\"search_term_string\"}}],\"inLanguage\":\"tr\"},{\"@type\":\"Organization\",\"@id\":\"https:\\\/\\\/e-ciftlik.com\\\/haberler\\\/#organization\",\"name\":\"E-\u00c7\u0130FTL\u0130K HABER\",\"url\":\"https:\\\/\\\/e-ciftlik.com\\\/haberler\\\/\",\"logo\":{\"@type\":\"ImageObject\",\"inLanguage\":\"tr\",\"@id\":\"https:\\\/\\\/e-ciftlik.com\\\/haberler\\\/#\\\/schema\\\/logo\\\/image\\\/\",\"url\":\"https:\\\/\\\/e-ciftlik.com\\\/haberler\\\/wp-content\\\/uploads\\\/2024\\\/06\\\/cropped-cropped-favicon-1-2.png\",\"contentUrl\":\"https:\\\/\\\/e-ciftlik.com\\\/haberler\\\/wp-content\\\/uploads\\\/2024\\\/06\\\/cropped-cropped-favicon-1-2.png\",\"width\":512,\"height\":512,\"caption\":\"E-\u00c7\u0130FTL\u0130K HABER\"},\"image\":{\"@id\":\"https:\\\/\\\/e-ciftlik.com\\\/haberler\\\/#\\\/schema\\\/logo\\\/image\\\/\"},\"sameAs\":[\"https:\\\/\\\/www.facebook.com\\\/eciftlikturkiye\",\"https:\\\/\\\/x.com\\\/eciftlikresmi\",\"https:\\\/\\\/www.instagram.com\\\/eciftlikresmi\\\/\"]},{\"@type\":\"Person\",\"@id\":\"https:\\\/\\\/e-ciftlik.com\\\/haberler\\\/#\\\/schema\\\/person\\\/d2f4fee3143d7f72be82cb887d51b00a\",\"name\":\"Haber Merkezi\",\"image\":{\"@type\":\"ImageObject\",\"inLanguage\":\"tr\",\"@id\":\"https:\\\/\\\/secure.gravatar.com\\\/avatar\\\/6c27d641914e66c1d0452c92716002398782818991d86db1c2cccb531e7c7c82?s=96&d=mm&r=g\",\"url\":\"https:\\\/\\\/secure.gravatar.com\\\/avatar\\\/6c27d641914e66c1d0452c92716002398782818991d86db1c2cccb531e7c7c82?s=96&d=mm&r=g\",\"contentUrl\":\"https:\\\/\\\/secure.gravatar.com\\\/avatar\\\/6c27d641914e66c1d0452c92716002398782818991d86db1c2cccb531e7c7c82?s=96&d=mm&r=g\",\"caption\":\"Haber Merkezi\"},\"sameAs\":[\"http:\\\/\\\/e-ciftlik.com\\\/haberler\"]}]}<\/script>\n<!-- \/ Yoast SEO Premium plugin. -->","yoast_head_json":{"title":"Buldan'da Asmalardan G\u00fcbre \u00dcretimi Ba\u015flad\u0131 - E-&Ccedil;\u0130FTL\u0130K HABER","description":"Denizli'nin Buldan il\u00e7esinde, Sultaniye \u00e7ekirdeksiz \u00fcz\u00fcm ba\u011flar\u0131nda budama \u00e7al\u0131\u015fmalar\u0131 ba\u015flad\u0131. \u00dcz\u00fcm yeti\u015ftiricisi \u00d6zkan G\u00fcm\u00fc\u015f, ba\u011flarda kesilen","robots":{"index":"index","follow":"follow","max-snippet":"max-snippet:-1","max-image-preview":"max-image-preview:large","max-video-preview":"max-video-preview:-1"},"canonical":"https:\/\/e-ciftlik.com\/haberler\/tarim\/buldanda-asmalardan-gubre-uretimi-basladi\/","og_locale":"tr_TR","og_type":"article","og_title":"Buldan'da Asmalardan G\u00fcbre \u00dcretimi Ba\u015flad\u0131","og_description":"Denizli'nin Buldan il\u00e7esinde, Sultaniye \u00e7ekirdeksiz \u00fcz\u00fcm ba\u011flar\u0131nda budama \u00e7al\u0131\u015fmalar\u0131 ba\u015flad\u0131. \u00dcz\u00fcm yeti\u015ftiricisi \u00d6zkan G\u00fcm\u00fc\u015f, ba\u011flarda kesilen","og_url":"https:\/\/e-ciftlik.com\/haberler\/tarim\/buldanda-asmalardan-gubre-uretimi-basladi\/","og_site_name":"E-&Ccedil;\u0130FTL\u0130K HABER","article_publisher":"https:\/\/www.facebook.com\/eciftlikturkiye","article_published_time":"2025-02-12T18:41:00+00:00","author":"Haber Merkezi","twitter_card":"summary_large_image","twitter_creator":"@eciftlikresmi","twitter_site":"@eciftlikresmi","twitter_misc":{"Yazan:":"Haber Merkezi","Tahmini okuma s\u00fcresi":"1 dakika"},"schema":{"@context":"https:\/\/schema.org","@graph":[{"@type":"NewsArticle","@id":"https:\/\/e-ciftlik.com\/haberler\/tarim\/buldanda-asmalardan-gubre-uretimi-basladi\/#article","isPartOf":{"@id":"https:\/\/e-ciftlik.com\/haberler\/tarim\/buldanda-asmalardan-gubre-uretimi-basladi\/"},"author":{"name":"Haber Merkezi","@id":"https:\/\/e-ciftlik.com\/haberler\/#\/schema\/person\/d2f4fee3143d7f72be82cb887d51b00a"},"headline":"Buldan&#8217;da Asmalardan G\u00fcbre \u00dcretimi Ba\u015flad\u0131","datePublished":"2025-02-12T18:41:00+00:00","mainEntityOfPage":{"@id":"https:\/\/e-ciftlik.com\/haberler\/tarim\/buldanda-asmalardan-gubre-uretimi-basladi\/"},"wordCount":253,"commentCount":0,"publisher":{"@id":"https:\/\/e-ciftlik.com\/haberler\/#organization"},"articleSection":["Tar\u0131m"],"inLanguage":"tr","potentialAction":[{"@type":"CommentAction","name":"Comment","target":["https:\/\/e-ciftlik.com\/haberler\/tarim\/buldanda-asmalardan-gubre-uretimi-basladi\/#respond"]}]},{"@type":"WebPage","@id":"https:\/\/e-ciftlik.com\/haberler\/tarim\/buldanda-asmalardan-gubre-uretimi-basladi\/","url":"https:\/\/e-ciftlik.com\/haberler\/tarim\/buldanda-asmalardan-gubre-uretimi-basladi\/","name":"Buldan'da Asmalardan G\u00fcbre \u00dcretimi Ba\u015flad\u0131 - E-&Ccedil;\u0130FTL\u0130K HABER","isPartOf":{"@id":"https:\/\/e-ciftlik.com\/haberler\/#website"},"datePublished":"2025-02-12T18:41:00+00:00","description":"Denizli'nin Buldan il\u00e7esinde, Sultaniye \u00e7ekirdeksiz \u00fcz\u00fcm ba\u011flar\u0131nda budama \u00e7al\u0131\u015fmalar\u0131 ba\u015flad\u0131. \u00dcz\u00fcm yeti\u015ftiricisi \u00d6zkan G\u00fcm\u00fc\u015f, ba\u011flarda kesilen","breadcrumb":{"@id":"https:\/\/e-ciftlik.com\/haberler\/tarim\/buldanda-asmalardan-gubre-uretimi-basladi\/#breadcrumb"},"inLanguage":"tr","potentialAction":[{"@type":"ReadAction","target":["https:\/\/e-ciftlik.com\/haberler\/tarim\/buldanda-asmalardan-gubre-uretimi-basladi\/"]}]},{"@type":"BreadcrumbList","@id":"https:\/\/e-ciftlik.com\/haberler\/tarim\/buldanda-asmalardan-gubre-uretimi-basladi\/#breadcrumb","itemListElement":[{"@type":"ListItem","position":1,"name":"Anasayfa","item":"https:\/\/e-ciftlik.com\/haberler\/"},{"@type":"ListItem","position":2,"name":"Buldan&#8217;da Asmalardan G\u00fcbre \u00dcretimi Ba\u015flad\u0131"}]},{"@type":"WebSite","@id":"https:\/\/e-ciftlik.com\/haberler\/#website","url":"https:\/\/e-ciftlik.com\/haberler\/","name":"E-\u00c7iftlik Haber | G\u00fcncel, Son Dakika Haberler, En Son Haber","description":"","publisher":{"@id":"https:\/\/e-ciftlik.com\/haberler\/#organization"},"potentialAction":[{"@type":"SearchAction","target":{"@type":"EntryPoint","urlTemplate":"https:\/\/e-ciftlik.com\/haberler\/?s={search_term_string}"},"query-input":{"@type":"PropertyValueSpecification","valueRequired":true,"valueName":"search_term_string"}}],"inLanguage":"tr"},{"@type":"Organization","@id":"https:\/\/e-ciftlik.com\/haberler\/#organization","name":"E-\u00c7\u0130FTL\u0130K HABER","url":"https:\/\/e-ciftlik.com\/haberler\/","logo":{"@type":"ImageObject","inLanguage":"tr","@id":"https:\/\/e-ciftlik.com\/haberler\/#\/schema\/logo\/image\/","url":"https:\/\/e-ciftlik.com\/haberler\/wp-content\/uploads\/2024\/06\/cropped-cropped-favicon-1-2.png","contentUrl":"https:\/\/e-ciftlik.com\/haberler\/wp-content\/uploads\/2024\/06\/cropped-cropped-favicon-1-2.png","width":512,"height":512,"caption":"E-\u00c7\u0130FTL\u0130K HABER"},"image":{"@id":"https:\/\/e-ciftlik.com\/haberler\/#\/schema\/logo\/image\/"},"sameAs":["https:\/\/www.facebook.com\/eciftlikturkiye","https:\/\/x.com\/eciftlikresmi","https:\/\/www.instagram.com\/eciftlikresmi\/"]},{"@type":"Person","@id":"https:\/\/e-ciftlik.com\/haberler\/#\/schema\/person\/d2f4fee3143d7f72be82cb887d51b00a","name":"Haber Merkezi","image":{"@type":"ImageObject","inLanguage":"tr","@id":"https:\/\/secure.gravatar.com\/avatar\/6c27d641914e66c1d0452c92716002398782818991d86db1c2cccb531e7c7c82?s=96&d=mm&r=g","url":"https:\/\/secure.gravatar.com\/avatar\/6c27d641914e66c1d0452c92716002398782818991d86db1c2cccb531e7c7c82?s=96&d=mm&r=g","contentUrl":"https:\/\/secure.gravatar.com\/avatar\/6c27d641914e66c1d0452c92716002398782818991d86db1c2cccb531e7c7c82?s=96&d=mm&r=g","caption":"Haber Merkezi"},"sameAs":["http:\/\/e-ciftlik.com\/haberler"]}]}},"_links":{"self":[{"href":"https:\/\/e-ciftlik.com\/haberler\/wp-json\/wp\/v2\/posts\/79991","targetHints":{"allow":["GET"]}}],"collection":[{"href":"https:\/\/e-ciftlik.com\/haberler\/wp-json\/wp\/v2\/posts"}],"about":[{"href":"https:\/\/e-ciftlik.com\/haberler\/wp-json\/wp\/v2\/types\/post"}],"author":[{"embeddable":true,"href":"https:\/\/e-ciftlik.com\/haberler\/wp-json\/wp\/v2\/users\/1"}],"replies":[{"embeddable":true,"href":"https:\/\/e-ciftlik.com\/haberler\/wp-json\/wp\/v2\/comments?post=79991"}],"version-history":[{"count":0,"href":"https:\/\/e-ciftlik.com\/haberler\/wp-json\/wp\/v2\/posts\/79991\/revisions"}],"wp:attachment":[{"href":"https:\/\/e-ciftlik.com\/haberler\/wp-json\/wp\/v2\/media?parent=79991"}],"wp:term":[{"taxonomy":"category","embeddable":true,"href":"https:\/\/e-ciftlik.com\/haberler\/wp-json\/wp\/v2\/categories?post=79991"},{"taxonomy":"post_tag","embeddable":true,"href":"https:\/\/e-ciftlik.com\/haberler\/wp-json\/wp\/v2\/tags?post=79991"}],"curies":[{"name":"wp","href":"https:\/\/api.w.org\/{rel}","templated":true}]}}