{"id":80000,"date":"2025-02-12T18:42:00","date_gmt":"2025-02-12T18:42:00","guid":{"rendered":"http:\/\/e-ciftlik.com\/haberler\/tarim\/210-yillik-su-degirmeni-yillara-meydan-okuyor\/"},"modified":"2025-02-12T18:42:00","modified_gmt":"2025-02-12T18:42:00","slug":"210-yillik-su-degirmeni-yillara-meydan-okuyor","status":"publish","type":"post","link":"https:\/\/e-ciftlik.com\/haberler\/tarim\/210-yillik-su-degirmeni-yillara-meydan-okuyor\/","title":{"rendered":"210 Y\u0131ll\u0131k Su De\u011firmeni Y\u0131llara Meydan Okuyor"},"content":{"rendered":"<p>Manisa&#8217;da Y\u0131llara Meydan Okuyan 210 Y\u0131ll\u0131k Su De\u011firmeni<\/p>\n<p>Manisa&#8217;n\u0131n Demirci il\u00e7esinde bulunan 210 y\u0131ll\u0131k su de\u011firmeni, y\u0131llara meydan okuyarak bu\u011fday \u00f6\u011f\u00fctmeye devam ediyor. Tarihi de\u011firmende \u00f6\u011f\u00fct\u00fclen bu\u011fdaylar\u0131n kepek k\u0131s\u0131mlar\u0131 ayr\u0131lmad\u0131\u011f\u0131 i\u00e7in daha sa\u011fl\u0131kl\u0131 oldu\u011funu d\u00fc\u015f\u00fcnen vatanda\u015flar, tarihi de\u011firmene ilgi g\u00f6steriyor.<\/p>\n<p>Sevin\u00e7ler Mahallesi&#8217;nde yer alan 210 y\u0131ll\u0131k tarihi de\u011firmen, De\u011firmenci Mustafa Yeti\u015f&#8217;in babas\u0131ndan devrald\u0131\u011f\u0131 mesle\u011fi s\u00fcrd\u00fcrmesiyle i\u015fletiliyor. De\u011firmende \u00e7evre mahalle ve il\u00e7elerden gelen bu\u011fdaylar suyun g\u00fcc\u00fcyle una d\u00f6n\u00fc\u015ft\u00fcr\u00fcl\u00fcyor. Mustafa Yeti\u015f, Demirci il\u00e7e merkezi ve \u00e7evre illerden gelen bu\u011fdaylar\u0131 un haline getiriyor. Yaz aylar\u0131nda su olmad\u0131\u011f\u0131ndan faaliyet g\u00f6stermeyen de\u011firmen, k\u0131\u015f mevsiminde ya\u011fmurlarla birlikte 5 ay \u00e7al\u0131\u015f\u0131yor. Mustafa Yeti\u015f, de\u011firmeni 50 y\u0131ld\u0131r \u00e7al\u0131\u015ft\u0131rd\u0131\u011f\u0131n\u0131 belirterek, bu\u011fday\u0131n suyla \u00f6\u011f\u00fct\u00fclmesinin fabrikalarda \u00fcretilenden daha lezzetli oldu\u011funu s\u00f6yledi.<\/p>\n<p>De\u011firmende \u00f6\u011f\u00fct\u00fclen bu\u011fday\u0131n lezzetli oldu\u011funu belirten Seyfettin Y\u0131ld\u0131z, tarlas\u0131ndan \u00fcretti\u011fi bu\u011fdaylar\u0131 su de\u011firmeninde \u00f6\u011f\u00fcterek do\u011fal olarak t\u00fcketti\u011fini ifade etti. Y\u0131ld\u0131z, 40 y\u0131ld\u0131r buradaki su de\u011firmeninden un ald\u0131\u011f\u0131n\u0131 ve isteyenlere g\u00f6nderdi\u011fini dile getirdi.<\/p>\n","protected":false},"excerpt":{"rendered":"<p>Manisa&#8217;da Y\u0131llara Meydan Okuyan 210 Y\u0131ll\u0131k Su De\u011firmeni Manisa&#8217;n\u0131n Demirci il\u00e7esinde bulunan 210 y\u0131ll\u0131k su&hellip;<\/p>\n","protected":false},"author":1,"featured_media":0,"comment_status":"open","ping_status":"open","sticky":false,"template":"","format":"standard","meta":{"footnotes":""},"categories":[9],"tags":[],"class_list":["post-80000","post","type-post","status-publish","format-standard","hentry","category-tarim"],"yoast_head":"<!-- This site is optimized with the Yoast SEO Premium plugin v24.3 (Yoast SEO v27.4) - https:\/\/yoast.com\/product\/yoast-seo-premium-wordpress\/ -->\n<title>210 Y\u0131ll\u0131k Su De\u011firmeni Y\u0131llara Meydan Okuyor - E-&Ccedil;\u0130FTL\u0130K HABER<\/title>\n<meta name=\"description\" content=\"Manisa&#039;da Y\u0131llara Meydan Okuyan 210 Y\u0131ll\u0131k Su De\u011firmeni Manisa&#039;n\u0131n Demirci il\u00e7esinde bulunan 210 y\u0131ll\u0131k su de\u011firmeni, y\u0131llara meydan okuyarak bu\u011fday\" \/>\n<meta name=\"robots\" content=\"index, follow, max-snippet:-1, max-image-preview:large, max-video-preview:-1\" \/>\n<link rel=\"canonical\" href=\"https:\/\/e-ciftlik.com\/haberler\/tarim\/210-yillik-su-degirmeni-yillara-meydan-okuyor\/\" \/>\n<meta property=\"og:locale\" content=\"tr_TR\" \/>\n<meta property=\"og:type\" content=\"article\" \/>\n<meta property=\"og:title\" content=\"210 Y\u0131ll\u0131k Su De\u011firmeni Y\u0131llara Meydan Okuyor\" \/>\n<meta property=\"og:description\" content=\"Manisa&#039;da Y\u0131llara Meydan Okuyan 210 Y\u0131ll\u0131k Su De\u011firmeni Manisa&#039;n\u0131n Demirci il\u00e7esinde bulunan 210 y\u0131ll\u0131k su de\u011firmeni, y\u0131llara meydan okuyarak bu\u011fday\" \/>\n<meta property=\"og:url\" content=\"https:\/\/e-ciftlik.com\/haberler\/tarim\/210-yillik-su-degirmeni-yillara-meydan-okuyor\/\" \/>\n<meta property=\"og:site_name\" content=\"E-&Ccedil;\u0130FTL\u0130K HABER\" \/>\n<meta property=\"article:publisher\" content=\"https:\/\/www.facebook.com\/eciftlikturkiye\" \/>\n<meta property=\"article:published_time\" content=\"2025-02-12T18:42:00+00:00\" \/>\n<meta name=\"author\" content=\"Haber Merkezi\" \/>\n<meta name=\"twitter:card\" content=\"summary_large_image\" \/>\n<meta name=\"twitter:creator\" content=\"@eciftlikresmi\" \/>\n<meta name=\"twitter:site\" content=\"@eciftlikresmi\" \/>\n<meta name=\"twitter:label1\" content=\"Yazan:\" \/>\n\t<meta name=\"twitter:data1\" content=\"Haber Merkezi\" \/>\n\t<meta name=\"twitter:label2\" content=\"Tahmini okuma s\u00fcresi\" \/>\n\t<meta name=\"twitter:data2\" content=\"1 dakika\" \/>\n<script type=\"application\/ld+json\" class=\"yoast-schema-graph\">{\"@context\":\"https:\\\/\\\/schema.org\",\"@graph\":[{\"@type\":\"NewsArticle\",\"@id\":\"https:\\\/\\\/e-ciftlik.com\\\/haberler\\\/tarim\\\/210-yillik-su-degirmeni-yillara-meydan-okuyor\\\/#article\",\"isPartOf\":{\"@id\":\"https:\\\/\\\/e-ciftlik.com\\\/haberler\\\/tarim\\\/210-yillik-su-degirmeni-yillara-meydan-okuyor\\\/\"},\"author\":{\"name\":\"Haber Merkezi\",\"@id\":\"https:\\\/\\\/e-ciftlik.com\\\/haberler\\\/#\\\/schema\\\/person\\\/d2f4fee3143d7f72be82cb887d51b00a\"},\"headline\":\"210 Y\u0131ll\u0131k Su De\u011firmeni Y\u0131llara Meydan Okuyor\",\"datePublished\":\"2025-02-12T18:42:00+00:00\",\"mainEntityOfPage\":{\"@id\":\"https:\\\/\\\/e-ciftlik.com\\\/haberler\\\/tarim\\\/210-yillik-su-degirmeni-yillara-meydan-okuyor\\\/\"},\"wordCount\":237,\"commentCount\":0,\"publisher\":{\"@id\":\"https:\\\/\\\/e-ciftlik.com\\\/haberler\\\/#organization\"},\"articleSection\":[\"Tar\u0131m\"],\"inLanguage\":\"tr\",\"potentialAction\":[{\"@type\":\"CommentAction\",\"name\":\"Comment\",\"target\":[\"https:\\\/\\\/e-ciftlik.com\\\/haberler\\\/tarim\\\/210-yillik-su-degirmeni-yillara-meydan-okuyor\\\/#respond\"]}]},{\"@type\":\"WebPage\",\"@id\":\"https:\\\/\\\/e-ciftlik.com\\\/haberler\\\/tarim\\\/210-yillik-su-degirmeni-yillara-meydan-okuyor\\\/\",\"url\":\"https:\\\/\\\/e-ciftlik.com\\\/haberler\\\/tarim\\\/210-yillik-su-degirmeni-yillara-meydan-okuyor\\\/\",\"name\":\"210 Y\u0131ll\u0131k Su De\u011firmeni Y\u0131llara Meydan Okuyor - E-&Ccedil;\u0130FTL\u0130K HABER\",\"isPartOf\":{\"@id\":\"https:\\\/\\\/e-ciftlik.com\\\/haberler\\\/#website\"},\"datePublished\":\"2025-02-12T18:42:00+00:00\",\"description\":\"Manisa'da Y\u0131llara Meydan Okuyan 210 Y\u0131ll\u0131k Su De\u011firmeni Manisa'n\u0131n Demirci il\u00e7esinde bulunan 210 y\u0131ll\u0131k su de\u011firmeni, y\u0131llara meydan okuyarak bu\u011fday\",\"breadcrumb\":{\"@id\":\"https:\\\/\\\/e-ciftlik.com\\\/haberler\\\/tarim\\\/210-yillik-su-degirmeni-yillara-meydan-okuyor\\\/#breadcrumb\"},\"inLanguage\":\"tr\",\"potentialAction\":[{\"@type\":\"ReadAction\",\"target\":[\"https:\\\/\\\/e-ciftlik.com\\\/haberler\\\/tarim\\\/210-yillik-su-degirmeni-yillara-meydan-okuyor\\\/\"]}]},{\"@type\":\"BreadcrumbList\",\"@id\":\"https:\\\/\\\/e-ciftlik.com\\\/haberler\\\/tarim\\\/210-yillik-su-degirmeni-yillara-meydan-okuyor\\\/#breadcrumb\",\"itemListElement\":[{\"@type\":\"ListItem\",\"position\":1,\"name\":\"Anasayfa\",\"item\":\"https:\\\/\\\/e-ciftlik.com\\\/haberler\\\/\"},{\"@type\":\"ListItem\",\"position\":2,\"name\":\"210 Y\u0131ll\u0131k Su De\u011firmeni Y\u0131llara Meydan Okuyor\"}]},{\"@type\":\"WebSite\",\"@id\":\"https:\\\/\\\/e-ciftlik.com\\\/haberler\\\/#website\",\"url\":\"https:\\\/\\\/e-ciftlik.com\\\/haberler\\\/\",\"name\":\"E-\u00c7iftlik Haber | G\u00fcncel, Son Dakika Haberler, En Son Haber\",\"description\":\"\",\"publisher\":{\"@id\":\"https:\\\/\\\/e-ciftlik.com\\\/haberler\\\/#organization\"},\"potentialAction\":[{\"@type\":\"SearchAction\",\"target\":{\"@type\":\"EntryPoint\",\"urlTemplate\":\"https:\\\/\\\/e-ciftlik.com\\\/haberler\\\/?s={search_term_string}\"},\"query-input\":{\"@type\":\"PropertyValueSpecification\",\"valueRequired\":true,\"valueName\":\"search_term_string\"}}],\"inLanguage\":\"tr\"},{\"@type\":\"Organization\",\"@id\":\"https:\\\/\\\/e-ciftlik.com\\\/haberler\\\/#organization\",\"name\":\"E-\u00c7\u0130FTL\u0130K HABER\",\"url\":\"https:\\\/\\\/e-ciftlik.com\\\/haberler\\\/\",\"logo\":{\"@type\":\"ImageObject\",\"inLanguage\":\"tr\",\"@id\":\"https:\\\/\\\/e-ciftlik.com\\\/haberler\\\/#\\\/schema\\\/logo\\\/image\\\/\",\"url\":\"https:\\\/\\\/e-ciftlik.com\\\/haberler\\\/wp-content\\\/uploads\\\/2024\\\/06\\\/cropped-cropped-favicon-1-2.png\",\"contentUrl\":\"https:\\\/\\\/e-ciftlik.com\\\/haberler\\\/wp-content\\\/uploads\\\/2024\\\/06\\\/cropped-cropped-favicon-1-2.png\",\"width\":512,\"height\":512,\"caption\":\"E-\u00c7\u0130FTL\u0130K HABER\"},\"image\":{\"@id\":\"https:\\\/\\\/e-ciftlik.com\\\/haberler\\\/#\\\/schema\\\/logo\\\/image\\\/\"},\"sameAs\":[\"https:\\\/\\\/www.facebook.com\\\/eciftlikturkiye\",\"https:\\\/\\\/x.com\\\/eciftlikresmi\",\"https:\\\/\\\/www.instagram.com\\\/eciftlikresmi\\\/\"]},{\"@type\":\"Person\",\"@id\":\"https:\\\/\\\/e-ciftlik.com\\\/haberler\\\/#\\\/schema\\\/person\\\/d2f4fee3143d7f72be82cb887d51b00a\",\"name\":\"Haber Merkezi\",\"image\":{\"@type\":\"ImageObject\",\"inLanguage\":\"tr\",\"@id\":\"https:\\\/\\\/secure.gravatar.com\\\/avatar\\\/6c27d641914e66c1d0452c92716002398782818991d86db1c2cccb531e7c7c82?s=96&d=mm&r=g\",\"url\":\"https:\\\/\\\/secure.gravatar.com\\\/avatar\\\/6c27d641914e66c1d0452c92716002398782818991d86db1c2cccb531e7c7c82?s=96&d=mm&r=g\",\"contentUrl\":\"https:\\\/\\\/secure.gravatar.com\\\/avatar\\\/6c27d641914e66c1d0452c92716002398782818991d86db1c2cccb531e7c7c82?s=96&d=mm&r=g\",\"caption\":\"Haber Merkezi\"},\"sameAs\":[\"http:\\\/\\\/e-ciftlik.com\\\/haberler\"]}]}<\/script>\n<!-- \/ Yoast SEO Premium plugin. -->","yoast_head_json":{"title":"210 Y\u0131ll\u0131k Su De\u011firmeni Y\u0131llara Meydan Okuyor - E-&Ccedil;\u0130FTL\u0130K HABER","description":"Manisa'da Y\u0131llara Meydan Okuyan 210 Y\u0131ll\u0131k Su De\u011firmeni Manisa'n\u0131n Demirci il\u00e7esinde bulunan 210 y\u0131ll\u0131k su de\u011firmeni, y\u0131llara meydan okuyarak bu\u011fday","robots":{"index":"index","follow":"follow","max-snippet":"max-snippet:-1","max-image-preview":"max-image-preview:large","max-video-preview":"max-video-preview:-1"},"canonical":"https:\/\/e-ciftlik.com\/haberler\/tarim\/210-yillik-su-degirmeni-yillara-meydan-okuyor\/","og_locale":"tr_TR","og_type":"article","og_title":"210 Y\u0131ll\u0131k Su De\u011firmeni Y\u0131llara Meydan Okuyor","og_description":"Manisa'da Y\u0131llara Meydan Okuyan 210 Y\u0131ll\u0131k Su De\u011firmeni Manisa'n\u0131n Demirci il\u00e7esinde bulunan 210 y\u0131ll\u0131k su de\u011firmeni, y\u0131llara meydan okuyarak bu\u011fday","og_url":"https:\/\/e-ciftlik.com\/haberler\/tarim\/210-yillik-su-degirmeni-yillara-meydan-okuyor\/","og_site_name":"E-&Ccedil;\u0130FTL\u0130K HABER","article_publisher":"https:\/\/www.facebook.com\/eciftlikturkiye","article_published_time":"2025-02-12T18:42:00+00:00","author":"Haber Merkezi","twitter_card":"summary_large_image","twitter_creator":"@eciftlikresmi","twitter_site":"@eciftlikresmi","twitter_misc":{"Yazan:":"Haber Merkezi","Tahmini okuma s\u00fcresi":"1 dakika"},"schema":{"@context":"https:\/\/schema.org","@graph":[{"@type":"NewsArticle","@id":"https:\/\/e-ciftlik.com\/haberler\/tarim\/210-yillik-su-degirmeni-yillara-meydan-okuyor\/#article","isPartOf":{"@id":"https:\/\/e-ciftlik.com\/haberler\/tarim\/210-yillik-su-degirmeni-yillara-meydan-okuyor\/"},"author":{"name":"Haber Merkezi","@id":"https:\/\/e-ciftlik.com\/haberler\/#\/schema\/person\/d2f4fee3143d7f72be82cb887d51b00a"},"headline":"210 Y\u0131ll\u0131k Su De\u011firmeni Y\u0131llara Meydan Okuyor","datePublished":"2025-02-12T18:42:00+00:00","mainEntityOfPage":{"@id":"https:\/\/e-ciftlik.com\/haberler\/tarim\/210-yillik-su-degirmeni-yillara-meydan-okuyor\/"},"wordCount":237,"commentCount":0,"publisher":{"@id":"https:\/\/e-ciftlik.com\/haberler\/#organization"},"articleSection":["Tar\u0131m"],"inLanguage":"tr","potentialAction":[{"@type":"CommentAction","name":"Comment","target":["https:\/\/e-ciftlik.com\/haberler\/tarim\/210-yillik-su-degirmeni-yillara-meydan-okuyor\/#respond"]}]},{"@type":"WebPage","@id":"https:\/\/e-ciftlik.com\/haberler\/tarim\/210-yillik-su-degirmeni-yillara-meydan-okuyor\/","url":"https:\/\/e-ciftlik.com\/haberler\/tarim\/210-yillik-su-degirmeni-yillara-meydan-okuyor\/","name":"210 Y\u0131ll\u0131k Su De\u011firmeni Y\u0131llara Meydan Okuyor - E-&Ccedil;\u0130FTL\u0130K HABER","isPartOf":{"@id":"https:\/\/e-ciftlik.com\/haberler\/#website"},"datePublished":"2025-02-12T18:42:00+00:00","description":"Manisa'da Y\u0131llara Meydan Okuyan 210 Y\u0131ll\u0131k Su De\u011firmeni Manisa'n\u0131n Demirci il\u00e7esinde bulunan 210 y\u0131ll\u0131k su de\u011firmeni, y\u0131llara meydan okuyarak bu\u011fday","breadcrumb":{"@id":"https:\/\/e-ciftlik.com\/haberler\/tarim\/210-yillik-su-degirmeni-yillara-meydan-okuyor\/#breadcrumb"},"inLanguage":"tr","potentialAction":[{"@type":"ReadAction","target":["https:\/\/e-ciftlik.com\/haberler\/tarim\/210-yillik-su-degirmeni-yillara-meydan-okuyor\/"]}]},{"@type":"BreadcrumbList","@id":"https:\/\/e-ciftlik.com\/haberler\/tarim\/210-yillik-su-degirmeni-yillara-meydan-okuyor\/#breadcrumb","itemListElement":[{"@type":"ListItem","position":1,"name":"Anasayfa","item":"https:\/\/e-ciftlik.com\/haberler\/"},{"@type":"ListItem","position":2,"name":"210 Y\u0131ll\u0131k Su De\u011firmeni Y\u0131llara Meydan Okuyor"}]},{"@type":"WebSite","@id":"https:\/\/e-ciftlik.com\/haberler\/#website","url":"https:\/\/e-ciftlik.com\/haberler\/","name":"E-\u00c7iftlik Haber | G\u00fcncel, Son Dakika Haberler, En Son Haber","description":"","publisher":{"@id":"https:\/\/e-ciftlik.com\/haberler\/#organization"},"potentialAction":[{"@type":"SearchAction","target":{"@type":"EntryPoint","urlTemplate":"https:\/\/e-ciftlik.com\/haberler\/?s={search_term_string}"},"query-input":{"@type":"PropertyValueSpecification","valueRequired":true,"valueName":"search_term_string"}}],"inLanguage":"tr"},{"@type":"Organization","@id":"https:\/\/e-ciftlik.com\/haberler\/#organization","name":"E-\u00c7\u0130FTL\u0130K HABER","url":"https:\/\/e-ciftlik.com\/haberler\/","logo":{"@type":"ImageObject","inLanguage":"tr","@id":"https:\/\/e-ciftlik.com\/haberler\/#\/schema\/logo\/image\/","url":"https:\/\/e-ciftlik.com\/haberler\/wp-content\/uploads\/2024\/06\/cropped-cropped-favicon-1-2.png","contentUrl":"https:\/\/e-ciftlik.com\/haberler\/wp-content\/uploads\/2024\/06\/cropped-cropped-favicon-1-2.png","width":512,"height":512,"caption":"E-\u00c7\u0130FTL\u0130K HABER"},"image":{"@id":"https:\/\/e-ciftlik.com\/haberler\/#\/schema\/logo\/image\/"},"sameAs":["https:\/\/www.facebook.com\/eciftlikturkiye","https:\/\/x.com\/eciftlikresmi","https:\/\/www.instagram.com\/eciftlikresmi\/"]},{"@type":"Person","@id":"https:\/\/e-ciftlik.com\/haberler\/#\/schema\/person\/d2f4fee3143d7f72be82cb887d51b00a","name":"Haber Merkezi","image":{"@type":"ImageObject","inLanguage":"tr","@id":"https:\/\/secure.gravatar.com\/avatar\/6c27d641914e66c1d0452c92716002398782818991d86db1c2cccb531e7c7c82?s=96&d=mm&r=g","url":"https:\/\/secure.gravatar.com\/avatar\/6c27d641914e66c1d0452c92716002398782818991d86db1c2cccb531e7c7c82?s=96&d=mm&r=g","contentUrl":"https:\/\/secure.gravatar.com\/avatar\/6c27d641914e66c1d0452c92716002398782818991d86db1c2cccb531e7c7c82?s=96&d=mm&r=g","caption":"Haber Merkezi"},"sameAs":["http:\/\/e-ciftlik.com\/haberler"]}]}},"_links":{"self":[{"href":"https:\/\/e-ciftlik.com\/haberler\/wp-json\/wp\/v2\/posts\/80000","targetHints":{"allow":["GET"]}}],"collection":[{"href":"https:\/\/e-ciftlik.com\/haberler\/wp-json\/wp\/v2\/posts"}],"about":[{"href":"https:\/\/e-ciftlik.com\/haberler\/wp-json\/wp\/v2\/types\/post"}],"author":[{"embeddable":true,"href":"https:\/\/e-ciftlik.com\/haberler\/wp-json\/wp\/v2\/users\/1"}],"replies":[{"embeddable":true,"href":"https:\/\/e-ciftlik.com\/haberler\/wp-json\/wp\/v2\/comments?post=80000"}],"version-history":[{"count":0,"href":"https:\/\/e-ciftlik.com\/haberler\/wp-json\/wp\/v2\/posts\/80000\/revisions"}],"wp:attachment":[{"href":"https:\/\/e-ciftlik.com\/haberler\/wp-json\/wp\/v2\/media?parent=80000"}],"wp:term":[{"taxonomy":"category","embeddable":true,"href":"https:\/\/e-ciftlik.com\/haberler\/wp-json\/wp\/v2\/categories?post=80000"},{"taxonomy":"post_tag","embeddable":true,"href":"https:\/\/e-ciftlik.com\/haberler\/wp-json\/wp\/v2\/tags?post=80000"}],"curies":[{"name":"wp","href":"https:\/\/api.w.org\/{rel}","templated":true}]}}