{"id":80035,"date":"2025-02-13T11:23:19","date_gmt":"2025-02-13T11:23:19","guid":{"rendered":"https:\/\/e-ciftlik.com\/haberler\/spor\/genc-futbolcu-efe-kartala-talihsiz-kaza\/"},"modified":"2025-02-13T11:23:19","modified_gmt":"2025-02-13T11:23:19","slug":"genc-futbolcu-efe-kartala-talihsiz-kaza","status":"publish","type":"post","link":"https:\/\/e-ciftlik.com\/haberler\/spor\/genc-futbolcu-efe-kartala-talihsiz-kaza\/","title":{"rendered":"Gen\u00e7 Futbolcu Efe Kartal&#8217;a Talihsiz Kaza"},"content":{"rendered":"<p>Kocaelispor ile Amed Sportif Faaliyetler aras\u0131nda oynanan Trendyol 1. Lig ma\u00e7\u0131nda talihsiz bir olay meydana geldi. Ma\u00e7\u0131n 65. dakikas\u0131nda trib\u00fcnlerde yer alan 17 ya\u015f\u0131ndaki Efe Kartal \u00d6ztay, Kuzey Kale Arkas\u0131 Trib\u00fcn\u00fc alt b\u00f6l\u00fcm\u00fcnden Maraton trib\u00fcn\u00fcne ge\u00e7meye \u00e7al\u0131\u015f\u0131rken dengesini kaybederek yakla\u015f\u0131k 13 metrelik y\u00fckseklikten beton zemine d\u00fc\u015ft\u00fc.<\/p>\n<p>Olay\u0131n ard\u0131ndan sa\u011fl\u0131k ekipleri hemen m\u00fcdahale etti ve gen\u00e7 futbolcu Efe Kartal, Kocaeli \u015eehir Hastanesi&#8217;ne kald\u0131r\u0131larak yo\u011fun bak\u0131ma al\u0131nd\u0131. Kafas\u0131na ald\u0131\u011f\u0131 darbe sonucu bilincini kaybeden ve ent\u00fcbe edilen gen\u00e7 oyuncunun durumu hayati tehlike arz etmektedir.<\/p>\n<p>Efe Kartal&#8217;\u0131n, 2019 y\u0131l\u0131nda Sar\u0131me\u015fespor&#8217;da futbola ba\u015flay\u0131p daha sonra Nusretiyespor alt yap\u0131s\u0131nda forma giydi\u011fi ve Kocaelispor&#8217;un ma\u00e7lar\u0131n\u0131 ka\u00e7\u0131rmad\u0131\u011f\u0131 \u00f6\u011frenildi. Haberin duyulmas\u0131n\u0131n ard\u0131ndan Kocaeli Valisi \u0130lhami Akta\u015f, Kocaelispor Kul\u00fcp Ba\u015fkan\u0131 Recep Durul, kul\u00fcp y\u00f6neticileri, Kartepe Kul\u00fcpler Birli\u011fi Ba\u015fkan\u0131 Mevl\u00fct A\u011fra, Nusretiyespor Kul\u00fcb\u00fc y\u00f6neticileri ve sporcunun antren\u00f6rleri hastaneye ak\u0131n etti.<\/p>\n<p>Kocaelispor kul\u00fcb\u00fc de sosyal medya \u00fczerinden gen\u00e7 sporcuyla ilgili destek mesajlar\u0131 payla\u015ft\u0131. &#8220;Haydi Efe! Kazan\u0131lacak \u00e7ok kupa var, aya\u011fa kalk&#8221; \u015feklindeki mesajlarla gen\u00e7 futbolcuya moral vermeye \u00e7al\u0131\u015ft\u0131.<\/p>\n","protected":false},"excerpt":{"rendered":"<p>Kocaelispor ile Amed Sportif Faaliyetler aras\u0131nda oynanan Trendyol 1. Lig ma\u00e7\u0131nda talihsiz bir olay meydana&hellip;<\/p>\n","protected":false},"author":1,"featured_media":80036,"comment_status":"open","ping_status":"open","sticky":false,"template":"","format":"standard","meta":{"footnotes":""},"categories":[7],"tags":[],"class_list":["post-80035","post","type-post","status-publish","format-standard","has-post-thumbnail","hentry","category-spor"],"yoast_head":"<!-- This site is optimized with the Yoast SEO Premium plugin v24.3 (Yoast SEO v27.4) - https:\/\/yoast.com\/product\/yoast-seo-premium-wordpress\/ -->\n<title>Gen\u00e7 Futbolcu Efe Kartal&#039;a Talihsiz Kaza - E-&Ccedil;\u0130FTL\u0130K HABER<\/title>\n<meta name=\"description\" content=\"Kocaelispor ile Amed Sportif Faaliyetler aras\u0131nda oynanan Trendyol 1. Lig ma\u00e7\u0131nda talihsiz bir olay meydana geldi. Ma\u00e7\u0131n 65. dakikas\u0131nda trib\u00fcnlerde yer\" \/>\n<meta name=\"robots\" content=\"index, follow, max-snippet:-1, max-image-preview:large, max-video-preview:-1\" \/>\n<link rel=\"canonical\" href=\"https:\/\/e-ciftlik.com\/haberler\/spor\/genc-futbolcu-efe-kartala-talihsiz-kaza\/\" \/>\n<meta property=\"og:locale\" content=\"tr_TR\" \/>\n<meta property=\"og:type\" content=\"article\" \/>\n<meta property=\"og:title\" content=\"Gen\u00e7 Futbolcu Efe Kartal&#039;a Talihsiz Kaza\" \/>\n<meta property=\"og:description\" content=\"Kocaelispor ile Amed Sportif Faaliyetler aras\u0131nda oynanan Trendyol 1. Lig ma\u00e7\u0131nda talihsiz bir olay meydana geldi. Ma\u00e7\u0131n 65. dakikas\u0131nda trib\u00fcnlerde yer\" \/>\n<meta property=\"og:url\" content=\"https:\/\/e-ciftlik.com\/haberler\/spor\/genc-futbolcu-efe-kartala-talihsiz-kaza\/\" \/>\n<meta property=\"og:site_name\" content=\"E-&Ccedil;\u0130FTL\u0130K HABER\" \/>\n<meta property=\"article:publisher\" content=\"https:\/\/www.facebook.com\/eciftlikturkiye\" \/>\n<meta property=\"article:published_time\" content=\"2025-02-13T11:23:19+00:00\" \/>\n<meta property=\"og:image\" content=\"https:\/\/e-ciftlik.com\/haberler\/wp-content\/uploads\/2025\/02\/W3U16Cmt30elSocDyDUOhw.jpg\" \/>\n\t<meta property=\"og:image:width\" content=\"1080\" \/>\n\t<meta property=\"og:image:height\" content=\"614\" \/>\n\t<meta property=\"og:image:type\" content=\"image\/jpeg\" \/>\n<meta name=\"author\" content=\"Haber Merkezi\" \/>\n<meta name=\"twitter:card\" content=\"summary_large_image\" \/>\n<meta name=\"twitter:creator\" content=\"@eciftlikresmi\" \/>\n<meta name=\"twitter:site\" content=\"@eciftlikresmi\" \/>\n<meta name=\"twitter:label1\" content=\"Yazan:\" \/>\n\t<meta name=\"twitter:data1\" content=\"Haber Merkezi\" \/>\n\t<meta name=\"twitter:label2\" content=\"Tahmini okuma s\u00fcresi\" \/>\n\t<meta name=\"twitter:data2\" content=\"1 dakika\" \/>\n<script type=\"application\/ld+json\" class=\"yoast-schema-graph\">{\"@context\":\"https:\\\/\\\/schema.org\",\"@graph\":[{\"@type\":\"NewsArticle\",\"@id\":\"https:\\\/\\\/e-ciftlik.com\\\/haberler\\\/spor\\\/genc-futbolcu-efe-kartala-talihsiz-kaza\\\/#article\",\"isPartOf\":{\"@id\":\"https:\\\/\\\/e-ciftlik.com\\\/haberler\\\/spor\\\/genc-futbolcu-efe-kartala-talihsiz-kaza\\\/\"},\"author\":{\"name\":\"Haber Merkezi\",\"@id\":\"https:\\\/\\\/e-ciftlik.com\\\/haberler\\\/#\\\/schema\\\/person\\\/d2f4fee3143d7f72be82cb887d51b00a\"},\"headline\":\"Gen\u00e7 Futbolcu Efe Kartal&#8217;a Talihsiz Kaza\",\"datePublished\":\"2025-02-13T11:23:19+00:00\",\"mainEntityOfPage\":{\"@id\":\"https:\\\/\\\/e-ciftlik.com\\\/haberler\\\/spor\\\/genc-futbolcu-efe-kartala-talihsiz-kaza\\\/\"},\"wordCount\":224,\"commentCount\":0,\"publisher\":{\"@id\":\"https:\\\/\\\/e-ciftlik.com\\\/haberler\\\/#organization\"},\"image\":{\"@id\":\"https:\\\/\\\/e-ciftlik.com\\\/haberler\\\/spor\\\/genc-futbolcu-efe-kartala-talihsiz-kaza\\\/#primaryimage\"},\"thumbnailUrl\":\"https:\\\/\\\/e-ciftlik.com\\\/haberler\\\/wp-content\\\/uploads\\\/2025\\\/02\\\/W3U16Cmt30elSocDyDUOhw.jpg\",\"articleSection\":[\"Spor\"],\"inLanguage\":\"tr\",\"potentialAction\":[{\"@type\":\"CommentAction\",\"name\":\"Comment\",\"target\":[\"https:\\\/\\\/e-ciftlik.com\\\/haberler\\\/spor\\\/genc-futbolcu-efe-kartala-talihsiz-kaza\\\/#respond\"]}]},{\"@type\":\"WebPage\",\"@id\":\"https:\\\/\\\/e-ciftlik.com\\\/haberler\\\/spor\\\/genc-futbolcu-efe-kartala-talihsiz-kaza\\\/\",\"url\":\"https:\\\/\\\/e-ciftlik.com\\\/haberler\\\/spor\\\/genc-futbolcu-efe-kartala-talihsiz-kaza\\\/\",\"name\":\"Gen\u00e7 Futbolcu Efe Kartal'a Talihsiz Kaza - E-&Ccedil;\u0130FTL\u0130K HABER\",\"isPartOf\":{\"@id\":\"https:\\\/\\\/e-ciftlik.com\\\/haberler\\\/#website\"},\"primaryImageOfPage\":{\"@id\":\"https:\\\/\\\/e-ciftlik.com\\\/haberler\\\/spor\\\/genc-futbolcu-efe-kartala-talihsiz-kaza\\\/#primaryimage\"},\"image\":{\"@id\":\"https:\\\/\\\/e-ciftlik.com\\\/haberler\\\/spor\\\/genc-futbolcu-efe-kartala-talihsiz-kaza\\\/#primaryimage\"},\"thumbnailUrl\":\"https:\\\/\\\/e-ciftlik.com\\\/haberler\\\/wp-content\\\/uploads\\\/2025\\\/02\\\/W3U16Cmt30elSocDyDUOhw.jpg\",\"datePublished\":\"2025-02-13T11:23:19+00:00\",\"description\":\"Kocaelispor ile Amed Sportif Faaliyetler aras\u0131nda oynanan Trendyol 1. Lig ma\u00e7\u0131nda talihsiz bir olay meydana geldi. Ma\u00e7\u0131n 65. dakikas\u0131nda trib\u00fcnlerde yer\",\"breadcrumb\":{\"@id\":\"https:\\\/\\\/e-ciftlik.com\\\/haberler\\\/spor\\\/genc-futbolcu-efe-kartala-talihsiz-kaza\\\/#breadcrumb\"},\"inLanguage\":\"tr\",\"potentialAction\":[{\"@type\":\"ReadAction\",\"target\":[\"https:\\\/\\\/e-ciftlik.com\\\/haberler\\\/spor\\\/genc-futbolcu-efe-kartala-talihsiz-kaza\\\/\"]}]},{\"@type\":\"ImageObject\",\"inLanguage\":\"tr\",\"@id\":\"https:\\\/\\\/e-ciftlik.com\\\/haberler\\\/spor\\\/genc-futbolcu-efe-kartala-talihsiz-kaza\\\/#primaryimage\",\"url\":\"https:\\\/\\\/e-ciftlik.com\\\/haberler\\\/wp-content\\\/uploads\\\/2025\\\/02\\\/W3U16Cmt30elSocDyDUOhw.jpg\",\"contentUrl\":\"https:\\\/\\\/e-ciftlik.com\\\/haberler\\\/wp-content\\\/uploads\\\/2025\\\/02\\\/W3U16Cmt30elSocDyDUOhw.jpg\",\"width\":1080,\"height\":614},{\"@type\":\"BreadcrumbList\",\"@id\":\"https:\\\/\\\/e-ciftlik.com\\\/haberler\\\/spor\\\/genc-futbolcu-efe-kartala-talihsiz-kaza\\\/#breadcrumb\",\"itemListElement\":[{\"@type\":\"ListItem\",\"position\":1,\"name\":\"Anasayfa\",\"item\":\"https:\\\/\\\/e-ciftlik.com\\\/haberler\\\/\"},{\"@type\":\"ListItem\",\"position\":2,\"name\":\"Gen\u00e7 Futbolcu Efe Kartal&#8217;a Talihsiz Kaza\"}]},{\"@type\":\"WebSite\",\"@id\":\"https:\\\/\\\/e-ciftlik.com\\\/haberler\\\/#website\",\"url\":\"https:\\\/\\\/e-ciftlik.com\\\/haberler\\\/\",\"name\":\"E-\u00c7iftlik Haber | G\u00fcncel, Son Dakika Haberler, En Son Haber\",\"description\":\"\",\"publisher\":{\"@id\":\"https:\\\/\\\/e-ciftlik.com\\\/haberler\\\/#organization\"},\"potentialAction\":[{\"@type\":\"SearchAction\",\"target\":{\"@type\":\"EntryPoint\",\"urlTemplate\":\"https:\\\/\\\/e-ciftlik.com\\\/haberler\\\/?s={search_term_string}\"},\"query-input\":{\"@type\":\"PropertyValueSpecification\",\"valueRequired\":true,\"valueName\":\"search_term_string\"}}],\"inLanguage\":\"tr\"},{\"@type\":\"Organization\",\"@id\":\"https:\\\/\\\/e-ciftlik.com\\\/haberler\\\/#organization\",\"name\":\"E-\u00c7\u0130FTL\u0130K HABER\",\"url\":\"https:\\\/\\\/e-ciftlik.com\\\/haberler\\\/\",\"logo\":{\"@type\":\"ImageObject\",\"inLanguage\":\"tr\",\"@id\":\"https:\\\/\\\/e-ciftlik.com\\\/haberler\\\/#\\\/schema\\\/logo\\\/image\\\/\",\"url\":\"https:\\\/\\\/e-ciftlik.com\\\/haberler\\\/wp-content\\\/uploads\\\/2024\\\/06\\\/cropped-cropped-favicon-1-2.png\",\"contentUrl\":\"https:\\\/\\\/e-ciftlik.com\\\/haberler\\\/wp-content\\\/uploads\\\/2024\\\/06\\\/cropped-cropped-favicon-1-2.png\",\"width\":512,\"height\":512,\"caption\":\"E-\u00c7\u0130FTL\u0130K HABER\"},\"image\":{\"@id\":\"https:\\\/\\\/e-ciftlik.com\\\/haberler\\\/#\\\/schema\\\/logo\\\/image\\\/\"},\"sameAs\":[\"https:\\\/\\\/www.facebook.com\\\/eciftlikturkiye\",\"https:\\\/\\\/x.com\\\/eciftlikresmi\",\"https:\\\/\\\/www.instagram.com\\\/eciftlikresmi\\\/\"]},{\"@type\":\"Person\",\"@id\":\"https:\\\/\\\/e-ciftlik.com\\\/haberler\\\/#\\\/schema\\\/person\\\/d2f4fee3143d7f72be82cb887d51b00a\",\"name\":\"Haber Merkezi\",\"image\":{\"@type\":\"ImageObject\",\"inLanguage\":\"tr\",\"@id\":\"https:\\\/\\\/secure.gravatar.com\\\/avatar\\\/6c27d641914e66c1d0452c92716002398782818991d86db1c2cccb531e7c7c82?s=96&d=mm&r=g\",\"url\":\"https:\\\/\\\/secure.gravatar.com\\\/avatar\\\/6c27d641914e66c1d0452c92716002398782818991d86db1c2cccb531e7c7c82?s=96&d=mm&r=g\",\"contentUrl\":\"https:\\\/\\\/secure.gravatar.com\\\/avatar\\\/6c27d641914e66c1d0452c92716002398782818991d86db1c2cccb531e7c7c82?s=96&d=mm&r=g\",\"caption\":\"Haber Merkezi\"},\"sameAs\":[\"http:\\\/\\\/e-ciftlik.com\\\/haberler\"]}]}<\/script>\n<!-- \/ Yoast SEO Premium plugin. -->","yoast_head_json":{"title":"Gen\u00e7 Futbolcu Efe Kartal'a Talihsiz Kaza - E-&Ccedil;\u0130FTL\u0130K HABER","description":"Kocaelispor ile Amed Sportif Faaliyetler aras\u0131nda oynanan Trendyol 1. Lig ma\u00e7\u0131nda talihsiz bir olay meydana geldi. Ma\u00e7\u0131n 65. dakikas\u0131nda trib\u00fcnlerde yer","robots":{"index":"index","follow":"follow","max-snippet":"max-snippet:-1","max-image-preview":"max-image-preview:large","max-video-preview":"max-video-preview:-1"},"canonical":"https:\/\/e-ciftlik.com\/haberler\/spor\/genc-futbolcu-efe-kartala-talihsiz-kaza\/","og_locale":"tr_TR","og_type":"article","og_title":"Gen\u00e7 Futbolcu Efe Kartal'a Talihsiz Kaza","og_description":"Kocaelispor ile Amed Sportif Faaliyetler aras\u0131nda oynanan Trendyol 1. Lig ma\u00e7\u0131nda talihsiz bir olay meydana geldi. Ma\u00e7\u0131n 65. dakikas\u0131nda trib\u00fcnlerde yer","og_url":"https:\/\/e-ciftlik.com\/haberler\/spor\/genc-futbolcu-efe-kartala-talihsiz-kaza\/","og_site_name":"E-&Ccedil;\u0130FTL\u0130K HABER","article_publisher":"https:\/\/www.facebook.com\/eciftlikturkiye","article_published_time":"2025-02-13T11:23:19+00:00","og_image":[{"width":1080,"height":614,"url":"https:\/\/e-ciftlik.com\/haberler\/wp-content\/uploads\/2025\/02\/W3U16Cmt30elSocDyDUOhw.jpg","type":"image\/jpeg"}],"author":"Haber Merkezi","twitter_card":"summary_large_image","twitter_creator":"@eciftlikresmi","twitter_site":"@eciftlikresmi","twitter_misc":{"Yazan:":"Haber Merkezi","Tahmini okuma s\u00fcresi":"1 dakika"},"schema":{"@context":"https:\/\/schema.org","@graph":[{"@type":"NewsArticle","@id":"https:\/\/e-ciftlik.com\/haberler\/spor\/genc-futbolcu-efe-kartala-talihsiz-kaza\/#article","isPartOf":{"@id":"https:\/\/e-ciftlik.com\/haberler\/spor\/genc-futbolcu-efe-kartala-talihsiz-kaza\/"},"author":{"name":"Haber Merkezi","@id":"https:\/\/e-ciftlik.com\/haberler\/#\/schema\/person\/d2f4fee3143d7f72be82cb887d51b00a"},"headline":"Gen\u00e7 Futbolcu Efe Kartal&#8217;a Talihsiz Kaza","datePublished":"2025-02-13T11:23:19+00:00","mainEntityOfPage":{"@id":"https:\/\/e-ciftlik.com\/haberler\/spor\/genc-futbolcu-efe-kartala-talihsiz-kaza\/"},"wordCount":224,"commentCount":0,"publisher":{"@id":"https:\/\/e-ciftlik.com\/haberler\/#organization"},"image":{"@id":"https:\/\/e-ciftlik.com\/haberler\/spor\/genc-futbolcu-efe-kartala-talihsiz-kaza\/#primaryimage"},"thumbnailUrl":"https:\/\/e-ciftlik.com\/haberler\/wp-content\/uploads\/2025\/02\/W3U16Cmt30elSocDyDUOhw.jpg","articleSection":["Spor"],"inLanguage":"tr","potentialAction":[{"@type":"CommentAction","name":"Comment","target":["https:\/\/e-ciftlik.com\/haberler\/spor\/genc-futbolcu-efe-kartala-talihsiz-kaza\/#respond"]}]},{"@type":"WebPage","@id":"https:\/\/e-ciftlik.com\/haberler\/spor\/genc-futbolcu-efe-kartala-talihsiz-kaza\/","url":"https:\/\/e-ciftlik.com\/haberler\/spor\/genc-futbolcu-efe-kartala-talihsiz-kaza\/","name":"Gen\u00e7 Futbolcu Efe Kartal'a Talihsiz Kaza - E-&Ccedil;\u0130FTL\u0130K HABER","isPartOf":{"@id":"https:\/\/e-ciftlik.com\/haberler\/#website"},"primaryImageOfPage":{"@id":"https:\/\/e-ciftlik.com\/haberler\/spor\/genc-futbolcu-efe-kartala-talihsiz-kaza\/#primaryimage"},"image":{"@id":"https:\/\/e-ciftlik.com\/haberler\/spor\/genc-futbolcu-efe-kartala-talihsiz-kaza\/#primaryimage"},"thumbnailUrl":"https:\/\/e-ciftlik.com\/haberler\/wp-content\/uploads\/2025\/02\/W3U16Cmt30elSocDyDUOhw.jpg","datePublished":"2025-02-13T11:23:19+00:00","description":"Kocaelispor ile Amed Sportif Faaliyetler aras\u0131nda oynanan Trendyol 1. Lig ma\u00e7\u0131nda talihsiz bir olay meydana geldi. Ma\u00e7\u0131n 65. dakikas\u0131nda trib\u00fcnlerde yer","breadcrumb":{"@id":"https:\/\/e-ciftlik.com\/haberler\/spor\/genc-futbolcu-efe-kartala-talihsiz-kaza\/#breadcrumb"},"inLanguage":"tr","potentialAction":[{"@type":"ReadAction","target":["https:\/\/e-ciftlik.com\/haberler\/spor\/genc-futbolcu-efe-kartala-talihsiz-kaza\/"]}]},{"@type":"ImageObject","inLanguage":"tr","@id":"https:\/\/e-ciftlik.com\/haberler\/spor\/genc-futbolcu-efe-kartala-talihsiz-kaza\/#primaryimage","url":"https:\/\/e-ciftlik.com\/haberler\/wp-content\/uploads\/2025\/02\/W3U16Cmt30elSocDyDUOhw.jpg","contentUrl":"https:\/\/e-ciftlik.com\/haberler\/wp-content\/uploads\/2025\/02\/W3U16Cmt30elSocDyDUOhw.jpg","width":1080,"height":614},{"@type":"BreadcrumbList","@id":"https:\/\/e-ciftlik.com\/haberler\/spor\/genc-futbolcu-efe-kartala-talihsiz-kaza\/#breadcrumb","itemListElement":[{"@type":"ListItem","position":1,"name":"Anasayfa","item":"https:\/\/e-ciftlik.com\/haberler\/"},{"@type":"ListItem","position":2,"name":"Gen\u00e7 Futbolcu Efe Kartal&#8217;a Talihsiz Kaza"}]},{"@type":"WebSite","@id":"https:\/\/e-ciftlik.com\/haberler\/#website","url":"https:\/\/e-ciftlik.com\/haberler\/","name":"E-\u00c7iftlik Haber | G\u00fcncel, Son Dakika Haberler, En Son Haber","description":"","publisher":{"@id":"https:\/\/e-ciftlik.com\/haberler\/#organization"},"potentialAction":[{"@type":"SearchAction","target":{"@type":"EntryPoint","urlTemplate":"https:\/\/e-ciftlik.com\/haberler\/?s={search_term_string}"},"query-input":{"@type":"PropertyValueSpecification","valueRequired":true,"valueName":"search_term_string"}}],"inLanguage":"tr"},{"@type":"Organization","@id":"https:\/\/e-ciftlik.com\/haberler\/#organization","name":"E-\u00c7\u0130FTL\u0130K HABER","url":"https:\/\/e-ciftlik.com\/haberler\/","logo":{"@type":"ImageObject","inLanguage":"tr","@id":"https:\/\/e-ciftlik.com\/haberler\/#\/schema\/logo\/image\/","url":"https:\/\/e-ciftlik.com\/haberler\/wp-content\/uploads\/2024\/06\/cropped-cropped-favicon-1-2.png","contentUrl":"https:\/\/e-ciftlik.com\/haberler\/wp-content\/uploads\/2024\/06\/cropped-cropped-favicon-1-2.png","width":512,"height":512,"caption":"E-\u00c7\u0130FTL\u0130K HABER"},"image":{"@id":"https:\/\/e-ciftlik.com\/haberler\/#\/schema\/logo\/image\/"},"sameAs":["https:\/\/www.facebook.com\/eciftlikturkiye","https:\/\/x.com\/eciftlikresmi","https:\/\/www.instagram.com\/eciftlikresmi\/"]},{"@type":"Person","@id":"https:\/\/e-ciftlik.com\/haberler\/#\/schema\/person\/d2f4fee3143d7f72be82cb887d51b00a","name":"Haber Merkezi","image":{"@type":"ImageObject","inLanguage":"tr","@id":"https:\/\/secure.gravatar.com\/avatar\/6c27d641914e66c1d0452c92716002398782818991d86db1c2cccb531e7c7c82?s=96&d=mm&r=g","url":"https:\/\/secure.gravatar.com\/avatar\/6c27d641914e66c1d0452c92716002398782818991d86db1c2cccb531e7c7c82?s=96&d=mm&r=g","contentUrl":"https:\/\/secure.gravatar.com\/avatar\/6c27d641914e66c1d0452c92716002398782818991d86db1c2cccb531e7c7c82?s=96&d=mm&r=g","caption":"Haber Merkezi"},"sameAs":["http:\/\/e-ciftlik.com\/haberler"]}]}},"_links":{"self":[{"href":"https:\/\/e-ciftlik.com\/haberler\/wp-json\/wp\/v2\/posts\/80035","targetHints":{"allow":["GET"]}}],"collection":[{"href":"https:\/\/e-ciftlik.com\/haberler\/wp-json\/wp\/v2\/posts"}],"about":[{"href":"https:\/\/e-ciftlik.com\/haberler\/wp-json\/wp\/v2\/types\/post"}],"author":[{"embeddable":true,"href":"https:\/\/e-ciftlik.com\/haberler\/wp-json\/wp\/v2\/users\/1"}],"replies":[{"embeddable":true,"href":"https:\/\/e-ciftlik.com\/haberler\/wp-json\/wp\/v2\/comments?post=80035"}],"version-history":[{"count":0,"href":"https:\/\/e-ciftlik.com\/haberler\/wp-json\/wp\/v2\/posts\/80035\/revisions"}],"wp:featuredmedia":[{"embeddable":true,"href":"https:\/\/e-ciftlik.com\/haberler\/wp-json\/wp\/v2\/media\/80036"}],"wp:attachment":[{"href":"https:\/\/e-ciftlik.com\/haberler\/wp-json\/wp\/v2\/media?parent=80035"}],"wp:term":[{"taxonomy":"category","embeddable":true,"href":"https:\/\/e-ciftlik.com\/haberler\/wp-json\/wp\/v2\/categories?post=80035"},{"taxonomy":"post_tag","embeddable":true,"href":"https:\/\/e-ciftlik.com\/haberler\/wp-json\/wp\/v2\/tags?post=80035"}],"curies":[{"name":"wp","href":"https:\/\/api.w.org\/{rel}","templated":true}]}}