{"id":80125,"date":"2025-02-13T11:10:00","date_gmt":"2025-02-13T11:10:00","guid":{"rendered":"https:\/\/e-ciftlik.com\/haberler\/tarim\/turkiye-ve-pakistan-arasinda-24-anlasma-imzalandi\/"},"modified":"2025-02-13T11:10:00","modified_gmt":"2025-02-13T11:10:00","slug":"turkiye-ve-pakistan-arasinda-24-anlasma-imzalandi","status":"publish","type":"post","link":"https:\/\/e-ciftlik.com\/haberler\/tarim\/turkiye-ve-pakistan-arasinda-24-anlasma-imzalandi\/","title":{"rendered":"T\u00fcrkiye ve Pakistan Aras\u0131nda 24 Anla\u015fma \u0130mzaland\u0131!"},"content":{"rendered":"<p>T\u00fcrkiye ile Pakistan aras\u0131nda yap\u0131lan g\u00f6r\u00fc\u015fmeler sonucunda Cumhurba\u015fkan\u0131 Recep Tayyip Erdo\u011fan ve Pakistan Ba\u015fbakan\u0131 \u015eahbaz \u015eerif, &#8220;Stratejik Ortakl\u0131\u011f\u0131n Derinle\u015ftirilmesi, \u00c7e\u015fitlendirilmesi ve Kurumsalla\u015ft\u0131r\u0131lmas\u0131&#8221; bildirisini imzalad\u0131. Ayr\u0131ca, iki \u00fclke aras\u0131nda farkl\u0131 alanlarda 24 i\u015fbirli\u011fi anla\u015fmas\u0131 da imzaland\u0131.<\/p>\n<p>Ba\u015fbakanl\u0131k binas\u0131nda ger\u00e7ekle\u015fen toplant\u0131n\u0131n ard\u0131ndan Erdo\u011fan ve \u015eerif, Y\u00fcksek D\u00fczeyli Stratejik \u0130\u015fbirli\u011fi Konseyi Yedinci Toplant\u0131s\u0131&#8217;na ba\u015fkanl\u0131k etti. Toplant\u0131n\u0131n sonunda, iki lider aras\u0131nda &#8220;Stratejik Ortakl\u0131\u011f\u0131n Derinle\u015ftirilmesi, \u00c7e\u015fitlendirilmesi ve Kurumsalla\u015ft\u0131r\u0131lmas\u0131&#8221; ba\u015fl\u0131kl\u0131 ortak bildiri imzaland\u0131.<\/p>\n<p>Bildirinin imzalanmas\u0131n\u0131n ard\u0131ndan, Cumhurba\u015fkan\u0131 Erdo\u011fan ve Pakistan Ba\u015fbakan\u0131 \u015eerif&#8217;in huzurunda, iki \u00fclke aras\u0131nda \u00e7e\u015fitli alanlarda 24 i\u015fbirli\u011fi anla\u015fmas\u0131 imzaland\u0131. Bu kapsamda, askeri ve sivil personelin sosyal ve k\u00fclt\u00fcrel ama\u00e7l\u0131 m\u00fcbadelesine ili\u015fkin protokol, hava kuvvetleri elektronik harp i\u015fbirli\u011fine ili\u015fkin mutabakat muht\u0131ras\u0131 ve askeri sa\u011fl\u0131k alan\u0131nda e\u011fitim ve i\u015fbirli\u011fi protokol\u00fc gibi anla\u015fmalar imzaland\u0131.<\/p>\n<p>Anla\u015fmalar aras\u0131nda enerji, ticaret, tar\u0131m, sanayi, teknoloji, medya, sa\u011fl\u0131k, k\u00fclt\u00fcr ve savunma gibi \u00e7e\u015fitli alanlarda i\u015fbirli\u011fini kapsayan belgeler bulunmaktad\u0131r. T\u00fcrkiye ile Pakistan aras\u0131ndaki bu i\u015fbirli\u011fi anla\u015fmalar\u0131n\u0131n ili\u015fkileri daha da g\u00fc\u00e7lendirmesi beklenmektedir.<\/p>\n","protected":false},"excerpt":{"rendered":"<p>T\u00fcrkiye ile Pakistan aras\u0131nda yap\u0131lan g\u00f6r\u00fc\u015fmeler sonucunda Cumhurba\u015fkan\u0131 Recep Tayyip Erdo\u011fan ve Pakistan Ba\u015fbakan\u0131 \u015eahbaz&hellip;<\/p>\n","protected":false},"author":1,"featured_media":80126,"comment_status":"open","ping_status":"open","sticky":false,"template":"","format":"standard","meta":{"footnotes":""},"categories":[9],"tags":[],"class_list":["post-80125","post","type-post","status-publish","format-standard","has-post-thumbnail","hentry","category-tarim"],"yoast_head":"<!-- This site is optimized with the Yoast SEO Premium plugin v24.3 (Yoast SEO v27.4) - https:\/\/yoast.com\/product\/yoast-seo-premium-wordpress\/ -->\n<title>T\u00fcrkiye ve Pakistan Aras\u0131nda 24 Anla\u015fma \u0130mzaland\u0131! - E-&Ccedil;\u0130FTL\u0130K HABER<\/title>\n<meta name=\"description\" content=\"T\u00fcrkiye ile Pakistan aras\u0131nda yap\u0131lan g\u00f6r\u00fc\u015fmeler sonucunda Cumhurba\u015fkan\u0131 Recep Tayyip Erdo\u011fan ve Pakistan Ba\u015fbakan\u0131 \u015eahbaz \u015eerif, &quot;Stratejik Ortakl\u0131\u011f\u0131n\" \/>\n<meta name=\"robots\" content=\"index, follow, max-snippet:-1, max-image-preview:large, max-video-preview:-1\" \/>\n<link rel=\"canonical\" href=\"https:\/\/e-ciftlik.com\/haberler\/tarim\/turkiye-ve-pakistan-arasinda-24-anlasma-imzalandi\/\" \/>\n<meta property=\"og:locale\" content=\"tr_TR\" \/>\n<meta property=\"og:type\" content=\"article\" \/>\n<meta property=\"og:title\" content=\"T\u00fcrkiye ve Pakistan Aras\u0131nda 24 Anla\u015fma \u0130mzaland\u0131!\" \/>\n<meta property=\"og:description\" content=\"T\u00fcrkiye ile Pakistan aras\u0131nda yap\u0131lan g\u00f6r\u00fc\u015fmeler sonucunda Cumhurba\u015fkan\u0131 Recep Tayyip Erdo\u011fan ve Pakistan Ba\u015fbakan\u0131 \u015eahbaz \u015eerif, &quot;Stratejik Ortakl\u0131\u011f\u0131n\" \/>\n<meta property=\"og:url\" content=\"https:\/\/e-ciftlik.com\/haberler\/tarim\/turkiye-ve-pakistan-arasinda-24-anlasma-imzalandi\/\" \/>\n<meta property=\"og:site_name\" content=\"E-&Ccedil;\u0130FTL\u0130K HABER\" \/>\n<meta property=\"article:publisher\" content=\"https:\/\/www.facebook.com\/eciftlikturkiye\" \/>\n<meta property=\"article:published_time\" content=\"2025-02-13T11:10:00+00:00\" \/>\n<meta property=\"og:image\" content=\"https:\/\/e-ciftlik.com\/haberler\/wp-content\/uploads\/2025\/02\/turkiye-ile-pakistan-arasinda-24-anlasma-imza-18370214_amp.jpg\" \/>\n\t<meta property=\"og:image:width\" content=\"1200\" \/>\n\t<meta property=\"og:image:height\" content=\"765\" \/>\n\t<meta property=\"og:image:type\" content=\"image\/jpeg\" \/>\n<meta name=\"author\" content=\"Haber Merkezi\" \/>\n<meta name=\"twitter:card\" content=\"summary_large_image\" \/>\n<meta name=\"twitter:creator\" content=\"@eciftlikresmi\" \/>\n<meta name=\"twitter:site\" content=\"@eciftlikresmi\" \/>\n<meta name=\"twitter:label1\" content=\"Yazan:\" \/>\n\t<meta name=\"twitter:data1\" content=\"Haber Merkezi\" \/>\n\t<meta name=\"twitter:label2\" content=\"Tahmini okuma s\u00fcresi\" \/>\n\t<meta name=\"twitter:data2\" content=\"1 dakika\" \/>\n<script type=\"application\/ld+json\" class=\"yoast-schema-graph\">{\"@context\":\"https:\\\/\\\/schema.org\",\"@graph\":[{\"@type\":\"NewsArticle\",\"@id\":\"https:\\\/\\\/e-ciftlik.com\\\/haberler\\\/tarim\\\/turkiye-ve-pakistan-arasinda-24-anlasma-imzalandi\\\/#article\",\"isPartOf\":{\"@id\":\"https:\\\/\\\/e-ciftlik.com\\\/haberler\\\/tarim\\\/turkiye-ve-pakistan-arasinda-24-anlasma-imzalandi\\\/\"},\"author\":{\"name\":\"Haber Merkezi\",\"@id\":\"https:\\\/\\\/e-ciftlik.com\\\/haberler\\\/#\\\/schema\\\/person\\\/d2f4fee3143d7f72be82cb887d51b00a\"},\"headline\":\"T\u00fcrkiye ve Pakistan Aras\u0131nda 24 Anla\u015fma \u0130mzaland\u0131!\",\"datePublished\":\"2025-02-13T11:10:00+00:00\",\"mainEntityOfPage\":{\"@id\":\"https:\\\/\\\/e-ciftlik.com\\\/haberler\\\/tarim\\\/turkiye-ve-pakistan-arasinda-24-anlasma-imzalandi\\\/\"},\"wordCount\":250,\"commentCount\":0,\"publisher\":{\"@id\":\"https:\\\/\\\/e-ciftlik.com\\\/haberler\\\/#organization\"},\"image\":{\"@id\":\"https:\\\/\\\/e-ciftlik.com\\\/haberler\\\/tarim\\\/turkiye-ve-pakistan-arasinda-24-anlasma-imzalandi\\\/#primaryimage\"},\"thumbnailUrl\":\"https:\\\/\\\/e-ciftlik.com\\\/haberler\\\/wp-content\\\/uploads\\\/2025\\\/02\\\/turkiye-ile-pakistan-arasinda-24-anlasma-imza-18370214_amp.jpg\",\"articleSection\":[\"Tar\u0131m\"],\"inLanguage\":\"tr\",\"potentialAction\":[{\"@type\":\"CommentAction\",\"name\":\"Comment\",\"target\":[\"https:\\\/\\\/e-ciftlik.com\\\/haberler\\\/tarim\\\/turkiye-ve-pakistan-arasinda-24-anlasma-imzalandi\\\/#respond\"]}]},{\"@type\":\"WebPage\",\"@id\":\"https:\\\/\\\/e-ciftlik.com\\\/haberler\\\/tarim\\\/turkiye-ve-pakistan-arasinda-24-anlasma-imzalandi\\\/\",\"url\":\"https:\\\/\\\/e-ciftlik.com\\\/haberler\\\/tarim\\\/turkiye-ve-pakistan-arasinda-24-anlasma-imzalandi\\\/\",\"name\":\"T\u00fcrkiye ve Pakistan Aras\u0131nda 24 Anla\u015fma \u0130mzaland\u0131! - E-&Ccedil;\u0130FTL\u0130K HABER\",\"isPartOf\":{\"@id\":\"https:\\\/\\\/e-ciftlik.com\\\/haberler\\\/#website\"},\"primaryImageOfPage\":{\"@id\":\"https:\\\/\\\/e-ciftlik.com\\\/haberler\\\/tarim\\\/turkiye-ve-pakistan-arasinda-24-anlasma-imzalandi\\\/#primaryimage\"},\"image\":{\"@id\":\"https:\\\/\\\/e-ciftlik.com\\\/haberler\\\/tarim\\\/turkiye-ve-pakistan-arasinda-24-anlasma-imzalandi\\\/#primaryimage\"},\"thumbnailUrl\":\"https:\\\/\\\/e-ciftlik.com\\\/haberler\\\/wp-content\\\/uploads\\\/2025\\\/02\\\/turkiye-ile-pakistan-arasinda-24-anlasma-imza-18370214_amp.jpg\",\"datePublished\":\"2025-02-13T11:10:00+00:00\",\"description\":\"T\u00fcrkiye ile Pakistan aras\u0131nda yap\u0131lan g\u00f6r\u00fc\u015fmeler sonucunda Cumhurba\u015fkan\u0131 Recep Tayyip Erdo\u011fan ve Pakistan Ba\u015fbakan\u0131 \u015eahbaz \u015eerif, \\\"Stratejik Ortakl\u0131\u011f\u0131n\",\"breadcrumb\":{\"@id\":\"https:\\\/\\\/e-ciftlik.com\\\/haberler\\\/tarim\\\/turkiye-ve-pakistan-arasinda-24-anlasma-imzalandi\\\/#breadcrumb\"},\"inLanguage\":\"tr\",\"potentialAction\":[{\"@type\":\"ReadAction\",\"target\":[\"https:\\\/\\\/e-ciftlik.com\\\/haberler\\\/tarim\\\/turkiye-ve-pakistan-arasinda-24-anlasma-imzalandi\\\/\"]}]},{\"@type\":\"ImageObject\",\"inLanguage\":\"tr\",\"@id\":\"https:\\\/\\\/e-ciftlik.com\\\/haberler\\\/tarim\\\/turkiye-ve-pakistan-arasinda-24-anlasma-imzalandi\\\/#primaryimage\",\"url\":\"https:\\\/\\\/e-ciftlik.com\\\/haberler\\\/wp-content\\\/uploads\\\/2025\\\/02\\\/turkiye-ile-pakistan-arasinda-24-anlasma-imza-18370214_amp.jpg\",\"contentUrl\":\"https:\\\/\\\/e-ciftlik.com\\\/haberler\\\/wp-content\\\/uploads\\\/2025\\\/02\\\/turkiye-ile-pakistan-arasinda-24-anlasma-imza-18370214_amp.jpg\",\"width\":1200,\"height\":765},{\"@type\":\"BreadcrumbList\",\"@id\":\"https:\\\/\\\/e-ciftlik.com\\\/haberler\\\/tarim\\\/turkiye-ve-pakistan-arasinda-24-anlasma-imzalandi\\\/#breadcrumb\",\"itemListElement\":[{\"@type\":\"ListItem\",\"position\":1,\"name\":\"Anasayfa\",\"item\":\"https:\\\/\\\/e-ciftlik.com\\\/haberler\\\/\"},{\"@type\":\"ListItem\",\"position\":2,\"name\":\"T\u00fcrkiye ve Pakistan Aras\u0131nda 24 Anla\u015fma \u0130mzaland\u0131!\"}]},{\"@type\":\"WebSite\",\"@id\":\"https:\\\/\\\/e-ciftlik.com\\\/haberler\\\/#website\",\"url\":\"https:\\\/\\\/e-ciftlik.com\\\/haberler\\\/\",\"name\":\"E-\u00c7iftlik Haber | G\u00fcncel, Son Dakika Haberler, En Son Haber\",\"description\":\"\",\"publisher\":{\"@id\":\"https:\\\/\\\/e-ciftlik.com\\\/haberler\\\/#organization\"},\"potentialAction\":[{\"@type\":\"SearchAction\",\"target\":{\"@type\":\"EntryPoint\",\"urlTemplate\":\"https:\\\/\\\/e-ciftlik.com\\\/haberler\\\/?s={search_term_string}\"},\"query-input\":{\"@type\":\"PropertyValueSpecification\",\"valueRequired\":true,\"valueName\":\"search_term_string\"}}],\"inLanguage\":\"tr\"},{\"@type\":\"Organization\",\"@id\":\"https:\\\/\\\/e-ciftlik.com\\\/haberler\\\/#organization\",\"name\":\"E-\u00c7\u0130FTL\u0130K HABER\",\"url\":\"https:\\\/\\\/e-ciftlik.com\\\/haberler\\\/\",\"logo\":{\"@type\":\"ImageObject\",\"inLanguage\":\"tr\",\"@id\":\"https:\\\/\\\/e-ciftlik.com\\\/haberler\\\/#\\\/schema\\\/logo\\\/image\\\/\",\"url\":\"https:\\\/\\\/e-ciftlik.com\\\/haberler\\\/wp-content\\\/uploads\\\/2024\\\/06\\\/cropped-cropped-favicon-1-2.png\",\"contentUrl\":\"https:\\\/\\\/e-ciftlik.com\\\/haberler\\\/wp-content\\\/uploads\\\/2024\\\/06\\\/cropped-cropped-favicon-1-2.png\",\"width\":512,\"height\":512,\"caption\":\"E-\u00c7\u0130FTL\u0130K HABER\"},\"image\":{\"@id\":\"https:\\\/\\\/e-ciftlik.com\\\/haberler\\\/#\\\/schema\\\/logo\\\/image\\\/\"},\"sameAs\":[\"https:\\\/\\\/www.facebook.com\\\/eciftlikturkiye\",\"https:\\\/\\\/x.com\\\/eciftlikresmi\",\"https:\\\/\\\/www.instagram.com\\\/eciftlikresmi\\\/\"]},{\"@type\":\"Person\",\"@id\":\"https:\\\/\\\/e-ciftlik.com\\\/haberler\\\/#\\\/schema\\\/person\\\/d2f4fee3143d7f72be82cb887d51b00a\",\"name\":\"Haber Merkezi\",\"image\":{\"@type\":\"ImageObject\",\"inLanguage\":\"tr\",\"@id\":\"https:\\\/\\\/secure.gravatar.com\\\/avatar\\\/6c27d641914e66c1d0452c92716002398782818991d86db1c2cccb531e7c7c82?s=96&d=mm&r=g\",\"url\":\"https:\\\/\\\/secure.gravatar.com\\\/avatar\\\/6c27d641914e66c1d0452c92716002398782818991d86db1c2cccb531e7c7c82?s=96&d=mm&r=g\",\"contentUrl\":\"https:\\\/\\\/secure.gravatar.com\\\/avatar\\\/6c27d641914e66c1d0452c92716002398782818991d86db1c2cccb531e7c7c82?s=96&d=mm&r=g\",\"caption\":\"Haber Merkezi\"},\"sameAs\":[\"http:\\\/\\\/e-ciftlik.com\\\/haberler\"]}]}<\/script>\n<!-- \/ Yoast SEO Premium plugin. -->","yoast_head_json":{"title":"T\u00fcrkiye ve Pakistan Aras\u0131nda 24 Anla\u015fma \u0130mzaland\u0131! - E-&Ccedil;\u0130FTL\u0130K HABER","description":"T\u00fcrkiye ile Pakistan aras\u0131nda yap\u0131lan g\u00f6r\u00fc\u015fmeler sonucunda Cumhurba\u015fkan\u0131 Recep Tayyip Erdo\u011fan ve Pakistan Ba\u015fbakan\u0131 \u015eahbaz \u015eerif, \"Stratejik Ortakl\u0131\u011f\u0131n","robots":{"index":"index","follow":"follow","max-snippet":"max-snippet:-1","max-image-preview":"max-image-preview:large","max-video-preview":"max-video-preview:-1"},"canonical":"https:\/\/e-ciftlik.com\/haberler\/tarim\/turkiye-ve-pakistan-arasinda-24-anlasma-imzalandi\/","og_locale":"tr_TR","og_type":"article","og_title":"T\u00fcrkiye ve Pakistan Aras\u0131nda 24 Anla\u015fma \u0130mzaland\u0131!","og_description":"T\u00fcrkiye ile Pakistan aras\u0131nda yap\u0131lan g\u00f6r\u00fc\u015fmeler sonucunda Cumhurba\u015fkan\u0131 Recep Tayyip Erdo\u011fan ve Pakistan Ba\u015fbakan\u0131 \u015eahbaz \u015eerif, \"Stratejik Ortakl\u0131\u011f\u0131n","og_url":"https:\/\/e-ciftlik.com\/haberler\/tarim\/turkiye-ve-pakistan-arasinda-24-anlasma-imzalandi\/","og_site_name":"E-&Ccedil;\u0130FTL\u0130K HABER","article_publisher":"https:\/\/www.facebook.com\/eciftlikturkiye","article_published_time":"2025-02-13T11:10:00+00:00","og_image":[{"width":1200,"height":765,"url":"https:\/\/e-ciftlik.com\/haberler\/wp-content\/uploads\/2025\/02\/turkiye-ile-pakistan-arasinda-24-anlasma-imza-18370214_amp.jpg","type":"image\/jpeg"}],"author":"Haber Merkezi","twitter_card":"summary_large_image","twitter_creator":"@eciftlikresmi","twitter_site":"@eciftlikresmi","twitter_misc":{"Yazan:":"Haber Merkezi","Tahmini okuma s\u00fcresi":"1 dakika"},"schema":{"@context":"https:\/\/schema.org","@graph":[{"@type":"NewsArticle","@id":"https:\/\/e-ciftlik.com\/haberler\/tarim\/turkiye-ve-pakistan-arasinda-24-anlasma-imzalandi\/#article","isPartOf":{"@id":"https:\/\/e-ciftlik.com\/haberler\/tarim\/turkiye-ve-pakistan-arasinda-24-anlasma-imzalandi\/"},"author":{"name":"Haber Merkezi","@id":"https:\/\/e-ciftlik.com\/haberler\/#\/schema\/person\/d2f4fee3143d7f72be82cb887d51b00a"},"headline":"T\u00fcrkiye ve Pakistan Aras\u0131nda 24 Anla\u015fma \u0130mzaland\u0131!","datePublished":"2025-02-13T11:10:00+00:00","mainEntityOfPage":{"@id":"https:\/\/e-ciftlik.com\/haberler\/tarim\/turkiye-ve-pakistan-arasinda-24-anlasma-imzalandi\/"},"wordCount":250,"commentCount":0,"publisher":{"@id":"https:\/\/e-ciftlik.com\/haberler\/#organization"},"image":{"@id":"https:\/\/e-ciftlik.com\/haberler\/tarim\/turkiye-ve-pakistan-arasinda-24-anlasma-imzalandi\/#primaryimage"},"thumbnailUrl":"https:\/\/e-ciftlik.com\/haberler\/wp-content\/uploads\/2025\/02\/turkiye-ile-pakistan-arasinda-24-anlasma-imza-18370214_amp.jpg","articleSection":["Tar\u0131m"],"inLanguage":"tr","potentialAction":[{"@type":"CommentAction","name":"Comment","target":["https:\/\/e-ciftlik.com\/haberler\/tarim\/turkiye-ve-pakistan-arasinda-24-anlasma-imzalandi\/#respond"]}]},{"@type":"WebPage","@id":"https:\/\/e-ciftlik.com\/haberler\/tarim\/turkiye-ve-pakistan-arasinda-24-anlasma-imzalandi\/","url":"https:\/\/e-ciftlik.com\/haberler\/tarim\/turkiye-ve-pakistan-arasinda-24-anlasma-imzalandi\/","name":"T\u00fcrkiye ve Pakistan Aras\u0131nda 24 Anla\u015fma \u0130mzaland\u0131! - E-&Ccedil;\u0130FTL\u0130K HABER","isPartOf":{"@id":"https:\/\/e-ciftlik.com\/haberler\/#website"},"primaryImageOfPage":{"@id":"https:\/\/e-ciftlik.com\/haberler\/tarim\/turkiye-ve-pakistan-arasinda-24-anlasma-imzalandi\/#primaryimage"},"image":{"@id":"https:\/\/e-ciftlik.com\/haberler\/tarim\/turkiye-ve-pakistan-arasinda-24-anlasma-imzalandi\/#primaryimage"},"thumbnailUrl":"https:\/\/e-ciftlik.com\/haberler\/wp-content\/uploads\/2025\/02\/turkiye-ile-pakistan-arasinda-24-anlasma-imza-18370214_amp.jpg","datePublished":"2025-02-13T11:10:00+00:00","description":"T\u00fcrkiye ile Pakistan aras\u0131nda yap\u0131lan g\u00f6r\u00fc\u015fmeler sonucunda Cumhurba\u015fkan\u0131 Recep Tayyip Erdo\u011fan ve Pakistan Ba\u015fbakan\u0131 \u015eahbaz \u015eerif, \"Stratejik Ortakl\u0131\u011f\u0131n","breadcrumb":{"@id":"https:\/\/e-ciftlik.com\/haberler\/tarim\/turkiye-ve-pakistan-arasinda-24-anlasma-imzalandi\/#breadcrumb"},"inLanguage":"tr","potentialAction":[{"@type":"ReadAction","target":["https:\/\/e-ciftlik.com\/haberler\/tarim\/turkiye-ve-pakistan-arasinda-24-anlasma-imzalandi\/"]}]},{"@type":"ImageObject","inLanguage":"tr","@id":"https:\/\/e-ciftlik.com\/haberler\/tarim\/turkiye-ve-pakistan-arasinda-24-anlasma-imzalandi\/#primaryimage","url":"https:\/\/e-ciftlik.com\/haberler\/wp-content\/uploads\/2025\/02\/turkiye-ile-pakistan-arasinda-24-anlasma-imza-18370214_amp.jpg","contentUrl":"https:\/\/e-ciftlik.com\/haberler\/wp-content\/uploads\/2025\/02\/turkiye-ile-pakistan-arasinda-24-anlasma-imza-18370214_amp.jpg","width":1200,"height":765},{"@type":"BreadcrumbList","@id":"https:\/\/e-ciftlik.com\/haberler\/tarim\/turkiye-ve-pakistan-arasinda-24-anlasma-imzalandi\/#breadcrumb","itemListElement":[{"@type":"ListItem","position":1,"name":"Anasayfa","item":"https:\/\/e-ciftlik.com\/haberler\/"},{"@type":"ListItem","position":2,"name":"T\u00fcrkiye ve Pakistan Aras\u0131nda 24 Anla\u015fma \u0130mzaland\u0131!"}]},{"@type":"WebSite","@id":"https:\/\/e-ciftlik.com\/haberler\/#website","url":"https:\/\/e-ciftlik.com\/haberler\/","name":"E-\u00c7iftlik Haber | G\u00fcncel, Son Dakika Haberler, En Son Haber","description":"","publisher":{"@id":"https:\/\/e-ciftlik.com\/haberler\/#organization"},"potentialAction":[{"@type":"SearchAction","target":{"@type":"EntryPoint","urlTemplate":"https:\/\/e-ciftlik.com\/haberler\/?s={search_term_string}"},"query-input":{"@type":"PropertyValueSpecification","valueRequired":true,"valueName":"search_term_string"}}],"inLanguage":"tr"},{"@type":"Organization","@id":"https:\/\/e-ciftlik.com\/haberler\/#organization","name":"E-\u00c7\u0130FTL\u0130K HABER","url":"https:\/\/e-ciftlik.com\/haberler\/","logo":{"@type":"ImageObject","inLanguage":"tr","@id":"https:\/\/e-ciftlik.com\/haberler\/#\/schema\/logo\/image\/","url":"https:\/\/e-ciftlik.com\/haberler\/wp-content\/uploads\/2024\/06\/cropped-cropped-favicon-1-2.png","contentUrl":"https:\/\/e-ciftlik.com\/haberler\/wp-content\/uploads\/2024\/06\/cropped-cropped-favicon-1-2.png","width":512,"height":512,"caption":"E-\u00c7\u0130FTL\u0130K HABER"},"image":{"@id":"https:\/\/e-ciftlik.com\/haberler\/#\/schema\/logo\/image\/"},"sameAs":["https:\/\/www.facebook.com\/eciftlikturkiye","https:\/\/x.com\/eciftlikresmi","https:\/\/www.instagram.com\/eciftlikresmi\/"]},{"@type":"Person","@id":"https:\/\/e-ciftlik.com\/haberler\/#\/schema\/person\/d2f4fee3143d7f72be82cb887d51b00a","name":"Haber Merkezi","image":{"@type":"ImageObject","inLanguage":"tr","@id":"https:\/\/secure.gravatar.com\/avatar\/6c27d641914e66c1d0452c92716002398782818991d86db1c2cccb531e7c7c82?s=96&d=mm&r=g","url":"https:\/\/secure.gravatar.com\/avatar\/6c27d641914e66c1d0452c92716002398782818991d86db1c2cccb531e7c7c82?s=96&d=mm&r=g","contentUrl":"https:\/\/secure.gravatar.com\/avatar\/6c27d641914e66c1d0452c92716002398782818991d86db1c2cccb531e7c7c82?s=96&d=mm&r=g","caption":"Haber Merkezi"},"sameAs":["http:\/\/e-ciftlik.com\/haberler"]}]}},"_links":{"self":[{"href":"https:\/\/e-ciftlik.com\/haberler\/wp-json\/wp\/v2\/posts\/80125","targetHints":{"allow":["GET"]}}],"collection":[{"href":"https:\/\/e-ciftlik.com\/haberler\/wp-json\/wp\/v2\/posts"}],"about":[{"href":"https:\/\/e-ciftlik.com\/haberler\/wp-json\/wp\/v2\/types\/post"}],"author":[{"embeddable":true,"href":"https:\/\/e-ciftlik.com\/haberler\/wp-json\/wp\/v2\/users\/1"}],"replies":[{"embeddable":true,"href":"https:\/\/e-ciftlik.com\/haberler\/wp-json\/wp\/v2\/comments?post=80125"}],"version-history":[{"count":0,"href":"https:\/\/e-ciftlik.com\/haberler\/wp-json\/wp\/v2\/posts\/80125\/revisions"}],"wp:featuredmedia":[{"embeddable":true,"href":"https:\/\/e-ciftlik.com\/haberler\/wp-json\/wp\/v2\/media\/80126"}],"wp:attachment":[{"href":"https:\/\/e-ciftlik.com\/haberler\/wp-json\/wp\/v2\/media?parent=80125"}],"wp:term":[{"taxonomy":"category","embeddable":true,"href":"https:\/\/e-ciftlik.com\/haberler\/wp-json\/wp\/v2\/categories?post=80125"},{"taxonomy":"post_tag","embeddable":true,"href":"https:\/\/e-ciftlik.com\/haberler\/wp-json\/wp\/v2\/tags?post=80125"}],"curies":[{"name":"wp","href":"https:\/\/api.w.org\/{rel}","templated":true}]}}