{"id":80407,"date":"2025-02-14T11:02:59","date_gmt":"2025-02-14T11:02:59","guid":{"rendered":"http:\/\/e-ciftlik.com\/haberler\/teknoloji\/iphone-17-pronun-tasarimi-degisiyor-mu\/"},"modified":"2025-02-14T11:02:59","modified_gmt":"2025-02-14T11:02:59","slug":"iphone-17-pronun-tasarimi-degisiyor-mu","status":"publish","type":"post","link":"https:\/\/e-ciftlik.com\/haberler\/teknoloji\/iphone-17-pronun-tasarimi-degisiyor-mu\/","title":{"rendered":"iPhone 17 Pro&#8217;nun Tasar\u0131m\u0131 De\u011fi\u015fiyor mu?"},"content":{"rendered":"<div id=\"article-body\"><\/p>\n<hr\/>\n<ul>\n<li><strong>Bir s\u00f6ylenti, iPhone 17 Pro&#8217;nun \u015fimdiye kadar \u00e7o\u011fu s\u0131z\u0131nt\u0131n\u0131n \u00f6nerdi\u011finden \u00e7ok farkl\u0131 bir tasar\u0131ma sahip olabilece\u011fini \u00f6ne s\u00fcr\u00fcyor<\/strong><\/li>\n<li><strong>Ancak, kayna\u011f\u0131n kar\u0131\u015f\u0131k bir ge\u00e7mi\u015fi var ve biz ikna olmad\u0131k<\/strong><\/li>\n<li><strong>Ayr\u0131ca, iPhone 17 Pro Max&#8217;in \u00f6nceki modelinden daha k\u00fc\u00e7\u00fck bir Dinamik Ada&#8217;ya sahip olabilece\u011fini tekrar duyduk<\/strong><\/li>\n<\/ul>\n<hr\/>\n<p>iPhone 17, iPhone 17 Pro ve iPhone 17 Pro Max s\u0131z\u0131nt\u0131lar\u0131n\u0131n \u00e7o\u011funun hemfikir oldu\u011fu bir \u015fey, tasar\u0131m\u0131n de\u011fi\u015fece\u011fi y\u00f6n\u00fcnde, birka\u00e7 kaynak telefonun bir Piksel benzeri kamera \u00e7ubu\u011funa ve iki tonlu bir arka k\u0131sma sahip olaca\u011f\u0131n\u0131 \u00f6ne s\u00fcr\u00fcyor. Ancak \u015fimdi ba\u015fka bir olas\u0131 tasar\u0131m ortaya \u00e7\u0131kt\u0131.<\/p>\n<p><a data-analytics-id=\"inline-link\" href=\"https:\/\/www.youtube.com\/watch?v=08JoSCHV9VY\" target=\"_blank\" data-url=\"https:\/\/www.youtube.com\/watch?v=08JoSCHV9VY\" referrerpolicy=\"no-referrer-when-downgrade\" data-hl-processed=\"none\">Front Page Tech<\/a> YouTube \u015fovunda, kar\u0131\u015f\u0131k bir ge\u00e7mi\u015fi olan s\u0131z\u0131nt\u0131c\u0131 Jon Prosser, iPhone 17 Pro&#8217;nun garip g\u00f6r\u00fcn\u00fcml\u00fc bir kamera d\u00fczenlemesini g\u00f6sterdi. Lensler, iPhone 16 Pro&#8217;da oldu\u011fu gibi \u00fc\u00e7gen bir desende d\u00fczenlenmi\u015f, ancak b\u00fcy\u00fck siyah bir kamera adas\u0131na yerle\u015ftirilmi\u015f, ortas\u0131nda bo\u015f alan ve fla\u015f sa\u011fa do\u011fru yerle\u015ftirilmi\u015f. A\u015fa\u011f\u0131da bu nas\u0131l g\u00f6r\u00fcnd\u00fc\u011f\u00fcn\u00fc g\u00f6rebilirsiniz.<\/p>\n<p>Bu garip, tart\u0131\u015fmas\u0131z \u00e7irkin bir tasar\u0131m ve daha \u00f6nceki iPhone 17 serisi tasar\u0131m s\u0131z\u0131nt\u0131lar\u0131yla tam olarak uyu\u015fmuyor, ancak baz\u0131 benzerlikler var. Hem bu hem de \u00f6nceki s\u0131z\u0131nt\u0131lar, telefonun tam geni\u015fli\u011finde bir kamera \u00e7ubu\u011funu g\u00f6sterdi, ancak \u00f6nceki s\u0131z\u0131nt\u0131larda \u00e7ubuk \u00e7ok daha dar oldu\u011fundan, lenslerin yatay olarak \u00e7ubuk boyunca \u00e7al\u0131\u015fmas\u0131 gerekiyordu.<\/p>\n<figure class=\"van-image-figure inline-layout\" data-bordeaux-image-check=\"\">\n<div class=\"image-full-width-wrapper\">\n<div class=\"image-widthsetter\" style=\"max-width:781px;\">\n<p class=\"vanilla-image-block\" style=\"padding-top:56.47%;\"><img decoding=\"async\" src=\"https:\/\/cdn.mos.cms.futurecdn.net\/2MXMWbSNj3izZonPq8SFV7-1200-80.jpg\"\/><\/p>\n<\/div>\n<\/div><figcaption itemprop=\"caption description\" class=\" inline-layout\"><span class=\"credit\" itemprop=\"copyrightHolder\">(G\u00f6rsel kredi: Front Page Tech \/ @asherdipps\u202c)<\/span><\/figcaption><\/figure>\n<p>\u00d6nceki s\u0131z\u0131nt\u0131lar\u0131n daha iyi g\u00f6r\u00fcnd\u00fc\u011f\u00fcn\u00fc s\u00f6yleyebiliriz, ancak Prosser videoda belirtti\u011fi gibi, yatay olarak d\u00fczenlenen lenslerin \u00e7ubuk boyunca Face ID bile\u015fenlerinin yoluna girebilece\u011fi bir sorunu var. Bu nedenle, Prosser, Apple&#8217;\u0131n yatay bir kamera \u00e7ubu\u011funa sahip olmas\u0131 durumunda, ya \u00e7ubu\u011fun telefonun arka k\u0131sm\u0131na daha a\u015fa\u011f\u0131da yerle\u015ftirilmesi gerekti\u011fini ya da burada g\u00f6sterdi\u011fi gibi olmas\u0131 gerekti\u011fini d\u00fc\u015f\u00fcn\u00fcyor.<\/p>\n<aside class=\"hawk-nest\" data-block-type=\"embed\" data-render-type=\"fte\" data-skip=\"dealsy\" data-widget-type=\"seasonal\"\/>\n<p>Prosser&#8217;\u0131n kaynaklar\u0131na g\u00f6re, Apple&#8217;\u0131n asl\u0131nda bu son tasar\u0131m\u0131 kulland\u0131\u011f\u0131 iddia ediliyor, ancak Prosser&#8217;\u0131n iddialar\u0131n\u0131 ciddi bir \u015fekilde almal\u0131y\u0131z. Bahsedildi\u011fi gibi, Prosser&#8217;\u0131n s\u0131z\u0131nt\u0131lar i\u00e7in kar\u0131\u015f\u0131k bir ge\u00e7mi\u015fi var ve bu tasar\u0131m, daha \u00f6nce kar\u0131\u015f\u0131k bir ge\u00e7mi\u015fi olan ba\u015fka bir s\u0131z\u0131nt\u0131c\u0131 olan Majin Bu taraf\u0131ndan payla\u015f\u0131lan ve daha iyi bir Apple haberlerini s\u0131zd\u0131rma ba\u015far\u0131s\u0131 olan Bloomberg&#8217;in <a data-analytics-id=\"inline-link\" href=\"https:\/\/x.com\/markgurman\/status\/1890277082313420829\" target=\"_blank\" data-url=\"https:\/\/x.com\/markgurman\/status\/1890277082313420829\" referrerpolicy=\"no-referrer-when-downgrade\" data-hl-processed=\"none\">Mark Gurman<\/a> taraf\u0131ndan &#8220;sahte&#8221; olarak nitelendirilen daha \u00f6nceki bir eskiz gibi g\u00f6r\u00fcn\u00fcyor.<\/p>\n<div class=\"see-more see-more--clipped\">\n<blockquote class=\"twitter-tweet hawk-ignore\" data-lang=\"en\">\n<p lang=\"en\" dir=\"ltr\">YouTube&#8217;daki bu ak\u015famki &#8220;iPhone 17 Pro&#8221; renderlar\u0131n\u0131n, bu sahte, ge\u00e7 Ocak ay\u0131nda yap\u0131lan eskize dayand\u0131\u011f\u0131 g\u00f6r\u00fcn\u00fcyor. https:\/\/t.co\/NpMBlfnHZY<a href=\"https:\/\/twitter.com\/cantworkitout\/status\/1890277082313420829\" data-url=\"https:\/\/twitter.com\/cantworkitout\/status\/1890277082313420829\" target=\"_blank\" referrerpolicy=\"no-referrer-when-downgrade\" data-hl-processed=\"none\">14 \u015eubat 2025<\/a><\/p>\n<\/blockquote>\n<\/div>\n<p>Durumu daha da karma\u015f\u0131k hale getiren \u015fey, Apple&#8217;\u0131n muhtemelen farkl\u0131 tasar\u0131mlarda prototiplere sahip olabilece\u011fidir, bu nedenle t\u00fcm bu s\u0131z\u0131nt\u0131lar\u0131n do\u011fru olmas\u0131, Apple&#8217;\u0131n bu fikirleri test etmi\u015f olabilece\u011fi anlam\u0131na gelir, ancak hangi tasar\u0131m\u0131n nihai iPhone 17 Pro tasar\u0131m\u0131nda kullan\u0131laca\u011f\u0131 hen\u00fcz g\u00f6r\u00fclm\u00fc\u015f de\u011fil.<\/p>\n<p>\u015eu anda, Prosser&#8217;\u0131n iddialar\u0131na \u015f\u00fcpheyle yakla\u015f\u0131yoruz \u00e7\u00fcnk\u00fc \u00e7o\u011fu kaynakla \u00e7eli\u015fiyorlar, ancak g\u00f6r\u00fcnd\u00fc\u011f\u00fc kadar\u0131yla bu ne g\u00f6rece\u011fimiz olas\u0131l\u0131\u011f\u0131 d\u0131\u015flam\u0131yor ve en az\u0131ndan Google Pixel&#8217;e daha az benziyor olacak.<\/p>\n<div id=\"slice-container-newsletterForm-articleInbodyContent-7ACdBLM48BN7LLmVFQvTW3\" class=\"slice-container newsletter-inbodyContent-slice newsletterForm-articleInbodyContent-7ACdBLM48BN7LLmVFQvTW3 slice-container-newsletterForm\">\n<div data-hydrate=\"true\" class=\"newsletter-form__wrapper newsletter-form__wrapper--inbodyContent\">\n<div class=\"newsletter-form__container\">\n<section class=\"newsletter-form__top-bar\"\/>\n<section class=\"newsletter-form__main-section\">\n<p class=\"newsletter-form__strapline\">Son dakika haberleri, incelemeler, g\u00f6r\u00fc\u015fler, en iyi teknoloji f\u0131rsatlar\u0131 ve daha fazlas\u0131 i\u00e7in kaydolun.<\/p>\n<\/section>\n<\/div>\n<\/div>\n<\/div>\n<h2 id=\"changes-up-front-too-3\">\u00d6n tarafta da de\u011fi\u015fiklikler<\/h2>\n<p>Ve \u00e7o\u011funlukla iPhone 17 Pro&#8217;nun arkas\u0131n\u0131n -muhtemelen iPhone 17 ve iPhone 17 Pro Max&#8217;in de- de\u011fi\u015fece\u011fi d\u00fc\u015f\u00fcn\u00fclse de, iPhone 17 Pro Max&#8217;in \u00f6n\u00fcnde de baz\u0131 de\u011fi\u015fiklikler olabilir, s\u0131z\u0131nt\u0131c\u0131 <a data-analytics-id=\"inline-link\" href=\"https:\/\/m.weibo.cn\/detail\/5133616943726901\" target=\"_blank\" data-url=\"https:\/\/m.weibo.cn\/detail\/5133616943726901\" referrerpolicy=\"no-referrer-when-downgrade\" data-hl-processed=\"none\">Digital Chat Station<\/a> (arac\u0131l\u0131\u011f\u0131yla <a data-analytics-id=\"inline-link\" href=\"https:\/\/www.gsmarena.com\/iphone_17_pro_max_rumored_to_feature_smaller_dynamic_island-news-66531.php\" target=\"_blank\" data-url=\"https:\/\/www.gsmarena.com\/iphone_17_pro_max_rumored_to_feature_smaller_dynamic_island-news-66531.php\" referrerpolicy=\"no-referrer-when-downgrade\" data-hl-processed=\"none\">GSMArena<\/a>) iPhone 17 Pro Max&#8217;in \u00f6ncekinden daha k\u00fc\u00e7\u00fck bir Dinamik Ada&#8217;ya sahip olaca\u011f\u0131n\u0131 iddia ediyor.<\/p>\n<p>Bu, bile\u015fenlerin boyutunu azaltarak ba\u015far\u0131lm\u0131\u015f olacak ve daha k\u00fc\u00e7\u00fck bir Dinamik Ada fikrinin planland\u0131\u011f\u0131n\u0131 daha \u00f6nce de duydu\u011fumuz bir \u015fey &#8211; ancak t\u00fcm kaynaklar Dinamik Ada&#8217;n\u0131n daha k\u00fc\u00e7\u00fck olaca\u011f\u0131 konusunda hemfikir de\u011fil, bu y\u00fczden bunu da biraz \u015f\u00fcpheyle kar\u015f\u0131lar\u0131z.<\/p>\n<p>\u0130lgin\u00e7 bir \u015fekilde, Digital Chat Station, ayn\u0131 daha k\u00fc\u00e7\u00fck Dinamik Ada tasar\u0131m\u0131n\u0131n, Apple bir tane \u00e7\u0131kard\u0131\u011f\u0131nda katlanabilir iPad ve gelecekteki bir iPad Pro modeliyle de kullan\u0131laca\u011f\u0131n\u0131 ekledi. Yani Apple, \u00fcr\u00fcnlerinin tasar\u0131mlar\u0131n\u0131 olduk\u00e7a de\u011fi\u015ftirebilir.<\/p>\n<h3 class=\"article-body__section\" id=\"section-you-might-also-like\"><span>Ayr\u0131ca be\u011fenebilirsiniz<\/span><\/h3>\n<p>\n<\/div>\n<p><script async src=\"\/\/platform.twitter.com\/widgets.js\" charset=\"utf-8\"><\/script><\/p>\n","protected":false},"excerpt":{"rendered":"<p>Bir s\u00f6ylenti, iPhone 17 Pro&#8217;nun \u015fimdiye kadar \u00e7o\u011fu s\u0131z\u0131nt\u0131n\u0131n \u00f6nerdi\u011finden \u00e7ok farkl\u0131 bir tasar\u0131ma sahip&hellip;<\/p>\n","protected":false},"author":1,"featured_media":32822,"comment_status":"open","ping_status":"open","sticky":false,"template":"","format":"standard","meta":{"footnotes":""},"categories":[1],"tags":[],"class_list":["post-80407","post","type-post","status-publish","format-standard","has-post-thumbnail","hentry","category-teknoloji"],"yoast_head":"<!-- This site is optimized with the Yoast SEO Premium plugin v24.3 (Yoast SEO v27.4) - https:\/\/yoast.com\/product\/yoast-seo-premium-wordpress\/ -->\n<title>iPhone 17 Pro&#039;nun Tasar\u0131m\u0131 De\u011fi\u015fiyor mu? - E-&Ccedil;\u0130FTL\u0130K HABER<\/title>\n<meta name=\"description\" content=\"Bir s\u00f6ylenti, iPhone 17 Pro&#039;nun \u015fimdiye kadar \u00e7o\u011fu s\u0131z\u0131nt\u0131n\u0131n \u00f6nerdi\u011finden \u00e7ok farkl\u0131 bir tasar\u0131ma sahip olabilece\u011fini \u00f6ne s\u00fcr\u00fcyorAncak, kayna\u011f\u0131n kar\u0131\u015f\u0131k\" \/>\n<meta name=\"robots\" content=\"index, follow, max-snippet:-1, max-image-preview:large, max-video-preview:-1\" \/>\n<link rel=\"canonical\" href=\"https:\/\/e-ciftlik.com\/haberler\/teknoloji\/iphone-17-pronun-tasarimi-degisiyor-mu\/\" \/>\n<meta property=\"og:locale\" content=\"tr_TR\" \/>\n<meta property=\"og:type\" content=\"article\" \/>\n<meta property=\"og:title\" content=\"iPhone 17 Pro&#039;nun Tasar\u0131m\u0131 De\u011fi\u015fiyor mu?\" \/>\n<meta property=\"og:description\" content=\"Bir s\u00f6ylenti, iPhone 17 Pro&#039;nun \u015fimdiye kadar \u00e7o\u011fu s\u0131z\u0131nt\u0131n\u0131n \u00f6nerdi\u011finden \u00e7ok farkl\u0131 bir tasar\u0131ma sahip olabilece\u011fini \u00f6ne s\u00fcr\u00fcyorAncak, kayna\u011f\u0131n kar\u0131\u015f\u0131k\" \/>\n<meta property=\"og:url\" content=\"https:\/\/e-ciftlik.com\/haberler\/teknoloji\/iphone-17-pronun-tasarimi-degisiyor-mu\/\" \/>\n<meta property=\"og:site_name\" content=\"E-&Ccedil;\u0130FTL\u0130K HABER\" \/>\n<meta property=\"article:publisher\" content=\"https:\/\/www.facebook.com\/eciftlikturkiye\" \/>\n<meta property=\"article:published_time\" content=\"2025-02-14T11:02:59+00:00\" \/>\n<meta property=\"og:image\" content=\"https:\/\/e-ciftlik.com\/haberler\/wp-content\/uploads\/2024\/10\/sFigkMELdmohFXmcNafvg9-1200-80.jpg\" \/>\n\t<meta property=\"og:image:width\" content=\"1200\" \/>\n\t<meta property=\"og:image:height\" content=\"675\" \/>\n\t<meta property=\"og:image:type\" content=\"image\/jpeg\" \/>\n<meta name=\"author\" content=\"Haber Merkezi\" \/>\n<meta name=\"twitter:card\" content=\"summary_large_image\" \/>\n<meta name=\"twitter:creator\" content=\"@eciftlikresmi\" \/>\n<meta name=\"twitter:site\" content=\"@eciftlikresmi\" \/>\n<meta name=\"twitter:label1\" content=\"Yazan:\" \/>\n\t<meta name=\"twitter:data1\" content=\"Haber Merkezi\" \/>\n\t<meta name=\"twitter:label2\" content=\"Tahmini okuma s\u00fcresi\" \/>\n\t<meta name=\"twitter:data2\" content=\"4 dakika\" \/>\n<script type=\"application\/ld+json\" class=\"yoast-schema-graph\">{\"@context\":\"https:\\\/\\\/schema.org\",\"@graph\":[{\"@type\":\"NewsArticle\",\"@id\":\"https:\\\/\\\/e-ciftlik.com\\\/haberler\\\/teknoloji\\\/iphone-17-pronun-tasarimi-degisiyor-mu\\\/#article\",\"isPartOf\":{\"@id\":\"https:\\\/\\\/e-ciftlik.com\\\/haberler\\\/teknoloji\\\/iphone-17-pronun-tasarimi-degisiyor-mu\\\/\"},\"author\":{\"name\":\"Haber Merkezi\",\"@id\":\"https:\\\/\\\/e-ciftlik.com\\\/haberler\\\/#\\\/schema\\\/person\\\/d2f4fee3143d7f72be82cb887d51b00a\"},\"headline\":\"iPhone 17 Pro&#8217;nun Tasar\u0131m\u0131 De\u011fi\u015fiyor mu?\",\"datePublished\":\"2025-02-14T11:02:59+00:00\",\"mainEntityOfPage\":{\"@id\":\"https:\\\/\\\/e-ciftlik.com\\\/haberler\\\/teknoloji\\\/iphone-17-pronun-tasarimi-degisiyor-mu\\\/\"},\"wordCount\":799,\"commentCount\":0,\"publisher\":{\"@id\":\"https:\\\/\\\/e-ciftlik.com\\\/haberler\\\/#organization\"},\"image\":{\"@id\":\"https:\\\/\\\/e-ciftlik.com\\\/haberler\\\/teknoloji\\\/iphone-17-pronun-tasarimi-degisiyor-mu\\\/#primaryimage\"},\"thumbnailUrl\":\"https:\\\/\\\/e-ciftlik.com\\\/haberler\\\/wp-content\\\/uploads\\\/2024\\\/10\\\/sFigkMELdmohFXmcNafvg9-1200-80.jpg\",\"articleSection\":[\"Teknoloji\"],\"inLanguage\":\"tr\",\"potentialAction\":[{\"@type\":\"CommentAction\",\"name\":\"Comment\",\"target\":[\"https:\\\/\\\/e-ciftlik.com\\\/haberler\\\/teknoloji\\\/iphone-17-pronun-tasarimi-degisiyor-mu\\\/#respond\"]}]},{\"@type\":\"WebPage\",\"@id\":\"https:\\\/\\\/e-ciftlik.com\\\/haberler\\\/teknoloji\\\/iphone-17-pronun-tasarimi-degisiyor-mu\\\/\",\"url\":\"https:\\\/\\\/e-ciftlik.com\\\/haberler\\\/teknoloji\\\/iphone-17-pronun-tasarimi-degisiyor-mu\\\/\",\"name\":\"iPhone 17 Pro'nun Tasar\u0131m\u0131 De\u011fi\u015fiyor mu? - E-&Ccedil;\u0130FTL\u0130K HABER\",\"isPartOf\":{\"@id\":\"https:\\\/\\\/e-ciftlik.com\\\/haberler\\\/#website\"},\"primaryImageOfPage\":{\"@id\":\"https:\\\/\\\/e-ciftlik.com\\\/haberler\\\/teknoloji\\\/iphone-17-pronun-tasarimi-degisiyor-mu\\\/#primaryimage\"},\"image\":{\"@id\":\"https:\\\/\\\/e-ciftlik.com\\\/haberler\\\/teknoloji\\\/iphone-17-pronun-tasarimi-degisiyor-mu\\\/#primaryimage\"},\"thumbnailUrl\":\"https:\\\/\\\/e-ciftlik.com\\\/haberler\\\/wp-content\\\/uploads\\\/2024\\\/10\\\/sFigkMELdmohFXmcNafvg9-1200-80.jpg\",\"datePublished\":\"2025-02-14T11:02:59+00:00\",\"description\":\"Bir s\u00f6ylenti, iPhone 17 Pro'nun \u015fimdiye kadar \u00e7o\u011fu s\u0131z\u0131nt\u0131n\u0131n \u00f6nerdi\u011finden \u00e7ok farkl\u0131 bir tasar\u0131ma sahip olabilece\u011fini \u00f6ne s\u00fcr\u00fcyorAncak, kayna\u011f\u0131n kar\u0131\u015f\u0131k\",\"breadcrumb\":{\"@id\":\"https:\\\/\\\/e-ciftlik.com\\\/haberler\\\/teknoloji\\\/iphone-17-pronun-tasarimi-degisiyor-mu\\\/#breadcrumb\"},\"inLanguage\":\"tr\",\"potentialAction\":[{\"@type\":\"ReadAction\",\"target\":[\"https:\\\/\\\/e-ciftlik.com\\\/haberler\\\/teknoloji\\\/iphone-17-pronun-tasarimi-degisiyor-mu\\\/\"]}]},{\"@type\":\"ImageObject\",\"inLanguage\":\"tr\",\"@id\":\"https:\\\/\\\/e-ciftlik.com\\\/haberler\\\/teknoloji\\\/iphone-17-pronun-tasarimi-degisiyor-mu\\\/#primaryimage\",\"url\":\"https:\\\/\\\/e-ciftlik.com\\\/haberler\\\/wp-content\\\/uploads\\\/2024\\\/10\\\/sFigkMELdmohFXmcNafvg9-1200-80.jpg\",\"contentUrl\":\"https:\\\/\\\/e-ciftlik.com\\\/haberler\\\/wp-content\\\/uploads\\\/2024\\\/10\\\/sFigkMELdmohFXmcNafvg9-1200-80.jpg\",\"width\":1200,\"height\":675},{\"@type\":\"BreadcrumbList\",\"@id\":\"https:\\\/\\\/e-ciftlik.com\\\/haberler\\\/teknoloji\\\/iphone-17-pronun-tasarimi-degisiyor-mu\\\/#breadcrumb\",\"itemListElement\":[{\"@type\":\"ListItem\",\"position\":1,\"name\":\"Anasayfa\",\"item\":\"https:\\\/\\\/e-ciftlik.com\\\/haberler\\\/\"},{\"@type\":\"ListItem\",\"position\":2,\"name\":\"iPhone 17 Pro&#8217;nun Tasar\u0131m\u0131 De\u011fi\u015fiyor mu?\"}]},{\"@type\":\"WebSite\",\"@id\":\"https:\\\/\\\/e-ciftlik.com\\\/haberler\\\/#website\",\"url\":\"https:\\\/\\\/e-ciftlik.com\\\/haberler\\\/\",\"name\":\"E-\u00c7iftlik Haber | G\u00fcncel, Son Dakika Haberler, En Son Haber\",\"description\":\"\",\"publisher\":{\"@id\":\"https:\\\/\\\/e-ciftlik.com\\\/haberler\\\/#organization\"},\"potentialAction\":[{\"@type\":\"SearchAction\",\"target\":{\"@type\":\"EntryPoint\",\"urlTemplate\":\"https:\\\/\\\/e-ciftlik.com\\\/haberler\\\/?s={search_term_string}\"},\"query-input\":{\"@type\":\"PropertyValueSpecification\",\"valueRequired\":true,\"valueName\":\"search_term_string\"}}],\"inLanguage\":\"tr\"},{\"@type\":\"Organization\",\"@id\":\"https:\\\/\\\/e-ciftlik.com\\\/haberler\\\/#organization\",\"name\":\"E-\u00c7\u0130FTL\u0130K HABER\",\"url\":\"https:\\\/\\\/e-ciftlik.com\\\/haberler\\\/\",\"logo\":{\"@type\":\"ImageObject\",\"inLanguage\":\"tr\",\"@id\":\"https:\\\/\\\/e-ciftlik.com\\\/haberler\\\/#\\\/schema\\\/logo\\\/image\\\/\",\"url\":\"https:\\\/\\\/e-ciftlik.com\\\/haberler\\\/wp-content\\\/uploads\\\/2024\\\/06\\\/cropped-cropped-favicon-1-2.png\",\"contentUrl\":\"https:\\\/\\\/e-ciftlik.com\\\/haberler\\\/wp-content\\\/uploads\\\/2024\\\/06\\\/cropped-cropped-favicon-1-2.png\",\"width\":512,\"height\":512,\"caption\":\"E-\u00c7\u0130FTL\u0130K HABER\"},\"image\":{\"@id\":\"https:\\\/\\\/e-ciftlik.com\\\/haberler\\\/#\\\/schema\\\/logo\\\/image\\\/\"},\"sameAs\":[\"https:\\\/\\\/www.facebook.com\\\/eciftlikturkiye\",\"https:\\\/\\\/x.com\\\/eciftlikresmi\",\"https:\\\/\\\/www.instagram.com\\\/eciftlikresmi\\\/\"]},{\"@type\":\"Person\",\"@id\":\"https:\\\/\\\/e-ciftlik.com\\\/haberler\\\/#\\\/schema\\\/person\\\/d2f4fee3143d7f72be82cb887d51b00a\",\"name\":\"Haber Merkezi\",\"image\":{\"@type\":\"ImageObject\",\"inLanguage\":\"tr\",\"@id\":\"https:\\\/\\\/secure.gravatar.com\\\/avatar\\\/6c27d641914e66c1d0452c92716002398782818991d86db1c2cccb531e7c7c82?s=96&d=mm&r=g\",\"url\":\"https:\\\/\\\/secure.gravatar.com\\\/avatar\\\/6c27d641914e66c1d0452c92716002398782818991d86db1c2cccb531e7c7c82?s=96&d=mm&r=g\",\"contentUrl\":\"https:\\\/\\\/secure.gravatar.com\\\/avatar\\\/6c27d641914e66c1d0452c92716002398782818991d86db1c2cccb531e7c7c82?s=96&d=mm&r=g\",\"caption\":\"Haber Merkezi\"},\"sameAs\":[\"http:\\\/\\\/e-ciftlik.com\\\/haberler\"]}]}<\/script>\n<!-- \/ Yoast SEO Premium plugin. -->","yoast_head_json":{"title":"iPhone 17 Pro'nun Tasar\u0131m\u0131 De\u011fi\u015fiyor mu? - E-&Ccedil;\u0130FTL\u0130K HABER","description":"Bir s\u00f6ylenti, iPhone 17 Pro'nun \u015fimdiye kadar \u00e7o\u011fu s\u0131z\u0131nt\u0131n\u0131n \u00f6nerdi\u011finden \u00e7ok farkl\u0131 bir tasar\u0131ma sahip olabilece\u011fini \u00f6ne s\u00fcr\u00fcyorAncak, kayna\u011f\u0131n kar\u0131\u015f\u0131k","robots":{"index":"index","follow":"follow","max-snippet":"max-snippet:-1","max-image-preview":"max-image-preview:large","max-video-preview":"max-video-preview:-1"},"canonical":"https:\/\/e-ciftlik.com\/haberler\/teknoloji\/iphone-17-pronun-tasarimi-degisiyor-mu\/","og_locale":"tr_TR","og_type":"article","og_title":"iPhone 17 Pro'nun Tasar\u0131m\u0131 De\u011fi\u015fiyor mu?","og_description":"Bir s\u00f6ylenti, iPhone 17 Pro'nun \u015fimdiye kadar \u00e7o\u011fu s\u0131z\u0131nt\u0131n\u0131n \u00f6nerdi\u011finden \u00e7ok farkl\u0131 bir tasar\u0131ma sahip olabilece\u011fini \u00f6ne s\u00fcr\u00fcyorAncak, kayna\u011f\u0131n kar\u0131\u015f\u0131k","og_url":"https:\/\/e-ciftlik.com\/haberler\/teknoloji\/iphone-17-pronun-tasarimi-degisiyor-mu\/","og_site_name":"E-&Ccedil;\u0130FTL\u0130K HABER","article_publisher":"https:\/\/www.facebook.com\/eciftlikturkiye","article_published_time":"2025-02-14T11:02:59+00:00","og_image":[{"width":1200,"height":675,"url":"https:\/\/e-ciftlik.com\/haberler\/wp-content\/uploads\/2024\/10\/sFigkMELdmohFXmcNafvg9-1200-80.jpg","type":"image\/jpeg"}],"author":"Haber Merkezi","twitter_card":"summary_large_image","twitter_creator":"@eciftlikresmi","twitter_site":"@eciftlikresmi","twitter_misc":{"Yazan:":"Haber Merkezi","Tahmini okuma s\u00fcresi":"4 dakika"},"schema":{"@context":"https:\/\/schema.org","@graph":[{"@type":"NewsArticle","@id":"https:\/\/e-ciftlik.com\/haberler\/teknoloji\/iphone-17-pronun-tasarimi-degisiyor-mu\/#article","isPartOf":{"@id":"https:\/\/e-ciftlik.com\/haberler\/teknoloji\/iphone-17-pronun-tasarimi-degisiyor-mu\/"},"author":{"name":"Haber Merkezi","@id":"https:\/\/e-ciftlik.com\/haberler\/#\/schema\/person\/d2f4fee3143d7f72be82cb887d51b00a"},"headline":"iPhone 17 Pro&#8217;nun Tasar\u0131m\u0131 De\u011fi\u015fiyor mu?","datePublished":"2025-02-14T11:02:59+00:00","mainEntityOfPage":{"@id":"https:\/\/e-ciftlik.com\/haberler\/teknoloji\/iphone-17-pronun-tasarimi-degisiyor-mu\/"},"wordCount":799,"commentCount":0,"publisher":{"@id":"https:\/\/e-ciftlik.com\/haberler\/#organization"},"image":{"@id":"https:\/\/e-ciftlik.com\/haberler\/teknoloji\/iphone-17-pronun-tasarimi-degisiyor-mu\/#primaryimage"},"thumbnailUrl":"https:\/\/e-ciftlik.com\/haberler\/wp-content\/uploads\/2024\/10\/sFigkMELdmohFXmcNafvg9-1200-80.jpg","articleSection":["Teknoloji"],"inLanguage":"tr","potentialAction":[{"@type":"CommentAction","name":"Comment","target":["https:\/\/e-ciftlik.com\/haberler\/teknoloji\/iphone-17-pronun-tasarimi-degisiyor-mu\/#respond"]}]},{"@type":"WebPage","@id":"https:\/\/e-ciftlik.com\/haberler\/teknoloji\/iphone-17-pronun-tasarimi-degisiyor-mu\/","url":"https:\/\/e-ciftlik.com\/haberler\/teknoloji\/iphone-17-pronun-tasarimi-degisiyor-mu\/","name":"iPhone 17 Pro'nun Tasar\u0131m\u0131 De\u011fi\u015fiyor mu? - E-&Ccedil;\u0130FTL\u0130K HABER","isPartOf":{"@id":"https:\/\/e-ciftlik.com\/haberler\/#website"},"primaryImageOfPage":{"@id":"https:\/\/e-ciftlik.com\/haberler\/teknoloji\/iphone-17-pronun-tasarimi-degisiyor-mu\/#primaryimage"},"image":{"@id":"https:\/\/e-ciftlik.com\/haberler\/teknoloji\/iphone-17-pronun-tasarimi-degisiyor-mu\/#primaryimage"},"thumbnailUrl":"https:\/\/e-ciftlik.com\/haberler\/wp-content\/uploads\/2024\/10\/sFigkMELdmohFXmcNafvg9-1200-80.jpg","datePublished":"2025-02-14T11:02:59+00:00","description":"Bir s\u00f6ylenti, iPhone 17 Pro'nun \u015fimdiye kadar \u00e7o\u011fu s\u0131z\u0131nt\u0131n\u0131n \u00f6nerdi\u011finden \u00e7ok farkl\u0131 bir tasar\u0131ma sahip olabilece\u011fini \u00f6ne s\u00fcr\u00fcyorAncak, kayna\u011f\u0131n kar\u0131\u015f\u0131k","breadcrumb":{"@id":"https:\/\/e-ciftlik.com\/haberler\/teknoloji\/iphone-17-pronun-tasarimi-degisiyor-mu\/#breadcrumb"},"inLanguage":"tr","potentialAction":[{"@type":"ReadAction","target":["https:\/\/e-ciftlik.com\/haberler\/teknoloji\/iphone-17-pronun-tasarimi-degisiyor-mu\/"]}]},{"@type":"ImageObject","inLanguage":"tr","@id":"https:\/\/e-ciftlik.com\/haberler\/teknoloji\/iphone-17-pronun-tasarimi-degisiyor-mu\/#primaryimage","url":"https:\/\/e-ciftlik.com\/haberler\/wp-content\/uploads\/2024\/10\/sFigkMELdmohFXmcNafvg9-1200-80.jpg","contentUrl":"https:\/\/e-ciftlik.com\/haberler\/wp-content\/uploads\/2024\/10\/sFigkMELdmohFXmcNafvg9-1200-80.jpg","width":1200,"height":675},{"@type":"BreadcrumbList","@id":"https:\/\/e-ciftlik.com\/haberler\/teknoloji\/iphone-17-pronun-tasarimi-degisiyor-mu\/#breadcrumb","itemListElement":[{"@type":"ListItem","position":1,"name":"Anasayfa","item":"https:\/\/e-ciftlik.com\/haberler\/"},{"@type":"ListItem","position":2,"name":"iPhone 17 Pro&#8217;nun Tasar\u0131m\u0131 De\u011fi\u015fiyor mu?"}]},{"@type":"WebSite","@id":"https:\/\/e-ciftlik.com\/haberler\/#website","url":"https:\/\/e-ciftlik.com\/haberler\/","name":"E-\u00c7iftlik Haber | G\u00fcncel, Son Dakika Haberler, En Son Haber","description":"","publisher":{"@id":"https:\/\/e-ciftlik.com\/haberler\/#organization"},"potentialAction":[{"@type":"SearchAction","target":{"@type":"EntryPoint","urlTemplate":"https:\/\/e-ciftlik.com\/haberler\/?s={search_term_string}"},"query-input":{"@type":"PropertyValueSpecification","valueRequired":true,"valueName":"search_term_string"}}],"inLanguage":"tr"},{"@type":"Organization","@id":"https:\/\/e-ciftlik.com\/haberler\/#organization","name":"E-\u00c7\u0130FTL\u0130K HABER","url":"https:\/\/e-ciftlik.com\/haberler\/","logo":{"@type":"ImageObject","inLanguage":"tr","@id":"https:\/\/e-ciftlik.com\/haberler\/#\/schema\/logo\/image\/","url":"https:\/\/e-ciftlik.com\/haberler\/wp-content\/uploads\/2024\/06\/cropped-cropped-favicon-1-2.png","contentUrl":"https:\/\/e-ciftlik.com\/haberler\/wp-content\/uploads\/2024\/06\/cropped-cropped-favicon-1-2.png","width":512,"height":512,"caption":"E-\u00c7\u0130FTL\u0130K HABER"},"image":{"@id":"https:\/\/e-ciftlik.com\/haberler\/#\/schema\/logo\/image\/"},"sameAs":["https:\/\/www.facebook.com\/eciftlikturkiye","https:\/\/x.com\/eciftlikresmi","https:\/\/www.instagram.com\/eciftlikresmi\/"]},{"@type":"Person","@id":"https:\/\/e-ciftlik.com\/haberler\/#\/schema\/person\/d2f4fee3143d7f72be82cb887d51b00a","name":"Haber Merkezi","image":{"@type":"ImageObject","inLanguage":"tr","@id":"https:\/\/secure.gravatar.com\/avatar\/6c27d641914e66c1d0452c92716002398782818991d86db1c2cccb531e7c7c82?s=96&d=mm&r=g","url":"https:\/\/secure.gravatar.com\/avatar\/6c27d641914e66c1d0452c92716002398782818991d86db1c2cccb531e7c7c82?s=96&d=mm&r=g","contentUrl":"https:\/\/secure.gravatar.com\/avatar\/6c27d641914e66c1d0452c92716002398782818991d86db1c2cccb531e7c7c82?s=96&d=mm&r=g","caption":"Haber Merkezi"},"sameAs":["http:\/\/e-ciftlik.com\/haberler"]}]}},"_links":{"self":[{"href":"https:\/\/e-ciftlik.com\/haberler\/wp-json\/wp\/v2\/posts\/80407","targetHints":{"allow":["GET"]}}],"collection":[{"href":"https:\/\/e-ciftlik.com\/haberler\/wp-json\/wp\/v2\/posts"}],"about":[{"href":"https:\/\/e-ciftlik.com\/haberler\/wp-json\/wp\/v2\/types\/post"}],"author":[{"embeddable":true,"href":"https:\/\/e-ciftlik.com\/haberler\/wp-json\/wp\/v2\/users\/1"}],"replies":[{"embeddable":true,"href":"https:\/\/e-ciftlik.com\/haberler\/wp-json\/wp\/v2\/comments?post=80407"}],"version-history":[{"count":0,"href":"https:\/\/e-ciftlik.com\/haberler\/wp-json\/wp\/v2\/posts\/80407\/revisions"}],"wp:featuredmedia":[{"embeddable":true,"href":"https:\/\/e-ciftlik.com\/haberler\/wp-json\/wp\/v2\/media\/32822"}],"wp:attachment":[{"href":"https:\/\/e-ciftlik.com\/haberler\/wp-json\/wp\/v2\/media?parent=80407"}],"wp:term":[{"taxonomy":"category","embeddable":true,"href":"https:\/\/e-ciftlik.com\/haberler\/wp-json\/wp\/v2\/categories?post=80407"},{"taxonomy":"post_tag","embeddable":true,"href":"https:\/\/e-ciftlik.com\/haberler\/wp-json\/wp\/v2\/tags?post=80407"}],"curies":[{"name":"wp","href":"https:\/\/api.w.org\/{rel}","templated":true}]}}