{"id":80934,"date":"2025-02-16T05:49:08","date_gmt":"2025-02-16T05:49:08","guid":{"rendered":"http:\/\/e-ciftlik.com\/haberler\/otomobil\/teslanin-2025-satislari-dusuyor\/"},"modified":"2025-02-16T05:49:08","modified_gmt":"2025-02-16T05:49:08","slug":"teslanin-2025-satislari-dusuyor","status":"publish","type":"post","link":"https:\/\/e-ciftlik.com\/haberler\/otomobil\/teslanin-2025-satislari-dusuyor\/","title":{"rendered":"Tesla&#8217;n\u0131n 2025 Sat\u0131\u015flar\u0131 D\u00fc\u015f\u00fcyor"},"content":{"rendered":"<p>Elektrikli ara\u00e7 sekt\u00f6r\u00fcn\u00fcn lideri olan Tesla, 2025 y\u0131l\u0131na d\u00fc\u015fen sat\u0131\u015f rakamlar\u0131yla kar\u015f\u0131 kar\u015f\u0131ya kald\u0131. \u015eirket, uzun zamand\u0131r beklenen Cybertruck modelini piyasaya s\u00fcrmesine ra\u011fmen, sat\u0131\u015flar\u0131n\u0131 art\u0131rmakta zorlan\u0131yor. Kaliforniya, Avrupa ve \u00c7in gibi \u00f6nemli pazarlarda ya\u015fanan d\u00fc\u015f\u00fc\u015fler, Tesla i\u00e7in endi\u015fe verici bir durum olu\u015fturuyor.<\/p>\n<p>Kaliforniya&#8217;da, ABD&#8217;nin en b\u00fcy\u00fck elektrikli ara\u00e7 pazar\u0131nda Tesla&#8217;n\u0131n sat\u0131\u015flar\u0131 2024&#8217;e g\u00f6re y\u00fczde 11,6 oran\u0131nda azald\u0131. Model 3 ve Model Y sat\u0131\u015flar\u0131ndaki d\u00fc\u015f\u00fc\u015f, \u015firketin toplam sat\u0131\u015flar\u0131n\u0131 olumsuz etkiledi. Cybertruck, Kaliforniya&#8217;n\u0131n en \u00e7ok satan elektrikli pickup&#8217;\u0131 olsa da sadece 9 bin 019 adetlik sat\u0131\u015f rakam\u0131yla beklentilerin alt\u0131nda kald\u0131.<\/p>\n<p>Avrupa pazar\u0131nda da durum farkl\u0131 de\u011fil. Almanya&#8217;da Ocak 2025&#8217;te Tesla&#8217;n\u0131n sat\u0131\u015flar\u0131 y\u00fczde 60 oran\u0131nda d\u00fc\u015ferken, Fransa&#8217;da bu oran y\u00fczde 63 oldu. \u0130ngiltere&#8217;de de Tesla&#8217;n\u0131n sat\u0131\u015flar\u0131 y\u00fczde 8 azald\u0131. \u015eirket, Avrupa&#8217;da Volkswagen, BMW, Audi ve \u00c7inli markalar\u0131n y\u00fckseli\u015fi kar\u015f\u0131s\u0131nda pazar pay\u0131 kaybediyor.<\/p>\n<p>\u00c7in pazar\u0131 da Tesla i\u00e7in zorlu bir s\u00fcre\u00e7 ya\u015fanmas\u0131na neden oldu. \u015eirketin k\u00fcresel sat\u0131\u015flar\u0131n\u0131n \u00fc\u00e7te birini olu\u015fturan \u00c7in&#8217;de Ocak 2025&#8217;te y\u00fczde 11,5&#8217;lik bir d\u00fc\u015f\u00fc\u015f kaydedildi. Bu d\u00fc\u015f\u00fc\u015fte, \u00c7in Bahar Festivali nedeniyle mevsimsel yava\u015flama ve Tesla&#8217;n\u0131n \u015eanghay fabrikas\u0131ndaki \u00fcretim ayarlamalar\u0131n\u0131n etkisi bulunuyor. Ancak, yerel \u00c7inli elektrikli otomobil markalar\u0131n\u0131n artan rekabeti de Tesla&#8217;n\u0131n zorlanmas\u0131nda \u00f6nemli bir rol oynuyor.<\/p>\n","protected":false},"excerpt":{"rendered":"<p>Elektrikli ara\u00e7 sekt\u00f6r\u00fcn\u00fcn lideri olan Tesla, 2025 y\u0131l\u0131na d\u00fc\u015fen sat\u0131\u015f rakamlar\u0131yla kar\u015f\u0131 kar\u015f\u0131ya kald\u0131. \u015eirket,&hellip;<\/p>\n","protected":false},"author":1,"featured_media":80935,"comment_status":"open","ping_status":"open","sticky":false,"template":"","format":"standard","meta":{"footnotes":""},"categories":[5],"tags":[12448,701,984],"class_list":["post-80934","post","type-post","status-publish","format-standard","has-post-thumbnail","hentry","category-otomobil","tag-dusuyor","tag-satislari","tag-teslanin"],"yoast_head":"<!-- This site is optimized with the Yoast SEO Premium plugin v24.3 (Yoast SEO v27.4) - https:\/\/yoast.com\/product\/yoast-seo-premium-wordpress\/ -->\n<title>Tesla&#039;n\u0131n 2025 Sat\u0131\u015flar\u0131 D\u00fc\u015f\u00fcyor - E-&Ccedil;\u0130FTL\u0130K HABER<\/title>\n<meta name=\"description\" content=\"Elektrikli ara\u00e7 sekt\u00f6r\u00fcn\u00fcn lideri olan Tesla, 2025 y\u0131l\u0131na d\u00fc\u015fen sat\u0131\u015f rakamlar\u0131yla kar\u015f\u0131 kar\u015f\u0131ya kald\u0131. \u015eirket, uzun zamand\u0131r beklenen Cybertruck modelini\" \/>\n<meta name=\"robots\" content=\"index, follow, max-snippet:-1, max-image-preview:large, max-video-preview:-1\" \/>\n<link rel=\"canonical\" href=\"https:\/\/e-ciftlik.com\/haberler\/otomobil\/teslanin-2025-satislari-dusuyor\/\" \/>\n<meta property=\"og:locale\" content=\"tr_TR\" \/>\n<meta property=\"og:type\" content=\"article\" \/>\n<meta property=\"og:title\" content=\"Tesla&#039;n\u0131n 2025 Sat\u0131\u015flar\u0131 D\u00fc\u015f\u00fcyor\" \/>\n<meta property=\"og:description\" content=\"Elektrikli ara\u00e7 sekt\u00f6r\u00fcn\u00fcn lideri olan Tesla, 2025 y\u0131l\u0131na d\u00fc\u015fen sat\u0131\u015f rakamlar\u0131yla kar\u015f\u0131 kar\u015f\u0131ya kald\u0131. \u015eirket, uzun zamand\u0131r beklenen Cybertruck modelini\" \/>\n<meta property=\"og:url\" content=\"https:\/\/e-ciftlik.com\/haberler\/otomobil\/teslanin-2025-satislari-dusuyor\/\" \/>\n<meta property=\"og:site_name\" content=\"E-&Ccedil;\u0130FTL\u0130K HABER\" \/>\n<meta property=\"article:publisher\" content=\"https:\/\/www.facebook.com\/eciftlikturkiye\" \/>\n<meta property=\"article:published_time\" content=\"2025-02-16T05:49:08+00:00\" \/>\n<meta property=\"og:image\" content=\"https:\/\/e-ciftlik.com\/haberler\/wp-content\/uploads\/2025\/02\/67b0fa1060674168.jpg\" \/>\n\t<meta property=\"og:image:width\" content=\"1200\" \/>\n\t<meta property=\"og:image:height\" content=\"675\" \/>\n\t<meta property=\"og:image:type\" content=\"image\/jpeg\" \/>\n<meta name=\"author\" content=\"Haber Merkezi\" \/>\n<meta name=\"twitter:card\" content=\"summary_large_image\" \/>\n<meta name=\"twitter:creator\" content=\"@eciftlikresmi\" \/>\n<meta name=\"twitter:site\" content=\"@eciftlikresmi\" \/>\n<meta name=\"twitter:label1\" content=\"Yazan:\" \/>\n\t<meta name=\"twitter:data1\" content=\"Haber Merkezi\" \/>\n\t<meta name=\"twitter:label2\" content=\"Tahmini okuma s\u00fcresi\" \/>\n\t<meta name=\"twitter:data2\" content=\"1 dakika\" \/>\n<script type=\"application\/ld+json\" class=\"yoast-schema-graph\">{\"@context\":\"https:\\\/\\\/schema.org\",\"@graph\":[{\"@type\":\"NewsArticle\",\"@id\":\"https:\\\/\\\/e-ciftlik.com\\\/haberler\\\/otomobil\\\/teslanin-2025-satislari-dusuyor\\\/#article\",\"isPartOf\":{\"@id\":\"https:\\\/\\\/e-ciftlik.com\\\/haberler\\\/otomobil\\\/teslanin-2025-satislari-dusuyor\\\/\"},\"author\":{\"name\":\"Haber Merkezi\",\"@id\":\"https:\\\/\\\/e-ciftlik.com\\\/haberler\\\/#\\\/schema\\\/person\\\/d2f4fee3143d7f72be82cb887d51b00a\"},\"headline\":\"Tesla&#8217;n\u0131n 2025 Sat\u0131\u015flar\u0131 D\u00fc\u015f\u00fcyor\",\"datePublished\":\"2025-02-16T05:49:08+00:00\",\"mainEntityOfPage\":{\"@id\":\"https:\\\/\\\/e-ciftlik.com\\\/haberler\\\/otomobil\\\/teslanin-2025-satislari-dusuyor\\\/\"},\"wordCount\":268,\"commentCount\":0,\"publisher\":{\"@id\":\"https:\\\/\\\/e-ciftlik.com\\\/haberler\\\/#organization\"},\"image\":{\"@id\":\"https:\\\/\\\/e-ciftlik.com\\\/haberler\\\/otomobil\\\/teslanin-2025-satislari-dusuyor\\\/#primaryimage\"},\"thumbnailUrl\":\"https:\\\/\\\/e-ciftlik.com\\\/haberler\\\/wp-content\\\/uploads\\\/2025\\\/02\\\/67b0fa1060674168.jpg\",\"keywords\":[\"d\u00fc\u015f\u00fcyor\",\"Sat\u0131\u015flar\u0131\",\"Teslan\u0131n\"],\"articleSection\":[\"Otomobil\"],\"inLanguage\":\"tr\",\"potentialAction\":[{\"@type\":\"CommentAction\",\"name\":\"Comment\",\"target\":[\"https:\\\/\\\/e-ciftlik.com\\\/haberler\\\/otomobil\\\/teslanin-2025-satislari-dusuyor\\\/#respond\"]}]},{\"@type\":\"WebPage\",\"@id\":\"https:\\\/\\\/e-ciftlik.com\\\/haberler\\\/otomobil\\\/teslanin-2025-satislari-dusuyor\\\/\",\"url\":\"https:\\\/\\\/e-ciftlik.com\\\/haberler\\\/otomobil\\\/teslanin-2025-satislari-dusuyor\\\/\",\"name\":\"Tesla'n\u0131n 2025 Sat\u0131\u015flar\u0131 D\u00fc\u015f\u00fcyor - E-&Ccedil;\u0130FTL\u0130K HABER\",\"isPartOf\":{\"@id\":\"https:\\\/\\\/e-ciftlik.com\\\/haberler\\\/#website\"},\"primaryImageOfPage\":{\"@id\":\"https:\\\/\\\/e-ciftlik.com\\\/haberler\\\/otomobil\\\/teslanin-2025-satislari-dusuyor\\\/#primaryimage\"},\"image\":{\"@id\":\"https:\\\/\\\/e-ciftlik.com\\\/haberler\\\/otomobil\\\/teslanin-2025-satislari-dusuyor\\\/#primaryimage\"},\"thumbnailUrl\":\"https:\\\/\\\/e-ciftlik.com\\\/haberler\\\/wp-content\\\/uploads\\\/2025\\\/02\\\/67b0fa1060674168.jpg\",\"datePublished\":\"2025-02-16T05:49:08+00:00\",\"description\":\"Elektrikli ara\u00e7 sekt\u00f6r\u00fcn\u00fcn lideri olan Tesla, 2025 y\u0131l\u0131na d\u00fc\u015fen sat\u0131\u015f rakamlar\u0131yla kar\u015f\u0131 kar\u015f\u0131ya kald\u0131. \u015eirket, uzun zamand\u0131r beklenen Cybertruck modelini\",\"breadcrumb\":{\"@id\":\"https:\\\/\\\/e-ciftlik.com\\\/haberler\\\/otomobil\\\/teslanin-2025-satislari-dusuyor\\\/#breadcrumb\"},\"inLanguage\":\"tr\",\"potentialAction\":[{\"@type\":\"ReadAction\",\"target\":[\"https:\\\/\\\/e-ciftlik.com\\\/haberler\\\/otomobil\\\/teslanin-2025-satislari-dusuyor\\\/\"]}]},{\"@type\":\"ImageObject\",\"inLanguage\":\"tr\",\"@id\":\"https:\\\/\\\/e-ciftlik.com\\\/haberler\\\/otomobil\\\/teslanin-2025-satislari-dusuyor\\\/#primaryimage\",\"url\":\"https:\\\/\\\/e-ciftlik.com\\\/haberler\\\/wp-content\\\/uploads\\\/2025\\\/02\\\/67b0fa1060674168.jpg\",\"contentUrl\":\"https:\\\/\\\/e-ciftlik.com\\\/haberler\\\/wp-content\\\/uploads\\\/2025\\\/02\\\/67b0fa1060674168.jpg\",\"width\":1200,\"height\":675},{\"@type\":\"BreadcrumbList\",\"@id\":\"https:\\\/\\\/e-ciftlik.com\\\/haberler\\\/otomobil\\\/teslanin-2025-satislari-dusuyor\\\/#breadcrumb\",\"itemListElement\":[{\"@type\":\"ListItem\",\"position\":1,\"name\":\"Anasayfa\",\"item\":\"https:\\\/\\\/e-ciftlik.com\\\/haberler\\\/\"},{\"@type\":\"ListItem\",\"position\":2,\"name\":\"Tesla&#8217;n\u0131n 2025 Sat\u0131\u015flar\u0131 D\u00fc\u015f\u00fcyor\"}]},{\"@type\":\"WebSite\",\"@id\":\"https:\\\/\\\/e-ciftlik.com\\\/haberler\\\/#website\",\"url\":\"https:\\\/\\\/e-ciftlik.com\\\/haberler\\\/\",\"name\":\"E-\u00c7iftlik Haber | G\u00fcncel, Son Dakika Haberler, En Son Haber\",\"description\":\"\",\"publisher\":{\"@id\":\"https:\\\/\\\/e-ciftlik.com\\\/haberler\\\/#organization\"},\"potentialAction\":[{\"@type\":\"SearchAction\",\"target\":{\"@type\":\"EntryPoint\",\"urlTemplate\":\"https:\\\/\\\/e-ciftlik.com\\\/haberler\\\/?s={search_term_string}\"},\"query-input\":{\"@type\":\"PropertyValueSpecification\",\"valueRequired\":true,\"valueName\":\"search_term_string\"}}],\"inLanguage\":\"tr\"},{\"@type\":\"Organization\",\"@id\":\"https:\\\/\\\/e-ciftlik.com\\\/haberler\\\/#organization\",\"name\":\"E-\u00c7\u0130FTL\u0130K HABER\",\"url\":\"https:\\\/\\\/e-ciftlik.com\\\/haberler\\\/\",\"logo\":{\"@type\":\"ImageObject\",\"inLanguage\":\"tr\",\"@id\":\"https:\\\/\\\/e-ciftlik.com\\\/haberler\\\/#\\\/schema\\\/logo\\\/image\\\/\",\"url\":\"https:\\\/\\\/e-ciftlik.com\\\/haberler\\\/wp-content\\\/uploads\\\/2024\\\/06\\\/cropped-cropped-favicon-1-2.png\",\"contentUrl\":\"https:\\\/\\\/e-ciftlik.com\\\/haberler\\\/wp-content\\\/uploads\\\/2024\\\/06\\\/cropped-cropped-favicon-1-2.png\",\"width\":512,\"height\":512,\"caption\":\"E-\u00c7\u0130FTL\u0130K HABER\"},\"image\":{\"@id\":\"https:\\\/\\\/e-ciftlik.com\\\/haberler\\\/#\\\/schema\\\/logo\\\/image\\\/\"},\"sameAs\":[\"https:\\\/\\\/www.facebook.com\\\/eciftlikturkiye\",\"https:\\\/\\\/x.com\\\/eciftlikresmi\",\"https:\\\/\\\/www.instagram.com\\\/eciftlikresmi\\\/\"]},{\"@type\":\"Person\",\"@id\":\"https:\\\/\\\/e-ciftlik.com\\\/haberler\\\/#\\\/schema\\\/person\\\/d2f4fee3143d7f72be82cb887d51b00a\",\"name\":\"Haber Merkezi\",\"image\":{\"@type\":\"ImageObject\",\"inLanguage\":\"tr\",\"@id\":\"https:\\\/\\\/secure.gravatar.com\\\/avatar\\\/6c27d641914e66c1d0452c92716002398782818991d86db1c2cccb531e7c7c82?s=96&d=mm&r=g\",\"url\":\"https:\\\/\\\/secure.gravatar.com\\\/avatar\\\/6c27d641914e66c1d0452c92716002398782818991d86db1c2cccb531e7c7c82?s=96&d=mm&r=g\",\"contentUrl\":\"https:\\\/\\\/secure.gravatar.com\\\/avatar\\\/6c27d641914e66c1d0452c92716002398782818991d86db1c2cccb531e7c7c82?s=96&d=mm&r=g\",\"caption\":\"Haber Merkezi\"},\"sameAs\":[\"http:\\\/\\\/e-ciftlik.com\\\/haberler\"]}]}<\/script>\n<!-- \/ Yoast SEO Premium plugin. -->","yoast_head_json":{"title":"Tesla'n\u0131n 2025 Sat\u0131\u015flar\u0131 D\u00fc\u015f\u00fcyor - E-&Ccedil;\u0130FTL\u0130K HABER","description":"Elektrikli ara\u00e7 sekt\u00f6r\u00fcn\u00fcn lideri olan Tesla, 2025 y\u0131l\u0131na d\u00fc\u015fen sat\u0131\u015f rakamlar\u0131yla kar\u015f\u0131 kar\u015f\u0131ya kald\u0131. \u015eirket, uzun zamand\u0131r beklenen Cybertruck modelini","robots":{"index":"index","follow":"follow","max-snippet":"max-snippet:-1","max-image-preview":"max-image-preview:large","max-video-preview":"max-video-preview:-1"},"canonical":"https:\/\/e-ciftlik.com\/haberler\/otomobil\/teslanin-2025-satislari-dusuyor\/","og_locale":"tr_TR","og_type":"article","og_title":"Tesla'n\u0131n 2025 Sat\u0131\u015flar\u0131 D\u00fc\u015f\u00fcyor","og_description":"Elektrikli ara\u00e7 sekt\u00f6r\u00fcn\u00fcn lideri olan Tesla, 2025 y\u0131l\u0131na d\u00fc\u015fen sat\u0131\u015f rakamlar\u0131yla kar\u015f\u0131 kar\u015f\u0131ya kald\u0131. \u015eirket, uzun zamand\u0131r beklenen Cybertruck modelini","og_url":"https:\/\/e-ciftlik.com\/haberler\/otomobil\/teslanin-2025-satislari-dusuyor\/","og_site_name":"E-&Ccedil;\u0130FTL\u0130K HABER","article_publisher":"https:\/\/www.facebook.com\/eciftlikturkiye","article_published_time":"2025-02-16T05:49:08+00:00","og_image":[{"width":1200,"height":675,"url":"https:\/\/e-ciftlik.com\/haberler\/wp-content\/uploads\/2025\/02\/67b0fa1060674168.jpg","type":"image\/jpeg"}],"author":"Haber Merkezi","twitter_card":"summary_large_image","twitter_creator":"@eciftlikresmi","twitter_site":"@eciftlikresmi","twitter_misc":{"Yazan:":"Haber Merkezi","Tahmini okuma s\u00fcresi":"1 dakika"},"schema":{"@context":"https:\/\/schema.org","@graph":[{"@type":"NewsArticle","@id":"https:\/\/e-ciftlik.com\/haberler\/otomobil\/teslanin-2025-satislari-dusuyor\/#article","isPartOf":{"@id":"https:\/\/e-ciftlik.com\/haberler\/otomobil\/teslanin-2025-satislari-dusuyor\/"},"author":{"name":"Haber Merkezi","@id":"https:\/\/e-ciftlik.com\/haberler\/#\/schema\/person\/d2f4fee3143d7f72be82cb887d51b00a"},"headline":"Tesla&#8217;n\u0131n 2025 Sat\u0131\u015flar\u0131 D\u00fc\u015f\u00fcyor","datePublished":"2025-02-16T05:49:08+00:00","mainEntityOfPage":{"@id":"https:\/\/e-ciftlik.com\/haberler\/otomobil\/teslanin-2025-satislari-dusuyor\/"},"wordCount":268,"commentCount":0,"publisher":{"@id":"https:\/\/e-ciftlik.com\/haberler\/#organization"},"image":{"@id":"https:\/\/e-ciftlik.com\/haberler\/otomobil\/teslanin-2025-satislari-dusuyor\/#primaryimage"},"thumbnailUrl":"https:\/\/e-ciftlik.com\/haberler\/wp-content\/uploads\/2025\/02\/67b0fa1060674168.jpg","keywords":["d\u00fc\u015f\u00fcyor","Sat\u0131\u015flar\u0131","Teslan\u0131n"],"articleSection":["Otomobil"],"inLanguage":"tr","potentialAction":[{"@type":"CommentAction","name":"Comment","target":["https:\/\/e-ciftlik.com\/haberler\/otomobil\/teslanin-2025-satislari-dusuyor\/#respond"]}]},{"@type":"WebPage","@id":"https:\/\/e-ciftlik.com\/haberler\/otomobil\/teslanin-2025-satislari-dusuyor\/","url":"https:\/\/e-ciftlik.com\/haberler\/otomobil\/teslanin-2025-satislari-dusuyor\/","name":"Tesla'n\u0131n 2025 Sat\u0131\u015flar\u0131 D\u00fc\u015f\u00fcyor - E-&Ccedil;\u0130FTL\u0130K HABER","isPartOf":{"@id":"https:\/\/e-ciftlik.com\/haberler\/#website"},"primaryImageOfPage":{"@id":"https:\/\/e-ciftlik.com\/haberler\/otomobil\/teslanin-2025-satislari-dusuyor\/#primaryimage"},"image":{"@id":"https:\/\/e-ciftlik.com\/haberler\/otomobil\/teslanin-2025-satislari-dusuyor\/#primaryimage"},"thumbnailUrl":"https:\/\/e-ciftlik.com\/haberler\/wp-content\/uploads\/2025\/02\/67b0fa1060674168.jpg","datePublished":"2025-02-16T05:49:08+00:00","description":"Elektrikli ara\u00e7 sekt\u00f6r\u00fcn\u00fcn lideri olan Tesla, 2025 y\u0131l\u0131na d\u00fc\u015fen sat\u0131\u015f rakamlar\u0131yla kar\u015f\u0131 kar\u015f\u0131ya kald\u0131. \u015eirket, uzun zamand\u0131r beklenen Cybertruck modelini","breadcrumb":{"@id":"https:\/\/e-ciftlik.com\/haberler\/otomobil\/teslanin-2025-satislari-dusuyor\/#breadcrumb"},"inLanguage":"tr","potentialAction":[{"@type":"ReadAction","target":["https:\/\/e-ciftlik.com\/haberler\/otomobil\/teslanin-2025-satislari-dusuyor\/"]}]},{"@type":"ImageObject","inLanguage":"tr","@id":"https:\/\/e-ciftlik.com\/haberler\/otomobil\/teslanin-2025-satislari-dusuyor\/#primaryimage","url":"https:\/\/e-ciftlik.com\/haberler\/wp-content\/uploads\/2025\/02\/67b0fa1060674168.jpg","contentUrl":"https:\/\/e-ciftlik.com\/haberler\/wp-content\/uploads\/2025\/02\/67b0fa1060674168.jpg","width":1200,"height":675},{"@type":"BreadcrumbList","@id":"https:\/\/e-ciftlik.com\/haberler\/otomobil\/teslanin-2025-satislari-dusuyor\/#breadcrumb","itemListElement":[{"@type":"ListItem","position":1,"name":"Anasayfa","item":"https:\/\/e-ciftlik.com\/haberler\/"},{"@type":"ListItem","position":2,"name":"Tesla&#8217;n\u0131n 2025 Sat\u0131\u015flar\u0131 D\u00fc\u015f\u00fcyor"}]},{"@type":"WebSite","@id":"https:\/\/e-ciftlik.com\/haberler\/#website","url":"https:\/\/e-ciftlik.com\/haberler\/","name":"E-\u00c7iftlik Haber | G\u00fcncel, Son Dakika Haberler, En Son Haber","description":"","publisher":{"@id":"https:\/\/e-ciftlik.com\/haberler\/#organization"},"potentialAction":[{"@type":"SearchAction","target":{"@type":"EntryPoint","urlTemplate":"https:\/\/e-ciftlik.com\/haberler\/?s={search_term_string}"},"query-input":{"@type":"PropertyValueSpecification","valueRequired":true,"valueName":"search_term_string"}}],"inLanguage":"tr"},{"@type":"Organization","@id":"https:\/\/e-ciftlik.com\/haberler\/#organization","name":"E-\u00c7\u0130FTL\u0130K HABER","url":"https:\/\/e-ciftlik.com\/haberler\/","logo":{"@type":"ImageObject","inLanguage":"tr","@id":"https:\/\/e-ciftlik.com\/haberler\/#\/schema\/logo\/image\/","url":"https:\/\/e-ciftlik.com\/haberler\/wp-content\/uploads\/2024\/06\/cropped-cropped-favicon-1-2.png","contentUrl":"https:\/\/e-ciftlik.com\/haberler\/wp-content\/uploads\/2024\/06\/cropped-cropped-favicon-1-2.png","width":512,"height":512,"caption":"E-\u00c7\u0130FTL\u0130K HABER"},"image":{"@id":"https:\/\/e-ciftlik.com\/haberler\/#\/schema\/logo\/image\/"},"sameAs":["https:\/\/www.facebook.com\/eciftlikturkiye","https:\/\/x.com\/eciftlikresmi","https:\/\/www.instagram.com\/eciftlikresmi\/"]},{"@type":"Person","@id":"https:\/\/e-ciftlik.com\/haberler\/#\/schema\/person\/d2f4fee3143d7f72be82cb887d51b00a","name":"Haber Merkezi","image":{"@type":"ImageObject","inLanguage":"tr","@id":"https:\/\/secure.gravatar.com\/avatar\/6c27d641914e66c1d0452c92716002398782818991d86db1c2cccb531e7c7c82?s=96&d=mm&r=g","url":"https:\/\/secure.gravatar.com\/avatar\/6c27d641914e66c1d0452c92716002398782818991d86db1c2cccb531e7c7c82?s=96&d=mm&r=g","contentUrl":"https:\/\/secure.gravatar.com\/avatar\/6c27d641914e66c1d0452c92716002398782818991d86db1c2cccb531e7c7c82?s=96&d=mm&r=g","caption":"Haber Merkezi"},"sameAs":["http:\/\/e-ciftlik.com\/haberler"]}]}},"_links":{"self":[{"href":"https:\/\/e-ciftlik.com\/haberler\/wp-json\/wp\/v2\/posts\/80934","targetHints":{"allow":["GET"]}}],"collection":[{"href":"https:\/\/e-ciftlik.com\/haberler\/wp-json\/wp\/v2\/posts"}],"about":[{"href":"https:\/\/e-ciftlik.com\/haberler\/wp-json\/wp\/v2\/types\/post"}],"author":[{"embeddable":true,"href":"https:\/\/e-ciftlik.com\/haberler\/wp-json\/wp\/v2\/users\/1"}],"replies":[{"embeddable":true,"href":"https:\/\/e-ciftlik.com\/haberler\/wp-json\/wp\/v2\/comments?post=80934"}],"version-history":[{"count":0,"href":"https:\/\/e-ciftlik.com\/haberler\/wp-json\/wp\/v2\/posts\/80934\/revisions"}],"wp:featuredmedia":[{"embeddable":true,"href":"https:\/\/e-ciftlik.com\/haberler\/wp-json\/wp\/v2\/media\/80935"}],"wp:attachment":[{"href":"https:\/\/e-ciftlik.com\/haberler\/wp-json\/wp\/v2\/media?parent=80934"}],"wp:term":[{"taxonomy":"category","embeddable":true,"href":"https:\/\/e-ciftlik.com\/haberler\/wp-json\/wp\/v2\/categories?post=80934"},{"taxonomy":"post_tag","embeddable":true,"href":"https:\/\/e-ciftlik.com\/haberler\/wp-json\/wp\/v2\/tags?post=80934"}],"curies":[{"name":"wp","href":"https:\/\/api.w.org\/{rel}","templated":true}]}}