{"id":80938,"date":"2025-02-16T06:05:00","date_gmt":"2025-02-16T06:05:00","guid":{"rendered":"http:\/\/e-ciftlik.com\/haberler\/tarim\/yesilhisara-tarim-market-acildi\/"},"modified":"2025-02-16T06:05:00","modified_gmt":"2025-02-16T06:05:00","slug":"yesilhisara-tarim-market-acildi","status":"publish","type":"post","link":"https:\/\/e-ciftlik.com\/haberler\/tarim\/yesilhisara-tarim-market-acildi\/","title":{"rendered":"Ye\u015filhisar&#8217;a Tar\u0131m Market A\u00e7\u0131ld\u0131!"},"content":{"rendered":"<p>Kayseri&#8217;nin Ye\u015filhisar il\u00e7esine, Ye\u015filhisar Belediyesi ve Kayseri \u015eeker i\u015fbirli\u011fiyle a\u00e7\u0131lan &#8220;Tar\u0131m Market&#8221; i\u00e7in d\u00fczenlenen t\u00f6renle hizmete girdi. Market, Yavuz Selim Mahallesi&#8217;nde faaliyete ba\u015flad\u0131.<\/p>\n<p>A\u00e7\u0131l\u0131\u015f t\u00f6renine Ye\u015filhisar Belediye Ba\u015fkan\u0131 Halit Ta\u015fyapan, Kayseri Pancar Ekicileri Kooperatifi Y\u00f6netim Kurulu Ba\u015fkan\u0131 H\u00fcseyin Akay, \u00e7ift\u00e7iler ve vatanda\u015flar kat\u0131ld\u0131. Ta\u015fyapan, yapt\u0131\u011f\u0131 konu\u015fmada \u00e7ift\u00e7ilerle birlikte b\u00fcy\u00fcy\u00fcp \u00fcretmeye devam edeceklerini belirtti.<\/p>\n<p>Konu\u015fman\u0131n ard\u0131ndan marketin a\u00e7\u0131l\u0131\u015f\u0131 ger\u00e7ekle\u015ftirildi. A\u00e7\u0131l\u0131\u015f t\u00f6renine kat\u0131lanlar, yeni a\u00e7\u0131lan Tar\u0131m Market&#8217;in il\u00e7eye katk\u0131 sa\u011flayaca\u011f\u0131na inan\u0131yor.<\/p>\n","protected":false},"excerpt":{"rendered":"<p>Kayseri&#8217;nin Ye\u015filhisar il\u00e7esine, Ye\u015filhisar Belediyesi ve Kayseri \u015eeker i\u015fbirli\u011fiyle a\u00e7\u0131lan &#8220;Tar\u0131m Market&#8221; i\u00e7in d\u00fczenlenen t\u00f6renle&hellip;<\/p>\n","protected":false},"author":1,"featured_media":80939,"comment_status":"open","ping_status":"open","sticky":false,"template":"","format":"standard","meta":{"footnotes":""},"categories":[9],"tags":[],"class_list":["post-80938","post","type-post","status-publish","format-standard","has-post-thumbnail","hentry","category-tarim"],"yoast_head":"<!-- This site is optimized with the Yoast SEO Premium plugin v24.3 (Yoast SEO v27.4) - https:\/\/yoast.com\/product\/yoast-seo-premium-wordpress\/ -->\n<title>Ye\u015filhisar&#039;a Tar\u0131m Market A\u00e7\u0131ld\u0131! - E-&Ccedil;\u0130FTL\u0130K HABER<\/title>\n<meta name=\"description\" content=\"Kayseri&#039;nin Ye\u015filhisar il\u00e7esine, Ye\u015filhisar Belediyesi ve Kayseri \u015eeker i\u015fbirli\u011fiyle a\u00e7\u0131lan &quot;Tar\u0131m Market&quot; i\u00e7in d\u00fczenlenen t\u00f6renle hizmete girdi. Market,\" \/>\n<meta name=\"robots\" content=\"index, follow, max-snippet:-1, max-image-preview:large, max-video-preview:-1\" \/>\n<link rel=\"canonical\" href=\"https:\/\/e-ciftlik.com\/haberler\/tarim\/yesilhisara-tarim-market-acildi\/\" \/>\n<meta property=\"og:locale\" content=\"tr_TR\" \/>\n<meta property=\"og:type\" content=\"article\" \/>\n<meta property=\"og:title\" content=\"Ye\u015filhisar&#039;a Tar\u0131m Market A\u00e7\u0131ld\u0131!\" \/>\n<meta property=\"og:description\" content=\"Kayseri&#039;nin Ye\u015filhisar il\u00e7esine, Ye\u015filhisar Belediyesi ve Kayseri \u015eeker i\u015fbirli\u011fiyle a\u00e7\u0131lan &quot;Tar\u0131m Market&quot; i\u00e7in d\u00fczenlenen t\u00f6renle hizmete girdi. Market,\" \/>\n<meta property=\"og:url\" content=\"https:\/\/e-ciftlik.com\/haberler\/tarim\/yesilhisara-tarim-market-acildi\/\" \/>\n<meta property=\"og:site_name\" content=\"E-&Ccedil;\u0130FTL\u0130K HABER\" \/>\n<meta property=\"article:publisher\" content=\"https:\/\/www.facebook.com\/eciftlikturkiye\" \/>\n<meta property=\"article:published_time\" content=\"2025-02-16T06:05:00+00:00\" \/>\n<meta property=\"og:image\" content=\"https:\/\/e-ciftlik.com\/haberler\/wp-content\/uploads\/2025\/02\/yesilhisar-ilcesine-tarim-market-acildi-18380053_amp.jpg\" \/>\n\t<meta property=\"og:image:width\" content=\"1203\" \/>\n\t<meta property=\"og:image:height\" content=\"675\" \/>\n\t<meta property=\"og:image:type\" content=\"image\/jpeg\" \/>\n<meta name=\"author\" content=\"Haber Merkezi\" \/>\n<meta name=\"twitter:card\" content=\"summary_large_image\" \/>\n<meta name=\"twitter:creator\" content=\"@eciftlikresmi\" \/>\n<meta name=\"twitter:site\" content=\"@eciftlikresmi\" \/>\n<meta name=\"twitter:label1\" content=\"Yazan:\" \/>\n\t<meta name=\"twitter:data1\" content=\"Haber Merkezi\" \/>\n\t<meta name=\"twitter:label2\" content=\"Tahmini okuma s\u00fcresi\" \/>\n\t<meta name=\"twitter:data2\" content=\"1 dakika\" \/>\n<script type=\"application\/ld+json\" class=\"yoast-schema-graph\">{\"@context\":\"https:\\\/\\\/schema.org\",\"@graph\":[{\"@type\":\"NewsArticle\",\"@id\":\"https:\\\/\\\/e-ciftlik.com\\\/haberler\\\/tarim\\\/yesilhisara-tarim-market-acildi\\\/#article\",\"isPartOf\":{\"@id\":\"https:\\\/\\\/e-ciftlik.com\\\/haberler\\\/tarim\\\/yesilhisara-tarim-market-acildi\\\/\"},\"author\":{\"name\":\"Haber Merkezi\",\"@id\":\"https:\\\/\\\/e-ciftlik.com\\\/haberler\\\/#\\\/schema\\\/person\\\/d2f4fee3143d7f72be82cb887d51b00a\"},\"headline\":\"Ye\u015filhisar&#8217;a Tar\u0131m Market A\u00e7\u0131ld\u0131!\",\"datePublished\":\"2025-02-16T06:05:00+00:00\",\"mainEntityOfPage\":{\"@id\":\"https:\\\/\\\/e-ciftlik.com\\\/haberler\\\/tarim\\\/yesilhisara-tarim-market-acildi\\\/\"},\"wordCount\":123,\"commentCount\":0,\"publisher\":{\"@id\":\"https:\\\/\\\/e-ciftlik.com\\\/haberler\\\/#organization\"},\"image\":{\"@id\":\"https:\\\/\\\/e-ciftlik.com\\\/haberler\\\/tarim\\\/yesilhisara-tarim-market-acildi\\\/#primaryimage\"},\"thumbnailUrl\":\"https:\\\/\\\/e-ciftlik.com\\\/haberler\\\/wp-content\\\/uploads\\\/2025\\\/02\\\/yesilhisar-ilcesine-tarim-market-acildi-18380053_amp.jpg\",\"articleSection\":[\"Tar\u0131m\"],\"inLanguage\":\"tr\",\"potentialAction\":[{\"@type\":\"CommentAction\",\"name\":\"Comment\",\"target\":[\"https:\\\/\\\/e-ciftlik.com\\\/haberler\\\/tarim\\\/yesilhisara-tarim-market-acildi\\\/#respond\"]}]},{\"@type\":\"WebPage\",\"@id\":\"https:\\\/\\\/e-ciftlik.com\\\/haberler\\\/tarim\\\/yesilhisara-tarim-market-acildi\\\/\",\"url\":\"https:\\\/\\\/e-ciftlik.com\\\/haberler\\\/tarim\\\/yesilhisara-tarim-market-acildi\\\/\",\"name\":\"Ye\u015filhisar'a Tar\u0131m Market A\u00e7\u0131ld\u0131! - E-&Ccedil;\u0130FTL\u0130K HABER\",\"isPartOf\":{\"@id\":\"https:\\\/\\\/e-ciftlik.com\\\/haberler\\\/#website\"},\"primaryImageOfPage\":{\"@id\":\"https:\\\/\\\/e-ciftlik.com\\\/haberler\\\/tarim\\\/yesilhisara-tarim-market-acildi\\\/#primaryimage\"},\"image\":{\"@id\":\"https:\\\/\\\/e-ciftlik.com\\\/haberler\\\/tarim\\\/yesilhisara-tarim-market-acildi\\\/#primaryimage\"},\"thumbnailUrl\":\"https:\\\/\\\/e-ciftlik.com\\\/haberler\\\/wp-content\\\/uploads\\\/2025\\\/02\\\/yesilhisar-ilcesine-tarim-market-acildi-18380053_amp.jpg\",\"datePublished\":\"2025-02-16T06:05:00+00:00\",\"description\":\"Kayseri'nin Ye\u015filhisar il\u00e7esine, Ye\u015filhisar Belediyesi ve Kayseri \u015eeker i\u015fbirli\u011fiyle a\u00e7\u0131lan \\\"Tar\u0131m Market\\\" i\u00e7in d\u00fczenlenen t\u00f6renle hizmete girdi. Market,\",\"breadcrumb\":{\"@id\":\"https:\\\/\\\/e-ciftlik.com\\\/haberler\\\/tarim\\\/yesilhisara-tarim-market-acildi\\\/#breadcrumb\"},\"inLanguage\":\"tr\",\"potentialAction\":[{\"@type\":\"ReadAction\",\"target\":[\"https:\\\/\\\/e-ciftlik.com\\\/haberler\\\/tarim\\\/yesilhisara-tarim-market-acildi\\\/\"]}]},{\"@type\":\"ImageObject\",\"inLanguage\":\"tr\",\"@id\":\"https:\\\/\\\/e-ciftlik.com\\\/haberler\\\/tarim\\\/yesilhisara-tarim-market-acildi\\\/#primaryimage\",\"url\":\"https:\\\/\\\/e-ciftlik.com\\\/haberler\\\/wp-content\\\/uploads\\\/2025\\\/02\\\/yesilhisar-ilcesine-tarim-market-acildi-18380053_amp.jpg\",\"contentUrl\":\"https:\\\/\\\/e-ciftlik.com\\\/haberler\\\/wp-content\\\/uploads\\\/2025\\\/02\\\/yesilhisar-ilcesine-tarim-market-acildi-18380053_amp.jpg\",\"width\":1203,\"height\":675},{\"@type\":\"BreadcrumbList\",\"@id\":\"https:\\\/\\\/e-ciftlik.com\\\/haberler\\\/tarim\\\/yesilhisara-tarim-market-acildi\\\/#breadcrumb\",\"itemListElement\":[{\"@type\":\"ListItem\",\"position\":1,\"name\":\"Anasayfa\",\"item\":\"https:\\\/\\\/e-ciftlik.com\\\/haberler\\\/\"},{\"@type\":\"ListItem\",\"position\":2,\"name\":\"Ye\u015filhisar&#8217;a Tar\u0131m Market A\u00e7\u0131ld\u0131!\"}]},{\"@type\":\"WebSite\",\"@id\":\"https:\\\/\\\/e-ciftlik.com\\\/haberler\\\/#website\",\"url\":\"https:\\\/\\\/e-ciftlik.com\\\/haberler\\\/\",\"name\":\"E-\u00c7iftlik Haber | G\u00fcncel, Son Dakika Haberler, En Son Haber\",\"description\":\"\",\"publisher\":{\"@id\":\"https:\\\/\\\/e-ciftlik.com\\\/haberler\\\/#organization\"},\"potentialAction\":[{\"@type\":\"SearchAction\",\"target\":{\"@type\":\"EntryPoint\",\"urlTemplate\":\"https:\\\/\\\/e-ciftlik.com\\\/haberler\\\/?s={search_term_string}\"},\"query-input\":{\"@type\":\"PropertyValueSpecification\",\"valueRequired\":true,\"valueName\":\"search_term_string\"}}],\"inLanguage\":\"tr\"},{\"@type\":\"Organization\",\"@id\":\"https:\\\/\\\/e-ciftlik.com\\\/haberler\\\/#organization\",\"name\":\"E-\u00c7\u0130FTL\u0130K HABER\",\"url\":\"https:\\\/\\\/e-ciftlik.com\\\/haberler\\\/\",\"logo\":{\"@type\":\"ImageObject\",\"inLanguage\":\"tr\",\"@id\":\"https:\\\/\\\/e-ciftlik.com\\\/haberler\\\/#\\\/schema\\\/logo\\\/image\\\/\",\"url\":\"https:\\\/\\\/e-ciftlik.com\\\/haberler\\\/wp-content\\\/uploads\\\/2024\\\/06\\\/cropped-cropped-favicon-1-2.png\",\"contentUrl\":\"https:\\\/\\\/e-ciftlik.com\\\/haberler\\\/wp-content\\\/uploads\\\/2024\\\/06\\\/cropped-cropped-favicon-1-2.png\",\"width\":512,\"height\":512,\"caption\":\"E-\u00c7\u0130FTL\u0130K HABER\"},\"image\":{\"@id\":\"https:\\\/\\\/e-ciftlik.com\\\/haberler\\\/#\\\/schema\\\/logo\\\/image\\\/\"},\"sameAs\":[\"https:\\\/\\\/www.facebook.com\\\/eciftlikturkiye\",\"https:\\\/\\\/x.com\\\/eciftlikresmi\",\"https:\\\/\\\/www.instagram.com\\\/eciftlikresmi\\\/\"]},{\"@type\":\"Person\",\"@id\":\"https:\\\/\\\/e-ciftlik.com\\\/haberler\\\/#\\\/schema\\\/person\\\/d2f4fee3143d7f72be82cb887d51b00a\",\"name\":\"Haber Merkezi\",\"image\":{\"@type\":\"ImageObject\",\"inLanguage\":\"tr\",\"@id\":\"https:\\\/\\\/secure.gravatar.com\\\/avatar\\\/6c27d641914e66c1d0452c92716002398782818991d86db1c2cccb531e7c7c82?s=96&d=mm&r=g\",\"url\":\"https:\\\/\\\/secure.gravatar.com\\\/avatar\\\/6c27d641914e66c1d0452c92716002398782818991d86db1c2cccb531e7c7c82?s=96&d=mm&r=g\",\"contentUrl\":\"https:\\\/\\\/secure.gravatar.com\\\/avatar\\\/6c27d641914e66c1d0452c92716002398782818991d86db1c2cccb531e7c7c82?s=96&d=mm&r=g\",\"caption\":\"Haber Merkezi\"},\"sameAs\":[\"http:\\\/\\\/e-ciftlik.com\\\/haberler\"]}]}<\/script>\n<!-- \/ Yoast SEO Premium plugin. -->","yoast_head_json":{"title":"Ye\u015filhisar'a Tar\u0131m Market A\u00e7\u0131ld\u0131! - E-&Ccedil;\u0130FTL\u0130K HABER","description":"Kayseri'nin Ye\u015filhisar il\u00e7esine, Ye\u015filhisar Belediyesi ve Kayseri \u015eeker i\u015fbirli\u011fiyle a\u00e7\u0131lan \"Tar\u0131m Market\" i\u00e7in d\u00fczenlenen t\u00f6renle hizmete girdi. Market,","robots":{"index":"index","follow":"follow","max-snippet":"max-snippet:-1","max-image-preview":"max-image-preview:large","max-video-preview":"max-video-preview:-1"},"canonical":"https:\/\/e-ciftlik.com\/haberler\/tarim\/yesilhisara-tarim-market-acildi\/","og_locale":"tr_TR","og_type":"article","og_title":"Ye\u015filhisar'a Tar\u0131m Market A\u00e7\u0131ld\u0131!","og_description":"Kayseri'nin Ye\u015filhisar il\u00e7esine, Ye\u015filhisar Belediyesi ve Kayseri \u015eeker i\u015fbirli\u011fiyle a\u00e7\u0131lan \"Tar\u0131m Market\" i\u00e7in d\u00fczenlenen t\u00f6renle hizmete girdi. Market,","og_url":"https:\/\/e-ciftlik.com\/haberler\/tarim\/yesilhisara-tarim-market-acildi\/","og_site_name":"E-&Ccedil;\u0130FTL\u0130K HABER","article_publisher":"https:\/\/www.facebook.com\/eciftlikturkiye","article_published_time":"2025-02-16T06:05:00+00:00","og_image":[{"width":1203,"height":675,"url":"https:\/\/e-ciftlik.com\/haberler\/wp-content\/uploads\/2025\/02\/yesilhisar-ilcesine-tarim-market-acildi-18380053_amp.jpg","type":"image\/jpeg"}],"author":"Haber Merkezi","twitter_card":"summary_large_image","twitter_creator":"@eciftlikresmi","twitter_site":"@eciftlikresmi","twitter_misc":{"Yazan:":"Haber Merkezi","Tahmini okuma s\u00fcresi":"1 dakika"},"schema":{"@context":"https:\/\/schema.org","@graph":[{"@type":"NewsArticle","@id":"https:\/\/e-ciftlik.com\/haberler\/tarim\/yesilhisara-tarim-market-acildi\/#article","isPartOf":{"@id":"https:\/\/e-ciftlik.com\/haberler\/tarim\/yesilhisara-tarim-market-acildi\/"},"author":{"name":"Haber Merkezi","@id":"https:\/\/e-ciftlik.com\/haberler\/#\/schema\/person\/d2f4fee3143d7f72be82cb887d51b00a"},"headline":"Ye\u015filhisar&#8217;a Tar\u0131m Market A\u00e7\u0131ld\u0131!","datePublished":"2025-02-16T06:05:00+00:00","mainEntityOfPage":{"@id":"https:\/\/e-ciftlik.com\/haberler\/tarim\/yesilhisara-tarim-market-acildi\/"},"wordCount":123,"commentCount":0,"publisher":{"@id":"https:\/\/e-ciftlik.com\/haberler\/#organization"},"image":{"@id":"https:\/\/e-ciftlik.com\/haberler\/tarim\/yesilhisara-tarim-market-acildi\/#primaryimage"},"thumbnailUrl":"https:\/\/e-ciftlik.com\/haberler\/wp-content\/uploads\/2025\/02\/yesilhisar-ilcesine-tarim-market-acildi-18380053_amp.jpg","articleSection":["Tar\u0131m"],"inLanguage":"tr","potentialAction":[{"@type":"CommentAction","name":"Comment","target":["https:\/\/e-ciftlik.com\/haberler\/tarim\/yesilhisara-tarim-market-acildi\/#respond"]}]},{"@type":"WebPage","@id":"https:\/\/e-ciftlik.com\/haberler\/tarim\/yesilhisara-tarim-market-acildi\/","url":"https:\/\/e-ciftlik.com\/haberler\/tarim\/yesilhisara-tarim-market-acildi\/","name":"Ye\u015filhisar'a Tar\u0131m Market A\u00e7\u0131ld\u0131! - E-&Ccedil;\u0130FTL\u0130K HABER","isPartOf":{"@id":"https:\/\/e-ciftlik.com\/haberler\/#website"},"primaryImageOfPage":{"@id":"https:\/\/e-ciftlik.com\/haberler\/tarim\/yesilhisara-tarim-market-acildi\/#primaryimage"},"image":{"@id":"https:\/\/e-ciftlik.com\/haberler\/tarim\/yesilhisara-tarim-market-acildi\/#primaryimage"},"thumbnailUrl":"https:\/\/e-ciftlik.com\/haberler\/wp-content\/uploads\/2025\/02\/yesilhisar-ilcesine-tarim-market-acildi-18380053_amp.jpg","datePublished":"2025-02-16T06:05:00+00:00","description":"Kayseri'nin Ye\u015filhisar il\u00e7esine, Ye\u015filhisar Belediyesi ve Kayseri \u015eeker i\u015fbirli\u011fiyle a\u00e7\u0131lan \"Tar\u0131m Market\" i\u00e7in d\u00fczenlenen t\u00f6renle hizmete girdi. Market,","breadcrumb":{"@id":"https:\/\/e-ciftlik.com\/haberler\/tarim\/yesilhisara-tarim-market-acildi\/#breadcrumb"},"inLanguage":"tr","potentialAction":[{"@type":"ReadAction","target":["https:\/\/e-ciftlik.com\/haberler\/tarim\/yesilhisara-tarim-market-acildi\/"]}]},{"@type":"ImageObject","inLanguage":"tr","@id":"https:\/\/e-ciftlik.com\/haberler\/tarim\/yesilhisara-tarim-market-acildi\/#primaryimage","url":"https:\/\/e-ciftlik.com\/haberler\/wp-content\/uploads\/2025\/02\/yesilhisar-ilcesine-tarim-market-acildi-18380053_amp.jpg","contentUrl":"https:\/\/e-ciftlik.com\/haberler\/wp-content\/uploads\/2025\/02\/yesilhisar-ilcesine-tarim-market-acildi-18380053_amp.jpg","width":1203,"height":675},{"@type":"BreadcrumbList","@id":"https:\/\/e-ciftlik.com\/haberler\/tarim\/yesilhisara-tarim-market-acildi\/#breadcrumb","itemListElement":[{"@type":"ListItem","position":1,"name":"Anasayfa","item":"https:\/\/e-ciftlik.com\/haberler\/"},{"@type":"ListItem","position":2,"name":"Ye\u015filhisar&#8217;a Tar\u0131m Market A\u00e7\u0131ld\u0131!"}]},{"@type":"WebSite","@id":"https:\/\/e-ciftlik.com\/haberler\/#website","url":"https:\/\/e-ciftlik.com\/haberler\/","name":"E-\u00c7iftlik Haber | G\u00fcncel, Son Dakika Haberler, En Son Haber","description":"","publisher":{"@id":"https:\/\/e-ciftlik.com\/haberler\/#organization"},"potentialAction":[{"@type":"SearchAction","target":{"@type":"EntryPoint","urlTemplate":"https:\/\/e-ciftlik.com\/haberler\/?s={search_term_string}"},"query-input":{"@type":"PropertyValueSpecification","valueRequired":true,"valueName":"search_term_string"}}],"inLanguage":"tr"},{"@type":"Organization","@id":"https:\/\/e-ciftlik.com\/haberler\/#organization","name":"E-\u00c7\u0130FTL\u0130K HABER","url":"https:\/\/e-ciftlik.com\/haberler\/","logo":{"@type":"ImageObject","inLanguage":"tr","@id":"https:\/\/e-ciftlik.com\/haberler\/#\/schema\/logo\/image\/","url":"https:\/\/e-ciftlik.com\/haberler\/wp-content\/uploads\/2024\/06\/cropped-cropped-favicon-1-2.png","contentUrl":"https:\/\/e-ciftlik.com\/haberler\/wp-content\/uploads\/2024\/06\/cropped-cropped-favicon-1-2.png","width":512,"height":512,"caption":"E-\u00c7\u0130FTL\u0130K HABER"},"image":{"@id":"https:\/\/e-ciftlik.com\/haberler\/#\/schema\/logo\/image\/"},"sameAs":["https:\/\/www.facebook.com\/eciftlikturkiye","https:\/\/x.com\/eciftlikresmi","https:\/\/www.instagram.com\/eciftlikresmi\/"]},{"@type":"Person","@id":"https:\/\/e-ciftlik.com\/haberler\/#\/schema\/person\/d2f4fee3143d7f72be82cb887d51b00a","name":"Haber Merkezi","image":{"@type":"ImageObject","inLanguage":"tr","@id":"https:\/\/secure.gravatar.com\/avatar\/6c27d641914e66c1d0452c92716002398782818991d86db1c2cccb531e7c7c82?s=96&d=mm&r=g","url":"https:\/\/secure.gravatar.com\/avatar\/6c27d641914e66c1d0452c92716002398782818991d86db1c2cccb531e7c7c82?s=96&d=mm&r=g","contentUrl":"https:\/\/secure.gravatar.com\/avatar\/6c27d641914e66c1d0452c92716002398782818991d86db1c2cccb531e7c7c82?s=96&d=mm&r=g","caption":"Haber Merkezi"},"sameAs":["http:\/\/e-ciftlik.com\/haberler"]}]}},"_links":{"self":[{"href":"https:\/\/e-ciftlik.com\/haberler\/wp-json\/wp\/v2\/posts\/80938","targetHints":{"allow":["GET"]}}],"collection":[{"href":"https:\/\/e-ciftlik.com\/haberler\/wp-json\/wp\/v2\/posts"}],"about":[{"href":"https:\/\/e-ciftlik.com\/haberler\/wp-json\/wp\/v2\/types\/post"}],"author":[{"embeddable":true,"href":"https:\/\/e-ciftlik.com\/haberler\/wp-json\/wp\/v2\/users\/1"}],"replies":[{"embeddable":true,"href":"https:\/\/e-ciftlik.com\/haberler\/wp-json\/wp\/v2\/comments?post=80938"}],"version-history":[{"count":0,"href":"https:\/\/e-ciftlik.com\/haberler\/wp-json\/wp\/v2\/posts\/80938\/revisions"}],"wp:featuredmedia":[{"embeddable":true,"href":"https:\/\/e-ciftlik.com\/haberler\/wp-json\/wp\/v2\/media\/80939"}],"wp:attachment":[{"href":"https:\/\/e-ciftlik.com\/haberler\/wp-json\/wp\/v2\/media?parent=80938"}],"wp:term":[{"taxonomy":"category","embeddable":true,"href":"https:\/\/e-ciftlik.com\/haberler\/wp-json\/wp\/v2\/categories?post=80938"},{"taxonomy":"post_tag","embeddable":true,"href":"https:\/\/e-ciftlik.com\/haberler\/wp-json\/wp\/v2\/tags?post=80938"}],"curies":[{"name":"wp","href":"https:\/\/api.w.org\/{rel}","templated":true}]}}