{"id":80944,"date":"2025-02-16T06:19:00","date_gmt":"2025-02-16T06:19:00","guid":{"rendered":"https:\/\/e-ciftlik.com\/haberler\/tarim\/kucuk-ucak-seker-tarlasina-dustu-2-olu\/"},"modified":"2025-02-16T06:19:00","modified_gmt":"2025-02-16T06:19:00","slug":"kucuk-ucak-seker-tarlasina-dustu-2-olu","status":"publish","type":"post","link":"https:\/\/e-ciftlik.com\/haberler\/tarim\/kucuk-ucak-seker-tarlasina-dustu-2-olu\/","title":{"rendered":"K\u00fc\u00e7\u00fck U\u00e7ak \u015eeker Tarlas\u0131na D\u00fc\u015ft\u00fc: 2 \u00d6l\u00fc"},"content":{"rendered":"<p>Sao Paulo&#8217;nun g\u00fcneydo\u011fusunda bulunan bir k\u0131rsal kasabada meydana gelen k\u00fc\u00e7\u00fck u\u00e7ak kazas\u0131nda 2 ki\u015fi hayat\u0131n\u0131 kaybetti. U\u00e7a\u011f\u0131n, yak\u0131nlardaki bir havaalan\u0131ndan kalk\u0131\u015f yapt\u0131ktan sonra Quadrahad kasabas\u0131nda d\u00fc\u015ft\u00fc\u011f\u00fc belirtildi. \u0130tfaiye ekiplerinin g\u00f6rg\u00fc tan\u0131klar\u0131na dayand\u0131rd\u0131\u011f\u0131 bilgilere g\u00f6re, acil ini\u015f yapmaya \u00e7al\u0131\u015fan u\u00e7ak, \u015feker kam\u0131\u015f\u0131 tarlas\u0131na \u00e7arpt\u0131ktan hemen sonra patlad\u0131.<\/p>\n<p>7 \u015eubat&#8217;ta, Sao Paulo&#8217;da i\u015flek bir caddede \u00f6zel bir jetin d\u00fc\u015fmesi ve yolcu otob\u00fcsleriyle \u00e7arp\u0131\u015fmas\u0131 sonucunda jet ve otob\u00fcslerde bulunanlar hayat\u0131n\u0131 kaybetmi\u015fti. Brezilya&#8217;n\u0131n GloboNews televizyon kanal\u0131na g\u00f6re, bu y\u0131l Brezilya genelinde meydana gelen 7 havac\u0131l\u0131k kazas\u0131nda toplamda 12 ki\u015fi hayat\u0131n\u0131 kaybetti.<\/p>\n","protected":false},"excerpt":{"rendered":"<p>Sao Paulo&#8217;nun g\u00fcneydo\u011fusunda bulunan bir k\u0131rsal kasabada meydana gelen k\u00fc\u00e7\u00fck u\u00e7ak kazas\u0131nda 2 ki\u015fi hayat\u0131n\u0131&hellip;<\/p>\n","protected":false},"author":1,"featured_media":0,"comment_status":"open","ping_status":"open","sticky":false,"template":"","format":"standard","meta":{"footnotes":""},"categories":[9],"tags":[],"class_list":["post-80944","post","type-post","status-publish","format-standard","hentry","category-tarim"],"yoast_head":"<!-- This site is optimized with the Yoast SEO Premium plugin v24.3 (Yoast SEO v27.4) - https:\/\/yoast.com\/product\/yoast-seo-premium-wordpress\/ -->\n<title>K\u00fc\u00e7\u00fck U\u00e7ak \u015eeker Tarlas\u0131na D\u00fc\u015ft\u00fc: 2 \u00d6l\u00fc - E-&Ccedil;\u0130FTL\u0130K HABER<\/title>\n<meta name=\"description\" content=\"Sao Paulo&#039;nun g\u00fcneydo\u011fusunda bulunan bir k\u0131rsal kasabada meydana gelen k\u00fc\u00e7\u00fck u\u00e7ak kazas\u0131nda 2 ki\u015fi hayat\u0131n\u0131 kaybetti. U\u00e7a\u011f\u0131n, yak\u0131nlardaki bir\" \/>\n<meta name=\"robots\" content=\"index, follow, max-snippet:-1, max-image-preview:large, max-video-preview:-1\" \/>\n<link rel=\"canonical\" href=\"https:\/\/e-ciftlik.com\/haberler\/tarim\/kucuk-ucak-seker-tarlasina-dustu-2-olu\/\" \/>\n<meta property=\"og:locale\" content=\"tr_TR\" \/>\n<meta property=\"og:type\" content=\"article\" \/>\n<meta property=\"og:title\" content=\"K\u00fc\u00e7\u00fck U\u00e7ak \u015eeker Tarlas\u0131na D\u00fc\u015ft\u00fc: 2 \u00d6l\u00fc\" \/>\n<meta property=\"og:description\" content=\"Sao Paulo&#039;nun g\u00fcneydo\u011fusunda bulunan bir k\u0131rsal kasabada meydana gelen k\u00fc\u00e7\u00fck u\u00e7ak kazas\u0131nda 2 ki\u015fi hayat\u0131n\u0131 kaybetti. U\u00e7a\u011f\u0131n, yak\u0131nlardaki bir\" \/>\n<meta property=\"og:url\" content=\"https:\/\/e-ciftlik.com\/haberler\/tarim\/kucuk-ucak-seker-tarlasina-dustu-2-olu\/\" \/>\n<meta property=\"og:site_name\" content=\"E-&Ccedil;\u0130FTL\u0130K HABER\" \/>\n<meta property=\"article:publisher\" content=\"https:\/\/www.facebook.com\/eciftlikturkiye\" \/>\n<meta property=\"article:published_time\" content=\"2025-02-16T06:19:00+00:00\" \/>\n<meta name=\"author\" content=\"Haber Merkezi\" \/>\n<meta name=\"twitter:card\" content=\"summary_large_image\" \/>\n<meta name=\"twitter:creator\" content=\"@eciftlikresmi\" \/>\n<meta name=\"twitter:site\" content=\"@eciftlikresmi\" \/>\n<meta name=\"twitter:label1\" content=\"Yazan:\" \/>\n\t<meta name=\"twitter:data1\" content=\"Haber Merkezi\" \/>\n\t<meta name=\"twitter:label2\" content=\"Tahmini okuma s\u00fcresi\" \/>\n\t<meta name=\"twitter:data2\" content=\"1 dakika\" \/>\n<script type=\"application\/ld+json\" class=\"yoast-schema-graph\">{\"@context\":\"https:\\\/\\\/schema.org\",\"@graph\":[{\"@type\":\"NewsArticle\",\"@id\":\"https:\\\/\\\/e-ciftlik.com\\\/haberler\\\/tarim\\\/kucuk-ucak-seker-tarlasina-dustu-2-olu\\\/#article\",\"isPartOf\":{\"@id\":\"https:\\\/\\\/e-ciftlik.com\\\/haberler\\\/tarim\\\/kucuk-ucak-seker-tarlasina-dustu-2-olu\\\/\"},\"author\":{\"name\":\"Haber Merkezi\",\"@id\":\"https:\\\/\\\/e-ciftlik.com\\\/haberler\\\/#\\\/schema\\\/person\\\/d2f4fee3143d7f72be82cb887d51b00a\"},\"headline\":\"K\u00fc\u00e7\u00fck U\u00e7ak \u015eeker Tarlas\u0131na D\u00fc\u015ft\u00fc: 2 \u00d6l\u00fc\",\"datePublished\":\"2025-02-16T06:19:00+00:00\",\"mainEntityOfPage\":{\"@id\":\"https:\\\/\\\/e-ciftlik.com\\\/haberler\\\/tarim\\\/kucuk-ucak-seker-tarlasina-dustu-2-olu\\\/\"},\"wordCount\":137,\"commentCount\":0,\"publisher\":{\"@id\":\"https:\\\/\\\/e-ciftlik.com\\\/haberler\\\/#organization\"},\"articleSection\":[\"Tar\u0131m\"],\"inLanguage\":\"tr\",\"potentialAction\":[{\"@type\":\"CommentAction\",\"name\":\"Comment\",\"target\":[\"https:\\\/\\\/e-ciftlik.com\\\/haberler\\\/tarim\\\/kucuk-ucak-seker-tarlasina-dustu-2-olu\\\/#respond\"]}]},{\"@type\":\"WebPage\",\"@id\":\"https:\\\/\\\/e-ciftlik.com\\\/haberler\\\/tarim\\\/kucuk-ucak-seker-tarlasina-dustu-2-olu\\\/\",\"url\":\"https:\\\/\\\/e-ciftlik.com\\\/haberler\\\/tarim\\\/kucuk-ucak-seker-tarlasina-dustu-2-olu\\\/\",\"name\":\"K\u00fc\u00e7\u00fck U\u00e7ak \u015eeker Tarlas\u0131na D\u00fc\u015ft\u00fc: 2 \u00d6l\u00fc - E-&Ccedil;\u0130FTL\u0130K HABER\",\"isPartOf\":{\"@id\":\"https:\\\/\\\/e-ciftlik.com\\\/haberler\\\/#website\"},\"datePublished\":\"2025-02-16T06:19:00+00:00\",\"description\":\"Sao Paulo'nun g\u00fcneydo\u011fusunda bulunan bir k\u0131rsal kasabada meydana gelen k\u00fc\u00e7\u00fck u\u00e7ak kazas\u0131nda 2 ki\u015fi hayat\u0131n\u0131 kaybetti. U\u00e7a\u011f\u0131n, yak\u0131nlardaki bir\",\"breadcrumb\":{\"@id\":\"https:\\\/\\\/e-ciftlik.com\\\/haberler\\\/tarim\\\/kucuk-ucak-seker-tarlasina-dustu-2-olu\\\/#breadcrumb\"},\"inLanguage\":\"tr\",\"potentialAction\":[{\"@type\":\"ReadAction\",\"target\":[\"https:\\\/\\\/e-ciftlik.com\\\/haberler\\\/tarim\\\/kucuk-ucak-seker-tarlasina-dustu-2-olu\\\/\"]}]},{\"@type\":\"BreadcrumbList\",\"@id\":\"https:\\\/\\\/e-ciftlik.com\\\/haberler\\\/tarim\\\/kucuk-ucak-seker-tarlasina-dustu-2-olu\\\/#breadcrumb\",\"itemListElement\":[{\"@type\":\"ListItem\",\"position\":1,\"name\":\"Anasayfa\",\"item\":\"https:\\\/\\\/e-ciftlik.com\\\/haberler\\\/\"},{\"@type\":\"ListItem\",\"position\":2,\"name\":\"K\u00fc\u00e7\u00fck U\u00e7ak \u015eeker Tarlas\u0131na D\u00fc\u015ft\u00fc: 2 \u00d6l\u00fc\"}]},{\"@type\":\"WebSite\",\"@id\":\"https:\\\/\\\/e-ciftlik.com\\\/haberler\\\/#website\",\"url\":\"https:\\\/\\\/e-ciftlik.com\\\/haberler\\\/\",\"name\":\"E-\u00c7iftlik Haber | G\u00fcncel, Son Dakika Haberler, En Son Haber\",\"description\":\"\",\"publisher\":{\"@id\":\"https:\\\/\\\/e-ciftlik.com\\\/haberler\\\/#organization\"},\"potentialAction\":[{\"@type\":\"SearchAction\",\"target\":{\"@type\":\"EntryPoint\",\"urlTemplate\":\"https:\\\/\\\/e-ciftlik.com\\\/haberler\\\/?s={search_term_string}\"},\"query-input\":{\"@type\":\"PropertyValueSpecification\",\"valueRequired\":true,\"valueName\":\"search_term_string\"}}],\"inLanguage\":\"tr\"},{\"@type\":\"Organization\",\"@id\":\"https:\\\/\\\/e-ciftlik.com\\\/haberler\\\/#organization\",\"name\":\"E-\u00c7\u0130FTL\u0130K HABER\",\"url\":\"https:\\\/\\\/e-ciftlik.com\\\/haberler\\\/\",\"logo\":{\"@type\":\"ImageObject\",\"inLanguage\":\"tr\",\"@id\":\"https:\\\/\\\/e-ciftlik.com\\\/haberler\\\/#\\\/schema\\\/logo\\\/image\\\/\",\"url\":\"https:\\\/\\\/e-ciftlik.com\\\/haberler\\\/wp-content\\\/uploads\\\/2024\\\/06\\\/cropped-cropped-favicon-1-2.png\",\"contentUrl\":\"https:\\\/\\\/e-ciftlik.com\\\/haberler\\\/wp-content\\\/uploads\\\/2024\\\/06\\\/cropped-cropped-favicon-1-2.png\",\"width\":512,\"height\":512,\"caption\":\"E-\u00c7\u0130FTL\u0130K HABER\"},\"image\":{\"@id\":\"https:\\\/\\\/e-ciftlik.com\\\/haberler\\\/#\\\/schema\\\/logo\\\/image\\\/\"},\"sameAs\":[\"https:\\\/\\\/www.facebook.com\\\/eciftlikturkiye\",\"https:\\\/\\\/x.com\\\/eciftlikresmi\",\"https:\\\/\\\/www.instagram.com\\\/eciftlikresmi\\\/\"]},{\"@type\":\"Person\",\"@id\":\"https:\\\/\\\/e-ciftlik.com\\\/haberler\\\/#\\\/schema\\\/person\\\/d2f4fee3143d7f72be82cb887d51b00a\",\"name\":\"Haber Merkezi\",\"image\":{\"@type\":\"ImageObject\",\"inLanguage\":\"tr\",\"@id\":\"https:\\\/\\\/secure.gravatar.com\\\/avatar\\\/6c27d641914e66c1d0452c92716002398782818991d86db1c2cccb531e7c7c82?s=96&d=mm&r=g\",\"url\":\"https:\\\/\\\/secure.gravatar.com\\\/avatar\\\/6c27d641914e66c1d0452c92716002398782818991d86db1c2cccb531e7c7c82?s=96&d=mm&r=g\",\"contentUrl\":\"https:\\\/\\\/secure.gravatar.com\\\/avatar\\\/6c27d641914e66c1d0452c92716002398782818991d86db1c2cccb531e7c7c82?s=96&d=mm&r=g\",\"caption\":\"Haber Merkezi\"},\"sameAs\":[\"http:\\\/\\\/e-ciftlik.com\\\/haberler\"]}]}<\/script>\n<!-- \/ Yoast SEO Premium plugin. -->","yoast_head_json":{"title":"K\u00fc\u00e7\u00fck U\u00e7ak \u015eeker Tarlas\u0131na D\u00fc\u015ft\u00fc: 2 \u00d6l\u00fc - E-&Ccedil;\u0130FTL\u0130K HABER","description":"Sao Paulo'nun g\u00fcneydo\u011fusunda bulunan bir k\u0131rsal kasabada meydana gelen k\u00fc\u00e7\u00fck u\u00e7ak kazas\u0131nda 2 ki\u015fi hayat\u0131n\u0131 kaybetti. U\u00e7a\u011f\u0131n, yak\u0131nlardaki bir","robots":{"index":"index","follow":"follow","max-snippet":"max-snippet:-1","max-image-preview":"max-image-preview:large","max-video-preview":"max-video-preview:-1"},"canonical":"https:\/\/e-ciftlik.com\/haberler\/tarim\/kucuk-ucak-seker-tarlasina-dustu-2-olu\/","og_locale":"tr_TR","og_type":"article","og_title":"K\u00fc\u00e7\u00fck U\u00e7ak \u015eeker Tarlas\u0131na D\u00fc\u015ft\u00fc: 2 \u00d6l\u00fc","og_description":"Sao Paulo'nun g\u00fcneydo\u011fusunda bulunan bir k\u0131rsal kasabada meydana gelen k\u00fc\u00e7\u00fck u\u00e7ak kazas\u0131nda 2 ki\u015fi hayat\u0131n\u0131 kaybetti. U\u00e7a\u011f\u0131n, yak\u0131nlardaki bir","og_url":"https:\/\/e-ciftlik.com\/haberler\/tarim\/kucuk-ucak-seker-tarlasina-dustu-2-olu\/","og_site_name":"E-&Ccedil;\u0130FTL\u0130K HABER","article_publisher":"https:\/\/www.facebook.com\/eciftlikturkiye","article_published_time":"2025-02-16T06:19:00+00:00","author":"Haber Merkezi","twitter_card":"summary_large_image","twitter_creator":"@eciftlikresmi","twitter_site":"@eciftlikresmi","twitter_misc":{"Yazan:":"Haber Merkezi","Tahmini okuma s\u00fcresi":"1 dakika"},"schema":{"@context":"https:\/\/schema.org","@graph":[{"@type":"NewsArticle","@id":"https:\/\/e-ciftlik.com\/haberler\/tarim\/kucuk-ucak-seker-tarlasina-dustu-2-olu\/#article","isPartOf":{"@id":"https:\/\/e-ciftlik.com\/haberler\/tarim\/kucuk-ucak-seker-tarlasina-dustu-2-olu\/"},"author":{"name":"Haber Merkezi","@id":"https:\/\/e-ciftlik.com\/haberler\/#\/schema\/person\/d2f4fee3143d7f72be82cb887d51b00a"},"headline":"K\u00fc\u00e7\u00fck U\u00e7ak \u015eeker Tarlas\u0131na D\u00fc\u015ft\u00fc: 2 \u00d6l\u00fc","datePublished":"2025-02-16T06:19:00+00:00","mainEntityOfPage":{"@id":"https:\/\/e-ciftlik.com\/haberler\/tarim\/kucuk-ucak-seker-tarlasina-dustu-2-olu\/"},"wordCount":137,"commentCount":0,"publisher":{"@id":"https:\/\/e-ciftlik.com\/haberler\/#organization"},"articleSection":["Tar\u0131m"],"inLanguage":"tr","potentialAction":[{"@type":"CommentAction","name":"Comment","target":["https:\/\/e-ciftlik.com\/haberler\/tarim\/kucuk-ucak-seker-tarlasina-dustu-2-olu\/#respond"]}]},{"@type":"WebPage","@id":"https:\/\/e-ciftlik.com\/haberler\/tarim\/kucuk-ucak-seker-tarlasina-dustu-2-olu\/","url":"https:\/\/e-ciftlik.com\/haberler\/tarim\/kucuk-ucak-seker-tarlasina-dustu-2-olu\/","name":"K\u00fc\u00e7\u00fck U\u00e7ak \u015eeker Tarlas\u0131na D\u00fc\u015ft\u00fc: 2 \u00d6l\u00fc - E-&Ccedil;\u0130FTL\u0130K HABER","isPartOf":{"@id":"https:\/\/e-ciftlik.com\/haberler\/#website"},"datePublished":"2025-02-16T06:19:00+00:00","description":"Sao Paulo'nun g\u00fcneydo\u011fusunda bulunan bir k\u0131rsal kasabada meydana gelen k\u00fc\u00e7\u00fck u\u00e7ak kazas\u0131nda 2 ki\u015fi hayat\u0131n\u0131 kaybetti. U\u00e7a\u011f\u0131n, yak\u0131nlardaki bir","breadcrumb":{"@id":"https:\/\/e-ciftlik.com\/haberler\/tarim\/kucuk-ucak-seker-tarlasina-dustu-2-olu\/#breadcrumb"},"inLanguage":"tr","potentialAction":[{"@type":"ReadAction","target":["https:\/\/e-ciftlik.com\/haberler\/tarim\/kucuk-ucak-seker-tarlasina-dustu-2-olu\/"]}]},{"@type":"BreadcrumbList","@id":"https:\/\/e-ciftlik.com\/haberler\/tarim\/kucuk-ucak-seker-tarlasina-dustu-2-olu\/#breadcrumb","itemListElement":[{"@type":"ListItem","position":1,"name":"Anasayfa","item":"https:\/\/e-ciftlik.com\/haberler\/"},{"@type":"ListItem","position":2,"name":"K\u00fc\u00e7\u00fck U\u00e7ak \u015eeker Tarlas\u0131na D\u00fc\u015ft\u00fc: 2 \u00d6l\u00fc"}]},{"@type":"WebSite","@id":"https:\/\/e-ciftlik.com\/haberler\/#website","url":"https:\/\/e-ciftlik.com\/haberler\/","name":"E-\u00c7iftlik Haber | G\u00fcncel, Son Dakika Haberler, En Son Haber","description":"","publisher":{"@id":"https:\/\/e-ciftlik.com\/haberler\/#organization"},"potentialAction":[{"@type":"SearchAction","target":{"@type":"EntryPoint","urlTemplate":"https:\/\/e-ciftlik.com\/haberler\/?s={search_term_string}"},"query-input":{"@type":"PropertyValueSpecification","valueRequired":true,"valueName":"search_term_string"}}],"inLanguage":"tr"},{"@type":"Organization","@id":"https:\/\/e-ciftlik.com\/haberler\/#organization","name":"E-\u00c7\u0130FTL\u0130K HABER","url":"https:\/\/e-ciftlik.com\/haberler\/","logo":{"@type":"ImageObject","inLanguage":"tr","@id":"https:\/\/e-ciftlik.com\/haberler\/#\/schema\/logo\/image\/","url":"https:\/\/e-ciftlik.com\/haberler\/wp-content\/uploads\/2024\/06\/cropped-cropped-favicon-1-2.png","contentUrl":"https:\/\/e-ciftlik.com\/haberler\/wp-content\/uploads\/2024\/06\/cropped-cropped-favicon-1-2.png","width":512,"height":512,"caption":"E-\u00c7\u0130FTL\u0130K HABER"},"image":{"@id":"https:\/\/e-ciftlik.com\/haberler\/#\/schema\/logo\/image\/"},"sameAs":["https:\/\/www.facebook.com\/eciftlikturkiye","https:\/\/x.com\/eciftlikresmi","https:\/\/www.instagram.com\/eciftlikresmi\/"]},{"@type":"Person","@id":"https:\/\/e-ciftlik.com\/haberler\/#\/schema\/person\/d2f4fee3143d7f72be82cb887d51b00a","name":"Haber Merkezi","image":{"@type":"ImageObject","inLanguage":"tr","@id":"https:\/\/secure.gravatar.com\/avatar\/6c27d641914e66c1d0452c92716002398782818991d86db1c2cccb531e7c7c82?s=96&d=mm&r=g","url":"https:\/\/secure.gravatar.com\/avatar\/6c27d641914e66c1d0452c92716002398782818991d86db1c2cccb531e7c7c82?s=96&d=mm&r=g","contentUrl":"https:\/\/secure.gravatar.com\/avatar\/6c27d641914e66c1d0452c92716002398782818991d86db1c2cccb531e7c7c82?s=96&d=mm&r=g","caption":"Haber Merkezi"},"sameAs":["http:\/\/e-ciftlik.com\/haberler"]}]}},"_links":{"self":[{"href":"https:\/\/e-ciftlik.com\/haberler\/wp-json\/wp\/v2\/posts\/80944","targetHints":{"allow":["GET"]}}],"collection":[{"href":"https:\/\/e-ciftlik.com\/haberler\/wp-json\/wp\/v2\/posts"}],"about":[{"href":"https:\/\/e-ciftlik.com\/haberler\/wp-json\/wp\/v2\/types\/post"}],"author":[{"embeddable":true,"href":"https:\/\/e-ciftlik.com\/haberler\/wp-json\/wp\/v2\/users\/1"}],"replies":[{"embeddable":true,"href":"https:\/\/e-ciftlik.com\/haberler\/wp-json\/wp\/v2\/comments?post=80944"}],"version-history":[{"count":0,"href":"https:\/\/e-ciftlik.com\/haberler\/wp-json\/wp\/v2\/posts\/80944\/revisions"}],"wp:attachment":[{"href":"https:\/\/e-ciftlik.com\/haberler\/wp-json\/wp\/v2\/media?parent=80944"}],"wp:term":[{"taxonomy":"category","embeddable":true,"href":"https:\/\/e-ciftlik.com\/haberler\/wp-json\/wp\/v2\/categories?post=80944"},{"taxonomy":"post_tag","embeddable":true,"href":"https:\/\/e-ciftlik.com\/haberler\/wp-json\/wp\/v2\/tags?post=80944"}],"curies":[{"name":"wp","href":"https:\/\/api.w.org\/{rel}","templated":true}]}}