{"id":81051,"date":"2025-02-16T10:36:00","date_gmt":"2025-02-16T10:36:00","guid":{"rendered":"https:\/\/e-ciftlik.com\/haberler\/tarim\/turkiyede-kuraklik-devam-ediyor\/"},"modified":"2025-02-16T10:36:00","modified_gmt":"2025-02-16T10:36:00","slug":"turkiyede-kuraklik-devam-ediyor","status":"publish","type":"post","link":"https:\/\/e-ciftlik.com\/haberler\/tarim\/turkiyede-kuraklik-devam-ediyor\/","title":{"rendered":"T\u00fcrkiye&#8217;de Kurakl\u0131k Devam Ediyor"},"content":{"rendered":"<p>Bo\u011fazi\u00e7i \u00dcniversitesi \u0130klim De\u011fi\u015fikli\u011fi ve Politikalar\u0131 Uygulama ve Ara\u015ft\u0131rma Merkezi Y\u00f6netim Kurulu \u00dcyesi olan Prof. Dr. Murat T\u00fcrke\u015f, T\u00fcrkiye&#8217;nin bat\u0131 yar\u0131s\u0131nda, \u00c7anakkale&#8217;nin de i\u00e7inde bulundu\u011fu b\u00f6lgede meteorolojik kurakl\u0131\u011f\u0131n etkisinin k\u0131smen azald\u0131\u011f\u0131n\u0131 ancak \u00fclkenin genelinde tar\u0131msal ve hidrolojik kurakl\u0131k etkisinin devam etti\u011fini belirtti.<\/p>\n<p>Prof. Dr. T\u00fcrke\u015f, yapt\u0131\u011f\u0131 a\u00e7\u0131klamada sonbahar mevsiminin normallerden daha s\u0131cak ve kurak ge\u00e7ti\u011fini, ya\u011f\u0131\u015flar\u0131n kas\u0131m ay\u0131nda bat\u0131 ve kuzey bat\u0131dan ba\u015flayarak Do\u011fu Anadolu&#8217;ya do\u011fru ilerledi\u011fini vurgulad\u0131. T\u00fcrkiye&#8217;nin mevsim normallerine g\u00f6re eyl\u00fcl sonu ve ekim ba\u015f\u0131nda kuzey ve kuzey bat\u0131dan ya\u011f\u0131\u015f almas\u0131 gerekti\u011fini ifade eden T\u00fcrke\u015f, &#8220;T\u00fcrkiye&#8217;nin bat\u0131 yar\u0131s\u0131nda, \u00c7anakkale&#8217;nin de i\u00e7inde bulundu\u011fu y\u00f6rede meteorolojik kurakl\u0131\u011f\u0131n etkisi k\u0131smen zay\u0131flad\u0131 ama T\u00fcrkiye&#8217;nin b\u00fcy\u00fck b\u00f6l\u00fcm\u00fcnde hala hem tar\u0131msal hem de hidrolojik kurakl\u0131\u011f\u0131n etkisinin devam etti\u011fini s\u00f6yleyebiliriz.&#8221; \u015feklinde konu\u015ftu.<\/p>\n<p>Ocak ay\u0131n\u0131n d\u00fcnya genelinde ve Avrupa&#8217;da oldu\u011fu gibi T\u00fcrkiye&#8217;de de normallerinden daha s\u0131cak ge\u00e7ti\u011fine dikkat \u00e7eken T\u00fcrke\u015f, &#8220;Hem Avrupa&#8217;da hem de T\u00fcrkiye&#8217;de uzun s\u00fcreli s\u0131cakl\u0131k yay\u0131l\u0131m\u0131n\u0131n devam etti\u011fini g\u00f6zlemledik. Ocak ay\u0131, ya\u011f\u0131\u015fl\u0131 bir ay olarak ge\u00e7ti T\u00fcrkiye&#8217;de. Yani pek \u00e7ok yerde mevsim normalleri ve normallerin \u00fczerinde ya\u011f\u0131\u015flar meydana geldi. Bu ya\u011f\u0131\u015flar yeterli olmamakla birlikte kar ya\u011f\u0131\u015f\u0131 \u015fubat ay\u0131na kadar gecikti.&#8221; \u015feklinde de\u011ferlendirmede bulundu.<\/p>\n<p>Prof. Dr. T\u00fcrke\u015f, \u00f6n\u00fcm\u00fczdeki bir haftal\u0131k d\u00f6nemde \u0130stanbul&#8217;un tekrar ya\u011f\u0131\u015f alabilece\u011fini belirterek, &#8220;So\u011fuk ya\u011f\u0131\u015fl\u0131 hava sistemi kuzeybat\u0131dan ba\u015flayarak Trakya&#8217;n\u0131n baz\u0131 b\u00f6lgelerinde, Biga Yar\u0131madas\u0131&#8217;n\u0131n y\u00fcksek kesimlerinde etkili oldu. \u0130\u00e7 Anadolu, Karadeniz ve Do\u011fu Anadolu&#8217;da y\u00fcksek yaylalar ve da\u011fl\u0131k alanlarda ge\u00e7 de olsa kar ya\u011f\u0131\u015f\u0131 g\u00f6r\u00fcld\u00fc. \u00d6n\u00fcm\u00fczdeki bir haftal\u0131k d\u00f6nemde, Orta Akdeniz&#8217;de bulunan cephesel ya\u011f\u0131\u015f\u0131n etkisiyle \u0130stanbul&#8217;un tekrar ya\u011f\u0131\u015f almas\u0131 olas\u0131d\u0131r.&#8221; dedi.<\/p>\n<p>Trakya&#8217;dan ba\u015flayarak Karadeniz, \u0130\u00e7 Anadolu&#8217;nun bat\u0131s\u0131 ve kuzeyi, ard\u0131ndan i\u00e7 b\u00f6l\u00fcmleri ve Do\u011fu Anadolu&#8217;ya uzanan yeni ya\u011f\u0131\u015fl\u0131 so\u011fuk hava sisteminin \u00f6n\u00fcm\u00fczdeki g\u00fcnlerde etkili olmas\u0131 bekleniyor. Ya\u011f\u0131\u015flar\u0131n g\u00fcneyde ise ya\u011fmur ve sa\u011fanak \u015feklinde olmas\u0131 beklenmektedir.<\/p>\n","protected":false},"excerpt":{"rendered":"<p>Bo\u011fazi\u00e7i \u00dcniversitesi \u0130klim De\u011fi\u015fikli\u011fi ve Politikalar\u0131 Uygulama ve Ara\u015ft\u0131rma Merkezi Y\u00f6netim Kurulu \u00dcyesi olan Prof.&hellip;<\/p>\n","protected":false},"author":1,"featured_media":81052,"comment_status":"open","ping_status":"open","sticky":false,"template":"","format":"standard","meta":{"footnotes":""},"categories":[9],"tags":[],"class_list":["post-81051","post","type-post","status-publish","format-standard","has-post-thumbnail","hentry","category-tarim"],"yoast_head":"<!-- This site is optimized with the Yoast SEO Premium plugin v24.3 (Yoast SEO v27.4) - https:\/\/yoast.com\/product\/yoast-seo-premium-wordpress\/ -->\n<title>T\u00fcrkiye&#039;de Kurakl\u0131k Devam Ediyor - E-&Ccedil;\u0130FTL\u0130K HABER<\/title>\n<meta name=\"description\" content=\"Bo\u011fazi\u00e7i \u00dcniversitesi \u0130klim De\u011fi\u015fikli\u011fi ve Politikalar\u0131 Uygulama ve Ara\u015ft\u0131rma Merkezi Y\u00f6netim Kurulu \u00dcyesi olan Prof. Dr. Murat T\u00fcrke\u015f, T\u00fcrkiye&#039;nin bat\u0131\" \/>\n<meta name=\"robots\" content=\"index, follow, max-snippet:-1, max-image-preview:large, max-video-preview:-1\" \/>\n<link rel=\"canonical\" href=\"https:\/\/e-ciftlik.com\/haberler\/tarim\/turkiyede-kuraklik-devam-ediyor\/\" \/>\n<meta property=\"og:locale\" content=\"tr_TR\" \/>\n<meta property=\"og:type\" content=\"article\" \/>\n<meta property=\"og:title\" content=\"T\u00fcrkiye&#039;de Kurakl\u0131k Devam Ediyor\" \/>\n<meta property=\"og:description\" content=\"Bo\u011fazi\u00e7i \u00dcniversitesi \u0130klim De\u011fi\u015fikli\u011fi ve Politikalar\u0131 Uygulama ve Ara\u015ft\u0131rma Merkezi Y\u00f6netim Kurulu \u00dcyesi olan Prof. Dr. Murat T\u00fcrke\u015f, T\u00fcrkiye&#039;nin bat\u0131\" \/>\n<meta property=\"og:url\" content=\"https:\/\/e-ciftlik.com\/haberler\/tarim\/turkiyede-kuraklik-devam-ediyor\/\" \/>\n<meta property=\"og:site_name\" content=\"E-&Ccedil;\u0130FTL\u0130K HABER\" \/>\n<meta property=\"article:publisher\" content=\"https:\/\/www.facebook.com\/eciftlikturkiye\" \/>\n<meta property=\"article:published_time\" content=\"2025-02-16T10:36:00+00:00\" \/>\n<meta property=\"og:image\" content=\"https:\/\/e-ciftlik.com\/haberler\/wp-content\/uploads\/2025\/02\/turkiye-de-tarimsal-ve-hidrolojik-kurakligin-18380766_amp.jpg\" \/>\n\t<meta property=\"og:image:width\" content=\"1200\" \/>\n\t<meta property=\"og:image:height\" content=\"675\" \/>\n\t<meta property=\"og:image:type\" content=\"image\/jpeg\" \/>\n<meta name=\"author\" content=\"Haber Merkezi\" \/>\n<meta name=\"twitter:card\" content=\"summary_large_image\" \/>\n<meta name=\"twitter:creator\" content=\"@eciftlikresmi\" \/>\n<meta name=\"twitter:site\" content=\"@eciftlikresmi\" \/>\n<meta name=\"twitter:label1\" content=\"Yazan:\" \/>\n\t<meta name=\"twitter:data1\" content=\"Haber Merkezi\" \/>\n\t<meta name=\"twitter:label2\" content=\"Tahmini okuma s\u00fcresi\" \/>\n\t<meta name=\"twitter:data2\" content=\"2 dakika\" \/>\n<script type=\"application\/ld+json\" class=\"yoast-schema-graph\">{\"@context\":\"https:\\\/\\\/schema.org\",\"@graph\":[{\"@type\":\"NewsArticle\",\"@id\":\"https:\\\/\\\/e-ciftlik.com\\\/haberler\\\/tarim\\\/turkiyede-kuraklik-devam-ediyor\\\/#article\",\"isPartOf\":{\"@id\":\"https:\\\/\\\/e-ciftlik.com\\\/haberler\\\/tarim\\\/turkiyede-kuraklik-devam-ediyor\\\/\"},\"author\":{\"name\":\"Haber Merkezi\",\"@id\":\"https:\\\/\\\/e-ciftlik.com\\\/haberler\\\/#\\\/schema\\\/person\\\/d2f4fee3143d7f72be82cb887d51b00a\"},\"headline\":\"T\u00fcrkiye&#8217;de Kurakl\u0131k Devam Ediyor\",\"datePublished\":\"2025-02-16T10:36:00+00:00\",\"mainEntityOfPage\":{\"@id\":\"https:\\\/\\\/e-ciftlik.com\\\/haberler\\\/tarim\\\/turkiyede-kuraklik-devam-ediyor\\\/\"},\"wordCount\":432,\"commentCount\":0,\"publisher\":{\"@id\":\"https:\\\/\\\/e-ciftlik.com\\\/haberler\\\/#organization\"},\"image\":{\"@id\":\"https:\\\/\\\/e-ciftlik.com\\\/haberler\\\/tarim\\\/turkiyede-kuraklik-devam-ediyor\\\/#primaryimage\"},\"thumbnailUrl\":\"https:\\\/\\\/e-ciftlik.com\\\/haberler\\\/wp-content\\\/uploads\\\/2025\\\/02\\\/turkiye-de-tarimsal-ve-hidrolojik-kurakligin-18380766_amp.jpg\",\"articleSection\":[\"Tar\u0131m\"],\"inLanguage\":\"tr\",\"potentialAction\":[{\"@type\":\"CommentAction\",\"name\":\"Comment\",\"target\":[\"https:\\\/\\\/e-ciftlik.com\\\/haberler\\\/tarim\\\/turkiyede-kuraklik-devam-ediyor\\\/#respond\"]}]},{\"@type\":\"WebPage\",\"@id\":\"https:\\\/\\\/e-ciftlik.com\\\/haberler\\\/tarim\\\/turkiyede-kuraklik-devam-ediyor\\\/\",\"url\":\"https:\\\/\\\/e-ciftlik.com\\\/haberler\\\/tarim\\\/turkiyede-kuraklik-devam-ediyor\\\/\",\"name\":\"T\u00fcrkiye'de Kurakl\u0131k Devam Ediyor - E-&Ccedil;\u0130FTL\u0130K HABER\",\"isPartOf\":{\"@id\":\"https:\\\/\\\/e-ciftlik.com\\\/haberler\\\/#website\"},\"primaryImageOfPage\":{\"@id\":\"https:\\\/\\\/e-ciftlik.com\\\/haberler\\\/tarim\\\/turkiyede-kuraklik-devam-ediyor\\\/#primaryimage\"},\"image\":{\"@id\":\"https:\\\/\\\/e-ciftlik.com\\\/haberler\\\/tarim\\\/turkiyede-kuraklik-devam-ediyor\\\/#primaryimage\"},\"thumbnailUrl\":\"https:\\\/\\\/e-ciftlik.com\\\/haberler\\\/wp-content\\\/uploads\\\/2025\\\/02\\\/turkiye-de-tarimsal-ve-hidrolojik-kurakligin-18380766_amp.jpg\",\"datePublished\":\"2025-02-16T10:36:00+00:00\",\"description\":\"Bo\u011fazi\u00e7i \u00dcniversitesi \u0130klim De\u011fi\u015fikli\u011fi ve Politikalar\u0131 Uygulama ve Ara\u015ft\u0131rma Merkezi Y\u00f6netim Kurulu \u00dcyesi olan Prof. Dr. Murat T\u00fcrke\u015f, T\u00fcrkiye'nin bat\u0131\",\"breadcrumb\":{\"@id\":\"https:\\\/\\\/e-ciftlik.com\\\/haberler\\\/tarim\\\/turkiyede-kuraklik-devam-ediyor\\\/#breadcrumb\"},\"inLanguage\":\"tr\",\"potentialAction\":[{\"@type\":\"ReadAction\",\"target\":[\"https:\\\/\\\/e-ciftlik.com\\\/haberler\\\/tarim\\\/turkiyede-kuraklik-devam-ediyor\\\/\"]}]},{\"@type\":\"ImageObject\",\"inLanguage\":\"tr\",\"@id\":\"https:\\\/\\\/e-ciftlik.com\\\/haberler\\\/tarim\\\/turkiyede-kuraklik-devam-ediyor\\\/#primaryimage\",\"url\":\"https:\\\/\\\/e-ciftlik.com\\\/haberler\\\/wp-content\\\/uploads\\\/2025\\\/02\\\/turkiye-de-tarimsal-ve-hidrolojik-kurakligin-18380766_amp.jpg\",\"contentUrl\":\"https:\\\/\\\/e-ciftlik.com\\\/haberler\\\/wp-content\\\/uploads\\\/2025\\\/02\\\/turkiye-de-tarimsal-ve-hidrolojik-kurakligin-18380766_amp.jpg\",\"width\":1200,\"height\":675},{\"@type\":\"BreadcrumbList\",\"@id\":\"https:\\\/\\\/e-ciftlik.com\\\/haberler\\\/tarim\\\/turkiyede-kuraklik-devam-ediyor\\\/#breadcrumb\",\"itemListElement\":[{\"@type\":\"ListItem\",\"position\":1,\"name\":\"Anasayfa\",\"item\":\"https:\\\/\\\/e-ciftlik.com\\\/haberler\\\/\"},{\"@type\":\"ListItem\",\"position\":2,\"name\":\"T\u00fcrkiye&#8217;de Kurakl\u0131k Devam Ediyor\"}]},{\"@type\":\"WebSite\",\"@id\":\"https:\\\/\\\/e-ciftlik.com\\\/haberler\\\/#website\",\"url\":\"https:\\\/\\\/e-ciftlik.com\\\/haberler\\\/\",\"name\":\"E-\u00c7iftlik Haber | G\u00fcncel, Son Dakika Haberler, En Son Haber\",\"description\":\"\",\"publisher\":{\"@id\":\"https:\\\/\\\/e-ciftlik.com\\\/haberler\\\/#organization\"},\"potentialAction\":[{\"@type\":\"SearchAction\",\"target\":{\"@type\":\"EntryPoint\",\"urlTemplate\":\"https:\\\/\\\/e-ciftlik.com\\\/haberler\\\/?s={search_term_string}\"},\"query-input\":{\"@type\":\"PropertyValueSpecification\",\"valueRequired\":true,\"valueName\":\"search_term_string\"}}],\"inLanguage\":\"tr\"},{\"@type\":\"Organization\",\"@id\":\"https:\\\/\\\/e-ciftlik.com\\\/haberler\\\/#organization\",\"name\":\"E-\u00c7\u0130FTL\u0130K HABER\",\"url\":\"https:\\\/\\\/e-ciftlik.com\\\/haberler\\\/\",\"logo\":{\"@type\":\"ImageObject\",\"inLanguage\":\"tr\",\"@id\":\"https:\\\/\\\/e-ciftlik.com\\\/haberler\\\/#\\\/schema\\\/logo\\\/image\\\/\",\"url\":\"https:\\\/\\\/e-ciftlik.com\\\/haberler\\\/wp-content\\\/uploads\\\/2024\\\/06\\\/cropped-cropped-favicon-1-2.png\",\"contentUrl\":\"https:\\\/\\\/e-ciftlik.com\\\/haberler\\\/wp-content\\\/uploads\\\/2024\\\/06\\\/cropped-cropped-favicon-1-2.png\",\"width\":512,\"height\":512,\"caption\":\"E-\u00c7\u0130FTL\u0130K HABER\"},\"image\":{\"@id\":\"https:\\\/\\\/e-ciftlik.com\\\/haberler\\\/#\\\/schema\\\/logo\\\/image\\\/\"},\"sameAs\":[\"https:\\\/\\\/www.facebook.com\\\/eciftlikturkiye\",\"https:\\\/\\\/x.com\\\/eciftlikresmi\",\"https:\\\/\\\/www.instagram.com\\\/eciftlikresmi\\\/\"]},{\"@type\":\"Person\",\"@id\":\"https:\\\/\\\/e-ciftlik.com\\\/haberler\\\/#\\\/schema\\\/person\\\/d2f4fee3143d7f72be82cb887d51b00a\",\"name\":\"Haber Merkezi\",\"image\":{\"@type\":\"ImageObject\",\"inLanguage\":\"tr\",\"@id\":\"https:\\\/\\\/secure.gravatar.com\\\/avatar\\\/6c27d641914e66c1d0452c92716002398782818991d86db1c2cccb531e7c7c82?s=96&d=mm&r=g\",\"url\":\"https:\\\/\\\/secure.gravatar.com\\\/avatar\\\/6c27d641914e66c1d0452c92716002398782818991d86db1c2cccb531e7c7c82?s=96&d=mm&r=g\",\"contentUrl\":\"https:\\\/\\\/secure.gravatar.com\\\/avatar\\\/6c27d641914e66c1d0452c92716002398782818991d86db1c2cccb531e7c7c82?s=96&d=mm&r=g\",\"caption\":\"Haber Merkezi\"},\"sameAs\":[\"http:\\\/\\\/e-ciftlik.com\\\/haberler\"]}]}<\/script>\n<!-- \/ Yoast SEO Premium plugin. -->","yoast_head_json":{"title":"T\u00fcrkiye'de Kurakl\u0131k Devam Ediyor - E-&Ccedil;\u0130FTL\u0130K HABER","description":"Bo\u011fazi\u00e7i \u00dcniversitesi \u0130klim De\u011fi\u015fikli\u011fi ve Politikalar\u0131 Uygulama ve Ara\u015ft\u0131rma Merkezi Y\u00f6netim Kurulu \u00dcyesi olan Prof. Dr. Murat T\u00fcrke\u015f, T\u00fcrkiye'nin bat\u0131","robots":{"index":"index","follow":"follow","max-snippet":"max-snippet:-1","max-image-preview":"max-image-preview:large","max-video-preview":"max-video-preview:-1"},"canonical":"https:\/\/e-ciftlik.com\/haberler\/tarim\/turkiyede-kuraklik-devam-ediyor\/","og_locale":"tr_TR","og_type":"article","og_title":"T\u00fcrkiye'de Kurakl\u0131k Devam Ediyor","og_description":"Bo\u011fazi\u00e7i \u00dcniversitesi \u0130klim De\u011fi\u015fikli\u011fi ve Politikalar\u0131 Uygulama ve Ara\u015ft\u0131rma Merkezi Y\u00f6netim Kurulu \u00dcyesi olan Prof. Dr. Murat T\u00fcrke\u015f, T\u00fcrkiye'nin bat\u0131","og_url":"https:\/\/e-ciftlik.com\/haberler\/tarim\/turkiyede-kuraklik-devam-ediyor\/","og_site_name":"E-&Ccedil;\u0130FTL\u0130K HABER","article_publisher":"https:\/\/www.facebook.com\/eciftlikturkiye","article_published_time":"2025-02-16T10:36:00+00:00","og_image":[{"width":1200,"height":675,"url":"https:\/\/e-ciftlik.com\/haberler\/wp-content\/uploads\/2025\/02\/turkiye-de-tarimsal-ve-hidrolojik-kurakligin-18380766_amp.jpg","type":"image\/jpeg"}],"author":"Haber Merkezi","twitter_card":"summary_large_image","twitter_creator":"@eciftlikresmi","twitter_site":"@eciftlikresmi","twitter_misc":{"Yazan:":"Haber Merkezi","Tahmini okuma s\u00fcresi":"2 dakika"},"schema":{"@context":"https:\/\/schema.org","@graph":[{"@type":"NewsArticle","@id":"https:\/\/e-ciftlik.com\/haberler\/tarim\/turkiyede-kuraklik-devam-ediyor\/#article","isPartOf":{"@id":"https:\/\/e-ciftlik.com\/haberler\/tarim\/turkiyede-kuraklik-devam-ediyor\/"},"author":{"name":"Haber Merkezi","@id":"https:\/\/e-ciftlik.com\/haberler\/#\/schema\/person\/d2f4fee3143d7f72be82cb887d51b00a"},"headline":"T\u00fcrkiye&#8217;de Kurakl\u0131k Devam Ediyor","datePublished":"2025-02-16T10:36:00+00:00","mainEntityOfPage":{"@id":"https:\/\/e-ciftlik.com\/haberler\/tarim\/turkiyede-kuraklik-devam-ediyor\/"},"wordCount":432,"commentCount":0,"publisher":{"@id":"https:\/\/e-ciftlik.com\/haberler\/#organization"},"image":{"@id":"https:\/\/e-ciftlik.com\/haberler\/tarim\/turkiyede-kuraklik-devam-ediyor\/#primaryimage"},"thumbnailUrl":"https:\/\/e-ciftlik.com\/haberler\/wp-content\/uploads\/2025\/02\/turkiye-de-tarimsal-ve-hidrolojik-kurakligin-18380766_amp.jpg","articleSection":["Tar\u0131m"],"inLanguage":"tr","potentialAction":[{"@type":"CommentAction","name":"Comment","target":["https:\/\/e-ciftlik.com\/haberler\/tarim\/turkiyede-kuraklik-devam-ediyor\/#respond"]}]},{"@type":"WebPage","@id":"https:\/\/e-ciftlik.com\/haberler\/tarim\/turkiyede-kuraklik-devam-ediyor\/","url":"https:\/\/e-ciftlik.com\/haberler\/tarim\/turkiyede-kuraklik-devam-ediyor\/","name":"T\u00fcrkiye'de Kurakl\u0131k Devam Ediyor - E-&Ccedil;\u0130FTL\u0130K HABER","isPartOf":{"@id":"https:\/\/e-ciftlik.com\/haberler\/#website"},"primaryImageOfPage":{"@id":"https:\/\/e-ciftlik.com\/haberler\/tarim\/turkiyede-kuraklik-devam-ediyor\/#primaryimage"},"image":{"@id":"https:\/\/e-ciftlik.com\/haberler\/tarim\/turkiyede-kuraklik-devam-ediyor\/#primaryimage"},"thumbnailUrl":"https:\/\/e-ciftlik.com\/haberler\/wp-content\/uploads\/2025\/02\/turkiye-de-tarimsal-ve-hidrolojik-kurakligin-18380766_amp.jpg","datePublished":"2025-02-16T10:36:00+00:00","description":"Bo\u011fazi\u00e7i \u00dcniversitesi \u0130klim De\u011fi\u015fikli\u011fi ve Politikalar\u0131 Uygulama ve Ara\u015ft\u0131rma Merkezi Y\u00f6netim Kurulu \u00dcyesi olan Prof. Dr. Murat T\u00fcrke\u015f, T\u00fcrkiye'nin bat\u0131","breadcrumb":{"@id":"https:\/\/e-ciftlik.com\/haberler\/tarim\/turkiyede-kuraklik-devam-ediyor\/#breadcrumb"},"inLanguage":"tr","potentialAction":[{"@type":"ReadAction","target":["https:\/\/e-ciftlik.com\/haberler\/tarim\/turkiyede-kuraklik-devam-ediyor\/"]}]},{"@type":"ImageObject","inLanguage":"tr","@id":"https:\/\/e-ciftlik.com\/haberler\/tarim\/turkiyede-kuraklik-devam-ediyor\/#primaryimage","url":"https:\/\/e-ciftlik.com\/haberler\/wp-content\/uploads\/2025\/02\/turkiye-de-tarimsal-ve-hidrolojik-kurakligin-18380766_amp.jpg","contentUrl":"https:\/\/e-ciftlik.com\/haberler\/wp-content\/uploads\/2025\/02\/turkiye-de-tarimsal-ve-hidrolojik-kurakligin-18380766_amp.jpg","width":1200,"height":675},{"@type":"BreadcrumbList","@id":"https:\/\/e-ciftlik.com\/haberler\/tarim\/turkiyede-kuraklik-devam-ediyor\/#breadcrumb","itemListElement":[{"@type":"ListItem","position":1,"name":"Anasayfa","item":"https:\/\/e-ciftlik.com\/haberler\/"},{"@type":"ListItem","position":2,"name":"T\u00fcrkiye&#8217;de Kurakl\u0131k Devam Ediyor"}]},{"@type":"WebSite","@id":"https:\/\/e-ciftlik.com\/haberler\/#website","url":"https:\/\/e-ciftlik.com\/haberler\/","name":"E-\u00c7iftlik Haber | G\u00fcncel, Son Dakika Haberler, En Son Haber","description":"","publisher":{"@id":"https:\/\/e-ciftlik.com\/haberler\/#organization"},"potentialAction":[{"@type":"SearchAction","target":{"@type":"EntryPoint","urlTemplate":"https:\/\/e-ciftlik.com\/haberler\/?s={search_term_string}"},"query-input":{"@type":"PropertyValueSpecification","valueRequired":true,"valueName":"search_term_string"}}],"inLanguage":"tr"},{"@type":"Organization","@id":"https:\/\/e-ciftlik.com\/haberler\/#organization","name":"E-\u00c7\u0130FTL\u0130K HABER","url":"https:\/\/e-ciftlik.com\/haberler\/","logo":{"@type":"ImageObject","inLanguage":"tr","@id":"https:\/\/e-ciftlik.com\/haberler\/#\/schema\/logo\/image\/","url":"https:\/\/e-ciftlik.com\/haberler\/wp-content\/uploads\/2024\/06\/cropped-cropped-favicon-1-2.png","contentUrl":"https:\/\/e-ciftlik.com\/haberler\/wp-content\/uploads\/2024\/06\/cropped-cropped-favicon-1-2.png","width":512,"height":512,"caption":"E-\u00c7\u0130FTL\u0130K HABER"},"image":{"@id":"https:\/\/e-ciftlik.com\/haberler\/#\/schema\/logo\/image\/"},"sameAs":["https:\/\/www.facebook.com\/eciftlikturkiye","https:\/\/x.com\/eciftlikresmi","https:\/\/www.instagram.com\/eciftlikresmi\/"]},{"@type":"Person","@id":"https:\/\/e-ciftlik.com\/haberler\/#\/schema\/person\/d2f4fee3143d7f72be82cb887d51b00a","name":"Haber Merkezi","image":{"@type":"ImageObject","inLanguage":"tr","@id":"https:\/\/secure.gravatar.com\/avatar\/6c27d641914e66c1d0452c92716002398782818991d86db1c2cccb531e7c7c82?s=96&d=mm&r=g","url":"https:\/\/secure.gravatar.com\/avatar\/6c27d641914e66c1d0452c92716002398782818991d86db1c2cccb531e7c7c82?s=96&d=mm&r=g","contentUrl":"https:\/\/secure.gravatar.com\/avatar\/6c27d641914e66c1d0452c92716002398782818991d86db1c2cccb531e7c7c82?s=96&d=mm&r=g","caption":"Haber Merkezi"},"sameAs":["http:\/\/e-ciftlik.com\/haberler"]}]}},"_links":{"self":[{"href":"https:\/\/e-ciftlik.com\/haberler\/wp-json\/wp\/v2\/posts\/81051","targetHints":{"allow":["GET"]}}],"collection":[{"href":"https:\/\/e-ciftlik.com\/haberler\/wp-json\/wp\/v2\/posts"}],"about":[{"href":"https:\/\/e-ciftlik.com\/haberler\/wp-json\/wp\/v2\/types\/post"}],"author":[{"embeddable":true,"href":"https:\/\/e-ciftlik.com\/haberler\/wp-json\/wp\/v2\/users\/1"}],"replies":[{"embeddable":true,"href":"https:\/\/e-ciftlik.com\/haberler\/wp-json\/wp\/v2\/comments?post=81051"}],"version-history":[{"count":0,"href":"https:\/\/e-ciftlik.com\/haberler\/wp-json\/wp\/v2\/posts\/81051\/revisions"}],"wp:featuredmedia":[{"embeddable":true,"href":"https:\/\/e-ciftlik.com\/haberler\/wp-json\/wp\/v2\/media\/81052"}],"wp:attachment":[{"href":"https:\/\/e-ciftlik.com\/haberler\/wp-json\/wp\/v2\/media?parent=81051"}],"wp:term":[{"taxonomy":"category","embeddable":true,"href":"https:\/\/e-ciftlik.com\/haberler\/wp-json\/wp\/v2\/categories?post=81051"},{"taxonomy":"post_tag","embeddable":true,"href":"https:\/\/e-ciftlik.com\/haberler\/wp-json\/wp\/v2\/tags?post=81051"}],"curies":[{"name":"wp","href":"https:\/\/api.w.org\/{rel}","templated":true}]}}