{"id":81189,"date":"2025-02-17T05:02:23","date_gmt":"2025-02-17T05:02:23","guid":{"rendered":"http:\/\/e-ciftlik.com\/haberler\/spor\/real-madridde-arda-guler-krizi\/"},"modified":"2025-02-17T05:02:23","modified_gmt":"2025-02-17T05:02:23","slug":"real-madridde-arda-guler-krizi","status":"publish","type":"post","link":"https:\/\/e-ciftlik.com\/haberler\/spor\/real-madridde-arda-guler-krizi\/","title":{"rendered":"Real Madrid&#8217;de Arda G\u00fcler krizi!"},"content":{"rendered":"<p> La Liga lideri Real Madrid, Osasuna kar\u015f\u0131s\u0131nda 2 puan b\u0131rakarak \u015fampiyonluk yar\u0131\u015f\u0131nda \u00f6nemli bir kay\u0131p ya\u015fad\u0131.<\/p>\n<p>ARDA G\u00dcLER Y\u0130NE S\u00dcRE ALAMADI<\/p>\n<p>Milli futbolcu Arda G\u00fcler, kar\u015f\u0131la\u015fmada yedek kul\u00fcbesinde yer ald\u0131 ancak forma \u015fans\u0131 bulamad\u0131. Son \u00fc\u00e7 lig ma\u00e7\u0131nda s\u00fcre alamayan gen\u00e7 oyuncu, en son Real Valladolid kar\u015f\u0131s\u0131nda 17 dakika sahada kalm\u0131\u015ft\u0131.<\/p>\n<p>ISINMA G\u00d6R\u00dcNT\u00dcLERI D\u0130KKAT \u00c7EKT\u0130<\/p>\n<p>Teknik direkt\u00f6r Carlo Ancelotti, Arda G\u00fcler&#8217;i ma\u00e7 s\u0131ras\u0131nda \u0131s\u0131nmaya g\u00f6nderdi. Ancak uzun s\u00fcre kenarda \u0131s\u0131nd\u0131ktan sonra oyuna al\u0131nmayaca\u011f\u0131n\u0131 \u00f6\u011frenen futbolcu, kul\u00fcbeye geri d\u00f6nd\u00fc. Bu anlar kameralara yans\u0131d\u0131 ve sosyal medyada g\u00fcndem oldu.<\/p>\n<p>ANCELOTTI&#8217;DEN A\u00c7IKLAMA<\/p>\n<p>Osasuna ma\u00e7\u0131nda yaln\u0131zca bir oyuncu de\u011fi\u015fikli\u011fi yapan Ancelotti, Arda G\u00fcler ve Endrick&#8217;in neden s\u00fcre alamad\u0131\u011f\u0131na dair soruya, &#8220;Ma\u00e7\u0131n dinamiklerini de\u011fi\u015ftirmek istemedim&#8221; yan\u0131t\u0131n\u0131 verdi.<\/p>\n<p>TARAFTARLAR TEPK\u0130L\u0130<\/p>\n<p>\u0130spanyol bas\u0131n\u0131nda yer alan haberlere g\u00f6re, Ancelotti&#8217;nin oyuncu tercihleri taraftarlar aras\u0131nda b\u00fcy\u00fck tart\u0131\u015fmalara neden oldu. \u00d6zellikle Arda G\u00fcler ve Endrick&#8217;in daha fazla s\u00fcre almas\u0131 gerekti\u011fi y\u00f6n\u00fcnde ele\u015ftiriler y\u00fckseldi.<\/p>\n","protected":false},"excerpt":{"rendered":"<p>La Liga lideri Real Madrid, Osasuna kar\u015f\u0131s\u0131nda 2 puan b\u0131rakarak \u015fampiyonluk yar\u0131\u015f\u0131nda \u00f6nemli bir kay\u0131p&hellip;<\/p>\n","protected":false},"author":1,"featured_media":81190,"comment_status":"open","ping_status":"open","sticky":false,"template":"","format":"standard","meta":{"footnotes":""},"categories":[7],"tags":[],"class_list":["post-81189","post","type-post","status-publish","format-standard","has-post-thumbnail","hentry","category-spor"],"yoast_head":"<!-- This site is optimized with the Yoast SEO Premium plugin v24.3 (Yoast SEO v27.4) - https:\/\/yoast.com\/product\/yoast-seo-premium-wordpress\/ -->\n<title>Real Madrid&#039;de Arda G\u00fcler krizi! - E-&Ccedil;\u0130FTL\u0130K HABER<\/title>\n<meta name=\"description\" content=\"La Liga lideri Real Madrid, Osasuna kar\u015f\u0131s\u0131nda 2 puan b\u0131rakarak \u015fampiyonluk yar\u0131\u015f\u0131nda \u00f6nemli bir kay\u0131p ya\u015fad\u0131. ARDA G\u00dcLER Y\u0130NE S\u00dcRE ALAMADI Milli futbolcu\" \/>\n<meta name=\"robots\" content=\"index, follow, max-snippet:-1, max-image-preview:large, max-video-preview:-1\" \/>\n<link rel=\"canonical\" href=\"https:\/\/e-ciftlik.com\/haberler\/spor\/real-madridde-arda-guler-krizi\/\" \/>\n<meta property=\"og:locale\" content=\"tr_TR\" \/>\n<meta property=\"og:type\" content=\"article\" \/>\n<meta property=\"og:title\" content=\"Real Madrid&#039;de Arda G\u00fcler krizi!\" \/>\n<meta property=\"og:description\" content=\"La Liga lideri Real Madrid, Osasuna kar\u015f\u0131s\u0131nda 2 puan b\u0131rakarak \u015fampiyonluk yar\u0131\u015f\u0131nda \u00f6nemli bir kay\u0131p ya\u015fad\u0131. ARDA G\u00dcLER Y\u0130NE S\u00dcRE ALAMADI Milli futbolcu\" \/>\n<meta property=\"og:url\" content=\"https:\/\/e-ciftlik.com\/haberler\/spor\/real-madridde-arda-guler-krizi\/\" \/>\n<meta property=\"og:site_name\" content=\"E-&Ccedil;\u0130FTL\u0130K HABER\" \/>\n<meta property=\"article:publisher\" content=\"https:\/\/www.facebook.com\/eciftlikturkiye\" \/>\n<meta property=\"article:published_time\" content=\"2025-02-17T05:02:23+00:00\" \/>\n<meta property=\"og:image\" content=\"https:\/\/e-ciftlik.com\/haberler\/wp-content\/uploads\/2025\/02\/ancelottiden-arda-guler-aciklamasi-1739705079789.jpeg\" \/>\n\t<meta property=\"og:image:width\" content=\"1200\" \/>\n\t<meta property=\"og:image:height\" content=\"675\" \/>\n\t<meta property=\"og:image:type\" content=\"image\/jpeg\" \/>\n<meta name=\"author\" content=\"Haber Merkezi\" \/>\n<meta name=\"twitter:card\" content=\"summary_large_image\" \/>\n<meta name=\"twitter:creator\" content=\"@eciftlikresmi\" \/>\n<meta name=\"twitter:site\" content=\"@eciftlikresmi\" \/>\n<meta name=\"twitter:label1\" content=\"Yazan:\" \/>\n\t<meta name=\"twitter:data1\" content=\"Haber Merkezi\" \/>\n\t<meta name=\"twitter:label2\" content=\"Tahmini okuma s\u00fcresi\" \/>\n\t<meta name=\"twitter:data2\" content=\"1 dakika\" \/>\n<script type=\"application\/ld+json\" class=\"yoast-schema-graph\">{\"@context\":\"https:\\\/\\\/schema.org\",\"@graph\":[{\"@type\":\"NewsArticle\",\"@id\":\"https:\\\/\\\/e-ciftlik.com\\\/haberler\\\/spor\\\/real-madridde-arda-guler-krizi\\\/#article\",\"isPartOf\":{\"@id\":\"https:\\\/\\\/e-ciftlik.com\\\/haberler\\\/spor\\\/real-madridde-arda-guler-krizi\\\/\"},\"author\":{\"name\":\"Haber Merkezi\",\"@id\":\"https:\\\/\\\/e-ciftlik.com\\\/haberler\\\/#\\\/schema\\\/person\\\/d2f4fee3143d7f72be82cb887d51b00a\"},\"headline\":\"Real Madrid&#8217;de Arda G\u00fcler krizi!\",\"datePublished\":\"2025-02-17T05:02:23+00:00\",\"mainEntityOfPage\":{\"@id\":\"https:\\\/\\\/e-ciftlik.com\\\/haberler\\\/spor\\\/real-madridde-arda-guler-krizi\\\/\"},\"wordCount\":217,\"commentCount\":0,\"publisher\":{\"@id\":\"https:\\\/\\\/e-ciftlik.com\\\/haberler\\\/#organization\"},\"image\":{\"@id\":\"https:\\\/\\\/e-ciftlik.com\\\/haberler\\\/spor\\\/real-madridde-arda-guler-krizi\\\/#primaryimage\"},\"thumbnailUrl\":\"https:\\\/\\\/e-ciftlik.com\\\/haberler\\\/wp-content\\\/uploads\\\/2025\\\/02\\\/ancelottiden-arda-guler-aciklamasi-1739705079789.jpeg\",\"articleSection\":[\"Spor\"],\"inLanguage\":\"tr\",\"potentialAction\":[{\"@type\":\"CommentAction\",\"name\":\"Comment\",\"target\":[\"https:\\\/\\\/e-ciftlik.com\\\/haberler\\\/spor\\\/real-madridde-arda-guler-krizi\\\/#respond\"]}]},{\"@type\":\"WebPage\",\"@id\":\"https:\\\/\\\/e-ciftlik.com\\\/haberler\\\/spor\\\/real-madridde-arda-guler-krizi\\\/\",\"url\":\"https:\\\/\\\/e-ciftlik.com\\\/haberler\\\/spor\\\/real-madridde-arda-guler-krizi\\\/\",\"name\":\"Real Madrid'de Arda G\u00fcler krizi! - E-&Ccedil;\u0130FTL\u0130K HABER\",\"isPartOf\":{\"@id\":\"https:\\\/\\\/e-ciftlik.com\\\/haberler\\\/#website\"},\"primaryImageOfPage\":{\"@id\":\"https:\\\/\\\/e-ciftlik.com\\\/haberler\\\/spor\\\/real-madridde-arda-guler-krizi\\\/#primaryimage\"},\"image\":{\"@id\":\"https:\\\/\\\/e-ciftlik.com\\\/haberler\\\/spor\\\/real-madridde-arda-guler-krizi\\\/#primaryimage\"},\"thumbnailUrl\":\"https:\\\/\\\/e-ciftlik.com\\\/haberler\\\/wp-content\\\/uploads\\\/2025\\\/02\\\/ancelottiden-arda-guler-aciklamasi-1739705079789.jpeg\",\"datePublished\":\"2025-02-17T05:02:23+00:00\",\"description\":\"La Liga lideri Real Madrid, Osasuna kar\u015f\u0131s\u0131nda 2 puan b\u0131rakarak \u015fampiyonluk yar\u0131\u015f\u0131nda \u00f6nemli bir kay\u0131p ya\u015fad\u0131. ARDA G\u00dcLER Y\u0130NE S\u00dcRE ALAMADI Milli futbolcu\",\"breadcrumb\":{\"@id\":\"https:\\\/\\\/e-ciftlik.com\\\/haberler\\\/spor\\\/real-madridde-arda-guler-krizi\\\/#breadcrumb\"},\"inLanguage\":\"tr\",\"potentialAction\":[{\"@type\":\"ReadAction\",\"target\":[\"https:\\\/\\\/e-ciftlik.com\\\/haberler\\\/spor\\\/real-madridde-arda-guler-krizi\\\/\"]}]},{\"@type\":\"ImageObject\",\"inLanguage\":\"tr\",\"@id\":\"https:\\\/\\\/e-ciftlik.com\\\/haberler\\\/spor\\\/real-madridde-arda-guler-krizi\\\/#primaryimage\",\"url\":\"https:\\\/\\\/e-ciftlik.com\\\/haberler\\\/wp-content\\\/uploads\\\/2025\\\/02\\\/ancelottiden-arda-guler-aciklamasi-1739705079789.jpeg\",\"contentUrl\":\"https:\\\/\\\/e-ciftlik.com\\\/haberler\\\/wp-content\\\/uploads\\\/2025\\\/02\\\/ancelottiden-arda-guler-aciklamasi-1739705079789.jpeg\",\"width\":1200,\"height\":675},{\"@type\":\"BreadcrumbList\",\"@id\":\"https:\\\/\\\/e-ciftlik.com\\\/haberler\\\/spor\\\/real-madridde-arda-guler-krizi\\\/#breadcrumb\",\"itemListElement\":[{\"@type\":\"ListItem\",\"position\":1,\"name\":\"Anasayfa\",\"item\":\"https:\\\/\\\/e-ciftlik.com\\\/haberler\\\/\"},{\"@type\":\"ListItem\",\"position\":2,\"name\":\"Real Madrid&#8217;de Arda G\u00fcler krizi!\"}]},{\"@type\":\"WebSite\",\"@id\":\"https:\\\/\\\/e-ciftlik.com\\\/haberler\\\/#website\",\"url\":\"https:\\\/\\\/e-ciftlik.com\\\/haberler\\\/\",\"name\":\"E-\u00c7iftlik Haber | G\u00fcncel, Son Dakika Haberler, En Son Haber\",\"description\":\"\",\"publisher\":{\"@id\":\"https:\\\/\\\/e-ciftlik.com\\\/haberler\\\/#organization\"},\"potentialAction\":[{\"@type\":\"SearchAction\",\"target\":{\"@type\":\"EntryPoint\",\"urlTemplate\":\"https:\\\/\\\/e-ciftlik.com\\\/haberler\\\/?s={search_term_string}\"},\"query-input\":{\"@type\":\"PropertyValueSpecification\",\"valueRequired\":true,\"valueName\":\"search_term_string\"}}],\"inLanguage\":\"tr\"},{\"@type\":\"Organization\",\"@id\":\"https:\\\/\\\/e-ciftlik.com\\\/haberler\\\/#organization\",\"name\":\"E-\u00c7\u0130FTL\u0130K HABER\",\"url\":\"https:\\\/\\\/e-ciftlik.com\\\/haberler\\\/\",\"logo\":{\"@type\":\"ImageObject\",\"inLanguage\":\"tr\",\"@id\":\"https:\\\/\\\/e-ciftlik.com\\\/haberler\\\/#\\\/schema\\\/logo\\\/image\\\/\",\"url\":\"https:\\\/\\\/e-ciftlik.com\\\/haberler\\\/wp-content\\\/uploads\\\/2024\\\/06\\\/cropped-cropped-favicon-1-2.png\",\"contentUrl\":\"https:\\\/\\\/e-ciftlik.com\\\/haberler\\\/wp-content\\\/uploads\\\/2024\\\/06\\\/cropped-cropped-favicon-1-2.png\",\"width\":512,\"height\":512,\"caption\":\"E-\u00c7\u0130FTL\u0130K HABER\"},\"image\":{\"@id\":\"https:\\\/\\\/e-ciftlik.com\\\/haberler\\\/#\\\/schema\\\/logo\\\/image\\\/\"},\"sameAs\":[\"https:\\\/\\\/www.facebook.com\\\/eciftlikturkiye\",\"https:\\\/\\\/x.com\\\/eciftlikresmi\",\"https:\\\/\\\/www.instagram.com\\\/eciftlikresmi\\\/\"]},{\"@type\":\"Person\",\"@id\":\"https:\\\/\\\/e-ciftlik.com\\\/haberler\\\/#\\\/schema\\\/person\\\/d2f4fee3143d7f72be82cb887d51b00a\",\"name\":\"Haber Merkezi\",\"image\":{\"@type\":\"ImageObject\",\"inLanguage\":\"tr\",\"@id\":\"https:\\\/\\\/secure.gravatar.com\\\/avatar\\\/6c27d641914e66c1d0452c92716002398782818991d86db1c2cccb531e7c7c82?s=96&d=mm&r=g\",\"url\":\"https:\\\/\\\/secure.gravatar.com\\\/avatar\\\/6c27d641914e66c1d0452c92716002398782818991d86db1c2cccb531e7c7c82?s=96&d=mm&r=g\",\"contentUrl\":\"https:\\\/\\\/secure.gravatar.com\\\/avatar\\\/6c27d641914e66c1d0452c92716002398782818991d86db1c2cccb531e7c7c82?s=96&d=mm&r=g\",\"caption\":\"Haber Merkezi\"},\"sameAs\":[\"http:\\\/\\\/e-ciftlik.com\\\/haberler\"]}]}<\/script>\n<!-- \/ Yoast SEO Premium plugin. -->","yoast_head_json":{"title":"Real Madrid'de Arda G\u00fcler krizi! - E-&Ccedil;\u0130FTL\u0130K HABER","description":"La Liga lideri Real Madrid, Osasuna kar\u015f\u0131s\u0131nda 2 puan b\u0131rakarak \u015fampiyonluk yar\u0131\u015f\u0131nda \u00f6nemli bir kay\u0131p ya\u015fad\u0131. ARDA G\u00dcLER Y\u0130NE S\u00dcRE ALAMADI Milli futbolcu","robots":{"index":"index","follow":"follow","max-snippet":"max-snippet:-1","max-image-preview":"max-image-preview:large","max-video-preview":"max-video-preview:-1"},"canonical":"https:\/\/e-ciftlik.com\/haberler\/spor\/real-madridde-arda-guler-krizi\/","og_locale":"tr_TR","og_type":"article","og_title":"Real Madrid'de Arda G\u00fcler krizi!","og_description":"La Liga lideri Real Madrid, Osasuna kar\u015f\u0131s\u0131nda 2 puan b\u0131rakarak \u015fampiyonluk yar\u0131\u015f\u0131nda \u00f6nemli bir kay\u0131p ya\u015fad\u0131. ARDA G\u00dcLER Y\u0130NE S\u00dcRE ALAMADI Milli futbolcu","og_url":"https:\/\/e-ciftlik.com\/haberler\/spor\/real-madridde-arda-guler-krizi\/","og_site_name":"E-&Ccedil;\u0130FTL\u0130K HABER","article_publisher":"https:\/\/www.facebook.com\/eciftlikturkiye","article_published_time":"2025-02-17T05:02:23+00:00","og_image":[{"width":1200,"height":675,"url":"https:\/\/e-ciftlik.com\/haberler\/wp-content\/uploads\/2025\/02\/ancelottiden-arda-guler-aciklamasi-1739705079789.jpeg","type":"image\/jpeg"}],"author":"Haber Merkezi","twitter_card":"summary_large_image","twitter_creator":"@eciftlikresmi","twitter_site":"@eciftlikresmi","twitter_misc":{"Yazan:":"Haber Merkezi","Tahmini okuma s\u00fcresi":"1 dakika"},"schema":{"@context":"https:\/\/schema.org","@graph":[{"@type":"NewsArticle","@id":"https:\/\/e-ciftlik.com\/haberler\/spor\/real-madridde-arda-guler-krizi\/#article","isPartOf":{"@id":"https:\/\/e-ciftlik.com\/haberler\/spor\/real-madridde-arda-guler-krizi\/"},"author":{"name":"Haber Merkezi","@id":"https:\/\/e-ciftlik.com\/haberler\/#\/schema\/person\/d2f4fee3143d7f72be82cb887d51b00a"},"headline":"Real Madrid&#8217;de Arda G\u00fcler krizi!","datePublished":"2025-02-17T05:02:23+00:00","mainEntityOfPage":{"@id":"https:\/\/e-ciftlik.com\/haberler\/spor\/real-madridde-arda-guler-krizi\/"},"wordCount":217,"commentCount":0,"publisher":{"@id":"https:\/\/e-ciftlik.com\/haberler\/#organization"},"image":{"@id":"https:\/\/e-ciftlik.com\/haberler\/spor\/real-madridde-arda-guler-krizi\/#primaryimage"},"thumbnailUrl":"https:\/\/e-ciftlik.com\/haberler\/wp-content\/uploads\/2025\/02\/ancelottiden-arda-guler-aciklamasi-1739705079789.jpeg","articleSection":["Spor"],"inLanguage":"tr","potentialAction":[{"@type":"CommentAction","name":"Comment","target":["https:\/\/e-ciftlik.com\/haberler\/spor\/real-madridde-arda-guler-krizi\/#respond"]}]},{"@type":"WebPage","@id":"https:\/\/e-ciftlik.com\/haberler\/spor\/real-madridde-arda-guler-krizi\/","url":"https:\/\/e-ciftlik.com\/haberler\/spor\/real-madridde-arda-guler-krizi\/","name":"Real Madrid'de Arda G\u00fcler krizi! - E-&Ccedil;\u0130FTL\u0130K HABER","isPartOf":{"@id":"https:\/\/e-ciftlik.com\/haberler\/#website"},"primaryImageOfPage":{"@id":"https:\/\/e-ciftlik.com\/haberler\/spor\/real-madridde-arda-guler-krizi\/#primaryimage"},"image":{"@id":"https:\/\/e-ciftlik.com\/haberler\/spor\/real-madridde-arda-guler-krizi\/#primaryimage"},"thumbnailUrl":"https:\/\/e-ciftlik.com\/haberler\/wp-content\/uploads\/2025\/02\/ancelottiden-arda-guler-aciklamasi-1739705079789.jpeg","datePublished":"2025-02-17T05:02:23+00:00","description":"La Liga lideri Real Madrid, Osasuna kar\u015f\u0131s\u0131nda 2 puan b\u0131rakarak \u015fampiyonluk yar\u0131\u015f\u0131nda \u00f6nemli bir kay\u0131p ya\u015fad\u0131. ARDA G\u00dcLER Y\u0130NE S\u00dcRE ALAMADI Milli futbolcu","breadcrumb":{"@id":"https:\/\/e-ciftlik.com\/haberler\/spor\/real-madridde-arda-guler-krizi\/#breadcrumb"},"inLanguage":"tr","potentialAction":[{"@type":"ReadAction","target":["https:\/\/e-ciftlik.com\/haberler\/spor\/real-madridde-arda-guler-krizi\/"]}]},{"@type":"ImageObject","inLanguage":"tr","@id":"https:\/\/e-ciftlik.com\/haberler\/spor\/real-madridde-arda-guler-krizi\/#primaryimage","url":"https:\/\/e-ciftlik.com\/haberler\/wp-content\/uploads\/2025\/02\/ancelottiden-arda-guler-aciklamasi-1739705079789.jpeg","contentUrl":"https:\/\/e-ciftlik.com\/haberler\/wp-content\/uploads\/2025\/02\/ancelottiden-arda-guler-aciklamasi-1739705079789.jpeg","width":1200,"height":675},{"@type":"BreadcrumbList","@id":"https:\/\/e-ciftlik.com\/haberler\/spor\/real-madridde-arda-guler-krizi\/#breadcrumb","itemListElement":[{"@type":"ListItem","position":1,"name":"Anasayfa","item":"https:\/\/e-ciftlik.com\/haberler\/"},{"@type":"ListItem","position":2,"name":"Real Madrid&#8217;de Arda G\u00fcler krizi!"}]},{"@type":"WebSite","@id":"https:\/\/e-ciftlik.com\/haberler\/#website","url":"https:\/\/e-ciftlik.com\/haberler\/","name":"E-\u00c7iftlik Haber | G\u00fcncel, Son Dakika Haberler, En Son Haber","description":"","publisher":{"@id":"https:\/\/e-ciftlik.com\/haberler\/#organization"},"potentialAction":[{"@type":"SearchAction","target":{"@type":"EntryPoint","urlTemplate":"https:\/\/e-ciftlik.com\/haberler\/?s={search_term_string}"},"query-input":{"@type":"PropertyValueSpecification","valueRequired":true,"valueName":"search_term_string"}}],"inLanguage":"tr"},{"@type":"Organization","@id":"https:\/\/e-ciftlik.com\/haberler\/#organization","name":"E-\u00c7\u0130FTL\u0130K HABER","url":"https:\/\/e-ciftlik.com\/haberler\/","logo":{"@type":"ImageObject","inLanguage":"tr","@id":"https:\/\/e-ciftlik.com\/haberler\/#\/schema\/logo\/image\/","url":"https:\/\/e-ciftlik.com\/haberler\/wp-content\/uploads\/2024\/06\/cropped-cropped-favicon-1-2.png","contentUrl":"https:\/\/e-ciftlik.com\/haberler\/wp-content\/uploads\/2024\/06\/cropped-cropped-favicon-1-2.png","width":512,"height":512,"caption":"E-\u00c7\u0130FTL\u0130K HABER"},"image":{"@id":"https:\/\/e-ciftlik.com\/haberler\/#\/schema\/logo\/image\/"},"sameAs":["https:\/\/www.facebook.com\/eciftlikturkiye","https:\/\/x.com\/eciftlikresmi","https:\/\/www.instagram.com\/eciftlikresmi\/"]},{"@type":"Person","@id":"https:\/\/e-ciftlik.com\/haberler\/#\/schema\/person\/d2f4fee3143d7f72be82cb887d51b00a","name":"Haber Merkezi","image":{"@type":"ImageObject","inLanguage":"tr","@id":"https:\/\/secure.gravatar.com\/avatar\/6c27d641914e66c1d0452c92716002398782818991d86db1c2cccb531e7c7c82?s=96&d=mm&r=g","url":"https:\/\/secure.gravatar.com\/avatar\/6c27d641914e66c1d0452c92716002398782818991d86db1c2cccb531e7c7c82?s=96&d=mm&r=g","contentUrl":"https:\/\/secure.gravatar.com\/avatar\/6c27d641914e66c1d0452c92716002398782818991d86db1c2cccb531e7c7c82?s=96&d=mm&r=g","caption":"Haber Merkezi"},"sameAs":["http:\/\/e-ciftlik.com\/haberler"]}]}},"_links":{"self":[{"href":"https:\/\/e-ciftlik.com\/haberler\/wp-json\/wp\/v2\/posts\/81189","targetHints":{"allow":["GET"]}}],"collection":[{"href":"https:\/\/e-ciftlik.com\/haberler\/wp-json\/wp\/v2\/posts"}],"about":[{"href":"https:\/\/e-ciftlik.com\/haberler\/wp-json\/wp\/v2\/types\/post"}],"author":[{"embeddable":true,"href":"https:\/\/e-ciftlik.com\/haberler\/wp-json\/wp\/v2\/users\/1"}],"replies":[{"embeddable":true,"href":"https:\/\/e-ciftlik.com\/haberler\/wp-json\/wp\/v2\/comments?post=81189"}],"version-history":[{"count":0,"href":"https:\/\/e-ciftlik.com\/haberler\/wp-json\/wp\/v2\/posts\/81189\/revisions"}],"wp:featuredmedia":[{"embeddable":true,"href":"https:\/\/e-ciftlik.com\/haberler\/wp-json\/wp\/v2\/media\/81190"}],"wp:attachment":[{"href":"https:\/\/e-ciftlik.com\/haberler\/wp-json\/wp\/v2\/media?parent=81189"}],"wp:term":[{"taxonomy":"category","embeddable":true,"href":"https:\/\/e-ciftlik.com\/haberler\/wp-json\/wp\/v2\/categories?post=81189"},{"taxonomy":"post_tag","embeddable":true,"href":"https:\/\/e-ciftlik.com\/haberler\/wp-json\/wp\/v2\/tags?post=81189"}],"curies":[{"name":"wp","href":"https:\/\/api.w.org\/{rel}","templated":true}]}}