{"id":81252,"date":"2025-02-17T10:37:02","date_gmt":"2025-02-17T10:37:02","guid":{"rendered":"http:\/\/e-ciftlik.com\/haberler\/spor\/barcelona-rayo-vallecanoyi-agirliyor-mac-detaylari-burada\/"},"modified":"2025-02-17T10:37:02","modified_gmt":"2025-02-17T10:37:02","slug":"barcelona-rayo-vallecanoyi-agirliyor-mac-detaylari-burada","status":"publish","type":"post","link":"https:\/\/e-ciftlik.com\/haberler\/spor\/barcelona-rayo-vallecanoyi-agirliyor-mac-detaylari-burada\/","title":{"rendered":"&#8220;Barcelona, Rayo Vallecano&#8217;y\u0131 a\u011f\u0131rl\u0131yor! Ma\u00e7 detaylar\u0131 burada&#8221;"},"content":{"rendered":"<p> \u0130spanya La Liga&#8217;da heyecan devam ediyor. Barcelona, Rayo Vallecano&#8217;yu evinde a\u011f\u0131rlayacak. Real Madrid&#8217;in Osasuna deplasman\u0131nda puan kaybetti\u011fi haftada hata yapmak istemeyen Katalan ekibi, \u00fcst \u00fcste d\u00f6rd\u00fcnc\u00fc galibiyetini almay\u0131 hedefliyor. Hans Flick y\u00f6netiminde birinci s\u0131radan \u00fc\u00e7\u00fcnc\u00fc s\u0131raya gerileyen ev sahibi tak\u0131m, taraftar\u0131 \u00f6n\u00fcnde puan fark\u0131n\u0131 kapatmay\u0131 ama\u00e7l\u0131yor. Lamine Yamal ve Raphinha gibi \u00f6nemli isimlerle gol yollar\u0131nda etkili olmaya \u00e7al\u0131\u015fan ev sahibi tak\u0131m, 23 haftan\u0131n sonunda 48 puan toplad\u0131. Ma\u00e7 \u00f6ncesi merak edilen konular aras\u0131nda kar\u015f\u0131la\u015fman\u0131n yay\u0131n saati, hangi kanalda yay\u0131nlanaca\u011f\u0131 ve muhtemel ilk 11&#8217;ler yer al\u0131yor. Barcelona-Rayo Vallecano ma\u00e7\u0131 ne zaman, saat ka\u00e7ta ve hangi kanalda oynanacak? \u0130\u015fte detaylar&#8230;<\/p>\n<p>Futbol Haberleri<\/p>\n<p>Yay\u0131n Tarihi: 17.02.2025- 13:30 G\u00fcncelleme Tarihi: 17.02.2025- 13:30<\/p>\n","protected":false},"excerpt":{"rendered":"<p>\u0130spanya La Liga&#8217;da heyecan devam ediyor. Barcelona, Rayo Vallecano&#8217;yu evinde a\u011f\u0131rlayacak. Real Madrid&#8217;in Osasuna deplasman\u0131nda&hellip;<\/p>\n","protected":false},"author":1,"featured_media":81253,"comment_status":"open","ping_status":"open","sticky":false,"template":"","format":"standard","meta":{"footnotes":""},"categories":[7],"tags":[],"class_list":["post-81252","post","type-post","status-publish","format-standard","has-post-thumbnail","hentry","category-spor"],"yoast_head":"<!-- This site is optimized with the Yoast SEO Premium plugin v24.3 (Yoast SEO v27.4) - https:\/\/yoast.com\/product\/yoast-seo-premium-wordpress\/ -->\n<title>&quot;Barcelona, Rayo Vallecano&#039;y\u0131 a\u011f\u0131rl\u0131yor! Ma\u00e7 detaylar\u0131 burada&quot; - E-&Ccedil;\u0130FTL\u0130K HABER<\/title>\n<meta name=\"description\" content=\"\u0130spanya La Liga&#039;da heyecan devam ediyor. Barcelona, Rayo Vallecano&#039;yu evinde a\u011f\u0131rlayacak. Real Madrid&#039;in Osasuna deplasman\u0131nda puan kaybetti\u011fi haftada\" \/>\n<meta name=\"robots\" content=\"index, follow, max-snippet:-1, max-image-preview:large, max-video-preview:-1\" \/>\n<link rel=\"canonical\" href=\"https:\/\/e-ciftlik.com\/haberler\/spor\/barcelona-rayo-vallecanoyi-agirliyor-mac-detaylari-burada\/\" \/>\n<meta property=\"og:locale\" content=\"tr_TR\" \/>\n<meta property=\"og:type\" content=\"article\" \/>\n<meta property=\"og:title\" content=\"&quot;Barcelona, Rayo Vallecano&#039;y\u0131 a\u011f\u0131rl\u0131yor! Ma\u00e7 detaylar\u0131 burada&quot;\" \/>\n<meta property=\"og:description\" content=\"\u0130spanya La Liga&#039;da heyecan devam ediyor. Barcelona, Rayo Vallecano&#039;yu evinde a\u011f\u0131rlayacak. Real Madrid&#039;in Osasuna deplasman\u0131nda puan kaybetti\u011fi haftada\" \/>\n<meta property=\"og:url\" content=\"https:\/\/e-ciftlik.com\/haberler\/spor\/barcelona-rayo-vallecanoyi-agirliyor-mac-detaylari-burada\/\" \/>\n<meta property=\"og:site_name\" content=\"E-&Ccedil;\u0130FTL\u0130K HABER\" \/>\n<meta property=\"article:publisher\" content=\"https:\/\/www.facebook.com\/eciftlikturkiye\" \/>\n<meta property=\"article:published_time\" content=\"2025-02-17T10:37:02+00:00\" \/>\n<meta property=\"og:image\" content=\"https:\/\/e-ciftlik.com\/haberler\/wp-content\/uploads\/2025\/02\/barcelona-rayo-vallecano-maci-ne-zaman-saat-kacta-ve-hangi-kanalda-ispanya-la-liga-1739787483841.jpg\" \/>\n\t<meta property=\"og:image:width\" content=\"1200\" \/>\n\t<meta property=\"og:image:height\" content=\"675\" \/>\n\t<meta property=\"og:image:type\" content=\"image\/jpeg\" \/>\n<meta name=\"author\" content=\"Haber Merkezi\" \/>\n<meta name=\"twitter:card\" content=\"summary_large_image\" \/>\n<meta name=\"twitter:creator\" content=\"@eciftlikresmi\" \/>\n<meta name=\"twitter:site\" content=\"@eciftlikresmi\" \/>\n<meta name=\"twitter:label1\" content=\"Yazan:\" \/>\n\t<meta name=\"twitter:data1\" content=\"Haber Merkezi\" \/>\n\t<meta name=\"twitter:label2\" content=\"Tahmini okuma s\u00fcresi\" \/>\n\t<meta name=\"twitter:data2\" content=\"1 dakika\" \/>\n<script type=\"application\/ld+json\" class=\"yoast-schema-graph\">{\"@context\":\"https:\\\/\\\/schema.org\",\"@graph\":[{\"@type\":\"NewsArticle\",\"@id\":\"https:\\\/\\\/e-ciftlik.com\\\/haberler\\\/spor\\\/barcelona-rayo-vallecanoyi-agirliyor-mac-detaylari-burada\\\/#article\",\"isPartOf\":{\"@id\":\"https:\\\/\\\/e-ciftlik.com\\\/haberler\\\/spor\\\/barcelona-rayo-vallecanoyi-agirliyor-mac-detaylari-burada\\\/\"},\"author\":{\"name\":\"Haber Merkezi\",\"@id\":\"https:\\\/\\\/e-ciftlik.com\\\/haberler\\\/#\\\/schema\\\/person\\\/d2f4fee3143d7f72be82cb887d51b00a\"},\"headline\":\"&#8220;Barcelona, Rayo Vallecano&#8217;y\u0131 a\u011f\u0131rl\u0131yor! Ma\u00e7 detaylar\u0131 burada&#8221;\",\"datePublished\":\"2025-02-17T10:37:02+00:00\",\"mainEntityOfPage\":{\"@id\":\"https:\\\/\\\/e-ciftlik.com\\\/haberler\\\/spor\\\/barcelona-rayo-vallecanoyi-agirliyor-mac-detaylari-burada\\\/\"},\"wordCount\":144,\"commentCount\":0,\"publisher\":{\"@id\":\"https:\\\/\\\/e-ciftlik.com\\\/haberler\\\/#organization\"},\"image\":{\"@id\":\"https:\\\/\\\/e-ciftlik.com\\\/haberler\\\/spor\\\/barcelona-rayo-vallecanoyi-agirliyor-mac-detaylari-burada\\\/#primaryimage\"},\"thumbnailUrl\":\"https:\\\/\\\/e-ciftlik.com\\\/haberler\\\/wp-content\\\/uploads\\\/2025\\\/02\\\/barcelona-rayo-vallecano-maci-ne-zaman-saat-kacta-ve-hangi-kanalda-ispanya-la-liga-1739787483841.jpg\",\"articleSection\":[\"Spor\"],\"inLanguage\":\"tr\",\"potentialAction\":[{\"@type\":\"CommentAction\",\"name\":\"Comment\",\"target\":[\"https:\\\/\\\/e-ciftlik.com\\\/haberler\\\/spor\\\/barcelona-rayo-vallecanoyi-agirliyor-mac-detaylari-burada\\\/#respond\"]}]},{\"@type\":\"WebPage\",\"@id\":\"https:\\\/\\\/e-ciftlik.com\\\/haberler\\\/spor\\\/barcelona-rayo-vallecanoyi-agirliyor-mac-detaylari-burada\\\/\",\"url\":\"https:\\\/\\\/e-ciftlik.com\\\/haberler\\\/spor\\\/barcelona-rayo-vallecanoyi-agirliyor-mac-detaylari-burada\\\/\",\"name\":\"\\\"Barcelona, Rayo Vallecano'y\u0131 a\u011f\u0131rl\u0131yor! Ma\u00e7 detaylar\u0131 burada\\\" - E-&Ccedil;\u0130FTL\u0130K HABER\",\"isPartOf\":{\"@id\":\"https:\\\/\\\/e-ciftlik.com\\\/haberler\\\/#website\"},\"primaryImageOfPage\":{\"@id\":\"https:\\\/\\\/e-ciftlik.com\\\/haberler\\\/spor\\\/barcelona-rayo-vallecanoyi-agirliyor-mac-detaylari-burada\\\/#primaryimage\"},\"image\":{\"@id\":\"https:\\\/\\\/e-ciftlik.com\\\/haberler\\\/spor\\\/barcelona-rayo-vallecanoyi-agirliyor-mac-detaylari-burada\\\/#primaryimage\"},\"thumbnailUrl\":\"https:\\\/\\\/e-ciftlik.com\\\/haberler\\\/wp-content\\\/uploads\\\/2025\\\/02\\\/barcelona-rayo-vallecano-maci-ne-zaman-saat-kacta-ve-hangi-kanalda-ispanya-la-liga-1739787483841.jpg\",\"datePublished\":\"2025-02-17T10:37:02+00:00\",\"description\":\"\u0130spanya La Liga'da heyecan devam ediyor. Barcelona, Rayo Vallecano'yu evinde a\u011f\u0131rlayacak. Real Madrid'in Osasuna deplasman\u0131nda puan kaybetti\u011fi haftada\",\"breadcrumb\":{\"@id\":\"https:\\\/\\\/e-ciftlik.com\\\/haberler\\\/spor\\\/barcelona-rayo-vallecanoyi-agirliyor-mac-detaylari-burada\\\/#breadcrumb\"},\"inLanguage\":\"tr\",\"potentialAction\":[{\"@type\":\"ReadAction\",\"target\":[\"https:\\\/\\\/e-ciftlik.com\\\/haberler\\\/spor\\\/barcelona-rayo-vallecanoyi-agirliyor-mac-detaylari-burada\\\/\"]}]},{\"@type\":\"ImageObject\",\"inLanguage\":\"tr\",\"@id\":\"https:\\\/\\\/e-ciftlik.com\\\/haberler\\\/spor\\\/barcelona-rayo-vallecanoyi-agirliyor-mac-detaylari-burada\\\/#primaryimage\",\"url\":\"https:\\\/\\\/e-ciftlik.com\\\/haberler\\\/wp-content\\\/uploads\\\/2025\\\/02\\\/barcelona-rayo-vallecano-maci-ne-zaman-saat-kacta-ve-hangi-kanalda-ispanya-la-liga-1739787483841.jpg\",\"contentUrl\":\"https:\\\/\\\/e-ciftlik.com\\\/haberler\\\/wp-content\\\/uploads\\\/2025\\\/02\\\/barcelona-rayo-vallecano-maci-ne-zaman-saat-kacta-ve-hangi-kanalda-ispanya-la-liga-1739787483841.jpg\",\"width\":1200,\"height\":675},{\"@type\":\"BreadcrumbList\",\"@id\":\"https:\\\/\\\/e-ciftlik.com\\\/haberler\\\/spor\\\/barcelona-rayo-vallecanoyi-agirliyor-mac-detaylari-burada\\\/#breadcrumb\",\"itemListElement\":[{\"@type\":\"ListItem\",\"position\":1,\"name\":\"Anasayfa\",\"item\":\"https:\\\/\\\/e-ciftlik.com\\\/haberler\\\/\"},{\"@type\":\"ListItem\",\"position\":2,\"name\":\"&#8220;Barcelona, Rayo Vallecano&#8217;y\u0131 a\u011f\u0131rl\u0131yor! Ma\u00e7 detaylar\u0131 burada&#8221;\"}]},{\"@type\":\"WebSite\",\"@id\":\"https:\\\/\\\/e-ciftlik.com\\\/haberler\\\/#website\",\"url\":\"https:\\\/\\\/e-ciftlik.com\\\/haberler\\\/\",\"name\":\"E-\u00c7iftlik Haber | G\u00fcncel, Son Dakika Haberler, En Son Haber\",\"description\":\"\",\"publisher\":{\"@id\":\"https:\\\/\\\/e-ciftlik.com\\\/haberler\\\/#organization\"},\"potentialAction\":[{\"@type\":\"SearchAction\",\"target\":{\"@type\":\"EntryPoint\",\"urlTemplate\":\"https:\\\/\\\/e-ciftlik.com\\\/haberler\\\/?s={search_term_string}\"},\"query-input\":{\"@type\":\"PropertyValueSpecification\",\"valueRequired\":true,\"valueName\":\"search_term_string\"}}],\"inLanguage\":\"tr\"},{\"@type\":\"Organization\",\"@id\":\"https:\\\/\\\/e-ciftlik.com\\\/haberler\\\/#organization\",\"name\":\"E-\u00c7\u0130FTL\u0130K HABER\",\"url\":\"https:\\\/\\\/e-ciftlik.com\\\/haberler\\\/\",\"logo\":{\"@type\":\"ImageObject\",\"inLanguage\":\"tr\",\"@id\":\"https:\\\/\\\/e-ciftlik.com\\\/haberler\\\/#\\\/schema\\\/logo\\\/image\\\/\",\"url\":\"https:\\\/\\\/e-ciftlik.com\\\/haberler\\\/wp-content\\\/uploads\\\/2024\\\/06\\\/cropped-cropped-favicon-1-2.png\",\"contentUrl\":\"https:\\\/\\\/e-ciftlik.com\\\/haberler\\\/wp-content\\\/uploads\\\/2024\\\/06\\\/cropped-cropped-favicon-1-2.png\",\"width\":512,\"height\":512,\"caption\":\"E-\u00c7\u0130FTL\u0130K HABER\"},\"image\":{\"@id\":\"https:\\\/\\\/e-ciftlik.com\\\/haberler\\\/#\\\/schema\\\/logo\\\/image\\\/\"},\"sameAs\":[\"https:\\\/\\\/www.facebook.com\\\/eciftlikturkiye\",\"https:\\\/\\\/x.com\\\/eciftlikresmi\",\"https:\\\/\\\/www.instagram.com\\\/eciftlikresmi\\\/\"]},{\"@type\":\"Person\",\"@id\":\"https:\\\/\\\/e-ciftlik.com\\\/haberler\\\/#\\\/schema\\\/person\\\/d2f4fee3143d7f72be82cb887d51b00a\",\"name\":\"Haber Merkezi\",\"image\":{\"@type\":\"ImageObject\",\"inLanguage\":\"tr\",\"@id\":\"https:\\\/\\\/secure.gravatar.com\\\/avatar\\\/6c27d641914e66c1d0452c92716002398782818991d86db1c2cccb531e7c7c82?s=96&d=mm&r=g\",\"url\":\"https:\\\/\\\/secure.gravatar.com\\\/avatar\\\/6c27d641914e66c1d0452c92716002398782818991d86db1c2cccb531e7c7c82?s=96&d=mm&r=g\",\"contentUrl\":\"https:\\\/\\\/secure.gravatar.com\\\/avatar\\\/6c27d641914e66c1d0452c92716002398782818991d86db1c2cccb531e7c7c82?s=96&d=mm&r=g\",\"caption\":\"Haber Merkezi\"},\"sameAs\":[\"http:\\\/\\\/e-ciftlik.com\\\/haberler\"]}]}<\/script>\n<!-- \/ Yoast SEO Premium plugin. -->","yoast_head_json":{"title":"\"Barcelona, Rayo Vallecano'y\u0131 a\u011f\u0131rl\u0131yor! Ma\u00e7 detaylar\u0131 burada\" - E-&Ccedil;\u0130FTL\u0130K HABER","description":"\u0130spanya La Liga'da heyecan devam ediyor. Barcelona, Rayo Vallecano'yu evinde a\u011f\u0131rlayacak. Real Madrid'in Osasuna deplasman\u0131nda puan kaybetti\u011fi haftada","robots":{"index":"index","follow":"follow","max-snippet":"max-snippet:-1","max-image-preview":"max-image-preview:large","max-video-preview":"max-video-preview:-1"},"canonical":"https:\/\/e-ciftlik.com\/haberler\/spor\/barcelona-rayo-vallecanoyi-agirliyor-mac-detaylari-burada\/","og_locale":"tr_TR","og_type":"article","og_title":"\"Barcelona, Rayo Vallecano'y\u0131 a\u011f\u0131rl\u0131yor! Ma\u00e7 detaylar\u0131 burada\"","og_description":"\u0130spanya La Liga'da heyecan devam ediyor. Barcelona, Rayo Vallecano'yu evinde a\u011f\u0131rlayacak. Real Madrid'in Osasuna deplasman\u0131nda puan kaybetti\u011fi haftada","og_url":"https:\/\/e-ciftlik.com\/haberler\/spor\/barcelona-rayo-vallecanoyi-agirliyor-mac-detaylari-burada\/","og_site_name":"E-&Ccedil;\u0130FTL\u0130K HABER","article_publisher":"https:\/\/www.facebook.com\/eciftlikturkiye","article_published_time":"2025-02-17T10:37:02+00:00","og_image":[{"width":1200,"height":675,"url":"https:\/\/e-ciftlik.com\/haberler\/wp-content\/uploads\/2025\/02\/barcelona-rayo-vallecano-maci-ne-zaman-saat-kacta-ve-hangi-kanalda-ispanya-la-liga-1739787483841.jpg","type":"image\/jpeg"}],"author":"Haber Merkezi","twitter_card":"summary_large_image","twitter_creator":"@eciftlikresmi","twitter_site":"@eciftlikresmi","twitter_misc":{"Yazan:":"Haber Merkezi","Tahmini okuma s\u00fcresi":"1 dakika"},"schema":{"@context":"https:\/\/schema.org","@graph":[{"@type":"NewsArticle","@id":"https:\/\/e-ciftlik.com\/haberler\/spor\/barcelona-rayo-vallecanoyi-agirliyor-mac-detaylari-burada\/#article","isPartOf":{"@id":"https:\/\/e-ciftlik.com\/haberler\/spor\/barcelona-rayo-vallecanoyi-agirliyor-mac-detaylari-burada\/"},"author":{"name":"Haber Merkezi","@id":"https:\/\/e-ciftlik.com\/haberler\/#\/schema\/person\/d2f4fee3143d7f72be82cb887d51b00a"},"headline":"&#8220;Barcelona, Rayo Vallecano&#8217;y\u0131 a\u011f\u0131rl\u0131yor! Ma\u00e7 detaylar\u0131 burada&#8221;","datePublished":"2025-02-17T10:37:02+00:00","mainEntityOfPage":{"@id":"https:\/\/e-ciftlik.com\/haberler\/spor\/barcelona-rayo-vallecanoyi-agirliyor-mac-detaylari-burada\/"},"wordCount":144,"commentCount":0,"publisher":{"@id":"https:\/\/e-ciftlik.com\/haberler\/#organization"},"image":{"@id":"https:\/\/e-ciftlik.com\/haberler\/spor\/barcelona-rayo-vallecanoyi-agirliyor-mac-detaylari-burada\/#primaryimage"},"thumbnailUrl":"https:\/\/e-ciftlik.com\/haberler\/wp-content\/uploads\/2025\/02\/barcelona-rayo-vallecano-maci-ne-zaman-saat-kacta-ve-hangi-kanalda-ispanya-la-liga-1739787483841.jpg","articleSection":["Spor"],"inLanguage":"tr","potentialAction":[{"@type":"CommentAction","name":"Comment","target":["https:\/\/e-ciftlik.com\/haberler\/spor\/barcelona-rayo-vallecanoyi-agirliyor-mac-detaylari-burada\/#respond"]}]},{"@type":"WebPage","@id":"https:\/\/e-ciftlik.com\/haberler\/spor\/barcelona-rayo-vallecanoyi-agirliyor-mac-detaylari-burada\/","url":"https:\/\/e-ciftlik.com\/haberler\/spor\/barcelona-rayo-vallecanoyi-agirliyor-mac-detaylari-burada\/","name":"\"Barcelona, Rayo Vallecano'y\u0131 a\u011f\u0131rl\u0131yor! Ma\u00e7 detaylar\u0131 burada\" - E-&Ccedil;\u0130FTL\u0130K HABER","isPartOf":{"@id":"https:\/\/e-ciftlik.com\/haberler\/#website"},"primaryImageOfPage":{"@id":"https:\/\/e-ciftlik.com\/haberler\/spor\/barcelona-rayo-vallecanoyi-agirliyor-mac-detaylari-burada\/#primaryimage"},"image":{"@id":"https:\/\/e-ciftlik.com\/haberler\/spor\/barcelona-rayo-vallecanoyi-agirliyor-mac-detaylari-burada\/#primaryimage"},"thumbnailUrl":"https:\/\/e-ciftlik.com\/haberler\/wp-content\/uploads\/2025\/02\/barcelona-rayo-vallecano-maci-ne-zaman-saat-kacta-ve-hangi-kanalda-ispanya-la-liga-1739787483841.jpg","datePublished":"2025-02-17T10:37:02+00:00","description":"\u0130spanya La Liga'da heyecan devam ediyor. Barcelona, Rayo Vallecano'yu evinde a\u011f\u0131rlayacak. Real Madrid'in Osasuna deplasman\u0131nda puan kaybetti\u011fi haftada","breadcrumb":{"@id":"https:\/\/e-ciftlik.com\/haberler\/spor\/barcelona-rayo-vallecanoyi-agirliyor-mac-detaylari-burada\/#breadcrumb"},"inLanguage":"tr","potentialAction":[{"@type":"ReadAction","target":["https:\/\/e-ciftlik.com\/haberler\/spor\/barcelona-rayo-vallecanoyi-agirliyor-mac-detaylari-burada\/"]}]},{"@type":"ImageObject","inLanguage":"tr","@id":"https:\/\/e-ciftlik.com\/haberler\/spor\/barcelona-rayo-vallecanoyi-agirliyor-mac-detaylari-burada\/#primaryimage","url":"https:\/\/e-ciftlik.com\/haberler\/wp-content\/uploads\/2025\/02\/barcelona-rayo-vallecano-maci-ne-zaman-saat-kacta-ve-hangi-kanalda-ispanya-la-liga-1739787483841.jpg","contentUrl":"https:\/\/e-ciftlik.com\/haberler\/wp-content\/uploads\/2025\/02\/barcelona-rayo-vallecano-maci-ne-zaman-saat-kacta-ve-hangi-kanalda-ispanya-la-liga-1739787483841.jpg","width":1200,"height":675},{"@type":"BreadcrumbList","@id":"https:\/\/e-ciftlik.com\/haberler\/spor\/barcelona-rayo-vallecanoyi-agirliyor-mac-detaylari-burada\/#breadcrumb","itemListElement":[{"@type":"ListItem","position":1,"name":"Anasayfa","item":"https:\/\/e-ciftlik.com\/haberler\/"},{"@type":"ListItem","position":2,"name":"&#8220;Barcelona, Rayo Vallecano&#8217;y\u0131 a\u011f\u0131rl\u0131yor! Ma\u00e7 detaylar\u0131 burada&#8221;"}]},{"@type":"WebSite","@id":"https:\/\/e-ciftlik.com\/haberler\/#website","url":"https:\/\/e-ciftlik.com\/haberler\/","name":"E-\u00c7iftlik Haber | G\u00fcncel, Son Dakika Haberler, En Son Haber","description":"","publisher":{"@id":"https:\/\/e-ciftlik.com\/haberler\/#organization"},"potentialAction":[{"@type":"SearchAction","target":{"@type":"EntryPoint","urlTemplate":"https:\/\/e-ciftlik.com\/haberler\/?s={search_term_string}"},"query-input":{"@type":"PropertyValueSpecification","valueRequired":true,"valueName":"search_term_string"}}],"inLanguage":"tr"},{"@type":"Organization","@id":"https:\/\/e-ciftlik.com\/haberler\/#organization","name":"E-\u00c7\u0130FTL\u0130K HABER","url":"https:\/\/e-ciftlik.com\/haberler\/","logo":{"@type":"ImageObject","inLanguage":"tr","@id":"https:\/\/e-ciftlik.com\/haberler\/#\/schema\/logo\/image\/","url":"https:\/\/e-ciftlik.com\/haberler\/wp-content\/uploads\/2024\/06\/cropped-cropped-favicon-1-2.png","contentUrl":"https:\/\/e-ciftlik.com\/haberler\/wp-content\/uploads\/2024\/06\/cropped-cropped-favicon-1-2.png","width":512,"height":512,"caption":"E-\u00c7\u0130FTL\u0130K HABER"},"image":{"@id":"https:\/\/e-ciftlik.com\/haberler\/#\/schema\/logo\/image\/"},"sameAs":["https:\/\/www.facebook.com\/eciftlikturkiye","https:\/\/x.com\/eciftlikresmi","https:\/\/www.instagram.com\/eciftlikresmi\/"]},{"@type":"Person","@id":"https:\/\/e-ciftlik.com\/haberler\/#\/schema\/person\/d2f4fee3143d7f72be82cb887d51b00a","name":"Haber Merkezi","image":{"@type":"ImageObject","inLanguage":"tr","@id":"https:\/\/secure.gravatar.com\/avatar\/6c27d641914e66c1d0452c92716002398782818991d86db1c2cccb531e7c7c82?s=96&d=mm&r=g","url":"https:\/\/secure.gravatar.com\/avatar\/6c27d641914e66c1d0452c92716002398782818991d86db1c2cccb531e7c7c82?s=96&d=mm&r=g","contentUrl":"https:\/\/secure.gravatar.com\/avatar\/6c27d641914e66c1d0452c92716002398782818991d86db1c2cccb531e7c7c82?s=96&d=mm&r=g","caption":"Haber Merkezi"},"sameAs":["http:\/\/e-ciftlik.com\/haberler"]}]}},"_links":{"self":[{"href":"https:\/\/e-ciftlik.com\/haberler\/wp-json\/wp\/v2\/posts\/81252","targetHints":{"allow":["GET"]}}],"collection":[{"href":"https:\/\/e-ciftlik.com\/haberler\/wp-json\/wp\/v2\/posts"}],"about":[{"href":"https:\/\/e-ciftlik.com\/haberler\/wp-json\/wp\/v2\/types\/post"}],"author":[{"embeddable":true,"href":"https:\/\/e-ciftlik.com\/haberler\/wp-json\/wp\/v2\/users\/1"}],"replies":[{"embeddable":true,"href":"https:\/\/e-ciftlik.com\/haberler\/wp-json\/wp\/v2\/comments?post=81252"}],"version-history":[{"count":0,"href":"https:\/\/e-ciftlik.com\/haberler\/wp-json\/wp\/v2\/posts\/81252\/revisions"}],"wp:featuredmedia":[{"embeddable":true,"href":"https:\/\/e-ciftlik.com\/haberler\/wp-json\/wp\/v2\/media\/81253"}],"wp:attachment":[{"href":"https:\/\/e-ciftlik.com\/haberler\/wp-json\/wp\/v2\/media?parent=81252"}],"wp:term":[{"taxonomy":"category","embeddable":true,"href":"https:\/\/e-ciftlik.com\/haberler\/wp-json\/wp\/v2\/categories?post=81252"},{"taxonomy":"post_tag","embeddable":true,"href":"https:\/\/e-ciftlik.com\/haberler\/wp-json\/wp\/v2\/tags?post=81252"}],"curies":[{"name":"wp","href":"https:\/\/api.w.org\/{rel}","templated":true}]}}