{"id":81333,"date":"2025-02-17T09:47:00","date_gmt":"2025-02-17T09:47:00","guid":{"rendered":"http:\/\/e-ciftlik.com\/haberler\/tarim\/trakya-birlikten-fiyat-mujdesi-bayrama-kadar-zam-yok\/"},"modified":"2025-02-17T09:47:00","modified_gmt":"2025-02-17T09:47:00","slug":"trakya-birlikten-fiyat-mujdesi-bayrama-kadar-zam-yok","status":"publish","type":"post","link":"https:\/\/e-ciftlik.com\/haberler\/tarim\/trakya-birlikten-fiyat-mujdesi-bayrama-kadar-zam-yok\/","title":{"rendered":"Trakya Birlik&#8217;ten Fiyat M\u00fcjdesi: Bayrama Kadar Zam Yok"},"content":{"rendered":"<p>Trakya Birlik Y\u00f6netim Kurulu, \u00fcretti\u011fi rafine ya\u011f ve margarin fiyatlar\u0131nda Ramazan Bayram\u0131 sonuna kadar herhangi bir fiyat art\u0131\u015f\u0131 yapmayaca\u011f\u0131n\u0131 duyurdu. Y\u00f6netim Kurulu taraf\u0131ndan yap\u0131lan a\u00e7\u0131klamada, \u00fcreticilerin \u00e7al\u0131\u015fmalar\u0131na devam edilece\u011fi vurguland\u0131 ve g\u0131da fiyatlar\u0131ndaki art\u0131\u015f\u0131n kontrol alt\u0131na al\u0131nmas\u0131n\u0131n \u00f6nemine dikkat \u00e7ekildi. Ayr\u0131ca ekonomi politikalar\u0131 do\u011frultusunda enflasyon seviyesinde d\u00fc\u015f\u00fc\u015f ya\u015fand\u0131\u011f\u0131 belirtildi.<\/p>\n<p>A\u00e7\u0131klamada, bitkisel rafine ya\u011f sekt\u00f6r\u00fcnde t\u00fcketici \u00fcr\u00fcn arz g\u00fcvenli\u011finin ve fiyat istikrar\u0131n\u0131n sa\u011flanmas\u0131n\u0131n kritik oldu\u011fu vurguland\u0131. Jeopolitik etkiler, k\u00fcresel iklim krizi, artan ithal girdi ba\u011f\u0131ml\u0131l\u0131\u011f\u0131 ve d\u00f6viz kurlar\u0131ndaki dalgalanmalar nedeniyle fiyat istikrar\u0131n\u0131n zor oldu\u011fu belirtilerek, sekt\u00f6r\u00fcn i\u00e7sel ve d\u0131\u015fsal risk fakt\u00f6rlerinin g\u00f6z \u00f6n\u00fcnde bulundurulmas\u0131 gerekti\u011fi ifade edildi.<\/p>\n<p>Trakya Birlik Y\u00f6netim Kurulu, \u00fcrettikleri rafine ya\u011f ve margarin \u00fcr\u00fcnlerinde fiyat de\u011fi\u015fikli\u011fi yapmayacaklar\u0131n\u0131, enflasyonla m\u00fccadeleye katk\u0131da bulunarak toplum refah\u0131n\u0131 art\u0131rmay\u0131 hedeflediklerini belirtti. \u00dcreticilerin s\u00fcrd\u00fcr\u00fclebilir tar\u0131msal \u00fcretim ve g\u00fcvenli g\u0131daya eri\u015fiminin sa\u011flanmas\u0131 i\u00e7in \u00e7al\u0131\u015fmalar\u0131na devam edeceklerini kamuoyuna duyurdu.<\/p>\n","protected":false},"excerpt":{"rendered":"<p>Trakya Birlik Y\u00f6netim Kurulu, \u00fcretti\u011fi rafine ya\u011f ve margarin fiyatlar\u0131nda Ramazan Bayram\u0131 sonuna kadar herhangi&hellip;<\/p>\n","protected":false},"author":1,"featured_media":0,"comment_status":"open","ping_status":"open","sticky":false,"template":"","format":"standard","meta":{"footnotes":""},"categories":[9],"tags":[],"class_list":["post-81333","post","type-post","status-publish","format-standard","hentry","category-tarim"],"yoast_head":"<!-- This site is optimized with the Yoast SEO Premium plugin v24.3 (Yoast SEO v27.4) - https:\/\/yoast.com\/product\/yoast-seo-premium-wordpress\/ -->\n<title>Trakya Birlik&#039;ten Fiyat M\u00fcjdesi: Bayrama Kadar Zam Yok - E-&Ccedil;\u0130FTL\u0130K HABER<\/title>\n<meta name=\"description\" content=\"Trakya Birlik Y\u00f6netim Kurulu, \u00fcretti\u011fi rafine ya\u011f ve margarin fiyatlar\u0131nda Ramazan Bayram\u0131 sonuna kadar herhangi bir fiyat art\u0131\u015f\u0131 yapmayaca\u011f\u0131n\u0131 duyurdu.\" \/>\n<meta name=\"robots\" content=\"index, follow, max-snippet:-1, max-image-preview:large, max-video-preview:-1\" \/>\n<link rel=\"canonical\" href=\"https:\/\/e-ciftlik.com\/haberler\/tarim\/trakya-birlikten-fiyat-mujdesi-bayrama-kadar-zam-yok\/\" \/>\n<meta property=\"og:locale\" content=\"tr_TR\" \/>\n<meta property=\"og:type\" content=\"article\" \/>\n<meta property=\"og:title\" content=\"Trakya Birlik&#039;ten Fiyat M\u00fcjdesi: Bayrama Kadar Zam Yok\" \/>\n<meta property=\"og:description\" content=\"Trakya Birlik Y\u00f6netim Kurulu, \u00fcretti\u011fi rafine ya\u011f ve margarin fiyatlar\u0131nda Ramazan Bayram\u0131 sonuna kadar herhangi bir fiyat art\u0131\u015f\u0131 yapmayaca\u011f\u0131n\u0131 duyurdu.\" \/>\n<meta property=\"og:url\" content=\"https:\/\/e-ciftlik.com\/haberler\/tarim\/trakya-birlikten-fiyat-mujdesi-bayrama-kadar-zam-yok\/\" \/>\n<meta property=\"og:site_name\" content=\"E-&Ccedil;\u0130FTL\u0130K HABER\" \/>\n<meta property=\"article:publisher\" content=\"https:\/\/www.facebook.com\/eciftlikturkiye\" \/>\n<meta property=\"article:published_time\" content=\"2025-02-17T09:47:00+00:00\" \/>\n<meta name=\"author\" content=\"Haber Merkezi\" \/>\n<meta name=\"twitter:card\" content=\"summary_large_image\" \/>\n<meta name=\"twitter:creator\" content=\"@eciftlikresmi\" \/>\n<meta name=\"twitter:site\" content=\"@eciftlikresmi\" \/>\n<meta name=\"twitter:label1\" content=\"Yazan:\" \/>\n\t<meta name=\"twitter:data1\" content=\"Haber Merkezi\" \/>\n\t<meta name=\"twitter:label2\" content=\"Tahmini okuma s\u00fcresi\" \/>\n\t<meta name=\"twitter:data2\" content=\"1 dakika\" \/>\n<script type=\"application\/ld+json\" class=\"yoast-schema-graph\">{\"@context\":\"https:\\\/\\\/schema.org\",\"@graph\":[{\"@type\":\"NewsArticle\",\"@id\":\"https:\\\/\\\/e-ciftlik.com\\\/haberler\\\/tarim\\\/trakya-birlikten-fiyat-mujdesi-bayrama-kadar-zam-yok\\\/#article\",\"isPartOf\":{\"@id\":\"https:\\\/\\\/e-ciftlik.com\\\/haberler\\\/tarim\\\/trakya-birlikten-fiyat-mujdesi-bayrama-kadar-zam-yok\\\/\"},\"author\":{\"name\":\"Haber Merkezi\",\"@id\":\"https:\\\/\\\/e-ciftlik.com\\\/haberler\\\/#\\\/schema\\\/person\\\/d2f4fee3143d7f72be82cb887d51b00a\"},\"headline\":\"Trakya Birlik&#8217;ten Fiyat M\u00fcjdesi: Bayrama Kadar Zam Yok\",\"datePublished\":\"2025-02-17T09:47:00+00:00\",\"mainEntityOfPage\":{\"@id\":\"https:\\\/\\\/e-ciftlik.com\\\/haberler\\\/tarim\\\/trakya-birlikten-fiyat-mujdesi-bayrama-kadar-zam-yok\\\/\"},\"wordCount\":214,\"commentCount\":0,\"publisher\":{\"@id\":\"https:\\\/\\\/e-ciftlik.com\\\/haberler\\\/#organization\"},\"articleSection\":[\"Tar\u0131m\"],\"inLanguage\":\"tr\",\"potentialAction\":[{\"@type\":\"CommentAction\",\"name\":\"Comment\",\"target\":[\"https:\\\/\\\/e-ciftlik.com\\\/haberler\\\/tarim\\\/trakya-birlikten-fiyat-mujdesi-bayrama-kadar-zam-yok\\\/#respond\"]}]},{\"@type\":\"WebPage\",\"@id\":\"https:\\\/\\\/e-ciftlik.com\\\/haberler\\\/tarim\\\/trakya-birlikten-fiyat-mujdesi-bayrama-kadar-zam-yok\\\/\",\"url\":\"https:\\\/\\\/e-ciftlik.com\\\/haberler\\\/tarim\\\/trakya-birlikten-fiyat-mujdesi-bayrama-kadar-zam-yok\\\/\",\"name\":\"Trakya Birlik'ten Fiyat M\u00fcjdesi: Bayrama Kadar Zam Yok - E-&Ccedil;\u0130FTL\u0130K HABER\",\"isPartOf\":{\"@id\":\"https:\\\/\\\/e-ciftlik.com\\\/haberler\\\/#website\"},\"datePublished\":\"2025-02-17T09:47:00+00:00\",\"description\":\"Trakya Birlik Y\u00f6netim Kurulu, \u00fcretti\u011fi rafine ya\u011f ve margarin fiyatlar\u0131nda Ramazan Bayram\u0131 sonuna kadar herhangi bir fiyat art\u0131\u015f\u0131 yapmayaca\u011f\u0131n\u0131 duyurdu.\",\"breadcrumb\":{\"@id\":\"https:\\\/\\\/e-ciftlik.com\\\/haberler\\\/tarim\\\/trakya-birlikten-fiyat-mujdesi-bayrama-kadar-zam-yok\\\/#breadcrumb\"},\"inLanguage\":\"tr\",\"potentialAction\":[{\"@type\":\"ReadAction\",\"target\":[\"https:\\\/\\\/e-ciftlik.com\\\/haberler\\\/tarim\\\/trakya-birlikten-fiyat-mujdesi-bayrama-kadar-zam-yok\\\/\"]}]},{\"@type\":\"BreadcrumbList\",\"@id\":\"https:\\\/\\\/e-ciftlik.com\\\/haberler\\\/tarim\\\/trakya-birlikten-fiyat-mujdesi-bayrama-kadar-zam-yok\\\/#breadcrumb\",\"itemListElement\":[{\"@type\":\"ListItem\",\"position\":1,\"name\":\"Anasayfa\",\"item\":\"https:\\\/\\\/e-ciftlik.com\\\/haberler\\\/\"},{\"@type\":\"ListItem\",\"position\":2,\"name\":\"Trakya Birlik&#8217;ten Fiyat M\u00fcjdesi: Bayrama Kadar Zam Yok\"}]},{\"@type\":\"WebSite\",\"@id\":\"https:\\\/\\\/e-ciftlik.com\\\/haberler\\\/#website\",\"url\":\"https:\\\/\\\/e-ciftlik.com\\\/haberler\\\/\",\"name\":\"E-\u00c7iftlik Haber | G\u00fcncel, Son Dakika Haberler, En Son Haber\",\"description\":\"\",\"publisher\":{\"@id\":\"https:\\\/\\\/e-ciftlik.com\\\/haberler\\\/#organization\"},\"potentialAction\":[{\"@type\":\"SearchAction\",\"target\":{\"@type\":\"EntryPoint\",\"urlTemplate\":\"https:\\\/\\\/e-ciftlik.com\\\/haberler\\\/?s={search_term_string}\"},\"query-input\":{\"@type\":\"PropertyValueSpecification\",\"valueRequired\":true,\"valueName\":\"search_term_string\"}}],\"inLanguage\":\"tr\"},{\"@type\":\"Organization\",\"@id\":\"https:\\\/\\\/e-ciftlik.com\\\/haberler\\\/#organization\",\"name\":\"E-\u00c7\u0130FTL\u0130K HABER\",\"url\":\"https:\\\/\\\/e-ciftlik.com\\\/haberler\\\/\",\"logo\":{\"@type\":\"ImageObject\",\"inLanguage\":\"tr\",\"@id\":\"https:\\\/\\\/e-ciftlik.com\\\/haberler\\\/#\\\/schema\\\/logo\\\/image\\\/\",\"url\":\"https:\\\/\\\/e-ciftlik.com\\\/haberler\\\/wp-content\\\/uploads\\\/2024\\\/06\\\/cropped-cropped-favicon-1-2.png\",\"contentUrl\":\"https:\\\/\\\/e-ciftlik.com\\\/haberler\\\/wp-content\\\/uploads\\\/2024\\\/06\\\/cropped-cropped-favicon-1-2.png\",\"width\":512,\"height\":512,\"caption\":\"E-\u00c7\u0130FTL\u0130K HABER\"},\"image\":{\"@id\":\"https:\\\/\\\/e-ciftlik.com\\\/haberler\\\/#\\\/schema\\\/logo\\\/image\\\/\"},\"sameAs\":[\"https:\\\/\\\/www.facebook.com\\\/eciftlikturkiye\",\"https:\\\/\\\/x.com\\\/eciftlikresmi\",\"https:\\\/\\\/www.instagram.com\\\/eciftlikresmi\\\/\"]},{\"@type\":\"Person\",\"@id\":\"https:\\\/\\\/e-ciftlik.com\\\/haberler\\\/#\\\/schema\\\/person\\\/d2f4fee3143d7f72be82cb887d51b00a\",\"name\":\"Haber Merkezi\",\"image\":{\"@type\":\"ImageObject\",\"inLanguage\":\"tr\",\"@id\":\"https:\\\/\\\/secure.gravatar.com\\\/avatar\\\/6c27d641914e66c1d0452c92716002398782818991d86db1c2cccb531e7c7c82?s=96&d=mm&r=g\",\"url\":\"https:\\\/\\\/secure.gravatar.com\\\/avatar\\\/6c27d641914e66c1d0452c92716002398782818991d86db1c2cccb531e7c7c82?s=96&d=mm&r=g\",\"contentUrl\":\"https:\\\/\\\/secure.gravatar.com\\\/avatar\\\/6c27d641914e66c1d0452c92716002398782818991d86db1c2cccb531e7c7c82?s=96&d=mm&r=g\",\"caption\":\"Haber Merkezi\"},\"sameAs\":[\"http:\\\/\\\/e-ciftlik.com\\\/haberler\"]}]}<\/script>\n<!-- \/ Yoast SEO Premium plugin. -->","yoast_head_json":{"title":"Trakya Birlik'ten Fiyat M\u00fcjdesi: Bayrama Kadar Zam Yok - E-&Ccedil;\u0130FTL\u0130K HABER","description":"Trakya Birlik Y\u00f6netim Kurulu, \u00fcretti\u011fi rafine ya\u011f ve margarin fiyatlar\u0131nda Ramazan Bayram\u0131 sonuna kadar herhangi bir fiyat art\u0131\u015f\u0131 yapmayaca\u011f\u0131n\u0131 duyurdu.","robots":{"index":"index","follow":"follow","max-snippet":"max-snippet:-1","max-image-preview":"max-image-preview:large","max-video-preview":"max-video-preview:-1"},"canonical":"https:\/\/e-ciftlik.com\/haberler\/tarim\/trakya-birlikten-fiyat-mujdesi-bayrama-kadar-zam-yok\/","og_locale":"tr_TR","og_type":"article","og_title":"Trakya Birlik'ten Fiyat M\u00fcjdesi: Bayrama Kadar Zam Yok","og_description":"Trakya Birlik Y\u00f6netim Kurulu, \u00fcretti\u011fi rafine ya\u011f ve margarin fiyatlar\u0131nda Ramazan Bayram\u0131 sonuna kadar herhangi bir fiyat art\u0131\u015f\u0131 yapmayaca\u011f\u0131n\u0131 duyurdu.","og_url":"https:\/\/e-ciftlik.com\/haberler\/tarim\/trakya-birlikten-fiyat-mujdesi-bayrama-kadar-zam-yok\/","og_site_name":"E-&Ccedil;\u0130FTL\u0130K HABER","article_publisher":"https:\/\/www.facebook.com\/eciftlikturkiye","article_published_time":"2025-02-17T09:47:00+00:00","author":"Haber Merkezi","twitter_card":"summary_large_image","twitter_creator":"@eciftlikresmi","twitter_site":"@eciftlikresmi","twitter_misc":{"Yazan:":"Haber Merkezi","Tahmini okuma s\u00fcresi":"1 dakika"},"schema":{"@context":"https:\/\/schema.org","@graph":[{"@type":"NewsArticle","@id":"https:\/\/e-ciftlik.com\/haberler\/tarim\/trakya-birlikten-fiyat-mujdesi-bayrama-kadar-zam-yok\/#article","isPartOf":{"@id":"https:\/\/e-ciftlik.com\/haberler\/tarim\/trakya-birlikten-fiyat-mujdesi-bayrama-kadar-zam-yok\/"},"author":{"name":"Haber Merkezi","@id":"https:\/\/e-ciftlik.com\/haberler\/#\/schema\/person\/d2f4fee3143d7f72be82cb887d51b00a"},"headline":"Trakya Birlik&#8217;ten Fiyat M\u00fcjdesi: Bayrama Kadar Zam Yok","datePublished":"2025-02-17T09:47:00+00:00","mainEntityOfPage":{"@id":"https:\/\/e-ciftlik.com\/haberler\/tarim\/trakya-birlikten-fiyat-mujdesi-bayrama-kadar-zam-yok\/"},"wordCount":214,"commentCount":0,"publisher":{"@id":"https:\/\/e-ciftlik.com\/haberler\/#organization"},"articleSection":["Tar\u0131m"],"inLanguage":"tr","potentialAction":[{"@type":"CommentAction","name":"Comment","target":["https:\/\/e-ciftlik.com\/haberler\/tarim\/trakya-birlikten-fiyat-mujdesi-bayrama-kadar-zam-yok\/#respond"]}]},{"@type":"WebPage","@id":"https:\/\/e-ciftlik.com\/haberler\/tarim\/trakya-birlikten-fiyat-mujdesi-bayrama-kadar-zam-yok\/","url":"https:\/\/e-ciftlik.com\/haberler\/tarim\/trakya-birlikten-fiyat-mujdesi-bayrama-kadar-zam-yok\/","name":"Trakya Birlik'ten Fiyat M\u00fcjdesi: Bayrama Kadar Zam Yok - E-&Ccedil;\u0130FTL\u0130K HABER","isPartOf":{"@id":"https:\/\/e-ciftlik.com\/haberler\/#website"},"datePublished":"2025-02-17T09:47:00+00:00","description":"Trakya Birlik Y\u00f6netim Kurulu, \u00fcretti\u011fi rafine ya\u011f ve margarin fiyatlar\u0131nda Ramazan Bayram\u0131 sonuna kadar herhangi bir fiyat art\u0131\u015f\u0131 yapmayaca\u011f\u0131n\u0131 duyurdu.","breadcrumb":{"@id":"https:\/\/e-ciftlik.com\/haberler\/tarim\/trakya-birlikten-fiyat-mujdesi-bayrama-kadar-zam-yok\/#breadcrumb"},"inLanguage":"tr","potentialAction":[{"@type":"ReadAction","target":["https:\/\/e-ciftlik.com\/haberler\/tarim\/trakya-birlikten-fiyat-mujdesi-bayrama-kadar-zam-yok\/"]}]},{"@type":"BreadcrumbList","@id":"https:\/\/e-ciftlik.com\/haberler\/tarim\/trakya-birlikten-fiyat-mujdesi-bayrama-kadar-zam-yok\/#breadcrumb","itemListElement":[{"@type":"ListItem","position":1,"name":"Anasayfa","item":"https:\/\/e-ciftlik.com\/haberler\/"},{"@type":"ListItem","position":2,"name":"Trakya Birlik&#8217;ten Fiyat M\u00fcjdesi: Bayrama Kadar Zam Yok"}]},{"@type":"WebSite","@id":"https:\/\/e-ciftlik.com\/haberler\/#website","url":"https:\/\/e-ciftlik.com\/haberler\/","name":"E-\u00c7iftlik Haber | G\u00fcncel, Son Dakika Haberler, En Son Haber","description":"","publisher":{"@id":"https:\/\/e-ciftlik.com\/haberler\/#organization"},"potentialAction":[{"@type":"SearchAction","target":{"@type":"EntryPoint","urlTemplate":"https:\/\/e-ciftlik.com\/haberler\/?s={search_term_string}"},"query-input":{"@type":"PropertyValueSpecification","valueRequired":true,"valueName":"search_term_string"}}],"inLanguage":"tr"},{"@type":"Organization","@id":"https:\/\/e-ciftlik.com\/haberler\/#organization","name":"E-\u00c7\u0130FTL\u0130K HABER","url":"https:\/\/e-ciftlik.com\/haberler\/","logo":{"@type":"ImageObject","inLanguage":"tr","@id":"https:\/\/e-ciftlik.com\/haberler\/#\/schema\/logo\/image\/","url":"https:\/\/e-ciftlik.com\/haberler\/wp-content\/uploads\/2024\/06\/cropped-cropped-favicon-1-2.png","contentUrl":"https:\/\/e-ciftlik.com\/haberler\/wp-content\/uploads\/2024\/06\/cropped-cropped-favicon-1-2.png","width":512,"height":512,"caption":"E-\u00c7\u0130FTL\u0130K HABER"},"image":{"@id":"https:\/\/e-ciftlik.com\/haberler\/#\/schema\/logo\/image\/"},"sameAs":["https:\/\/www.facebook.com\/eciftlikturkiye","https:\/\/x.com\/eciftlikresmi","https:\/\/www.instagram.com\/eciftlikresmi\/"]},{"@type":"Person","@id":"https:\/\/e-ciftlik.com\/haberler\/#\/schema\/person\/d2f4fee3143d7f72be82cb887d51b00a","name":"Haber Merkezi","image":{"@type":"ImageObject","inLanguage":"tr","@id":"https:\/\/secure.gravatar.com\/avatar\/6c27d641914e66c1d0452c92716002398782818991d86db1c2cccb531e7c7c82?s=96&d=mm&r=g","url":"https:\/\/secure.gravatar.com\/avatar\/6c27d641914e66c1d0452c92716002398782818991d86db1c2cccb531e7c7c82?s=96&d=mm&r=g","contentUrl":"https:\/\/secure.gravatar.com\/avatar\/6c27d641914e66c1d0452c92716002398782818991d86db1c2cccb531e7c7c82?s=96&d=mm&r=g","caption":"Haber Merkezi"},"sameAs":["http:\/\/e-ciftlik.com\/haberler"]}]}},"_links":{"self":[{"href":"https:\/\/e-ciftlik.com\/haberler\/wp-json\/wp\/v2\/posts\/81333","targetHints":{"allow":["GET"]}}],"collection":[{"href":"https:\/\/e-ciftlik.com\/haberler\/wp-json\/wp\/v2\/posts"}],"about":[{"href":"https:\/\/e-ciftlik.com\/haberler\/wp-json\/wp\/v2\/types\/post"}],"author":[{"embeddable":true,"href":"https:\/\/e-ciftlik.com\/haberler\/wp-json\/wp\/v2\/users\/1"}],"replies":[{"embeddable":true,"href":"https:\/\/e-ciftlik.com\/haberler\/wp-json\/wp\/v2\/comments?post=81333"}],"version-history":[{"count":0,"href":"https:\/\/e-ciftlik.com\/haberler\/wp-json\/wp\/v2\/posts\/81333\/revisions"}],"wp:attachment":[{"href":"https:\/\/e-ciftlik.com\/haberler\/wp-json\/wp\/v2\/media?parent=81333"}],"wp:term":[{"taxonomy":"category","embeddable":true,"href":"https:\/\/e-ciftlik.com\/haberler\/wp-json\/wp\/v2\/categories?post=81333"},{"taxonomy":"post_tag","embeddable":true,"href":"https:\/\/e-ciftlik.com\/haberler\/wp-json\/wp\/v2\/tags?post=81333"}],"curies":[{"name":"wp","href":"https:\/\/api.w.org\/{rel}","templated":true}]}}