{"id":81446,"date":"2025-02-17T13:11:00","date_gmt":"2025-02-17T13:11:00","guid":{"rendered":"http:\/\/e-ciftlik.com\/haberler\/tarim\/izmirde-mahalle-sakinleri-yuzlerce-agacin-kesilmesine-karsi-protesto-baslatiyor\/"},"modified":"2025-02-17T13:11:00","modified_gmt":"2025-02-17T13:11:00","slug":"izmirde-mahalle-sakinleri-yuzlerce-agacin-kesilmesine-karsi-protesto-baslatiyor","status":"publish","type":"post","link":"https:\/\/e-ciftlik.com\/haberler\/tarim\/izmirde-mahalle-sakinleri-yuzlerce-agacin-kesilmesine-karsi-protesto-baslatiyor\/","title":{"rendered":"\u0130zmir&#8217;de Mahalle Sakinleri Y\u00fczlerce A\u011fac\u0131n Kesilmesine Kar\u015f\u0131 Protesto Ba\u015flat\u0131yor"},"content":{"rendered":"<p>\u0130zmir&#8217;in Tire il\u00e7esine ba\u011fl\u0131 \u00c7ay\u0131rl\u0131 Mahallesi sakinleri, Tire-Belevi yolunun g\u00fczergah de\u011fi\u015fikli\u011fi nedeniyle y\u00fczlerce zeytin, incir ve \u00e7am a\u011fac\u0131n\u0131n kesilecek olmas\u0131n\u0131 protesto etti. Mahalle halk\u0131, il\u00e7e merkezinde toplanarak bas\u0131n a\u00e7\u0131klamas\u0131 d\u00fczenledi. &#8220;Biz bir avu\u00e7 \u00e7apulcu de\u011filiz, k\u00f6yl\u00fcy\u00fcz. Sadece as\u0131rl\u0131k zeytin ve incir a\u011fa\u00e7lar\u0131m\u0131z\u0131n kesilmesini istemiyoruz&#8221; diyerek yetkililere seslendi. \u00c7ay\u0131rl\u0131lar protesto i\u00e7in il\u00e7e merkezine giderken, yeni yol g\u00fczergah\u0131nda i\u015f makinelerinin yeniden \u00e7al\u0131\u015fmaya ba\u015flamas\u0131 tepki \u00e7ekti.<\/p>\n<p>Tire-Belevi yolunun yenilenmesi i\u00e7in ba\u015flat\u0131lan \u00e7al\u0131\u015fmalar devam ediyor. \u00c7ay\u0131rl\u0131 mevkiinde mevcut yolun geni\u015fletilmesi yerine g\u00fczergah\u0131n mahallenin \u00fcst taraf\u0131na kayd\u0131r\u0131lmas\u0131 sonucu y\u00fczlerce zeytin, incir ve \u00e7am a\u011fac\u0131n\u0131n kesilecek olmas\u0131 mahalle sakinlerinin tepkisine neden oldu. 6 \u015eubat 2024 tarihinde ba\u015flayan \u00e7al\u0131\u015fmalarla yeni g\u00fczergahtaki onlarca \u00e7am a\u011fac\u0131 k\u00f6klenmi\u015fti.<\/p>\n<p>\u00c7ay\u0131rl\u0131 Mahallesi sakinleri, do\u011fa tahribat\u0131na kar\u015f\u0131 \u00e7\u0131karak Tire Cumhuriyet Meydan\u0131&#8217;nda bir araya geldi ve bas\u0131n a\u00e7\u0131klamas\u0131 yapt\u0131. Vatanda\u015flar, &#8220;Zeytin a\u011fa\u00e7lar\u0131 Kur&#8217;an&#8217;da kutsald\u0131r, kutsal katliama hay\u0131r&#8221; yaz\u0131l\u0131 pankart a\u00e7arak yetkililere seslenerek karar\u0131n g\u00f6zden ge\u00e7irilmesini istedi. Mahalle halk\u0131, as\u0131rl\u0131k a\u011fa\u00e7lar\u0131n korunmas\u0131 gerekti\u011fini vurgulayarak, &#8220;Biz bir avu\u00e7 \u00e7apulcu de\u011filiz, k\u00f6yl\u00fcy\u00fcz. Sadece as\u0131rl\u0131k zeytin ve incir a\u011fa\u00e7lar\u0131m\u0131z\u0131n kesilmesini istemiyoruz&#8221; diyerek tepki g\u00f6sterdi.<\/p>\n<p>Protesto s\u0131ras\u0131nda il\u00e7e merkezinde bulunan mahalle sakinleri, yeni yol g\u00fczergah\u0131nda i\u015f makinelerinin yeniden \u00e7al\u0131\u015fmaya ba\u015flamas\u0131na \u015fa\u015fk\u0131nl\u0131kla kar\u015f\u0131lad\u0131. A\u00e7\u0131klaman\u0131n ard\u0131ndan mahallelerine geri d\u00f6nen \u00c7ay\u0131rl\u0131lar, 6 \u015eubat&#8217;ta onlarca \u00e7am a\u011fac\u0131n\u0131n k\u00f6klendi\u011fi alanda i\u015f makinelerinin \u00e7al\u0131\u015fmalar\u0131na devam etti\u011fini g\u00f6rd\u00fc.<\/p>\n","protected":false},"excerpt":{"rendered":"<p>\u0130zmir&#8217;in Tire il\u00e7esine ba\u011fl\u0131 \u00c7ay\u0131rl\u0131 Mahallesi sakinleri, Tire-Belevi yolunun g\u00fczergah de\u011fi\u015fikli\u011fi nedeniyle y\u00fczlerce zeytin, incir&hellip;<\/p>\n","protected":false},"author":1,"featured_media":0,"comment_status":"open","ping_status":"open","sticky":false,"template":"","format":"standard","meta":{"footnotes":""},"categories":[9],"tags":[],"class_list":["post-81446","post","type-post","status-publish","format-standard","hentry","category-tarim"],"yoast_head":"<!-- This site is optimized with the Yoast SEO Premium plugin v24.3 (Yoast SEO v27.4) - https:\/\/yoast.com\/product\/yoast-seo-premium-wordpress\/ -->\n<title>\u0130zmir&#039;de Mahalle Sakinleri Y\u00fczlerce A\u011fac\u0131n Kesilmesine Kar\u015f\u0131 Protesto Ba\u015flat\u0131yor - E-&Ccedil;\u0130FTL\u0130K HABER<\/title>\n<meta name=\"description\" content=\"\u0130zmir&#039;in Tire il\u00e7esine ba\u011fl\u0131 \u00c7ay\u0131rl\u0131 Mahallesi sakinleri, Tire-Belevi yolunun g\u00fczergah de\u011fi\u015fikli\u011fi nedeniyle y\u00fczlerce zeytin, incir ve \u00e7am a\u011fac\u0131n\u0131n\" \/>\n<meta name=\"robots\" content=\"index, follow, max-snippet:-1, max-image-preview:large, max-video-preview:-1\" \/>\n<link rel=\"canonical\" href=\"http:\/\/e-ciftlik.com\/haberler\/tarim\/izmirde-mahalle-sakinleri-yuzlerce-agacin-kesilmesine-karsi-protesto-baslatiyor\/\" \/>\n<meta property=\"og:locale\" content=\"tr_TR\" \/>\n<meta property=\"og:type\" content=\"article\" \/>\n<meta property=\"og:title\" content=\"\u0130zmir&#039;de Mahalle Sakinleri Y\u00fczlerce A\u011fac\u0131n Kesilmesine Kar\u015f\u0131 Protesto Ba\u015flat\u0131yor\" \/>\n<meta property=\"og:description\" content=\"\u0130zmir&#039;in Tire il\u00e7esine ba\u011fl\u0131 \u00c7ay\u0131rl\u0131 Mahallesi sakinleri, Tire-Belevi yolunun g\u00fczergah de\u011fi\u015fikli\u011fi nedeniyle y\u00fczlerce zeytin, incir ve \u00e7am a\u011fac\u0131n\u0131n\" \/>\n<meta property=\"og:url\" content=\"http:\/\/e-ciftlik.com\/haberler\/tarim\/izmirde-mahalle-sakinleri-yuzlerce-agacin-kesilmesine-karsi-protesto-baslatiyor\/\" \/>\n<meta property=\"og:site_name\" content=\"E-&Ccedil;\u0130FTL\u0130K HABER\" \/>\n<meta property=\"article:publisher\" content=\"https:\/\/www.facebook.com\/eciftlikturkiye\" \/>\n<meta property=\"article:published_time\" content=\"2025-02-17T13:11:00+00:00\" \/>\n<meta name=\"author\" content=\"Haber Merkezi\" \/>\n<meta name=\"twitter:card\" content=\"summary_large_image\" \/>\n<meta name=\"twitter:creator\" content=\"@eciftlikresmi\" \/>\n<meta name=\"twitter:site\" content=\"@eciftlikresmi\" \/>\n<meta name=\"twitter:label1\" content=\"Yazan:\" \/>\n\t<meta name=\"twitter:data1\" content=\"Haber Merkezi\" \/>\n\t<meta name=\"twitter:label2\" content=\"Tahmini okuma s\u00fcresi\" \/>\n\t<meta name=\"twitter:data2\" content=\"2 dakika\" \/>\n<script type=\"application\/ld+json\" class=\"yoast-schema-graph\">{\"@context\":\"https:\\\/\\\/schema.org\",\"@graph\":[{\"@type\":\"NewsArticle\",\"@id\":\"http:\\\/\\\/e-ciftlik.com\\\/haberler\\\/tarim\\\/izmirde-mahalle-sakinleri-yuzlerce-agacin-kesilmesine-karsi-protesto-baslatiyor\\\/#article\",\"isPartOf\":{\"@id\":\"http:\\\/\\\/e-ciftlik.com\\\/haberler\\\/tarim\\\/izmirde-mahalle-sakinleri-yuzlerce-agacin-kesilmesine-karsi-protesto-baslatiyor\\\/\"},\"author\":{\"name\":\"Haber Merkezi\",\"@id\":\"https:\\\/\\\/e-ciftlik.com\\\/haberler\\\/#\\\/schema\\\/person\\\/d2f4fee3143d7f72be82cb887d51b00a\"},\"headline\":\"\u0130zmir&#8217;de Mahalle Sakinleri Y\u00fczlerce A\u011fac\u0131n Kesilmesine Kar\u015f\u0131 Protesto Ba\u015flat\u0131yor\",\"datePublished\":\"2025-02-17T13:11:00+00:00\",\"mainEntityOfPage\":{\"@id\":\"http:\\\/\\\/e-ciftlik.com\\\/haberler\\\/tarim\\\/izmirde-mahalle-sakinleri-yuzlerce-agacin-kesilmesine-karsi-protesto-baslatiyor\\\/\"},\"wordCount\":335,\"commentCount\":0,\"publisher\":{\"@id\":\"https:\\\/\\\/e-ciftlik.com\\\/haberler\\\/#organization\"},\"articleSection\":[\"Tar\u0131m\"],\"inLanguage\":\"tr\",\"potentialAction\":[{\"@type\":\"CommentAction\",\"name\":\"Comment\",\"target\":[\"http:\\\/\\\/e-ciftlik.com\\\/haberler\\\/tarim\\\/izmirde-mahalle-sakinleri-yuzlerce-agacin-kesilmesine-karsi-protesto-baslatiyor\\\/#respond\"]}]},{\"@type\":\"WebPage\",\"@id\":\"http:\\\/\\\/e-ciftlik.com\\\/haberler\\\/tarim\\\/izmirde-mahalle-sakinleri-yuzlerce-agacin-kesilmesine-karsi-protesto-baslatiyor\\\/\",\"url\":\"http:\\\/\\\/e-ciftlik.com\\\/haberler\\\/tarim\\\/izmirde-mahalle-sakinleri-yuzlerce-agacin-kesilmesine-karsi-protesto-baslatiyor\\\/\",\"name\":\"\u0130zmir'de Mahalle Sakinleri Y\u00fczlerce A\u011fac\u0131n Kesilmesine Kar\u015f\u0131 Protesto Ba\u015flat\u0131yor - E-&Ccedil;\u0130FTL\u0130K HABER\",\"isPartOf\":{\"@id\":\"https:\\\/\\\/e-ciftlik.com\\\/haberler\\\/#website\"},\"datePublished\":\"2025-02-17T13:11:00+00:00\",\"description\":\"\u0130zmir'in Tire il\u00e7esine ba\u011fl\u0131 \u00c7ay\u0131rl\u0131 Mahallesi sakinleri, Tire-Belevi yolunun g\u00fczergah de\u011fi\u015fikli\u011fi nedeniyle y\u00fczlerce zeytin, incir ve \u00e7am a\u011fac\u0131n\u0131n\",\"breadcrumb\":{\"@id\":\"http:\\\/\\\/e-ciftlik.com\\\/haberler\\\/tarim\\\/izmirde-mahalle-sakinleri-yuzlerce-agacin-kesilmesine-karsi-protesto-baslatiyor\\\/#breadcrumb\"},\"inLanguage\":\"tr\",\"potentialAction\":[{\"@type\":\"ReadAction\",\"target\":[\"http:\\\/\\\/e-ciftlik.com\\\/haberler\\\/tarim\\\/izmirde-mahalle-sakinleri-yuzlerce-agacin-kesilmesine-karsi-protesto-baslatiyor\\\/\"]}]},{\"@type\":\"BreadcrumbList\",\"@id\":\"http:\\\/\\\/e-ciftlik.com\\\/haberler\\\/tarim\\\/izmirde-mahalle-sakinleri-yuzlerce-agacin-kesilmesine-karsi-protesto-baslatiyor\\\/#breadcrumb\",\"itemListElement\":[{\"@type\":\"ListItem\",\"position\":1,\"name\":\"Anasayfa\",\"item\":\"https:\\\/\\\/e-ciftlik.com\\\/haberler\\\/\"},{\"@type\":\"ListItem\",\"position\":2,\"name\":\"\u0130zmir&#8217;de Mahalle Sakinleri Y\u00fczlerce A\u011fac\u0131n Kesilmesine Kar\u015f\u0131 Protesto Ba\u015flat\u0131yor\"}]},{\"@type\":\"WebSite\",\"@id\":\"https:\\\/\\\/e-ciftlik.com\\\/haberler\\\/#website\",\"url\":\"https:\\\/\\\/e-ciftlik.com\\\/haberler\\\/\",\"name\":\"E-\u00c7iftlik Haber | G\u00fcncel, Son Dakika Haberler, En Son Haber\",\"description\":\"\",\"publisher\":{\"@id\":\"https:\\\/\\\/e-ciftlik.com\\\/haberler\\\/#organization\"},\"potentialAction\":[{\"@type\":\"SearchAction\",\"target\":{\"@type\":\"EntryPoint\",\"urlTemplate\":\"https:\\\/\\\/e-ciftlik.com\\\/haberler\\\/?s={search_term_string}\"},\"query-input\":{\"@type\":\"PropertyValueSpecification\",\"valueRequired\":true,\"valueName\":\"search_term_string\"}}],\"inLanguage\":\"tr\"},{\"@type\":\"Organization\",\"@id\":\"https:\\\/\\\/e-ciftlik.com\\\/haberler\\\/#organization\",\"name\":\"E-\u00c7\u0130FTL\u0130K HABER\",\"url\":\"https:\\\/\\\/e-ciftlik.com\\\/haberler\\\/\",\"logo\":{\"@type\":\"ImageObject\",\"inLanguage\":\"tr\",\"@id\":\"https:\\\/\\\/e-ciftlik.com\\\/haberler\\\/#\\\/schema\\\/logo\\\/image\\\/\",\"url\":\"https:\\\/\\\/e-ciftlik.com\\\/haberler\\\/wp-content\\\/uploads\\\/2024\\\/06\\\/cropped-cropped-favicon-1-2.png\",\"contentUrl\":\"https:\\\/\\\/e-ciftlik.com\\\/haberler\\\/wp-content\\\/uploads\\\/2024\\\/06\\\/cropped-cropped-favicon-1-2.png\",\"width\":512,\"height\":512,\"caption\":\"E-\u00c7\u0130FTL\u0130K HABER\"},\"image\":{\"@id\":\"https:\\\/\\\/e-ciftlik.com\\\/haberler\\\/#\\\/schema\\\/logo\\\/image\\\/\"},\"sameAs\":[\"https:\\\/\\\/www.facebook.com\\\/eciftlikturkiye\",\"https:\\\/\\\/x.com\\\/eciftlikresmi\",\"https:\\\/\\\/www.instagram.com\\\/eciftlikresmi\\\/\"]},{\"@type\":\"Person\",\"@id\":\"https:\\\/\\\/e-ciftlik.com\\\/haberler\\\/#\\\/schema\\\/person\\\/d2f4fee3143d7f72be82cb887d51b00a\",\"name\":\"Haber Merkezi\",\"image\":{\"@type\":\"ImageObject\",\"inLanguage\":\"tr\",\"@id\":\"https:\\\/\\\/secure.gravatar.com\\\/avatar\\\/6c27d641914e66c1d0452c92716002398782818991d86db1c2cccb531e7c7c82?s=96&d=mm&r=g\",\"url\":\"https:\\\/\\\/secure.gravatar.com\\\/avatar\\\/6c27d641914e66c1d0452c92716002398782818991d86db1c2cccb531e7c7c82?s=96&d=mm&r=g\",\"contentUrl\":\"https:\\\/\\\/secure.gravatar.com\\\/avatar\\\/6c27d641914e66c1d0452c92716002398782818991d86db1c2cccb531e7c7c82?s=96&d=mm&r=g\",\"caption\":\"Haber Merkezi\"},\"sameAs\":[\"http:\\\/\\\/e-ciftlik.com\\\/haberler\"]}]}<\/script>\n<!-- \/ Yoast SEO Premium plugin. -->","yoast_head_json":{"title":"\u0130zmir'de Mahalle Sakinleri Y\u00fczlerce A\u011fac\u0131n Kesilmesine Kar\u015f\u0131 Protesto Ba\u015flat\u0131yor - E-&Ccedil;\u0130FTL\u0130K HABER","description":"\u0130zmir'in Tire il\u00e7esine ba\u011fl\u0131 \u00c7ay\u0131rl\u0131 Mahallesi sakinleri, Tire-Belevi yolunun g\u00fczergah de\u011fi\u015fikli\u011fi nedeniyle y\u00fczlerce zeytin, incir ve \u00e7am a\u011fac\u0131n\u0131n","robots":{"index":"index","follow":"follow","max-snippet":"max-snippet:-1","max-image-preview":"max-image-preview:large","max-video-preview":"max-video-preview:-1"},"canonical":"http:\/\/e-ciftlik.com\/haberler\/tarim\/izmirde-mahalle-sakinleri-yuzlerce-agacin-kesilmesine-karsi-protesto-baslatiyor\/","og_locale":"tr_TR","og_type":"article","og_title":"\u0130zmir'de Mahalle Sakinleri Y\u00fczlerce A\u011fac\u0131n Kesilmesine Kar\u015f\u0131 Protesto Ba\u015flat\u0131yor","og_description":"\u0130zmir'in Tire il\u00e7esine ba\u011fl\u0131 \u00c7ay\u0131rl\u0131 Mahallesi sakinleri, Tire-Belevi yolunun g\u00fczergah de\u011fi\u015fikli\u011fi nedeniyle y\u00fczlerce zeytin, incir ve \u00e7am a\u011fac\u0131n\u0131n","og_url":"http:\/\/e-ciftlik.com\/haberler\/tarim\/izmirde-mahalle-sakinleri-yuzlerce-agacin-kesilmesine-karsi-protesto-baslatiyor\/","og_site_name":"E-&Ccedil;\u0130FTL\u0130K HABER","article_publisher":"https:\/\/www.facebook.com\/eciftlikturkiye","article_published_time":"2025-02-17T13:11:00+00:00","author":"Haber Merkezi","twitter_card":"summary_large_image","twitter_creator":"@eciftlikresmi","twitter_site":"@eciftlikresmi","twitter_misc":{"Yazan:":"Haber Merkezi","Tahmini okuma s\u00fcresi":"2 dakika"},"schema":{"@context":"https:\/\/schema.org","@graph":[{"@type":"NewsArticle","@id":"http:\/\/e-ciftlik.com\/haberler\/tarim\/izmirde-mahalle-sakinleri-yuzlerce-agacin-kesilmesine-karsi-protesto-baslatiyor\/#article","isPartOf":{"@id":"http:\/\/e-ciftlik.com\/haberler\/tarim\/izmirde-mahalle-sakinleri-yuzlerce-agacin-kesilmesine-karsi-protesto-baslatiyor\/"},"author":{"name":"Haber Merkezi","@id":"https:\/\/e-ciftlik.com\/haberler\/#\/schema\/person\/d2f4fee3143d7f72be82cb887d51b00a"},"headline":"\u0130zmir&#8217;de Mahalle Sakinleri Y\u00fczlerce A\u011fac\u0131n Kesilmesine Kar\u015f\u0131 Protesto Ba\u015flat\u0131yor","datePublished":"2025-02-17T13:11:00+00:00","mainEntityOfPage":{"@id":"http:\/\/e-ciftlik.com\/haberler\/tarim\/izmirde-mahalle-sakinleri-yuzlerce-agacin-kesilmesine-karsi-protesto-baslatiyor\/"},"wordCount":335,"commentCount":0,"publisher":{"@id":"https:\/\/e-ciftlik.com\/haberler\/#organization"},"articleSection":["Tar\u0131m"],"inLanguage":"tr","potentialAction":[{"@type":"CommentAction","name":"Comment","target":["http:\/\/e-ciftlik.com\/haberler\/tarim\/izmirde-mahalle-sakinleri-yuzlerce-agacin-kesilmesine-karsi-protesto-baslatiyor\/#respond"]}]},{"@type":"WebPage","@id":"http:\/\/e-ciftlik.com\/haberler\/tarim\/izmirde-mahalle-sakinleri-yuzlerce-agacin-kesilmesine-karsi-protesto-baslatiyor\/","url":"http:\/\/e-ciftlik.com\/haberler\/tarim\/izmirde-mahalle-sakinleri-yuzlerce-agacin-kesilmesine-karsi-protesto-baslatiyor\/","name":"\u0130zmir'de Mahalle Sakinleri Y\u00fczlerce A\u011fac\u0131n Kesilmesine Kar\u015f\u0131 Protesto Ba\u015flat\u0131yor - E-&Ccedil;\u0130FTL\u0130K HABER","isPartOf":{"@id":"https:\/\/e-ciftlik.com\/haberler\/#website"},"datePublished":"2025-02-17T13:11:00+00:00","description":"\u0130zmir'in Tire il\u00e7esine ba\u011fl\u0131 \u00c7ay\u0131rl\u0131 Mahallesi sakinleri, Tire-Belevi yolunun g\u00fczergah de\u011fi\u015fikli\u011fi nedeniyle y\u00fczlerce zeytin, incir ve \u00e7am a\u011fac\u0131n\u0131n","breadcrumb":{"@id":"http:\/\/e-ciftlik.com\/haberler\/tarim\/izmirde-mahalle-sakinleri-yuzlerce-agacin-kesilmesine-karsi-protesto-baslatiyor\/#breadcrumb"},"inLanguage":"tr","potentialAction":[{"@type":"ReadAction","target":["http:\/\/e-ciftlik.com\/haberler\/tarim\/izmirde-mahalle-sakinleri-yuzlerce-agacin-kesilmesine-karsi-protesto-baslatiyor\/"]}]},{"@type":"BreadcrumbList","@id":"http:\/\/e-ciftlik.com\/haberler\/tarim\/izmirde-mahalle-sakinleri-yuzlerce-agacin-kesilmesine-karsi-protesto-baslatiyor\/#breadcrumb","itemListElement":[{"@type":"ListItem","position":1,"name":"Anasayfa","item":"https:\/\/e-ciftlik.com\/haberler\/"},{"@type":"ListItem","position":2,"name":"\u0130zmir&#8217;de Mahalle Sakinleri Y\u00fczlerce A\u011fac\u0131n Kesilmesine Kar\u015f\u0131 Protesto Ba\u015flat\u0131yor"}]},{"@type":"WebSite","@id":"https:\/\/e-ciftlik.com\/haberler\/#website","url":"https:\/\/e-ciftlik.com\/haberler\/","name":"E-\u00c7iftlik Haber | G\u00fcncel, Son Dakika Haberler, En Son Haber","description":"","publisher":{"@id":"https:\/\/e-ciftlik.com\/haberler\/#organization"},"potentialAction":[{"@type":"SearchAction","target":{"@type":"EntryPoint","urlTemplate":"https:\/\/e-ciftlik.com\/haberler\/?s={search_term_string}"},"query-input":{"@type":"PropertyValueSpecification","valueRequired":true,"valueName":"search_term_string"}}],"inLanguage":"tr"},{"@type":"Organization","@id":"https:\/\/e-ciftlik.com\/haberler\/#organization","name":"E-\u00c7\u0130FTL\u0130K HABER","url":"https:\/\/e-ciftlik.com\/haberler\/","logo":{"@type":"ImageObject","inLanguage":"tr","@id":"https:\/\/e-ciftlik.com\/haberler\/#\/schema\/logo\/image\/","url":"https:\/\/e-ciftlik.com\/haberler\/wp-content\/uploads\/2024\/06\/cropped-cropped-favicon-1-2.png","contentUrl":"https:\/\/e-ciftlik.com\/haberler\/wp-content\/uploads\/2024\/06\/cropped-cropped-favicon-1-2.png","width":512,"height":512,"caption":"E-\u00c7\u0130FTL\u0130K HABER"},"image":{"@id":"https:\/\/e-ciftlik.com\/haberler\/#\/schema\/logo\/image\/"},"sameAs":["https:\/\/www.facebook.com\/eciftlikturkiye","https:\/\/x.com\/eciftlikresmi","https:\/\/www.instagram.com\/eciftlikresmi\/"]},{"@type":"Person","@id":"https:\/\/e-ciftlik.com\/haberler\/#\/schema\/person\/d2f4fee3143d7f72be82cb887d51b00a","name":"Haber Merkezi","image":{"@type":"ImageObject","inLanguage":"tr","@id":"https:\/\/secure.gravatar.com\/avatar\/6c27d641914e66c1d0452c92716002398782818991d86db1c2cccb531e7c7c82?s=96&d=mm&r=g","url":"https:\/\/secure.gravatar.com\/avatar\/6c27d641914e66c1d0452c92716002398782818991d86db1c2cccb531e7c7c82?s=96&d=mm&r=g","contentUrl":"https:\/\/secure.gravatar.com\/avatar\/6c27d641914e66c1d0452c92716002398782818991d86db1c2cccb531e7c7c82?s=96&d=mm&r=g","caption":"Haber Merkezi"},"sameAs":["http:\/\/e-ciftlik.com\/haberler"]}]}},"_links":{"self":[{"href":"https:\/\/e-ciftlik.com\/haberler\/wp-json\/wp\/v2\/posts\/81446","targetHints":{"allow":["GET"]}}],"collection":[{"href":"https:\/\/e-ciftlik.com\/haberler\/wp-json\/wp\/v2\/posts"}],"about":[{"href":"https:\/\/e-ciftlik.com\/haberler\/wp-json\/wp\/v2\/types\/post"}],"author":[{"embeddable":true,"href":"https:\/\/e-ciftlik.com\/haberler\/wp-json\/wp\/v2\/users\/1"}],"replies":[{"embeddable":true,"href":"https:\/\/e-ciftlik.com\/haberler\/wp-json\/wp\/v2\/comments?post=81446"}],"version-history":[{"count":0,"href":"https:\/\/e-ciftlik.com\/haberler\/wp-json\/wp\/v2\/posts\/81446\/revisions"}],"wp:attachment":[{"href":"https:\/\/e-ciftlik.com\/haberler\/wp-json\/wp\/v2\/media?parent=81446"}],"wp:term":[{"taxonomy":"category","embeddable":true,"href":"https:\/\/e-ciftlik.com\/haberler\/wp-json\/wp\/v2\/categories?post=81446"},{"taxonomy":"post_tag","embeddable":true,"href":"https:\/\/e-ciftlik.com\/haberler\/wp-json\/wp\/v2\/tags?post=81446"}],"curies":[{"name":"wp","href":"https:\/\/api.w.org\/{rel}","templated":true}]}}