{"id":81458,"date":"2025-02-18T00:17:27","date_gmt":"2025-02-18T00:17:27","guid":{"rendered":"http:\/\/e-ciftlik.com\/haberler\/spor\/koc-fenerbahcenin-hazirlikli-iletisim-yapisi-sasirtici\/"},"modified":"2025-02-18T00:17:27","modified_gmt":"2025-02-18T00:17:27","slug":"koc-fenerbahcenin-hazirlikli-iletisim-yapisi-sasirtici","status":"publish","type":"post","link":"https:\/\/e-ciftlik.com\/haberler\/spor\/koc-fenerbahcenin-hazirlikli-iletisim-yapisi-sasirtici\/","title":{"rendered":"Ko\u00e7: &#8220;Fenerbah\u00e7e&#8217;nin Haz\u0131rl\u0131kl\u0131 \u0130leti\u015fim Yap\u0131s\u0131 \u015ea\u015f\u0131rt\u0131c\u0131&#8221;"},"content":{"rendered":"<p>Adana Demirspor ma\u00e7\u0131yla ilgili konu\u015fan bir yetkili, \u015fu \u015fekilde a\u00e7\u0131klamalarda bulundu:<\/p>\n<p>&#8220;Yar\u0131da kalan bir Adana Demirspor ma\u00e7\u0131 var, bizim i\u00e7in \u00f6nemsiz bir durum. Bir y\u00f6netici sosyal medyada payla\u015f\u0131m yapm\u0131\u015f, Fenerbah\u00e7e&#8217;nin haz\u0131rl\u0131kl\u0131 oldu\u011fu iddia ediliyormu\u015f. O gece tak\u0131m\u0131n hocas\u0131, futbolcular\u0131 ve y\u00f6neticileri ayn\u0131 s\u00f6ylemleri kullanarak bas\u0131n mensuplar\u0131na bu mesaj\u0131 veriyor. E\u011fer bir tweet at\u0131lacaksa ne var? Siz ma\u00e7lar\u0131m\u0131z s\u0131ras\u0131nda tweetler atmad\u0131n\u0131z m\u0131, ma\u00e7lar bitince hemen payla\u015f\u0131mlar yapt\u0131n\u0131z m\u0131! Sizin kadar haz\u0131rl\u0131kl\u0131 ileti\u015fim anlay\u0131\u015f\u0131 benzerini g\u00f6rmedim. Bir plan yapmaktan bahsetmiyorum bile, \u015fimdi \u015fu soruyu soruyorum; penalt\u0131 alarak sahtekarl\u0131k yapan Mertens de bu durumun i\u00e7inde de\u011fil mi? Bu durumda Mertens&#8217;in gelecek sezon Fenerbah\u00e7e&#8217;de olaca\u011f\u0131n\u0131 s\u00f6yleyebilir miyiz?&#8221;<\/p>\n","protected":false},"excerpt":{"rendered":"<p>Adana Demirspor ma\u00e7\u0131yla ilgili konu\u015fan bir yetkili, \u015fu \u015fekilde a\u00e7\u0131klamalarda bulundu: &#8220;Yar\u0131da kalan bir Adana&hellip;<\/p>\n","protected":false},"author":1,"featured_media":81459,"comment_status":"open","ping_status":"open","sticky":false,"template":"","format":"standard","meta":{"footnotes":""},"categories":[7],"tags":[],"class_list":["post-81458","post","type-post","status-publish","format-standard","has-post-thumbnail","hentry","category-spor"],"yoast_head":"<!-- This site is optimized with the Yoast SEO Premium plugin v24.3 (Yoast SEO v27.4) - https:\/\/yoast.com\/product\/yoast-seo-premium-wordpress\/ -->\n<title>Ko\u00e7: &quot;Fenerbah\u00e7e&#039;nin Haz\u0131rl\u0131kl\u0131 \u0130leti\u015fim Yap\u0131s\u0131 \u015ea\u015f\u0131rt\u0131c\u0131&quot; - E-&Ccedil;\u0130FTL\u0130K HABER<\/title>\n<meta name=\"description\" content=\"Adana Demirspor ma\u00e7\u0131yla ilgili konu\u015fan bir yetkili, \u015fu \u015fekilde a\u00e7\u0131klamalarda bulundu: &quot;Yar\u0131da kalan bir Adana Demirspor ma\u00e7\u0131 var, bizim i\u00e7in \u00f6nemsiz bir\" \/>\n<meta name=\"robots\" content=\"index, follow, max-snippet:-1, max-image-preview:large, max-video-preview:-1\" \/>\n<link rel=\"canonical\" href=\"https:\/\/e-ciftlik.com\/haberler\/spor\/koc-fenerbahcenin-hazirlikli-iletisim-yapisi-sasirtici\/\" \/>\n<meta property=\"og:locale\" content=\"tr_TR\" \/>\n<meta property=\"og:type\" content=\"article\" \/>\n<meta property=\"og:title\" content=\"Ko\u00e7: &quot;Fenerbah\u00e7e&#039;nin Haz\u0131rl\u0131kl\u0131 \u0130leti\u015fim Yap\u0131s\u0131 \u015ea\u015f\u0131rt\u0131c\u0131&quot;\" \/>\n<meta property=\"og:description\" content=\"Adana Demirspor ma\u00e7\u0131yla ilgili konu\u015fan bir yetkili, \u015fu \u015fekilde a\u00e7\u0131klamalarda bulundu: &quot;Yar\u0131da kalan bir Adana Demirspor ma\u00e7\u0131 var, bizim i\u00e7in \u00f6nemsiz bir\" \/>\n<meta property=\"og:url\" content=\"https:\/\/e-ciftlik.com\/haberler\/spor\/koc-fenerbahcenin-hazirlikli-iletisim-yapisi-sasirtici\/\" \/>\n<meta property=\"og:site_name\" content=\"E-&Ccedil;\u0130FTL\u0130K HABER\" \/>\n<meta property=\"article:publisher\" content=\"https:\/\/www.facebook.com\/eciftlikturkiye\" \/>\n<meta property=\"article:published_time\" content=\"2025-02-18T00:17:27+00:00\" \/>\n<meta property=\"og:image\" content=\"https:\/\/e-ciftlik.com\/haberler\/wp-content\/uploads\/2025\/02\/EWBW_uG-V0WjsBxXDK4How.jpg\" \/>\n\t<meta property=\"og:image:width\" content=\"1080\" \/>\n\t<meta property=\"og:image:height\" content=\"612\" \/>\n\t<meta property=\"og:image:type\" content=\"image\/jpeg\" \/>\n<meta name=\"author\" content=\"Haber Merkezi\" \/>\n<meta name=\"twitter:card\" content=\"summary_large_image\" \/>\n<meta name=\"twitter:creator\" content=\"@eciftlikresmi\" \/>\n<meta name=\"twitter:site\" content=\"@eciftlikresmi\" \/>\n<meta name=\"twitter:label1\" content=\"Yazan:\" \/>\n\t<meta name=\"twitter:data1\" content=\"Haber Merkezi\" \/>\n\t<meta name=\"twitter:label2\" content=\"Tahmini okuma s\u00fcresi\" \/>\n\t<meta name=\"twitter:data2\" content=\"1 dakika\" \/>\n<script type=\"application\/ld+json\" class=\"yoast-schema-graph\">{\"@context\":\"https:\\\/\\\/schema.org\",\"@graph\":[{\"@type\":\"NewsArticle\",\"@id\":\"https:\\\/\\\/e-ciftlik.com\\\/haberler\\\/spor\\\/koc-fenerbahcenin-hazirlikli-iletisim-yapisi-sasirtici\\\/#article\",\"isPartOf\":{\"@id\":\"https:\\\/\\\/e-ciftlik.com\\\/haberler\\\/spor\\\/koc-fenerbahcenin-hazirlikli-iletisim-yapisi-sasirtici\\\/\"},\"author\":{\"name\":\"Haber Merkezi\",\"@id\":\"https:\\\/\\\/e-ciftlik.com\\\/haberler\\\/#\\\/schema\\\/person\\\/d2f4fee3143d7f72be82cb887d51b00a\"},\"headline\":\"Ko\u00e7: &#8220;Fenerbah\u00e7e&#8217;nin Haz\u0131rl\u0131kl\u0131 \u0130leti\u015fim Yap\u0131s\u0131 \u015ea\u015f\u0131rt\u0131c\u0131&#8221;\",\"datePublished\":\"2025-02-18T00:17:27+00:00\",\"mainEntityOfPage\":{\"@id\":\"https:\\\/\\\/e-ciftlik.com\\\/haberler\\\/spor\\\/koc-fenerbahcenin-hazirlikli-iletisim-yapisi-sasirtici\\\/\"},\"wordCount\":160,\"commentCount\":0,\"publisher\":{\"@id\":\"https:\\\/\\\/e-ciftlik.com\\\/haberler\\\/#organization\"},\"image\":{\"@id\":\"https:\\\/\\\/e-ciftlik.com\\\/haberler\\\/spor\\\/koc-fenerbahcenin-hazirlikli-iletisim-yapisi-sasirtici\\\/#primaryimage\"},\"thumbnailUrl\":\"https:\\\/\\\/e-ciftlik.com\\\/haberler\\\/wp-content\\\/uploads\\\/2025\\\/02\\\/EWBW_uG-V0WjsBxXDK4How.jpg\",\"articleSection\":[\"Spor\"],\"inLanguage\":\"tr\",\"potentialAction\":[{\"@type\":\"CommentAction\",\"name\":\"Comment\",\"target\":[\"https:\\\/\\\/e-ciftlik.com\\\/haberler\\\/spor\\\/koc-fenerbahcenin-hazirlikli-iletisim-yapisi-sasirtici\\\/#respond\"]}]},{\"@type\":\"WebPage\",\"@id\":\"https:\\\/\\\/e-ciftlik.com\\\/haberler\\\/spor\\\/koc-fenerbahcenin-hazirlikli-iletisim-yapisi-sasirtici\\\/\",\"url\":\"https:\\\/\\\/e-ciftlik.com\\\/haberler\\\/spor\\\/koc-fenerbahcenin-hazirlikli-iletisim-yapisi-sasirtici\\\/\",\"name\":\"Ko\u00e7: \\\"Fenerbah\u00e7e'nin Haz\u0131rl\u0131kl\u0131 \u0130leti\u015fim Yap\u0131s\u0131 \u015ea\u015f\u0131rt\u0131c\u0131\\\" - E-&Ccedil;\u0130FTL\u0130K HABER\",\"isPartOf\":{\"@id\":\"https:\\\/\\\/e-ciftlik.com\\\/haberler\\\/#website\"},\"primaryImageOfPage\":{\"@id\":\"https:\\\/\\\/e-ciftlik.com\\\/haberler\\\/spor\\\/koc-fenerbahcenin-hazirlikli-iletisim-yapisi-sasirtici\\\/#primaryimage\"},\"image\":{\"@id\":\"https:\\\/\\\/e-ciftlik.com\\\/haberler\\\/spor\\\/koc-fenerbahcenin-hazirlikli-iletisim-yapisi-sasirtici\\\/#primaryimage\"},\"thumbnailUrl\":\"https:\\\/\\\/e-ciftlik.com\\\/haberler\\\/wp-content\\\/uploads\\\/2025\\\/02\\\/EWBW_uG-V0WjsBxXDK4How.jpg\",\"datePublished\":\"2025-02-18T00:17:27+00:00\",\"description\":\"Adana Demirspor ma\u00e7\u0131yla ilgili konu\u015fan bir yetkili, \u015fu \u015fekilde a\u00e7\u0131klamalarda bulundu: \\\"Yar\u0131da kalan bir Adana Demirspor ma\u00e7\u0131 var, bizim i\u00e7in \u00f6nemsiz bir\",\"breadcrumb\":{\"@id\":\"https:\\\/\\\/e-ciftlik.com\\\/haberler\\\/spor\\\/koc-fenerbahcenin-hazirlikli-iletisim-yapisi-sasirtici\\\/#breadcrumb\"},\"inLanguage\":\"tr\",\"potentialAction\":[{\"@type\":\"ReadAction\",\"target\":[\"https:\\\/\\\/e-ciftlik.com\\\/haberler\\\/spor\\\/koc-fenerbahcenin-hazirlikli-iletisim-yapisi-sasirtici\\\/\"]}]},{\"@type\":\"ImageObject\",\"inLanguage\":\"tr\",\"@id\":\"https:\\\/\\\/e-ciftlik.com\\\/haberler\\\/spor\\\/koc-fenerbahcenin-hazirlikli-iletisim-yapisi-sasirtici\\\/#primaryimage\",\"url\":\"https:\\\/\\\/e-ciftlik.com\\\/haberler\\\/wp-content\\\/uploads\\\/2025\\\/02\\\/EWBW_uG-V0WjsBxXDK4How.jpg\",\"contentUrl\":\"https:\\\/\\\/e-ciftlik.com\\\/haberler\\\/wp-content\\\/uploads\\\/2025\\\/02\\\/EWBW_uG-V0WjsBxXDK4How.jpg\",\"width\":1080,\"height\":612},{\"@type\":\"BreadcrumbList\",\"@id\":\"https:\\\/\\\/e-ciftlik.com\\\/haberler\\\/spor\\\/koc-fenerbahcenin-hazirlikli-iletisim-yapisi-sasirtici\\\/#breadcrumb\",\"itemListElement\":[{\"@type\":\"ListItem\",\"position\":1,\"name\":\"Anasayfa\",\"item\":\"https:\\\/\\\/e-ciftlik.com\\\/haberler\\\/\"},{\"@type\":\"ListItem\",\"position\":2,\"name\":\"Ko\u00e7: &#8220;Fenerbah\u00e7e&#8217;nin Haz\u0131rl\u0131kl\u0131 \u0130leti\u015fim Yap\u0131s\u0131 \u015ea\u015f\u0131rt\u0131c\u0131&#8221;\"}]},{\"@type\":\"WebSite\",\"@id\":\"https:\\\/\\\/e-ciftlik.com\\\/haberler\\\/#website\",\"url\":\"https:\\\/\\\/e-ciftlik.com\\\/haberler\\\/\",\"name\":\"E-\u00c7iftlik Haber | G\u00fcncel, Son Dakika Haberler, En Son Haber\",\"description\":\"\",\"publisher\":{\"@id\":\"https:\\\/\\\/e-ciftlik.com\\\/haberler\\\/#organization\"},\"potentialAction\":[{\"@type\":\"SearchAction\",\"target\":{\"@type\":\"EntryPoint\",\"urlTemplate\":\"https:\\\/\\\/e-ciftlik.com\\\/haberler\\\/?s={search_term_string}\"},\"query-input\":{\"@type\":\"PropertyValueSpecification\",\"valueRequired\":true,\"valueName\":\"search_term_string\"}}],\"inLanguage\":\"tr\"},{\"@type\":\"Organization\",\"@id\":\"https:\\\/\\\/e-ciftlik.com\\\/haberler\\\/#organization\",\"name\":\"E-\u00c7\u0130FTL\u0130K HABER\",\"url\":\"https:\\\/\\\/e-ciftlik.com\\\/haberler\\\/\",\"logo\":{\"@type\":\"ImageObject\",\"inLanguage\":\"tr\",\"@id\":\"https:\\\/\\\/e-ciftlik.com\\\/haberler\\\/#\\\/schema\\\/logo\\\/image\\\/\",\"url\":\"https:\\\/\\\/e-ciftlik.com\\\/haberler\\\/wp-content\\\/uploads\\\/2024\\\/06\\\/cropped-cropped-favicon-1-2.png\",\"contentUrl\":\"https:\\\/\\\/e-ciftlik.com\\\/haberler\\\/wp-content\\\/uploads\\\/2024\\\/06\\\/cropped-cropped-favicon-1-2.png\",\"width\":512,\"height\":512,\"caption\":\"E-\u00c7\u0130FTL\u0130K HABER\"},\"image\":{\"@id\":\"https:\\\/\\\/e-ciftlik.com\\\/haberler\\\/#\\\/schema\\\/logo\\\/image\\\/\"},\"sameAs\":[\"https:\\\/\\\/www.facebook.com\\\/eciftlikturkiye\",\"https:\\\/\\\/x.com\\\/eciftlikresmi\",\"https:\\\/\\\/www.instagram.com\\\/eciftlikresmi\\\/\"]},{\"@type\":\"Person\",\"@id\":\"https:\\\/\\\/e-ciftlik.com\\\/haberler\\\/#\\\/schema\\\/person\\\/d2f4fee3143d7f72be82cb887d51b00a\",\"name\":\"Haber Merkezi\",\"image\":{\"@type\":\"ImageObject\",\"inLanguage\":\"tr\",\"@id\":\"https:\\\/\\\/secure.gravatar.com\\\/avatar\\\/6c27d641914e66c1d0452c92716002398782818991d86db1c2cccb531e7c7c82?s=96&d=mm&r=g\",\"url\":\"https:\\\/\\\/secure.gravatar.com\\\/avatar\\\/6c27d641914e66c1d0452c92716002398782818991d86db1c2cccb531e7c7c82?s=96&d=mm&r=g\",\"contentUrl\":\"https:\\\/\\\/secure.gravatar.com\\\/avatar\\\/6c27d641914e66c1d0452c92716002398782818991d86db1c2cccb531e7c7c82?s=96&d=mm&r=g\",\"caption\":\"Haber Merkezi\"},\"sameAs\":[\"http:\\\/\\\/e-ciftlik.com\\\/haberler\"]}]}<\/script>\n<!-- \/ Yoast SEO Premium plugin. -->","yoast_head_json":{"title":"Ko\u00e7: \"Fenerbah\u00e7e'nin Haz\u0131rl\u0131kl\u0131 \u0130leti\u015fim Yap\u0131s\u0131 \u015ea\u015f\u0131rt\u0131c\u0131\" - E-&Ccedil;\u0130FTL\u0130K HABER","description":"Adana Demirspor ma\u00e7\u0131yla ilgili konu\u015fan bir yetkili, \u015fu \u015fekilde a\u00e7\u0131klamalarda bulundu: \"Yar\u0131da kalan bir Adana Demirspor ma\u00e7\u0131 var, bizim i\u00e7in \u00f6nemsiz bir","robots":{"index":"index","follow":"follow","max-snippet":"max-snippet:-1","max-image-preview":"max-image-preview:large","max-video-preview":"max-video-preview:-1"},"canonical":"https:\/\/e-ciftlik.com\/haberler\/spor\/koc-fenerbahcenin-hazirlikli-iletisim-yapisi-sasirtici\/","og_locale":"tr_TR","og_type":"article","og_title":"Ko\u00e7: \"Fenerbah\u00e7e'nin Haz\u0131rl\u0131kl\u0131 \u0130leti\u015fim Yap\u0131s\u0131 \u015ea\u015f\u0131rt\u0131c\u0131\"","og_description":"Adana Demirspor ma\u00e7\u0131yla ilgili konu\u015fan bir yetkili, \u015fu \u015fekilde a\u00e7\u0131klamalarda bulundu: \"Yar\u0131da kalan bir Adana Demirspor ma\u00e7\u0131 var, bizim i\u00e7in \u00f6nemsiz bir","og_url":"https:\/\/e-ciftlik.com\/haberler\/spor\/koc-fenerbahcenin-hazirlikli-iletisim-yapisi-sasirtici\/","og_site_name":"E-&Ccedil;\u0130FTL\u0130K HABER","article_publisher":"https:\/\/www.facebook.com\/eciftlikturkiye","article_published_time":"2025-02-18T00:17:27+00:00","og_image":[{"width":1080,"height":612,"url":"https:\/\/e-ciftlik.com\/haberler\/wp-content\/uploads\/2025\/02\/EWBW_uG-V0WjsBxXDK4How.jpg","type":"image\/jpeg"}],"author":"Haber Merkezi","twitter_card":"summary_large_image","twitter_creator":"@eciftlikresmi","twitter_site":"@eciftlikresmi","twitter_misc":{"Yazan:":"Haber Merkezi","Tahmini okuma s\u00fcresi":"1 dakika"},"schema":{"@context":"https:\/\/schema.org","@graph":[{"@type":"NewsArticle","@id":"https:\/\/e-ciftlik.com\/haberler\/spor\/koc-fenerbahcenin-hazirlikli-iletisim-yapisi-sasirtici\/#article","isPartOf":{"@id":"https:\/\/e-ciftlik.com\/haberler\/spor\/koc-fenerbahcenin-hazirlikli-iletisim-yapisi-sasirtici\/"},"author":{"name":"Haber Merkezi","@id":"https:\/\/e-ciftlik.com\/haberler\/#\/schema\/person\/d2f4fee3143d7f72be82cb887d51b00a"},"headline":"Ko\u00e7: &#8220;Fenerbah\u00e7e&#8217;nin Haz\u0131rl\u0131kl\u0131 \u0130leti\u015fim Yap\u0131s\u0131 \u015ea\u015f\u0131rt\u0131c\u0131&#8221;","datePublished":"2025-02-18T00:17:27+00:00","mainEntityOfPage":{"@id":"https:\/\/e-ciftlik.com\/haberler\/spor\/koc-fenerbahcenin-hazirlikli-iletisim-yapisi-sasirtici\/"},"wordCount":160,"commentCount":0,"publisher":{"@id":"https:\/\/e-ciftlik.com\/haberler\/#organization"},"image":{"@id":"https:\/\/e-ciftlik.com\/haberler\/spor\/koc-fenerbahcenin-hazirlikli-iletisim-yapisi-sasirtici\/#primaryimage"},"thumbnailUrl":"https:\/\/e-ciftlik.com\/haberler\/wp-content\/uploads\/2025\/02\/EWBW_uG-V0WjsBxXDK4How.jpg","articleSection":["Spor"],"inLanguage":"tr","potentialAction":[{"@type":"CommentAction","name":"Comment","target":["https:\/\/e-ciftlik.com\/haberler\/spor\/koc-fenerbahcenin-hazirlikli-iletisim-yapisi-sasirtici\/#respond"]}]},{"@type":"WebPage","@id":"https:\/\/e-ciftlik.com\/haberler\/spor\/koc-fenerbahcenin-hazirlikli-iletisim-yapisi-sasirtici\/","url":"https:\/\/e-ciftlik.com\/haberler\/spor\/koc-fenerbahcenin-hazirlikli-iletisim-yapisi-sasirtici\/","name":"Ko\u00e7: \"Fenerbah\u00e7e'nin Haz\u0131rl\u0131kl\u0131 \u0130leti\u015fim Yap\u0131s\u0131 \u015ea\u015f\u0131rt\u0131c\u0131\" - E-&Ccedil;\u0130FTL\u0130K HABER","isPartOf":{"@id":"https:\/\/e-ciftlik.com\/haberler\/#website"},"primaryImageOfPage":{"@id":"https:\/\/e-ciftlik.com\/haberler\/spor\/koc-fenerbahcenin-hazirlikli-iletisim-yapisi-sasirtici\/#primaryimage"},"image":{"@id":"https:\/\/e-ciftlik.com\/haberler\/spor\/koc-fenerbahcenin-hazirlikli-iletisim-yapisi-sasirtici\/#primaryimage"},"thumbnailUrl":"https:\/\/e-ciftlik.com\/haberler\/wp-content\/uploads\/2025\/02\/EWBW_uG-V0WjsBxXDK4How.jpg","datePublished":"2025-02-18T00:17:27+00:00","description":"Adana Demirspor ma\u00e7\u0131yla ilgili konu\u015fan bir yetkili, \u015fu \u015fekilde a\u00e7\u0131klamalarda bulundu: \"Yar\u0131da kalan bir Adana Demirspor ma\u00e7\u0131 var, bizim i\u00e7in \u00f6nemsiz bir","breadcrumb":{"@id":"https:\/\/e-ciftlik.com\/haberler\/spor\/koc-fenerbahcenin-hazirlikli-iletisim-yapisi-sasirtici\/#breadcrumb"},"inLanguage":"tr","potentialAction":[{"@type":"ReadAction","target":["https:\/\/e-ciftlik.com\/haberler\/spor\/koc-fenerbahcenin-hazirlikli-iletisim-yapisi-sasirtici\/"]}]},{"@type":"ImageObject","inLanguage":"tr","@id":"https:\/\/e-ciftlik.com\/haberler\/spor\/koc-fenerbahcenin-hazirlikli-iletisim-yapisi-sasirtici\/#primaryimage","url":"https:\/\/e-ciftlik.com\/haberler\/wp-content\/uploads\/2025\/02\/EWBW_uG-V0WjsBxXDK4How.jpg","contentUrl":"https:\/\/e-ciftlik.com\/haberler\/wp-content\/uploads\/2025\/02\/EWBW_uG-V0WjsBxXDK4How.jpg","width":1080,"height":612},{"@type":"BreadcrumbList","@id":"https:\/\/e-ciftlik.com\/haberler\/spor\/koc-fenerbahcenin-hazirlikli-iletisim-yapisi-sasirtici\/#breadcrumb","itemListElement":[{"@type":"ListItem","position":1,"name":"Anasayfa","item":"https:\/\/e-ciftlik.com\/haberler\/"},{"@type":"ListItem","position":2,"name":"Ko\u00e7: &#8220;Fenerbah\u00e7e&#8217;nin Haz\u0131rl\u0131kl\u0131 \u0130leti\u015fim Yap\u0131s\u0131 \u015ea\u015f\u0131rt\u0131c\u0131&#8221;"}]},{"@type":"WebSite","@id":"https:\/\/e-ciftlik.com\/haberler\/#website","url":"https:\/\/e-ciftlik.com\/haberler\/","name":"E-\u00c7iftlik Haber | G\u00fcncel, Son Dakika Haberler, En Son Haber","description":"","publisher":{"@id":"https:\/\/e-ciftlik.com\/haberler\/#organization"},"potentialAction":[{"@type":"SearchAction","target":{"@type":"EntryPoint","urlTemplate":"https:\/\/e-ciftlik.com\/haberler\/?s={search_term_string}"},"query-input":{"@type":"PropertyValueSpecification","valueRequired":true,"valueName":"search_term_string"}}],"inLanguage":"tr"},{"@type":"Organization","@id":"https:\/\/e-ciftlik.com\/haberler\/#organization","name":"E-\u00c7\u0130FTL\u0130K HABER","url":"https:\/\/e-ciftlik.com\/haberler\/","logo":{"@type":"ImageObject","inLanguage":"tr","@id":"https:\/\/e-ciftlik.com\/haberler\/#\/schema\/logo\/image\/","url":"https:\/\/e-ciftlik.com\/haberler\/wp-content\/uploads\/2024\/06\/cropped-cropped-favicon-1-2.png","contentUrl":"https:\/\/e-ciftlik.com\/haberler\/wp-content\/uploads\/2024\/06\/cropped-cropped-favicon-1-2.png","width":512,"height":512,"caption":"E-\u00c7\u0130FTL\u0130K HABER"},"image":{"@id":"https:\/\/e-ciftlik.com\/haberler\/#\/schema\/logo\/image\/"},"sameAs":["https:\/\/www.facebook.com\/eciftlikturkiye","https:\/\/x.com\/eciftlikresmi","https:\/\/www.instagram.com\/eciftlikresmi\/"]},{"@type":"Person","@id":"https:\/\/e-ciftlik.com\/haberler\/#\/schema\/person\/d2f4fee3143d7f72be82cb887d51b00a","name":"Haber Merkezi","image":{"@type":"ImageObject","inLanguage":"tr","@id":"https:\/\/secure.gravatar.com\/avatar\/6c27d641914e66c1d0452c92716002398782818991d86db1c2cccb531e7c7c82?s=96&d=mm&r=g","url":"https:\/\/secure.gravatar.com\/avatar\/6c27d641914e66c1d0452c92716002398782818991d86db1c2cccb531e7c7c82?s=96&d=mm&r=g","contentUrl":"https:\/\/secure.gravatar.com\/avatar\/6c27d641914e66c1d0452c92716002398782818991d86db1c2cccb531e7c7c82?s=96&d=mm&r=g","caption":"Haber Merkezi"},"sameAs":["http:\/\/e-ciftlik.com\/haberler"]}]}},"_links":{"self":[{"href":"https:\/\/e-ciftlik.com\/haberler\/wp-json\/wp\/v2\/posts\/81458","targetHints":{"allow":["GET"]}}],"collection":[{"href":"https:\/\/e-ciftlik.com\/haberler\/wp-json\/wp\/v2\/posts"}],"about":[{"href":"https:\/\/e-ciftlik.com\/haberler\/wp-json\/wp\/v2\/types\/post"}],"author":[{"embeddable":true,"href":"https:\/\/e-ciftlik.com\/haberler\/wp-json\/wp\/v2\/users\/1"}],"replies":[{"embeddable":true,"href":"https:\/\/e-ciftlik.com\/haberler\/wp-json\/wp\/v2\/comments?post=81458"}],"version-history":[{"count":0,"href":"https:\/\/e-ciftlik.com\/haberler\/wp-json\/wp\/v2\/posts\/81458\/revisions"}],"wp:featuredmedia":[{"embeddable":true,"href":"https:\/\/e-ciftlik.com\/haberler\/wp-json\/wp\/v2\/media\/81459"}],"wp:attachment":[{"href":"https:\/\/e-ciftlik.com\/haberler\/wp-json\/wp\/v2\/media?parent=81458"}],"wp:term":[{"taxonomy":"category","embeddable":true,"href":"https:\/\/e-ciftlik.com\/haberler\/wp-json\/wp\/v2\/categories?post=81458"},{"taxonomy":"post_tag","embeddable":true,"href":"https:\/\/e-ciftlik.com\/haberler\/wp-json\/wp\/v2\/tags?post=81458"}],"curies":[{"name":"wp","href":"https:\/\/api.w.org\/{rel}","templated":true}]}}