{"id":81462,"date":"2025-02-18T00:35:40","date_gmt":"2025-02-18T00:35:40","guid":{"rendered":"http:\/\/e-ciftlik.com\/haberler\/spor\/mete-gazoz-2025-avrupa-salon-okculuk-sampiyonasina-hazir\/"},"modified":"2025-02-18T00:35:40","modified_gmt":"2025-02-18T00:35:40","slug":"mete-gazoz-2025-avrupa-salon-okculuk-sampiyonasina-hazir","status":"publish","type":"post","link":"https:\/\/e-ciftlik.com\/haberler\/spor\/mete-gazoz-2025-avrupa-salon-okculuk-sampiyonasina-hazir\/","title":{"rendered":"Mete Gazoz: 2025 Avrupa Salon Ok\u00e7uluk \u015eampiyonas\u0131&#8217;na Haz\u0131r!"},"content":{"rendered":"<p>2025 Avrupa Salon Ok\u00e7uluk \u015eampiyonas\u0131, 18-23 \u015eubat tarihleri aras\u0131nda Samsun\u2019daki Ok\u00e7uluk Salonu\u2019nda ger\u00e7ekle\u015fecek.<\/p>\n<p>Ok\u00e7uluk Salon Milli Tak\u0131m Kamp\u0131 da turnuvan\u0131n yap\u0131laca\u011f\u0131 Samsun\u2019da devam ediyor. Milli ok\u00e7u Mete Gazoz\u2019un da yer ald\u0131\u011f\u0131 Milli Tak\u0131m, \u00e7al\u0131\u015fmalar\u0131n\u0131 s\u00fcrd\u00fcr\u00fcyor.<\/p>\n<p>Ok\u00e7uluk alan\u0131nda t\u00fcm madalyalar\u0131 gen\u00e7 ya\u015fta kazanmas\u0131na ra\u011fmen gelecek turnuvalara haz\u0131rlan\u0131rken motivasyonunu nas\u0131l korudu\u011fuyla ilgili soruya cevap veren Gazoz, &#8220;Salon Avrupa \u015eampiyonas\u0131\u2019nda yar\u0131\u015faca\u011f\u0131m i\u00e7in \u00e7ok heyecanl\u0131y\u0131m. Bu \u015fampiyonan\u0131n Samsun\u2019da olmas\u0131, kendi \u00fclkemde olmas\u0131 bana ayr\u0131 bir rahatl\u0131k veriyor. \u00c7\u00fcnk\u00fc her zaman att\u0131\u011f\u0131m ve \u00e7ok iyi bildi\u011fim bir saha. O y\u00fczden heyecanla bekliyorum. Bizim felsefemiz, \u2019K\u00fcrs\u00fcde kald\u0131\u011f\u0131m\u0131z s\u00fcrece \u015fampiyonuz k\u00fcrs\u00fcden inince d\u00fcnyan\u0131n geri kalan\u0131ndan fark\u0131m\u0131z yok\u2019. Tekrardan o \u00fcnvan ve \u015fampiyonlu\u011fu elde etmemi\u015f gibi bir sonraki \u015fampiyonaya haz\u0131rlanmam\u0131z gerekiyor. Bu \u015fekilde t\u00fcm turnuvalara bak\u0131yorum. Ondan dolay\u0131 da turnuvalara haz\u0131rlanmak ve motive olmak \u00e7ok daha kolay oluyor \u00e7\u00fcnk\u00fc ilk defa kazanmak i\u00e7in ok at\u0131yorum. Bu \u015fekilde h\u0131rs\u0131m\u0131 ve motivasyonumu koruyorum.&#8221; ifadelerini kulland\u0131.<\/p>\n<p>&#8220;2028 LOS ANGELES OL\u0130MP\u0130YATLARI\u2019NDA 3 ALTIN MADALYA KAZANACA\u011eIM&#8221;<\/p>\n<p>Bir sonraki olimpiyatlarda alt\u0131n madalyalar\u0131n hepsini alaca\u011f\u0131na inand\u0131\u011f\u0131n\u0131 vurgulayan Mete Gazoz, &#8220;2028 Los Angeles Olimpiyatlar\u0131\u2019na bu sefer kazanaca\u011f\u0131m\u0131z alt\u0131n madalyalarla damga vuraca\u011f\u0131m\u0131z\u0131 d\u00fc\u015f\u00fcn\u00fcyorum. \u00c7\u00fcnk\u00fc 2021\u2019den sonra 2024 Olimpiyatlar\u0131\u2019nda T\u00fcrkiye kafilesi olarak \u00e7ok g\u00fczel bir olimpiyat ge\u00e7irdik. Bunun s\u00fcrekli her olimpiyat i\u00e7in daha iyi olaca\u011f\u0131n\u0131 d\u00fc\u015f\u00fcn\u00fcyorum. 2028\u2019de yine T\u00fcrkiye kafilesi olarak \u00e7ok g\u00fczel ba\u015far\u0131lar elde edece\u011fimizi d\u00fc\u015f\u00fcn\u00fcyorum. Kendi hedefim de Paris Olimpiyatlar\u0131\u2019ndan sonra 2028 Los Angeles Olimpiyatlar\u0131\u2019nda 3 alt\u0131n madalya kazanmak. Bunun i\u00e7in elimden geleni yapaca\u011f\u0131m. Muhtemelen de 3 tane alt\u0131n madalyay\u0131 kazanaca\u011f\u0131m&#8221; diye konu\u015ftu.<\/p>\n","protected":false},"excerpt":{"rendered":"<p>2025 Avrupa Salon Ok\u00e7uluk \u015eampiyonas\u0131, 18-23 \u015eubat tarihleri aras\u0131nda Samsun\u2019daki Ok\u00e7uluk Salonu\u2019nda ger\u00e7ekle\u015fecek. Ok\u00e7uluk Salon&hellip;<\/p>\n","protected":false},"author":1,"featured_media":81463,"comment_status":"open","ping_status":"open","sticky":false,"template":"","format":"standard","meta":{"footnotes":""},"categories":[7],"tags":[],"class_list":["post-81462","post","type-post","status-publish","format-standard","has-post-thumbnail","hentry","category-spor"],"yoast_head":"<!-- This site is optimized with the Yoast SEO Premium plugin v24.3 (Yoast SEO v27.4) - https:\/\/yoast.com\/product\/yoast-seo-premium-wordpress\/ -->\n<title>Mete Gazoz: 2025 Avrupa Salon Ok\u00e7uluk \u015eampiyonas\u0131&#039;na Haz\u0131r! - E-&Ccedil;\u0130FTL\u0130K HABER<\/title>\n<meta name=\"description\" content=\"2025 Avrupa Salon Ok\u00e7uluk \u015eampiyonas\u0131, 18-23 \u015eubat tarihleri aras\u0131nda Samsun\u2019daki Ok\u00e7uluk Salonu\u2019nda ger\u00e7ekle\u015fecek. Ok\u00e7uluk Salon Milli Tak\u0131m Kamp\u0131 da\" \/>\n<meta name=\"robots\" content=\"index, follow, max-snippet:-1, max-image-preview:large, max-video-preview:-1\" \/>\n<link rel=\"canonical\" href=\"https:\/\/e-ciftlik.com\/haberler\/spor\/mete-gazoz-2025-avrupa-salon-okculuk-sampiyonasina-hazir\/\" \/>\n<meta property=\"og:locale\" content=\"tr_TR\" \/>\n<meta property=\"og:type\" content=\"article\" \/>\n<meta property=\"og:title\" content=\"Mete Gazoz: 2025 Avrupa Salon Ok\u00e7uluk \u015eampiyonas\u0131&#039;na Haz\u0131r!\" \/>\n<meta property=\"og:description\" content=\"2025 Avrupa Salon Ok\u00e7uluk \u015eampiyonas\u0131, 18-23 \u015eubat tarihleri aras\u0131nda Samsun\u2019daki Ok\u00e7uluk Salonu\u2019nda ger\u00e7ekle\u015fecek. Ok\u00e7uluk Salon Milli Tak\u0131m Kamp\u0131 da\" \/>\n<meta property=\"og:url\" content=\"https:\/\/e-ciftlik.com\/haberler\/spor\/mete-gazoz-2025-avrupa-salon-okculuk-sampiyonasina-hazir\/\" \/>\n<meta property=\"og:site_name\" content=\"E-&Ccedil;\u0130FTL\u0130K HABER\" \/>\n<meta property=\"article:publisher\" content=\"https:\/\/www.facebook.com\/eciftlikturkiye\" \/>\n<meta property=\"article:published_time\" content=\"2025-02-18T00:35:40+00:00\" \/>\n<meta property=\"og:image\" content=\"https:\/\/e-ciftlik.com\/haberler\/wp-content\/uploads\/2025\/02\/nvVyYocR0kuXuEljsRj0PA.jpg\" \/>\n\t<meta property=\"og:image:width\" content=\"1080\" \/>\n\t<meta property=\"og:image:height\" content=\"613\" \/>\n\t<meta property=\"og:image:type\" content=\"image\/jpeg\" \/>\n<meta name=\"author\" content=\"Haber Merkezi\" \/>\n<meta name=\"twitter:card\" content=\"summary_large_image\" \/>\n<meta name=\"twitter:creator\" content=\"@eciftlikresmi\" \/>\n<meta name=\"twitter:site\" content=\"@eciftlikresmi\" \/>\n<meta name=\"twitter:label1\" content=\"Yazan:\" \/>\n\t<meta name=\"twitter:data1\" content=\"Haber Merkezi\" \/>\n\t<meta name=\"twitter:label2\" content=\"Tahmini okuma s\u00fcresi\" \/>\n\t<meta name=\"twitter:data2\" content=\"2 dakika\" \/>\n<script type=\"application\/ld+json\" class=\"yoast-schema-graph\">{\"@context\":\"https:\\\/\\\/schema.org\",\"@graph\":[{\"@type\":\"NewsArticle\",\"@id\":\"https:\\\/\\\/e-ciftlik.com\\\/haberler\\\/spor\\\/mete-gazoz-2025-avrupa-salon-okculuk-sampiyonasina-hazir\\\/#article\",\"isPartOf\":{\"@id\":\"https:\\\/\\\/e-ciftlik.com\\\/haberler\\\/spor\\\/mete-gazoz-2025-avrupa-salon-okculuk-sampiyonasina-hazir\\\/\"},\"author\":{\"name\":\"Haber Merkezi\",\"@id\":\"https:\\\/\\\/e-ciftlik.com\\\/haberler\\\/#\\\/schema\\\/person\\\/d2f4fee3143d7f72be82cb887d51b00a\"},\"headline\":\"Mete Gazoz: 2025 Avrupa Salon Ok\u00e7uluk \u015eampiyonas\u0131&#8217;na Haz\u0131r!\",\"datePublished\":\"2025-02-18T00:35:40+00:00\",\"mainEntityOfPage\":{\"@id\":\"https:\\\/\\\/e-ciftlik.com\\\/haberler\\\/spor\\\/mete-gazoz-2025-avrupa-salon-okculuk-sampiyonasina-hazir\\\/\"},\"wordCount\":343,\"commentCount\":0,\"publisher\":{\"@id\":\"https:\\\/\\\/e-ciftlik.com\\\/haberler\\\/#organization\"},\"image\":{\"@id\":\"https:\\\/\\\/e-ciftlik.com\\\/haberler\\\/spor\\\/mete-gazoz-2025-avrupa-salon-okculuk-sampiyonasina-hazir\\\/#primaryimage\"},\"thumbnailUrl\":\"https:\\\/\\\/e-ciftlik.com\\\/haberler\\\/wp-content\\\/uploads\\\/2025\\\/02\\\/nvVyYocR0kuXuEljsRj0PA.jpg\",\"articleSection\":[\"Spor\"],\"inLanguage\":\"tr\",\"potentialAction\":[{\"@type\":\"CommentAction\",\"name\":\"Comment\",\"target\":[\"https:\\\/\\\/e-ciftlik.com\\\/haberler\\\/spor\\\/mete-gazoz-2025-avrupa-salon-okculuk-sampiyonasina-hazir\\\/#respond\"]}]},{\"@type\":\"WebPage\",\"@id\":\"https:\\\/\\\/e-ciftlik.com\\\/haberler\\\/spor\\\/mete-gazoz-2025-avrupa-salon-okculuk-sampiyonasina-hazir\\\/\",\"url\":\"https:\\\/\\\/e-ciftlik.com\\\/haberler\\\/spor\\\/mete-gazoz-2025-avrupa-salon-okculuk-sampiyonasina-hazir\\\/\",\"name\":\"Mete Gazoz: 2025 Avrupa Salon Ok\u00e7uluk \u015eampiyonas\u0131'na Haz\u0131r! - E-&Ccedil;\u0130FTL\u0130K HABER\",\"isPartOf\":{\"@id\":\"https:\\\/\\\/e-ciftlik.com\\\/haberler\\\/#website\"},\"primaryImageOfPage\":{\"@id\":\"https:\\\/\\\/e-ciftlik.com\\\/haberler\\\/spor\\\/mete-gazoz-2025-avrupa-salon-okculuk-sampiyonasina-hazir\\\/#primaryimage\"},\"image\":{\"@id\":\"https:\\\/\\\/e-ciftlik.com\\\/haberler\\\/spor\\\/mete-gazoz-2025-avrupa-salon-okculuk-sampiyonasina-hazir\\\/#primaryimage\"},\"thumbnailUrl\":\"https:\\\/\\\/e-ciftlik.com\\\/haberler\\\/wp-content\\\/uploads\\\/2025\\\/02\\\/nvVyYocR0kuXuEljsRj0PA.jpg\",\"datePublished\":\"2025-02-18T00:35:40+00:00\",\"description\":\"2025 Avrupa Salon Ok\u00e7uluk \u015eampiyonas\u0131, 18-23 \u015eubat tarihleri aras\u0131nda Samsun\u2019daki Ok\u00e7uluk Salonu\u2019nda ger\u00e7ekle\u015fecek. Ok\u00e7uluk Salon Milli Tak\u0131m Kamp\u0131 da\",\"breadcrumb\":{\"@id\":\"https:\\\/\\\/e-ciftlik.com\\\/haberler\\\/spor\\\/mete-gazoz-2025-avrupa-salon-okculuk-sampiyonasina-hazir\\\/#breadcrumb\"},\"inLanguage\":\"tr\",\"potentialAction\":[{\"@type\":\"ReadAction\",\"target\":[\"https:\\\/\\\/e-ciftlik.com\\\/haberler\\\/spor\\\/mete-gazoz-2025-avrupa-salon-okculuk-sampiyonasina-hazir\\\/\"]}]},{\"@type\":\"ImageObject\",\"inLanguage\":\"tr\",\"@id\":\"https:\\\/\\\/e-ciftlik.com\\\/haberler\\\/spor\\\/mete-gazoz-2025-avrupa-salon-okculuk-sampiyonasina-hazir\\\/#primaryimage\",\"url\":\"https:\\\/\\\/e-ciftlik.com\\\/haberler\\\/wp-content\\\/uploads\\\/2025\\\/02\\\/nvVyYocR0kuXuEljsRj0PA.jpg\",\"contentUrl\":\"https:\\\/\\\/e-ciftlik.com\\\/haberler\\\/wp-content\\\/uploads\\\/2025\\\/02\\\/nvVyYocR0kuXuEljsRj0PA.jpg\",\"width\":1080,\"height\":613},{\"@type\":\"BreadcrumbList\",\"@id\":\"https:\\\/\\\/e-ciftlik.com\\\/haberler\\\/spor\\\/mete-gazoz-2025-avrupa-salon-okculuk-sampiyonasina-hazir\\\/#breadcrumb\",\"itemListElement\":[{\"@type\":\"ListItem\",\"position\":1,\"name\":\"Anasayfa\",\"item\":\"https:\\\/\\\/e-ciftlik.com\\\/haberler\\\/\"},{\"@type\":\"ListItem\",\"position\":2,\"name\":\"Mete Gazoz: 2025 Avrupa Salon Ok\u00e7uluk \u015eampiyonas\u0131&#8217;na Haz\u0131r!\"}]},{\"@type\":\"WebSite\",\"@id\":\"https:\\\/\\\/e-ciftlik.com\\\/haberler\\\/#website\",\"url\":\"https:\\\/\\\/e-ciftlik.com\\\/haberler\\\/\",\"name\":\"E-\u00c7iftlik Haber | G\u00fcncel, Son Dakika Haberler, En Son Haber\",\"description\":\"\",\"publisher\":{\"@id\":\"https:\\\/\\\/e-ciftlik.com\\\/haberler\\\/#organization\"},\"potentialAction\":[{\"@type\":\"SearchAction\",\"target\":{\"@type\":\"EntryPoint\",\"urlTemplate\":\"https:\\\/\\\/e-ciftlik.com\\\/haberler\\\/?s={search_term_string}\"},\"query-input\":{\"@type\":\"PropertyValueSpecification\",\"valueRequired\":true,\"valueName\":\"search_term_string\"}}],\"inLanguage\":\"tr\"},{\"@type\":\"Organization\",\"@id\":\"https:\\\/\\\/e-ciftlik.com\\\/haberler\\\/#organization\",\"name\":\"E-\u00c7\u0130FTL\u0130K HABER\",\"url\":\"https:\\\/\\\/e-ciftlik.com\\\/haberler\\\/\",\"logo\":{\"@type\":\"ImageObject\",\"inLanguage\":\"tr\",\"@id\":\"https:\\\/\\\/e-ciftlik.com\\\/haberler\\\/#\\\/schema\\\/logo\\\/image\\\/\",\"url\":\"https:\\\/\\\/e-ciftlik.com\\\/haberler\\\/wp-content\\\/uploads\\\/2024\\\/06\\\/cropped-cropped-favicon-1-2.png\",\"contentUrl\":\"https:\\\/\\\/e-ciftlik.com\\\/haberler\\\/wp-content\\\/uploads\\\/2024\\\/06\\\/cropped-cropped-favicon-1-2.png\",\"width\":512,\"height\":512,\"caption\":\"E-\u00c7\u0130FTL\u0130K HABER\"},\"image\":{\"@id\":\"https:\\\/\\\/e-ciftlik.com\\\/haberler\\\/#\\\/schema\\\/logo\\\/image\\\/\"},\"sameAs\":[\"https:\\\/\\\/www.facebook.com\\\/eciftlikturkiye\",\"https:\\\/\\\/x.com\\\/eciftlikresmi\",\"https:\\\/\\\/www.instagram.com\\\/eciftlikresmi\\\/\"]},{\"@type\":\"Person\",\"@id\":\"https:\\\/\\\/e-ciftlik.com\\\/haberler\\\/#\\\/schema\\\/person\\\/d2f4fee3143d7f72be82cb887d51b00a\",\"name\":\"Haber Merkezi\",\"image\":{\"@type\":\"ImageObject\",\"inLanguage\":\"tr\",\"@id\":\"https:\\\/\\\/secure.gravatar.com\\\/avatar\\\/6c27d641914e66c1d0452c92716002398782818991d86db1c2cccb531e7c7c82?s=96&d=mm&r=g\",\"url\":\"https:\\\/\\\/secure.gravatar.com\\\/avatar\\\/6c27d641914e66c1d0452c92716002398782818991d86db1c2cccb531e7c7c82?s=96&d=mm&r=g\",\"contentUrl\":\"https:\\\/\\\/secure.gravatar.com\\\/avatar\\\/6c27d641914e66c1d0452c92716002398782818991d86db1c2cccb531e7c7c82?s=96&d=mm&r=g\",\"caption\":\"Haber Merkezi\"},\"sameAs\":[\"http:\\\/\\\/e-ciftlik.com\\\/haberler\"]}]}<\/script>\n<!-- \/ Yoast SEO Premium plugin. -->","yoast_head_json":{"title":"Mete Gazoz: 2025 Avrupa Salon Ok\u00e7uluk \u015eampiyonas\u0131'na Haz\u0131r! - E-&Ccedil;\u0130FTL\u0130K HABER","description":"2025 Avrupa Salon Ok\u00e7uluk \u015eampiyonas\u0131, 18-23 \u015eubat tarihleri aras\u0131nda Samsun\u2019daki Ok\u00e7uluk Salonu\u2019nda ger\u00e7ekle\u015fecek. Ok\u00e7uluk Salon Milli Tak\u0131m Kamp\u0131 da","robots":{"index":"index","follow":"follow","max-snippet":"max-snippet:-1","max-image-preview":"max-image-preview:large","max-video-preview":"max-video-preview:-1"},"canonical":"https:\/\/e-ciftlik.com\/haberler\/spor\/mete-gazoz-2025-avrupa-salon-okculuk-sampiyonasina-hazir\/","og_locale":"tr_TR","og_type":"article","og_title":"Mete Gazoz: 2025 Avrupa Salon Ok\u00e7uluk \u015eampiyonas\u0131'na Haz\u0131r!","og_description":"2025 Avrupa Salon Ok\u00e7uluk \u015eampiyonas\u0131, 18-23 \u015eubat tarihleri aras\u0131nda Samsun\u2019daki Ok\u00e7uluk Salonu\u2019nda ger\u00e7ekle\u015fecek. Ok\u00e7uluk Salon Milli Tak\u0131m Kamp\u0131 da","og_url":"https:\/\/e-ciftlik.com\/haberler\/spor\/mete-gazoz-2025-avrupa-salon-okculuk-sampiyonasina-hazir\/","og_site_name":"E-&Ccedil;\u0130FTL\u0130K HABER","article_publisher":"https:\/\/www.facebook.com\/eciftlikturkiye","article_published_time":"2025-02-18T00:35:40+00:00","og_image":[{"width":1080,"height":613,"url":"https:\/\/e-ciftlik.com\/haberler\/wp-content\/uploads\/2025\/02\/nvVyYocR0kuXuEljsRj0PA.jpg","type":"image\/jpeg"}],"author":"Haber Merkezi","twitter_card":"summary_large_image","twitter_creator":"@eciftlikresmi","twitter_site":"@eciftlikresmi","twitter_misc":{"Yazan:":"Haber Merkezi","Tahmini okuma s\u00fcresi":"2 dakika"},"schema":{"@context":"https:\/\/schema.org","@graph":[{"@type":"NewsArticle","@id":"https:\/\/e-ciftlik.com\/haberler\/spor\/mete-gazoz-2025-avrupa-salon-okculuk-sampiyonasina-hazir\/#article","isPartOf":{"@id":"https:\/\/e-ciftlik.com\/haberler\/spor\/mete-gazoz-2025-avrupa-salon-okculuk-sampiyonasina-hazir\/"},"author":{"name":"Haber Merkezi","@id":"https:\/\/e-ciftlik.com\/haberler\/#\/schema\/person\/d2f4fee3143d7f72be82cb887d51b00a"},"headline":"Mete Gazoz: 2025 Avrupa Salon Ok\u00e7uluk \u015eampiyonas\u0131&#8217;na Haz\u0131r!","datePublished":"2025-02-18T00:35:40+00:00","mainEntityOfPage":{"@id":"https:\/\/e-ciftlik.com\/haberler\/spor\/mete-gazoz-2025-avrupa-salon-okculuk-sampiyonasina-hazir\/"},"wordCount":343,"commentCount":0,"publisher":{"@id":"https:\/\/e-ciftlik.com\/haberler\/#organization"},"image":{"@id":"https:\/\/e-ciftlik.com\/haberler\/spor\/mete-gazoz-2025-avrupa-salon-okculuk-sampiyonasina-hazir\/#primaryimage"},"thumbnailUrl":"https:\/\/e-ciftlik.com\/haberler\/wp-content\/uploads\/2025\/02\/nvVyYocR0kuXuEljsRj0PA.jpg","articleSection":["Spor"],"inLanguage":"tr","potentialAction":[{"@type":"CommentAction","name":"Comment","target":["https:\/\/e-ciftlik.com\/haberler\/spor\/mete-gazoz-2025-avrupa-salon-okculuk-sampiyonasina-hazir\/#respond"]}]},{"@type":"WebPage","@id":"https:\/\/e-ciftlik.com\/haberler\/spor\/mete-gazoz-2025-avrupa-salon-okculuk-sampiyonasina-hazir\/","url":"https:\/\/e-ciftlik.com\/haberler\/spor\/mete-gazoz-2025-avrupa-salon-okculuk-sampiyonasina-hazir\/","name":"Mete Gazoz: 2025 Avrupa Salon Ok\u00e7uluk \u015eampiyonas\u0131'na Haz\u0131r! - E-&Ccedil;\u0130FTL\u0130K HABER","isPartOf":{"@id":"https:\/\/e-ciftlik.com\/haberler\/#website"},"primaryImageOfPage":{"@id":"https:\/\/e-ciftlik.com\/haberler\/spor\/mete-gazoz-2025-avrupa-salon-okculuk-sampiyonasina-hazir\/#primaryimage"},"image":{"@id":"https:\/\/e-ciftlik.com\/haberler\/spor\/mete-gazoz-2025-avrupa-salon-okculuk-sampiyonasina-hazir\/#primaryimage"},"thumbnailUrl":"https:\/\/e-ciftlik.com\/haberler\/wp-content\/uploads\/2025\/02\/nvVyYocR0kuXuEljsRj0PA.jpg","datePublished":"2025-02-18T00:35:40+00:00","description":"2025 Avrupa Salon Ok\u00e7uluk \u015eampiyonas\u0131, 18-23 \u015eubat tarihleri aras\u0131nda Samsun\u2019daki Ok\u00e7uluk Salonu\u2019nda ger\u00e7ekle\u015fecek. Ok\u00e7uluk Salon Milli Tak\u0131m Kamp\u0131 da","breadcrumb":{"@id":"https:\/\/e-ciftlik.com\/haberler\/spor\/mete-gazoz-2025-avrupa-salon-okculuk-sampiyonasina-hazir\/#breadcrumb"},"inLanguage":"tr","potentialAction":[{"@type":"ReadAction","target":["https:\/\/e-ciftlik.com\/haberler\/spor\/mete-gazoz-2025-avrupa-salon-okculuk-sampiyonasina-hazir\/"]}]},{"@type":"ImageObject","inLanguage":"tr","@id":"https:\/\/e-ciftlik.com\/haberler\/spor\/mete-gazoz-2025-avrupa-salon-okculuk-sampiyonasina-hazir\/#primaryimage","url":"https:\/\/e-ciftlik.com\/haberler\/wp-content\/uploads\/2025\/02\/nvVyYocR0kuXuEljsRj0PA.jpg","contentUrl":"https:\/\/e-ciftlik.com\/haberler\/wp-content\/uploads\/2025\/02\/nvVyYocR0kuXuEljsRj0PA.jpg","width":1080,"height":613},{"@type":"BreadcrumbList","@id":"https:\/\/e-ciftlik.com\/haberler\/spor\/mete-gazoz-2025-avrupa-salon-okculuk-sampiyonasina-hazir\/#breadcrumb","itemListElement":[{"@type":"ListItem","position":1,"name":"Anasayfa","item":"https:\/\/e-ciftlik.com\/haberler\/"},{"@type":"ListItem","position":2,"name":"Mete Gazoz: 2025 Avrupa Salon Ok\u00e7uluk \u015eampiyonas\u0131&#8217;na Haz\u0131r!"}]},{"@type":"WebSite","@id":"https:\/\/e-ciftlik.com\/haberler\/#website","url":"https:\/\/e-ciftlik.com\/haberler\/","name":"E-\u00c7iftlik Haber | G\u00fcncel, Son Dakika Haberler, En Son Haber","description":"","publisher":{"@id":"https:\/\/e-ciftlik.com\/haberler\/#organization"},"potentialAction":[{"@type":"SearchAction","target":{"@type":"EntryPoint","urlTemplate":"https:\/\/e-ciftlik.com\/haberler\/?s={search_term_string}"},"query-input":{"@type":"PropertyValueSpecification","valueRequired":true,"valueName":"search_term_string"}}],"inLanguage":"tr"},{"@type":"Organization","@id":"https:\/\/e-ciftlik.com\/haberler\/#organization","name":"E-\u00c7\u0130FTL\u0130K HABER","url":"https:\/\/e-ciftlik.com\/haberler\/","logo":{"@type":"ImageObject","inLanguage":"tr","@id":"https:\/\/e-ciftlik.com\/haberler\/#\/schema\/logo\/image\/","url":"https:\/\/e-ciftlik.com\/haberler\/wp-content\/uploads\/2024\/06\/cropped-cropped-favicon-1-2.png","contentUrl":"https:\/\/e-ciftlik.com\/haberler\/wp-content\/uploads\/2024\/06\/cropped-cropped-favicon-1-2.png","width":512,"height":512,"caption":"E-\u00c7\u0130FTL\u0130K HABER"},"image":{"@id":"https:\/\/e-ciftlik.com\/haberler\/#\/schema\/logo\/image\/"},"sameAs":["https:\/\/www.facebook.com\/eciftlikturkiye","https:\/\/x.com\/eciftlikresmi","https:\/\/www.instagram.com\/eciftlikresmi\/"]},{"@type":"Person","@id":"https:\/\/e-ciftlik.com\/haberler\/#\/schema\/person\/d2f4fee3143d7f72be82cb887d51b00a","name":"Haber Merkezi","image":{"@type":"ImageObject","inLanguage":"tr","@id":"https:\/\/secure.gravatar.com\/avatar\/6c27d641914e66c1d0452c92716002398782818991d86db1c2cccb531e7c7c82?s=96&d=mm&r=g","url":"https:\/\/secure.gravatar.com\/avatar\/6c27d641914e66c1d0452c92716002398782818991d86db1c2cccb531e7c7c82?s=96&d=mm&r=g","contentUrl":"https:\/\/secure.gravatar.com\/avatar\/6c27d641914e66c1d0452c92716002398782818991d86db1c2cccb531e7c7c82?s=96&d=mm&r=g","caption":"Haber Merkezi"},"sameAs":["http:\/\/e-ciftlik.com\/haberler"]}]}},"_links":{"self":[{"href":"https:\/\/e-ciftlik.com\/haberler\/wp-json\/wp\/v2\/posts\/81462","targetHints":{"allow":["GET"]}}],"collection":[{"href":"https:\/\/e-ciftlik.com\/haberler\/wp-json\/wp\/v2\/posts"}],"about":[{"href":"https:\/\/e-ciftlik.com\/haberler\/wp-json\/wp\/v2\/types\/post"}],"author":[{"embeddable":true,"href":"https:\/\/e-ciftlik.com\/haberler\/wp-json\/wp\/v2\/users\/1"}],"replies":[{"embeddable":true,"href":"https:\/\/e-ciftlik.com\/haberler\/wp-json\/wp\/v2\/comments?post=81462"}],"version-history":[{"count":0,"href":"https:\/\/e-ciftlik.com\/haberler\/wp-json\/wp\/v2\/posts\/81462\/revisions"}],"wp:featuredmedia":[{"embeddable":true,"href":"https:\/\/e-ciftlik.com\/haberler\/wp-json\/wp\/v2\/media\/81463"}],"wp:attachment":[{"href":"https:\/\/e-ciftlik.com\/haberler\/wp-json\/wp\/v2\/media?parent=81462"}],"wp:term":[{"taxonomy":"category","embeddable":true,"href":"https:\/\/e-ciftlik.com\/haberler\/wp-json\/wp\/v2\/categories?post=81462"},{"taxonomy":"post_tag","embeddable":true,"href":"https:\/\/e-ciftlik.com\/haberler\/wp-json\/wp\/v2\/tags?post=81462"}],"curies":[{"name":"wp","href":"https:\/\/api.w.org\/{rel}","templated":true}]}}