{"id":81499,"date":"2025-02-18T03:47:48","date_gmt":"2025-02-18T03:47:48","guid":{"rendered":"http:\/\/e-ciftlik.com\/haberler\/spor\/simon-kjaer-midtjylland-yonetim-kuruluna-katildi\/"},"modified":"2025-02-18T03:47:48","modified_gmt":"2025-02-18T03:47:48","slug":"simon-kjaer-midtjylland-yonetim-kuruluna-katildi","status":"publish","type":"post","link":"https:\/\/e-ciftlik.com\/haberler\/spor\/simon-kjaer-midtjylland-yonetim-kuruluna-katildi\/","title":{"rendered":"Simon Kjaer, Midtjylland Y\u00f6netim Kuruluna Kat\u0131ld\u0131"},"content":{"rendered":"<p> Danimarka&#8217;n\u0131n Midtjylland kul\u00fcb\u00fcnden gelen a\u00e7\u0131klamaya g\u00f6re, genel kurul toplant\u0131s\u0131n\u0131n ard\u0131ndan 35 ya\u015f\u0131ndaki futbol adam\u0131 Simon Kjaer&#8217;\u0131n, kul\u00fcb\u00fcn uluslararas\u0131 futbol alan\u0131ndaki konumunu g\u00fc\u00e7lendirmek amac\u0131yla y\u00f6netim kuruluna kat\u0131lmas\u0131na karar verildi\u011fi belirtildi. Midtjylland \u0130cra Kurulu Ba\u015fkan\u0131 Claus Steinlein, yapt\u0131\u011f\u0131 a\u00e7\u0131klamada Kjaer&#8217;\u0131n y\u00f6netim kuruluna kat\u0131lmas\u0131ndan memnuniyet duyduklar\u0131n\u0131 belirterek, \u201cKjaer, uluslararas\u0131 futbol konusunda e\u015fsiz bir bilgi birikimine sahip. \u00dcst d\u00fczey kul\u00fcplerin nas\u0131l yap\u0131lanmalar\u0131n\u0131, g\u00fc\u00e7l\u00fc yetenek stratejileri olu\u015fturduklar\u0131n\u0131 ve kazanma k\u00fclt\u00fcr\u00fc yaratt\u0131klar\u0131n\u0131 g\u00f6rd\u00fc. Bu kazan\u0131m, Midtjylland&#8217;\u0131n geli\u015fimi i\u00e7in b\u00fcy\u00fck \u00f6nem ta\u015f\u0131yacak.\u201d ifadelerini kulland\u0131.<\/p>\n<p>Kjaer ise Midtjylland&#8217;\u0131n oyuncu ve insan olarak geli\u015fimine b\u00fcy\u00fck katk\u0131 sa\u011flad\u0131\u011f\u0131n\u0131 vurgulayarak, \u201c\u015eimdi de ben Midtjylland&#8217;\u0131n b\u00fcy\u00fcmesine yard\u0131mc\u0131 olmak istiyorum. Eve d\u00f6nmek ve her \u015feyin ba\u015flad\u0131\u011f\u0131 kul\u00fcbe bir \u015feyler vermek benim i\u00e7in b\u00fcy\u00fck bir mutluluk. Futbol kariyerim, bilgim ve ileti\u015fim a\u011f\u0131m sayesinde Midtjylland&#8217;\u0131n geli\u015fimine katk\u0131 sa\u011flayabilece\u011fime inan\u0131yorum.\u201d \u015feklinde g\u00f6r\u00fc\u015f bildirdi.<\/p>\n<p>Simon Kjaer, 2015-17 y\u0131llar\u0131 aras\u0131nda Fenerbah\u00e7e formas\u0131 giymi\u015fti. Danimarka Milli Tak\u0131m\u0131&#8217;nda 132 ma\u00e7a \u00e7\u0131kan Kjaer, altyap\u0131s\u0131ndan yeti\u015fti\u011fi Midtjylland&#8217;\u0131n yan\u0131 s\u0131ra Palermo, Wolfsburg, Roma, Lille, Sevilla, Atalanta ve Milan gibi tak\u0131mlarda da g\u00f6rev alm\u0131\u015ft\u0131.<\/p>\n","protected":false},"excerpt":{"rendered":"<p>Danimarka&#8217;n\u0131n Midtjylland kul\u00fcb\u00fcnden gelen a\u00e7\u0131klamaya g\u00f6re, genel kurul toplant\u0131s\u0131n\u0131n ard\u0131ndan 35 ya\u015f\u0131ndaki futbol adam\u0131 Simon&hellip;<\/p>\n","protected":false},"author":1,"featured_media":81500,"comment_status":"open","ping_status":"open","sticky":false,"template":"","format":"standard","meta":{"footnotes":""},"categories":[7],"tags":[],"class_list":["post-81499","post","type-post","status-publish","format-standard","has-post-thumbnail","hentry","category-spor"],"yoast_head":"<!-- This site is optimized with the Yoast SEO Premium plugin v24.3 (Yoast SEO v27.4) - https:\/\/yoast.com\/product\/yoast-seo-premium-wordpress\/ -->\n<title>Simon Kjaer, Midtjylland Y\u00f6netim Kuruluna Kat\u0131ld\u0131 - E-&Ccedil;\u0130FTL\u0130K HABER<\/title>\n<meta name=\"description\" content=\"Danimarka&#039;n\u0131n Midtjylland kul\u00fcb\u00fcnden gelen a\u00e7\u0131klamaya g\u00f6re, genel kurul toplant\u0131s\u0131n\u0131n ard\u0131ndan 35 ya\u015f\u0131ndaki futbol adam\u0131 Simon Kjaer&#039;\u0131n, kul\u00fcb\u00fcn\" \/>\n<meta name=\"robots\" content=\"index, follow, max-snippet:-1, max-image-preview:large, max-video-preview:-1\" \/>\n<link rel=\"canonical\" href=\"https:\/\/e-ciftlik.com\/haberler\/spor\/simon-kjaer-midtjylland-yonetim-kuruluna-katildi\/\" \/>\n<meta property=\"og:locale\" content=\"tr_TR\" \/>\n<meta property=\"og:type\" content=\"article\" \/>\n<meta property=\"og:title\" content=\"Simon Kjaer, Midtjylland Y\u00f6netim Kuruluna Kat\u0131ld\u0131\" \/>\n<meta property=\"og:description\" content=\"Danimarka&#039;n\u0131n Midtjylland kul\u00fcb\u00fcnden gelen a\u00e7\u0131klamaya g\u00f6re, genel kurul toplant\u0131s\u0131n\u0131n ard\u0131ndan 35 ya\u015f\u0131ndaki futbol adam\u0131 Simon Kjaer&#039;\u0131n, kul\u00fcb\u00fcn\" \/>\n<meta property=\"og:url\" content=\"https:\/\/e-ciftlik.com\/haberler\/spor\/simon-kjaer-midtjylland-yonetim-kuruluna-katildi\/\" \/>\n<meta property=\"og:site_name\" content=\"E-&Ccedil;\u0130FTL\u0130K HABER\" \/>\n<meta property=\"article:publisher\" content=\"https:\/\/www.facebook.com\/eciftlikturkiye\" \/>\n<meta property=\"article:published_time\" content=\"2025-02-18T03:47:48+00:00\" \/>\n<meta property=\"og:image\" content=\"https:\/\/e-ciftlik.com\/haberler\/wp-content\/uploads\/2025\/02\/simon-kjaer-midtjyllandin-yonetim-kuruluna-dahil-oldu-1739827227498.jpeg\" \/>\n\t<meta property=\"og:image:width\" content=\"1200\" \/>\n\t<meta property=\"og:image:height\" content=\"675\" \/>\n\t<meta property=\"og:image:type\" content=\"image\/jpeg\" \/>\n<meta name=\"author\" content=\"Haber Merkezi\" \/>\n<meta name=\"twitter:card\" content=\"summary_large_image\" \/>\n<meta name=\"twitter:creator\" content=\"@eciftlikresmi\" \/>\n<meta name=\"twitter:site\" content=\"@eciftlikresmi\" \/>\n<meta name=\"twitter:label1\" content=\"Yazan:\" \/>\n\t<meta name=\"twitter:data1\" content=\"Haber Merkezi\" \/>\n\t<meta name=\"twitter:label2\" content=\"Tahmini okuma s\u00fcresi\" \/>\n\t<meta name=\"twitter:data2\" content=\"1 dakika\" \/>\n<script type=\"application\/ld+json\" class=\"yoast-schema-graph\">{\"@context\":\"https:\\\/\\\/schema.org\",\"@graph\":[{\"@type\":\"NewsArticle\",\"@id\":\"https:\\\/\\\/e-ciftlik.com\\\/haberler\\\/spor\\\/simon-kjaer-midtjylland-yonetim-kuruluna-katildi\\\/#article\",\"isPartOf\":{\"@id\":\"https:\\\/\\\/e-ciftlik.com\\\/haberler\\\/spor\\\/simon-kjaer-midtjylland-yonetim-kuruluna-katildi\\\/\"},\"author\":{\"name\":\"Haber Merkezi\",\"@id\":\"https:\\\/\\\/e-ciftlik.com\\\/haberler\\\/#\\\/schema\\\/person\\\/d2f4fee3143d7f72be82cb887d51b00a\"},\"headline\":\"Simon Kjaer, Midtjylland Y\u00f6netim Kuruluna Kat\u0131ld\u0131\",\"datePublished\":\"2025-02-18T03:47:48+00:00\",\"mainEntityOfPage\":{\"@id\":\"https:\\\/\\\/e-ciftlik.com\\\/haberler\\\/spor\\\/simon-kjaer-midtjylland-yonetim-kuruluna-katildi\\\/\"},\"wordCount\":255,\"commentCount\":0,\"publisher\":{\"@id\":\"https:\\\/\\\/e-ciftlik.com\\\/haberler\\\/#organization\"},\"image\":{\"@id\":\"https:\\\/\\\/e-ciftlik.com\\\/haberler\\\/spor\\\/simon-kjaer-midtjylland-yonetim-kuruluna-katildi\\\/#primaryimage\"},\"thumbnailUrl\":\"https:\\\/\\\/e-ciftlik.com\\\/haberler\\\/wp-content\\\/uploads\\\/2025\\\/02\\\/simon-kjaer-midtjyllandin-yonetim-kuruluna-dahil-oldu-1739827227498.jpeg\",\"articleSection\":[\"Spor\"],\"inLanguage\":\"tr\",\"potentialAction\":[{\"@type\":\"CommentAction\",\"name\":\"Comment\",\"target\":[\"https:\\\/\\\/e-ciftlik.com\\\/haberler\\\/spor\\\/simon-kjaer-midtjylland-yonetim-kuruluna-katildi\\\/#respond\"]}]},{\"@type\":\"WebPage\",\"@id\":\"https:\\\/\\\/e-ciftlik.com\\\/haberler\\\/spor\\\/simon-kjaer-midtjylland-yonetim-kuruluna-katildi\\\/\",\"url\":\"https:\\\/\\\/e-ciftlik.com\\\/haberler\\\/spor\\\/simon-kjaer-midtjylland-yonetim-kuruluna-katildi\\\/\",\"name\":\"Simon Kjaer, Midtjylland Y\u00f6netim Kuruluna Kat\u0131ld\u0131 - E-&Ccedil;\u0130FTL\u0130K HABER\",\"isPartOf\":{\"@id\":\"https:\\\/\\\/e-ciftlik.com\\\/haberler\\\/#website\"},\"primaryImageOfPage\":{\"@id\":\"https:\\\/\\\/e-ciftlik.com\\\/haberler\\\/spor\\\/simon-kjaer-midtjylland-yonetim-kuruluna-katildi\\\/#primaryimage\"},\"image\":{\"@id\":\"https:\\\/\\\/e-ciftlik.com\\\/haberler\\\/spor\\\/simon-kjaer-midtjylland-yonetim-kuruluna-katildi\\\/#primaryimage\"},\"thumbnailUrl\":\"https:\\\/\\\/e-ciftlik.com\\\/haberler\\\/wp-content\\\/uploads\\\/2025\\\/02\\\/simon-kjaer-midtjyllandin-yonetim-kuruluna-dahil-oldu-1739827227498.jpeg\",\"datePublished\":\"2025-02-18T03:47:48+00:00\",\"description\":\"Danimarka'n\u0131n Midtjylland kul\u00fcb\u00fcnden gelen a\u00e7\u0131klamaya g\u00f6re, genel kurul toplant\u0131s\u0131n\u0131n ard\u0131ndan 35 ya\u015f\u0131ndaki futbol adam\u0131 Simon Kjaer'\u0131n, kul\u00fcb\u00fcn\",\"breadcrumb\":{\"@id\":\"https:\\\/\\\/e-ciftlik.com\\\/haberler\\\/spor\\\/simon-kjaer-midtjylland-yonetim-kuruluna-katildi\\\/#breadcrumb\"},\"inLanguage\":\"tr\",\"potentialAction\":[{\"@type\":\"ReadAction\",\"target\":[\"https:\\\/\\\/e-ciftlik.com\\\/haberler\\\/spor\\\/simon-kjaer-midtjylland-yonetim-kuruluna-katildi\\\/\"]}]},{\"@type\":\"ImageObject\",\"inLanguage\":\"tr\",\"@id\":\"https:\\\/\\\/e-ciftlik.com\\\/haberler\\\/spor\\\/simon-kjaer-midtjylland-yonetim-kuruluna-katildi\\\/#primaryimage\",\"url\":\"https:\\\/\\\/e-ciftlik.com\\\/haberler\\\/wp-content\\\/uploads\\\/2025\\\/02\\\/simon-kjaer-midtjyllandin-yonetim-kuruluna-dahil-oldu-1739827227498.jpeg\",\"contentUrl\":\"https:\\\/\\\/e-ciftlik.com\\\/haberler\\\/wp-content\\\/uploads\\\/2025\\\/02\\\/simon-kjaer-midtjyllandin-yonetim-kuruluna-dahil-oldu-1739827227498.jpeg\",\"width\":1200,\"height\":675},{\"@type\":\"BreadcrumbList\",\"@id\":\"https:\\\/\\\/e-ciftlik.com\\\/haberler\\\/spor\\\/simon-kjaer-midtjylland-yonetim-kuruluna-katildi\\\/#breadcrumb\",\"itemListElement\":[{\"@type\":\"ListItem\",\"position\":1,\"name\":\"Anasayfa\",\"item\":\"https:\\\/\\\/e-ciftlik.com\\\/haberler\\\/\"},{\"@type\":\"ListItem\",\"position\":2,\"name\":\"Simon Kjaer, Midtjylland Y\u00f6netim Kuruluna Kat\u0131ld\u0131\"}]},{\"@type\":\"WebSite\",\"@id\":\"https:\\\/\\\/e-ciftlik.com\\\/haberler\\\/#website\",\"url\":\"https:\\\/\\\/e-ciftlik.com\\\/haberler\\\/\",\"name\":\"E-\u00c7iftlik Haber | G\u00fcncel, Son Dakika Haberler, En Son Haber\",\"description\":\"\",\"publisher\":{\"@id\":\"https:\\\/\\\/e-ciftlik.com\\\/haberler\\\/#organization\"},\"potentialAction\":[{\"@type\":\"SearchAction\",\"target\":{\"@type\":\"EntryPoint\",\"urlTemplate\":\"https:\\\/\\\/e-ciftlik.com\\\/haberler\\\/?s={search_term_string}\"},\"query-input\":{\"@type\":\"PropertyValueSpecification\",\"valueRequired\":true,\"valueName\":\"search_term_string\"}}],\"inLanguage\":\"tr\"},{\"@type\":\"Organization\",\"@id\":\"https:\\\/\\\/e-ciftlik.com\\\/haberler\\\/#organization\",\"name\":\"E-\u00c7\u0130FTL\u0130K HABER\",\"url\":\"https:\\\/\\\/e-ciftlik.com\\\/haberler\\\/\",\"logo\":{\"@type\":\"ImageObject\",\"inLanguage\":\"tr\",\"@id\":\"https:\\\/\\\/e-ciftlik.com\\\/haberler\\\/#\\\/schema\\\/logo\\\/image\\\/\",\"url\":\"https:\\\/\\\/e-ciftlik.com\\\/haberler\\\/wp-content\\\/uploads\\\/2024\\\/06\\\/cropped-cropped-favicon-1-2.png\",\"contentUrl\":\"https:\\\/\\\/e-ciftlik.com\\\/haberler\\\/wp-content\\\/uploads\\\/2024\\\/06\\\/cropped-cropped-favicon-1-2.png\",\"width\":512,\"height\":512,\"caption\":\"E-\u00c7\u0130FTL\u0130K HABER\"},\"image\":{\"@id\":\"https:\\\/\\\/e-ciftlik.com\\\/haberler\\\/#\\\/schema\\\/logo\\\/image\\\/\"},\"sameAs\":[\"https:\\\/\\\/www.facebook.com\\\/eciftlikturkiye\",\"https:\\\/\\\/x.com\\\/eciftlikresmi\",\"https:\\\/\\\/www.instagram.com\\\/eciftlikresmi\\\/\"]},{\"@type\":\"Person\",\"@id\":\"https:\\\/\\\/e-ciftlik.com\\\/haberler\\\/#\\\/schema\\\/person\\\/d2f4fee3143d7f72be82cb887d51b00a\",\"name\":\"Haber Merkezi\",\"image\":{\"@type\":\"ImageObject\",\"inLanguage\":\"tr\",\"@id\":\"https:\\\/\\\/secure.gravatar.com\\\/avatar\\\/6c27d641914e66c1d0452c92716002398782818991d86db1c2cccb531e7c7c82?s=96&d=mm&r=g\",\"url\":\"https:\\\/\\\/secure.gravatar.com\\\/avatar\\\/6c27d641914e66c1d0452c92716002398782818991d86db1c2cccb531e7c7c82?s=96&d=mm&r=g\",\"contentUrl\":\"https:\\\/\\\/secure.gravatar.com\\\/avatar\\\/6c27d641914e66c1d0452c92716002398782818991d86db1c2cccb531e7c7c82?s=96&d=mm&r=g\",\"caption\":\"Haber Merkezi\"},\"sameAs\":[\"http:\\\/\\\/e-ciftlik.com\\\/haberler\"]}]}<\/script>\n<!-- \/ Yoast SEO Premium plugin. -->","yoast_head_json":{"title":"Simon Kjaer, Midtjylland Y\u00f6netim Kuruluna Kat\u0131ld\u0131 - E-&Ccedil;\u0130FTL\u0130K HABER","description":"Danimarka'n\u0131n Midtjylland kul\u00fcb\u00fcnden gelen a\u00e7\u0131klamaya g\u00f6re, genel kurul toplant\u0131s\u0131n\u0131n ard\u0131ndan 35 ya\u015f\u0131ndaki futbol adam\u0131 Simon Kjaer'\u0131n, kul\u00fcb\u00fcn","robots":{"index":"index","follow":"follow","max-snippet":"max-snippet:-1","max-image-preview":"max-image-preview:large","max-video-preview":"max-video-preview:-1"},"canonical":"https:\/\/e-ciftlik.com\/haberler\/spor\/simon-kjaer-midtjylland-yonetim-kuruluna-katildi\/","og_locale":"tr_TR","og_type":"article","og_title":"Simon Kjaer, Midtjylland Y\u00f6netim Kuruluna Kat\u0131ld\u0131","og_description":"Danimarka'n\u0131n Midtjylland kul\u00fcb\u00fcnden gelen a\u00e7\u0131klamaya g\u00f6re, genel kurul toplant\u0131s\u0131n\u0131n ard\u0131ndan 35 ya\u015f\u0131ndaki futbol adam\u0131 Simon Kjaer'\u0131n, kul\u00fcb\u00fcn","og_url":"https:\/\/e-ciftlik.com\/haberler\/spor\/simon-kjaer-midtjylland-yonetim-kuruluna-katildi\/","og_site_name":"E-&Ccedil;\u0130FTL\u0130K HABER","article_publisher":"https:\/\/www.facebook.com\/eciftlikturkiye","article_published_time":"2025-02-18T03:47:48+00:00","og_image":[{"width":1200,"height":675,"url":"https:\/\/e-ciftlik.com\/haberler\/wp-content\/uploads\/2025\/02\/simon-kjaer-midtjyllandin-yonetim-kuruluna-dahil-oldu-1739827227498.jpeg","type":"image\/jpeg"}],"author":"Haber Merkezi","twitter_card":"summary_large_image","twitter_creator":"@eciftlikresmi","twitter_site":"@eciftlikresmi","twitter_misc":{"Yazan:":"Haber Merkezi","Tahmini okuma s\u00fcresi":"1 dakika"},"schema":{"@context":"https:\/\/schema.org","@graph":[{"@type":"NewsArticle","@id":"https:\/\/e-ciftlik.com\/haberler\/spor\/simon-kjaer-midtjylland-yonetim-kuruluna-katildi\/#article","isPartOf":{"@id":"https:\/\/e-ciftlik.com\/haberler\/spor\/simon-kjaer-midtjylland-yonetim-kuruluna-katildi\/"},"author":{"name":"Haber Merkezi","@id":"https:\/\/e-ciftlik.com\/haberler\/#\/schema\/person\/d2f4fee3143d7f72be82cb887d51b00a"},"headline":"Simon Kjaer, Midtjylland Y\u00f6netim Kuruluna Kat\u0131ld\u0131","datePublished":"2025-02-18T03:47:48+00:00","mainEntityOfPage":{"@id":"https:\/\/e-ciftlik.com\/haberler\/spor\/simon-kjaer-midtjylland-yonetim-kuruluna-katildi\/"},"wordCount":255,"commentCount":0,"publisher":{"@id":"https:\/\/e-ciftlik.com\/haberler\/#organization"},"image":{"@id":"https:\/\/e-ciftlik.com\/haberler\/spor\/simon-kjaer-midtjylland-yonetim-kuruluna-katildi\/#primaryimage"},"thumbnailUrl":"https:\/\/e-ciftlik.com\/haberler\/wp-content\/uploads\/2025\/02\/simon-kjaer-midtjyllandin-yonetim-kuruluna-dahil-oldu-1739827227498.jpeg","articleSection":["Spor"],"inLanguage":"tr","potentialAction":[{"@type":"CommentAction","name":"Comment","target":["https:\/\/e-ciftlik.com\/haberler\/spor\/simon-kjaer-midtjylland-yonetim-kuruluna-katildi\/#respond"]}]},{"@type":"WebPage","@id":"https:\/\/e-ciftlik.com\/haberler\/spor\/simon-kjaer-midtjylland-yonetim-kuruluna-katildi\/","url":"https:\/\/e-ciftlik.com\/haberler\/spor\/simon-kjaer-midtjylland-yonetim-kuruluna-katildi\/","name":"Simon Kjaer, Midtjylland Y\u00f6netim Kuruluna Kat\u0131ld\u0131 - E-&Ccedil;\u0130FTL\u0130K HABER","isPartOf":{"@id":"https:\/\/e-ciftlik.com\/haberler\/#website"},"primaryImageOfPage":{"@id":"https:\/\/e-ciftlik.com\/haberler\/spor\/simon-kjaer-midtjylland-yonetim-kuruluna-katildi\/#primaryimage"},"image":{"@id":"https:\/\/e-ciftlik.com\/haberler\/spor\/simon-kjaer-midtjylland-yonetim-kuruluna-katildi\/#primaryimage"},"thumbnailUrl":"https:\/\/e-ciftlik.com\/haberler\/wp-content\/uploads\/2025\/02\/simon-kjaer-midtjyllandin-yonetim-kuruluna-dahil-oldu-1739827227498.jpeg","datePublished":"2025-02-18T03:47:48+00:00","description":"Danimarka'n\u0131n Midtjylland kul\u00fcb\u00fcnden gelen a\u00e7\u0131klamaya g\u00f6re, genel kurul toplant\u0131s\u0131n\u0131n ard\u0131ndan 35 ya\u015f\u0131ndaki futbol adam\u0131 Simon Kjaer'\u0131n, kul\u00fcb\u00fcn","breadcrumb":{"@id":"https:\/\/e-ciftlik.com\/haberler\/spor\/simon-kjaer-midtjylland-yonetim-kuruluna-katildi\/#breadcrumb"},"inLanguage":"tr","potentialAction":[{"@type":"ReadAction","target":["https:\/\/e-ciftlik.com\/haberler\/spor\/simon-kjaer-midtjylland-yonetim-kuruluna-katildi\/"]}]},{"@type":"ImageObject","inLanguage":"tr","@id":"https:\/\/e-ciftlik.com\/haberler\/spor\/simon-kjaer-midtjylland-yonetim-kuruluna-katildi\/#primaryimage","url":"https:\/\/e-ciftlik.com\/haberler\/wp-content\/uploads\/2025\/02\/simon-kjaer-midtjyllandin-yonetim-kuruluna-dahil-oldu-1739827227498.jpeg","contentUrl":"https:\/\/e-ciftlik.com\/haberler\/wp-content\/uploads\/2025\/02\/simon-kjaer-midtjyllandin-yonetim-kuruluna-dahil-oldu-1739827227498.jpeg","width":1200,"height":675},{"@type":"BreadcrumbList","@id":"https:\/\/e-ciftlik.com\/haberler\/spor\/simon-kjaer-midtjylland-yonetim-kuruluna-katildi\/#breadcrumb","itemListElement":[{"@type":"ListItem","position":1,"name":"Anasayfa","item":"https:\/\/e-ciftlik.com\/haberler\/"},{"@type":"ListItem","position":2,"name":"Simon Kjaer, Midtjylland Y\u00f6netim Kuruluna Kat\u0131ld\u0131"}]},{"@type":"WebSite","@id":"https:\/\/e-ciftlik.com\/haberler\/#website","url":"https:\/\/e-ciftlik.com\/haberler\/","name":"E-\u00c7iftlik Haber | G\u00fcncel, Son Dakika Haberler, En Son Haber","description":"","publisher":{"@id":"https:\/\/e-ciftlik.com\/haberler\/#organization"},"potentialAction":[{"@type":"SearchAction","target":{"@type":"EntryPoint","urlTemplate":"https:\/\/e-ciftlik.com\/haberler\/?s={search_term_string}"},"query-input":{"@type":"PropertyValueSpecification","valueRequired":true,"valueName":"search_term_string"}}],"inLanguage":"tr"},{"@type":"Organization","@id":"https:\/\/e-ciftlik.com\/haberler\/#organization","name":"E-\u00c7\u0130FTL\u0130K HABER","url":"https:\/\/e-ciftlik.com\/haberler\/","logo":{"@type":"ImageObject","inLanguage":"tr","@id":"https:\/\/e-ciftlik.com\/haberler\/#\/schema\/logo\/image\/","url":"https:\/\/e-ciftlik.com\/haberler\/wp-content\/uploads\/2024\/06\/cropped-cropped-favicon-1-2.png","contentUrl":"https:\/\/e-ciftlik.com\/haberler\/wp-content\/uploads\/2024\/06\/cropped-cropped-favicon-1-2.png","width":512,"height":512,"caption":"E-\u00c7\u0130FTL\u0130K HABER"},"image":{"@id":"https:\/\/e-ciftlik.com\/haberler\/#\/schema\/logo\/image\/"},"sameAs":["https:\/\/www.facebook.com\/eciftlikturkiye","https:\/\/x.com\/eciftlikresmi","https:\/\/www.instagram.com\/eciftlikresmi\/"]},{"@type":"Person","@id":"https:\/\/e-ciftlik.com\/haberler\/#\/schema\/person\/d2f4fee3143d7f72be82cb887d51b00a","name":"Haber Merkezi","image":{"@type":"ImageObject","inLanguage":"tr","@id":"https:\/\/secure.gravatar.com\/avatar\/6c27d641914e66c1d0452c92716002398782818991d86db1c2cccb531e7c7c82?s=96&d=mm&r=g","url":"https:\/\/secure.gravatar.com\/avatar\/6c27d641914e66c1d0452c92716002398782818991d86db1c2cccb531e7c7c82?s=96&d=mm&r=g","contentUrl":"https:\/\/secure.gravatar.com\/avatar\/6c27d641914e66c1d0452c92716002398782818991d86db1c2cccb531e7c7c82?s=96&d=mm&r=g","caption":"Haber Merkezi"},"sameAs":["http:\/\/e-ciftlik.com\/haberler"]}]}},"_links":{"self":[{"href":"https:\/\/e-ciftlik.com\/haberler\/wp-json\/wp\/v2\/posts\/81499","targetHints":{"allow":["GET"]}}],"collection":[{"href":"https:\/\/e-ciftlik.com\/haberler\/wp-json\/wp\/v2\/posts"}],"about":[{"href":"https:\/\/e-ciftlik.com\/haberler\/wp-json\/wp\/v2\/types\/post"}],"author":[{"embeddable":true,"href":"https:\/\/e-ciftlik.com\/haberler\/wp-json\/wp\/v2\/users\/1"}],"replies":[{"embeddable":true,"href":"https:\/\/e-ciftlik.com\/haberler\/wp-json\/wp\/v2\/comments?post=81499"}],"version-history":[{"count":0,"href":"https:\/\/e-ciftlik.com\/haberler\/wp-json\/wp\/v2\/posts\/81499\/revisions"}],"wp:featuredmedia":[{"embeddable":true,"href":"https:\/\/e-ciftlik.com\/haberler\/wp-json\/wp\/v2\/media\/81500"}],"wp:attachment":[{"href":"https:\/\/e-ciftlik.com\/haberler\/wp-json\/wp\/v2\/media?parent=81499"}],"wp:term":[{"taxonomy":"category","embeddable":true,"href":"https:\/\/e-ciftlik.com\/haberler\/wp-json\/wp\/v2\/categories?post=81499"},{"taxonomy":"post_tag","embeddable":true,"href":"https:\/\/e-ciftlik.com\/haberler\/wp-json\/wp\/v2\/tags?post=81499"}],"curies":[{"name":"wp","href":"https:\/\/api.w.org\/{rel}","templated":true}]}}