{"id":81516,"date":"2025-02-18T05:34:30","date_gmt":"2025-02-18T05:34:30","guid":{"rendered":"https:\/\/e-ciftlik.com\/haberler\/spor\/solskjaer-besiktas-trabzonsporu-maglup-etti\/"},"modified":"2025-02-18T05:34:30","modified_gmt":"2025-02-18T05:34:30","slug":"solskjaer-besiktas-trabzonsporu-maglup-etti","status":"publish","type":"post","link":"https:\/\/e-ciftlik.com\/haberler\/spor\/solskjaer-besiktas-trabzonsporu-maglup-etti\/","title":{"rendered":"Solskjaer: &#8220;Be\u015fikta\u015f Trabzonspor&#8217;u ma\u011flup etti!&#8221;"},"content":{"rendered":"<p>Be\u015fikta\u015f, Trendyol S\u00fcper Lig&#8217;in 22. haftas\u0131nda Trabzonspor&#8217;u 2-1 ma\u011flup etti. Siyah-beyazl\u0131 tak\u0131m\u0131n teknik direkt\u00f6r\u00fc Ole Gunnar Solskjaer, ma\u00e7 sonras\u0131 a\u00e7\u0131klamalarda bulundu.<\/p>\n<p>Solskjaer, &#8220;Asl\u0131nda bir \u015feyleri de\u011fi\u015ftirebildi\u011fimizi s\u00f6ylemek i\u00e7in erken. Bir s\u00fcre\u00e7 i\u00e7erisindeyiz hala ad\u0131m ad\u0131m ilerleyece\u011fiz. Bug\u00fcn mentalitenin iyi oldu\u011funu s\u00f6yleyebilirim. Oyuna iyi ba\u015flad\u0131k fakat gol bizim hatam\u0131zdan dolay\u0131 oldu. Hatalar olur futbolda ama \u00e7ok iyi reaksiyon verdik. Fizik, taktik, enerji bug\u00fcn gayet iyiydik. Gen\u00e7 oyuncular\u0131m\u0131z\u0131 ma\u00e7a sokmak da \u00f6nemli. Daha gen\u00e7 oyuncular\u0131 s\u00fcrekli kullanarak yeni bir anlamda enerji yakalayaca\u011f\u0131z.&#8221;<\/p>\n<p>\u0130ki e\u015fit tak\u0131m\u0131n m\u00fccadelesi oldu. Bizim odaklanmam\u0131z gereken istikrarl\u0131 bir tak\u0131m olmak. Baz\u0131 periyotlarda iyiyiz, baz\u0131 periyotlarda k\u00f6t\u00fcy\u00fcz. Ma\u00e7 i\u00e7erisinde istikrarl\u0131 olmal\u0131y\u0131z. \u0130stikrar\u0131 sa\u011flamay\u0131 \u00f6\u011frenmeliyiz. Yeni oyuncular\u0131m\u0131z var. Daha da iyi olacak.<\/p>\n<p>Futbolculara, kul\u00fcb\u00fcn k\u00fclt\u00fcr\u00fcn\u00fc a\u015f\u0131lamaya \u00e7al\u0131\u015f\u0131yoruz. Be\u015fikta\u015f, \u00e7al\u0131\u015fan, hakk\u0131yla, sava\u015farak kazanan bir camia. Bunu anlatmaya \u00e7al\u0131\u015ft\u0131m. Hatalar her zaman olur. Rafa \u00f6rne\u011fini vermek laz\u0131m. Rakipten topu ald\u0131 ama sonra topu bir \u015fekilde rakibe verdi ama bunda bir s\u0131k\u0131nt\u0131 yok. Rafa, \u00e7al\u0131\u015fkan bir oyuncu. \u00d6nemli olan her \u015feyini vermesi. Hata d\u00fczeltilir. \u00d6nemli olan tak\u0131m oyunu. Tak\u0131m bug\u00fcn iyi sava\u015ft\u0131.<\/p>\n","protected":false},"excerpt":{"rendered":"<p>Be\u015fikta\u015f, Trendyol S\u00fcper Lig&#8217;in 22. haftas\u0131nda Trabzonspor&#8217;u 2-1 ma\u011flup etti. Siyah-beyazl\u0131 tak\u0131m\u0131n teknik direkt\u00f6r\u00fc Ole&hellip;<\/p>\n","protected":false},"author":1,"featured_media":81517,"comment_status":"open","ping_status":"open","sticky":false,"template":"","format":"standard","meta":{"footnotes":""},"categories":[7],"tags":[],"class_list":["post-81516","post","type-post","status-publish","format-standard","has-post-thumbnail","hentry","category-spor"],"yoast_head":"<!-- This site is optimized with the Yoast SEO Premium plugin v24.3 (Yoast SEO v27.4) - https:\/\/yoast.com\/product\/yoast-seo-premium-wordpress\/ -->\n<title>Solskjaer: &quot;Be\u015fikta\u015f Trabzonspor&#039;u ma\u011flup etti!&quot; - E-&Ccedil;\u0130FTL\u0130K HABER<\/title>\n<meta name=\"description\" content=\"Be\u015fikta\u015f, Trendyol S\u00fcper Lig&#039;in 22. haftas\u0131nda Trabzonspor&#039;u 2-1 ma\u011flup etti. Siyah-beyazl\u0131 tak\u0131m\u0131n teknik direkt\u00f6r\u00fc Ole Gunnar Solskjaer, ma\u00e7 sonras\u0131\" \/>\n<meta name=\"robots\" content=\"index, follow, max-snippet:-1, max-image-preview:large, max-video-preview:-1\" \/>\n<link rel=\"canonical\" href=\"https:\/\/e-ciftlik.com\/haberler\/spor\/solskjaer-besiktas-trabzonsporu-maglup-etti\/\" \/>\n<meta property=\"og:locale\" content=\"tr_TR\" \/>\n<meta property=\"og:type\" content=\"article\" \/>\n<meta property=\"og:title\" content=\"Solskjaer: &quot;Be\u015fikta\u015f Trabzonspor&#039;u ma\u011flup etti!&quot;\" \/>\n<meta property=\"og:description\" content=\"Be\u015fikta\u015f, Trendyol S\u00fcper Lig&#039;in 22. haftas\u0131nda Trabzonspor&#039;u 2-1 ma\u011flup etti. Siyah-beyazl\u0131 tak\u0131m\u0131n teknik direkt\u00f6r\u00fc Ole Gunnar Solskjaer, ma\u00e7 sonras\u0131\" \/>\n<meta property=\"og:url\" content=\"https:\/\/e-ciftlik.com\/haberler\/spor\/solskjaer-besiktas-trabzonsporu-maglup-etti\/\" \/>\n<meta property=\"og:site_name\" content=\"E-&Ccedil;\u0130FTL\u0130K HABER\" \/>\n<meta property=\"article:publisher\" content=\"https:\/\/www.facebook.com\/eciftlikturkiye\" \/>\n<meta property=\"article:published_time\" content=\"2025-02-18T05:34:30+00:00\" \/>\n<meta property=\"og:image\" content=\"https:\/\/e-ciftlik.com\/haberler\/wp-content\/uploads\/2025\/02\/Q7ksokBFmEi_H4j81XFlcg.jpg\" \/>\n\t<meta property=\"og:image:width\" content=\"1080\" \/>\n\t<meta property=\"og:image:height\" content=\"614\" \/>\n\t<meta property=\"og:image:type\" content=\"image\/jpeg\" \/>\n<meta name=\"author\" content=\"Haber Merkezi\" \/>\n<meta name=\"twitter:card\" content=\"summary_large_image\" \/>\n<meta name=\"twitter:creator\" content=\"@eciftlikresmi\" \/>\n<meta name=\"twitter:site\" content=\"@eciftlikresmi\" \/>\n<meta name=\"twitter:label1\" content=\"Yazan:\" \/>\n\t<meta name=\"twitter:data1\" content=\"Haber Merkezi\" \/>\n\t<meta name=\"twitter:label2\" content=\"Tahmini okuma s\u00fcresi\" \/>\n\t<meta name=\"twitter:data2\" content=\"1 dakika\" \/>\n<script type=\"application\/ld+json\" class=\"yoast-schema-graph\">{\"@context\":\"https:\\\/\\\/schema.org\",\"@graph\":[{\"@type\":\"NewsArticle\",\"@id\":\"https:\\\/\\\/e-ciftlik.com\\\/haberler\\\/spor\\\/solskjaer-besiktas-trabzonsporu-maglup-etti\\\/#article\",\"isPartOf\":{\"@id\":\"https:\\\/\\\/e-ciftlik.com\\\/haberler\\\/spor\\\/solskjaer-besiktas-trabzonsporu-maglup-etti\\\/\"},\"author\":{\"name\":\"Haber Merkezi\",\"@id\":\"http:\\\/\\\/e-ciftlik.com\\\/haberler\\\/#\\\/schema\\\/person\\\/d2f4fee3143d7f72be82cb887d51b00a\"},\"headline\":\"Solskjaer: &#8220;Be\u015fikta\u015f Trabzonspor&#8217;u ma\u011flup etti!&#8221;\",\"datePublished\":\"2025-02-18T05:34:30+00:00\",\"mainEntityOfPage\":{\"@id\":\"https:\\\/\\\/e-ciftlik.com\\\/haberler\\\/spor\\\/solskjaer-besiktas-trabzonsporu-maglup-etti\\\/\"},\"wordCount\":247,\"commentCount\":0,\"publisher\":{\"@id\":\"http:\\\/\\\/e-ciftlik.com\\\/haberler\\\/#organization\"},\"image\":{\"@id\":\"https:\\\/\\\/e-ciftlik.com\\\/haberler\\\/spor\\\/solskjaer-besiktas-trabzonsporu-maglup-etti\\\/#primaryimage\"},\"thumbnailUrl\":\"https:\\\/\\\/e-ciftlik.com\\\/haberler\\\/wp-content\\\/uploads\\\/2025\\\/02\\\/Q7ksokBFmEi_H4j81XFlcg.jpg\",\"articleSection\":[\"Spor\"],\"inLanguage\":\"tr\",\"potentialAction\":[{\"@type\":\"CommentAction\",\"name\":\"Comment\",\"target\":[\"https:\\\/\\\/e-ciftlik.com\\\/haberler\\\/spor\\\/solskjaer-besiktas-trabzonsporu-maglup-etti\\\/#respond\"]}]},{\"@type\":\"WebPage\",\"@id\":\"https:\\\/\\\/e-ciftlik.com\\\/haberler\\\/spor\\\/solskjaer-besiktas-trabzonsporu-maglup-etti\\\/\",\"url\":\"https:\\\/\\\/e-ciftlik.com\\\/haberler\\\/spor\\\/solskjaer-besiktas-trabzonsporu-maglup-etti\\\/\",\"name\":\"Solskjaer: \\\"Be\u015fikta\u015f Trabzonspor'u ma\u011flup etti!\\\" - E-&Ccedil;\u0130FTL\u0130K HABER\",\"isPartOf\":{\"@id\":\"http:\\\/\\\/e-ciftlik.com\\\/haberler\\\/#website\"},\"primaryImageOfPage\":{\"@id\":\"https:\\\/\\\/e-ciftlik.com\\\/haberler\\\/spor\\\/solskjaer-besiktas-trabzonsporu-maglup-etti\\\/#primaryimage\"},\"image\":{\"@id\":\"https:\\\/\\\/e-ciftlik.com\\\/haberler\\\/spor\\\/solskjaer-besiktas-trabzonsporu-maglup-etti\\\/#primaryimage\"},\"thumbnailUrl\":\"https:\\\/\\\/e-ciftlik.com\\\/haberler\\\/wp-content\\\/uploads\\\/2025\\\/02\\\/Q7ksokBFmEi_H4j81XFlcg.jpg\",\"datePublished\":\"2025-02-18T05:34:30+00:00\",\"description\":\"Be\u015fikta\u015f, Trendyol S\u00fcper Lig'in 22. haftas\u0131nda Trabzonspor'u 2-1 ma\u011flup etti. Siyah-beyazl\u0131 tak\u0131m\u0131n teknik direkt\u00f6r\u00fc Ole Gunnar Solskjaer, ma\u00e7 sonras\u0131\",\"breadcrumb\":{\"@id\":\"https:\\\/\\\/e-ciftlik.com\\\/haberler\\\/spor\\\/solskjaer-besiktas-trabzonsporu-maglup-etti\\\/#breadcrumb\"},\"inLanguage\":\"tr\",\"potentialAction\":[{\"@type\":\"ReadAction\",\"target\":[\"https:\\\/\\\/e-ciftlik.com\\\/haberler\\\/spor\\\/solskjaer-besiktas-trabzonsporu-maglup-etti\\\/\"]}]},{\"@type\":\"ImageObject\",\"inLanguage\":\"tr\",\"@id\":\"https:\\\/\\\/e-ciftlik.com\\\/haberler\\\/spor\\\/solskjaer-besiktas-trabzonsporu-maglup-etti\\\/#primaryimage\",\"url\":\"https:\\\/\\\/e-ciftlik.com\\\/haberler\\\/wp-content\\\/uploads\\\/2025\\\/02\\\/Q7ksokBFmEi_H4j81XFlcg.jpg\",\"contentUrl\":\"https:\\\/\\\/e-ciftlik.com\\\/haberler\\\/wp-content\\\/uploads\\\/2025\\\/02\\\/Q7ksokBFmEi_H4j81XFlcg.jpg\",\"width\":1080,\"height\":614},{\"@type\":\"BreadcrumbList\",\"@id\":\"https:\\\/\\\/e-ciftlik.com\\\/haberler\\\/spor\\\/solskjaer-besiktas-trabzonsporu-maglup-etti\\\/#breadcrumb\",\"itemListElement\":[{\"@type\":\"ListItem\",\"position\":1,\"name\":\"Anasayfa\",\"item\":\"http:\\\/\\\/e-ciftlik.com\\\/haberler\\\/\"},{\"@type\":\"ListItem\",\"position\":2,\"name\":\"Solskjaer: &#8220;Be\u015fikta\u015f Trabzonspor&#8217;u ma\u011flup etti!&#8221;\"}]},{\"@type\":\"WebSite\",\"@id\":\"http:\\\/\\\/e-ciftlik.com\\\/haberler\\\/#website\",\"url\":\"http:\\\/\\\/e-ciftlik.com\\\/haberler\\\/\",\"name\":\"E-\u00c7iftlik Haber | G\u00fcncel, Son Dakika Haberler, En Son Haber\",\"description\":\"\",\"publisher\":{\"@id\":\"http:\\\/\\\/e-ciftlik.com\\\/haberler\\\/#organization\"},\"potentialAction\":[{\"@type\":\"SearchAction\",\"target\":{\"@type\":\"EntryPoint\",\"urlTemplate\":\"http:\\\/\\\/e-ciftlik.com\\\/haberler\\\/?s={search_term_string}\"},\"query-input\":{\"@type\":\"PropertyValueSpecification\",\"valueRequired\":true,\"valueName\":\"search_term_string\"}}],\"inLanguage\":\"tr\"},{\"@type\":\"Organization\",\"@id\":\"http:\\\/\\\/e-ciftlik.com\\\/haberler\\\/#organization\",\"name\":\"E-\u00c7\u0130FTL\u0130K HABER\",\"url\":\"http:\\\/\\\/e-ciftlik.com\\\/haberler\\\/\",\"logo\":{\"@type\":\"ImageObject\",\"inLanguage\":\"tr\",\"@id\":\"http:\\\/\\\/e-ciftlik.com\\\/haberler\\\/#\\\/schema\\\/logo\\\/image\\\/\",\"url\":\"https:\\\/\\\/e-ciftlik.com\\\/haberler\\\/wp-content\\\/uploads\\\/2024\\\/06\\\/cropped-cropped-favicon-1-2.png\",\"contentUrl\":\"https:\\\/\\\/e-ciftlik.com\\\/haberler\\\/wp-content\\\/uploads\\\/2024\\\/06\\\/cropped-cropped-favicon-1-2.png\",\"width\":512,\"height\":512,\"caption\":\"E-\u00c7\u0130FTL\u0130K HABER\"},\"image\":{\"@id\":\"http:\\\/\\\/e-ciftlik.com\\\/haberler\\\/#\\\/schema\\\/logo\\\/image\\\/\"},\"sameAs\":[\"https:\\\/\\\/www.facebook.com\\\/eciftlikturkiye\",\"https:\\\/\\\/x.com\\\/eciftlikresmi\",\"https:\\\/\\\/www.instagram.com\\\/eciftlikresmi\\\/\"]},{\"@type\":\"Person\",\"@id\":\"http:\\\/\\\/e-ciftlik.com\\\/haberler\\\/#\\\/schema\\\/person\\\/d2f4fee3143d7f72be82cb887d51b00a\",\"name\":\"Haber Merkezi\",\"image\":{\"@type\":\"ImageObject\",\"inLanguage\":\"tr\",\"@id\":\"https:\\\/\\\/secure.gravatar.com\\\/avatar\\\/6c27d641914e66c1d0452c92716002398782818991d86db1c2cccb531e7c7c82?s=96&d=mm&r=g\",\"url\":\"https:\\\/\\\/secure.gravatar.com\\\/avatar\\\/6c27d641914e66c1d0452c92716002398782818991d86db1c2cccb531e7c7c82?s=96&d=mm&r=g\",\"contentUrl\":\"https:\\\/\\\/secure.gravatar.com\\\/avatar\\\/6c27d641914e66c1d0452c92716002398782818991d86db1c2cccb531e7c7c82?s=96&d=mm&r=g\",\"caption\":\"Haber Merkezi\"},\"sameAs\":[\"http:\\\/\\\/e-ciftlik.com\\\/haberler\"]}]}<\/script>\n<!-- \/ Yoast SEO Premium plugin. -->","yoast_head_json":{"title":"Solskjaer: \"Be\u015fikta\u015f Trabzonspor'u ma\u011flup etti!\" - E-&Ccedil;\u0130FTL\u0130K HABER","description":"Be\u015fikta\u015f, Trendyol S\u00fcper Lig'in 22. haftas\u0131nda Trabzonspor'u 2-1 ma\u011flup etti. Siyah-beyazl\u0131 tak\u0131m\u0131n teknik direkt\u00f6r\u00fc Ole Gunnar Solskjaer, ma\u00e7 sonras\u0131","robots":{"index":"index","follow":"follow","max-snippet":"max-snippet:-1","max-image-preview":"max-image-preview:large","max-video-preview":"max-video-preview:-1"},"canonical":"https:\/\/e-ciftlik.com\/haberler\/spor\/solskjaer-besiktas-trabzonsporu-maglup-etti\/","og_locale":"tr_TR","og_type":"article","og_title":"Solskjaer: \"Be\u015fikta\u015f Trabzonspor'u ma\u011flup etti!\"","og_description":"Be\u015fikta\u015f, Trendyol S\u00fcper Lig'in 22. haftas\u0131nda Trabzonspor'u 2-1 ma\u011flup etti. Siyah-beyazl\u0131 tak\u0131m\u0131n teknik direkt\u00f6r\u00fc Ole Gunnar Solskjaer, ma\u00e7 sonras\u0131","og_url":"https:\/\/e-ciftlik.com\/haberler\/spor\/solskjaer-besiktas-trabzonsporu-maglup-etti\/","og_site_name":"E-&Ccedil;\u0130FTL\u0130K HABER","article_publisher":"https:\/\/www.facebook.com\/eciftlikturkiye","article_published_time":"2025-02-18T05:34:30+00:00","og_image":[{"width":1080,"height":614,"url":"https:\/\/e-ciftlik.com\/haberler\/wp-content\/uploads\/2025\/02\/Q7ksokBFmEi_H4j81XFlcg.jpg","type":"image\/jpeg"}],"author":"Haber Merkezi","twitter_card":"summary_large_image","twitter_creator":"@eciftlikresmi","twitter_site":"@eciftlikresmi","twitter_misc":{"Yazan:":"Haber Merkezi","Tahmini okuma s\u00fcresi":"1 dakika"},"schema":{"@context":"https:\/\/schema.org","@graph":[{"@type":"NewsArticle","@id":"https:\/\/e-ciftlik.com\/haberler\/spor\/solskjaer-besiktas-trabzonsporu-maglup-etti\/#article","isPartOf":{"@id":"https:\/\/e-ciftlik.com\/haberler\/spor\/solskjaer-besiktas-trabzonsporu-maglup-etti\/"},"author":{"name":"Haber Merkezi","@id":"http:\/\/e-ciftlik.com\/haberler\/#\/schema\/person\/d2f4fee3143d7f72be82cb887d51b00a"},"headline":"Solskjaer: &#8220;Be\u015fikta\u015f Trabzonspor&#8217;u ma\u011flup etti!&#8221;","datePublished":"2025-02-18T05:34:30+00:00","mainEntityOfPage":{"@id":"https:\/\/e-ciftlik.com\/haberler\/spor\/solskjaer-besiktas-trabzonsporu-maglup-etti\/"},"wordCount":247,"commentCount":0,"publisher":{"@id":"http:\/\/e-ciftlik.com\/haberler\/#organization"},"image":{"@id":"https:\/\/e-ciftlik.com\/haberler\/spor\/solskjaer-besiktas-trabzonsporu-maglup-etti\/#primaryimage"},"thumbnailUrl":"https:\/\/e-ciftlik.com\/haberler\/wp-content\/uploads\/2025\/02\/Q7ksokBFmEi_H4j81XFlcg.jpg","articleSection":["Spor"],"inLanguage":"tr","potentialAction":[{"@type":"CommentAction","name":"Comment","target":["https:\/\/e-ciftlik.com\/haberler\/spor\/solskjaer-besiktas-trabzonsporu-maglup-etti\/#respond"]}]},{"@type":"WebPage","@id":"https:\/\/e-ciftlik.com\/haberler\/spor\/solskjaer-besiktas-trabzonsporu-maglup-etti\/","url":"https:\/\/e-ciftlik.com\/haberler\/spor\/solskjaer-besiktas-trabzonsporu-maglup-etti\/","name":"Solskjaer: \"Be\u015fikta\u015f Trabzonspor'u ma\u011flup etti!\" - E-&Ccedil;\u0130FTL\u0130K HABER","isPartOf":{"@id":"http:\/\/e-ciftlik.com\/haberler\/#website"},"primaryImageOfPage":{"@id":"https:\/\/e-ciftlik.com\/haberler\/spor\/solskjaer-besiktas-trabzonsporu-maglup-etti\/#primaryimage"},"image":{"@id":"https:\/\/e-ciftlik.com\/haberler\/spor\/solskjaer-besiktas-trabzonsporu-maglup-etti\/#primaryimage"},"thumbnailUrl":"https:\/\/e-ciftlik.com\/haberler\/wp-content\/uploads\/2025\/02\/Q7ksokBFmEi_H4j81XFlcg.jpg","datePublished":"2025-02-18T05:34:30+00:00","description":"Be\u015fikta\u015f, Trendyol S\u00fcper Lig'in 22. haftas\u0131nda Trabzonspor'u 2-1 ma\u011flup etti. Siyah-beyazl\u0131 tak\u0131m\u0131n teknik direkt\u00f6r\u00fc Ole Gunnar Solskjaer, ma\u00e7 sonras\u0131","breadcrumb":{"@id":"https:\/\/e-ciftlik.com\/haberler\/spor\/solskjaer-besiktas-trabzonsporu-maglup-etti\/#breadcrumb"},"inLanguage":"tr","potentialAction":[{"@type":"ReadAction","target":["https:\/\/e-ciftlik.com\/haberler\/spor\/solskjaer-besiktas-trabzonsporu-maglup-etti\/"]}]},{"@type":"ImageObject","inLanguage":"tr","@id":"https:\/\/e-ciftlik.com\/haberler\/spor\/solskjaer-besiktas-trabzonsporu-maglup-etti\/#primaryimage","url":"https:\/\/e-ciftlik.com\/haberler\/wp-content\/uploads\/2025\/02\/Q7ksokBFmEi_H4j81XFlcg.jpg","contentUrl":"https:\/\/e-ciftlik.com\/haberler\/wp-content\/uploads\/2025\/02\/Q7ksokBFmEi_H4j81XFlcg.jpg","width":1080,"height":614},{"@type":"BreadcrumbList","@id":"https:\/\/e-ciftlik.com\/haberler\/spor\/solskjaer-besiktas-trabzonsporu-maglup-etti\/#breadcrumb","itemListElement":[{"@type":"ListItem","position":1,"name":"Anasayfa","item":"http:\/\/e-ciftlik.com\/haberler\/"},{"@type":"ListItem","position":2,"name":"Solskjaer: &#8220;Be\u015fikta\u015f Trabzonspor&#8217;u ma\u011flup etti!&#8221;"}]},{"@type":"WebSite","@id":"http:\/\/e-ciftlik.com\/haberler\/#website","url":"http:\/\/e-ciftlik.com\/haberler\/","name":"E-\u00c7iftlik Haber | G\u00fcncel, Son Dakika Haberler, En Son Haber","description":"","publisher":{"@id":"http:\/\/e-ciftlik.com\/haberler\/#organization"},"potentialAction":[{"@type":"SearchAction","target":{"@type":"EntryPoint","urlTemplate":"http:\/\/e-ciftlik.com\/haberler\/?s={search_term_string}"},"query-input":{"@type":"PropertyValueSpecification","valueRequired":true,"valueName":"search_term_string"}}],"inLanguage":"tr"},{"@type":"Organization","@id":"http:\/\/e-ciftlik.com\/haberler\/#organization","name":"E-\u00c7\u0130FTL\u0130K HABER","url":"http:\/\/e-ciftlik.com\/haberler\/","logo":{"@type":"ImageObject","inLanguage":"tr","@id":"http:\/\/e-ciftlik.com\/haberler\/#\/schema\/logo\/image\/","url":"https:\/\/e-ciftlik.com\/haberler\/wp-content\/uploads\/2024\/06\/cropped-cropped-favicon-1-2.png","contentUrl":"https:\/\/e-ciftlik.com\/haberler\/wp-content\/uploads\/2024\/06\/cropped-cropped-favicon-1-2.png","width":512,"height":512,"caption":"E-\u00c7\u0130FTL\u0130K HABER"},"image":{"@id":"http:\/\/e-ciftlik.com\/haberler\/#\/schema\/logo\/image\/"},"sameAs":["https:\/\/www.facebook.com\/eciftlikturkiye","https:\/\/x.com\/eciftlikresmi","https:\/\/www.instagram.com\/eciftlikresmi\/"]},{"@type":"Person","@id":"http:\/\/e-ciftlik.com\/haberler\/#\/schema\/person\/d2f4fee3143d7f72be82cb887d51b00a","name":"Haber Merkezi","image":{"@type":"ImageObject","inLanguage":"tr","@id":"https:\/\/secure.gravatar.com\/avatar\/6c27d641914e66c1d0452c92716002398782818991d86db1c2cccb531e7c7c82?s=96&d=mm&r=g","url":"https:\/\/secure.gravatar.com\/avatar\/6c27d641914e66c1d0452c92716002398782818991d86db1c2cccb531e7c7c82?s=96&d=mm&r=g","contentUrl":"https:\/\/secure.gravatar.com\/avatar\/6c27d641914e66c1d0452c92716002398782818991d86db1c2cccb531e7c7c82?s=96&d=mm&r=g","caption":"Haber Merkezi"},"sameAs":["http:\/\/e-ciftlik.com\/haberler"]}]}},"_links":{"self":[{"href":"https:\/\/e-ciftlik.com\/haberler\/wp-json\/wp\/v2\/posts\/81516","targetHints":{"allow":["GET"]}}],"collection":[{"href":"https:\/\/e-ciftlik.com\/haberler\/wp-json\/wp\/v2\/posts"}],"about":[{"href":"https:\/\/e-ciftlik.com\/haberler\/wp-json\/wp\/v2\/types\/post"}],"author":[{"embeddable":true,"href":"https:\/\/e-ciftlik.com\/haberler\/wp-json\/wp\/v2\/users\/1"}],"replies":[{"embeddable":true,"href":"https:\/\/e-ciftlik.com\/haberler\/wp-json\/wp\/v2\/comments?post=81516"}],"version-history":[{"count":0,"href":"https:\/\/e-ciftlik.com\/haberler\/wp-json\/wp\/v2\/posts\/81516\/revisions"}],"wp:featuredmedia":[{"embeddable":true,"href":"https:\/\/e-ciftlik.com\/haberler\/wp-json\/wp\/v2\/media\/81517"}],"wp:attachment":[{"href":"https:\/\/e-ciftlik.com\/haberler\/wp-json\/wp\/v2\/media?parent=81516"}],"wp:term":[{"taxonomy":"category","embeddable":true,"href":"https:\/\/e-ciftlik.com\/haberler\/wp-json\/wp\/v2\/categories?post=81516"},{"taxonomy":"post_tag","embeddable":true,"href":"https:\/\/e-ciftlik.com\/haberler\/wp-json\/wp\/v2\/tags?post=81516"}],"curies":[{"name":"wp","href":"https:\/\/api.w.org\/{rel}","templated":true}]}}