{"id":81520,"date":"2025-02-18T05:46:00","date_gmt":"2025-02-18T05:46:00","guid":{"rendered":"http:\/\/e-ciftlik.com\/haberler\/tarim\/aydin-ve-igdir-ticaret-borsalari-kardeslik-protokolu-imzaladi\/"},"modified":"2025-02-18T05:46:00","modified_gmt":"2025-02-18T05:46:00","slug":"aydin-ve-igdir-ticaret-borsalari-kardeslik-protokolu-imzaladi","status":"publish","type":"post","link":"https:\/\/e-ciftlik.com\/haberler\/tarim\/aydin-ve-igdir-ticaret-borsalari-kardeslik-protokolu-imzaladi\/","title":{"rendered":"Ayd\u0131n ve I\u011fd\u0131r Ticaret Borsalar\u0131 Karde\u015flik Protokol\u00fc \u0130mzalad\u0131"},"content":{"rendered":"<p>Ayd\u0131n Ticaret Borsas\u0131 ile I\u011fd\u0131r Ticaret Borsas\u0131 aras\u0131nda Karde\u015f Borsa \u0130\u015f Birli\u011fi Protokol\u00fc imzaland\u0131. \u0130ki borsa aras\u0131nda kar\u015f\u0131l\u0131kl\u0131 i\u015f birli\u011fini g\u00fc\u00e7lendirmek, ortak projeler y\u00fcr\u00fctmek ve hizmet kalitesini art\u0131rmak amac\u0131yla imzalanan protokol kapsam\u0131nda, Ayd\u0131n Ticaret Borsas\u0131 Y\u00f6netim Kurulu Ba\u015fkan\u0131 Fevzi \u00c7ondur, I\u011fd\u0131r Ticaret Borsas\u0131 Y\u00f6netim Kurulu Ba\u015fkan\u0131 Serhat Kumtepe ve beraberlerindeki heyet bir araya geldi. <\/p>\n<p>I\u011fd\u0131r Ticaret Borsas\u0131 Y\u00f6netim Kurulu Ba\u015fkan\u0131 Serhat Kumtepe ve beraberindeki heyet, T\u00fcrkiye Odalar ve Borsalar Birli\u011fi (TOBB) Oda\/Borsa Akreditasyon \u00e7al\u0131\u015fmalar\u0131 kapsam\u0131nda Ayd\u0131n Ticaret Borsas\u0131&#8217;na ziyarette bulundu. Ayd\u0131n Ticaret Borsas\u0131 Y\u00f6netim Kurulu Ba\u015fkan\u0131 Fevzi \u00c7ondur, Meclis Ba\u015fkan\u0131 A. Bahri Erdel ve borsa meclis \u00fcyeleriyle bir araya gelen heyet, i\u015f birli\u011fi alanlar\u0131n\u0131 detayl\u0131 \u015fekilde ele ald\u0131. \u0130mza t\u00f6reni ve isti\u015fare toplant\u0131s\u0131nda, iki borsa aras\u0131ndaki potansiyel i\u015f birli\u011fi f\u0131rsatlar\u0131 de\u011ferlendirildi ve \u00fcyelere daha kaliteli hizmet sunulmas\u0131, ortak projelerin hayata ge\u00e7irilmesi ve b\u00f6lgesel kalk\u0131nmaya katk\u0131 sa\u011flanmas\u0131 konular\u0131nda fikir al\u0131\u015fveri\u015fi yap\u0131ld\u0131.<\/p>\n<p>Ayd\u0131n Ticaret Borsas\u0131 Y\u00f6netim Kurulu Ba\u015fkan\u0131 Fevzi \u00c7ondur, protokol\u00fcn iki borsa aras\u0131ndaki ileti\u015fimi g\u00fc\u00e7lendirmeyi, hizmet standartlar\u0131n\u0131 y\u00fckseltmeyi ve ortak faaliyetleri te\u015fvik etmeyi hedefledi\u011fini belirtirken, I\u011fd\u0131r Ticaret Borsas\u0131 Y\u00f6netim Kurulu Ba\u015fkan\u0131 Serhat Kumtepe ise i\u015f birli\u011fi yapmaktan duyduklar\u0131 memnuniyeti dile getirerek, verimli projelere imza atacaklar\u0131n\u0131 ifade etti.<\/p>\n<p>Ziyaret, protokol imza t\u00f6reninin ard\u0131ndan ger\u00e7ekle\u015ftirilen toplu foto\u011fraf \u00e7ekimi ile sona erdi. &#8211; AYDIN<\/p>\n<p>Kaynak: \u0130hlas Haber Ajans\u0131 \/  Yerel<\/p>\n","protected":false},"excerpt":{"rendered":"<p>Ayd\u0131n Ticaret Borsas\u0131 ile I\u011fd\u0131r Ticaret Borsas\u0131 aras\u0131nda Karde\u015f Borsa \u0130\u015f Birli\u011fi Protokol\u00fc imzaland\u0131. \u0130ki&hellip;<\/p>\n","protected":false},"author":1,"featured_media":81521,"comment_status":"open","ping_status":"open","sticky":false,"template":"","format":"standard","meta":{"footnotes":""},"categories":[9],"tags":[],"class_list":["post-81520","post","type-post","status-publish","format-standard","has-post-thumbnail","hentry","category-tarim"],"yoast_head":"<!-- This site is optimized with the Yoast SEO Premium plugin v24.3 (Yoast SEO v27.5) - https:\/\/yoast.com\/product\/yoast-seo-premium-wordpress\/ -->\n<title>Ayd\u0131n ve I\u011fd\u0131r Ticaret Borsalar\u0131 Karde\u015flik Protokol\u00fc \u0130mzalad\u0131 - E-&Ccedil;\u0130FTL\u0130K HABER<\/title>\n<meta name=\"description\" content=\"Ayd\u0131n Ticaret Borsas\u0131 ile I\u011fd\u0131r Ticaret Borsas\u0131 aras\u0131nda Karde\u015f Borsa \u0130\u015f Birli\u011fi Protokol\u00fc imzaland\u0131. \u0130ki borsa aras\u0131nda kar\u015f\u0131l\u0131kl\u0131 i\u015f birli\u011fini\" \/>\n<meta name=\"robots\" content=\"index, follow, max-snippet:-1, max-image-preview:large, max-video-preview:-1\" \/>\n<link rel=\"canonical\" href=\"https:\/\/e-ciftlik.com\/haberler\/tarim\/aydin-ve-igdir-ticaret-borsalari-kardeslik-protokolu-imzaladi\/\" \/>\n<meta property=\"og:locale\" content=\"tr_TR\" \/>\n<meta property=\"og:type\" content=\"article\" \/>\n<meta property=\"og:title\" content=\"Ayd\u0131n ve I\u011fd\u0131r Ticaret Borsalar\u0131 Karde\u015flik Protokol\u00fc \u0130mzalad\u0131\" \/>\n<meta property=\"og:description\" content=\"Ayd\u0131n Ticaret Borsas\u0131 ile I\u011fd\u0131r Ticaret Borsas\u0131 aras\u0131nda Karde\u015f Borsa \u0130\u015f Birli\u011fi Protokol\u00fc imzaland\u0131. \u0130ki borsa aras\u0131nda kar\u015f\u0131l\u0131kl\u0131 i\u015f birli\u011fini\" \/>\n<meta property=\"og:url\" content=\"https:\/\/e-ciftlik.com\/haberler\/tarim\/aydin-ve-igdir-ticaret-borsalari-kardeslik-protokolu-imzaladi\/\" \/>\n<meta property=\"og:site_name\" content=\"E-&Ccedil;\u0130FTL\u0130K HABER\" \/>\n<meta property=\"article:publisher\" content=\"https:\/\/www.facebook.com\/eciftlikturkiye\" \/>\n<meta property=\"article:published_time\" content=\"2025-02-18T05:46:00+00:00\" \/>\n<meta property=\"og:image\" content=\"https:\/\/e-ciftlik.com\/haberler\/wp-content\/uploads\/2025\/02\/aydin-da-kardes-borsa-icin-imzalar-atildi-18386194_amp.jpg\" \/>\n\t<meta property=\"og:image:width\" content=\"1200\" \/>\n\t<meta property=\"og:image:height\" content=\"798\" \/>\n\t<meta property=\"og:image:type\" content=\"image\/jpeg\" \/>\n<meta name=\"author\" content=\"Haber Merkezi\" \/>\n<meta name=\"twitter:card\" content=\"summary_large_image\" \/>\n<meta name=\"twitter:creator\" content=\"@eciftlikresmi\" \/>\n<meta name=\"twitter:site\" content=\"@eciftlikresmi\" \/>\n<meta name=\"twitter:label1\" content=\"Yazan:\" \/>\n\t<meta name=\"twitter:data1\" content=\"Haber Merkezi\" \/>\n\t<meta name=\"twitter:label2\" content=\"Tahmini okuma s\u00fcresi\" \/>\n\t<meta name=\"twitter:data2\" content=\"1 dakika\" \/>\n<script type=\"application\/ld+json\" class=\"yoast-schema-graph\">{\"@context\":\"https:\\\/\\\/schema.org\",\"@graph\":[{\"@type\":\"NewsArticle\",\"@id\":\"https:\\\/\\\/e-ciftlik.com\\\/haberler\\\/tarim\\\/aydin-ve-igdir-ticaret-borsalari-kardeslik-protokolu-imzaladi\\\/#article\",\"isPartOf\":{\"@id\":\"https:\\\/\\\/e-ciftlik.com\\\/haberler\\\/tarim\\\/aydin-ve-igdir-ticaret-borsalari-kardeslik-protokolu-imzaladi\\\/\"},\"author\":{\"name\":\"Haber Merkezi\",\"@id\":\"http:\\\/\\\/e-ciftlik.com\\\/haberler\\\/#\\\/schema\\\/person\\\/d2f4fee3143d7f72be82cb887d51b00a\"},\"headline\":\"Ayd\u0131n ve I\u011fd\u0131r Ticaret Borsalar\u0131 Karde\u015flik Protokol\u00fc \u0130mzalad\u0131\",\"datePublished\":\"2025-02-18T05:46:00+00:00\",\"mainEntityOfPage\":{\"@id\":\"https:\\\/\\\/e-ciftlik.com\\\/haberler\\\/tarim\\\/aydin-ve-igdir-ticaret-borsalari-kardeslik-protokolu-imzaladi\\\/\"},\"wordCount\":293,\"commentCount\":0,\"publisher\":{\"@id\":\"http:\\\/\\\/e-ciftlik.com\\\/haberler\\\/#organization\"},\"image\":{\"@id\":\"https:\\\/\\\/e-ciftlik.com\\\/haberler\\\/tarim\\\/aydin-ve-igdir-ticaret-borsalari-kardeslik-protokolu-imzaladi\\\/#primaryimage\"},\"thumbnailUrl\":\"https:\\\/\\\/e-ciftlik.com\\\/haberler\\\/wp-content\\\/uploads\\\/2025\\\/02\\\/aydin-da-kardes-borsa-icin-imzalar-atildi-18386194_amp.jpg\",\"articleSection\":[\"Tar\u0131m\"],\"inLanguage\":\"tr\",\"potentialAction\":[{\"@type\":\"CommentAction\",\"name\":\"Comment\",\"target\":[\"https:\\\/\\\/e-ciftlik.com\\\/haberler\\\/tarim\\\/aydin-ve-igdir-ticaret-borsalari-kardeslik-protokolu-imzaladi\\\/#respond\"]}]},{\"@type\":\"WebPage\",\"@id\":\"https:\\\/\\\/e-ciftlik.com\\\/haberler\\\/tarim\\\/aydin-ve-igdir-ticaret-borsalari-kardeslik-protokolu-imzaladi\\\/\",\"url\":\"https:\\\/\\\/e-ciftlik.com\\\/haberler\\\/tarim\\\/aydin-ve-igdir-ticaret-borsalari-kardeslik-protokolu-imzaladi\\\/\",\"name\":\"Ayd\u0131n ve I\u011fd\u0131r Ticaret Borsalar\u0131 Karde\u015flik Protokol\u00fc \u0130mzalad\u0131 - E-&Ccedil;\u0130FTL\u0130K HABER\",\"isPartOf\":{\"@id\":\"http:\\\/\\\/e-ciftlik.com\\\/haberler\\\/#website\"},\"primaryImageOfPage\":{\"@id\":\"https:\\\/\\\/e-ciftlik.com\\\/haberler\\\/tarim\\\/aydin-ve-igdir-ticaret-borsalari-kardeslik-protokolu-imzaladi\\\/#primaryimage\"},\"image\":{\"@id\":\"https:\\\/\\\/e-ciftlik.com\\\/haberler\\\/tarim\\\/aydin-ve-igdir-ticaret-borsalari-kardeslik-protokolu-imzaladi\\\/#primaryimage\"},\"thumbnailUrl\":\"https:\\\/\\\/e-ciftlik.com\\\/haberler\\\/wp-content\\\/uploads\\\/2025\\\/02\\\/aydin-da-kardes-borsa-icin-imzalar-atildi-18386194_amp.jpg\",\"datePublished\":\"2025-02-18T05:46:00+00:00\",\"description\":\"Ayd\u0131n Ticaret Borsas\u0131 ile I\u011fd\u0131r Ticaret Borsas\u0131 aras\u0131nda Karde\u015f Borsa \u0130\u015f Birli\u011fi Protokol\u00fc imzaland\u0131. \u0130ki borsa aras\u0131nda kar\u015f\u0131l\u0131kl\u0131 i\u015f birli\u011fini\",\"breadcrumb\":{\"@id\":\"https:\\\/\\\/e-ciftlik.com\\\/haberler\\\/tarim\\\/aydin-ve-igdir-ticaret-borsalari-kardeslik-protokolu-imzaladi\\\/#breadcrumb\"},\"inLanguage\":\"tr\",\"potentialAction\":[{\"@type\":\"ReadAction\",\"target\":[\"https:\\\/\\\/e-ciftlik.com\\\/haberler\\\/tarim\\\/aydin-ve-igdir-ticaret-borsalari-kardeslik-protokolu-imzaladi\\\/\"]}]},{\"@type\":\"ImageObject\",\"inLanguage\":\"tr\",\"@id\":\"https:\\\/\\\/e-ciftlik.com\\\/haberler\\\/tarim\\\/aydin-ve-igdir-ticaret-borsalari-kardeslik-protokolu-imzaladi\\\/#primaryimage\",\"url\":\"https:\\\/\\\/e-ciftlik.com\\\/haberler\\\/wp-content\\\/uploads\\\/2025\\\/02\\\/aydin-da-kardes-borsa-icin-imzalar-atildi-18386194_amp.jpg\",\"contentUrl\":\"https:\\\/\\\/e-ciftlik.com\\\/haberler\\\/wp-content\\\/uploads\\\/2025\\\/02\\\/aydin-da-kardes-borsa-icin-imzalar-atildi-18386194_amp.jpg\",\"width\":1200,\"height\":798},{\"@type\":\"BreadcrumbList\",\"@id\":\"https:\\\/\\\/e-ciftlik.com\\\/haberler\\\/tarim\\\/aydin-ve-igdir-ticaret-borsalari-kardeslik-protokolu-imzaladi\\\/#breadcrumb\",\"itemListElement\":[{\"@type\":\"ListItem\",\"position\":1,\"name\":\"Anasayfa\",\"item\":\"http:\\\/\\\/e-ciftlik.com\\\/haberler\\\/\"},{\"@type\":\"ListItem\",\"position\":2,\"name\":\"Ayd\u0131n ve I\u011fd\u0131r Ticaret Borsalar\u0131 Karde\u015flik Protokol\u00fc \u0130mzalad\u0131\"}]},{\"@type\":\"WebSite\",\"@id\":\"http:\\\/\\\/e-ciftlik.com\\\/haberler\\\/#website\",\"url\":\"http:\\\/\\\/e-ciftlik.com\\\/haberler\\\/\",\"name\":\"E-\u00c7iftlik Haber | G\u00fcncel, Son Dakika Haberler, En Son Haber\",\"description\":\"\",\"publisher\":{\"@id\":\"http:\\\/\\\/e-ciftlik.com\\\/haberler\\\/#organization\"},\"potentialAction\":[{\"@type\":\"SearchAction\",\"target\":{\"@type\":\"EntryPoint\",\"urlTemplate\":\"http:\\\/\\\/e-ciftlik.com\\\/haberler\\\/?s={search_term_string}\"},\"query-input\":{\"@type\":\"PropertyValueSpecification\",\"valueRequired\":true,\"valueName\":\"search_term_string\"}}],\"inLanguage\":\"tr\"},{\"@type\":\"Organization\",\"@id\":\"http:\\\/\\\/e-ciftlik.com\\\/haberler\\\/#organization\",\"name\":\"E-\u00c7\u0130FTL\u0130K HABER\",\"url\":\"http:\\\/\\\/e-ciftlik.com\\\/haberler\\\/\",\"logo\":{\"@type\":\"ImageObject\",\"inLanguage\":\"tr\",\"@id\":\"http:\\\/\\\/e-ciftlik.com\\\/haberler\\\/#\\\/schema\\\/logo\\\/image\\\/\",\"url\":\"https:\\\/\\\/e-ciftlik.com\\\/haberler\\\/wp-content\\\/uploads\\\/2024\\\/06\\\/cropped-cropped-favicon-1-2.png\",\"contentUrl\":\"https:\\\/\\\/e-ciftlik.com\\\/haberler\\\/wp-content\\\/uploads\\\/2024\\\/06\\\/cropped-cropped-favicon-1-2.png\",\"width\":512,\"height\":512,\"caption\":\"E-\u00c7\u0130FTL\u0130K HABER\"},\"image\":{\"@id\":\"http:\\\/\\\/e-ciftlik.com\\\/haberler\\\/#\\\/schema\\\/logo\\\/image\\\/\"},\"sameAs\":[\"https:\\\/\\\/www.facebook.com\\\/eciftlikturkiye\",\"https:\\\/\\\/x.com\\\/eciftlikresmi\",\"https:\\\/\\\/www.instagram.com\\\/eciftlikresmi\\\/\"]},{\"@type\":\"Person\",\"@id\":\"http:\\\/\\\/e-ciftlik.com\\\/haberler\\\/#\\\/schema\\\/person\\\/d2f4fee3143d7f72be82cb887d51b00a\",\"name\":\"Haber Merkezi\",\"image\":{\"@type\":\"ImageObject\",\"inLanguage\":\"tr\",\"@id\":\"https:\\\/\\\/secure.gravatar.com\\\/avatar\\\/6c27d641914e66c1d0452c92716002398782818991d86db1c2cccb531e7c7c82?s=96&d=mm&r=g\",\"url\":\"https:\\\/\\\/secure.gravatar.com\\\/avatar\\\/6c27d641914e66c1d0452c92716002398782818991d86db1c2cccb531e7c7c82?s=96&d=mm&r=g\",\"contentUrl\":\"https:\\\/\\\/secure.gravatar.com\\\/avatar\\\/6c27d641914e66c1d0452c92716002398782818991d86db1c2cccb531e7c7c82?s=96&d=mm&r=g\",\"caption\":\"Haber Merkezi\"},\"sameAs\":[\"http:\\\/\\\/e-ciftlik.com\\\/haberler\"]}]}<\/script>\n<!-- \/ Yoast SEO Premium plugin. -->","yoast_head_json":{"title":"Ayd\u0131n ve I\u011fd\u0131r Ticaret Borsalar\u0131 Karde\u015flik Protokol\u00fc \u0130mzalad\u0131 - E-&Ccedil;\u0130FTL\u0130K HABER","description":"Ayd\u0131n Ticaret Borsas\u0131 ile I\u011fd\u0131r Ticaret Borsas\u0131 aras\u0131nda Karde\u015f Borsa \u0130\u015f Birli\u011fi Protokol\u00fc imzaland\u0131. \u0130ki borsa aras\u0131nda kar\u015f\u0131l\u0131kl\u0131 i\u015f birli\u011fini","robots":{"index":"index","follow":"follow","max-snippet":"max-snippet:-1","max-image-preview":"max-image-preview:large","max-video-preview":"max-video-preview:-1"},"canonical":"https:\/\/e-ciftlik.com\/haberler\/tarim\/aydin-ve-igdir-ticaret-borsalari-kardeslik-protokolu-imzaladi\/","og_locale":"tr_TR","og_type":"article","og_title":"Ayd\u0131n ve I\u011fd\u0131r Ticaret Borsalar\u0131 Karde\u015flik Protokol\u00fc \u0130mzalad\u0131","og_description":"Ayd\u0131n Ticaret Borsas\u0131 ile I\u011fd\u0131r Ticaret Borsas\u0131 aras\u0131nda Karde\u015f Borsa \u0130\u015f Birli\u011fi Protokol\u00fc imzaland\u0131. \u0130ki borsa aras\u0131nda kar\u015f\u0131l\u0131kl\u0131 i\u015f birli\u011fini","og_url":"https:\/\/e-ciftlik.com\/haberler\/tarim\/aydin-ve-igdir-ticaret-borsalari-kardeslik-protokolu-imzaladi\/","og_site_name":"E-&Ccedil;\u0130FTL\u0130K HABER","article_publisher":"https:\/\/www.facebook.com\/eciftlikturkiye","article_published_time":"2025-02-18T05:46:00+00:00","og_image":[{"width":1200,"height":798,"url":"https:\/\/e-ciftlik.com\/haberler\/wp-content\/uploads\/2025\/02\/aydin-da-kardes-borsa-icin-imzalar-atildi-18386194_amp.jpg","type":"image\/jpeg"}],"author":"Haber Merkezi","twitter_card":"summary_large_image","twitter_creator":"@eciftlikresmi","twitter_site":"@eciftlikresmi","twitter_misc":{"Yazan:":"Haber Merkezi","Tahmini okuma s\u00fcresi":"1 dakika"},"schema":{"@context":"https:\/\/schema.org","@graph":[{"@type":"NewsArticle","@id":"https:\/\/e-ciftlik.com\/haberler\/tarim\/aydin-ve-igdir-ticaret-borsalari-kardeslik-protokolu-imzaladi\/#article","isPartOf":{"@id":"https:\/\/e-ciftlik.com\/haberler\/tarim\/aydin-ve-igdir-ticaret-borsalari-kardeslik-protokolu-imzaladi\/"},"author":{"name":"Haber Merkezi","@id":"http:\/\/e-ciftlik.com\/haberler\/#\/schema\/person\/d2f4fee3143d7f72be82cb887d51b00a"},"headline":"Ayd\u0131n ve I\u011fd\u0131r Ticaret Borsalar\u0131 Karde\u015flik Protokol\u00fc \u0130mzalad\u0131","datePublished":"2025-02-18T05:46:00+00:00","mainEntityOfPage":{"@id":"https:\/\/e-ciftlik.com\/haberler\/tarim\/aydin-ve-igdir-ticaret-borsalari-kardeslik-protokolu-imzaladi\/"},"wordCount":293,"commentCount":0,"publisher":{"@id":"http:\/\/e-ciftlik.com\/haberler\/#organization"},"image":{"@id":"https:\/\/e-ciftlik.com\/haberler\/tarim\/aydin-ve-igdir-ticaret-borsalari-kardeslik-protokolu-imzaladi\/#primaryimage"},"thumbnailUrl":"https:\/\/e-ciftlik.com\/haberler\/wp-content\/uploads\/2025\/02\/aydin-da-kardes-borsa-icin-imzalar-atildi-18386194_amp.jpg","articleSection":["Tar\u0131m"],"inLanguage":"tr","potentialAction":[{"@type":"CommentAction","name":"Comment","target":["https:\/\/e-ciftlik.com\/haberler\/tarim\/aydin-ve-igdir-ticaret-borsalari-kardeslik-protokolu-imzaladi\/#respond"]}]},{"@type":"WebPage","@id":"https:\/\/e-ciftlik.com\/haberler\/tarim\/aydin-ve-igdir-ticaret-borsalari-kardeslik-protokolu-imzaladi\/","url":"https:\/\/e-ciftlik.com\/haberler\/tarim\/aydin-ve-igdir-ticaret-borsalari-kardeslik-protokolu-imzaladi\/","name":"Ayd\u0131n ve I\u011fd\u0131r Ticaret Borsalar\u0131 Karde\u015flik Protokol\u00fc \u0130mzalad\u0131 - E-&Ccedil;\u0130FTL\u0130K HABER","isPartOf":{"@id":"http:\/\/e-ciftlik.com\/haberler\/#website"},"primaryImageOfPage":{"@id":"https:\/\/e-ciftlik.com\/haberler\/tarim\/aydin-ve-igdir-ticaret-borsalari-kardeslik-protokolu-imzaladi\/#primaryimage"},"image":{"@id":"https:\/\/e-ciftlik.com\/haberler\/tarim\/aydin-ve-igdir-ticaret-borsalari-kardeslik-protokolu-imzaladi\/#primaryimage"},"thumbnailUrl":"https:\/\/e-ciftlik.com\/haberler\/wp-content\/uploads\/2025\/02\/aydin-da-kardes-borsa-icin-imzalar-atildi-18386194_amp.jpg","datePublished":"2025-02-18T05:46:00+00:00","description":"Ayd\u0131n Ticaret Borsas\u0131 ile I\u011fd\u0131r Ticaret Borsas\u0131 aras\u0131nda Karde\u015f Borsa \u0130\u015f Birli\u011fi Protokol\u00fc imzaland\u0131. \u0130ki borsa aras\u0131nda kar\u015f\u0131l\u0131kl\u0131 i\u015f birli\u011fini","breadcrumb":{"@id":"https:\/\/e-ciftlik.com\/haberler\/tarim\/aydin-ve-igdir-ticaret-borsalari-kardeslik-protokolu-imzaladi\/#breadcrumb"},"inLanguage":"tr","potentialAction":[{"@type":"ReadAction","target":["https:\/\/e-ciftlik.com\/haberler\/tarim\/aydin-ve-igdir-ticaret-borsalari-kardeslik-protokolu-imzaladi\/"]}]},{"@type":"ImageObject","inLanguage":"tr","@id":"https:\/\/e-ciftlik.com\/haberler\/tarim\/aydin-ve-igdir-ticaret-borsalari-kardeslik-protokolu-imzaladi\/#primaryimage","url":"https:\/\/e-ciftlik.com\/haberler\/wp-content\/uploads\/2025\/02\/aydin-da-kardes-borsa-icin-imzalar-atildi-18386194_amp.jpg","contentUrl":"https:\/\/e-ciftlik.com\/haberler\/wp-content\/uploads\/2025\/02\/aydin-da-kardes-borsa-icin-imzalar-atildi-18386194_amp.jpg","width":1200,"height":798},{"@type":"BreadcrumbList","@id":"https:\/\/e-ciftlik.com\/haberler\/tarim\/aydin-ve-igdir-ticaret-borsalari-kardeslik-protokolu-imzaladi\/#breadcrumb","itemListElement":[{"@type":"ListItem","position":1,"name":"Anasayfa","item":"http:\/\/e-ciftlik.com\/haberler\/"},{"@type":"ListItem","position":2,"name":"Ayd\u0131n ve I\u011fd\u0131r Ticaret Borsalar\u0131 Karde\u015flik Protokol\u00fc \u0130mzalad\u0131"}]},{"@type":"WebSite","@id":"http:\/\/e-ciftlik.com\/haberler\/#website","url":"http:\/\/e-ciftlik.com\/haberler\/","name":"E-\u00c7iftlik Haber | G\u00fcncel, Son Dakika Haberler, En Son Haber","description":"","publisher":{"@id":"http:\/\/e-ciftlik.com\/haberler\/#organization"},"potentialAction":[{"@type":"SearchAction","target":{"@type":"EntryPoint","urlTemplate":"http:\/\/e-ciftlik.com\/haberler\/?s={search_term_string}"},"query-input":{"@type":"PropertyValueSpecification","valueRequired":true,"valueName":"search_term_string"}}],"inLanguage":"tr"},{"@type":"Organization","@id":"http:\/\/e-ciftlik.com\/haberler\/#organization","name":"E-\u00c7\u0130FTL\u0130K HABER","url":"http:\/\/e-ciftlik.com\/haberler\/","logo":{"@type":"ImageObject","inLanguage":"tr","@id":"http:\/\/e-ciftlik.com\/haberler\/#\/schema\/logo\/image\/","url":"https:\/\/e-ciftlik.com\/haberler\/wp-content\/uploads\/2024\/06\/cropped-cropped-favicon-1-2.png","contentUrl":"https:\/\/e-ciftlik.com\/haberler\/wp-content\/uploads\/2024\/06\/cropped-cropped-favicon-1-2.png","width":512,"height":512,"caption":"E-\u00c7\u0130FTL\u0130K HABER"},"image":{"@id":"http:\/\/e-ciftlik.com\/haberler\/#\/schema\/logo\/image\/"},"sameAs":["https:\/\/www.facebook.com\/eciftlikturkiye","https:\/\/x.com\/eciftlikresmi","https:\/\/www.instagram.com\/eciftlikresmi\/"]},{"@type":"Person","@id":"http:\/\/e-ciftlik.com\/haberler\/#\/schema\/person\/d2f4fee3143d7f72be82cb887d51b00a","name":"Haber Merkezi","image":{"@type":"ImageObject","inLanguage":"tr","@id":"https:\/\/secure.gravatar.com\/avatar\/6c27d641914e66c1d0452c92716002398782818991d86db1c2cccb531e7c7c82?s=96&d=mm&r=g","url":"https:\/\/secure.gravatar.com\/avatar\/6c27d641914e66c1d0452c92716002398782818991d86db1c2cccb531e7c7c82?s=96&d=mm&r=g","contentUrl":"https:\/\/secure.gravatar.com\/avatar\/6c27d641914e66c1d0452c92716002398782818991d86db1c2cccb531e7c7c82?s=96&d=mm&r=g","caption":"Haber Merkezi"},"sameAs":["http:\/\/e-ciftlik.com\/haberler"]}]}},"_links":{"self":[{"href":"https:\/\/e-ciftlik.com\/haberler\/wp-json\/wp\/v2\/posts\/81520","targetHints":{"allow":["GET"]}}],"collection":[{"href":"https:\/\/e-ciftlik.com\/haberler\/wp-json\/wp\/v2\/posts"}],"about":[{"href":"https:\/\/e-ciftlik.com\/haberler\/wp-json\/wp\/v2\/types\/post"}],"author":[{"embeddable":true,"href":"https:\/\/e-ciftlik.com\/haberler\/wp-json\/wp\/v2\/users\/1"}],"replies":[{"embeddable":true,"href":"https:\/\/e-ciftlik.com\/haberler\/wp-json\/wp\/v2\/comments?post=81520"}],"version-history":[{"count":0,"href":"https:\/\/e-ciftlik.com\/haberler\/wp-json\/wp\/v2\/posts\/81520\/revisions"}],"wp:featuredmedia":[{"embeddable":true,"href":"https:\/\/e-ciftlik.com\/haberler\/wp-json\/wp\/v2\/media\/81521"}],"wp:attachment":[{"href":"https:\/\/e-ciftlik.com\/haberler\/wp-json\/wp\/v2\/media?parent=81520"}],"wp:term":[{"taxonomy":"category","embeddable":true,"href":"https:\/\/e-ciftlik.com\/haberler\/wp-json\/wp\/v2\/categories?post=81520"},{"taxonomy":"post_tag","embeddable":true,"href":"https:\/\/e-ciftlik.com\/haberler\/wp-json\/wp\/v2\/tags?post=81520"}],"curies":[{"name":"wp","href":"https:\/\/api.w.org\/{rel}","templated":true}]}}