{"id":8160,"date":"2024-06-30T13:42:02","date_gmt":"2024-06-30T13:42:02","guid":{"rendered":"https:\/\/e-ciftlik.com\/haberler\/seyahat\/tarraco-antik-roma-yerlesimi-kesfedin\/"},"modified":"2024-06-30T13:42:02","modified_gmt":"2024-06-30T13:42:02","slug":"tarraco-antik-roma-yerlesimi-kesfedin","status":"publish","type":"post","link":"https:\/\/e-ciftlik.com\/haberler\/seyahat\/tarraco-antik-roma-yerlesimi-kesfedin\/","title":{"rendered":"Tarraco: Antik Roma Yerle\u015fimi Ke\u015ffedin!"},"content":{"rendered":"<p>\u0130ber Yar\u0131madas\u0131\u2019ndaki en eski Roma yerle\u015fimleri aras\u0131nda bulunan Tarraco, M.\u00d6 3. y\u00fczy\u0131lda kurulmu\u015f ve e\u015fsiz mimarisi ile dikkat \u00e7ekiyor. Tarragona \u015fehrinde yer alan bu b\u00fcy\u00fcleyici yerle\u015fim yeri, Barselona&#8217;n\u0131n g\u00fcneyinde bulunuyor. MS 2. y\u00fczy\u0131lda yap\u0131lan ve 15.000 ki\u015fiyi a\u011f\u0131rlayabilen Amfitiyatro, \u015fehir surlar\u0131, zafer tak\u0131 ve su kemerleri gibi yap\u0131larla dolu. Bu etkileyici yap\u0131lar, Roma etkisini ve \u015fehrin zenginli\u011fini g\u00f6zler \u00f6n\u00fcne seriyor. Avrupa&#8217;n\u0131n en b\u00fcy\u00fck Roma s\u0131n\u0131r \u015fehirlerinden birine ait kal\u0131nt\u0131lar aras\u0131nda gezerken, antik bir kentteymi\u015f hissine kap\u0131labilirsiniz. Tarraco ziyaret edenleri antik d\u00fcnyan\u0131n b\u00fcy\u00fcs\u00fcne kapt\u0131rmay\u0131 ba\u015far\u0131yor.<\/p>\n","protected":false},"excerpt":{"rendered":"<p>\u0130ber Yar\u0131madas\u0131\u2019ndaki en eski Roma yerle\u015fimleri aras\u0131nda bulunan Tarraco, M.\u00d6 3. y\u00fczy\u0131lda kurulmu\u015f ve e\u015fsiz&hellip;<\/p>\n","protected":false},"author":1,"featured_media":8161,"comment_status":"open","ping_status":"open","sticky":false,"template":"","format":"standard","meta":{"footnotes":""},"categories":[14],"tags":[],"class_list":["post-8160","post","type-post","status-publish","format-standard","has-post-thumbnail","hentry","category-seyahat"],"yoast_head":"<!-- This site is optimized with the Yoast SEO Premium plugin v24.3 (Yoast SEO v27.4) - https:\/\/yoast.com\/product\/yoast-seo-premium-wordpress\/ -->\n<title>Tarraco: Antik Roma Yerle\u015fimi Ke\u015ffedin! - E-&Ccedil;\u0130FTL\u0130K HABER<\/title>\n<meta name=\"description\" content=\"\u0130ber Yar\u0131madas\u0131\u2019ndaki en eski Roma yerle\u015fimleri aras\u0131nda bulunan Tarraco, M.\u00d6 3. y\u00fczy\u0131lda kurulmu\u015f ve e\u015fsiz mimarisi ile dikkat \u00e7ekiyor. Tarragona\" \/>\n<meta name=\"robots\" content=\"index, follow, max-snippet:-1, max-image-preview:large, max-video-preview:-1\" \/>\n<link rel=\"canonical\" href=\"https:\/\/e-ciftlik.com\/haberler\/seyahat\/tarraco-antik-roma-yerlesimi-kesfedin\/\" \/>\n<meta property=\"og:locale\" content=\"tr_TR\" \/>\n<meta property=\"og:type\" content=\"article\" \/>\n<meta property=\"og:title\" content=\"Tarraco: Antik Roma Yerle\u015fimi Ke\u015ffedin!\" \/>\n<meta property=\"og:description\" content=\"\u0130ber Yar\u0131madas\u0131\u2019ndaki en eski Roma yerle\u015fimleri aras\u0131nda bulunan Tarraco, M.\u00d6 3. y\u00fczy\u0131lda kurulmu\u015f ve e\u015fsiz mimarisi ile dikkat \u00e7ekiyor. Tarragona\" \/>\n<meta property=\"og:url\" content=\"https:\/\/e-ciftlik.com\/haberler\/seyahat\/tarraco-antik-roma-yerlesimi-kesfedin\/\" \/>\n<meta property=\"og:site_name\" content=\"E-&Ccedil;\u0130FTL\u0130K HABER\" \/>\n<meta property=\"article:publisher\" content=\"https:\/\/www.facebook.com\/eciftlikturkiye\" \/>\n<meta property=\"article:published_time\" content=\"2024-06-30T13:42:02+00:00\" \/>\n<meta property=\"og:image\" content=\"https:\/\/e-ciftlik.com\/haberler\/wp-content\/uploads\/2024\/06\/s-a587af239e7d9825081361d18d884b7f0d4c33ea.jpg\" \/>\n\t<meta property=\"og:image:width\" content=\"1200\" \/>\n\t<meta property=\"og:image:height\" content=\"628\" \/>\n\t<meta property=\"og:image:type\" content=\"image\/jpeg\" \/>\n<meta name=\"author\" content=\"Haber Merkezi\" \/>\n<meta name=\"twitter:card\" content=\"summary_large_image\" \/>\n<meta name=\"twitter:creator\" content=\"@eciftlikresmi\" \/>\n<meta name=\"twitter:site\" content=\"@eciftlikresmi\" \/>\n<meta name=\"twitter:label1\" content=\"Yazan:\" \/>\n\t<meta name=\"twitter:data1\" content=\"Haber Merkezi\" \/>\n\t<meta name=\"twitter:label2\" content=\"Tahmini okuma s\u00fcresi\" \/>\n\t<meta name=\"twitter:data2\" content=\"1 dakika\" \/>\n<script type=\"application\/ld+json\" class=\"yoast-schema-graph\">{\"@context\":\"https:\\\/\\\/schema.org\",\"@graph\":[{\"@type\":\"NewsArticle\",\"@id\":\"https:\\\/\\\/e-ciftlik.com\\\/haberler\\\/seyahat\\\/tarraco-antik-roma-yerlesimi-kesfedin\\\/#article\",\"isPartOf\":{\"@id\":\"https:\\\/\\\/e-ciftlik.com\\\/haberler\\\/seyahat\\\/tarraco-antik-roma-yerlesimi-kesfedin\\\/\"},\"author\":{\"name\":\"Haber Merkezi\",\"@id\":\"https:\\\/\\\/e-ciftlik.com\\\/haberler\\\/#\\\/schema\\\/person\\\/d2f4fee3143d7f72be82cb887d51b00a\"},\"headline\":\"Tarraco: Antik Roma Yerle\u015fimi Ke\u015ffedin!\",\"datePublished\":\"2024-06-30T13:42:02+00:00\",\"mainEntityOfPage\":{\"@id\":\"https:\\\/\\\/e-ciftlik.com\\\/haberler\\\/seyahat\\\/tarraco-antik-roma-yerlesimi-kesfedin\\\/\"},\"wordCount\":129,\"commentCount\":0,\"publisher\":{\"@id\":\"https:\\\/\\\/e-ciftlik.com\\\/haberler\\\/#organization\"},\"image\":{\"@id\":\"https:\\\/\\\/e-ciftlik.com\\\/haberler\\\/seyahat\\\/tarraco-antik-roma-yerlesimi-kesfedin\\\/#primaryimage\"},\"thumbnailUrl\":\"https:\\\/\\\/e-ciftlik.com\\\/haberler\\\/wp-content\\\/uploads\\\/2024\\\/06\\\/s-a587af239e7d9825081361d18d884b7f0d4c33ea.jpg\",\"articleSection\":[\"Seyahat\"],\"inLanguage\":\"tr\",\"potentialAction\":[{\"@type\":\"CommentAction\",\"name\":\"Comment\",\"target\":[\"https:\\\/\\\/e-ciftlik.com\\\/haberler\\\/seyahat\\\/tarraco-antik-roma-yerlesimi-kesfedin\\\/#respond\"]}]},{\"@type\":\"WebPage\",\"@id\":\"https:\\\/\\\/e-ciftlik.com\\\/haberler\\\/seyahat\\\/tarraco-antik-roma-yerlesimi-kesfedin\\\/\",\"url\":\"https:\\\/\\\/e-ciftlik.com\\\/haberler\\\/seyahat\\\/tarraco-antik-roma-yerlesimi-kesfedin\\\/\",\"name\":\"Tarraco: Antik Roma Yerle\u015fimi Ke\u015ffedin! - E-&Ccedil;\u0130FTL\u0130K HABER\",\"isPartOf\":{\"@id\":\"https:\\\/\\\/e-ciftlik.com\\\/haberler\\\/#website\"},\"primaryImageOfPage\":{\"@id\":\"https:\\\/\\\/e-ciftlik.com\\\/haberler\\\/seyahat\\\/tarraco-antik-roma-yerlesimi-kesfedin\\\/#primaryimage\"},\"image\":{\"@id\":\"https:\\\/\\\/e-ciftlik.com\\\/haberler\\\/seyahat\\\/tarraco-antik-roma-yerlesimi-kesfedin\\\/#primaryimage\"},\"thumbnailUrl\":\"https:\\\/\\\/e-ciftlik.com\\\/haberler\\\/wp-content\\\/uploads\\\/2024\\\/06\\\/s-a587af239e7d9825081361d18d884b7f0d4c33ea.jpg\",\"datePublished\":\"2024-06-30T13:42:02+00:00\",\"description\":\"\u0130ber Yar\u0131madas\u0131\u2019ndaki en eski Roma yerle\u015fimleri aras\u0131nda bulunan Tarraco, M.\u00d6 3. y\u00fczy\u0131lda kurulmu\u015f ve e\u015fsiz mimarisi ile dikkat \u00e7ekiyor. Tarragona\",\"breadcrumb\":{\"@id\":\"https:\\\/\\\/e-ciftlik.com\\\/haberler\\\/seyahat\\\/tarraco-antik-roma-yerlesimi-kesfedin\\\/#breadcrumb\"},\"inLanguage\":\"tr\",\"potentialAction\":[{\"@type\":\"ReadAction\",\"target\":[\"https:\\\/\\\/e-ciftlik.com\\\/haberler\\\/seyahat\\\/tarraco-antik-roma-yerlesimi-kesfedin\\\/\"]}]},{\"@type\":\"ImageObject\",\"inLanguage\":\"tr\",\"@id\":\"https:\\\/\\\/e-ciftlik.com\\\/haberler\\\/seyahat\\\/tarraco-antik-roma-yerlesimi-kesfedin\\\/#primaryimage\",\"url\":\"https:\\\/\\\/e-ciftlik.com\\\/haberler\\\/wp-content\\\/uploads\\\/2024\\\/06\\\/s-a587af239e7d9825081361d18d884b7f0d4c33ea.jpg\",\"contentUrl\":\"https:\\\/\\\/e-ciftlik.com\\\/haberler\\\/wp-content\\\/uploads\\\/2024\\\/06\\\/s-a587af239e7d9825081361d18d884b7f0d4c33ea.jpg\",\"width\":1200,\"height\":628},{\"@type\":\"BreadcrumbList\",\"@id\":\"https:\\\/\\\/e-ciftlik.com\\\/haberler\\\/seyahat\\\/tarraco-antik-roma-yerlesimi-kesfedin\\\/#breadcrumb\",\"itemListElement\":[{\"@type\":\"ListItem\",\"position\":1,\"name\":\"Anasayfa\",\"item\":\"https:\\\/\\\/e-ciftlik.com\\\/haberler\\\/\"},{\"@type\":\"ListItem\",\"position\":2,\"name\":\"Tarraco: Antik Roma Yerle\u015fimi Ke\u015ffedin!\"}]},{\"@type\":\"WebSite\",\"@id\":\"https:\\\/\\\/e-ciftlik.com\\\/haberler\\\/#website\",\"url\":\"https:\\\/\\\/e-ciftlik.com\\\/haberler\\\/\",\"name\":\"E-\u00c7iftlik Haber | G\u00fcncel, Son Dakika Haberler, En Son Haber\",\"description\":\"\",\"publisher\":{\"@id\":\"https:\\\/\\\/e-ciftlik.com\\\/haberler\\\/#organization\"},\"potentialAction\":[{\"@type\":\"SearchAction\",\"target\":{\"@type\":\"EntryPoint\",\"urlTemplate\":\"https:\\\/\\\/e-ciftlik.com\\\/haberler\\\/?s={search_term_string}\"},\"query-input\":{\"@type\":\"PropertyValueSpecification\",\"valueRequired\":true,\"valueName\":\"search_term_string\"}}],\"inLanguage\":\"tr\"},{\"@type\":\"Organization\",\"@id\":\"https:\\\/\\\/e-ciftlik.com\\\/haberler\\\/#organization\",\"name\":\"E-\u00c7\u0130FTL\u0130K HABER\",\"url\":\"https:\\\/\\\/e-ciftlik.com\\\/haberler\\\/\",\"logo\":{\"@type\":\"ImageObject\",\"inLanguage\":\"tr\",\"@id\":\"https:\\\/\\\/e-ciftlik.com\\\/haberler\\\/#\\\/schema\\\/logo\\\/image\\\/\",\"url\":\"https:\\\/\\\/e-ciftlik.com\\\/haberler\\\/wp-content\\\/uploads\\\/2024\\\/06\\\/cropped-cropped-favicon-1-2.png\",\"contentUrl\":\"https:\\\/\\\/e-ciftlik.com\\\/haberler\\\/wp-content\\\/uploads\\\/2024\\\/06\\\/cropped-cropped-favicon-1-2.png\",\"width\":512,\"height\":512,\"caption\":\"E-\u00c7\u0130FTL\u0130K HABER\"},\"image\":{\"@id\":\"https:\\\/\\\/e-ciftlik.com\\\/haberler\\\/#\\\/schema\\\/logo\\\/image\\\/\"},\"sameAs\":[\"https:\\\/\\\/www.facebook.com\\\/eciftlikturkiye\",\"https:\\\/\\\/x.com\\\/eciftlikresmi\",\"https:\\\/\\\/www.instagram.com\\\/eciftlikresmi\\\/\"]},{\"@type\":\"Person\",\"@id\":\"https:\\\/\\\/e-ciftlik.com\\\/haberler\\\/#\\\/schema\\\/person\\\/d2f4fee3143d7f72be82cb887d51b00a\",\"name\":\"Haber Merkezi\",\"image\":{\"@type\":\"ImageObject\",\"inLanguage\":\"tr\",\"@id\":\"https:\\\/\\\/secure.gravatar.com\\\/avatar\\\/6c27d641914e66c1d0452c92716002398782818991d86db1c2cccb531e7c7c82?s=96&d=mm&r=g\",\"url\":\"https:\\\/\\\/secure.gravatar.com\\\/avatar\\\/6c27d641914e66c1d0452c92716002398782818991d86db1c2cccb531e7c7c82?s=96&d=mm&r=g\",\"contentUrl\":\"https:\\\/\\\/secure.gravatar.com\\\/avatar\\\/6c27d641914e66c1d0452c92716002398782818991d86db1c2cccb531e7c7c82?s=96&d=mm&r=g\",\"caption\":\"Haber Merkezi\"},\"sameAs\":[\"http:\\\/\\\/e-ciftlik.com\\\/haberler\"]}]}<\/script>\n<!-- \/ Yoast SEO Premium plugin. -->","yoast_head_json":{"title":"Tarraco: Antik Roma Yerle\u015fimi Ke\u015ffedin! - E-&Ccedil;\u0130FTL\u0130K HABER","description":"\u0130ber Yar\u0131madas\u0131\u2019ndaki en eski Roma yerle\u015fimleri aras\u0131nda bulunan Tarraco, M.\u00d6 3. y\u00fczy\u0131lda kurulmu\u015f ve e\u015fsiz mimarisi ile dikkat \u00e7ekiyor. Tarragona","robots":{"index":"index","follow":"follow","max-snippet":"max-snippet:-1","max-image-preview":"max-image-preview:large","max-video-preview":"max-video-preview:-1"},"canonical":"https:\/\/e-ciftlik.com\/haberler\/seyahat\/tarraco-antik-roma-yerlesimi-kesfedin\/","og_locale":"tr_TR","og_type":"article","og_title":"Tarraco: Antik Roma Yerle\u015fimi Ke\u015ffedin!","og_description":"\u0130ber Yar\u0131madas\u0131\u2019ndaki en eski Roma yerle\u015fimleri aras\u0131nda bulunan Tarraco, M.\u00d6 3. y\u00fczy\u0131lda kurulmu\u015f ve e\u015fsiz mimarisi ile dikkat \u00e7ekiyor. Tarragona","og_url":"https:\/\/e-ciftlik.com\/haberler\/seyahat\/tarraco-antik-roma-yerlesimi-kesfedin\/","og_site_name":"E-&Ccedil;\u0130FTL\u0130K HABER","article_publisher":"https:\/\/www.facebook.com\/eciftlikturkiye","article_published_time":"2024-06-30T13:42:02+00:00","og_image":[{"width":1200,"height":628,"url":"https:\/\/e-ciftlik.com\/haberler\/wp-content\/uploads\/2024\/06\/s-a587af239e7d9825081361d18d884b7f0d4c33ea.jpg","type":"image\/jpeg"}],"author":"Haber Merkezi","twitter_card":"summary_large_image","twitter_creator":"@eciftlikresmi","twitter_site":"@eciftlikresmi","twitter_misc":{"Yazan:":"Haber Merkezi","Tahmini okuma s\u00fcresi":"1 dakika"},"schema":{"@context":"https:\/\/schema.org","@graph":[{"@type":"NewsArticle","@id":"https:\/\/e-ciftlik.com\/haberler\/seyahat\/tarraco-antik-roma-yerlesimi-kesfedin\/#article","isPartOf":{"@id":"https:\/\/e-ciftlik.com\/haberler\/seyahat\/tarraco-antik-roma-yerlesimi-kesfedin\/"},"author":{"name":"Haber Merkezi","@id":"https:\/\/e-ciftlik.com\/haberler\/#\/schema\/person\/d2f4fee3143d7f72be82cb887d51b00a"},"headline":"Tarraco: Antik Roma Yerle\u015fimi Ke\u015ffedin!","datePublished":"2024-06-30T13:42:02+00:00","mainEntityOfPage":{"@id":"https:\/\/e-ciftlik.com\/haberler\/seyahat\/tarraco-antik-roma-yerlesimi-kesfedin\/"},"wordCount":129,"commentCount":0,"publisher":{"@id":"https:\/\/e-ciftlik.com\/haberler\/#organization"},"image":{"@id":"https:\/\/e-ciftlik.com\/haberler\/seyahat\/tarraco-antik-roma-yerlesimi-kesfedin\/#primaryimage"},"thumbnailUrl":"https:\/\/e-ciftlik.com\/haberler\/wp-content\/uploads\/2024\/06\/s-a587af239e7d9825081361d18d884b7f0d4c33ea.jpg","articleSection":["Seyahat"],"inLanguage":"tr","potentialAction":[{"@type":"CommentAction","name":"Comment","target":["https:\/\/e-ciftlik.com\/haberler\/seyahat\/tarraco-antik-roma-yerlesimi-kesfedin\/#respond"]}]},{"@type":"WebPage","@id":"https:\/\/e-ciftlik.com\/haberler\/seyahat\/tarraco-antik-roma-yerlesimi-kesfedin\/","url":"https:\/\/e-ciftlik.com\/haberler\/seyahat\/tarraco-antik-roma-yerlesimi-kesfedin\/","name":"Tarraco: Antik Roma Yerle\u015fimi Ke\u015ffedin! - E-&Ccedil;\u0130FTL\u0130K HABER","isPartOf":{"@id":"https:\/\/e-ciftlik.com\/haberler\/#website"},"primaryImageOfPage":{"@id":"https:\/\/e-ciftlik.com\/haberler\/seyahat\/tarraco-antik-roma-yerlesimi-kesfedin\/#primaryimage"},"image":{"@id":"https:\/\/e-ciftlik.com\/haberler\/seyahat\/tarraco-antik-roma-yerlesimi-kesfedin\/#primaryimage"},"thumbnailUrl":"https:\/\/e-ciftlik.com\/haberler\/wp-content\/uploads\/2024\/06\/s-a587af239e7d9825081361d18d884b7f0d4c33ea.jpg","datePublished":"2024-06-30T13:42:02+00:00","description":"\u0130ber Yar\u0131madas\u0131\u2019ndaki en eski Roma yerle\u015fimleri aras\u0131nda bulunan Tarraco, M.\u00d6 3. y\u00fczy\u0131lda kurulmu\u015f ve e\u015fsiz mimarisi ile dikkat \u00e7ekiyor. Tarragona","breadcrumb":{"@id":"https:\/\/e-ciftlik.com\/haberler\/seyahat\/tarraco-antik-roma-yerlesimi-kesfedin\/#breadcrumb"},"inLanguage":"tr","potentialAction":[{"@type":"ReadAction","target":["https:\/\/e-ciftlik.com\/haberler\/seyahat\/tarraco-antik-roma-yerlesimi-kesfedin\/"]}]},{"@type":"ImageObject","inLanguage":"tr","@id":"https:\/\/e-ciftlik.com\/haberler\/seyahat\/tarraco-antik-roma-yerlesimi-kesfedin\/#primaryimage","url":"https:\/\/e-ciftlik.com\/haberler\/wp-content\/uploads\/2024\/06\/s-a587af239e7d9825081361d18d884b7f0d4c33ea.jpg","contentUrl":"https:\/\/e-ciftlik.com\/haberler\/wp-content\/uploads\/2024\/06\/s-a587af239e7d9825081361d18d884b7f0d4c33ea.jpg","width":1200,"height":628},{"@type":"BreadcrumbList","@id":"https:\/\/e-ciftlik.com\/haberler\/seyahat\/tarraco-antik-roma-yerlesimi-kesfedin\/#breadcrumb","itemListElement":[{"@type":"ListItem","position":1,"name":"Anasayfa","item":"https:\/\/e-ciftlik.com\/haberler\/"},{"@type":"ListItem","position":2,"name":"Tarraco: Antik Roma Yerle\u015fimi Ke\u015ffedin!"}]},{"@type":"WebSite","@id":"https:\/\/e-ciftlik.com\/haberler\/#website","url":"https:\/\/e-ciftlik.com\/haberler\/","name":"E-\u00c7iftlik Haber | G\u00fcncel, Son Dakika Haberler, En Son Haber","description":"","publisher":{"@id":"https:\/\/e-ciftlik.com\/haberler\/#organization"},"potentialAction":[{"@type":"SearchAction","target":{"@type":"EntryPoint","urlTemplate":"https:\/\/e-ciftlik.com\/haberler\/?s={search_term_string}"},"query-input":{"@type":"PropertyValueSpecification","valueRequired":true,"valueName":"search_term_string"}}],"inLanguage":"tr"},{"@type":"Organization","@id":"https:\/\/e-ciftlik.com\/haberler\/#organization","name":"E-\u00c7\u0130FTL\u0130K HABER","url":"https:\/\/e-ciftlik.com\/haberler\/","logo":{"@type":"ImageObject","inLanguage":"tr","@id":"https:\/\/e-ciftlik.com\/haberler\/#\/schema\/logo\/image\/","url":"https:\/\/e-ciftlik.com\/haberler\/wp-content\/uploads\/2024\/06\/cropped-cropped-favicon-1-2.png","contentUrl":"https:\/\/e-ciftlik.com\/haberler\/wp-content\/uploads\/2024\/06\/cropped-cropped-favicon-1-2.png","width":512,"height":512,"caption":"E-\u00c7\u0130FTL\u0130K HABER"},"image":{"@id":"https:\/\/e-ciftlik.com\/haberler\/#\/schema\/logo\/image\/"},"sameAs":["https:\/\/www.facebook.com\/eciftlikturkiye","https:\/\/x.com\/eciftlikresmi","https:\/\/www.instagram.com\/eciftlikresmi\/"]},{"@type":"Person","@id":"https:\/\/e-ciftlik.com\/haberler\/#\/schema\/person\/d2f4fee3143d7f72be82cb887d51b00a","name":"Haber Merkezi","image":{"@type":"ImageObject","inLanguage":"tr","@id":"https:\/\/secure.gravatar.com\/avatar\/6c27d641914e66c1d0452c92716002398782818991d86db1c2cccb531e7c7c82?s=96&d=mm&r=g","url":"https:\/\/secure.gravatar.com\/avatar\/6c27d641914e66c1d0452c92716002398782818991d86db1c2cccb531e7c7c82?s=96&d=mm&r=g","contentUrl":"https:\/\/secure.gravatar.com\/avatar\/6c27d641914e66c1d0452c92716002398782818991d86db1c2cccb531e7c7c82?s=96&d=mm&r=g","caption":"Haber Merkezi"},"sameAs":["http:\/\/e-ciftlik.com\/haberler"]}]}},"_links":{"self":[{"href":"https:\/\/e-ciftlik.com\/haberler\/wp-json\/wp\/v2\/posts\/8160","targetHints":{"allow":["GET"]}}],"collection":[{"href":"https:\/\/e-ciftlik.com\/haberler\/wp-json\/wp\/v2\/posts"}],"about":[{"href":"https:\/\/e-ciftlik.com\/haberler\/wp-json\/wp\/v2\/types\/post"}],"author":[{"embeddable":true,"href":"https:\/\/e-ciftlik.com\/haberler\/wp-json\/wp\/v2\/users\/1"}],"replies":[{"embeddable":true,"href":"https:\/\/e-ciftlik.com\/haberler\/wp-json\/wp\/v2\/comments?post=8160"}],"version-history":[{"count":0,"href":"https:\/\/e-ciftlik.com\/haberler\/wp-json\/wp\/v2\/posts\/8160\/revisions"}],"wp:featuredmedia":[{"embeddable":true,"href":"https:\/\/e-ciftlik.com\/haberler\/wp-json\/wp\/v2\/media\/8161"}],"wp:attachment":[{"href":"https:\/\/e-ciftlik.com\/haberler\/wp-json\/wp\/v2\/media?parent=8160"}],"wp:term":[{"taxonomy":"category","embeddable":true,"href":"https:\/\/e-ciftlik.com\/haberler\/wp-json\/wp\/v2\/categories?post=8160"},{"taxonomy":"post_tag","embeddable":true,"href":"https:\/\/e-ciftlik.com\/haberler\/wp-json\/wp\/v2\/tags?post=8160"}],"curies":[{"name":"wp","href":"https:\/\/api.w.org\/{rel}","templated":true}]}}