{"id":81614,"date":"2025-02-18T11:55:23","date_gmt":"2025-02-18T11:55:23","guid":{"rendered":"http:\/\/e-ciftlik.com\/haberler\/teknoloji\/samsungun-uc-katli-telefonuyla-ilgili-daha-fazla-detay-ortaya-cikti\/"},"modified":"2025-02-18T11:55:23","modified_gmt":"2025-02-18T11:55:23","slug":"samsungun-uc-katli-telefonuyla-ilgili-daha-fazla-detay-ortaya-cikti","status":"publish","type":"post","link":"https:\/\/e-ciftlik.com\/haberler\/teknoloji\/samsungun-uc-katli-telefonuyla-ilgili-daha-fazla-detay-ortaya-cikti\/","title":{"rendered":"Samsung&#8217;un \u00fc\u00e7 katl\u0131 telefonuyla ilgili daha fazla detay ortaya \u00e7\u0131kt\u0131"},"content":{"rendered":"<div id=\"article-body\"><\/p>\n<hr\/>\n<ul>\n<li><strong>Samsung tri-fold hakk\u0131nda daha fazla detay ortaya \u00e7\u0131kt\u0131<\/strong><\/li>\n<li><strong>Telefonun Samsung&#8217;un normal katlanabilir telefonlar\u0131ndan daha sonra piyasaya \u00e7\u0131kmas\u0131 muhtemel<\/strong><\/li>\n<li><strong>\u00d6te yandan, Huawei Mate XT tri-fold k\u00fcresel olarak yay\u0131lacak<\/strong><\/li>\n<\/ul>\n<hr\/>\n<p>Samsung Galaxy S25 serisini piyasaya s\u00fcrerken, ayn\u0131 zamanda detaylar\u0131 pek a\u00e7\u0131klamadan yakla\u015fan bir tri-fold katlanabilir telefonun da s\u0131zd\u0131r\u0131ld\u0131\u011f\u0131n\u0131 g\u00f6rd\u00fck &#8211; ancak yeni s\u0131z\u0131nt\u0131lar bu telefon hakk\u0131nda sahip oldu\u011fumuz baz\u0131 sorular\u0131 yan\u0131tlayabilir.<\/p>\n<p>\u0130\u00e7erik sa\u011flay\u0131c\u0131 <a data-analytics-id=\"inline-link\" href=\"https:\/\/x.com\/PandaFlashPro\/status\/1891482370970206251\" target=\"_blank\" data-url=\"https:\/\/x.com\/PandaFlashPro\/status\/1891482370970206251\" referrerpolicy=\"no-referrer-when-downgrade\" data-hl-processed=\"none\">@PandaFlashPro<\/a> ve analist <a data-analytics-id=\"inline-link\" href=\"https:\/\/x.com\/DSCCRoss\/status\/1890527971691159904\" target=\"_blank\" data-url=\"https:\/\/x.com\/DSCCRoss\/status\/1890527971691159904\" referrerpolicy=\"no-referrer-when-downgrade\" data-hl-processed=\"none\">@DSCCRoss<\/a> taraf\u0131ndan payla\u015f\u0131lan bilgiler, <a data-analytics-id=\"inline-link\" href=\"https:\/\/www.notebookcheck.net\/New-Samsung-tri-fold-details-emerge-with-launch-availability-discussed.962161.0.html\" target=\"_blank\" data-url=\"https:\/\/www.notebookcheck.net\/New-Samsung-tri-fold-details-emerge-with-launch-availability-discussed.962161.0.html\" referrerpolicy=\"no-referrer-when-downgrade\" data-hl-processed=\"none\">Notebookcheck<\/a> taraf\u0131ndan \u00f6zetlendi ve tri-fold telefonunun y\u0131l\u0131n ikinci yar\u0131s\u0131nda piyasaya s\u00fcr\u00fclece\u011fini \u00f6ne s\u00fcr\u00fcyor &#8211; Galaxy Z Fold 7 ve Galaxy Z Flip 7 tan\u0131t\u0131mlar\u0131ndan sonra.<\/p>\n<aside class=\"hawk-nest\" data-block-type=\"embed\" data-render-type=\"fte\" data-skip=\"dealsy\" data-widget-type=\"seasonal\"\/>\n<p>Daha \u00f6nce tan\u0131t\u0131lan katlanabilir telefonlar Temmuz ay\u0131nda (Galaxy Z Fold 6 ve Galaxy Z Flip 6&#8217;dan bir y\u0131l sonra) piyasaya \u00e7\u0131kacak gibi g\u00f6r\u00fcn\u00fcyor, bu y\u00fczden s\u00f6ylentilere g\u00f6re Samsung Galaxy G Fold ad\u0131yla an\u0131lacak tri-fold model, bu tarihten sonraki aylarda ortaya \u00e7\u0131kacakt\u0131r.<\/p>\n<p>Ayn\u0131 kaynaklar, yakla\u015fan tri-fold telefonun 2.600 nit parlakl\u0131k ve 25W kablolu \u015farj sunaca\u011f\u0131n\u0131 &#8216;do\u011frulad\u0131&#8217; ve bu da mevcut Samsung katlanabilir telefonlarla e\u015fle\u015fiyor &#8211; ancak tabii ki, Samsung&#8217;un onaylamad\u0131\u011f\u0131 hi\u00e7bir \u015fey kesin de\u011fildir.<\/p>\n<h2 id=\"the-original-tri-fold-3\">Orijinal tri-fold<\/h2>\n<figure class=\"van-image-figure inline-layout\" data-bordeaux-image-check=\"\">\n<div class=\"image-full-width-wrapper\">\n<div class=\"image-widthsetter\" style=\"max-width:4877px;\">\n<p class=\"vanilla-image-block\" style=\"padding-top:56.26%;\"><img decoding=\"async\" src=\"https:\/\/cdn.mos.cms.futurecdn.net\/SwZ7CRWDHuJ5dQ4Sq8nTUd-1200-80.jpg\"\/><\/p>\n<\/div>\n<\/div><figcaption itemprop=\"caption description\" class=\" inline-layout\"><span class=\"caption-text\">Huawei Mate XT <\/span><span class=\"credit\" itemprop=\"copyrightHolder\">(G\u00f6rsel kaynak: Future)<\/span><\/figcaption><\/figure>\n<p>Samsung ilk tri-fold telefonunu piyasaya s\u00fcrmeye haz\u0131rlan\u0131rken, Huawei Mate XT k\u00fcresel olarak yay\u0131l\u0131yor. Bu tri-fold model ge\u00e7en y\u0131l \u00c7in&#8217;de piyasaya s\u00fcr\u00fcld\u00fc, ancak yak\u0131n gelecekte d\u00fcnyan\u0131n daha fazla pazar\u0131na gidecek.<\/p>\n<p>Ancak, Huawei k\u00fcresel bir uygunluk duyurdu (via <a data-analytics-id=\"inline-link\" href=\"https:\/\/www.androidpolice.com\/huawei-mate-xt-trifold-phone-global-launch\/\" target=\"_blank\" data-url=\"https:\/\/www.androidpolice.com\/huawei-mate-xt-trifold-phone-global-launch\/\" referrerpolicy=\"no-referrer-when-downgrade\" data-hl-processed=\"none\">Android Police<\/a>), ancak bundan fazla bir \u015fey s\u00f6ylemedi. \u015eu ana kadar en kullan\u0131\u015fl\u0131 detay Avrupa fiyat\u0131 olan 3.499 \u20ac, yaz\u0131ld\u0131\u011f\u0131 s\u0131rada 3.660 $ \/ 2.905 \u00a3 \/ 5.760 AU$&#8217;ya denk geliyor.<\/p>\n<p>Amerika Birle\u015fik Devletleri&#8217;nde Huawei donan\u0131m\u0131n\u0131n hala yasakl\u0131 olmas\u0131 nedeniyle, Huawei Mate XT&#8217;nin orada ortaya \u00e7\u0131kmas\u0131 beklenmemektedir &#8211; ancak modelin en az\u0131ndan baz\u0131 Avrupa \u00fclkelerinde do\u011frudan sat\u0131n al\u0131nabilir olaca\u011f\u0131 g\u00f6r\u00fcnmektedir.<\/p>\n<div id=\"slice-container-newsletterForm-articleInbodyContent-BGYLmdwDW8P8NKmT43cznb\" class=\"slice-container newsletter-inbodyContent-slice newsletterForm-articleInbodyContent-BGYLmdwDW8P8NKmT43cznb slice-container-newsletterForm\">\n<div data-hydrate=\"true\" class=\"newsletter-form__wrapper newsletter-form__wrapper--inbodyContent\">\n<div class=\"newsletter-form__container\">\n<section class=\"newsletter-form__top-bar\"\/>\n<section class=\"newsletter-form__main-section\">\n<p class=\"newsletter-form__strapline\">Son dakika haberleri, incelemeler, g\u00f6r\u00fc\u015fler, en iyi teknoloji f\u0131rsatlar\u0131 ve daha fazlas\u0131 i\u00e7in kaydolun.<\/p>\n<\/section>\n<\/div>\n<\/div>\n<\/div>\n<p>Ba\u015fka bir ekstra kat eklemek trendine ba\u015fka kimse kat\u0131lm\u0131\u015f gibi g\u00f6r\u00fcnm\u00fcyor. Katlanabilir bir iPhone s\u00f6ylentileri devam ediyor &#8211; ancak Apple&#8217;\u0131n bu form fakt\u00f6r\u00fcndeki ilk denemesinde iki ekran mente\u015fe yerine tek bir ekran mente\u015fesi olacak.<\/p>\n<h3 class=\"article-body__section\" id=\"section-you-might-also-like\"><span>Ayr\u0131ca be\u011fenebilirsiniz<\/span><\/h3>\n<p>\n<\/div>\n","protected":false},"excerpt":{"rendered":"<p>Samsung tri-fold hakk\u0131nda daha fazla detay ortaya \u00e7\u0131kt\u0131 Telefonun Samsung&#8217;un normal katlanabilir telefonlar\u0131ndan daha sonra&hellip;<\/p>\n","protected":false},"author":1,"featured_media":19334,"comment_status":"open","ping_status":"open","sticky":false,"template":"","format":"standard","meta":{"footnotes":""},"categories":[1],"tags":[],"class_list":["post-81614","post","type-post","status-publish","format-standard","has-post-thumbnail","hentry","category-teknoloji"],"yoast_head":"<!-- This site is optimized with the Yoast SEO Premium plugin v24.3 (Yoast SEO v27.4) - https:\/\/yoast.com\/product\/yoast-seo-premium-wordpress\/ -->\n<title>Samsung&#039;un \u00fc\u00e7 katl\u0131 telefonuyla ilgili daha fazla detay ortaya \u00e7\u0131kt\u0131 - E-&Ccedil;\u0130FTL\u0130K HABER<\/title>\n<meta name=\"description\" content=\"Samsung tri-fold hakk\u0131nda daha fazla detay ortaya \u00e7\u0131kt\u0131Telefonun Samsung&#039;un normal katlanabilir telefonlar\u0131ndan daha sonra piyasaya \u00e7\u0131kmas\u0131 muhtemel\u00d6te\" \/>\n<meta name=\"robots\" content=\"index, follow, max-snippet:-1, max-image-preview:large, max-video-preview:-1\" \/>\n<link rel=\"canonical\" href=\"https:\/\/e-ciftlik.com\/haberler\/teknoloji\/samsungun-uc-katli-telefonuyla-ilgili-daha-fazla-detay-ortaya-cikti\/\" \/>\n<meta property=\"og:locale\" content=\"tr_TR\" \/>\n<meta property=\"og:type\" content=\"article\" \/>\n<meta property=\"og:title\" content=\"Samsung&#039;un \u00fc\u00e7 katl\u0131 telefonuyla ilgili daha fazla detay ortaya \u00e7\u0131kt\u0131\" \/>\n<meta property=\"og:description\" content=\"Samsung tri-fold hakk\u0131nda daha fazla detay ortaya \u00e7\u0131kt\u0131Telefonun Samsung&#039;un normal katlanabilir telefonlar\u0131ndan daha sonra piyasaya \u00e7\u0131kmas\u0131 muhtemel\u00d6te\" \/>\n<meta property=\"og:url\" content=\"https:\/\/e-ciftlik.com\/haberler\/teknoloji\/samsungun-uc-katli-telefonuyla-ilgili-daha-fazla-detay-ortaya-cikti\/\" \/>\n<meta property=\"og:site_name\" content=\"E-&Ccedil;\u0130FTL\u0130K HABER\" \/>\n<meta property=\"article:publisher\" content=\"https:\/\/www.facebook.com\/eciftlikturkiye\" \/>\n<meta property=\"article:published_time\" content=\"2025-02-18T11:55:23+00:00\" \/>\n<meta property=\"og:image\" content=\"https:\/\/e-ciftlik.com\/haberler\/wp-content\/uploads\/2024\/08\/CuYZGn6BaEeoAzXpNoVmQP-1200-80.jpg\" \/>\n\t<meta property=\"og:image:width\" content=\"1200\" \/>\n\t<meta property=\"og:image:height\" content=\"675\" \/>\n\t<meta property=\"og:image:type\" content=\"image\/jpeg\" \/>\n<meta name=\"author\" content=\"Haber Merkezi\" \/>\n<meta name=\"twitter:card\" content=\"summary_large_image\" \/>\n<meta name=\"twitter:creator\" content=\"@eciftlikresmi\" \/>\n<meta name=\"twitter:site\" content=\"@eciftlikresmi\" \/>\n<meta name=\"twitter:label1\" content=\"Yazan:\" \/>\n\t<meta name=\"twitter:data1\" content=\"Haber Merkezi\" \/>\n\t<meta name=\"twitter:label2\" content=\"Tahmini okuma s\u00fcresi\" \/>\n\t<meta name=\"twitter:data2\" content=\"2 dakika\" \/>\n<script type=\"application\/ld+json\" class=\"yoast-schema-graph\">{\"@context\":\"https:\\\/\\\/schema.org\",\"@graph\":[{\"@type\":\"NewsArticle\",\"@id\":\"https:\\\/\\\/e-ciftlik.com\\\/haberler\\\/teknoloji\\\/samsungun-uc-katli-telefonuyla-ilgili-daha-fazla-detay-ortaya-cikti\\\/#article\",\"isPartOf\":{\"@id\":\"https:\\\/\\\/e-ciftlik.com\\\/haberler\\\/teknoloji\\\/samsungun-uc-katli-telefonuyla-ilgili-daha-fazla-detay-ortaya-cikti\\\/\"},\"author\":{\"name\":\"Haber Merkezi\",\"@id\":\"https:\\\/\\\/e-ciftlik.com\\\/haberler\\\/#\\\/schema\\\/person\\\/d2f4fee3143d7f72be82cb887d51b00a\"},\"headline\":\"Samsung&#8217;un \u00fc\u00e7 katl\u0131 telefonuyla ilgili daha fazla detay ortaya \u00e7\u0131kt\u0131\",\"datePublished\":\"2025-02-18T11:55:23+00:00\",\"mainEntityOfPage\":{\"@id\":\"https:\\\/\\\/e-ciftlik.com\\\/haberler\\\/teknoloji\\\/samsungun-uc-katli-telefonuyla-ilgili-daha-fazla-detay-ortaya-cikti\\\/\"},\"wordCount\":427,\"commentCount\":0,\"publisher\":{\"@id\":\"https:\\\/\\\/e-ciftlik.com\\\/haberler\\\/#organization\"},\"image\":{\"@id\":\"https:\\\/\\\/e-ciftlik.com\\\/haberler\\\/teknoloji\\\/samsungun-uc-katli-telefonuyla-ilgili-daha-fazla-detay-ortaya-cikti\\\/#primaryimage\"},\"thumbnailUrl\":\"https:\\\/\\\/e-ciftlik.com\\\/haberler\\\/wp-content\\\/uploads\\\/2024\\\/08\\\/CuYZGn6BaEeoAzXpNoVmQP-1200-80.jpg\",\"articleSection\":[\"Teknoloji\"],\"inLanguage\":\"tr\",\"potentialAction\":[{\"@type\":\"CommentAction\",\"name\":\"Comment\",\"target\":[\"https:\\\/\\\/e-ciftlik.com\\\/haberler\\\/teknoloji\\\/samsungun-uc-katli-telefonuyla-ilgili-daha-fazla-detay-ortaya-cikti\\\/#respond\"]}]},{\"@type\":\"WebPage\",\"@id\":\"https:\\\/\\\/e-ciftlik.com\\\/haberler\\\/teknoloji\\\/samsungun-uc-katli-telefonuyla-ilgili-daha-fazla-detay-ortaya-cikti\\\/\",\"url\":\"https:\\\/\\\/e-ciftlik.com\\\/haberler\\\/teknoloji\\\/samsungun-uc-katli-telefonuyla-ilgili-daha-fazla-detay-ortaya-cikti\\\/\",\"name\":\"Samsung'un \u00fc\u00e7 katl\u0131 telefonuyla ilgili daha fazla detay ortaya \u00e7\u0131kt\u0131 - E-&Ccedil;\u0130FTL\u0130K HABER\",\"isPartOf\":{\"@id\":\"https:\\\/\\\/e-ciftlik.com\\\/haberler\\\/#website\"},\"primaryImageOfPage\":{\"@id\":\"https:\\\/\\\/e-ciftlik.com\\\/haberler\\\/teknoloji\\\/samsungun-uc-katli-telefonuyla-ilgili-daha-fazla-detay-ortaya-cikti\\\/#primaryimage\"},\"image\":{\"@id\":\"https:\\\/\\\/e-ciftlik.com\\\/haberler\\\/teknoloji\\\/samsungun-uc-katli-telefonuyla-ilgili-daha-fazla-detay-ortaya-cikti\\\/#primaryimage\"},\"thumbnailUrl\":\"https:\\\/\\\/e-ciftlik.com\\\/haberler\\\/wp-content\\\/uploads\\\/2024\\\/08\\\/CuYZGn6BaEeoAzXpNoVmQP-1200-80.jpg\",\"datePublished\":\"2025-02-18T11:55:23+00:00\",\"description\":\"Samsung tri-fold hakk\u0131nda daha fazla detay ortaya \u00e7\u0131kt\u0131Telefonun Samsung'un normal katlanabilir telefonlar\u0131ndan daha sonra piyasaya \u00e7\u0131kmas\u0131 muhtemel\u00d6te\",\"breadcrumb\":{\"@id\":\"https:\\\/\\\/e-ciftlik.com\\\/haberler\\\/teknoloji\\\/samsungun-uc-katli-telefonuyla-ilgili-daha-fazla-detay-ortaya-cikti\\\/#breadcrumb\"},\"inLanguage\":\"tr\",\"potentialAction\":[{\"@type\":\"ReadAction\",\"target\":[\"https:\\\/\\\/e-ciftlik.com\\\/haberler\\\/teknoloji\\\/samsungun-uc-katli-telefonuyla-ilgili-daha-fazla-detay-ortaya-cikti\\\/\"]}]},{\"@type\":\"ImageObject\",\"inLanguage\":\"tr\",\"@id\":\"https:\\\/\\\/e-ciftlik.com\\\/haberler\\\/teknoloji\\\/samsungun-uc-katli-telefonuyla-ilgili-daha-fazla-detay-ortaya-cikti\\\/#primaryimage\",\"url\":\"https:\\\/\\\/e-ciftlik.com\\\/haberler\\\/wp-content\\\/uploads\\\/2024\\\/08\\\/CuYZGn6BaEeoAzXpNoVmQP-1200-80.jpg\",\"contentUrl\":\"https:\\\/\\\/e-ciftlik.com\\\/haberler\\\/wp-content\\\/uploads\\\/2024\\\/08\\\/CuYZGn6BaEeoAzXpNoVmQP-1200-80.jpg\",\"width\":1200,\"height\":675},{\"@type\":\"BreadcrumbList\",\"@id\":\"https:\\\/\\\/e-ciftlik.com\\\/haberler\\\/teknoloji\\\/samsungun-uc-katli-telefonuyla-ilgili-daha-fazla-detay-ortaya-cikti\\\/#breadcrumb\",\"itemListElement\":[{\"@type\":\"ListItem\",\"position\":1,\"name\":\"Anasayfa\",\"item\":\"https:\\\/\\\/e-ciftlik.com\\\/haberler\\\/\"},{\"@type\":\"ListItem\",\"position\":2,\"name\":\"Samsung&#8217;un \u00fc\u00e7 katl\u0131 telefonuyla ilgili daha fazla detay ortaya \u00e7\u0131kt\u0131\"}]},{\"@type\":\"WebSite\",\"@id\":\"https:\\\/\\\/e-ciftlik.com\\\/haberler\\\/#website\",\"url\":\"https:\\\/\\\/e-ciftlik.com\\\/haberler\\\/\",\"name\":\"E-\u00c7iftlik Haber | G\u00fcncel, Son Dakika Haberler, En Son Haber\",\"description\":\"\",\"publisher\":{\"@id\":\"https:\\\/\\\/e-ciftlik.com\\\/haberler\\\/#organization\"},\"potentialAction\":[{\"@type\":\"SearchAction\",\"target\":{\"@type\":\"EntryPoint\",\"urlTemplate\":\"https:\\\/\\\/e-ciftlik.com\\\/haberler\\\/?s={search_term_string}\"},\"query-input\":{\"@type\":\"PropertyValueSpecification\",\"valueRequired\":true,\"valueName\":\"search_term_string\"}}],\"inLanguage\":\"tr\"},{\"@type\":\"Organization\",\"@id\":\"https:\\\/\\\/e-ciftlik.com\\\/haberler\\\/#organization\",\"name\":\"E-\u00c7\u0130FTL\u0130K HABER\",\"url\":\"https:\\\/\\\/e-ciftlik.com\\\/haberler\\\/\",\"logo\":{\"@type\":\"ImageObject\",\"inLanguage\":\"tr\",\"@id\":\"https:\\\/\\\/e-ciftlik.com\\\/haberler\\\/#\\\/schema\\\/logo\\\/image\\\/\",\"url\":\"https:\\\/\\\/e-ciftlik.com\\\/haberler\\\/wp-content\\\/uploads\\\/2024\\\/06\\\/cropped-cropped-favicon-1-2.png\",\"contentUrl\":\"https:\\\/\\\/e-ciftlik.com\\\/haberler\\\/wp-content\\\/uploads\\\/2024\\\/06\\\/cropped-cropped-favicon-1-2.png\",\"width\":512,\"height\":512,\"caption\":\"E-\u00c7\u0130FTL\u0130K HABER\"},\"image\":{\"@id\":\"https:\\\/\\\/e-ciftlik.com\\\/haberler\\\/#\\\/schema\\\/logo\\\/image\\\/\"},\"sameAs\":[\"https:\\\/\\\/www.facebook.com\\\/eciftlikturkiye\",\"https:\\\/\\\/x.com\\\/eciftlikresmi\",\"https:\\\/\\\/www.instagram.com\\\/eciftlikresmi\\\/\"]},{\"@type\":\"Person\",\"@id\":\"https:\\\/\\\/e-ciftlik.com\\\/haberler\\\/#\\\/schema\\\/person\\\/d2f4fee3143d7f72be82cb887d51b00a\",\"name\":\"Haber Merkezi\",\"image\":{\"@type\":\"ImageObject\",\"inLanguage\":\"tr\",\"@id\":\"https:\\\/\\\/secure.gravatar.com\\\/avatar\\\/6c27d641914e66c1d0452c92716002398782818991d86db1c2cccb531e7c7c82?s=96&d=mm&r=g\",\"url\":\"https:\\\/\\\/secure.gravatar.com\\\/avatar\\\/6c27d641914e66c1d0452c92716002398782818991d86db1c2cccb531e7c7c82?s=96&d=mm&r=g\",\"contentUrl\":\"https:\\\/\\\/secure.gravatar.com\\\/avatar\\\/6c27d641914e66c1d0452c92716002398782818991d86db1c2cccb531e7c7c82?s=96&d=mm&r=g\",\"caption\":\"Haber Merkezi\"},\"sameAs\":[\"http:\\\/\\\/e-ciftlik.com\\\/haberler\"]}]}<\/script>\n<!-- \/ Yoast SEO Premium plugin. -->","yoast_head_json":{"title":"Samsung'un \u00fc\u00e7 katl\u0131 telefonuyla ilgili daha fazla detay ortaya \u00e7\u0131kt\u0131 - E-&Ccedil;\u0130FTL\u0130K HABER","description":"Samsung tri-fold hakk\u0131nda daha fazla detay ortaya \u00e7\u0131kt\u0131Telefonun Samsung'un normal katlanabilir telefonlar\u0131ndan daha sonra piyasaya \u00e7\u0131kmas\u0131 muhtemel\u00d6te","robots":{"index":"index","follow":"follow","max-snippet":"max-snippet:-1","max-image-preview":"max-image-preview:large","max-video-preview":"max-video-preview:-1"},"canonical":"https:\/\/e-ciftlik.com\/haberler\/teknoloji\/samsungun-uc-katli-telefonuyla-ilgili-daha-fazla-detay-ortaya-cikti\/","og_locale":"tr_TR","og_type":"article","og_title":"Samsung'un \u00fc\u00e7 katl\u0131 telefonuyla ilgili daha fazla detay ortaya \u00e7\u0131kt\u0131","og_description":"Samsung tri-fold hakk\u0131nda daha fazla detay ortaya \u00e7\u0131kt\u0131Telefonun Samsung'un normal katlanabilir telefonlar\u0131ndan daha sonra piyasaya \u00e7\u0131kmas\u0131 muhtemel\u00d6te","og_url":"https:\/\/e-ciftlik.com\/haberler\/teknoloji\/samsungun-uc-katli-telefonuyla-ilgili-daha-fazla-detay-ortaya-cikti\/","og_site_name":"E-&Ccedil;\u0130FTL\u0130K HABER","article_publisher":"https:\/\/www.facebook.com\/eciftlikturkiye","article_published_time":"2025-02-18T11:55:23+00:00","og_image":[{"width":1200,"height":675,"url":"https:\/\/e-ciftlik.com\/haberler\/wp-content\/uploads\/2024\/08\/CuYZGn6BaEeoAzXpNoVmQP-1200-80.jpg","type":"image\/jpeg"}],"author":"Haber Merkezi","twitter_card":"summary_large_image","twitter_creator":"@eciftlikresmi","twitter_site":"@eciftlikresmi","twitter_misc":{"Yazan:":"Haber Merkezi","Tahmini okuma s\u00fcresi":"2 dakika"},"schema":{"@context":"https:\/\/schema.org","@graph":[{"@type":"NewsArticle","@id":"https:\/\/e-ciftlik.com\/haberler\/teknoloji\/samsungun-uc-katli-telefonuyla-ilgili-daha-fazla-detay-ortaya-cikti\/#article","isPartOf":{"@id":"https:\/\/e-ciftlik.com\/haberler\/teknoloji\/samsungun-uc-katli-telefonuyla-ilgili-daha-fazla-detay-ortaya-cikti\/"},"author":{"name":"Haber Merkezi","@id":"https:\/\/e-ciftlik.com\/haberler\/#\/schema\/person\/d2f4fee3143d7f72be82cb887d51b00a"},"headline":"Samsung&#8217;un \u00fc\u00e7 katl\u0131 telefonuyla ilgili daha fazla detay ortaya \u00e7\u0131kt\u0131","datePublished":"2025-02-18T11:55:23+00:00","mainEntityOfPage":{"@id":"https:\/\/e-ciftlik.com\/haberler\/teknoloji\/samsungun-uc-katli-telefonuyla-ilgili-daha-fazla-detay-ortaya-cikti\/"},"wordCount":427,"commentCount":0,"publisher":{"@id":"https:\/\/e-ciftlik.com\/haberler\/#organization"},"image":{"@id":"https:\/\/e-ciftlik.com\/haberler\/teknoloji\/samsungun-uc-katli-telefonuyla-ilgili-daha-fazla-detay-ortaya-cikti\/#primaryimage"},"thumbnailUrl":"https:\/\/e-ciftlik.com\/haberler\/wp-content\/uploads\/2024\/08\/CuYZGn6BaEeoAzXpNoVmQP-1200-80.jpg","articleSection":["Teknoloji"],"inLanguage":"tr","potentialAction":[{"@type":"CommentAction","name":"Comment","target":["https:\/\/e-ciftlik.com\/haberler\/teknoloji\/samsungun-uc-katli-telefonuyla-ilgili-daha-fazla-detay-ortaya-cikti\/#respond"]}]},{"@type":"WebPage","@id":"https:\/\/e-ciftlik.com\/haberler\/teknoloji\/samsungun-uc-katli-telefonuyla-ilgili-daha-fazla-detay-ortaya-cikti\/","url":"https:\/\/e-ciftlik.com\/haberler\/teknoloji\/samsungun-uc-katli-telefonuyla-ilgili-daha-fazla-detay-ortaya-cikti\/","name":"Samsung'un \u00fc\u00e7 katl\u0131 telefonuyla ilgili daha fazla detay ortaya \u00e7\u0131kt\u0131 - E-&Ccedil;\u0130FTL\u0130K HABER","isPartOf":{"@id":"https:\/\/e-ciftlik.com\/haberler\/#website"},"primaryImageOfPage":{"@id":"https:\/\/e-ciftlik.com\/haberler\/teknoloji\/samsungun-uc-katli-telefonuyla-ilgili-daha-fazla-detay-ortaya-cikti\/#primaryimage"},"image":{"@id":"https:\/\/e-ciftlik.com\/haberler\/teknoloji\/samsungun-uc-katli-telefonuyla-ilgili-daha-fazla-detay-ortaya-cikti\/#primaryimage"},"thumbnailUrl":"https:\/\/e-ciftlik.com\/haberler\/wp-content\/uploads\/2024\/08\/CuYZGn6BaEeoAzXpNoVmQP-1200-80.jpg","datePublished":"2025-02-18T11:55:23+00:00","description":"Samsung tri-fold hakk\u0131nda daha fazla detay ortaya \u00e7\u0131kt\u0131Telefonun Samsung'un normal katlanabilir telefonlar\u0131ndan daha sonra piyasaya \u00e7\u0131kmas\u0131 muhtemel\u00d6te","breadcrumb":{"@id":"https:\/\/e-ciftlik.com\/haberler\/teknoloji\/samsungun-uc-katli-telefonuyla-ilgili-daha-fazla-detay-ortaya-cikti\/#breadcrumb"},"inLanguage":"tr","potentialAction":[{"@type":"ReadAction","target":["https:\/\/e-ciftlik.com\/haberler\/teknoloji\/samsungun-uc-katli-telefonuyla-ilgili-daha-fazla-detay-ortaya-cikti\/"]}]},{"@type":"ImageObject","inLanguage":"tr","@id":"https:\/\/e-ciftlik.com\/haberler\/teknoloji\/samsungun-uc-katli-telefonuyla-ilgili-daha-fazla-detay-ortaya-cikti\/#primaryimage","url":"https:\/\/e-ciftlik.com\/haberler\/wp-content\/uploads\/2024\/08\/CuYZGn6BaEeoAzXpNoVmQP-1200-80.jpg","contentUrl":"https:\/\/e-ciftlik.com\/haberler\/wp-content\/uploads\/2024\/08\/CuYZGn6BaEeoAzXpNoVmQP-1200-80.jpg","width":1200,"height":675},{"@type":"BreadcrumbList","@id":"https:\/\/e-ciftlik.com\/haberler\/teknoloji\/samsungun-uc-katli-telefonuyla-ilgili-daha-fazla-detay-ortaya-cikti\/#breadcrumb","itemListElement":[{"@type":"ListItem","position":1,"name":"Anasayfa","item":"https:\/\/e-ciftlik.com\/haberler\/"},{"@type":"ListItem","position":2,"name":"Samsung&#8217;un \u00fc\u00e7 katl\u0131 telefonuyla ilgili daha fazla detay ortaya \u00e7\u0131kt\u0131"}]},{"@type":"WebSite","@id":"https:\/\/e-ciftlik.com\/haberler\/#website","url":"https:\/\/e-ciftlik.com\/haberler\/","name":"E-\u00c7iftlik Haber | G\u00fcncel, Son Dakika Haberler, En Son Haber","description":"","publisher":{"@id":"https:\/\/e-ciftlik.com\/haberler\/#organization"},"potentialAction":[{"@type":"SearchAction","target":{"@type":"EntryPoint","urlTemplate":"https:\/\/e-ciftlik.com\/haberler\/?s={search_term_string}"},"query-input":{"@type":"PropertyValueSpecification","valueRequired":true,"valueName":"search_term_string"}}],"inLanguage":"tr"},{"@type":"Organization","@id":"https:\/\/e-ciftlik.com\/haberler\/#organization","name":"E-\u00c7\u0130FTL\u0130K HABER","url":"https:\/\/e-ciftlik.com\/haberler\/","logo":{"@type":"ImageObject","inLanguage":"tr","@id":"https:\/\/e-ciftlik.com\/haberler\/#\/schema\/logo\/image\/","url":"https:\/\/e-ciftlik.com\/haberler\/wp-content\/uploads\/2024\/06\/cropped-cropped-favicon-1-2.png","contentUrl":"https:\/\/e-ciftlik.com\/haberler\/wp-content\/uploads\/2024\/06\/cropped-cropped-favicon-1-2.png","width":512,"height":512,"caption":"E-\u00c7\u0130FTL\u0130K HABER"},"image":{"@id":"https:\/\/e-ciftlik.com\/haberler\/#\/schema\/logo\/image\/"},"sameAs":["https:\/\/www.facebook.com\/eciftlikturkiye","https:\/\/x.com\/eciftlikresmi","https:\/\/www.instagram.com\/eciftlikresmi\/"]},{"@type":"Person","@id":"https:\/\/e-ciftlik.com\/haberler\/#\/schema\/person\/d2f4fee3143d7f72be82cb887d51b00a","name":"Haber Merkezi","image":{"@type":"ImageObject","inLanguage":"tr","@id":"https:\/\/secure.gravatar.com\/avatar\/6c27d641914e66c1d0452c92716002398782818991d86db1c2cccb531e7c7c82?s=96&d=mm&r=g","url":"https:\/\/secure.gravatar.com\/avatar\/6c27d641914e66c1d0452c92716002398782818991d86db1c2cccb531e7c7c82?s=96&d=mm&r=g","contentUrl":"https:\/\/secure.gravatar.com\/avatar\/6c27d641914e66c1d0452c92716002398782818991d86db1c2cccb531e7c7c82?s=96&d=mm&r=g","caption":"Haber Merkezi"},"sameAs":["http:\/\/e-ciftlik.com\/haberler"]}]}},"_links":{"self":[{"href":"https:\/\/e-ciftlik.com\/haberler\/wp-json\/wp\/v2\/posts\/81614","targetHints":{"allow":["GET"]}}],"collection":[{"href":"https:\/\/e-ciftlik.com\/haberler\/wp-json\/wp\/v2\/posts"}],"about":[{"href":"https:\/\/e-ciftlik.com\/haberler\/wp-json\/wp\/v2\/types\/post"}],"author":[{"embeddable":true,"href":"https:\/\/e-ciftlik.com\/haberler\/wp-json\/wp\/v2\/users\/1"}],"replies":[{"embeddable":true,"href":"https:\/\/e-ciftlik.com\/haberler\/wp-json\/wp\/v2\/comments?post=81614"}],"version-history":[{"count":0,"href":"https:\/\/e-ciftlik.com\/haberler\/wp-json\/wp\/v2\/posts\/81614\/revisions"}],"wp:featuredmedia":[{"embeddable":true,"href":"https:\/\/e-ciftlik.com\/haberler\/wp-json\/wp\/v2\/media\/19334"}],"wp:attachment":[{"href":"https:\/\/e-ciftlik.com\/haberler\/wp-json\/wp\/v2\/media?parent=81614"}],"wp:term":[{"taxonomy":"category","embeddable":true,"href":"https:\/\/e-ciftlik.com\/haberler\/wp-json\/wp\/v2\/categories?post=81614"},{"taxonomy":"post_tag","embeddable":true,"href":"https:\/\/e-ciftlik.com\/haberler\/wp-json\/wp\/v2\/tags?post=81614"}],"curies":[{"name":"wp","href":"https:\/\/api.w.org\/{rel}","templated":true}]}}