{"id":81678,"date":"2025-02-18T16:06:34","date_gmt":"2025-02-18T16:06:34","guid":{"rendered":"http:\/\/e-ciftlik.com\/haberler\/teknoloji\/iphone-se-4-ozel-tasarim-beklentileri\/"},"modified":"2025-02-18T16:06:34","modified_gmt":"2025-02-18T16:06:34","slug":"iphone-se-4-ozel-tasarim-beklentileri","status":"publish","type":"post","link":"https:\/\/e-ciftlik.com\/haberler\/teknoloji\/iphone-se-4-ozel-tasarim-beklentileri\/","title":{"rendered":"iPhone SE 4: \u00d6zel Tasar\u0131m Beklentileri"},"content":{"rendered":"<p><img decoding=\"async\" src=\"https:\/\/cdn.mos.cms.futurecdn.net\/8TJz4gwCv5US9cYHsyKWKR.jpg\" \/><\/p>\n<div id=\"article-body\"><\/p>\n<p>iPhone SE&#8217;yi ger\u00e7ekten \u00f6zleyece\u011fim. Evet, biliyorum, hi\u00e7bir yere gitmiyor, ama o ikonik tasar\u0131m\u0131yla ve son kal\u0131nt\u0131s\u0131 bir ana d\u00fc\u011fmesiyle, muhtemelen kaybolacak ve t\u00fcm di\u011fer mevcut iPhone 16 modellerine olduk\u00e7a benzer ve zarif bir \u015feyle de\u011fi\u015ftirilecek. Bu teknik ve estetik de\u011fi\u015fiklik, iPhone SE&#8217;yi \u00f6zel yapan \u00f6zellikleri elinden alabilir ve bu ger\u00e7ekten b\u00fcy\u00fck bir kay\u0131p olur.<\/p>\n<p>E\u011fer s\u00f6ylentiler do\u011fruysa, yar\u0131n (19 \u015eubat) iPhone SE 4&#8217;\u00fc tan\u0131tt\u0131\u011f\u0131nda, Cupertino teknoloji devi i\u00e7in zor bir i\u015f olacak. Kimse 4.7 in\u00e7 ekran, tek arka kamera ve muhtemelen iPhone 8 tasar\u0131m\u0131n\u0131n hayatta kalmas\u0131n\u0131 beklemiyor. Ama iPhone 16 mini&#8217;ye neredeyse tamamen benzeyen ve belirleyici \u00f6zellikleri olmayan bir 500 dolarl\u0131k iPhone SE tan\u0131tmak bir hata olur ve umar\u0131m Apple&#8217;\u0131n yapmamas\u0131n\u0131 ger\u00e7ekten umuyorum.<\/p>\n<aside class=\"hawk-nest\" data-block-type=\"embed\" data-render-type=\"fte\" data-skip=\"dealsy\" data-widget-type=\"seasonal\"\/>\n<p>\u0130\u015flerin farkl\u0131 bir y\u00f6ne gidebilece\u011fine dair i\u015faretler var. Bunlar\u0131n ba\u015f\u0131nda Apple CEO&#8217;su Tim Cook&#8217;un bir teaser g\u00f6nderisi, i\u00e7inde bir yans\u0131man\u0131n oldu\u011fu bir GIF bulunan, geliyor. Baz\u0131lar\u0131, o Apple logosundaki bir sonraki SE&#8217;nin yans\u0131mas\u0131n\u0131 a\u00e7\u0131k\u00e7a g\u00f6rebildiklerine inan\u0131yor. Ben ise farkl\u0131 bir \u015fey g\u00f6r\u00fcyorum.<\/p>\n<div class=\"see-more see-more--clipped\">\n<blockquote class=\"twitter-tweet hawk-ignore\" data-lang=\"en\">\n<p lang=\"en\" dir=\"ltr\">Ailenin en yeni \u00fcyesiyle tan\u0131\u015fmaya haz\u0131r olun.\u00c7ar\u015famba, 19 \u015eubat. #AppleLaunch pic.twitter.com\/0ML0NfMedu<a href=\"https:\/\/twitter.com\/cantworkitout\/status\/1890068457825394918\" data-url=\"https:\/\/twitter.com\/cantworkitout\/status\/1890068457825394918\" target=\"_blank\" referrerpolicy=\"no-referrer-when-downgrade\" data-hl-processed=\"none\">13 \u015eubat 2025<\/a><\/p>\n<\/blockquote>\n<\/div>\n<p>Apple&#8217;\u0131n, iPhone 16 serisinin d\u00fcz kenarlar\u0131 ile 2022 iPhone SE&#8217;nin klasik tasar\u0131m\u0131 aras\u0131ndaki fark\u0131 yaratan, tamamen beyaz bir iPhone&#8217;u i\u015faret etti\u011fini merak ediyorum. En az\u0131ndan, iPhone SE 4&#8217;\u00fcn iPhone serisindeki di\u011fer hi\u00e7bir \u015feye benzememesi anlam\u0131na gelecektir.<\/p>\n<p>Ger\u00e7ek\u00e7i olarak, Apple tasar\u0131mla ilgili beklenmedik bir \u015fey yapmazsa, SE&#8217;nin &#8216;\u00d6zel S\u00fcr\u00fcm&#8217; olaca\u011f\u0131n\u0131 g\u00f6rmekte zorlan\u0131yorum. Zaten neredeyse kesin olarak, Dinamik Ada&#8217;y\u0131 (veya en az\u0131ndan korkun\u00e7 \u00e7enti\u011fi) ve Y\u00fcz Kimli\u011fi alaca\u011f\u0131n\u0131 biliyoruz. Avrupa Birli\u011fi karar\u0131 gere\u011fi, USB-C ba\u011flant\u0131 noktas\u0131 tasar\u0131m\u0131na sahip olacak ve en az\u0131ndan A17 Pro&#8217;ya sahip olacak ki Apple Zekas\u0131&#8217;n\u0131 destekleyebilsin, \u00e7\u00fcnk\u00fc Apple bu yapay zeka \u015feyini her yerde istiyor.<\/p>\n<p>S\u0131n\u0131f lideri kameralar\u0131 olmayacak. E\u011fer iPhone SE 4, \u00f6nceki modellerin izinden giderse, tek arka kameraya sahip olacak (ama 48MP olabilir) ve 12MP \u00f6n y\u00fczl\u00fc FaceTime kameras\u0131na sahip olacak.<\/p>\n<p>Bunun hepsi beklenen \u015feyler.<\/p>\n<h2 id=\"mini-se-3\">Mini SE<\/h2>\n<p>iPhone SE&#8217;nin yerine mini unvan\u0131n\u0131 almas\u0131 ve iPhone 13 mini&#8217;nin yeniden tasarlanm\u0131\u015f bir versiyonu olmas\u0131 olas\u0131l\u0131\u011f\u0131 var. 2022&#8217;de, iPhone 13 mini, \u00e7ift kamera sistemi ve A15 Bionic taraf\u0131ndan s\u00fcr\u00fclen, neredeyse tamamen ayn\u0131 foto\u011fraf deneyimlerini elde edebilece\u011finiz k\u00fc\u00e7\u00fck bir g\u00fc\u00e7 merkeziydi. 5.4 in\u00e7 b\u00fcy\u00fckl\u00fc\u011f\u00fcnde, iPhone 13 mini ekran\u0131 hala iPhone SE&#8217;nin 4.7 in\u00e7lik ekran\u0131ndan daha b\u00fcy\u00fckt\u00fcr.<\/p>\n<p>E\u011fer Apple bu yolu izlerse, sadece ekran\u0131 g\u00fcncellemesi gerekecek, Dinamik Ada&#8217;ya (veya \u00e7entik) uyum sa\u011flamak i\u00e7in. Apple&#8217;\u0131n, 500 dolarl\u0131k bir telefon olmas\u0131 gereken bir \u015fey i\u00e7in tamamen S\u00fcper Retina&#8217;ya ge\u00e7ip ge\u00e7meyece\u011fini bilmiyorum. Bu arada iPhone 13 mini, 699 dolar \/ 679 pound \/ 1.199 Avustralya dolar\u0131ya mal oluyordu.<\/p>\n<p>Apple&#8217;\u0131n iPhone mini serisi hi\u00e7 iyi satmad\u0131, ancak bu muhtemelen fiyattan kaynakland\u0131. Daha ucuz iPhone SE 4 daha iyi gidebilir. Yine de, anlatt\u0131\u011f\u0131m de\u011fi\u015fikliklerin hi\u00e7biri bu telefonu &#8216;\u00f6zel&#8217; kategorisine koymaz.<\/p>\n<p>Adalet olsun diye, iPhone SE 4&#8217;\u00fc neyin &#8216;\u00f6zel&#8217; yapabilece\u011fini ger\u00e7ekten bilmiyorum. Apple&#8217;\u0131n, iPhone 16 modellerinden hi\u00e7birinin sahip olmad\u0131\u011f\u0131 bir yenilik getirmesi pek olas\u0131 de\u011fil. Bu, Apple&#8217;\u0131n tarz\u0131 de\u011fil. SE serisi, bir damla modelidir; di\u011fer telefonlar neyse onu zamanla al\u0131r ve teknoloji yenili\u011fi yukar\u0131ya do\u011fru akmaz.<\/p>\n<p>Yine de, bu y\u0131l\u0131n ortas\u0131nda yap\u0131lacak iPhone tan\u0131t\u0131m\u0131 beni heyecanland\u0131r\u0131yor. Apple bunu \u00e7ok s\u0131k yapmaz ve bize s\u00fcrpriz yapma ve iPhone SE 4&#8217;\u00fc istedi\u011fim kadar ger\u00e7ekten \u00f6zel yapma f\u0131rsat\u0131 olabilir.<\/p>\n<h3 class=\"article-body__section\" id=\"section-you-might-also-like\"><span>Ayr\u0131ca ilginizi \u00e7ekebilir<\/span><\/h3>\n<p>\n<\/div>\n<p><script async src=\"\/\/platform.twitter.com\/widgets.js\" charset=\"utf-8\"><\/script><\/p>\n","protected":false},"excerpt":{"rendered":"<p>iPhone SE&#8217;yi ger\u00e7ekten \u00f6zleyece\u011fim. Evet, biliyorum, hi\u00e7bir yere gitmiyor, ama o ikonik tasar\u0131m\u0131yla ve son&hellip;<\/p>\n","protected":false},"author":1,"featured_media":81679,"comment_status":"open","ping_status":"open","sticky":false,"template":"","format":"standard","meta":{"footnotes":""},"categories":[1],"tags":[],"class_list":["post-81678","post","type-post","status-publish","format-standard","has-post-thumbnail","hentry","category-teknoloji"],"yoast_head":"<!-- This site is optimized with the Yoast SEO Premium plugin v24.3 (Yoast SEO v27.4) - https:\/\/yoast.com\/product\/yoast-seo-premium-wordpress\/ -->\n<title>iPhone SE 4: \u00d6zel Tasar\u0131m Beklentileri - E-&Ccedil;\u0130FTL\u0130K HABER<\/title>\n<meta name=\"description\" content=\"iPhone SE&#039;yi ger\u00e7ekten \u00f6zleyece\u011fim. Evet, biliyorum, hi\u00e7bir yere gitmiyor, ama o ikonik tasar\u0131m\u0131yla ve son kal\u0131nt\u0131s\u0131 bir ana d\u00fc\u011fmesiyle, muhtemelen\" \/>\n<meta name=\"robots\" content=\"index, follow, max-snippet:-1, max-image-preview:large, max-video-preview:-1\" \/>\n<link rel=\"canonical\" href=\"https:\/\/e-ciftlik.com\/haberler\/teknoloji\/iphone-se-4-ozel-tasarim-beklentileri\/\" \/>\n<meta property=\"og:locale\" content=\"tr_TR\" \/>\n<meta property=\"og:type\" content=\"article\" \/>\n<meta property=\"og:title\" content=\"iPhone SE 4: \u00d6zel Tasar\u0131m Beklentileri\" \/>\n<meta property=\"og:description\" content=\"iPhone SE&#039;yi ger\u00e7ekten \u00f6zleyece\u011fim. Evet, biliyorum, hi\u00e7bir yere gitmiyor, ama o ikonik tasar\u0131m\u0131yla ve son kal\u0131nt\u0131s\u0131 bir ana d\u00fc\u011fmesiyle, muhtemelen\" \/>\n<meta property=\"og:url\" content=\"https:\/\/e-ciftlik.com\/haberler\/teknoloji\/iphone-se-4-ozel-tasarim-beklentileri\/\" \/>\n<meta property=\"og:site_name\" content=\"E-&Ccedil;\u0130FTL\u0130K HABER\" \/>\n<meta property=\"article:publisher\" content=\"https:\/\/www.facebook.com\/eciftlikturkiye\" \/>\n<meta property=\"article:published_time\" content=\"2025-02-18T16:06:34+00:00\" \/>\n<meta property=\"og:image\" content=\"https:\/\/e-ciftlik.com\/haberler\/wp-content\/uploads\/2025\/02\/8TJz4gwCv5US9cYHsyKWKR-1200-80.jpg\" \/>\n\t<meta property=\"og:image:width\" content=\"1200\" \/>\n\t<meta property=\"og:image:height\" content=\"675\" \/>\n\t<meta property=\"og:image:type\" content=\"image\/jpeg\" \/>\n<meta name=\"author\" content=\"Haber Merkezi\" \/>\n<meta name=\"twitter:card\" content=\"summary_large_image\" \/>\n<meta name=\"twitter:creator\" content=\"@eciftlikresmi\" \/>\n<meta name=\"twitter:site\" content=\"@eciftlikresmi\" \/>\n<meta name=\"twitter:label1\" content=\"Yazan:\" \/>\n\t<meta name=\"twitter:data1\" content=\"Haber Merkezi\" \/>\n\t<meta name=\"twitter:label2\" content=\"Tahmini okuma s\u00fcresi\" \/>\n\t<meta name=\"twitter:data2\" content=\"3 dakika\" \/>\n<script type=\"application\/ld+json\" class=\"yoast-schema-graph\">{\"@context\":\"https:\\\/\\\/schema.org\",\"@graph\":[{\"@type\":\"NewsArticle\",\"@id\":\"https:\\\/\\\/e-ciftlik.com\\\/haberler\\\/teknoloji\\\/iphone-se-4-ozel-tasarim-beklentileri\\\/#article\",\"isPartOf\":{\"@id\":\"https:\\\/\\\/e-ciftlik.com\\\/haberler\\\/teknoloji\\\/iphone-se-4-ozel-tasarim-beklentileri\\\/\"},\"author\":{\"name\":\"Haber Merkezi\",\"@id\":\"https:\\\/\\\/e-ciftlik.com\\\/haberler\\\/#\\\/schema\\\/person\\\/d2f4fee3143d7f72be82cb887d51b00a\"},\"headline\":\"iPhone SE 4: \u00d6zel Tasar\u0131m Beklentileri\",\"datePublished\":\"2025-02-18T16:06:34+00:00\",\"mainEntityOfPage\":{\"@id\":\"https:\\\/\\\/e-ciftlik.com\\\/haberler\\\/teknoloji\\\/iphone-se-4-ozel-tasarim-beklentileri\\\/\"},\"wordCount\":661,\"commentCount\":0,\"publisher\":{\"@id\":\"https:\\\/\\\/e-ciftlik.com\\\/haberler\\\/#organization\"},\"image\":{\"@id\":\"https:\\\/\\\/e-ciftlik.com\\\/haberler\\\/teknoloji\\\/iphone-se-4-ozel-tasarim-beklentileri\\\/#primaryimage\"},\"thumbnailUrl\":\"https:\\\/\\\/e-ciftlik.com\\\/haberler\\\/wp-content\\\/uploads\\\/2025\\\/02\\\/8TJz4gwCv5US9cYHsyKWKR-1200-80.jpg\",\"articleSection\":[\"Teknoloji\"],\"inLanguage\":\"tr\",\"potentialAction\":[{\"@type\":\"CommentAction\",\"name\":\"Comment\",\"target\":[\"https:\\\/\\\/e-ciftlik.com\\\/haberler\\\/teknoloji\\\/iphone-se-4-ozel-tasarim-beklentileri\\\/#respond\"]}]},{\"@type\":\"WebPage\",\"@id\":\"https:\\\/\\\/e-ciftlik.com\\\/haberler\\\/teknoloji\\\/iphone-se-4-ozel-tasarim-beklentileri\\\/\",\"url\":\"https:\\\/\\\/e-ciftlik.com\\\/haberler\\\/teknoloji\\\/iphone-se-4-ozel-tasarim-beklentileri\\\/\",\"name\":\"iPhone SE 4: \u00d6zel Tasar\u0131m Beklentileri - E-&Ccedil;\u0130FTL\u0130K HABER\",\"isPartOf\":{\"@id\":\"https:\\\/\\\/e-ciftlik.com\\\/haberler\\\/#website\"},\"primaryImageOfPage\":{\"@id\":\"https:\\\/\\\/e-ciftlik.com\\\/haberler\\\/teknoloji\\\/iphone-se-4-ozel-tasarim-beklentileri\\\/#primaryimage\"},\"image\":{\"@id\":\"https:\\\/\\\/e-ciftlik.com\\\/haberler\\\/teknoloji\\\/iphone-se-4-ozel-tasarim-beklentileri\\\/#primaryimage\"},\"thumbnailUrl\":\"https:\\\/\\\/e-ciftlik.com\\\/haberler\\\/wp-content\\\/uploads\\\/2025\\\/02\\\/8TJz4gwCv5US9cYHsyKWKR-1200-80.jpg\",\"datePublished\":\"2025-02-18T16:06:34+00:00\",\"description\":\"iPhone SE'yi ger\u00e7ekten \u00f6zleyece\u011fim. Evet, biliyorum, hi\u00e7bir yere gitmiyor, ama o ikonik tasar\u0131m\u0131yla ve son kal\u0131nt\u0131s\u0131 bir ana d\u00fc\u011fmesiyle, muhtemelen\",\"breadcrumb\":{\"@id\":\"https:\\\/\\\/e-ciftlik.com\\\/haberler\\\/teknoloji\\\/iphone-se-4-ozel-tasarim-beklentileri\\\/#breadcrumb\"},\"inLanguage\":\"tr\",\"potentialAction\":[{\"@type\":\"ReadAction\",\"target\":[\"https:\\\/\\\/e-ciftlik.com\\\/haberler\\\/teknoloji\\\/iphone-se-4-ozel-tasarim-beklentileri\\\/\"]}]},{\"@type\":\"ImageObject\",\"inLanguage\":\"tr\",\"@id\":\"https:\\\/\\\/e-ciftlik.com\\\/haberler\\\/teknoloji\\\/iphone-se-4-ozel-tasarim-beklentileri\\\/#primaryimage\",\"url\":\"https:\\\/\\\/e-ciftlik.com\\\/haberler\\\/wp-content\\\/uploads\\\/2025\\\/02\\\/8TJz4gwCv5US9cYHsyKWKR-1200-80.jpg\",\"contentUrl\":\"https:\\\/\\\/e-ciftlik.com\\\/haberler\\\/wp-content\\\/uploads\\\/2025\\\/02\\\/8TJz4gwCv5US9cYHsyKWKR-1200-80.jpg\",\"width\":1200,\"height\":675},{\"@type\":\"BreadcrumbList\",\"@id\":\"https:\\\/\\\/e-ciftlik.com\\\/haberler\\\/teknoloji\\\/iphone-se-4-ozel-tasarim-beklentileri\\\/#breadcrumb\",\"itemListElement\":[{\"@type\":\"ListItem\",\"position\":1,\"name\":\"Anasayfa\",\"item\":\"https:\\\/\\\/e-ciftlik.com\\\/haberler\\\/\"},{\"@type\":\"ListItem\",\"position\":2,\"name\":\"iPhone SE 4: \u00d6zel Tasar\u0131m Beklentileri\"}]},{\"@type\":\"WebSite\",\"@id\":\"https:\\\/\\\/e-ciftlik.com\\\/haberler\\\/#website\",\"url\":\"https:\\\/\\\/e-ciftlik.com\\\/haberler\\\/\",\"name\":\"E-\u00c7iftlik Haber | G\u00fcncel, Son Dakika Haberler, En Son Haber\",\"description\":\"\",\"publisher\":{\"@id\":\"https:\\\/\\\/e-ciftlik.com\\\/haberler\\\/#organization\"},\"potentialAction\":[{\"@type\":\"SearchAction\",\"target\":{\"@type\":\"EntryPoint\",\"urlTemplate\":\"https:\\\/\\\/e-ciftlik.com\\\/haberler\\\/?s={search_term_string}\"},\"query-input\":{\"@type\":\"PropertyValueSpecification\",\"valueRequired\":true,\"valueName\":\"search_term_string\"}}],\"inLanguage\":\"tr\"},{\"@type\":\"Organization\",\"@id\":\"https:\\\/\\\/e-ciftlik.com\\\/haberler\\\/#organization\",\"name\":\"E-\u00c7\u0130FTL\u0130K HABER\",\"url\":\"https:\\\/\\\/e-ciftlik.com\\\/haberler\\\/\",\"logo\":{\"@type\":\"ImageObject\",\"inLanguage\":\"tr\",\"@id\":\"https:\\\/\\\/e-ciftlik.com\\\/haberler\\\/#\\\/schema\\\/logo\\\/image\\\/\",\"url\":\"https:\\\/\\\/e-ciftlik.com\\\/haberler\\\/wp-content\\\/uploads\\\/2024\\\/06\\\/cropped-cropped-favicon-1-2.png\",\"contentUrl\":\"https:\\\/\\\/e-ciftlik.com\\\/haberler\\\/wp-content\\\/uploads\\\/2024\\\/06\\\/cropped-cropped-favicon-1-2.png\",\"width\":512,\"height\":512,\"caption\":\"E-\u00c7\u0130FTL\u0130K HABER\"},\"image\":{\"@id\":\"https:\\\/\\\/e-ciftlik.com\\\/haberler\\\/#\\\/schema\\\/logo\\\/image\\\/\"},\"sameAs\":[\"https:\\\/\\\/www.facebook.com\\\/eciftlikturkiye\",\"https:\\\/\\\/x.com\\\/eciftlikresmi\",\"https:\\\/\\\/www.instagram.com\\\/eciftlikresmi\\\/\"]},{\"@type\":\"Person\",\"@id\":\"https:\\\/\\\/e-ciftlik.com\\\/haberler\\\/#\\\/schema\\\/person\\\/d2f4fee3143d7f72be82cb887d51b00a\",\"name\":\"Haber Merkezi\",\"image\":{\"@type\":\"ImageObject\",\"inLanguage\":\"tr\",\"@id\":\"https:\\\/\\\/secure.gravatar.com\\\/avatar\\\/6c27d641914e66c1d0452c92716002398782818991d86db1c2cccb531e7c7c82?s=96&d=mm&r=g\",\"url\":\"https:\\\/\\\/secure.gravatar.com\\\/avatar\\\/6c27d641914e66c1d0452c92716002398782818991d86db1c2cccb531e7c7c82?s=96&d=mm&r=g\",\"contentUrl\":\"https:\\\/\\\/secure.gravatar.com\\\/avatar\\\/6c27d641914e66c1d0452c92716002398782818991d86db1c2cccb531e7c7c82?s=96&d=mm&r=g\",\"caption\":\"Haber Merkezi\"},\"sameAs\":[\"http:\\\/\\\/e-ciftlik.com\\\/haberler\"]}]}<\/script>\n<!-- \/ Yoast SEO Premium plugin. -->","yoast_head_json":{"title":"iPhone SE 4: \u00d6zel Tasar\u0131m Beklentileri - E-&Ccedil;\u0130FTL\u0130K HABER","description":"iPhone SE'yi ger\u00e7ekten \u00f6zleyece\u011fim. Evet, biliyorum, hi\u00e7bir yere gitmiyor, ama o ikonik tasar\u0131m\u0131yla ve son kal\u0131nt\u0131s\u0131 bir ana d\u00fc\u011fmesiyle, muhtemelen","robots":{"index":"index","follow":"follow","max-snippet":"max-snippet:-1","max-image-preview":"max-image-preview:large","max-video-preview":"max-video-preview:-1"},"canonical":"https:\/\/e-ciftlik.com\/haberler\/teknoloji\/iphone-se-4-ozel-tasarim-beklentileri\/","og_locale":"tr_TR","og_type":"article","og_title":"iPhone SE 4: \u00d6zel Tasar\u0131m Beklentileri","og_description":"iPhone SE'yi ger\u00e7ekten \u00f6zleyece\u011fim. Evet, biliyorum, hi\u00e7bir yere gitmiyor, ama o ikonik tasar\u0131m\u0131yla ve son kal\u0131nt\u0131s\u0131 bir ana d\u00fc\u011fmesiyle, muhtemelen","og_url":"https:\/\/e-ciftlik.com\/haberler\/teknoloji\/iphone-se-4-ozel-tasarim-beklentileri\/","og_site_name":"E-&Ccedil;\u0130FTL\u0130K HABER","article_publisher":"https:\/\/www.facebook.com\/eciftlikturkiye","article_published_time":"2025-02-18T16:06:34+00:00","og_image":[{"width":1200,"height":675,"url":"https:\/\/e-ciftlik.com\/haberler\/wp-content\/uploads\/2025\/02\/8TJz4gwCv5US9cYHsyKWKR-1200-80.jpg","type":"image\/jpeg"}],"author":"Haber Merkezi","twitter_card":"summary_large_image","twitter_creator":"@eciftlikresmi","twitter_site":"@eciftlikresmi","twitter_misc":{"Yazan:":"Haber Merkezi","Tahmini okuma s\u00fcresi":"3 dakika"},"schema":{"@context":"https:\/\/schema.org","@graph":[{"@type":"NewsArticle","@id":"https:\/\/e-ciftlik.com\/haberler\/teknoloji\/iphone-se-4-ozel-tasarim-beklentileri\/#article","isPartOf":{"@id":"https:\/\/e-ciftlik.com\/haberler\/teknoloji\/iphone-se-4-ozel-tasarim-beklentileri\/"},"author":{"name":"Haber Merkezi","@id":"https:\/\/e-ciftlik.com\/haberler\/#\/schema\/person\/d2f4fee3143d7f72be82cb887d51b00a"},"headline":"iPhone SE 4: \u00d6zel Tasar\u0131m Beklentileri","datePublished":"2025-02-18T16:06:34+00:00","mainEntityOfPage":{"@id":"https:\/\/e-ciftlik.com\/haberler\/teknoloji\/iphone-se-4-ozel-tasarim-beklentileri\/"},"wordCount":661,"commentCount":0,"publisher":{"@id":"https:\/\/e-ciftlik.com\/haberler\/#organization"},"image":{"@id":"https:\/\/e-ciftlik.com\/haberler\/teknoloji\/iphone-se-4-ozel-tasarim-beklentileri\/#primaryimage"},"thumbnailUrl":"https:\/\/e-ciftlik.com\/haberler\/wp-content\/uploads\/2025\/02\/8TJz4gwCv5US9cYHsyKWKR-1200-80.jpg","articleSection":["Teknoloji"],"inLanguage":"tr","potentialAction":[{"@type":"CommentAction","name":"Comment","target":["https:\/\/e-ciftlik.com\/haberler\/teknoloji\/iphone-se-4-ozel-tasarim-beklentileri\/#respond"]}]},{"@type":"WebPage","@id":"https:\/\/e-ciftlik.com\/haberler\/teknoloji\/iphone-se-4-ozel-tasarim-beklentileri\/","url":"https:\/\/e-ciftlik.com\/haberler\/teknoloji\/iphone-se-4-ozel-tasarim-beklentileri\/","name":"iPhone SE 4: \u00d6zel Tasar\u0131m Beklentileri - E-&Ccedil;\u0130FTL\u0130K HABER","isPartOf":{"@id":"https:\/\/e-ciftlik.com\/haberler\/#website"},"primaryImageOfPage":{"@id":"https:\/\/e-ciftlik.com\/haberler\/teknoloji\/iphone-se-4-ozel-tasarim-beklentileri\/#primaryimage"},"image":{"@id":"https:\/\/e-ciftlik.com\/haberler\/teknoloji\/iphone-se-4-ozel-tasarim-beklentileri\/#primaryimage"},"thumbnailUrl":"https:\/\/e-ciftlik.com\/haberler\/wp-content\/uploads\/2025\/02\/8TJz4gwCv5US9cYHsyKWKR-1200-80.jpg","datePublished":"2025-02-18T16:06:34+00:00","description":"iPhone SE'yi ger\u00e7ekten \u00f6zleyece\u011fim. Evet, biliyorum, hi\u00e7bir yere gitmiyor, ama o ikonik tasar\u0131m\u0131yla ve son kal\u0131nt\u0131s\u0131 bir ana d\u00fc\u011fmesiyle, muhtemelen","breadcrumb":{"@id":"https:\/\/e-ciftlik.com\/haberler\/teknoloji\/iphone-se-4-ozel-tasarim-beklentileri\/#breadcrumb"},"inLanguage":"tr","potentialAction":[{"@type":"ReadAction","target":["https:\/\/e-ciftlik.com\/haberler\/teknoloji\/iphone-se-4-ozel-tasarim-beklentileri\/"]}]},{"@type":"ImageObject","inLanguage":"tr","@id":"https:\/\/e-ciftlik.com\/haberler\/teknoloji\/iphone-se-4-ozel-tasarim-beklentileri\/#primaryimage","url":"https:\/\/e-ciftlik.com\/haberler\/wp-content\/uploads\/2025\/02\/8TJz4gwCv5US9cYHsyKWKR-1200-80.jpg","contentUrl":"https:\/\/e-ciftlik.com\/haberler\/wp-content\/uploads\/2025\/02\/8TJz4gwCv5US9cYHsyKWKR-1200-80.jpg","width":1200,"height":675},{"@type":"BreadcrumbList","@id":"https:\/\/e-ciftlik.com\/haberler\/teknoloji\/iphone-se-4-ozel-tasarim-beklentileri\/#breadcrumb","itemListElement":[{"@type":"ListItem","position":1,"name":"Anasayfa","item":"https:\/\/e-ciftlik.com\/haberler\/"},{"@type":"ListItem","position":2,"name":"iPhone SE 4: \u00d6zel Tasar\u0131m Beklentileri"}]},{"@type":"WebSite","@id":"https:\/\/e-ciftlik.com\/haberler\/#website","url":"https:\/\/e-ciftlik.com\/haberler\/","name":"E-\u00c7iftlik Haber | G\u00fcncel, Son Dakika Haberler, En Son Haber","description":"","publisher":{"@id":"https:\/\/e-ciftlik.com\/haberler\/#organization"},"potentialAction":[{"@type":"SearchAction","target":{"@type":"EntryPoint","urlTemplate":"https:\/\/e-ciftlik.com\/haberler\/?s={search_term_string}"},"query-input":{"@type":"PropertyValueSpecification","valueRequired":true,"valueName":"search_term_string"}}],"inLanguage":"tr"},{"@type":"Organization","@id":"https:\/\/e-ciftlik.com\/haberler\/#organization","name":"E-\u00c7\u0130FTL\u0130K HABER","url":"https:\/\/e-ciftlik.com\/haberler\/","logo":{"@type":"ImageObject","inLanguage":"tr","@id":"https:\/\/e-ciftlik.com\/haberler\/#\/schema\/logo\/image\/","url":"https:\/\/e-ciftlik.com\/haberler\/wp-content\/uploads\/2024\/06\/cropped-cropped-favicon-1-2.png","contentUrl":"https:\/\/e-ciftlik.com\/haberler\/wp-content\/uploads\/2024\/06\/cropped-cropped-favicon-1-2.png","width":512,"height":512,"caption":"E-\u00c7\u0130FTL\u0130K HABER"},"image":{"@id":"https:\/\/e-ciftlik.com\/haberler\/#\/schema\/logo\/image\/"},"sameAs":["https:\/\/www.facebook.com\/eciftlikturkiye","https:\/\/x.com\/eciftlikresmi","https:\/\/www.instagram.com\/eciftlikresmi\/"]},{"@type":"Person","@id":"https:\/\/e-ciftlik.com\/haberler\/#\/schema\/person\/d2f4fee3143d7f72be82cb887d51b00a","name":"Haber Merkezi","image":{"@type":"ImageObject","inLanguage":"tr","@id":"https:\/\/secure.gravatar.com\/avatar\/6c27d641914e66c1d0452c92716002398782818991d86db1c2cccb531e7c7c82?s=96&d=mm&r=g","url":"https:\/\/secure.gravatar.com\/avatar\/6c27d641914e66c1d0452c92716002398782818991d86db1c2cccb531e7c7c82?s=96&d=mm&r=g","contentUrl":"https:\/\/secure.gravatar.com\/avatar\/6c27d641914e66c1d0452c92716002398782818991d86db1c2cccb531e7c7c82?s=96&d=mm&r=g","caption":"Haber Merkezi"},"sameAs":["http:\/\/e-ciftlik.com\/haberler"]}]}},"_links":{"self":[{"href":"https:\/\/e-ciftlik.com\/haberler\/wp-json\/wp\/v2\/posts\/81678","targetHints":{"allow":["GET"]}}],"collection":[{"href":"https:\/\/e-ciftlik.com\/haberler\/wp-json\/wp\/v2\/posts"}],"about":[{"href":"https:\/\/e-ciftlik.com\/haberler\/wp-json\/wp\/v2\/types\/post"}],"author":[{"embeddable":true,"href":"https:\/\/e-ciftlik.com\/haberler\/wp-json\/wp\/v2\/users\/1"}],"replies":[{"embeddable":true,"href":"https:\/\/e-ciftlik.com\/haberler\/wp-json\/wp\/v2\/comments?post=81678"}],"version-history":[{"count":0,"href":"https:\/\/e-ciftlik.com\/haberler\/wp-json\/wp\/v2\/posts\/81678\/revisions"}],"wp:featuredmedia":[{"embeddable":true,"href":"https:\/\/e-ciftlik.com\/haberler\/wp-json\/wp\/v2\/media\/81679"}],"wp:attachment":[{"href":"https:\/\/e-ciftlik.com\/haberler\/wp-json\/wp\/v2\/media?parent=81678"}],"wp:term":[{"taxonomy":"category","embeddable":true,"href":"https:\/\/e-ciftlik.com\/haberler\/wp-json\/wp\/v2\/categories?post=81678"},{"taxonomy":"post_tag","embeddable":true,"href":"https:\/\/e-ciftlik.com\/haberler\/wp-json\/wp\/v2\/tags?post=81678"}],"curies":[{"name":"wp","href":"https:\/\/api.w.org\/{rel}","templated":true}]}}