{"id":81838,"date":"2025-02-18T13:39:00","date_gmt":"2025-02-18T13:39:00","guid":{"rendered":"https:\/\/e-ciftlik.com\/haberler\/tarim\/adanada-ciftcinin-ayagi-capa-makinesine-kapti\/"},"modified":"2025-02-18T13:39:00","modified_gmt":"2025-02-18T13:39:00","slug":"adanada-ciftcinin-ayagi-capa-makinesine-kapti","status":"publish","type":"post","link":"https:\/\/e-ciftlik.com\/haberler\/tarim\/adanada-ciftcinin-ayagi-capa-makinesine-kapti\/","title":{"rendered":"Adana&#8217;da \u00c7ift\u00e7inin Aya\u011f\u0131 \u00c7apa Makinesine Kapt\u0131!"},"content":{"rendered":"<p>Adana&#8217;da bir \u00e7ift\u00e7i, Kozan il\u00e7esi Ba\u011flar Mahallesi&#8217;nde tarlada \u00e7al\u0131\u015f\u0131rken aya\u011f\u0131n\u0131 \u00e7apa makinesine kapt\u0131rd\u0131. 71 ya\u015f\u0131ndaki Ali Ak&#8217;\u0131n bu kaza sonucu yaraland\u0131\u011f\u0131 bildirildi.<\/p>\n<p>Olay\u0131n ard\u0131ndan \u00e7evredekilerin ihbar\u0131 \u00fczerine Adana itfaiye ve sa\u011fl\u0131k ekipleri hemen olay yerine sevk edildi. Yaral\u0131 \u00e7ift\u00e7i, 112 Acil Sa\u011fl\u0131k ekipleri taraf\u0131ndan h\u0131zla Kozan Devlet Hastanesine kald\u0131r\u0131ld\u0131. Ya\u015fanan bu \u00fcz\u00fcc\u00fc olay sonras\u0131 gerekli m\u00fcdahalelerin yap\u0131ld\u0131\u011f\u0131 belirtildi.<\/p>\n","protected":false},"excerpt":{"rendered":"<p>Adana&#8217;da bir \u00e7ift\u00e7i, Kozan il\u00e7esi Ba\u011flar Mahallesi&#8217;nde tarlada \u00e7al\u0131\u015f\u0131rken aya\u011f\u0131n\u0131 \u00e7apa makinesine kapt\u0131rd\u0131. 71 ya\u015f\u0131ndaki&hellip;<\/p>\n","protected":false},"author":1,"featured_media":81839,"comment_status":"open","ping_status":"open","sticky":false,"template":"","format":"standard","meta":{"footnotes":""},"categories":[9],"tags":[],"class_list":["post-81838","post","type-post","status-publish","format-standard","has-post-thumbnail","hentry","category-tarim"],"yoast_head":"<!-- This site is optimized with the Yoast SEO Premium plugin v24.3 (Yoast SEO v27.4) - https:\/\/yoast.com\/product\/yoast-seo-premium-wordpress\/ -->\n<title>Adana&#039;da \u00c7ift\u00e7inin Aya\u011f\u0131 \u00c7apa Makinesine Kapt\u0131! - E-&Ccedil;\u0130FTL\u0130K HABER<\/title>\n<meta name=\"description\" content=\"Adana&#039;da bir \u00e7ift\u00e7i, Kozan il\u00e7esi Ba\u011flar Mahallesi&#039;nde tarlada \u00e7al\u0131\u015f\u0131rken aya\u011f\u0131n\u0131 \u00e7apa makinesine kapt\u0131rd\u0131. 71 ya\u015f\u0131ndaki Ali Ak&#039;\u0131n bu kaza sonucu\" \/>\n<meta name=\"robots\" content=\"index, follow, max-snippet:-1, max-image-preview:large, max-video-preview:-1\" \/>\n<link rel=\"canonical\" href=\"https:\/\/e-ciftlik.com\/haberler\/tarim\/adanada-ciftcinin-ayagi-capa-makinesine-kapti\/\" \/>\n<meta property=\"og:locale\" content=\"tr_TR\" \/>\n<meta property=\"og:type\" content=\"article\" \/>\n<meta property=\"og:title\" content=\"Adana&#039;da \u00c7ift\u00e7inin Aya\u011f\u0131 \u00c7apa Makinesine Kapt\u0131!\" \/>\n<meta property=\"og:description\" content=\"Adana&#039;da bir \u00e7ift\u00e7i, Kozan il\u00e7esi Ba\u011flar Mahallesi&#039;nde tarlada \u00e7al\u0131\u015f\u0131rken aya\u011f\u0131n\u0131 \u00e7apa makinesine kapt\u0131rd\u0131. 71 ya\u015f\u0131ndaki Ali Ak&#039;\u0131n bu kaza sonucu\" \/>\n<meta property=\"og:url\" content=\"https:\/\/e-ciftlik.com\/haberler\/tarim\/adanada-ciftcinin-ayagi-capa-makinesine-kapti\/\" \/>\n<meta property=\"og:site_name\" content=\"E-&Ccedil;\u0130FTL\u0130K HABER\" \/>\n<meta property=\"article:publisher\" content=\"https:\/\/www.facebook.com\/eciftlikturkiye\" \/>\n<meta property=\"article:published_time\" content=\"2025-02-18T13:39:00+00:00\" \/>\n<meta property=\"og:image\" content=\"https:\/\/e-ciftlik.com\/haberler\/wp-content\/uploads\/2025\/02\/adana-da-ayagini-capa-makinesine-kaptiran-cif-18388600_amp.jpg\" \/>\n\t<meta property=\"og:image:width\" content=\"1200\" \/>\n\t<meta property=\"og:image:height\" content=\"676\" \/>\n\t<meta property=\"og:image:type\" content=\"image\/jpeg\" \/>\n<meta name=\"author\" content=\"Haber Merkezi\" \/>\n<meta name=\"twitter:card\" content=\"summary_large_image\" \/>\n<meta name=\"twitter:creator\" content=\"@eciftlikresmi\" \/>\n<meta name=\"twitter:site\" content=\"@eciftlikresmi\" \/>\n<meta name=\"twitter:label1\" content=\"Yazan:\" \/>\n\t<meta name=\"twitter:data1\" content=\"Haber Merkezi\" \/>\n<script type=\"application\/ld+json\" class=\"yoast-schema-graph\">{\"@context\":\"https:\\\/\\\/schema.org\",\"@graph\":[{\"@type\":\"NewsArticle\",\"@id\":\"https:\\\/\\\/e-ciftlik.com\\\/haberler\\\/tarim\\\/adanada-ciftcinin-ayagi-capa-makinesine-kapti\\\/#article\",\"isPartOf\":{\"@id\":\"https:\\\/\\\/e-ciftlik.com\\\/haberler\\\/tarim\\\/adanada-ciftcinin-ayagi-capa-makinesine-kapti\\\/\"},\"author\":{\"name\":\"Haber Merkezi\",\"@id\":\"https:\\\/\\\/e-ciftlik.com\\\/haberler\\\/#\\\/schema\\\/person\\\/d2f4fee3143d7f72be82cb887d51b00a\"},\"headline\":\"Adana&#8217;da \u00c7ift\u00e7inin Aya\u011f\u0131 \u00c7apa Makinesine Kapt\u0131!\",\"datePublished\":\"2025-02-18T13:39:00+00:00\",\"mainEntityOfPage\":{\"@id\":\"https:\\\/\\\/e-ciftlik.com\\\/haberler\\\/tarim\\\/adanada-ciftcinin-ayagi-capa-makinesine-kapti\\\/\"},\"wordCount\":89,\"commentCount\":0,\"publisher\":{\"@id\":\"https:\\\/\\\/e-ciftlik.com\\\/haberler\\\/#organization\"},\"image\":{\"@id\":\"https:\\\/\\\/e-ciftlik.com\\\/haberler\\\/tarim\\\/adanada-ciftcinin-ayagi-capa-makinesine-kapti\\\/#primaryimage\"},\"thumbnailUrl\":\"https:\\\/\\\/e-ciftlik.com\\\/haberler\\\/wp-content\\\/uploads\\\/2025\\\/02\\\/adana-da-ayagini-capa-makinesine-kaptiran-cif-18388600_amp.jpg\",\"articleSection\":[\"Tar\u0131m\"],\"inLanguage\":\"tr\",\"potentialAction\":[{\"@type\":\"CommentAction\",\"name\":\"Comment\",\"target\":[\"https:\\\/\\\/e-ciftlik.com\\\/haberler\\\/tarim\\\/adanada-ciftcinin-ayagi-capa-makinesine-kapti\\\/#respond\"]}]},{\"@type\":\"WebPage\",\"@id\":\"https:\\\/\\\/e-ciftlik.com\\\/haberler\\\/tarim\\\/adanada-ciftcinin-ayagi-capa-makinesine-kapti\\\/\",\"url\":\"https:\\\/\\\/e-ciftlik.com\\\/haberler\\\/tarim\\\/adanada-ciftcinin-ayagi-capa-makinesine-kapti\\\/\",\"name\":\"Adana'da \u00c7ift\u00e7inin Aya\u011f\u0131 \u00c7apa Makinesine Kapt\u0131! - E-&Ccedil;\u0130FTL\u0130K HABER\",\"isPartOf\":{\"@id\":\"https:\\\/\\\/e-ciftlik.com\\\/haberler\\\/#website\"},\"primaryImageOfPage\":{\"@id\":\"https:\\\/\\\/e-ciftlik.com\\\/haberler\\\/tarim\\\/adanada-ciftcinin-ayagi-capa-makinesine-kapti\\\/#primaryimage\"},\"image\":{\"@id\":\"https:\\\/\\\/e-ciftlik.com\\\/haberler\\\/tarim\\\/adanada-ciftcinin-ayagi-capa-makinesine-kapti\\\/#primaryimage\"},\"thumbnailUrl\":\"https:\\\/\\\/e-ciftlik.com\\\/haberler\\\/wp-content\\\/uploads\\\/2025\\\/02\\\/adana-da-ayagini-capa-makinesine-kaptiran-cif-18388600_amp.jpg\",\"datePublished\":\"2025-02-18T13:39:00+00:00\",\"description\":\"Adana'da bir \u00e7ift\u00e7i, Kozan il\u00e7esi Ba\u011flar Mahallesi'nde tarlada \u00e7al\u0131\u015f\u0131rken aya\u011f\u0131n\u0131 \u00e7apa makinesine kapt\u0131rd\u0131. 71 ya\u015f\u0131ndaki Ali Ak'\u0131n bu kaza sonucu\",\"breadcrumb\":{\"@id\":\"https:\\\/\\\/e-ciftlik.com\\\/haberler\\\/tarim\\\/adanada-ciftcinin-ayagi-capa-makinesine-kapti\\\/#breadcrumb\"},\"inLanguage\":\"tr\",\"potentialAction\":[{\"@type\":\"ReadAction\",\"target\":[\"https:\\\/\\\/e-ciftlik.com\\\/haberler\\\/tarim\\\/adanada-ciftcinin-ayagi-capa-makinesine-kapti\\\/\"]}]},{\"@type\":\"ImageObject\",\"inLanguage\":\"tr\",\"@id\":\"https:\\\/\\\/e-ciftlik.com\\\/haberler\\\/tarim\\\/adanada-ciftcinin-ayagi-capa-makinesine-kapti\\\/#primaryimage\",\"url\":\"https:\\\/\\\/e-ciftlik.com\\\/haberler\\\/wp-content\\\/uploads\\\/2025\\\/02\\\/adana-da-ayagini-capa-makinesine-kaptiran-cif-18388600_amp.jpg\",\"contentUrl\":\"https:\\\/\\\/e-ciftlik.com\\\/haberler\\\/wp-content\\\/uploads\\\/2025\\\/02\\\/adana-da-ayagini-capa-makinesine-kaptiran-cif-18388600_amp.jpg\",\"width\":1200,\"height\":676},{\"@type\":\"BreadcrumbList\",\"@id\":\"https:\\\/\\\/e-ciftlik.com\\\/haberler\\\/tarim\\\/adanada-ciftcinin-ayagi-capa-makinesine-kapti\\\/#breadcrumb\",\"itemListElement\":[{\"@type\":\"ListItem\",\"position\":1,\"name\":\"Anasayfa\",\"item\":\"https:\\\/\\\/e-ciftlik.com\\\/haberler\\\/\"},{\"@type\":\"ListItem\",\"position\":2,\"name\":\"Adana&#8217;da \u00c7ift\u00e7inin Aya\u011f\u0131 \u00c7apa Makinesine Kapt\u0131!\"}]},{\"@type\":\"WebSite\",\"@id\":\"https:\\\/\\\/e-ciftlik.com\\\/haberler\\\/#website\",\"url\":\"https:\\\/\\\/e-ciftlik.com\\\/haberler\\\/\",\"name\":\"E-\u00c7iftlik Haber | G\u00fcncel, Son Dakika Haberler, En Son Haber\",\"description\":\"\",\"publisher\":{\"@id\":\"https:\\\/\\\/e-ciftlik.com\\\/haberler\\\/#organization\"},\"potentialAction\":[{\"@type\":\"SearchAction\",\"target\":{\"@type\":\"EntryPoint\",\"urlTemplate\":\"https:\\\/\\\/e-ciftlik.com\\\/haberler\\\/?s={search_term_string}\"},\"query-input\":{\"@type\":\"PropertyValueSpecification\",\"valueRequired\":true,\"valueName\":\"search_term_string\"}}],\"inLanguage\":\"tr\"},{\"@type\":\"Organization\",\"@id\":\"https:\\\/\\\/e-ciftlik.com\\\/haberler\\\/#organization\",\"name\":\"E-\u00c7\u0130FTL\u0130K HABER\",\"url\":\"https:\\\/\\\/e-ciftlik.com\\\/haberler\\\/\",\"logo\":{\"@type\":\"ImageObject\",\"inLanguage\":\"tr\",\"@id\":\"https:\\\/\\\/e-ciftlik.com\\\/haberler\\\/#\\\/schema\\\/logo\\\/image\\\/\",\"url\":\"https:\\\/\\\/e-ciftlik.com\\\/haberler\\\/wp-content\\\/uploads\\\/2024\\\/06\\\/cropped-cropped-favicon-1-2.png\",\"contentUrl\":\"https:\\\/\\\/e-ciftlik.com\\\/haberler\\\/wp-content\\\/uploads\\\/2024\\\/06\\\/cropped-cropped-favicon-1-2.png\",\"width\":512,\"height\":512,\"caption\":\"E-\u00c7\u0130FTL\u0130K HABER\"},\"image\":{\"@id\":\"https:\\\/\\\/e-ciftlik.com\\\/haberler\\\/#\\\/schema\\\/logo\\\/image\\\/\"},\"sameAs\":[\"https:\\\/\\\/www.facebook.com\\\/eciftlikturkiye\",\"https:\\\/\\\/x.com\\\/eciftlikresmi\",\"https:\\\/\\\/www.instagram.com\\\/eciftlikresmi\\\/\"]},{\"@type\":\"Person\",\"@id\":\"https:\\\/\\\/e-ciftlik.com\\\/haberler\\\/#\\\/schema\\\/person\\\/d2f4fee3143d7f72be82cb887d51b00a\",\"name\":\"Haber Merkezi\",\"image\":{\"@type\":\"ImageObject\",\"inLanguage\":\"tr\",\"@id\":\"https:\\\/\\\/secure.gravatar.com\\\/avatar\\\/6c27d641914e66c1d0452c92716002398782818991d86db1c2cccb531e7c7c82?s=96&d=mm&r=g\",\"url\":\"https:\\\/\\\/secure.gravatar.com\\\/avatar\\\/6c27d641914e66c1d0452c92716002398782818991d86db1c2cccb531e7c7c82?s=96&d=mm&r=g\",\"contentUrl\":\"https:\\\/\\\/secure.gravatar.com\\\/avatar\\\/6c27d641914e66c1d0452c92716002398782818991d86db1c2cccb531e7c7c82?s=96&d=mm&r=g\",\"caption\":\"Haber Merkezi\"},\"sameAs\":[\"http:\\\/\\\/e-ciftlik.com\\\/haberler\"]}]}<\/script>\n<!-- \/ Yoast SEO Premium plugin. -->","yoast_head_json":{"title":"Adana'da \u00c7ift\u00e7inin Aya\u011f\u0131 \u00c7apa Makinesine Kapt\u0131! - E-&Ccedil;\u0130FTL\u0130K HABER","description":"Adana'da bir \u00e7ift\u00e7i, Kozan il\u00e7esi Ba\u011flar Mahallesi'nde tarlada \u00e7al\u0131\u015f\u0131rken aya\u011f\u0131n\u0131 \u00e7apa makinesine kapt\u0131rd\u0131. 71 ya\u015f\u0131ndaki Ali Ak'\u0131n bu kaza sonucu","robots":{"index":"index","follow":"follow","max-snippet":"max-snippet:-1","max-image-preview":"max-image-preview:large","max-video-preview":"max-video-preview:-1"},"canonical":"https:\/\/e-ciftlik.com\/haberler\/tarim\/adanada-ciftcinin-ayagi-capa-makinesine-kapti\/","og_locale":"tr_TR","og_type":"article","og_title":"Adana'da \u00c7ift\u00e7inin Aya\u011f\u0131 \u00c7apa Makinesine Kapt\u0131!","og_description":"Adana'da bir \u00e7ift\u00e7i, Kozan il\u00e7esi Ba\u011flar Mahallesi'nde tarlada \u00e7al\u0131\u015f\u0131rken aya\u011f\u0131n\u0131 \u00e7apa makinesine kapt\u0131rd\u0131. 71 ya\u015f\u0131ndaki Ali Ak'\u0131n bu kaza sonucu","og_url":"https:\/\/e-ciftlik.com\/haberler\/tarim\/adanada-ciftcinin-ayagi-capa-makinesine-kapti\/","og_site_name":"E-&Ccedil;\u0130FTL\u0130K HABER","article_publisher":"https:\/\/www.facebook.com\/eciftlikturkiye","article_published_time":"2025-02-18T13:39:00+00:00","og_image":[{"width":1200,"height":676,"url":"https:\/\/e-ciftlik.com\/haberler\/wp-content\/uploads\/2025\/02\/adana-da-ayagini-capa-makinesine-kaptiran-cif-18388600_amp.jpg","type":"image\/jpeg"}],"author":"Haber Merkezi","twitter_card":"summary_large_image","twitter_creator":"@eciftlikresmi","twitter_site":"@eciftlikresmi","twitter_misc":{"Yazan:":"Haber Merkezi"},"schema":{"@context":"https:\/\/schema.org","@graph":[{"@type":"NewsArticle","@id":"https:\/\/e-ciftlik.com\/haberler\/tarim\/adanada-ciftcinin-ayagi-capa-makinesine-kapti\/#article","isPartOf":{"@id":"https:\/\/e-ciftlik.com\/haberler\/tarim\/adanada-ciftcinin-ayagi-capa-makinesine-kapti\/"},"author":{"name":"Haber Merkezi","@id":"https:\/\/e-ciftlik.com\/haberler\/#\/schema\/person\/d2f4fee3143d7f72be82cb887d51b00a"},"headline":"Adana&#8217;da \u00c7ift\u00e7inin Aya\u011f\u0131 \u00c7apa Makinesine Kapt\u0131!","datePublished":"2025-02-18T13:39:00+00:00","mainEntityOfPage":{"@id":"https:\/\/e-ciftlik.com\/haberler\/tarim\/adanada-ciftcinin-ayagi-capa-makinesine-kapti\/"},"wordCount":89,"commentCount":0,"publisher":{"@id":"https:\/\/e-ciftlik.com\/haberler\/#organization"},"image":{"@id":"https:\/\/e-ciftlik.com\/haberler\/tarim\/adanada-ciftcinin-ayagi-capa-makinesine-kapti\/#primaryimage"},"thumbnailUrl":"https:\/\/e-ciftlik.com\/haberler\/wp-content\/uploads\/2025\/02\/adana-da-ayagini-capa-makinesine-kaptiran-cif-18388600_amp.jpg","articleSection":["Tar\u0131m"],"inLanguage":"tr","potentialAction":[{"@type":"CommentAction","name":"Comment","target":["https:\/\/e-ciftlik.com\/haberler\/tarim\/adanada-ciftcinin-ayagi-capa-makinesine-kapti\/#respond"]}]},{"@type":"WebPage","@id":"https:\/\/e-ciftlik.com\/haberler\/tarim\/adanada-ciftcinin-ayagi-capa-makinesine-kapti\/","url":"https:\/\/e-ciftlik.com\/haberler\/tarim\/adanada-ciftcinin-ayagi-capa-makinesine-kapti\/","name":"Adana'da \u00c7ift\u00e7inin Aya\u011f\u0131 \u00c7apa Makinesine Kapt\u0131! - E-&Ccedil;\u0130FTL\u0130K HABER","isPartOf":{"@id":"https:\/\/e-ciftlik.com\/haberler\/#website"},"primaryImageOfPage":{"@id":"https:\/\/e-ciftlik.com\/haberler\/tarim\/adanada-ciftcinin-ayagi-capa-makinesine-kapti\/#primaryimage"},"image":{"@id":"https:\/\/e-ciftlik.com\/haberler\/tarim\/adanada-ciftcinin-ayagi-capa-makinesine-kapti\/#primaryimage"},"thumbnailUrl":"https:\/\/e-ciftlik.com\/haberler\/wp-content\/uploads\/2025\/02\/adana-da-ayagini-capa-makinesine-kaptiran-cif-18388600_amp.jpg","datePublished":"2025-02-18T13:39:00+00:00","description":"Adana'da bir \u00e7ift\u00e7i, Kozan il\u00e7esi Ba\u011flar Mahallesi'nde tarlada \u00e7al\u0131\u015f\u0131rken aya\u011f\u0131n\u0131 \u00e7apa makinesine kapt\u0131rd\u0131. 71 ya\u015f\u0131ndaki Ali Ak'\u0131n bu kaza sonucu","breadcrumb":{"@id":"https:\/\/e-ciftlik.com\/haberler\/tarim\/adanada-ciftcinin-ayagi-capa-makinesine-kapti\/#breadcrumb"},"inLanguage":"tr","potentialAction":[{"@type":"ReadAction","target":["https:\/\/e-ciftlik.com\/haberler\/tarim\/adanada-ciftcinin-ayagi-capa-makinesine-kapti\/"]}]},{"@type":"ImageObject","inLanguage":"tr","@id":"https:\/\/e-ciftlik.com\/haberler\/tarim\/adanada-ciftcinin-ayagi-capa-makinesine-kapti\/#primaryimage","url":"https:\/\/e-ciftlik.com\/haberler\/wp-content\/uploads\/2025\/02\/adana-da-ayagini-capa-makinesine-kaptiran-cif-18388600_amp.jpg","contentUrl":"https:\/\/e-ciftlik.com\/haberler\/wp-content\/uploads\/2025\/02\/adana-da-ayagini-capa-makinesine-kaptiran-cif-18388600_amp.jpg","width":1200,"height":676},{"@type":"BreadcrumbList","@id":"https:\/\/e-ciftlik.com\/haberler\/tarim\/adanada-ciftcinin-ayagi-capa-makinesine-kapti\/#breadcrumb","itemListElement":[{"@type":"ListItem","position":1,"name":"Anasayfa","item":"https:\/\/e-ciftlik.com\/haberler\/"},{"@type":"ListItem","position":2,"name":"Adana&#8217;da \u00c7ift\u00e7inin Aya\u011f\u0131 \u00c7apa Makinesine Kapt\u0131!"}]},{"@type":"WebSite","@id":"https:\/\/e-ciftlik.com\/haberler\/#website","url":"https:\/\/e-ciftlik.com\/haberler\/","name":"E-\u00c7iftlik Haber | G\u00fcncel, Son Dakika Haberler, En Son Haber","description":"","publisher":{"@id":"https:\/\/e-ciftlik.com\/haberler\/#organization"},"potentialAction":[{"@type":"SearchAction","target":{"@type":"EntryPoint","urlTemplate":"https:\/\/e-ciftlik.com\/haberler\/?s={search_term_string}"},"query-input":{"@type":"PropertyValueSpecification","valueRequired":true,"valueName":"search_term_string"}}],"inLanguage":"tr"},{"@type":"Organization","@id":"https:\/\/e-ciftlik.com\/haberler\/#organization","name":"E-\u00c7\u0130FTL\u0130K HABER","url":"https:\/\/e-ciftlik.com\/haberler\/","logo":{"@type":"ImageObject","inLanguage":"tr","@id":"https:\/\/e-ciftlik.com\/haberler\/#\/schema\/logo\/image\/","url":"https:\/\/e-ciftlik.com\/haberler\/wp-content\/uploads\/2024\/06\/cropped-cropped-favicon-1-2.png","contentUrl":"https:\/\/e-ciftlik.com\/haberler\/wp-content\/uploads\/2024\/06\/cropped-cropped-favicon-1-2.png","width":512,"height":512,"caption":"E-\u00c7\u0130FTL\u0130K HABER"},"image":{"@id":"https:\/\/e-ciftlik.com\/haberler\/#\/schema\/logo\/image\/"},"sameAs":["https:\/\/www.facebook.com\/eciftlikturkiye","https:\/\/x.com\/eciftlikresmi","https:\/\/www.instagram.com\/eciftlikresmi\/"]},{"@type":"Person","@id":"https:\/\/e-ciftlik.com\/haberler\/#\/schema\/person\/d2f4fee3143d7f72be82cb887d51b00a","name":"Haber Merkezi","image":{"@type":"ImageObject","inLanguage":"tr","@id":"https:\/\/secure.gravatar.com\/avatar\/6c27d641914e66c1d0452c92716002398782818991d86db1c2cccb531e7c7c82?s=96&d=mm&r=g","url":"https:\/\/secure.gravatar.com\/avatar\/6c27d641914e66c1d0452c92716002398782818991d86db1c2cccb531e7c7c82?s=96&d=mm&r=g","contentUrl":"https:\/\/secure.gravatar.com\/avatar\/6c27d641914e66c1d0452c92716002398782818991d86db1c2cccb531e7c7c82?s=96&d=mm&r=g","caption":"Haber Merkezi"},"sameAs":["http:\/\/e-ciftlik.com\/haberler"]}]}},"_links":{"self":[{"href":"https:\/\/e-ciftlik.com\/haberler\/wp-json\/wp\/v2\/posts\/81838","targetHints":{"allow":["GET"]}}],"collection":[{"href":"https:\/\/e-ciftlik.com\/haberler\/wp-json\/wp\/v2\/posts"}],"about":[{"href":"https:\/\/e-ciftlik.com\/haberler\/wp-json\/wp\/v2\/types\/post"}],"author":[{"embeddable":true,"href":"https:\/\/e-ciftlik.com\/haberler\/wp-json\/wp\/v2\/users\/1"}],"replies":[{"embeddable":true,"href":"https:\/\/e-ciftlik.com\/haberler\/wp-json\/wp\/v2\/comments?post=81838"}],"version-history":[{"count":0,"href":"https:\/\/e-ciftlik.com\/haberler\/wp-json\/wp\/v2\/posts\/81838\/revisions"}],"wp:featuredmedia":[{"embeddable":true,"href":"https:\/\/e-ciftlik.com\/haberler\/wp-json\/wp\/v2\/media\/81839"}],"wp:attachment":[{"href":"https:\/\/e-ciftlik.com\/haberler\/wp-json\/wp\/v2\/media?parent=81838"}],"wp:term":[{"taxonomy":"category","embeddable":true,"href":"https:\/\/e-ciftlik.com\/haberler\/wp-json\/wp\/v2\/categories?post=81838"},{"taxonomy":"post_tag","embeddable":true,"href":"https:\/\/e-ciftlik.com\/haberler\/wp-json\/wp\/v2\/tags?post=81838"}],"curies":[{"name":"wp","href":"https:\/\/api.w.org\/{rel}","templated":true}]}}