{"id":81957,"date":"2025-02-19T07:11:04","date_gmt":"2025-02-19T07:11:04","guid":{"rendered":"https:\/\/e-ciftlik.com\/haberler\/gundem\/dem-parti-il-baskani-terorden-gozaltinda\/"},"modified":"2025-02-19T07:11:04","modified_gmt":"2025-02-19T07:11:04","slug":"dem-parti-il-baskani-terorden-gozaltinda","status":"publish","type":"post","link":"https:\/\/e-ciftlik.com\/haberler\/gundem\/dem-parti-il-baskani-terorden-gozaltinda\/","title":{"rendered":"DEM Parti \u0130l Ba\u015fkan\u0131 Ter\u00f6rden G\u00f6zalt\u0131nda!"},"content":{"rendered":"<p>\u0130stanbul Cumhuriyet Ba\u015fsavc\u0131l\u0131\u011f\u0131 taraf\u0131ndan y\u00fcr\u00fct\u00fclen soru\u015fturma kapsam\u0131nda DEM Parti I\u011fd\u0131r \u0130l Ba\u015fkan\u0131 Alya Akku\u015f, \u2018silahl\u0131 ter\u00f6r \u00f6rg\u00fct\u00fcne \u00fcye olmak\u2019 su\u00e7undan g\u00f6zalt\u0131na al\u0131nd\u0131. Akku\u015f&#8217;un evinde ger\u00e7ekle\u015ftirilen aramalarda ise, incelenmek \u00fczere belgeler ve dijital materyaller ele ge\u00e7irildi. G\u00f6zalt\u0131na al\u0131nan Akku\u015f, emniyetteki i\u015flemlerinin ard\u0131ndan adliyeye sevk edilecek.<\/p>\n<p>DEM Parti I\u011fd\u0131r \u0130l Ba\u015fkan\u0131 Alya Akku\u015f&#8217;un ter\u00f6r \u00f6rg\u00fct\u00fc \u00fcyeli\u011fi iddias\u0131yla g\u00f6zalt\u0131na al\u0131nmas\u0131, partinin I\u011fd\u0131r il te\u015fkilat\u0131nda \u015fa\u015fk\u0131nl\u0131k yaratt\u0131. Akku\u015f&#8217;un g\u00f6zalt\u0131na al\u0131nmas\u0131yla ilgili partiden hen\u00fcz resmi bir a\u00e7\u0131klama yap\u0131lmazken, olay\u0131n detaylar\u0131 soru\u015fturma kapsam\u0131nda netlik kazanacak.<\/p>\n<p>Soru\u015fturma kapsam\u0131nda DEM Parti I\u011fd\u0131r \u0130l Ba\u015fkan\u0131 Alya Akku\u015f&#8217;un yan\u0131 s\u0131ra, ba\u015fka isimlere de y\u00f6nelik operasyonlar ger\u00e7ekle\u015ftirilebilece\u011fi belirtiliyor. Akku\u015f&#8217;un g\u00f6zalt\u0131na al\u0131nmas\u0131n\u0131n ard\u0131ndan, soru\u015fturman\u0131n geni\u015fleyerek devam edebilece\u011fi ihtimali \u00fczerinde duruluyor.<\/p>\n<p>Alya Akku\u015f&#8217;un \u2018silahl\u0131 ter\u00f6r \u00f6rg\u00fct\u00fcne \u00fcye olmak\u2019 su\u00e7lamas\u0131yla g\u00f6zalt\u0131na al\u0131nmas\u0131n\u0131n detaylar\u0131, soru\u015fturman\u0131n ilerleyen saatlerinde netlik kazanacak. \u0130stanbul Cumhuriyet Ba\u015fsavc\u0131l\u0131\u011f\u0131&#8217;n\u0131n y\u00fcr\u00fctt\u00fc\u011f\u00fc soru\u015fturma, DEM Parti I\u011fd\u0131r \u0130l Ba\u015fkan\u0131 Akku\u015f&#8217;un ter\u00f6r \u00f6rg\u00fct\u00fc \u00fcyeli\u011fi iddialar\u0131n\u0131n boyutlar\u0131n\u0131 ortaya \u00e7\u0131karacak.<\/p>\n","protected":false},"excerpt":{"rendered":"<p>\u0130stanbul Cumhuriyet Ba\u015fsavc\u0131l\u0131\u011f\u0131 taraf\u0131ndan y\u00fcr\u00fct\u00fclen soru\u015fturma kapsam\u0131nda DEM Parti I\u011fd\u0131r \u0130l Ba\u015fkan\u0131 Alya Akku\u015f, \u2018silahl\u0131&hellip;<\/p>\n","protected":false},"author":1,"featured_media":81958,"comment_status":"open","ping_status":"open","sticky":false,"template":"","format":"standard","meta":{"footnotes":""},"categories":[10],"tags":[],"class_list":["post-81957","post","type-post","status-publish","format-standard","has-post-thumbnail","hentry","category-gundem"],"yoast_head":"<!-- This site is optimized with the Yoast SEO Premium plugin v24.3 (Yoast SEO v27.4) - https:\/\/yoast.com\/product\/yoast-seo-premium-wordpress\/ -->\n<title>DEM Parti \u0130l Ba\u015fkan\u0131 Ter\u00f6rden G\u00f6zalt\u0131nda! - E-&Ccedil;\u0130FTL\u0130K HABER<\/title>\n<meta name=\"description\" content=\"\u0130stanbul Cumhuriyet Ba\u015fsavc\u0131l\u0131\u011f\u0131 taraf\u0131ndan y\u00fcr\u00fct\u00fclen soru\u015fturma kapsam\u0131nda DEM Parti I\u011fd\u0131r \u0130l Ba\u015fkan\u0131 Alya Akku\u015f, \u2018silahl\u0131 ter\u00f6r \u00f6rg\u00fct\u00fcne \u00fcye olmak\u2019\" \/>\n<meta name=\"robots\" content=\"index, follow, max-snippet:-1, max-image-preview:large, max-video-preview:-1\" \/>\n<link rel=\"canonical\" href=\"https:\/\/e-ciftlik.com\/haberler\/gundem\/dem-parti-il-baskani-terorden-gozaltinda\/\" \/>\n<meta property=\"og:locale\" content=\"tr_TR\" \/>\n<meta property=\"og:type\" content=\"article\" \/>\n<meta property=\"og:title\" content=\"DEM Parti \u0130l Ba\u015fkan\u0131 Ter\u00f6rden G\u00f6zalt\u0131nda!\" \/>\n<meta property=\"og:description\" content=\"\u0130stanbul Cumhuriyet Ba\u015fsavc\u0131l\u0131\u011f\u0131 taraf\u0131ndan y\u00fcr\u00fct\u00fclen soru\u015fturma kapsam\u0131nda DEM Parti I\u011fd\u0131r \u0130l Ba\u015fkan\u0131 Alya Akku\u015f, \u2018silahl\u0131 ter\u00f6r \u00f6rg\u00fct\u00fcne \u00fcye olmak\u2019\" \/>\n<meta property=\"og:url\" content=\"https:\/\/e-ciftlik.com\/haberler\/gundem\/dem-parti-il-baskani-terorden-gozaltinda\/\" \/>\n<meta property=\"og:site_name\" content=\"E-&Ccedil;\u0130FTL\u0130K HABER\" \/>\n<meta property=\"article:publisher\" content=\"https:\/\/www.facebook.com\/eciftlikturkiye\" \/>\n<meta property=\"article:published_time\" content=\"2025-02-19T07:11:04+00:00\" \/>\n<meta property=\"og:image\" content=\"https:\/\/e-ciftlik.com\/haberler\/wp-content\/uploads\/2025\/02\/dem-parti-igdir-il-baskani-akkus-terorden-gozaltinda-1739900056932.jpeg\" \/>\n\t<meta property=\"og:image:width\" content=\"1200\" \/>\n\t<meta property=\"og:image:height\" content=\"675\" \/>\n\t<meta property=\"og:image:type\" content=\"image\/jpeg\" \/>\n<meta name=\"author\" content=\"Haber Merkezi\" \/>\n<meta name=\"twitter:card\" content=\"summary_large_image\" \/>\n<meta name=\"twitter:creator\" content=\"@eciftlikresmi\" \/>\n<meta name=\"twitter:site\" content=\"@eciftlikresmi\" \/>\n<meta name=\"twitter:label1\" content=\"Yazan:\" \/>\n\t<meta name=\"twitter:data1\" content=\"Haber Merkezi\" \/>\n\t<meta name=\"twitter:label2\" content=\"Tahmini okuma s\u00fcresi\" \/>\n\t<meta name=\"twitter:data2\" content=\"1 dakika\" \/>\n<script type=\"application\/ld+json\" class=\"yoast-schema-graph\">{\"@context\":\"https:\\\/\\\/schema.org\",\"@graph\":[{\"@type\":\"NewsArticle\",\"@id\":\"https:\\\/\\\/e-ciftlik.com\\\/haberler\\\/gundem\\\/dem-parti-il-baskani-terorden-gozaltinda\\\/#article\",\"isPartOf\":{\"@id\":\"https:\\\/\\\/e-ciftlik.com\\\/haberler\\\/gundem\\\/dem-parti-il-baskani-terorden-gozaltinda\\\/\"},\"author\":{\"name\":\"Haber Merkezi\",\"@id\":\"https:\\\/\\\/e-ciftlik.com\\\/haberler\\\/#\\\/schema\\\/person\\\/d2f4fee3143d7f72be82cb887d51b00a\"},\"headline\":\"DEM Parti \u0130l Ba\u015fkan\u0131 Ter\u00f6rden G\u00f6zalt\u0131nda!\",\"datePublished\":\"2025-02-19T07:11:04+00:00\",\"mainEntityOfPage\":{\"@id\":\"https:\\\/\\\/e-ciftlik.com\\\/haberler\\\/gundem\\\/dem-parti-il-baskani-terorden-gozaltinda\\\/\"},\"wordCount\":261,\"commentCount\":0,\"publisher\":{\"@id\":\"https:\\\/\\\/e-ciftlik.com\\\/haberler\\\/#organization\"},\"image\":{\"@id\":\"https:\\\/\\\/e-ciftlik.com\\\/haberler\\\/gundem\\\/dem-parti-il-baskani-terorden-gozaltinda\\\/#primaryimage\"},\"thumbnailUrl\":\"https:\\\/\\\/e-ciftlik.com\\\/haberler\\\/wp-content\\\/uploads\\\/2025\\\/02\\\/dem-parti-igdir-il-baskani-akkus-terorden-gozaltinda-1739900056932.jpeg\",\"articleSection\":[\"G\u00fcndem\"],\"inLanguage\":\"tr\",\"potentialAction\":[{\"@type\":\"CommentAction\",\"name\":\"Comment\",\"target\":[\"https:\\\/\\\/e-ciftlik.com\\\/haberler\\\/gundem\\\/dem-parti-il-baskani-terorden-gozaltinda\\\/#respond\"]}]},{\"@type\":\"WebPage\",\"@id\":\"https:\\\/\\\/e-ciftlik.com\\\/haberler\\\/gundem\\\/dem-parti-il-baskani-terorden-gozaltinda\\\/\",\"url\":\"https:\\\/\\\/e-ciftlik.com\\\/haberler\\\/gundem\\\/dem-parti-il-baskani-terorden-gozaltinda\\\/\",\"name\":\"DEM Parti \u0130l Ba\u015fkan\u0131 Ter\u00f6rden G\u00f6zalt\u0131nda! - E-&Ccedil;\u0130FTL\u0130K HABER\",\"isPartOf\":{\"@id\":\"https:\\\/\\\/e-ciftlik.com\\\/haberler\\\/#website\"},\"primaryImageOfPage\":{\"@id\":\"https:\\\/\\\/e-ciftlik.com\\\/haberler\\\/gundem\\\/dem-parti-il-baskani-terorden-gozaltinda\\\/#primaryimage\"},\"image\":{\"@id\":\"https:\\\/\\\/e-ciftlik.com\\\/haberler\\\/gundem\\\/dem-parti-il-baskani-terorden-gozaltinda\\\/#primaryimage\"},\"thumbnailUrl\":\"https:\\\/\\\/e-ciftlik.com\\\/haberler\\\/wp-content\\\/uploads\\\/2025\\\/02\\\/dem-parti-igdir-il-baskani-akkus-terorden-gozaltinda-1739900056932.jpeg\",\"datePublished\":\"2025-02-19T07:11:04+00:00\",\"description\":\"\u0130stanbul Cumhuriyet Ba\u015fsavc\u0131l\u0131\u011f\u0131 taraf\u0131ndan y\u00fcr\u00fct\u00fclen soru\u015fturma kapsam\u0131nda DEM Parti I\u011fd\u0131r \u0130l Ba\u015fkan\u0131 Alya Akku\u015f, \u2018silahl\u0131 ter\u00f6r \u00f6rg\u00fct\u00fcne \u00fcye olmak\u2019\",\"breadcrumb\":{\"@id\":\"https:\\\/\\\/e-ciftlik.com\\\/haberler\\\/gundem\\\/dem-parti-il-baskani-terorden-gozaltinda\\\/#breadcrumb\"},\"inLanguage\":\"tr\",\"potentialAction\":[{\"@type\":\"ReadAction\",\"target\":[\"https:\\\/\\\/e-ciftlik.com\\\/haberler\\\/gundem\\\/dem-parti-il-baskani-terorden-gozaltinda\\\/\"]}]},{\"@type\":\"ImageObject\",\"inLanguage\":\"tr\",\"@id\":\"https:\\\/\\\/e-ciftlik.com\\\/haberler\\\/gundem\\\/dem-parti-il-baskani-terorden-gozaltinda\\\/#primaryimage\",\"url\":\"https:\\\/\\\/e-ciftlik.com\\\/haberler\\\/wp-content\\\/uploads\\\/2025\\\/02\\\/dem-parti-igdir-il-baskani-akkus-terorden-gozaltinda-1739900056932.jpeg\",\"contentUrl\":\"https:\\\/\\\/e-ciftlik.com\\\/haberler\\\/wp-content\\\/uploads\\\/2025\\\/02\\\/dem-parti-igdir-il-baskani-akkus-terorden-gozaltinda-1739900056932.jpeg\",\"width\":1200,\"height\":675},{\"@type\":\"BreadcrumbList\",\"@id\":\"https:\\\/\\\/e-ciftlik.com\\\/haberler\\\/gundem\\\/dem-parti-il-baskani-terorden-gozaltinda\\\/#breadcrumb\",\"itemListElement\":[{\"@type\":\"ListItem\",\"position\":1,\"name\":\"Anasayfa\",\"item\":\"https:\\\/\\\/e-ciftlik.com\\\/haberler\\\/\"},{\"@type\":\"ListItem\",\"position\":2,\"name\":\"DEM Parti \u0130l Ba\u015fkan\u0131 Ter\u00f6rden G\u00f6zalt\u0131nda!\"}]},{\"@type\":\"WebSite\",\"@id\":\"https:\\\/\\\/e-ciftlik.com\\\/haberler\\\/#website\",\"url\":\"https:\\\/\\\/e-ciftlik.com\\\/haberler\\\/\",\"name\":\"E-\u00c7iftlik Haber | G\u00fcncel, Son Dakika Haberler, En Son Haber\",\"description\":\"\",\"publisher\":{\"@id\":\"https:\\\/\\\/e-ciftlik.com\\\/haberler\\\/#organization\"},\"potentialAction\":[{\"@type\":\"SearchAction\",\"target\":{\"@type\":\"EntryPoint\",\"urlTemplate\":\"https:\\\/\\\/e-ciftlik.com\\\/haberler\\\/?s={search_term_string}\"},\"query-input\":{\"@type\":\"PropertyValueSpecification\",\"valueRequired\":true,\"valueName\":\"search_term_string\"}}],\"inLanguage\":\"tr\"},{\"@type\":\"Organization\",\"@id\":\"https:\\\/\\\/e-ciftlik.com\\\/haberler\\\/#organization\",\"name\":\"E-\u00c7\u0130FTL\u0130K HABER\",\"url\":\"https:\\\/\\\/e-ciftlik.com\\\/haberler\\\/\",\"logo\":{\"@type\":\"ImageObject\",\"inLanguage\":\"tr\",\"@id\":\"https:\\\/\\\/e-ciftlik.com\\\/haberler\\\/#\\\/schema\\\/logo\\\/image\\\/\",\"url\":\"https:\\\/\\\/e-ciftlik.com\\\/haberler\\\/wp-content\\\/uploads\\\/2024\\\/06\\\/cropped-cropped-favicon-1-2.png\",\"contentUrl\":\"https:\\\/\\\/e-ciftlik.com\\\/haberler\\\/wp-content\\\/uploads\\\/2024\\\/06\\\/cropped-cropped-favicon-1-2.png\",\"width\":512,\"height\":512,\"caption\":\"E-\u00c7\u0130FTL\u0130K HABER\"},\"image\":{\"@id\":\"https:\\\/\\\/e-ciftlik.com\\\/haberler\\\/#\\\/schema\\\/logo\\\/image\\\/\"},\"sameAs\":[\"https:\\\/\\\/www.facebook.com\\\/eciftlikturkiye\",\"https:\\\/\\\/x.com\\\/eciftlikresmi\",\"https:\\\/\\\/www.instagram.com\\\/eciftlikresmi\\\/\"]},{\"@type\":\"Person\",\"@id\":\"https:\\\/\\\/e-ciftlik.com\\\/haberler\\\/#\\\/schema\\\/person\\\/d2f4fee3143d7f72be82cb887d51b00a\",\"name\":\"Haber Merkezi\",\"image\":{\"@type\":\"ImageObject\",\"inLanguage\":\"tr\",\"@id\":\"https:\\\/\\\/secure.gravatar.com\\\/avatar\\\/6c27d641914e66c1d0452c92716002398782818991d86db1c2cccb531e7c7c82?s=96&d=mm&r=g\",\"url\":\"https:\\\/\\\/secure.gravatar.com\\\/avatar\\\/6c27d641914e66c1d0452c92716002398782818991d86db1c2cccb531e7c7c82?s=96&d=mm&r=g\",\"contentUrl\":\"https:\\\/\\\/secure.gravatar.com\\\/avatar\\\/6c27d641914e66c1d0452c92716002398782818991d86db1c2cccb531e7c7c82?s=96&d=mm&r=g\",\"caption\":\"Haber Merkezi\"},\"sameAs\":[\"http:\\\/\\\/e-ciftlik.com\\\/haberler\"]}]}<\/script>\n<!-- \/ Yoast SEO Premium plugin. -->","yoast_head_json":{"title":"DEM Parti \u0130l Ba\u015fkan\u0131 Ter\u00f6rden G\u00f6zalt\u0131nda! - E-&Ccedil;\u0130FTL\u0130K HABER","description":"\u0130stanbul Cumhuriyet Ba\u015fsavc\u0131l\u0131\u011f\u0131 taraf\u0131ndan y\u00fcr\u00fct\u00fclen soru\u015fturma kapsam\u0131nda DEM Parti I\u011fd\u0131r \u0130l Ba\u015fkan\u0131 Alya Akku\u015f, \u2018silahl\u0131 ter\u00f6r \u00f6rg\u00fct\u00fcne \u00fcye olmak\u2019","robots":{"index":"index","follow":"follow","max-snippet":"max-snippet:-1","max-image-preview":"max-image-preview:large","max-video-preview":"max-video-preview:-1"},"canonical":"https:\/\/e-ciftlik.com\/haberler\/gundem\/dem-parti-il-baskani-terorden-gozaltinda\/","og_locale":"tr_TR","og_type":"article","og_title":"DEM Parti \u0130l Ba\u015fkan\u0131 Ter\u00f6rden G\u00f6zalt\u0131nda!","og_description":"\u0130stanbul Cumhuriyet Ba\u015fsavc\u0131l\u0131\u011f\u0131 taraf\u0131ndan y\u00fcr\u00fct\u00fclen soru\u015fturma kapsam\u0131nda DEM Parti I\u011fd\u0131r \u0130l Ba\u015fkan\u0131 Alya Akku\u015f, \u2018silahl\u0131 ter\u00f6r \u00f6rg\u00fct\u00fcne \u00fcye olmak\u2019","og_url":"https:\/\/e-ciftlik.com\/haberler\/gundem\/dem-parti-il-baskani-terorden-gozaltinda\/","og_site_name":"E-&Ccedil;\u0130FTL\u0130K HABER","article_publisher":"https:\/\/www.facebook.com\/eciftlikturkiye","article_published_time":"2025-02-19T07:11:04+00:00","og_image":[{"width":1200,"height":675,"url":"https:\/\/e-ciftlik.com\/haberler\/wp-content\/uploads\/2025\/02\/dem-parti-igdir-il-baskani-akkus-terorden-gozaltinda-1739900056932.jpeg","type":"image\/jpeg"}],"author":"Haber Merkezi","twitter_card":"summary_large_image","twitter_creator":"@eciftlikresmi","twitter_site":"@eciftlikresmi","twitter_misc":{"Yazan:":"Haber Merkezi","Tahmini okuma s\u00fcresi":"1 dakika"},"schema":{"@context":"https:\/\/schema.org","@graph":[{"@type":"NewsArticle","@id":"https:\/\/e-ciftlik.com\/haberler\/gundem\/dem-parti-il-baskani-terorden-gozaltinda\/#article","isPartOf":{"@id":"https:\/\/e-ciftlik.com\/haberler\/gundem\/dem-parti-il-baskani-terorden-gozaltinda\/"},"author":{"name":"Haber Merkezi","@id":"https:\/\/e-ciftlik.com\/haberler\/#\/schema\/person\/d2f4fee3143d7f72be82cb887d51b00a"},"headline":"DEM Parti \u0130l Ba\u015fkan\u0131 Ter\u00f6rden G\u00f6zalt\u0131nda!","datePublished":"2025-02-19T07:11:04+00:00","mainEntityOfPage":{"@id":"https:\/\/e-ciftlik.com\/haberler\/gundem\/dem-parti-il-baskani-terorden-gozaltinda\/"},"wordCount":261,"commentCount":0,"publisher":{"@id":"https:\/\/e-ciftlik.com\/haberler\/#organization"},"image":{"@id":"https:\/\/e-ciftlik.com\/haberler\/gundem\/dem-parti-il-baskani-terorden-gozaltinda\/#primaryimage"},"thumbnailUrl":"https:\/\/e-ciftlik.com\/haberler\/wp-content\/uploads\/2025\/02\/dem-parti-igdir-il-baskani-akkus-terorden-gozaltinda-1739900056932.jpeg","articleSection":["G\u00fcndem"],"inLanguage":"tr","potentialAction":[{"@type":"CommentAction","name":"Comment","target":["https:\/\/e-ciftlik.com\/haberler\/gundem\/dem-parti-il-baskani-terorden-gozaltinda\/#respond"]}]},{"@type":"WebPage","@id":"https:\/\/e-ciftlik.com\/haberler\/gundem\/dem-parti-il-baskani-terorden-gozaltinda\/","url":"https:\/\/e-ciftlik.com\/haberler\/gundem\/dem-parti-il-baskani-terorden-gozaltinda\/","name":"DEM Parti \u0130l Ba\u015fkan\u0131 Ter\u00f6rden G\u00f6zalt\u0131nda! - E-&Ccedil;\u0130FTL\u0130K HABER","isPartOf":{"@id":"https:\/\/e-ciftlik.com\/haberler\/#website"},"primaryImageOfPage":{"@id":"https:\/\/e-ciftlik.com\/haberler\/gundem\/dem-parti-il-baskani-terorden-gozaltinda\/#primaryimage"},"image":{"@id":"https:\/\/e-ciftlik.com\/haberler\/gundem\/dem-parti-il-baskani-terorden-gozaltinda\/#primaryimage"},"thumbnailUrl":"https:\/\/e-ciftlik.com\/haberler\/wp-content\/uploads\/2025\/02\/dem-parti-igdir-il-baskani-akkus-terorden-gozaltinda-1739900056932.jpeg","datePublished":"2025-02-19T07:11:04+00:00","description":"\u0130stanbul Cumhuriyet Ba\u015fsavc\u0131l\u0131\u011f\u0131 taraf\u0131ndan y\u00fcr\u00fct\u00fclen soru\u015fturma kapsam\u0131nda DEM Parti I\u011fd\u0131r \u0130l Ba\u015fkan\u0131 Alya Akku\u015f, \u2018silahl\u0131 ter\u00f6r \u00f6rg\u00fct\u00fcne \u00fcye olmak\u2019","breadcrumb":{"@id":"https:\/\/e-ciftlik.com\/haberler\/gundem\/dem-parti-il-baskani-terorden-gozaltinda\/#breadcrumb"},"inLanguage":"tr","potentialAction":[{"@type":"ReadAction","target":["https:\/\/e-ciftlik.com\/haberler\/gundem\/dem-parti-il-baskani-terorden-gozaltinda\/"]}]},{"@type":"ImageObject","inLanguage":"tr","@id":"https:\/\/e-ciftlik.com\/haberler\/gundem\/dem-parti-il-baskani-terorden-gozaltinda\/#primaryimage","url":"https:\/\/e-ciftlik.com\/haberler\/wp-content\/uploads\/2025\/02\/dem-parti-igdir-il-baskani-akkus-terorden-gozaltinda-1739900056932.jpeg","contentUrl":"https:\/\/e-ciftlik.com\/haberler\/wp-content\/uploads\/2025\/02\/dem-parti-igdir-il-baskani-akkus-terorden-gozaltinda-1739900056932.jpeg","width":1200,"height":675},{"@type":"BreadcrumbList","@id":"https:\/\/e-ciftlik.com\/haberler\/gundem\/dem-parti-il-baskani-terorden-gozaltinda\/#breadcrumb","itemListElement":[{"@type":"ListItem","position":1,"name":"Anasayfa","item":"https:\/\/e-ciftlik.com\/haberler\/"},{"@type":"ListItem","position":2,"name":"DEM Parti \u0130l Ba\u015fkan\u0131 Ter\u00f6rden G\u00f6zalt\u0131nda!"}]},{"@type":"WebSite","@id":"https:\/\/e-ciftlik.com\/haberler\/#website","url":"https:\/\/e-ciftlik.com\/haberler\/","name":"E-\u00c7iftlik Haber | G\u00fcncel, Son Dakika Haberler, En Son Haber","description":"","publisher":{"@id":"https:\/\/e-ciftlik.com\/haberler\/#organization"},"potentialAction":[{"@type":"SearchAction","target":{"@type":"EntryPoint","urlTemplate":"https:\/\/e-ciftlik.com\/haberler\/?s={search_term_string}"},"query-input":{"@type":"PropertyValueSpecification","valueRequired":true,"valueName":"search_term_string"}}],"inLanguage":"tr"},{"@type":"Organization","@id":"https:\/\/e-ciftlik.com\/haberler\/#organization","name":"E-\u00c7\u0130FTL\u0130K HABER","url":"https:\/\/e-ciftlik.com\/haberler\/","logo":{"@type":"ImageObject","inLanguage":"tr","@id":"https:\/\/e-ciftlik.com\/haberler\/#\/schema\/logo\/image\/","url":"https:\/\/e-ciftlik.com\/haberler\/wp-content\/uploads\/2024\/06\/cropped-cropped-favicon-1-2.png","contentUrl":"https:\/\/e-ciftlik.com\/haberler\/wp-content\/uploads\/2024\/06\/cropped-cropped-favicon-1-2.png","width":512,"height":512,"caption":"E-\u00c7\u0130FTL\u0130K HABER"},"image":{"@id":"https:\/\/e-ciftlik.com\/haberler\/#\/schema\/logo\/image\/"},"sameAs":["https:\/\/www.facebook.com\/eciftlikturkiye","https:\/\/x.com\/eciftlikresmi","https:\/\/www.instagram.com\/eciftlikresmi\/"]},{"@type":"Person","@id":"https:\/\/e-ciftlik.com\/haberler\/#\/schema\/person\/d2f4fee3143d7f72be82cb887d51b00a","name":"Haber Merkezi","image":{"@type":"ImageObject","inLanguage":"tr","@id":"https:\/\/secure.gravatar.com\/avatar\/6c27d641914e66c1d0452c92716002398782818991d86db1c2cccb531e7c7c82?s=96&d=mm&r=g","url":"https:\/\/secure.gravatar.com\/avatar\/6c27d641914e66c1d0452c92716002398782818991d86db1c2cccb531e7c7c82?s=96&d=mm&r=g","contentUrl":"https:\/\/secure.gravatar.com\/avatar\/6c27d641914e66c1d0452c92716002398782818991d86db1c2cccb531e7c7c82?s=96&d=mm&r=g","caption":"Haber Merkezi"},"sameAs":["http:\/\/e-ciftlik.com\/haberler"]}]}},"_links":{"self":[{"href":"https:\/\/e-ciftlik.com\/haberler\/wp-json\/wp\/v2\/posts\/81957","targetHints":{"allow":["GET"]}}],"collection":[{"href":"https:\/\/e-ciftlik.com\/haberler\/wp-json\/wp\/v2\/posts"}],"about":[{"href":"https:\/\/e-ciftlik.com\/haberler\/wp-json\/wp\/v2\/types\/post"}],"author":[{"embeddable":true,"href":"https:\/\/e-ciftlik.com\/haberler\/wp-json\/wp\/v2\/users\/1"}],"replies":[{"embeddable":true,"href":"https:\/\/e-ciftlik.com\/haberler\/wp-json\/wp\/v2\/comments?post=81957"}],"version-history":[{"count":0,"href":"https:\/\/e-ciftlik.com\/haberler\/wp-json\/wp\/v2\/posts\/81957\/revisions"}],"wp:featuredmedia":[{"embeddable":true,"href":"https:\/\/e-ciftlik.com\/haberler\/wp-json\/wp\/v2\/media\/81958"}],"wp:attachment":[{"href":"https:\/\/e-ciftlik.com\/haberler\/wp-json\/wp\/v2\/media?parent=81957"}],"wp:term":[{"taxonomy":"category","embeddable":true,"href":"https:\/\/e-ciftlik.com\/haberler\/wp-json\/wp\/v2\/categories?post=81957"},{"taxonomy":"post_tag","embeddable":true,"href":"https:\/\/e-ciftlik.com\/haberler\/wp-json\/wp\/v2\/tags?post=81957"}],"curies":[{"name":"wp","href":"https:\/\/api.w.org\/{rel}","templated":true}]}}