{"id":81979,"date":"2025-02-19T08:20:48","date_gmt":"2025-02-19T08:20:48","guid":{"rendered":"http:\/\/e-ciftlik.com\/haberler\/spor\/mert-hakan-yandasin-fenerbahce-paylasimi-olay-yaratti\/"},"modified":"2025-02-19T08:20:48","modified_gmt":"2025-02-19T08:20:48","slug":"mert-hakan-yandasin-fenerbahce-paylasimi-olay-yaratti","status":"publish","type":"post","link":"https:\/\/e-ciftlik.com\/haberler\/spor\/mert-hakan-yandasin-fenerbahce-paylasimi-olay-yaratti\/","title":{"rendered":"Mert Hakan Yanda\u015f&#8217;\u0131n Fenerbah\u00e7e Payla\u015f\u0131m\u0131 Olay Yaratt\u0131!"},"content":{"rendered":"<p>Fenerbah\u00e7e, S\u00fcper Lig&#8217;de Kas\u0131mpa\u015fa&#8217;y\u0131 3-1 ma\u011flup ederek galibiyetini kutlad\u0131. Ma\u00e7 sonras\u0131 g\u00fcndeme oturan isim ise Mert Hakan Yanda\u015f oldu. Futbolcu, Instagram hesab\u0131ndan Fenerbah\u00e7e armas\u0131n\u0131 \u00f6pt\u00fc\u011f\u00fc bir foto\u011fraf\u0131n\u0131 payla\u015ft\u0131. Payla\u015f\u0131m\u0131n alt\u0131na ise annesi Beren Yanda\u015f, nazar boncu\u011fu, dua eden eller ve sar\u0131 lacivert kalp emojileri b\u0131rakt\u0131.<\/p>\n<p>Mert Hakan, annesinin yorumuna kar\u015f\u0131l\u0131k vererek &#8220;Annecim k\u0131rm\u0131z\u0131 kalp kullanm\u0131yoruz&#8221; diyerek sar\u0131 lacivert kalp emojileri ekledi. Bu payla\u015f\u0131m k\u0131sa s\u00fcrede sosyal medyada geni\u015f yank\u0131 uyand\u0131rd\u0131.<\/p>\n","protected":false},"excerpt":{"rendered":"<p>Fenerbah\u00e7e, S\u00fcper Lig&#8217;de Kas\u0131mpa\u015fa&#8217;y\u0131 3-1 ma\u011flup ederek galibiyetini kutlad\u0131. Ma\u00e7 sonras\u0131 g\u00fcndeme oturan isim ise&hellip;<\/p>\n","protected":false},"author":1,"featured_media":81980,"comment_status":"open","ping_status":"open","sticky":false,"template":"","format":"standard","meta":{"footnotes":""},"categories":[7],"tags":[],"class_list":["post-81979","post","type-post","status-publish","format-standard","has-post-thumbnail","hentry","category-spor"],"yoast_head":"<!-- This site is optimized with the Yoast SEO Premium plugin v24.3 (Yoast SEO v27.4) - https:\/\/yoast.com\/product\/yoast-seo-premium-wordpress\/ -->\n<title>Mert Hakan Yanda\u015f&#039;\u0131n Fenerbah\u00e7e Payla\u015f\u0131m\u0131 Olay Yaratt\u0131! - E-&Ccedil;\u0130FTL\u0130K HABER<\/title>\n<meta name=\"description\" content=\"Fenerbah\u00e7e, S\u00fcper Lig&#039;de Kas\u0131mpa\u015fa&#039;y\u0131 3-1 ma\u011flup ederek galibiyetini kutlad\u0131. Ma\u00e7 sonras\u0131 g\u00fcndeme oturan isim ise Mert Hakan Yanda\u015f oldu. Futbolcu,\" \/>\n<meta name=\"robots\" content=\"index, follow, max-snippet:-1, max-image-preview:large, max-video-preview:-1\" \/>\n<link rel=\"canonical\" href=\"https:\/\/e-ciftlik.com\/haberler\/spor\/mert-hakan-yandasin-fenerbahce-paylasimi-olay-yaratti\/\" \/>\n<meta property=\"og:locale\" content=\"tr_TR\" \/>\n<meta property=\"og:type\" content=\"article\" \/>\n<meta property=\"og:title\" content=\"Mert Hakan Yanda\u015f&#039;\u0131n Fenerbah\u00e7e Payla\u015f\u0131m\u0131 Olay Yaratt\u0131!\" \/>\n<meta property=\"og:description\" content=\"Fenerbah\u00e7e, S\u00fcper Lig&#039;de Kas\u0131mpa\u015fa&#039;y\u0131 3-1 ma\u011flup ederek galibiyetini kutlad\u0131. Ma\u00e7 sonras\u0131 g\u00fcndeme oturan isim ise Mert Hakan Yanda\u015f oldu. Futbolcu,\" \/>\n<meta property=\"og:url\" content=\"https:\/\/e-ciftlik.com\/haberler\/spor\/mert-hakan-yandasin-fenerbahce-paylasimi-olay-yaratti\/\" \/>\n<meta property=\"og:site_name\" content=\"E-&Ccedil;\u0130FTL\u0130K HABER\" \/>\n<meta property=\"article:publisher\" content=\"https:\/\/www.facebook.com\/eciftlikturkiye\" \/>\n<meta property=\"article:published_time\" content=\"2025-02-19T08:20:48+00:00\" \/>\n<meta property=\"og:image\" content=\"https:\/\/e-ciftlik.com\/haberler\/wp-content\/uploads\/2025\/02\/W61_EU6vQEyfg9TvrRxhBw.jpg\" \/>\n\t<meta property=\"og:image:width\" content=\"1080\" \/>\n\t<meta property=\"og:image:height\" content=\"612\" \/>\n\t<meta property=\"og:image:type\" content=\"image\/jpeg\" \/>\n<meta name=\"author\" content=\"Haber Merkezi\" \/>\n<meta name=\"twitter:card\" content=\"summary_large_image\" \/>\n<meta name=\"twitter:creator\" content=\"@eciftlikresmi\" \/>\n<meta name=\"twitter:site\" content=\"@eciftlikresmi\" \/>\n<meta name=\"twitter:label1\" content=\"Yazan:\" \/>\n\t<meta name=\"twitter:data1\" content=\"Haber Merkezi\" \/>\n<script type=\"application\/ld+json\" class=\"yoast-schema-graph\">{\"@context\":\"https:\\\/\\\/schema.org\",\"@graph\":[{\"@type\":\"NewsArticle\",\"@id\":\"https:\\\/\\\/e-ciftlik.com\\\/haberler\\\/spor\\\/mert-hakan-yandasin-fenerbahce-paylasimi-olay-yaratti\\\/#article\",\"isPartOf\":{\"@id\":\"https:\\\/\\\/e-ciftlik.com\\\/haberler\\\/spor\\\/mert-hakan-yandasin-fenerbahce-paylasimi-olay-yaratti\\\/\"},\"author\":{\"name\":\"Haber Merkezi\",\"@id\":\"https:\\\/\\\/e-ciftlik.com\\\/haberler\\\/#\\\/schema\\\/person\\\/d2f4fee3143d7f72be82cb887d51b00a\"},\"headline\":\"Mert Hakan Yanda\u015f&#8217;\u0131n Fenerbah\u00e7e Payla\u015f\u0131m\u0131 Olay Yaratt\u0131!\",\"datePublished\":\"2025-02-19T08:20:48+00:00\",\"mainEntityOfPage\":{\"@id\":\"https:\\\/\\\/e-ciftlik.com\\\/haberler\\\/spor\\\/mert-hakan-yandasin-fenerbahce-paylasimi-olay-yaratti\\\/\"},\"wordCount\":108,\"commentCount\":0,\"publisher\":{\"@id\":\"https:\\\/\\\/e-ciftlik.com\\\/haberler\\\/#organization\"},\"image\":{\"@id\":\"https:\\\/\\\/e-ciftlik.com\\\/haberler\\\/spor\\\/mert-hakan-yandasin-fenerbahce-paylasimi-olay-yaratti\\\/#primaryimage\"},\"thumbnailUrl\":\"https:\\\/\\\/e-ciftlik.com\\\/haberler\\\/wp-content\\\/uploads\\\/2025\\\/02\\\/W61_EU6vQEyfg9TvrRxhBw.jpg\",\"articleSection\":[\"Spor\"],\"inLanguage\":\"tr\",\"potentialAction\":[{\"@type\":\"CommentAction\",\"name\":\"Comment\",\"target\":[\"https:\\\/\\\/e-ciftlik.com\\\/haberler\\\/spor\\\/mert-hakan-yandasin-fenerbahce-paylasimi-olay-yaratti\\\/#respond\"]}]},{\"@type\":\"WebPage\",\"@id\":\"https:\\\/\\\/e-ciftlik.com\\\/haberler\\\/spor\\\/mert-hakan-yandasin-fenerbahce-paylasimi-olay-yaratti\\\/\",\"url\":\"https:\\\/\\\/e-ciftlik.com\\\/haberler\\\/spor\\\/mert-hakan-yandasin-fenerbahce-paylasimi-olay-yaratti\\\/\",\"name\":\"Mert Hakan Yanda\u015f'\u0131n Fenerbah\u00e7e Payla\u015f\u0131m\u0131 Olay Yaratt\u0131! - E-&Ccedil;\u0130FTL\u0130K HABER\",\"isPartOf\":{\"@id\":\"https:\\\/\\\/e-ciftlik.com\\\/haberler\\\/#website\"},\"primaryImageOfPage\":{\"@id\":\"https:\\\/\\\/e-ciftlik.com\\\/haberler\\\/spor\\\/mert-hakan-yandasin-fenerbahce-paylasimi-olay-yaratti\\\/#primaryimage\"},\"image\":{\"@id\":\"https:\\\/\\\/e-ciftlik.com\\\/haberler\\\/spor\\\/mert-hakan-yandasin-fenerbahce-paylasimi-olay-yaratti\\\/#primaryimage\"},\"thumbnailUrl\":\"https:\\\/\\\/e-ciftlik.com\\\/haberler\\\/wp-content\\\/uploads\\\/2025\\\/02\\\/W61_EU6vQEyfg9TvrRxhBw.jpg\",\"datePublished\":\"2025-02-19T08:20:48+00:00\",\"description\":\"Fenerbah\u00e7e, S\u00fcper Lig'de Kas\u0131mpa\u015fa'y\u0131 3-1 ma\u011flup ederek galibiyetini kutlad\u0131. Ma\u00e7 sonras\u0131 g\u00fcndeme oturan isim ise Mert Hakan Yanda\u015f oldu. Futbolcu,\",\"breadcrumb\":{\"@id\":\"https:\\\/\\\/e-ciftlik.com\\\/haberler\\\/spor\\\/mert-hakan-yandasin-fenerbahce-paylasimi-olay-yaratti\\\/#breadcrumb\"},\"inLanguage\":\"tr\",\"potentialAction\":[{\"@type\":\"ReadAction\",\"target\":[\"https:\\\/\\\/e-ciftlik.com\\\/haberler\\\/spor\\\/mert-hakan-yandasin-fenerbahce-paylasimi-olay-yaratti\\\/\"]}]},{\"@type\":\"ImageObject\",\"inLanguage\":\"tr\",\"@id\":\"https:\\\/\\\/e-ciftlik.com\\\/haberler\\\/spor\\\/mert-hakan-yandasin-fenerbahce-paylasimi-olay-yaratti\\\/#primaryimage\",\"url\":\"https:\\\/\\\/e-ciftlik.com\\\/haberler\\\/wp-content\\\/uploads\\\/2025\\\/02\\\/W61_EU6vQEyfg9TvrRxhBw.jpg\",\"contentUrl\":\"https:\\\/\\\/e-ciftlik.com\\\/haberler\\\/wp-content\\\/uploads\\\/2025\\\/02\\\/W61_EU6vQEyfg9TvrRxhBw.jpg\",\"width\":1080,\"height\":612},{\"@type\":\"BreadcrumbList\",\"@id\":\"https:\\\/\\\/e-ciftlik.com\\\/haberler\\\/spor\\\/mert-hakan-yandasin-fenerbahce-paylasimi-olay-yaratti\\\/#breadcrumb\",\"itemListElement\":[{\"@type\":\"ListItem\",\"position\":1,\"name\":\"Anasayfa\",\"item\":\"https:\\\/\\\/e-ciftlik.com\\\/haberler\\\/\"},{\"@type\":\"ListItem\",\"position\":2,\"name\":\"Mert Hakan Yanda\u015f&#8217;\u0131n Fenerbah\u00e7e Payla\u015f\u0131m\u0131 Olay Yaratt\u0131!\"}]},{\"@type\":\"WebSite\",\"@id\":\"https:\\\/\\\/e-ciftlik.com\\\/haberler\\\/#website\",\"url\":\"https:\\\/\\\/e-ciftlik.com\\\/haberler\\\/\",\"name\":\"E-\u00c7iftlik Haber | G\u00fcncel, Son Dakika Haberler, En Son Haber\",\"description\":\"\",\"publisher\":{\"@id\":\"https:\\\/\\\/e-ciftlik.com\\\/haberler\\\/#organization\"},\"potentialAction\":[{\"@type\":\"SearchAction\",\"target\":{\"@type\":\"EntryPoint\",\"urlTemplate\":\"https:\\\/\\\/e-ciftlik.com\\\/haberler\\\/?s={search_term_string}\"},\"query-input\":{\"@type\":\"PropertyValueSpecification\",\"valueRequired\":true,\"valueName\":\"search_term_string\"}}],\"inLanguage\":\"tr\"},{\"@type\":\"Organization\",\"@id\":\"https:\\\/\\\/e-ciftlik.com\\\/haberler\\\/#organization\",\"name\":\"E-\u00c7\u0130FTL\u0130K HABER\",\"url\":\"https:\\\/\\\/e-ciftlik.com\\\/haberler\\\/\",\"logo\":{\"@type\":\"ImageObject\",\"inLanguage\":\"tr\",\"@id\":\"https:\\\/\\\/e-ciftlik.com\\\/haberler\\\/#\\\/schema\\\/logo\\\/image\\\/\",\"url\":\"https:\\\/\\\/e-ciftlik.com\\\/haberler\\\/wp-content\\\/uploads\\\/2024\\\/06\\\/cropped-cropped-favicon-1-2.png\",\"contentUrl\":\"https:\\\/\\\/e-ciftlik.com\\\/haberler\\\/wp-content\\\/uploads\\\/2024\\\/06\\\/cropped-cropped-favicon-1-2.png\",\"width\":512,\"height\":512,\"caption\":\"E-\u00c7\u0130FTL\u0130K HABER\"},\"image\":{\"@id\":\"https:\\\/\\\/e-ciftlik.com\\\/haberler\\\/#\\\/schema\\\/logo\\\/image\\\/\"},\"sameAs\":[\"https:\\\/\\\/www.facebook.com\\\/eciftlikturkiye\",\"https:\\\/\\\/x.com\\\/eciftlikresmi\",\"https:\\\/\\\/www.instagram.com\\\/eciftlikresmi\\\/\"]},{\"@type\":\"Person\",\"@id\":\"https:\\\/\\\/e-ciftlik.com\\\/haberler\\\/#\\\/schema\\\/person\\\/d2f4fee3143d7f72be82cb887d51b00a\",\"name\":\"Haber Merkezi\",\"image\":{\"@type\":\"ImageObject\",\"inLanguage\":\"tr\",\"@id\":\"https:\\\/\\\/secure.gravatar.com\\\/avatar\\\/6c27d641914e66c1d0452c92716002398782818991d86db1c2cccb531e7c7c82?s=96&d=mm&r=g\",\"url\":\"https:\\\/\\\/secure.gravatar.com\\\/avatar\\\/6c27d641914e66c1d0452c92716002398782818991d86db1c2cccb531e7c7c82?s=96&d=mm&r=g\",\"contentUrl\":\"https:\\\/\\\/secure.gravatar.com\\\/avatar\\\/6c27d641914e66c1d0452c92716002398782818991d86db1c2cccb531e7c7c82?s=96&d=mm&r=g\",\"caption\":\"Haber Merkezi\"},\"sameAs\":[\"http:\\\/\\\/e-ciftlik.com\\\/haberler\"]}]}<\/script>\n<!-- \/ Yoast SEO Premium plugin. -->","yoast_head_json":{"title":"Mert Hakan Yanda\u015f'\u0131n Fenerbah\u00e7e Payla\u015f\u0131m\u0131 Olay Yaratt\u0131! - E-&Ccedil;\u0130FTL\u0130K HABER","description":"Fenerbah\u00e7e, S\u00fcper Lig'de Kas\u0131mpa\u015fa'y\u0131 3-1 ma\u011flup ederek galibiyetini kutlad\u0131. Ma\u00e7 sonras\u0131 g\u00fcndeme oturan isim ise Mert Hakan Yanda\u015f oldu. Futbolcu,","robots":{"index":"index","follow":"follow","max-snippet":"max-snippet:-1","max-image-preview":"max-image-preview:large","max-video-preview":"max-video-preview:-1"},"canonical":"https:\/\/e-ciftlik.com\/haberler\/spor\/mert-hakan-yandasin-fenerbahce-paylasimi-olay-yaratti\/","og_locale":"tr_TR","og_type":"article","og_title":"Mert Hakan Yanda\u015f'\u0131n Fenerbah\u00e7e Payla\u015f\u0131m\u0131 Olay Yaratt\u0131!","og_description":"Fenerbah\u00e7e, S\u00fcper Lig'de Kas\u0131mpa\u015fa'y\u0131 3-1 ma\u011flup ederek galibiyetini kutlad\u0131. Ma\u00e7 sonras\u0131 g\u00fcndeme oturan isim ise Mert Hakan Yanda\u015f oldu. Futbolcu,","og_url":"https:\/\/e-ciftlik.com\/haberler\/spor\/mert-hakan-yandasin-fenerbahce-paylasimi-olay-yaratti\/","og_site_name":"E-&Ccedil;\u0130FTL\u0130K HABER","article_publisher":"https:\/\/www.facebook.com\/eciftlikturkiye","article_published_time":"2025-02-19T08:20:48+00:00","og_image":[{"width":1080,"height":612,"url":"https:\/\/e-ciftlik.com\/haberler\/wp-content\/uploads\/2025\/02\/W61_EU6vQEyfg9TvrRxhBw.jpg","type":"image\/jpeg"}],"author":"Haber Merkezi","twitter_card":"summary_large_image","twitter_creator":"@eciftlikresmi","twitter_site":"@eciftlikresmi","twitter_misc":{"Yazan:":"Haber Merkezi"},"schema":{"@context":"https:\/\/schema.org","@graph":[{"@type":"NewsArticle","@id":"https:\/\/e-ciftlik.com\/haberler\/spor\/mert-hakan-yandasin-fenerbahce-paylasimi-olay-yaratti\/#article","isPartOf":{"@id":"https:\/\/e-ciftlik.com\/haberler\/spor\/mert-hakan-yandasin-fenerbahce-paylasimi-olay-yaratti\/"},"author":{"name":"Haber Merkezi","@id":"https:\/\/e-ciftlik.com\/haberler\/#\/schema\/person\/d2f4fee3143d7f72be82cb887d51b00a"},"headline":"Mert Hakan Yanda\u015f&#8217;\u0131n Fenerbah\u00e7e Payla\u015f\u0131m\u0131 Olay Yaratt\u0131!","datePublished":"2025-02-19T08:20:48+00:00","mainEntityOfPage":{"@id":"https:\/\/e-ciftlik.com\/haberler\/spor\/mert-hakan-yandasin-fenerbahce-paylasimi-olay-yaratti\/"},"wordCount":108,"commentCount":0,"publisher":{"@id":"https:\/\/e-ciftlik.com\/haberler\/#organization"},"image":{"@id":"https:\/\/e-ciftlik.com\/haberler\/spor\/mert-hakan-yandasin-fenerbahce-paylasimi-olay-yaratti\/#primaryimage"},"thumbnailUrl":"https:\/\/e-ciftlik.com\/haberler\/wp-content\/uploads\/2025\/02\/W61_EU6vQEyfg9TvrRxhBw.jpg","articleSection":["Spor"],"inLanguage":"tr","potentialAction":[{"@type":"CommentAction","name":"Comment","target":["https:\/\/e-ciftlik.com\/haberler\/spor\/mert-hakan-yandasin-fenerbahce-paylasimi-olay-yaratti\/#respond"]}]},{"@type":"WebPage","@id":"https:\/\/e-ciftlik.com\/haberler\/spor\/mert-hakan-yandasin-fenerbahce-paylasimi-olay-yaratti\/","url":"https:\/\/e-ciftlik.com\/haberler\/spor\/mert-hakan-yandasin-fenerbahce-paylasimi-olay-yaratti\/","name":"Mert Hakan Yanda\u015f'\u0131n Fenerbah\u00e7e Payla\u015f\u0131m\u0131 Olay Yaratt\u0131! - E-&Ccedil;\u0130FTL\u0130K HABER","isPartOf":{"@id":"https:\/\/e-ciftlik.com\/haberler\/#website"},"primaryImageOfPage":{"@id":"https:\/\/e-ciftlik.com\/haberler\/spor\/mert-hakan-yandasin-fenerbahce-paylasimi-olay-yaratti\/#primaryimage"},"image":{"@id":"https:\/\/e-ciftlik.com\/haberler\/spor\/mert-hakan-yandasin-fenerbahce-paylasimi-olay-yaratti\/#primaryimage"},"thumbnailUrl":"https:\/\/e-ciftlik.com\/haberler\/wp-content\/uploads\/2025\/02\/W61_EU6vQEyfg9TvrRxhBw.jpg","datePublished":"2025-02-19T08:20:48+00:00","description":"Fenerbah\u00e7e, S\u00fcper Lig'de Kas\u0131mpa\u015fa'y\u0131 3-1 ma\u011flup ederek galibiyetini kutlad\u0131. Ma\u00e7 sonras\u0131 g\u00fcndeme oturan isim ise Mert Hakan Yanda\u015f oldu. Futbolcu,","breadcrumb":{"@id":"https:\/\/e-ciftlik.com\/haberler\/spor\/mert-hakan-yandasin-fenerbahce-paylasimi-olay-yaratti\/#breadcrumb"},"inLanguage":"tr","potentialAction":[{"@type":"ReadAction","target":["https:\/\/e-ciftlik.com\/haberler\/spor\/mert-hakan-yandasin-fenerbahce-paylasimi-olay-yaratti\/"]}]},{"@type":"ImageObject","inLanguage":"tr","@id":"https:\/\/e-ciftlik.com\/haberler\/spor\/mert-hakan-yandasin-fenerbahce-paylasimi-olay-yaratti\/#primaryimage","url":"https:\/\/e-ciftlik.com\/haberler\/wp-content\/uploads\/2025\/02\/W61_EU6vQEyfg9TvrRxhBw.jpg","contentUrl":"https:\/\/e-ciftlik.com\/haberler\/wp-content\/uploads\/2025\/02\/W61_EU6vQEyfg9TvrRxhBw.jpg","width":1080,"height":612},{"@type":"BreadcrumbList","@id":"https:\/\/e-ciftlik.com\/haberler\/spor\/mert-hakan-yandasin-fenerbahce-paylasimi-olay-yaratti\/#breadcrumb","itemListElement":[{"@type":"ListItem","position":1,"name":"Anasayfa","item":"https:\/\/e-ciftlik.com\/haberler\/"},{"@type":"ListItem","position":2,"name":"Mert Hakan Yanda\u015f&#8217;\u0131n Fenerbah\u00e7e Payla\u015f\u0131m\u0131 Olay Yaratt\u0131!"}]},{"@type":"WebSite","@id":"https:\/\/e-ciftlik.com\/haberler\/#website","url":"https:\/\/e-ciftlik.com\/haberler\/","name":"E-\u00c7iftlik Haber | G\u00fcncel, Son Dakika Haberler, En Son Haber","description":"","publisher":{"@id":"https:\/\/e-ciftlik.com\/haberler\/#organization"},"potentialAction":[{"@type":"SearchAction","target":{"@type":"EntryPoint","urlTemplate":"https:\/\/e-ciftlik.com\/haberler\/?s={search_term_string}"},"query-input":{"@type":"PropertyValueSpecification","valueRequired":true,"valueName":"search_term_string"}}],"inLanguage":"tr"},{"@type":"Organization","@id":"https:\/\/e-ciftlik.com\/haberler\/#organization","name":"E-\u00c7\u0130FTL\u0130K HABER","url":"https:\/\/e-ciftlik.com\/haberler\/","logo":{"@type":"ImageObject","inLanguage":"tr","@id":"https:\/\/e-ciftlik.com\/haberler\/#\/schema\/logo\/image\/","url":"https:\/\/e-ciftlik.com\/haberler\/wp-content\/uploads\/2024\/06\/cropped-cropped-favicon-1-2.png","contentUrl":"https:\/\/e-ciftlik.com\/haberler\/wp-content\/uploads\/2024\/06\/cropped-cropped-favicon-1-2.png","width":512,"height":512,"caption":"E-\u00c7\u0130FTL\u0130K HABER"},"image":{"@id":"https:\/\/e-ciftlik.com\/haberler\/#\/schema\/logo\/image\/"},"sameAs":["https:\/\/www.facebook.com\/eciftlikturkiye","https:\/\/x.com\/eciftlikresmi","https:\/\/www.instagram.com\/eciftlikresmi\/"]},{"@type":"Person","@id":"https:\/\/e-ciftlik.com\/haberler\/#\/schema\/person\/d2f4fee3143d7f72be82cb887d51b00a","name":"Haber Merkezi","image":{"@type":"ImageObject","inLanguage":"tr","@id":"https:\/\/secure.gravatar.com\/avatar\/6c27d641914e66c1d0452c92716002398782818991d86db1c2cccb531e7c7c82?s=96&d=mm&r=g","url":"https:\/\/secure.gravatar.com\/avatar\/6c27d641914e66c1d0452c92716002398782818991d86db1c2cccb531e7c7c82?s=96&d=mm&r=g","contentUrl":"https:\/\/secure.gravatar.com\/avatar\/6c27d641914e66c1d0452c92716002398782818991d86db1c2cccb531e7c7c82?s=96&d=mm&r=g","caption":"Haber Merkezi"},"sameAs":["http:\/\/e-ciftlik.com\/haberler"]}]}},"_links":{"self":[{"href":"https:\/\/e-ciftlik.com\/haberler\/wp-json\/wp\/v2\/posts\/81979","targetHints":{"allow":["GET"]}}],"collection":[{"href":"https:\/\/e-ciftlik.com\/haberler\/wp-json\/wp\/v2\/posts"}],"about":[{"href":"https:\/\/e-ciftlik.com\/haberler\/wp-json\/wp\/v2\/types\/post"}],"author":[{"embeddable":true,"href":"https:\/\/e-ciftlik.com\/haberler\/wp-json\/wp\/v2\/users\/1"}],"replies":[{"embeddable":true,"href":"https:\/\/e-ciftlik.com\/haberler\/wp-json\/wp\/v2\/comments?post=81979"}],"version-history":[{"count":0,"href":"https:\/\/e-ciftlik.com\/haberler\/wp-json\/wp\/v2\/posts\/81979\/revisions"}],"wp:featuredmedia":[{"embeddable":true,"href":"https:\/\/e-ciftlik.com\/haberler\/wp-json\/wp\/v2\/media\/81980"}],"wp:attachment":[{"href":"https:\/\/e-ciftlik.com\/haberler\/wp-json\/wp\/v2\/media?parent=81979"}],"wp:term":[{"taxonomy":"category","embeddable":true,"href":"https:\/\/e-ciftlik.com\/haberler\/wp-json\/wp\/v2\/categories?post=81979"},{"taxonomy":"post_tag","embeddable":true,"href":"https:\/\/e-ciftlik.com\/haberler\/wp-json\/wp\/v2\/tags?post=81979"}],"curies":[{"name":"wp","href":"https:\/\/api.w.org\/{rel}","templated":true}]}}