{"id":81994,"date":"2025-02-19T09:13:27","date_gmt":"2025-02-19T09:13:27","guid":{"rendered":"http:\/\/e-ciftlik.com\/haberler\/spor\/fenerbahce-yuksek-divan-kurulu-futbolda-fenerbahce-cagi-basliyor\/"},"modified":"2025-02-19T09:13:27","modified_gmt":"2025-02-19T09:13:27","slug":"fenerbahce-yuksek-divan-kurulu-futbolda-fenerbahce-cagi-basliyor","status":"publish","type":"post","link":"https:\/\/e-ciftlik.com\/haberler\/spor\/fenerbahce-yuksek-divan-kurulu-futbolda-fenerbahce-cagi-basliyor\/","title":{"rendered":"Fenerbah\u00e7e Y\u00fcksek Divan Kurulu: Futbolda Fenerbah\u00e7e \u00c7a\u011f\u0131 Ba\u015fl\u0131yor!"},"content":{"rendered":"<p>Fenerbah\u00e7e Y\u00fcksek Divan Kurulu Ba\u015fkan\u0131 M. \u015eekip Mosturo\u011flu, yapt\u0131\u011f\u0131 a\u00e7\u0131klamalarda \u00f6nemli konulara de\u011findi.<\/p>\n<p>Mosturo\u011flu, konu\u015fmas\u0131nda tak\u0131m\u0131n geride olmas\u0131na ra\u011fmen ivme kazand\u0131\u011f\u0131n\u0131 belirterek, &#8220;M\u00fckemmel bir hocam\u0131z var, kadromuz yenilendi. \u00d6n\u00fcm\u00fczde \u00f6nemli bir derbi var. Umuyorum ve diliyorum ki derbide galip gelecek olan biz olaca\u011f\u0131z. Bu birlik ve beraberlikle sezon sonunda \u015fampiyon olaca\u011f\u0131z&#8221; dedi.<\/p>\n<p>Ba\u015fkan, &#8220;Bu birlik ve beraberlikle futbolda Fenerbah\u00e7e \u00e7a\u011f\u0131 ba\u015fl\u0131yor&#8221; diyerek, &#8220;\u0130htiyac\u0131m\u0131z olan tek \u015fey birlik ve beraberli\u011fimizdir. Maalesef sportif ba\u015far\u0131 gelmedi\u011fi zaman birlik ve beraberli\u011fimiz zedelenebiliyor. Bu durum sadece rakiplerimize yar\u0131yor. Dostlu\u011fumuz ve ba\u015far\u0131lar\u0131m\u0131z daim olsun. Umuyorum ki bu birlikle Fenerbah\u00e7e&#8217;nin futbol alan\u0131nda \u00e7a\u011f\u0131 ba\u015flayacak. Bu sezon ve gelecek sezon futbolcular\u0131m\u0131z\u0131n kupalar\u0131 kald\u0131rd\u0131\u011f\u0131 bir d\u00f6nem ya\u015fayaca\u011f\u0131z. Amat\u00f6r bran\u015flarda da finalde her zaman biz olaca\u011f\u0131z. Basketbolda da Euroleague&#8217;de kupay\u0131 kald\u0131raca\u011f\u0131m\u0131za inan\u0131yorum&#8221; \u015feklinde konu\u015ftu.<\/p>\n","protected":false},"excerpt":{"rendered":"<p>Fenerbah\u00e7e Y\u00fcksek Divan Kurulu Ba\u015fkan\u0131 M. \u015eekip Mosturo\u011flu, yapt\u0131\u011f\u0131 a\u00e7\u0131klamalarda \u00f6nemli konulara de\u011findi. Mosturo\u011flu, konu\u015fmas\u0131nda&hellip;<\/p>\n","protected":false},"author":1,"featured_media":81995,"comment_status":"open","ping_status":"open","sticky":false,"template":"","format":"standard","meta":{"footnotes":""},"categories":[7],"tags":[],"class_list":["post-81994","post","type-post","status-publish","format-standard","has-post-thumbnail","hentry","category-spor"],"yoast_head":"<!-- This site is optimized with the Yoast SEO Premium plugin v24.3 (Yoast SEO v27.4) - https:\/\/yoast.com\/product\/yoast-seo-premium-wordpress\/ -->\n<title>Fenerbah\u00e7e Y\u00fcksek Divan Kurulu: Futbolda Fenerbah\u00e7e \u00c7a\u011f\u0131 Ba\u015fl\u0131yor! - E-&Ccedil;\u0130FTL\u0130K HABER<\/title>\n<meta name=\"description\" content=\"Fenerbah\u00e7e Y\u00fcksek Divan Kurulu Ba\u015fkan\u0131 M. \u015eekip Mosturo\u011flu, yapt\u0131\u011f\u0131 a\u00e7\u0131klamalarda \u00f6nemli konulara de\u011findi. Mosturo\u011flu, konu\u015fmas\u0131nda tak\u0131m\u0131n geride\" \/>\n<meta name=\"robots\" content=\"index, follow, max-snippet:-1, max-image-preview:large, max-video-preview:-1\" \/>\n<link rel=\"canonical\" href=\"https:\/\/e-ciftlik.com\/haberler\/spor\/fenerbahce-yuksek-divan-kurulu-futbolda-fenerbahce-cagi-basliyor\/\" \/>\n<meta property=\"og:locale\" content=\"tr_TR\" \/>\n<meta property=\"og:type\" content=\"article\" \/>\n<meta property=\"og:title\" content=\"Fenerbah\u00e7e Y\u00fcksek Divan Kurulu: Futbolda Fenerbah\u00e7e \u00c7a\u011f\u0131 Ba\u015fl\u0131yor!\" \/>\n<meta property=\"og:description\" content=\"Fenerbah\u00e7e Y\u00fcksek Divan Kurulu Ba\u015fkan\u0131 M. \u015eekip Mosturo\u011flu, yapt\u0131\u011f\u0131 a\u00e7\u0131klamalarda \u00f6nemli konulara de\u011findi. Mosturo\u011flu, konu\u015fmas\u0131nda tak\u0131m\u0131n geride\" \/>\n<meta property=\"og:url\" content=\"https:\/\/e-ciftlik.com\/haberler\/spor\/fenerbahce-yuksek-divan-kurulu-futbolda-fenerbahce-cagi-basliyor\/\" \/>\n<meta property=\"og:site_name\" content=\"E-&Ccedil;\u0130FTL\u0130K HABER\" \/>\n<meta property=\"article:publisher\" content=\"https:\/\/www.facebook.com\/eciftlikturkiye\" \/>\n<meta property=\"article:published_time\" content=\"2025-02-19T09:13:27+00:00\" \/>\n<meta property=\"og:image\" content=\"https:\/\/e-ciftlik.com\/haberler\/wp-content\/uploads\/2025\/02\/Gxu4HYC9fEKaLO32D22vZw.jpg\" \/>\n\t<meta property=\"og:image:width\" content=\"1080\" \/>\n\t<meta property=\"og:image:height\" content=\"614\" \/>\n\t<meta property=\"og:image:type\" content=\"image\/jpeg\" \/>\n<meta name=\"author\" content=\"Haber Merkezi\" \/>\n<meta name=\"twitter:card\" content=\"summary_large_image\" \/>\n<meta name=\"twitter:creator\" content=\"@eciftlikresmi\" \/>\n<meta name=\"twitter:site\" content=\"@eciftlikresmi\" \/>\n<meta name=\"twitter:label1\" content=\"Yazan:\" \/>\n\t<meta name=\"twitter:data1\" content=\"Haber Merkezi\" \/>\n\t<meta name=\"twitter:label2\" content=\"Tahmini okuma s\u00fcresi\" \/>\n\t<meta name=\"twitter:data2\" content=\"1 dakika\" \/>\n<script type=\"application\/ld+json\" class=\"yoast-schema-graph\">{\"@context\":\"https:\\\/\\\/schema.org\",\"@graph\":[{\"@type\":\"NewsArticle\",\"@id\":\"https:\\\/\\\/e-ciftlik.com\\\/haberler\\\/spor\\\/fenerbahce-yuksek-divan-kurulu-futbolda-fenerbahce-cagi-basliyor\\\/#article\",\"isPartOf\":{\"@id\":\"https:\\\/\\\/e-ciftlik.com\\\/haberler\\\/spor\\\/fenerbahce-yuksek-divan-kurulu-futbolda-fenerbahce-cagi-basliyor\\\/\"},\"author\":{\"name\":\"Haber Merkezi\",\"@id\":\"https:\\\/\\\/e-ciftlik.com\\\/haberler\\\/#\\\/schema\\\/person\\\/d2f4fee3143d7f72be82cb887d51b00a\"},\"headline\":\"Fenerbah\u00e7e Y\u00fcksek Divan Kurulu: Futbolda Fenerbah\u00e7e \u00c7a\u011f\u0131 Ba\u015fl\u0131yor!\",\"datePublished\":\"2025-02-19T09:13:27+00:00\",\"mainEntityOfPage\":{\"@id\":\"https:\\\/\\\/e-ciftlik.com\\\/haberler\\\/spor\\\/fenerbahce-yuksek-divan-kurulu-futbolda-fenerbahce-cagi-basliyor\\\/\"},\"wordCount\":193,\"commentCount\":0,\"publisher\":{\"@id\":\"https:\\\/\\\/e-ciftlik.com\\\/haberler\\\/#organization\"},\"image\":{\"@id\":\"https:\\\/\\\/e-ciftlik.com\\\/haberler\\\/spor\\\/fenerbahce-yuksek-divan-kurulu-futbolda-fenerbahce-cagi-basliyor\\\/#primaryimage\"},\"thumbnailUrl\":\"https:\\\/\\\/e-ciftlik.com\\\/haberler\\\/wp-content\\\/uploads\\\/2025\\\/02\\\/Gxu4HYC9fEKaLO32D22vZw.jpg\",\"articleSection\":[\"Spor\"],\"inLanguage\":\"tr\",\"potentialAction\":[{\"@type\":\"CommentAction\",\"name\":\"Comment\",\"target\":[\"https:\\\/\\\/e-ciftlik.com\\\/haberler\\\/spor\\\/fenerbahce-yuksek-divan-kurulu-futbolda-fenerbahce-cagi-basliyor\\\/#respond\"]}]},{\"@type\":\"WebPage\",\"@id\":\"https:\\\/\\\/e-ciftlik.com\\\/haberler\\\/spor\\\/fenerbahce-yuksek-divan-kurulu-futbolda-fenerbahce-cagi-basliyor\\\/\",\"url\":\"https:\\\/\\\/e-ciftlik.com\\\/haberler\\\/spor\\\/fenerbahce-yuksek-divan-kurulu-futbolda-fenerbahce-cagi-basliyor\\\/\",\"name\":\"Fenerbah\u00e7e Y\u00fcksek Divan Kurulu: Futbolda Fenerbah\u00e7e \u00c7a\u011f\u0131 Ba\u015fl\u0131yor! - E-&Ccedil;\u0130FTL\u0130K HABER\",\"isPartOf\":{\"@id\":\"https:\\\/\\\/e-ciftlik.com\\\/haberler\\\/#website\"},\"primaryImageOfPage\":{\"@id\":\"https:\\\/\\\/e-ciftlik.com\\\/haberler\\\/spor\\\/fenerbahce-yuksek-divan-kurulu-futbolda-fenerbahce-cagi-basliyor\\\/#primaryimage\"},\"image\":{\"@id\":\"https:\\\/\\\/e-ciftlik.com\\\/haberler\\\/spor\\\/fenerbahce-yuksek-divan-kurulu-futbolda-fenerbahce-cagi-basliyor\\\/#primaryimage\"},\"thumbnailUrl\":\"https:\\\/\\\/e-ciftlik.com\\\/haberler\\\/wp-content\\\/uploads\\\/2025\\\/02\\\/Gxu4HYC9fEKaLO32D22vZw.jpg\",\"datePublished\":\"2025-02-19T09:13:27+00:00\",\"description\":\"Fenerbah\u00e7e Y\u00fcksek Divan Kurulu Ba\u015fkan\u0131 M. \u015eekip Mosturo\u011flu, yapt\u0131\u011f\u0131 a\u00e7\u0131klamalarda \u00f6nemli konulara de\u011findi. Mosturo\u011flu, konu\u015fmas\u0131nda tak\u0131m\u0131n geride\",\"breadcrumb\":{\"@id\":\"https:\\\/\\\/e-ciftlik.com\\\/haberler\\\/spor\\\/fenerbahce-yuksek-divan-kurulu-futbolda-fenerbahce-cagi-basliyor\\\/#breadcrumb\"},\"inLanguage\":\"tr\",\"potentialAction\":[{\"@type\":\"ReadAction\",\"target\":[\"https:\\\/\\\/e-ciftlik.com\\\/haberler\\\/spor\\\/fenerbahce-yuksek-divan-kurulu-futbolda-fenerbahce-cagi-basliyor\\\/\"]}]},{\"@type\":\"ImageObject\",\"inLanguage\":\"tr\",\"@id\":\"https:\\\/\\\/e-ciftlik.com\\\/haberler\\\/spor\\\/fenerbahce-yuksek-divan-kurulu-futbolda-fenerbahce-cagi-basliyor\\\/#primaryimage\",\"url\":\"https:\\\/\\\/e-ciftlik.com\\\/haberler\\\/wp-content\\\/uploads\\\/2025\\\/02\\\/Gxu4HYC9fEKaLO32D22vZw.jpg\",\"contentUrl\":\"https:\\\/\\\/e-ciftlik.com\\\/haberler\\\/wp-content\\\/uploads\\\/2025\\\/02\\\/Gxu4HYC9fEKaLO32D22vZw.jpg\",\"width\":1080,\"height\":614},{\"@type\":\"BreadcrumbList\",\"@id\":\"https:\\\/\\\/e-ciftlik.com\\\/haberler\\\/spor\\\/fenerbahce-yuksek-divan-kurulu-futbolda-fenerbahce-cagi-basliyor\\\/#breadcrumb\",\"itemListElement\":[{\"@type\":\"ListItem\",\"position\":1,\"name\":\"Anasayfa\",\"item\":\"https:\\\/\\\/e-ciftlik.com\\\/haberler\\\/\"},{\"@type\":\"ListItem\",\"position\":2,\"name\":\"Fenerbah\u00e7e Y\u00fcksek Divan Kurulu: Futbolda Fenerbah\u00e7e \u00c7a\u011f\u0131 Ba\u015fl\u0131yor!\"}]},{\"@type\":\"WebSite\",\"@id\":\"https:\\\/\\\/e-ciftlik.com\\\/haberler\\\/#website\",\"url\":\"https:\\\/\\\/e-ciftlik.com\\\/haberler\\\/\",\"name\":\"E-\u00c7iftlik Haber | G\u00fcncel, Son Dakika Haberler, En Son Haber\",\"description\":\"\",\"publisher\":{\"@id\":\"https:\\\/\\\/e-ciftlik.com\\\/haberler\\\/#organization\"},\"potentialAction\":[{\"@type\":\"SearchAction\",\"target\":{\"@type\":\"EntryPoint\",\"urlTemplate\":\"https:\\\/\\\/e-ciftlik.com\\\/haberler\\\/?s={search_term_string}\"},\"query-input\":{\"@type\":\"PropertyValueSpecification\",\"valueRequired\":true,\"valueName\":\"search_term_string\"}}],\"inLanguage\":\"tr\"},{\"@type\":\"Organization\",\"@id\":\"https:\\\/\\\/e-ciftlik.com\\\/haberler\\\/#organization\",\"name\":\"E-\u00c7\u0130FTL\u0130K HABER\",\"url\":\"https:\\\/\\\/e-ciftlik.com\\\/haberler\\\/\",\"logo\":{\"@type\":\"ImageObject\",\"inLanguage\":\"tr\",\"@id\":\"https:\\\/\\\/e-ciftlik.com\\\/haberler\\\/#\\\/schema\\\/logo\\\/image\\\/\",\"url\":\"https:\\\/\\\/e-ciftlik.com\\\/haberler\\\/wp-content\\\/uploads\\\/2024\\\/06\\\/cropped-cropped-favicon-1-2.png\",\"contentUrl\":\"https:\\\/\\\/e-ciftlik.com\\\/haberler\\\/wp-content\\\/uploads\\\/2024\\\/06\\\/cropped-cropped-favicon-1-2.png\",\"width\":512,\"height\":512,\"caption\":\"E-\u00c7\u0130FTL\u0130K HABER\"},\"image\":{\"@id\":\"https:\\\/\\\/e-ciftlik.com\\\/haberler\\\/#\\\/schema\\\/logo\\\/image\\\/\"},\"sameAs\":[\"https:\\\/\\\/www.facebook.com\\\/eciftlikturkiye\",\"https:\\\/\\\/x.com\\\/eciftlikresmi\",\"https:\\\/\\\/www.instagram.com\\\/eciftlikresmi\\\/\"]},{\"@type\":\"Person\",\"@id\":\"https:\\\/\\\/e-ciftlik.com\\\/haberler\\\/#\\\/schema\\\/person\\\/d2f4fee3143d7f72be82cb887d51b00a\",\"name\":\"Haber Merkezi\",\"image\":{\"@type\":\"ImageObject\",\"inLanguage\":\"tr\",\"@id\":\"https:\\\/\\\/secure.gravatar.com\\\/avatar\\\/6c27d641914e66c1d0452c92716002398782818991d86db1c2cccb531e7c7c82?s=96&d=mm&r=g\",\"url\":\"https:\\\/\\\/secure.gravatar.com\\\/avatar\\\/6c27d641914e66c1d0452c92716002398782818991d86db1c2cccb531e7c7c82?s=96&d=mm&r=g\",\"contentUrl\":\"https:\\\/\\\/secure.gravatar.com\\\/avatar\\\/6c27d641914e66c1d0452c92716002398782818991d86db1c2cccb531e7c7c82?s=96&d=mm&r=g\",\"caption\":\"Haber Merkezi\"},\"sameAs\":[\"http:\\\/\\\/e-ciftlik.com\\\/haberler\"]}]}<\/script>\n<!-- \/ Yoast SEO Premium plugin. -->","yoast_head_json":{"title":"Fenerbah\u00e7e Y\u00fcksek Divan Kurulu: Futbolda Fenerbah\u00e7e \u00c7a\u011f\u0131 Ba\u015fl\u0131yor! - E-&Ccedil;\u0130FTL\u0130K HABER","description":"Fenerbah\u00e7e Y\u00fcksek Divan Kurulu Ba\u015fkan\u0131 M. \u015eekip Mosturo\u011flu, yapt\u0131\u011f\u0131 a\u00e7\u0131klamalarda \u00f6nemli konulara de\u011findi. Mosturo\u011flu, konu\u015fmas\u0131nda tak\u0131m\u0131n geride","robots":{"index":"index","follow":"follow","max-snippet":"max-snippet:-1","max-image-preview":"max-image-preview:large","max-video-preview":"max-video-preview:-1"},"canonical":"https:\/\/e-ciftlik.com\/haberler\/spor\/fenerbahce-yuksek-divan-kurulu-futbolda-fenerbahce-cagi-basliyor\/","og_locale":"tr_TR","og_type":"article","og_title":"Fenerbah\u00e7e Y\u00fcksek Divan Kurulu: Futbolda Fenerbah\u00e7e \u00c7a\u011f\u0131 Ba\u015fl\u0131yor!","og_description":"Fenerbah\u00e7e Y\u00fcksek Divan Kurulu Ba\u015fkan\u0131 M. \u015eekip Mosturo\u011flu, yapt\u0131\u011f\u0131 a\u00e7\u0131klamalarda \u00f6nemli konulara de\u011findi. Mosturo\u011flu, konu\u015fmas\u0131nda tak\u0131m\u0131n geride","og_url":"https:\/\/e-ciftlik.com\/haberler\/spor\/fenerbahce-yuksek-divan-kurulu-futbolda-fenerbahce-cagi-basliyor\/","og_site_name":"E-&Ccedil;\u0130FTL\u0130K HABER","article_publisher":"https:\/\/www.facebook.com\/eciftlikturkiye","article_published_time":"2025-02-19T09:13:27+00:00","og_image":[{"width":1080,"height":614,"url":"https:\/\/e-ciftlik.com\/haberler\/wp-content\/uploads\/2025\/02\/Gxu4HYC9fEKaLO32D22vZw.jpg","type":"image\/jpeg"}],"author":"Haber Merkezi","twitter_card":"summary_large_image","twitter_creator":"@eciftlikresmi","twitter_site":"@eciftlikresmi","twitter_misc":{"Yazan:":"Haber Merkezi","Tahmini okuma s\u00fcresi":"1 dakika"},"schema":{"@context":"https:\/\/schema.org","@graph":[{"@type":"NewsArticle","@id":"https:\/\/e-ciftlik.com\/haberler\/spor\/fenerbahce-yuksek-divan-kurulu-futbolda-fenerbahce-cagi-basliyor\/#article","isPartOf":{"@id":"https:\/\/e-ciftlik.com\/haberler\/spor\/fenerbahce-yuksek-divan-kurulu-futbolda-fenerbahce-cagi-basliyor\/"},"author":{"name":"Haber Merkezi","@id":"https:\/\/e-ciftlik.com\/haberler\/#\/schema\/person\/d2f4fee3143d7f72be82cb887d51b00a"},"headline":"Fenerbah\u00e7e Y\u00fcksek Divan Kurulu: Futbolda Fenerbah\u00e7e \u00c7a\u011f\u0131 Ba\u015fl\u0131yor!","datePublished":"2025-02-19T09:13:27+00:00","mainEntityOfPage":{"@id":"https:\/\/e-ciftlik.com\/haberler\/spor\/fenerbahce-yuksek-divan-kurulu-futbolda-fenerbahce-cagi-basliyor\/"},"wordCount":193,"commentCount":0,"publisher":{"@id":"https:\/\/e-ciftlik.com\/haberler\/#organization"},"image":{"@id":"https:\/\/e-ciftlik.com\/haberler\/spor\/fenerbahce-yuksek-divan-kurulu-futbolda-fenerbahce-cagi-basliyor\/#primaryimage"},"thumbnailUrl":"https:\/\/e-ciftlik.com\/haberler\/wp-content\/uploads\/2025\/02\/Gxu4HYC9fEKaLO32D22vZw.jpg","articleSection":["Spor"],"inLanguage":"tr","potentialAction":[{"@type":"CommentAction","name":"Comment","target":["https:\/\/e-ciftlik.com\/haberler\/spor\/fenerbahce-yuksek-divan-kurulu-futbolda-fenerbahce-cagi-basliyor\/#respond"]}]},{"@type":"WebPage","@id":"https:\/\/e-ciftlik.com\/haberler\/spor\/fenerbahce-yuksek-divan-kurulu-futbolda-fenerbahce-cagi-basliyor\/","url":"https:\/\/e-ciftlik.com\/haberler\/spor\/fenerbahce-yuksek-divan-kurulu-futbolda-fenerbahce-cagi-basliyor\/","name":"Fenerbah\u00e7e Y\u00fcksek Divan Kurulu: Futbolda Fenerbah\u00e7e \u00c7a\u011f\u0131 Ba\u015fl\u0131yor! - E-&Ccedil;\u0130FTL\u0130K HABER","isPartOf":{"@id":"https:\/\/e-ciftlik.com\/haberler\/#website"},"primaryImageOfPage":{"@id":"https:\/\/e-ciftlik.com\/haberler\/spor\/fenerbahce-yuksek-divan-kurulu-futbolda-fenerbahce-cagi-basliyor\/#primaryimage"},"image":{"@id":"https:\/\/e-ciftlik.com\/haberler\/spor\/fenerbahce-yuksek-divan-kurulu-futbolda-fenerbahce-cagi-basliyor\/#primaryimage"},"thumbnailUrl":"https:\/\/e-ciftlik.com\/haberler\/wp-content\/uploads\/2025\/02\/Gxu4HYC9fEKaLO32D22vZw.jpg","datePublished":"2025-02-19T09:13:27+00:00","description":"Fenerbah\u00e7e Y\u00fcksek Divan Kurulu Ba\u015fkan\u0131 M. \u015eekip Mosturo\u011flu, yapt\u0131\u011f\u0131 a\u00e7\u0131klamalarda \u00f6nemli konulara de\u011findi. Mosturo\u011flu, konu\u015fmas\u0131nda tak\u0131m\u0131n geride","breadcrumb":{"@id":"https:\/\/e-ciftlik.com\/haberler\/spor\/fenerbahce-yuksek-divan-kurulu-futbolda-fenerbahce-cagi-basliyor\/#breadcrumb"},"inLanguage":"tr","potentialAction":[{"@type":"ReadAction","target":["https:\/\/e-ciftlik.com\/haberler\/spor\/fenerbahce-yuksek-divan-kurulu-futbolda-fenerbahce-cagi-basliyor\/"]}]},{"@type":"ImageObject","inLanguage":"tr","@id":"https:\/\/e-ciftlik.com\/haberler\/spor\/fenerbahce-yuksek-divan-kurulu-futbolda-fenerbahce-cagi-basliyor\/#primaryimage","url":"https:\/\/e-ciftlik.com\/haberler\/wp-content\/uploads\/2025\/02\/Gxu4HYC9fEKaLO32D22vZw.jpg","contentUrl":"https:\/\/e-ciftlik.com\/haberler\/wp-content\/uploads\/2025\/02\/Gxu4HYC9fEKaLO32D22vZw.jpg","width":1080,"height":614},{"@type":"BreadcrumbList","@id":"https:\/\/e-ciftlik.com\/haberler\/spor\/fenerbahce-yuksek-divan-kurulu-futbolda-fenerbahce-cagi-basliyor\/#breadcrumb","itemListElement":[{"@type":"ListItem","position":1,"name":"Anasayfa","item":"https:\/\/e-ciftlik.com\/haberler\/"},{"@type":"ListItem","position":2,"name":"Fenerbah\u00e7e Y\u00fcksek Divan Kurulu: Futbolda Fenerbah\u00e7e \u00c7a\u011f\u0131 Ba\u015fl\u0131yor!"}]},{"@type":"WebSite","@id":"https:\/\/e-ciftlik.com\/haberler\/#website","url":"https:\/\/e-ciftlik.com\/haberler\/","name":"E-\u00c7iftlik Haber | G\u00fcncel, Son Dakika Haberler, En Son Haber","description":"","publisher":{"@id":"https:\/\/e-ciftlik.com\/haberler\/#organization"},"potentialAction":[{"@type":"SearchAction","target":{"@type":"EntryPoint","urlTemplate":"https:\/\/e-ciftlik.com\/haberler\/?s={search_term_string}"},"query-input":{"@type":"PropertyValueSpecification","valueRequired":true,"valueName":"search_term_string"}}],"inLanguage":"tr"},{"@type":"Organization","@id":"https:\/\/e-ciftlik.com\/haberler\/#organization","name":"E-\u00c7\u0130FTL\u0130K HABER","url":"https:\/\/e-ciftlik.com\/haberler\/","logo":{"@type":"ImageObject","inLanguage":"tr","@id":"https:\/\/e-ciftlik.com\/haberler\/#\/schema\/logo\/image\/","url":"https:\/\/e-ciftlik.com\/haberler\/wp-content\/uploads\/2024\/06\/cropped-cropped-favicon-1-2.png","contentUrl":"https:\/\/e-ciftlik.com\/haberler\/wp-content\/uploads\/2024\/06\/cropped-cropped-favicon-1-2.png","width":512,"height":512,"caption":"E-\u00c7\u0130FTL\u0130K HABER"},"image":{"@id":"https:\/\/e-ciftlik.com\/haberler\/#\/schema\/logo\/image\/"},"sameAs":["https:\/\/www.facebook.com\/eciftlikturkiye","https:\/\/x.com\/eciftlikresmi","https:\/\/www.instagram.com\/eciftlikresmi\/"]},{"@type":"Person","@id":"https:\/\/e-ciftlik.com\/haberler\/#\/schema\/person\/d2f4fee3143d7f72be82cb887d51b00a","name":"Haber Merkezi","image":{"@type":"ImageObject","inLanguage":"tr","@id":"https:\/\/secure.gravatar.com\/avatar\/6c27d641914e66c1d0452c92716002398782818991d86db1c2cccb531e7c7c82?s=96&d=mm&r=g","url":"https:\/\/secure.gravatar.com\/avatar\/6c27d641914e66c1d0452c92716002398782818991d86db1c2cccb531e7c7c82?s=96&d=mm&r=g","contentUrl":"https:\/\/secure.gravatar.com\/avatar\/6c27d641914e66c1d0452c92716002398782818991d86db1c2cccb531e7c7c82?s=96&d=mm&r=g","caption":"Haber Merkezi"},"sameAs":["http:\/\/e-ciftlik.com\/haberler"]}]}},"_links":{"self":[{"href":"https:\/\/e-ciftlik.com\/haberler\/wp-json\/wp\/v2\/posts\/81994","targetHints":{"allow":["GET"]}}],"collection":[{"href":"https:\/\/e-ciftlik.com\/haberler\/wp-json\/wp\/v2\/posts"}],"about":[{"href":"https:\/\/e-ciftlik.com\/haberler\/wp-json\/wp\/v2\/types\/post"}],"author":[{"embeddable":true,"href":"https:\/\/e-ciftlik.com\/haberler\/wp-json\/wp\/v2\/users\/1"}],"replies":[{"embeddable":true,"href":"https:\/\/e-ciftlik.com\/haberler\/wp-json\/wp\/v2\/comments?post=81994"}],"version-history":[{"count":0,"href":"https:\/\/e-ciftlik.com\/haberler\/wp-json\/wp\/v2\/posts\/81994\/revisions"}],"wp:featuredmedia":[{"embeddable":true,"href":"https:\/\/e-ciftlik.com\/haberler\/wp-json\/wp\/v2\/media\/81995"}],"wp:attachment":[{"href":"https:\/\/e-ciftlik.com\/haberler\/wp-json\/wp\/v2\/media?parent=81994"}],"wp:term":[{"taxonomy":"category","embeddable":true,"href":"https:\/\/e-ciftlik.com\/haberler\/wp-json\/wp\/v2\/categories?post=81994"},{"taxonomy":"post_tag","embeddable":true,"href":"https:\/\/e-ciftlik.com\/haberler\/wp-json\/wp\/v2\/tags?post=81994"}],"curies":[{"name":"wp","href":"https:\/\/api.w.org\/{rel}","templated":true}]}}